{"id":76046,"date":"2025-01-09T13:47:38","date_gmt":"2025-01-09T11:47:38","guid":{"rendered":"https:\/\/now-news.de\/de\/deutschland\/ukrainischer-generalstab-gesteht-schwere-lage-an-der-front-ein\/"},"modified":"2025-01-09T13:47:38","modified_gmt":"2025-01-09T11:47:38","slug":"ukrainischer-generalstab-gesteht-schwere-lage-an-der-front-ein","status":"publish","type":"post","link":"https:\/\/now-news.de\/de\/deutschland\/ukrainischer-generalstab-gesteht-schwere-lage-an-der-front-ein\/","title":{"rendered":"Ukrainischer Generalstab gesteht schwere Lage an der Front ein"},"content":{"rendered":"<p><img decoding=\"async\" src=\"https:\/\/now-news.de\/de\/wp-content\/uploads\/sites\/3\/2025\/01\/677faf5348fbef37e15fb655.png\" \/><\/p>\n<div class=\"Text-root Text-type_1 \">\n                Ukrainische Milit\u00e4rbefehlshaber verschiedener R\u00e4nge beschreiben in letzter Zeit h\u00e4ufiger die Gefechtslage an der gesamten Front des Ukraine-Krieges als kompliziert. Diesmal hat das auch der Generalstab der ukrainischen Streitkr\u00e4fte eingestanden.\n            <\/div>\n<p><\/p>\n<div class=\"Text-root Text-type_5 ArticleView-text ViewText-root \">\n<blockquote>\n<p><em>&#8220;Die Situation an der Front bleibt kompliziert.&#8221;<\/em><\/p>\n<\/blockquote>\n<p>Mit diesen Worten\u00a0hat der ukrainische Generalstab die Gefechtslage auf\u00a0dem eigenen Telegram-Kanal aus seiner Sicht <a rel=\"nofollow noopener\" target=\"_blank\" href=\"https:\/\/t.me\/GeneralStaffZSU\/19865\">beschrieben<\/a>.<\/p>\n<blockquote><\/blockquote>\n<p>Insbesondere werden Russlands Lenkgleitbomben anscheinend als ein Faktor empfunden, der diese Lage herbeif\u00fchrt und aufrechterh\u00e4lt. Angriffe mit diesen Waffen werden separat gez\u00e4hlt: Diesmal waren es\u00a0in den\u00a0vergangenen 24 Stunden 62 St\u00fcck aller Kaliber.<\/p>\n<p>Zuvor teilte die ukrainische Seite den R\u00fcckzug ihrer Truppen von den noch von ihr kontrollierten Territorien der russischen Volksrepublik Donezk mit \u2013 es gehe in Richtung des Gebietes Dnjepropetrowsk, &#8220;an die letzte verbleibende Verteidigungslinie&#8221; an diesem Frontabschnitt.<\/p>\n<p>Diese Entwicklung muss unter anderem als Folge der Befreiung von Kurachowo\u00a0betrachtet\u00a0werden, einer Stadt an der westlichen Grenze der DVR, die vom ukrainischen Milit\u00e4r zu einem befestigten Raum des Kalibers Awdejewka oder Ugledar ausgebaut worden war. Diesen Vergleich stellt das Donezker Republikoberhaupt Denis Puschilin auf \u2013 und er\u00a0<a rel=\"nofollow noopener\" target=\"_blank\" href=\"https:\/\/ria.ru\/20250109\/pushilin-1992899698.html\">f\u00fchrt dazu weiter aus<\/a>: In seinen Versuchen, diese Ortschaft zu halten, habe Kiew dort insgesamt um die 15.000 K\u00e4mpfer disloziert gehalten.<\/p>\n<p>Ukrainische Befehlshaber verschiedenen Ranges beschreiben die operative wie die taktische Gefechtslage in der letzten Zeit immer wieder als kompliziert \u2013 nicht zuletzt der milit\u00e4rische Befehlshaber der ukrainischen Streitkr\u00e4fte, Alexander Syrski, im Gespr\u00e4ch mit dem Leiter des Verteidigungsstabes Gro\u00dfbritanniens, Tony Radakin, am 19. Dezember 2024.<\/p>\n<p><strong>Mehr zum Thema<\/strong>\u00a0\u2013 <a rel=\"nofollow noopener\" target=\"_blank\" href=\"https:\/\/freedert.online\/meinung\/231704-staatsterror-als-rache-fuer-ukraine\/\">Staatsterror als Rache f\u00fcr die Ukraine: Der Westen tut das Undenkbare<\/a><\/p>\n<\/p>\n<div class=\"EmbedBlock-root EmbedBlock-externalVideo EmbedBlock-rumble\">\n<div class=\"VkEmbed\"><iframe class=\"lazyload\" data-src=\"https:\/\/rumble.com\/embed\/v64nvxy\" frameborder=\"0\" width=\"853\" height=\"480\" allowfullscreen><\/iframe><\/div>\n<\/div>\n<\/div>\n<p><br \/>\n<br \/><a href=\"https:\/\/de.rt.com\/europa\/232235-ukrainischer-generalstab-gibt-schwere-lage-front-zu\/\">Source link <\/a><\/p>\n","protected":false},"excerpt":{"rendered":"<p>Ukrainische Milit\u00e4rbefehlshaber verschiedener R\u00e4nge beschreiben in letzter Zeit h\u00e4ufiger die Gefechtslage an der gesamten Front des Ukraine-Krieges als kompliziert. Diesmal hat das auch der Generalstab der ukrainischen Streitkr\u00e4fte eingestanden. &#8220;Die Situation an der Front bleibt kompliziert.&#8221; Mit diesen Worten\u00a0hat der ukrainische Generalstab die Gefechtslage auf\u00a0dem eigenen Telegram-Kanal aus seiner Sicht beschrieben. Insbesondere werden Russlands Lenkgleitbomben [&hellip;]<\/p>\n","protected":false},"author":3,"featured_media":76047,"comment_status":"open","ping_status":"open","sticky":false,"template":"","format":"standard","meta":{"_yoast_indexnow_last_ping":["1736423571"],"wp_automatic_camp":["217"],"e931ad93bf8ae4b9e871f971a13c7d01":["Ukrainischer Generalstab gesteht schwere Lage an der Front ein"],"original_link":["https:\/\/de.rt.com\/europa\/232235-ukrainischer-generalstab-gibt-schwere-lage-front-zu\/"],"_thumbnail_id":["76047"],"_wptgpro_p2tg_sent2tg":["a:1:{i:23737;s:19:\"2025-01-09 13:54:05\";}"],"jnews_social_counter_last_update":["1777412413"]},"categories":[19,23],"tags":[82,357,10227,489,24666,525,1431,488],"yoast_head":"<!-- This site is optimized with the Yoast SEO Premium plugin v22.7 (Yoast SEO v22.7) - https:\/\/yoast.com\/wordpress\/plugins\/seo\/ -->\n<title>Ukrainischer Generalstab gesteht schwere Lage an der Front ein - just-now.NEWS Deutschland<\/title>\n<meta name=\"robots\" content=\"index, follow, max-snippet:-1, max-image-preview:large, max-video-preview:-1\" \/>\n<link rel=\"canonical\" href=\"https:\/\/now-news.de\/de\/deutschland\/ukrainischer-generalstab-gesteht-schwere-lage-an-der-front-ein\/\" \/>\n<meta property=\"og:locale\" content=\"de_DE\" \/>\n<meta property=\"og:type\" content=\"article\" \/>\n<meta property=\"og:title\" content=\"Ukrainischer Generalstab gesteht schwere Lage an der Front ein\" \/>\n<meta property=\"og:description\" content=\"Ukrainische Milit\u00e4rbefehlshaber verschiedener R\u00e4nge beschreiben in letzter Zeit h\u00e4ufiger die Gefechtslage an der gesamten Front des Ukraine-Krieges als kompliziert. Diesmal hat das auch der Generalstab der ukrainischen Streitkr\u00e4fte eingestanden. &#8220;Die Situation an der Front bleibt kompliziert.&#8221; Mit diesen Worten\u00a0hat der ukrainische Generalstab die Gefechtslage auf\u00a0dem eigenen Telegram-Kanal aus seiner Sicht beschrieben. Insbesondere werden Russlands Lenkgleitbomben [&hellip;]\" \/>\n<meta property=\"og:url\" content=\"https:\/\/now-news.de\/de\/deutschland\/ukrainischer-generalstab-gesteht-schwere-lage-an-der-front-ein\/\" \/>\n<meta property=\"og:site_name\" content=\"just-now.NEWS Deutschland\" \/>\n<meta property=\"article:publisher\" content=\"https:\/\/www.facebook.com\/wirmachenauf\" \/>\n<meta property=\"article:published_time\" content=\"2025-01-09T11:47:38+00:00\" \/>\n<meta property=\"og:image\" content=\"https:\/\/now-news.de\/de\/wp-content\/uploads\/sites\/3\/2025\/01\/677faf5348fbef37e15fb655.png\" \/>\n<meta name=\"author\" content=\"rtnews\" \/>\n<meta name=\"twitter:card\" content=\"summary_large_image\" \/>\n<meta name=\"twitter:creator\" content=\"@WirMachenAuf_de\" \/>\n<meta name=\"twitter:site\" content=\"@WirMachenAuf_de\" \/>\n<meta name=\"twitter:label1\" content=\"Verfasst von\" \/>\n\t<meta name=\"twitter:data1\" content=\"rtnews\" \/>\n\t<meta name=\"twitter:label2\" content=\"Gesch\u00e4tzte Lesezeit\" \/>\n\t<meta name=\"twitter:data2\" content=\"1\u00a0Minute\" \/>\n<script type=\"application\/ld+json\" class=\"yoast-schema-graph\">{\"@context\":\"https:\/\/schema.org\",\"@graph\":[{\"@type\":\"Article\",\"@id\":\"https:\/\/now-news.de\/de\/deutschland\/ukrainischer-generalstab-gesteht-schwere-lage-an-der-front-ein\/#article\",\"isPartOf\":{\"@id\":\"https:\/\/now-news.de\/de\/deutschland\/ukrainischer-generalstab-gesteht-schwere-lage-an-der-front-ein\/\"},\"author\":{\"name\":\"rtnews\",\"@id\":\"https:\/\/now-news.de\/de\/#\/schema\/person\/fb534a4e865501d8b3285208df34a9b5\"},\"headline\":\"Ukrainischer Generalstab gesteht schwere Lage an der Front ein\",\"datePublished\":\"2025-01-09T11:47:38+00:00\",\"dateModified\":\"2025-01-09T11:47:38+00:00\",\"mainEntityOfPage\":{\"@id\":\"https:\/\/now-news.de\/de\/deutschland\/ukrainischer-generalstab-gesteht-schwere-lage-an-der-front-ein\/\"},\"wordCount\":273,\"commentCount\":0,\"publisher\":{\"@id\":\"https:\/\/now-news.de\/de\/#organization\"},\"image\":{\"@id\":\"https:\/\/now-news.de\/de\/deutschland\/ukrainischer-generalstab-gesteht-schwere-lage-an-der-front-ein\/#primaryimage\"},\"thumbnailUrl\":\"https:\/\/now-news.de\/de\/wp-content\/uploads\/sites\/3\/2025\/01\/Ukrainischer-Generalstab-gesteht-schwere-Lage-an-der-Front-ein.png\",\"keywords\":[\"der\",\"ein\",\"Front\",\"Generalstab\",\"gesteht\",\"Lage\",\"schwere\",\"Ukrainischer\"],\"articleSection\":[\"Deutschland\",\"Russland\"],\"inLanguage\":\"de\",\"potentialAction\":[{\"@type\":\"CommentAction\",\"name\":\"Comment\",\"target\":[\"https:\/\/now-news.de\/de\/deutschland\/ukrainischer-generalstab-gesteht-schwere-lage-an-der-front-ein\/#respond\"]}]},{\"@type\":\"WebPage\",\"@id\":\"https:\/\/now-news.de\/de\/deutschland\/ukrainischer-generalstab-gesteht-schwere-lage-an-der-front-ein\/\",\"url\":\"https:\/\/now-news.de\/de\/deutschland\/ukrainischer-generalstab-gesteht-schwere-lage-an-der-front-ein\/\",\"name\":\"Ukrainischer Generalstab gesteht schwere Lage an der Front ein - just-now.NEWS Deutschland\",\"isPartOf\":{\"@id\":\"https:\/\/now-news.de\/de\/#website\"},\"primaryImageOfPage\":{\"@id\":\"https:\/\/now-news.de\/de\/deutschland\/ukrainischer-generalstab-gesteht-schwere-lage-an-der-front-ein\/#primaryimage\"},\"image\":{\"@id\":\"https:\/\/now-news.de\/de\/deutschland\/ukrainischer-generalstab-gesteht-schwere-lage-an-der-front-ein\/#primaryimage\"},\"thumbnailUrl\":\"https:\/\/now-news.de\/de\/wp-content\/uploads\/sites\/3\/2025\/01\/Ukrainischer-Generalstab-gesteht-schwere-Lage-an-der-Front-ein.png\",\"datePublished\":\"2025-01-09T11:47:38+00:00\",\"dateModified\":\"2025-01-09T11:47:38+00:00\",\"breadcrumb\":{\"@id\":\"https:\/\/now-news.de\/de\/deutschland\/ukrainischer-generalstab-gesteht-schwere-lage-an-der-front-ein\/#breadcrumb\"},\"inLanguage\":\"de\",\"potentialAction\":[{\"@type\":\"ReadAction\",\"target\":[\"https:\/\/now-news.de\/de\/deutschland\/ukrainischer-generalstab-gesteht-schwere-lage-an-der-front-ein\/\"]}]},{\"@type\":\"ImageObject\",\"inLanguage\":\"de\",\"@id\":\"https:\/\/now-news.de\/de\/deutschland\/ukrainischer-generalstab-gesteht-schwere-lage-an-der-front-ein\/#primaryimage\",\"url\":\"https:\/\/now-news.de\/de\/wp-content\/uploads\/sites\/3\/2025\/01\/Ukrainischer-Generalstab-gesteht-schwere-Lage-an-der-Front-ein.png\",\"contentUrl\":\"https:\/\/now-news.de\/de\/wp-content\/uploads\/sites\/3\/2025\/01\/Ukrainischer-Generalstab-gesteht-schwere-Lage-an-der-Front-ein.png\",\"width\":460,\"height\":259,\"caption\":\"Ukrainischer Generalstab gesteht schwere Lage an der Front ein\"},{\"@type\":\"BreadcrumbList\",\"@id\":\"https:\/\/now-news.de\/de\/deutschland\/ukrainischer-generalstab-gesteht-schwere-lage-an-der-front-ein\/#breadcrumb\",\"itemListElement\":[{\"@type\":\"ListItem\",\"position\":1,\"name\":\"Home\",\"item\":\"https:\/\/now-news.de\/de\/\"},{\"@type\":\"ListItem\",\"position\":2,\"name\":\"Ukrainischer Generalstab gesteht schwere Lage an der Front ein\"}]},{\"@type\":\"WebSite\",\"@id\":\"https:\/\/now-news.de\/de\/#website\",\"url\":\"https:\/\/now-news.de\/de\/\",\"name\":\"just-now.NEWS Deutschland\",\"description\":\"Das Portal f\u00fcr unzensierte Nachrichten aus der Welt\",\"publisher\":{\"@id\":\"https:\/\/now-news.de\/de\/#organization\"},\"potentialAction\":[{\"@type\":\"SearchAction\",\"target\":{\"@type\":\"EntryPoint\",\"urlTemplate\":\"https:\/\/now-news.de\/de\/?s={search_term_string}\"},\"query-input\":\"required name=search_term_string\"}],\"inLanguage\":\"de\"},{\"@type\":\"Organization\",\"@id\":\"https:\/\/now-news.de\/de\/#organization\",\"name\":\"Just Now News\",\"url\":\"https:\/\/now-news.de\/de\/\",\"logo\":{\"@type\":\"ImageObject\",\"inLanguage\":\"de\",\"@id\":\"https:\/\/now-news.de\/de\/#\/schema\/logo\/image\/\",\"url\":\"http:\/\/just-now.news\/de\/wp-content\/uploads\/sites\/3\/2022\/04\/logo500x500.jpg\",\"contentUrl\":\"http:\/\/just-now.news\/de\/wp-content\/uploads\/sites\/3\/2022\/04\/logo500x500.jpg\",\"width\":500,\"height\":500,\"caption\":\"Just Now News\"},\"image\":{\"@id\":\"https:\/\/now-news.de\/de\/#\/schema\/logo\/image\/\"},\"sameAs\":[\"https:\/\/www.facebook.com\/wirmachenauf\",\"https:\/\/x.com\/WirMachenAuf_de\"]},{\"@type\":\"Person\",\"@id\":\"https:\/\/now-news.de\/de\/#\/schema\/person\/fb534a4e865501d8b3285208df34a9b5\",\"name\":\"rtnews\",\"image\":{\"@type\":\"ImageObject\",\"inLanguage\":\"de\",\"@id\":\"https:\/\/now-news.de\/de\/#\/schema\/person\/image\/\",\"url\":\"https:\/\/secure.gravatar.com\/avatar\/82aafea7d8127119dd649515f56e2117?s=96&d=mm&r=g\",\"contentUrl\":\"https:\/\/secure.gravatar.com\/avatar\/82aafea7d8127119dd649515f56e2117?s=96&d=mm&r=g\",\"caption\":\"rtnews\"},\"url\":\"https:\/\/now-news.de\/de\/author\/rnews\/\"}]}<\/script>\n<!-- \/ Yoast SEO Premium plugin. -->","yoast_head_json":{"title":"Ukrainischer Generalstab gesteht schwere Lage an der Front ein - just-now.NEWS Deutschland","robots":{"index":"index","follow":"follow","max-snippet":"max-snippet:-1","max-image-preview":"max-image-preview:large","max-video-preview":"max-video-preview:-1"},"canonical":"https:\/\/now-news.de\/de\/deutschland\/ukrainischer-generalstab-gesteht-schwere-lage-an-der-front-ein\/","og_locale":"de_DE","og_type":"article","og_title":"Ukrainischer Generalstab gesteht schwere Lage an der Front ein","og_description":"Ukrainische Milit\u00e4rbefehlshaber verschiedener R\u00e4nge beschreiben in letzter Zeit h\u00e4ufiger die Gefechtslage an der gesamten Front des Ukraine-Krieges als kompliziert. Diesmal hat das auch der Generalstab der ukrainischen Streitkr\u00e4fte eingestanden. &#8220;Die Situation an der Front bleibt kompliziert.&#8221; Mit diesen Worten\u00a0hat der ukrainische Generalstab die Gefechtslage auf\u00a0dem eigenen Telegram-Kanal aus seiner Sicht beschrieben. Insbesondere werden Russlands Lenkgleitbomben [&hellip;]","og_url":"https:\/\/now-news.de\/de\/deutschland\/ukrainischer-generalstab-gesteht-schwere-lage-an-der-front-ein\/","og_site_name":"just-now.NEWS Deutschland","article_publisher":"https:\/\/www.facebook.com\/wirmachenauf","article_published_time":"2025-01-09T11:47:38+00:00","og_image":[{"url":"https:\/\/now-news.de\/de\/wp-content\/uploads\/sites\/3\/2025\/01\/677faf5348fbef37e15fb655.png"}],"author":"rtnews","twitter_card":"summary_large_image","twitter_creator":"@WirMachenAuf_de","twitter_site":"@WirMachenAuf_de","twitter_misc":{"Verfasst von":"rtnews","Gesch\u00e4tzte Lesezeit":"1\u00a0Minute"},"schema":{"@context":"https:\/\/schema.org","@graph":[{"@type":"Article","@id":"https:\/\/now-news.de\/de\/deutschland\/ukrainischer-generalstab-gesteht-schwere-lage-an-der-front-ein\/#article","isPartOf":{"@id":"https:\/\/now-news.de\/de\/deutschland\/ukrainischer-generalstab-gesteht-schwere-lage-an-der-front-ein\/"},"author":{"name":"rtnews","@id":"https:\/\/now-news.de\/de\/#\/schema\/person\/fb534a4e865501d8b3285208df34a9b5"},"headline":"Ukrainischer Generalstab gesteht schwere Lage an der Front ein","datePublished":"2025-01-09T11:47:38+00:00","dateModified":"2025-01-09T11:47:38+00:00","mainEntityOfPage":{"@id":"https:\/\/now-news.de\/de\/deutschland\/ukrainischer-generalstab-gesteht-schwere-lage-an-der-front-ein\/"},"wordCount":273,"commentCount":0,"publisher":{"@id":"https:\/\/now-news.de\/de\/#organization"},"image":{"@id":"https:\/\/now-news.de\/de\/deutschland\/ukrainischer-generalstab-gesteht-schwere-lage-an-der-front-ein\/#primaryimage"},"thumbnailUrl":"https:\/\/now-news.de\/de\/wp-content\/uploads\/sites\/3\/2025\/01\/Ukrainischer-Generalstab-gesteht-schwere-Lage-an-der-Front-ein.png","keywords":["der","ein","Front","Generalstab","gesteht","Lage","schwere","Ukrainischer"],"articleSection":["Deutschland","Russland"],"inLanguage":"de","potentialAction":[{"@type":"CommentAction","name":"Comment","target":["https:\/\/now-news.de\/de\/deutschland\/ukrainischer-generalstab-gesteht-schwere-lage-an-der-front-ein\/#respond"]}]},{"@type":"WebPage","@id":"https:\/\/now-news.de\/de\/deutschland\/ukrainischer-generalstab-gesteht-schwere-lage-an-der-front-ein\/","url":"https:\/\/now-news.de\/de\/deutschland\/ukrainischer-generalstab-gesteht-schwere-lage-an-der-front-ein\/","name":"Ukrainischer Generalstab gesteht schwere Lage an der Front ein - just-now.NEWS Deutschland","isPartOf":{"@id":"https:\/\/now-news.de\/de\/#website"},"primaryImageOfPage":{"@id":"https:\/\/now-news.de\/de\/deutschland\/ukrainischer-generalstab-gesteht-schwere-lage-an-der-front-ein\/#primaryimage"},"image":{"@id":"https:\/\/now-news.de\/de\/deutschland\/ukrainischer-generalstab-gesteht-schwere-lage-an-der-front-ein\/#primaryimage"},"thumbnailUrl":"https:\/\/now-news.de\/de\/wp-content\/uploads\/sites\/3\/2025\/01\/Ukrainischer-Generalstab-gesteht-schwere-Lage-an-der-Front-ein.png","datePublished":"2025-01-09T11:47:38+00:00","dateModified":"2025-01-09T11:47:38+00:00","breadcrumb":{"@id":"https:\/\/now-news.de\/de\/deutschland\/ukrainischer-generalstab-gesteht-schwere-lage-an-der-front-ein\/#breadcrumb"},"inLanguage":"de","potentialAction":[{"@type":"ReadAction","target":["https:\/\/now-news.de\/de\/deutschland\/ukrainischer-generalstab-gesteht-schwere-lage-an-der-front-ein\/"]}]},{"@type":"ImageObject","inLanguage":"de","@id":"https:\/\/now-news.de\/de\/deutschland\/ukrainischer-generalstab-gesteht-schwere-lage-an-der-front-ein\/#primaryimage","url":"https:\/\/now-news.de\/de\/wp-content\/uploads\/sites\/3\/2025\/01\/Ukrainischer-Generalstab-gesteht-schwere-Lage-an-der-Front-ein.png","contentUrl":"https:\/\/now-news.de\/de\/wp-content\/uploads\/sites\/3\/2025\/01\/Ukrainischer-Generalstab-gesteht-schwere-Lage-an-der-Front-ein.png","width":460,"height":259,"caption":"Ukrainischer Generalstab gesteht schwere Lage an der Front ein"},{"@type":"BreadcrumbList","@id":"https:\/\/now-news.de\/de\/deutschland\/ukrainischer-generalstab-gesteht-schwere-lage-an-der-front-ein\/#breadcrumb","itemListElement":[{"@type":"ListItem","position":1,"name":"Home","item":"https:\/\/now-news.de\/de\/"},{"@type":"ListItem","position":2,"name":"Ukrainischer Generalstab gesteht schwere Lage an der Front ein"}]},{"@type":"WebSite","@id":"https:\/\/now-news.de\/de\/#website","url":"https:\/\/now-news.de\/de\/","name":"just-now.NEWS Deutschland","description":"Das Portal f\u00fcr unzensierte Nachrichten aus der Welt","publisher":{"@id":"https:\/\/now-news.de\/de\/#organization"},"potentialAction":[{"@type":"SearchAction","target":{"@type":"EntryPoint","urlTemplate":"https:\/\/now-news.de\/de\/?s={search_term_string}"},"query-input":"required name=search_term_string"}],"inLanguage":"de"},{"@type":"Organization","@id":"https:\/\/now-news.de\/de\/#organization","name":"Just Now News","url":"https:\/\/now-news.de\/de\/","logo":{"@type":"ImageObject","inLanguage":"de","@id":"https:\/\/now-news.de\/de\/#\/schema\/logo\/image\/","url":"http:\/\/just-now.news\/de\/wp-content\/uploads\/sites\/3\/2022\/04\/logo500x500.jpg","contentUrl":"http:\/\/just-now.news\/de\/wp-content\/uploads\/sites\/3\/2022\/04\/logo500x500.jpg","width":500,"height":500,"caption":"Just Now News"},"image":{"@id":"https:\/\/now-news.de\/de\/#\/schema\/logo\/image\/"},"sameAs":["https:\/\/www.facebook.com\/wirmachenauf","https:\/\/x.com\/WirMachenAuf_de"]},{"@type":"Person","@id":"https:\/\/now-news.de\/de\/#\/schema\/person\/fb534a4e865501d8b3285208df34a9b5","name":"rtnews","image":{"@type":"ImageObject","inLanguage":"de","@id":"https:\/\/now-news.de\/de\/#\/schema\/person\/image\/","url":"https:\/\/secure.gravatar.com\/avatar\/82aafea7d8127119dd649515f56e2117?s=96&d=mm&r=g","contentUrl":"https:\/\/secure.gravatar.com\/avatar\/82aafea7d8127119dd649515f56e2117?s=96&d=mm&r=g","caption":"rtnews"},"url":"https:\/\/now-news.de\/de\/author\/rnews\/"}]}},"_links":{"self":[{"href":"https:\/\/now-news.de\/de\/wp-json\/wp\/v2\/posts\/76046"}],"collection":[{"href":"https:\/\/now-news.de\/de\/wp-json\/wp\/v2\/posts"}],"about":[{"href":"https:\/\/now-news.de\/de\/wp-json\/wp\/v2\/types\/post"}],"author":[{"embeddable":true,"href":"https:\/\/now-news.de\/de\/wp-json\/wp\/v2\/users\/3"}],"replies":[{"embeddable":true,"href":"https:\/\/now-news.de\/de\/wp-json\/wp\/v2\/comments?post=76046"}],"version-history":[{"count":0,"href":"https:\/\/now-news.de\/de\/wp-json\/wp\/v2\/posts\/76046\/revisions"}],"wp:featuredmedia":[{"embeddable":true,"href":"https:\/\/now-news.de\/de\/wp-json\/wp\/v2\/media\/76047"}],"wp:attachment":[{"href":"https:\/\/now-news.de\/de\/wp-json\/wp\/v2\/media?parent=76046"}],"wp:term":[{"taxonomy":"category","embeddable":true,"href":"https:\/\/now-news.de\/de\/wp-json\/wp\/v2\/categories?post=76046"},{"taxonomy":"post_tag","embeddable":true,"href":"https:\/\/now-news.de\/de\/wp-json\/wp\/v2\/tags?post=76046"}],"curies":[{"name":"wp","href":"https:\/\/api.w.org\/{rel}","templated":true}]}}