{"id":76016,"date":"2025-01-09T07:45:17","date_gmt":"2025-01-09T05:45:17","guid":{"rendered":"https:\/\/now-news.de\/de\/deutschland\/trumps-griff-nach-groenland-hat-die-aufteilung-europas-begonnen\/"},"modified":"2025-01-09T07:45:17","modified_gmt":"2025-01-09T05:45:17","slug":"trumps-griff-nach-groenland-hat-die-aufteilung-europas-begonnen","status":"publish","type":"post","link":"https:\/\/now-news.de\/de\/deutschland\/trumps-griff-nach-groenland-hat-die-aufteilung-europas-begonnen\/","title":{"rendered":"Trumps Griff nach Gr\u00f6nland \u2013 hat die Aufteilung Europas begonnen?"},"content":{"rendered":"<p><img decoding=\"async\" src=\"https:\/\/now-news.de\/de\/wp-content\/uploads\/sites\/3\/2025\/01\/677ebf24b480cc4f9b6d37af.jpg\" \/><\/p>\n<div class=\"Text-root Text-type_1 \">\n                Brutal ist das arme Europa aus seinen s\u00fc\u00dfen Tr\u00e4umen herausgerissen worden. Ausgerechnet in den Armen des skrupellosen US-Imperialisten war es wohlig sicher eingeschlafen. Europas Nihilismus in Bezug auf das V\u00f6lkerrecht und seine Fixierung auf die Zerst\u00f6rung Russlands haben den Weg in den Untergang bereitet.\n            <\/div>\n<p><\/p>\n<div class=\"Text-root Text-type_5 ArticleView-text ViewText-root \">\n<p><em>Von Rainer Rupp<\/em><\/p>\n<p>Kaum hatte der US-Pr\u00e4sident in spe, Donald Trump, am Wochenende seine W\u00fcnsche zur Annexion Gr\u00f6nlands in einer langatmigen Pressekonferenz in seinem Anwesen in Florida ausgesprochen, da landete zwei Tage sp\u00e4ter, am 7. Januar, bereits sein Sohn Donald Junior im unternehmenseigenen Boeing Passagierjet auf einer Piste in dem eisigen territorialen Objekt der Trumpschen Begierde. Gegen die entsetzten Kommentare aus D\u00e4nemark, das bisher Gr\u00f6nland als Autonome Region verwaltet und wie sein nationales Territorium behandelt hat, hat Trump die Drohung mit maximalen Z\u00f6llen auf d\u00e4nische Exporte in die USA in Stellung gebracht.<\/p>\n<p>Allerdings ist anzumerken, dass der Umgang der d\u00e4nischen Verwaltung mit der einheimischen Inuit-Bev\u00f6lkerung eher zu einem kolonialen Verh\u00e4ltnis passt als zu einer gleichberechtigten Region in einem Nationalstaat. Unter der einheimischen, aber zahlenm\u00e4\u00dfig kleinen Inuit-Bev\u00f6lkerung gibt es seit einigen Jahren ganz offen Forderungen nach mehr Eigenst\u00e4ndigkeit und sogar nach Unabh\u00e4ngigkeit von D\u00e4nemark. Denn in Kopenhagen wird entschieden, was gut f\u00fcr Gr\u00f6nland ist.<\/p>\n<p>Die Entscheidung vor sechs Jahren, die Inuit-Sprache der Vertreter Gr\u00f6nlands im d\u00e4nischen Parlament zu verbannen, indem keine Dolmetscher mehr zur Verf\u00fcgung standen und alle Dokumente nur noch in d\u00e4nischer Sprache verfasst waren, hat die Lust auf Unabh\u00e4ngigkeit unter den Inuit in Gr\u00f6nland nur noch verst\u00e4rkt. In dieser regional angespannten Situation kommt nun Trumps Angebot, Gr\u00f6nland zu kaufen, verbunden mit der Drohung gen Kopenhagen, den Verkauf mit Sanktionen zu erzwingen.<\/p>\n<p>Zugleich bietet die soziale und politische Situation der Inuit in Gr\u00f6nland f\u00fcr Trump eine ideale Ausgangsposition, um eine starke Sezessionsbewegung in Gr\u00f6nland in Gang zu setzen. US-Geheimdienste bringen diesbez\u00fcglich viel Erfahrung mit. Letztlich aber wird alles vom Kaufpreis und von weiteren, nicht monet\u00e4ren Angeboten Trumps an die einheimische Bev\u00f6lkerung abh\u00e4ngen.<\/p>\n<p>Derweil haben etliche EU-Europ\u00e4er aus den Regierungen der Mitgliedsl\u00e4nder mit verschiedenen Stellungnahmen auf Trumps Pl\u00e4ne reagiert. Das zeigt, dass man im EU-Rat und auch in der EU-Kommission noch zu keiner einheitlichen europ\u00e4ischen Meinung gekommen ist. Der Grund daf\u00fcr d\u00fcrfte in der Sorge liegen, Trump nicht noch zus\u00e4tzlich zu ver\u00e4rgern und seinen Zorn auf die eigene Regierung zu lenken.<\/p>\n<p>Berichten auf sozialen Medien und in der Presse zufolge h\u00e4tten franz\u00f6sische Regierungsvertreter klargemacht, dass die EU ihre Grenzen verteidigen m\u00fcsse (Gr\u00f6nland ist jedoch kein Teil der EU). Der franz\u00f6sische Au\u00dfenminister Jean-No\u00ebl Barrot habe betont, dass Europa sich &#8220;weiter st\u00e4rken&#8221; m\u00fcsse, um auf solche Herausforderungen zu reagieren. Das ist allerdings ein Eingest\u00e4ndnis des Nichtstuns. Denn es sagt, dass die Europ\u00e4er jetzt nichts tun k\u00f6nnen, erst irgendwann in der Zukunft, wenn sie st\u00e4rker sind.<\/p>\n<p>Auch in anderen L\u00e4ndern der EU soll es Berichten zufolge Stimmen geben, die zumindest verbal D\u00e4nemark unterst\u00fctzen. Einige Kommentare, vor allem wieder in franz\u00f6sischen Medien, beschw\u00f6ren die EU, dass die Bedrohung souver\u00e4ner Grenzen durch Trump nicht toleriert werden d\u00fcrfte. Aber letztlich wird der von Trump erniedrigten EU nichts anderes \u00fcbrigbleiben, als die Riesenkr\u00f6te zu schlucken.<\/p>\n<p>In diese Falle haben sich die EU-L\u00e4nder als US-Vasallen letztlich selbst hineinman\u00f6vriert. Was das f\u00fcr Europa bedeutet, hat der franz\u00f6sische Gesch\u00e4ftsmann und international bekannte Blogger und Kritiker westlicher China- und Russlandpolitik, Arnaud Bertrand, in einem aktuellen,\u00a0<a rel=\"nofollow noopener\" target=\"_blank\" href=\"https:\/\/threadreaderapp.com\/thread\/1876794708212736085.html\">zutreffenden Kommentar<\/a>\u00a0dargelegt, aus dem ich nachfolgende Ausz\u00fcge \u00fcbersetzt habe:<\/p>\n<p><strong><\/strong><strong>Kommentar von Arnaud Bertrand:<\/strong><\/p>\n<p>Falls Sie noch nicht davon \u00fcberzeugt waren, dass Europa in sein Jahrhundert der Dem\u00fctigung eingetreten ist, sollte Trumps j\u00fcngste Aktion Anlass genug sein: Trump sagt, dass die USA Gr\u00f6nland &#8220;f\u00fcr Zwecke der nationalen Sicherheit&#8221; und &#8220;f\u00fcr die freie Welt&#8221; ben\u00f6tigen. Und er behauptet, dass &#8220;die Menschen\u00a0in der Tat nicht einmal wissen, ob D\u00e4nemark ein verbrieftes Recht darauf hat&#8221; (was zu 100 Prozent falsch ist).<\/p>\n<p>W\u00fcrde Trump es jemals wagen, das in Bezug auf chinesisches oder russisches Territorium zu sagen? Nicht in einer Million Jahren. Aber er sieht, dass Europa nicht nur schwach ist, sondern sich auch in einer absolut katastrophalen strategischen Lage befindet, in der es von ihm &#8220;verteidigt&#8221; wird! Das bedeutet, dass Europa effektiv in einem Schutzgeldsystem\u00a0nach Mafia-Art gefangen ist und kurz davorsteht, den alten geopolitischen Grundsatz wieder zu erlernen: &#8220;Die Starken tun, was sie k\u00f6nnen, und die Schwachen erleiden, was sie m\u00fcssen&#8221;, der dem alten Griechen Thukydides zugeschrieben wird.<\/p>\n<p>Trumps Erkl\u00e4rung trieft von Ironie, angefangen\u00a0bei seiner Behauptung, die &#8220;freie Welt&#8221; durch territoriale Annexion zu sch\u00fctzen. Die zweite Ironie ist, dass Europas hysterische Fixierung auf den russischen Imperialismus \u2013 mehr Phantom als Realit\u00e4t angesichts\u00a0der von Russland gezeigten\u00a0Aktionen \u2013 dazu gef\u00fchrt hat, dass Europa in den Armen eines waschechten Imperialisten eingeschlummert ist, der nun ganz nebenbei\u00a0die Frage angeht, wie man es am besten aufteilen kann.<\/p>\n<p>Zu guter Letzt, und wahrscheinlich die gr\u00f6\u00dfte Ironie: Niemand auf der ganzen Welt wird sich daf\u00fcr interessieren, was mit Europa passiert, wegen Europas Doppelmoral und Heuchelei in seinen eigenen Beziehungen zur restlichen Welt, insbesondere zu Gaza. Seit Beginn des Gaza-Konflikts habe ich immer wieder daran erinnert, dass die schlimmste Konsequenz des europ\u00e4ischen Verhaltens in Bezug auf Gaza und Israel das Ende jeder Vorstellung einer globalen Ordnung auf der Grundlage des V\u00f6lkerrechts sein w\u00fcrde. Und genau da sind wir jetzt angekommen, mitten in Europa. Indem Europa f\u00fcr jeden ersichtlich auf seine hohen Prinzipien verzichtet hat, hat es im Wesentlichen das Prinzip des Dschungels als seine Handlungsmaxime best\u00e4tigt, n\u00e4mlich &#8220;Macht ist Recht&#8221;. Ein monumentaler Fehler, wenn man selbst nicht m\u00e4chtig ist.<\/p>\n<p>Europas F\u00fchrer (wenn man sie so nennen kann), haben in ihrer Eilfertigkeit, &#8220;gute Verb\u00fcndete&#8221; zu sein, die Verletzung des V\u00f6lkerrechts in Gaza unterst\u00fctzt, und damit haben sie de facto die M\u00f6glichkeit der zuk\u00fcnftigen Zerst\u00fcckelung ihres eigenen Kontinents unterschrieben. Sie haben vergessen, dass Prinzipien keine moralischen Luxusg\u00fcter sind \u2013 sie sind praktische Schutzschilde, und sobald diese Schilde f\u00fcr andere gebrochen sind, sch\u00fctzen sie auch einen selbst nicht mehr.<\/p>\n<p>Dieses Vergessen ist besonders sch\u00e4ndlich angesichts von Europas eigener Geschichte. Denn wir haben das schon viele Male zuvor gesehen, und vielleicht das auff\u00e4lligste Beispiel ist die Reaktion \u2013 oder das Fehlen einer solchen \u2013 auf Mussolinis Invasion in \u00c4thiopien im Jahr 1935, die hunderttausende \u00e4thiopische Todesopfer zur Folge hatte. Obwohl \u00c4thiopien Mitglied des V\u00f6lkerbunds war, des Vorl\u00e4ufers der UNO, der genau solche Aggressionen verhindern sollte, entschieden sich die Gro\u00dfm\u00e4chte, ihre europ\u00e4ische Macht zu sch\u00fctzen, anstatt das V\u00f6lkerrecht aufrechtzuerhalten. Mit den Konsequenzen, die wir alle kennen: dem Tod des V\u00f6lkerbunds und der klaren Botschaft an andere europ\u00e4ische M\u00e4chte, dass die Jagd auf schw\u00e4chere Nationen und V\u00f6lker offiziell wieder er\u00f6ffnet war. Innerhalb weniger Monate danach begann Hitler mit der Remilitarisierung des Rheinlands.<\/p>\n<p>Das Jahrhundert der Dem\u00fctigung, in das Europa eingetreten ist, hat eine einzigartige, selbstverschuldete Qualit\u00e4t, die aus seiner eigenen moralischen Korruption und strategischen Kurzsichtigkeit resultiert. Im Gegensatz zu China, das zumindest behaupten konnte, vom europ\u00e4ischen Imperialismus \u00fcberrascht worden zu sein, beteiligt sich Europa aktiv daran, die rechtlichen Schutzschilde zu demontieren, die es vor st\u00e4rkeren M\u00e4chten sch\u00fctzen k\u00f6nnten. Das bedeutet, dass es nicht einmal die moralische Autorit\u00e4t haben wird, um zu protestieren.<\/p>\n<p><strong>Mehr zum Thema<\/strong> &#8211; <a rel=\"nofollow noopener\" target=\"_blank\" href=\"https:\/\/freedert.online\/meinung\/231063-neuordnung-welt-trump-will-lieferwege\/\">Neuordnung der Welt \u2013 Trump will Lieferwege von Rohstoffen kontrollieren<\/a><\/p>\n<div class=\"EmbedBlock-root EmbedBlock-externalVideo EmbedBlock-rumble\">\n<div class=\"VkEmbed\"><iframe class=\"lazyload\" data-src=\"https:\/\/rumble.com\/embed\/v64jz9s\" frameborder=\"0\" width=\"853\" height=\"480\" allowfullscreen><\/iframe><\/div>\n<\/div>\n<\/div>\n<p><br \/>\n<br \/><a href=\"https:\/\/de.rt.com\/international\/232129-trumps-griff-nach-groenland-hat\/\">Source link <\/a><\/p>\n","protected":false},"excerpt":{"rendered":"<p>Brutal ist das arme Europa aus seinen s\u00fc\u00dfen Tr\u00e4umen herausgerissen worden. Ausgerechnet in den Armen des skrupellosen US-Imperialisten war es wohlig sicher eingeschlafen. Europas Nihilismus in Bezug auf das V\u00f6lkerrecht und seine Fixierung auf die Zerst\u00f6rung Russlands haben den Weg in den Untergang bereitet. Von Rainer Rupp Kaum hatte der US-Pr\u00e4sident in spe, Donald Trump, [&hellip;]<\/p>\n","protected":false},"author":3,"featured_media":76017,"comment_status":"open","ping_status":"open","sticky":false,"template":"","format":"standard","meta":{"_yoast_indexnow_last_ping":["1736402246"],"wp_automatic_camp":["217"],"cc4d0d1e67552594c701c1c7299ae39b":["Trumps Griff nach Gr\u00f6nland \u2013 hat die Aufteilung Europas begonnen?"],"original_link":["https:\/\/de.rt.com\/international\/232129-trumps-griff-nach-groenland-hat\/"],"_thumbnail_id":["76017"],"jnews_social_counter_last_update":["1777195828"],"_wptgpro_p2tg_sent2tg":["a:1:{i:23737;s:19:\"2025-01-09 07:58:23\";}"]},"categories":[19,23],"tags":[44903,3473,45,1293,25277,61318,423,979,317],"yoast_head":"<!-- This site is optimized with the Yoast SEO Premium plugin v22.7 (Yoast SEO v22.7) - https:\/\/yoast.com\/wordpress\/plugins\/seo\/ -->\n<title>Trumps Griff nach Gr\u00f6nland \u2013 hat die Aufteilung Europas begonnen? - just-now.NEWS Deutschland<\/title>\n<meta name=\"robots\" content=\"index, follow, max-snippet:-1, max-image-preview:large, max-video-preview:-1\" \/>\n<link rel=\"canonical\" href=\"https:\/\/now-news.de\/de\/deutschland\/trumps-griff-nach-groenland-hat-die-aufteilung-europas-begonnen\/\" \/>\n<meta property=\"og:locale\" content=\"de_DE\" \/>\n<meta property=\"og:type\" content=\"article\" \/>\n<meta property=\"og:title\" content=\"Trumps Griff nach Gr\u00f6nland \u2013 hat die Aufteilung Europas begonnen?\" \/>\n<meta property=\"og:description\" content=\"Brutal ist das arme Europa aus seinen s\u00fc\u00dfen Tr\u00e4umen herausgerissen worden. Ausgerechnet in den Armen des skrupellosen US-Imperialisten war es wohlig sicher eingeschlafen. Europas Nihilismus in Bezug auf das V\u00f6lkerrecht und seine Fixierung auf die Zerst\u00f6rung Russlands haben den Weg in den Untergang bereitet. Von Rainer Rupp Kaum hatte der US-Pr\u00e4sident in spe, Donald Trump, [&hellip;]\" \/>\n<meta property=\"og:url\" content=\"https:\/\/now-news.de\/de\/deutschland\/trumps-griff-nach-groenland-hat-die-aufteilung-europas-begonnen\/\" \/>\n<meta property=\"og:site_name\" content=\"just-now.NEWS Deutschland\" \/>\n<meta property=\"article:publisher\" content=\"https:\/\/www.facebook.com\/wirmachenauf\" \/>\n<meta property=\"article:published_time\" content=\"2025-01-09T05:45:17+00:00\" \/>\n<meta property=\"og:image\" content=\"https:\/\/now-news.de\/de\/wp-content\/uploads\/sites\/3\/2025\/01\/677ebf24b480cc4f9b6d37af.jpg\" \/>\n<meta name=\"author\" content=\"rtnews\" \/>\n<meta name=\"twitter:card\" content=\"summary_large_image\" \/>\n<meta name=\"twitter:creator\" content=\"@WirMachenAuf_de\" \/>\n<meta name=\"twitter:site\" content=\"@WirMachenAuf_de\" \/>\n<meta name=\"twitter:label1\" content=\"Verfasst von\" \/>\n\t<meta name=\"twitter:data1\" content=\"rtnews\" \/>\n\t<meta name=\"twitter:label2\" content=\"Gesch\u00e4tzte Lesezeit\" \/>\n\t<meta name=\"twitter:data2\" content=\"6\u00a0Minuten\" \/>\n<script type=\"application\/ld+json\" class=\"yoast-schema-graph\">{\"@context\":\"https:\/\/schema.org\",\"@graph\":[{\"@type\":\"Article\",\"@id\":\"https:\/\/now-news.de\/de\/deutschland\/trumps-griff-nach-groenland-hat-die-aufteilung-europas-begonnen\/#article\",\"isPartOf\":{\"@id\":\"https:\/\/now-news.de\/de\/deutschland\/trumps-griff-nach-groenland-hat-die-aufteilung-europas-begonnen\/\"},\"author\":{\"name\":\"rtnews\",\"@id\":\"https:\/\/now-news.de\/de\/#\/schema\/person\/fb534a4e865501d8b3285208df34a9b5\"},\"headline\":\"Trumps Griff nach Gr\u00f6nland \u2013 hat die Aufteilung Europas begonnen?\",\"datePublished\":\"2025-01-09T05:45:17+00:00\",\"dateModified\":\"2025-01-09T05:45:17+00:00\",\"mainEntityOfPage\":{\"@id\":\"https:\/\/now-news.de\/de\/deutschland\/trumps-griff-nach-groenland-hat-die-aufteilung-europas-begonnen\/\"},\"wordCount\":1294,\"commentCount\":0,\"publisher\":{\"@id\":\"https:\/\/now-news.de\/de\/#organization\"},\"image\":{\"@id\":\"https:\/\/now-news.de\/de\/deutschland\/trumps-griff-nach-groenland-hat-die-aufteilung-europas-begonnen\/#primaryimage\"},\"thumbnailUrl\":\"https:\/\/now-news.de\/de\/wp-content\/uploads\/sites\/3\/2025\/01\/Trumps-Griff-nach-Groenland-\u2013-hat-die-Aufteilung-Europas-begonnen.jpg\",\"keywords\":[\"Aufteilung\",\"begonnen\",\"die\",\"Europas\",\"Griff\",\"Gr\u00f6nland\",\"hat\",\"nach\",\"Trumps\"],\"articleSection\":[\"Deutschland\",\"Russland\"],\"inLanguage\":\"de\",\"potentialAction\":[{\"@type\":\"CommentAction\",\"name\":\"Comment\",\"target\":[\"https:\/\/now-news.de\/de\/deutschland\/trumps-griff-nach-groenland-hat-die-aufteilung-europas-begonnen\/#respond\"]}]},{\"@type\":\"WebPage\",\"@id\":\"https:\/\/now-news.de\/de\/deutschland\/trumps-griff-nach-groenland-hat-die-aufteilung-europas-begonnen\/\",\"url\":\"https:\/\/now-news.de\/de\/deutschland\/trumps-griff-nach-groenland-hat-die-aufteilung-europas-begonnen\/\",\"name\":\"Trumps Griff nach Gr\u00f6nland \u2013 hat die Aufteilung Europas begonnen? - just-now.NEWS Deutschland\",\"isPartOf\":{\"@id\":\"https:\/\/now-news.de\/de\/#website\"},\"primaryImageOfPage\":{\"@id\":\"https:\/\/now-news.de\/de\/deutschland\/trumps-griff-nach-groenland-hat-die-aufteilung-europas-begonnen\/#primaryimage\"},\"image\":{\"@id\":\"https:\/\/now-news.de\/de\/deutschland\/trumps-griff-nach-groenland-hat-die-aufteilung-europas-begonnen\/#primaryimage\"},\"thumbnailUrl\":\"https:\/\/now-news.de\/de\/wp-content\/uploads\/sites\/3\/2025\/01\/Trumps-Griff-nach-Groenland-\u2013-hat-die-Aufteilung-Europas-begonnen.jpg\",\"datePublished\":\"2025-01-09T05:45:17+00:00\",\"dateModified\":\"2025-01-09T05:45:17+00:00\",\"breadcrumb\":{\"@id\":\"https:\/\/now-news.de\/de\/deutschland\/trumps-griff-nach-groenland-hat-die-aufteilung-europas-begonnen\/#breadcrumb\"},\"inLanguage\":\"de\",\"potentialAction\":[{\"@type\":\"ReadAction\",\"target\":[\"https:\/\/now-news.de\/de\/deutschland\/trumps-griff-nach-groenland-hat-die-aufteilung-europas-begonnen\/\"]}]},{\"@type\":\"ImageObject\",\"inLanguage\":\"de\",\"@id\":\"https:\/\/now-news.de\/de\/deutschland\/trumps-griff-nach-groenland-hat-die-aufteilung-europas-begonnen\/#primaryimage\",\"url\":\"https:\/\/now-news.de\/de\/wp-content\/uploads\/sites\/3\/2025\/01\/Trumps-Griff-nach-Groenland-\u2013-hat-die-Aufteilung-Europas-begonnen.jpg\",\"contentUrl\":\"https:\/\/now-news.de\/de\/wp-content\/uploads\/sites\/3\/2025\/01\/Trumps-Griff-nach-Groenland-\u2013-hat-die-Aufteilung-Europas-begonnen.jpg\",\"width\":460,\"height\":259,\"caption\":\"Trumps Griff nach Gr\u00f6nland \u2013 hat die Aufteilung Europas begonnen?\"},{\"@type\":\"BreadcrumbList\",\"@id\":\"https:\/\/now-news.de\/de\/deutschland\/trumps-griff-nach-groenland-hat-die-aufteilung-europas-begonnen\/#breadcrumb\",\"itemListElement\":[{\"@type\":\"ListItem\",\"position\":1,\"name\":\"Home\",\"item\":\"https:\/\/now-news.de\/de\/\"},{\"@type\":\"ListItem\",\"position\":2,\"name\":\"Trumps Griff nach Gr\u00f6nland \u2013 hat die Aufteilung Europas begonnen?\"}]},{\"@type\":\"WebSite\",\"@id\":\"https:\/\/now-news.de\/de\/#website\",\"url\":\"https:\/\/now-news.de\/de\/\",\"name\":\"just-now.NEWS Deutschland\",\"description\":\"Das Portal f\u00fcr unzensierte Nachrichten aus der Welt\",\"publisher\":{\"@id\":\"https:\/\/now-news.de\/de\/#organization\"},\"potentialAction\":[{\"@type\":\"SearchAction\",\"target\":{\"@type\":\"EntryPoint\",\"urlTemplate\":\"https:\/\/now-news.de\/de\/?s={search_term_string}\"},\"query-input\":\"required name=search_term_string\"}],\"inLanguage\":\"de\"},{\"@type\":\"Organization\",\"@id\":\"https:\/\/now-news.de\/de\/#organization\",\"name\":\"Just Now News\",\"url\":\"https:\/\/now-news.de\/de\/\",\"logo\":{\"@type\":\"ImageObject\",\"inLanguage\":\"de\",\"@id\":\"https:\/\/now-news.de\/de\/#\/schema\/logo\/image\/\",\"url\":\"http:\/\/just-now.news\/de\/wp-content\/uploads\/sites\/3\/2022\/04\/logo500x500.jpg\",\"contentUrl\":\"http:\/\/just-now.news\/de\/wp-content\/uploads\/sites\/3\/2022\/04\/logo500x500.jpg\",\"width\":500,\"height\":500,\"caption\":\"Just Now News\"},\"image\":{\"@id\":\"https:\/\/now-news.de\/de\/#\/schema\/logo\/image\/\"},\"sameAs\":[\"https:\/\/www.facebook.com\/wirmachenauf\",\"https:\/\/x.com\/WirMachenAuf_de\"]},{\"@type\":\"Person\",\"@id\":\"https:\/\/now-news.de\/de\/#\/schema\/person\/fb534a4e865501d8b3285208df34a9b5\",\"name\":\"rtnews\",\"image\":{\"@type\":\"ImageObject\",\"inLanguage\":\"de\",\"@id\":\"https:\/\/now-news.de\/de\/#\/schema\/person\/image\/\",\"url\":\"https:\/\/secure.gravatar.com\/avatar\/82aafea7d8127119dd649515f56e2117?s=96&d=mm&r=g\",\"contentUrl\":\"https:\/\/secure.gravatar.com\/avatar\/82aafea7d8127119dd649515f56e2117?s=96&d=mm&r=g\",\"caption\":\"rtnews\"},\"url\":\"https:\/\/now-news.de\/de\/author\/rnews\/\"}]}<\/script>\n<!-- \/ Yoast SEO Premium plugin. -->","yoast_head_json":{"title":"Trumps Griff nach Gr\u00f6nland \u2013 hat die Aufteilung Europas begonnen? - just-now.NEWS Deutschland","robots":{"index":"index","follow":"follow","max-snippet":"max-snippet:-1","max-image-preview":"max-image-preview:large","max-video-preview":"max-video-preview:-1"},"canonical":"https:\/\/now-news.de\/de\/deutschland\/trumps-griff-nach-groenland-hat-die-aufteilung-europas-begonnen\/","og_locale":"de_DE","og_type":"article","og_title":"Trumps Griff nach Gr\u00f6nland \u2013 hat die Aufteilung Europas begonnen?","og_description":"Brutal ist das arme Europa aus seinen s\u00fc\u00dfen Tr\u00e4umen herausgerissen worden. Ausgerechnet in den Armen des skrupellosen US-Imperialisten war es wohlig sicher eingeschlafen. Europas Nihilismus in Bezug auf das V\u00f6lkerrecht und seine Fixierung auf die Zerst\u00f6rung Russlands haben den Weg in den Untergang bereitet. Von Rainer Rupp Kaum hatte der US-Pr\u00e4sident in spe, Donald Trump, [&hellip;]","og_url":"https:\/\/now-news.de\/de\/deutschland\/trumps-griff-nach-groenland-hat-die-aufteilung-europas-begonnen\/","og_site_name":"just-now.NEWS Deutschland","article_publisher":"https:\/\/www.facebook.com\/wirmachenauf","article_published_time":"2025-01-09T05:45:17+00:00","og_image":[{"url":"https:\/\/now-news.de\/de\/wp-content\/uploads\/sites\/3\/2025\/01\/677ebf24b480cc4f9b6d37af.jpg"}],"author":"rtnews","twitter_card":"summary_large_image","twitter_creator":"@WirMachenAuf_de","twitter_site":"@WirMachenAuf_de","twitter_misc":{"Verfasst von":"rtnews","Gesch\u00e4tzte Lesezeit":"6\u00a0Minuten"},"schema":{"@context":"https:\/\/schema.org","@graph":[{"@type":"Article","@id":"https:\/\/now-news.de\/de\/deutschland\/trumps-griff-nach-groenland-hat-die-aufteilung-europas-begonnen\/#article","isPartOf":{"@id":"https:\/\/now-news.de\/de\/deutschland\/trumps-griff-nach-groenland-hat-die-aufteilung-europas-begonnen\/"},"author":{"name":"rtnews","@id":"https:\/\/now-news.de\/de\/#\/schema\/person\/fb534a4e865501d8b3285208df34a9b5"},"headline":"Trumps Griff nach Gr\u00f6nland \u2013 hat die Aufteilung Europas begonnen?","datePublished":"2025-01-09T05:45:17+00:00","dateModified":"2025-01-09T05:45:17+00:00","mainEntityOfPage":{"@id":"https:\/\/now-news.de\/de\/deutschland\/trumps-griff-nach-groenland-hat-die-aufteilung-europas-begonnen\/"},"wordCount":1294,"commentCount":0,"publisher":{"@id":"https:\/\/now-news.de\/de\/#organization"},"image":{"@id":"https:\/\/now-news.de\/de\/deutschland\/trumps-griff-nach-groenland-hat-die-aufteilung-europas-begonnen\/#primaryimage"},"thumbnailUrl":"https:\/\/now-news.de\/de\/wp-content\/uploads\/sites\/3\/2025\/01\/Trumps-Griff-nach-Groenland-\u2013-hat-die-Aufteilung-Europas-begonnen.jpg","keywords":["Aufteilung","begonnen","die","Europas","Griff","Gr\u00f6nland","hat","nach","Trumps"],"articleSection":["Deutschland","Russland"],"inLanguage":"de","potentialAction":[{"@type":"CommentAction","name":"Comment","target":["https:\/\/now-news.de\/de\/deutschland\/trumps-griff-nach-groenland-hat-die-aufteilung-europas-begonnen\/#respond"]}]},{"@type":"WebPage","@id":"https:\/\/now-news.de\/de\/deutschland\/trumps-griff-nach-groenland-hat-die-aufteilung-europas-begonnen\/","url":"https:\/\/now-news.de\/de\/deutschland\/trumps-griff-nach-groenland-hat-die-aufteilung-europas-begonnen\/","name":"Trumps Griff nach Gr\u00f6nland \u2013 hat die Aufteilung Europas begonnen? - just-now.NEWS Deutschland","isPartOf":{"@id":"https:\/\/now-news.de\/de\/#website"},"primaryImageOfPage":{"@id":"https:\/\/now-news.de\/de\/deutschland\/trumps-griff-nach-groenland-hat-die-aufteilung-europas-begonnen\/#primaryimage"},"image":{"@id":"https:\/\/now-news.de\/de\/deutschland\/trumps-griff-nach-groenland-hat-die-aufteilung-europas-begonnen\/#primaryimage"},"thumbnailUrl":"https:\/\/now-news.de\/de\/wp-content\/uploads\/sites\/3\/2025\/01\/Trumps-Griff-nach-Groenland-\u2013-hat-die-Aufteilung-Europas-begonnen.jpg","datePublished":"2025-01-09T05:45:17+00:00","dateModified":"2025-01-09T05:45:17+00:00","breadcrumb":{"@id":"https:\/\/now-news.de\/de\/deutschland\/trumps-griff-nach-groenland-hat-die-aufteilung-europas-begonnen\/#breadcrumb"},"inLanguage":"de","potentialAction":[{"@type":"ReadAction","target":["https:\/\/now-news.de\/de\/deutschland\/trumps-griff-nach-groenland-hat-die-aufteilung-europas-begonnen\/"]}]},{"@type":"ImageObject","inLanguage":"de","@id":"https:\/\/now-news.de\/de\/deutschland\/trumps-griff-nach-groenland-hat-die-aufteilung-europas-begonnen\/#primaryimage","url":"https:\/\/now-news.de\/de\/wp-content\/uploads\/sites\/3\/2025\/01\/Trumps-Griff-nach-Groenland-\u2013-hat-die-Aufteilung-Europas-begonnen.jpg","contentUrl":"https:\/\/now-news.de\/de\/wp-content\/uploads\/sites\/3\/2025\/01\/Trumps-Griff-nach-Groenland-\u2013-hat-die-Aufteilung-Europas-begonnen.jpg","width":460,"height":259,"caption":"Trumps Griff nach Gr\u00f6nland \u2013 hat die Aufteilung Europas begonnen?"},{"@type":"BreadcrumbList","@id":"https:\/\/now-news.de\/de\/deutschland\/trumps-griff-nach-groenland-hat-die-aufteilung-europas-begonnen\/#breadcrumb","itemListElement":[{"@type":"ListItem","position":1,"name":"Home","item":"https:\/\/now-news.de\/de\/"},{"@type":"ListItem","position":2,"name":"Trumps Griff nach Gr\u00f6nland \u2013 hat die Aufteilung Europas begonnen?"}]},{"@type":"WebSite","@id":"https:\/\/now-news.de\/de\/#website","url":"https:\/\/now-news.de\/de\/","name":"just-now.NEWS Deutschland","description":"Das Portal f\u00fcr unzensierte Nachrichten aus der Welt","publisher":{"@id":"https:\/\/now-news.de\/de\/#organization"},"potentialAction":[{"@type":"SearchAction","target":{"@type":"EntryPoint","urlTemplate":"https:\/\/now-news.de\/de\/?s={search_term_string}"},"query-input":"required name=search_term_string"}],"inLanguage":"de"},{"@type":"Organization","@id":"https:\/\/now-news.de\/de\/#organization","name":"Just Now News","url":"https:\/\/now-news.de\/de\/","logo":{"@type":"ImageObject","inLanguage":"de","@id":"https:\/\/now-news.de\/de\/#\/schema\/logo\/image\/","url":"http:\/\/just-now.news\/de\/wp-content\/uploads\/sites\/3\/2022\/04\/logo500x500.jpg","contentUrl":"http:\/\/just-now.news\/de\/wp-content\/uploads\/sites\/3\/2022\/04\/logo500x500.jpg","width":500,"height":500,"caption":"Just Now News"},"image":{"@id":"https:\/\/now-news.de\/de\/#\/schema\/logo\/image\/"},"sameAs":["https:\/\/www.facebook.com\/wirmachenauf","https:\/\/x.com\/WirMachenAuf_de"]},{"@type":"Person","@id":"https:\/\/now-news.de\/de\/#\/schema\/person\/fb534a4e865501d8b3285208df34a9b5","name":"rtnews","image":{"@type":"ImageObject","inLanguage":"de","@id":"https:\/\/now-news.de\/de\/#\/schema\/person\/image\/","url":"https:\/\/secure.gravatar.com\/avatar\/82aafea7d8127119dd649515f56e2117?s=96&d=mm&r=g","contentUrl":"https:\/\/secure.gravatar.com\/avatar\/82aafea7d8127119dd649515f56e2117?s=96&d=mm&r=g","caption":"rtnews"},"url":"https:\/\/now-news.de\/de\/author\/rnews\/"}]}},"_links":{"self":[{"href":"https:\/\/now-news.de\/de\/wp-json\/wp\/v2\/posts\/76016"}],"collection":[{"href":"https:\/\/now-news.de\/de\/wp-json\/wp\/v2\/posts"}],"about":[{"href":"https:\/\/now-news.de\/de\/wp-json\/wp\/v2\/types\/post"}],"author":[{"embeddable":true,"href":"https:\/\/now-news.de\/de\/wp-json\/wp\/v2\/users\/3"}],"replies":[{"embeddable":true,"href":"https:\/\/now-news.de\/de\/wp-json\/wp\/v2\/comments?post=76016"}],"version-history":[{"count":0,"href":"https:\/\/now-news.de\/de\/wp-json\/wp\/v2\/posts\/76016\/revisions"}],"wp:featuredmedia":[{"embeddable":true,"href":"https:\/\/now-news.de\/de\/wp-json\/wp\/v2\/media\/76017"}],"wp:attachment":[{"href":"https:\/\/now-news.de\/de\/wp-json\/wp\/v2\/media?parent=76016"}],"wp:term":[{"taxonomy":"category","embeddable":true,"href":"https:\/\/now-news.de\/de\/wp-json\/wp\/v2\/categories?post=76016"},{"taxonomy":"post_tag","embeddable":true,"href":"https:\/\/now-news.de\/de\/wp-json\/wp\/v2\/tags?post=76016"}],"curies":[{"name":"wp","href":"https:\/\/api.w.org\/{rel}","templated":true}]}}