{"id":76014,"date":"2025-01-09T07:15:10","date_gmt":"2025-01-09T05:15:10","guid":{"rendered":"https:\/\/now-news.de\/de\/deutschland\/nicht-krank-sondern-faul-allianz-millionaer-brueskiert-beschaeftigte-mit-dreistem-kuerzungsvorschlag\/"},"modified":"2025-01-09T07:15:10","modified_gmt":"2025-01-09T05:15:10","slug":"nicht-krank-sondern-faul-allianz-millionaer-brueskiert-beschaeftigte-mit-dreistem-kuerzungsvorschlag","status":"publish","type":"post","link":"https:\/\/now-news.de\/de\/deutschland\/nicht-krank-sondern-faul-allianz-millionaer-brueskiert-beschaeftigte-mit-dreistem-kuerzungsvorschlag\/","title":{"rendered":"Nicht krank, sondern faul? Allianz-Million\u00e4r br\u00fcskiert Besch\u00e4ftigte mit dreistem K\u00fcrzungsvorschlag"},"content":{"rendered":"<p><img decoding=\"async\" src=\"https:\/\/now-news.de\/de\/wp-content\/uploads\/sites\/3\/2025\/01\/677ebf9f48fbef7b9c01623f.jpg\" \/><\/p>\n<div class=\"Text-root Text-type_1 \">\n                Allianz-Chef Oliver B\u00e4te kassiert ein Jahresgehalt in Millionenh\u00f6he. Umso anma\u00dfender ist sein j\u00fcngster Vorschlag \u2013 und die mediale Debatte dar\u00fcber: Arbeitnehmer sollen f\u00fcr den ersten Tag ihrer Krankschreibung keine Lohnfortzahlung mehr erhalten. Lassen sich die Lohnabh\u00e4ngigen das gefallen?\n            <\/div>\n<p><\/p>\n<div class=\"Text-root Text-type_5 ArticleView-text ViewText-root \">\n<p><em>Von Susan Bonath<\/em><\/p>\n<p>Der Chef des b\u00f6rsennotierten Versicherungskonzerns Allianz, Oliver B\u00e4te, will lohnabh\u00e4ngig Besch\u00e4ftigte durch das K\u00fcrzen ihrer Lohnfortzahlung vom Kranksein &#8220;abhalten&#8221;. Ernsthaft diskutieren deutsche Medien seinen offenbar vor allem von Eigennutz getriebenen unsozialen &#8220;Vorschlag&#8221; zum weiteren Abbau von Arbeitnehmerrechten. Einmal mehr bestimmt damit ein superreicher Millionengehaltsempf\u00e4nger die politische Debatte in Deutschland. Das m\u00fcsste eigentlich die Normalbev\u00f6lkerung auf die Barrikaden treiben.<\/p>\n<p><strong>Besch\u00e4ftigte unter Faulheitsverdacht<\/strong><\/p>\n<p>Der Allianz-Chef warf Besch\u00e4ftigten vor, sich zu oft krankzumelden. Angeblich <a rel=\"nofollow noopener\" target=\"_blank\" href=\"https:\/\/www.tagesschau.de\/wirtschaft\/arbeitsmarkt\/debatte-lohnkuerzung-krankheitsfall-allianz-100.html%20\">20 Krankentage pro Jahr<\/a> k\u00e4men auf jeden Besch\u00e4ftigten, behauptete er.<\/p>\n<p>Das <a rel=\"nofollow noopener\" target=\"_blank\" href=\"https:\/\/www.destatis.de\/DE\/Themen\/Arbeit\/Arbeitsmarkt\/Qualitaet-Arbeit\/Dimension-2\/krankenstand.html\">Statistische Bundesamt<\/a> wies allerdings zuletzt f\u00fcr das Jahr 2023 einen mittleren Krankenstand pro Arbeitnehmer von 15,1 Tagen aus.<\/p>\n<p>Das sei viel zu hoch, liege doch der EU-Durchschnitt bei acht Krankentagen, beklagte B\u00e4te. Er fordert, einen sogenannten Karenztag wieder einzuf\u00fchren, um das Problem zu l\u00f6sen. Einen solchen gab es in der alten BRD schon einmal, er wurde aber Anfang der 1970er-Jahre abgeschafft. Zuspruch erntete der Allianz-Chef von einschl\u00e4giger Seite, beispielsweise von der Vorsitzenden des Gremiums der sogenannten &#8220;Wirtschaftsweisen&#8221;, Monika Schnitzer.<\/p>\n<p>Das bedeutet: Besch\u00e4ftigte sollen nach B\u00e4tes Daf\u00fcrhalten f\u00fcr den ersten Tag ihrer Krankmeldung keine Lohnfortzahlung vom Unternehmen erhalten. &#8220;Damit w\u00fcrden die Arbeitnehmer die Kosten f\u00fcr den ersten Krankheitstag selbst tragen&#8221;, sagte er. Dies w\u00fcrde Unternehmen und Krankenkassen entlasten. Angeblich k\u00f6nnten beide so insgesamt 40 Milliarden Euro pro Jahr &#8220;einsparen&#8221;.<\/p>\n<p>Damit unterstellt er betroffenen Besch\u00e4ftigten so unverhohlen wie unbelegt, sie lie\u00dfen sich mehrheitlich wohl nur aus blo\u00dfer Faulheit krankschreiben. Man kennt diese Faulheitsdebatten gegen Erwerbslose schon zur Gen\u00fcge. Nun haben selbige auch Arbeitsplatzbesitzer erreicht: Sie werden durchweg verd\u00e4chtigt, ihr Kranksein in vielen F\u00e4llen nur zu simulieren. Was kommt als N\u00e4chstes: vielleicht private Unternehmen, die kranke Arbeiter begutachten sollen, ob sie noch auf zwei Beinen stehen k\u00f6nnen?<\/p>\n<p><strong>B\u00e4tes Jahresgehalt: 7,5 Millionen Euro<\/strong><\/p>\n<p>Freilich w\u00e4ren solche &#8220;Sparma\u00dfnahmen&#8221; auf Kosten der Besch\u00e4ftigten f\u00fcr Gro\u00dfgehaltsempf\u00e4nger wie B\u00e4te ein purer Gl\u00fccksfall. Da kann es dann wohl mit dem eigenen Einkommen noch steiler nach oben gehen. Zumal sein eigener Konzern mit einem <a rel=\"nofollow noopener\" target=\"_blank\" href=\"https:\/\/de.statista.com\/statistik\/daten\/studie\/182125\/umfrage\/umsatzentwicklung-der-allianz-gruppe-weltweit-seit-2005\/\">Jahresumsatz<\/a> von zuletzt fast 162 Milliarden Euro \u2013 Tendenz steigend \u2013 als Deutschlands drittgr\u00f6\u00dfter privater Krankenversicherer ganz besonders daran mitverdienen w\u00fcrde.<\/p>\n<p>Sage und schreibe fast <a rel=\"nofollow noopener\" target=\"_blank\" href=\"https:\/\/www.pkv-vorteile.de\/blog\/2024\/03\/08\/allianz-chef-baete-mit-kraeftigem-gehaltssprung\/\">7,5 Millionen Euro<\/a> hat B\u00e4te allein f\u00fcr das Jahr 2023 kassiert und sich damit \u00fcber einen Gehaltssprung um zehn Prozent gefreut. In den Jahren davor bekam er also demzufolge rund 6,75 Millionen j\u00e4hrlich \u2013 dies \u00fcbrigens v\u00f6llig unabh\u00e4ngig davon, wie oft er zwischendurch mal krank war. Seinen Posten als Vorstandschef der Allianz hat B\u00e4te seit Mai 2015 inne.<\/p>\n<p><strong>Reiche bestimmen politischen Diskurs<\/strong><\/p>\n<p>Solch eine Gehaltssumme muss man sich vergegenw\u00e4rtigen: 7,5 Millionen pro Jahr sind 625.000 Euro im Monat und mehr als 20.500 Euro f\u00fcr jeden der 365 Tagen eines Jahres. Was also Allianz-Chef B\u00e4te t\u00e4glich an Gehalt kassiert, bekommen Millionen Besch\u00e4ftigte in Deutschland f\u00fcr ein ganzes Arbeitsjahr.<\/p>\n<p>Um es konkreter zu machen: Seit Januar betr\u00e4gt der Brutto-Mindestlohn 12,82 Euro pro Stunde. Ein Mindestl\u00f6hner kommt bei einer 40-Stundenwoche etwa auf ein Monatsbrutto von 2.200 Euro. Er m\u00fcsste 284 Monate, also fast 24 Jahre, in Vollzeit daf\u00fcr arbeiten, um auf B\u00e4tes Monatsgehalt zu kommen.<\/p>\n<p>Es erschlie\u00dft sich von selbst, dass B\u00e4tes Gehalt kein Sal\u00e4r f\u00fcr Flei\u00df sein kann, noch nicht einmal f\u00fcr N\u00fctzlichkeit. Man stelle einmal die deutsche Gesellschaft ohne Allianz und ihren Hochverdiener B\u00e4te vor \u2013 und dann \u00fcberlege man, wie sie ohne Pflegepersonal und Putzkr\u00e4fte auss\u00e4he. Letzteres w\u00fcrde eindeutig zum Zusammenbruch f\u00fchren, ersteres dagegen wohl kaum.<\/p>\n<p>Mit anderen Worten: Ein superreicher Profiteur von der Arbeit anderer wie B\u00e4te stellt sich hin und unterbreitet politische Vorschl\u00e4ge, die sich explizit gegen jene richten, von denen er profitiert. Das ist ja erst einmal erwartbar. Das eigentliche Problem daran ist, dass so etwas dann auch noch ernsthaft in den Medien diskutiert wird. Das allein verdeutlicht die politische Macht einzelner Superreicher in Deutschland.<\/p>\n<p><strong>Prek\u00e4rer Arbeitsmarkt macht krank<\/strong><\/p>\n<p>Nicht zuletzt die Medien geben B\u00e4te und anderen Spitzenverdienern eine solche Macht. Statt sich ernsthaft zu fragen, warum Lohnabh\u00e4ngige in Deutschland offensichtlich immer kr\u00e4nker werden, wie man es mit gutem Willen aus der Statistik ablesen m\u00fcsste, geben sie dem Million\u00e4r und seinen Thesen eine B\u00fchne, ganz so, als w\u00fcrde ihn allein sein Millioneneinkommen zur &#8220;Fachexpertise&#8221; bef\u00e4higen.<\/p>\n<p>Zun\u00e4chst einmal ist auff\u00e4llig, dass insbesondere die Arbeitsunf\u00e4higkeit aufgrund psychischer Erkrankungen rasant zugenommen hat, n\u00e4mlich allein in den vergangenen zehn Jahren (von 2013 bis 2023) um <a rel=\"nofollow noopener\" target=\"_blank\" href=\"https:\/\/de.statista.com\/statistik\/daten\/studie\/246810\/umfrage\/arbeitsunfaehigkeit-aufgrund-psychischer-erkrankungen\/\">rund 41 Prozent<\/a>. Das ist durchaus plausibel, wenn man bedenkt, dass die Zeiten sicherer Arbeitspl\u00e4tze in der Bundesrepublik f\u00fcr Normalbesch\u00e4ftigte nahezu vorbei sind. Das bedeutet vor allem st\u00e4ndige existenzielle Unsicherheit, die bekanntlich zu psychischer Belastung f\u00fchrt.<\/p>\n<p><a rel=\"nofollow noopener\" target=\"_blank\" href=\"https:\/\/de.statista.com\/statistik\/daten\/studie\/77239\/umfrage\/krankheit-hauptursachen-fuer-arbeitsunfaehigkeit\/\">Atemwegserkrankungen<\/a> stehen bei den &#8220;gelben Zetteln&#8221; seit jeher an der Spitze. Aber wie hie\u00df es doch gleich in der Coronazeit? Wer mit Husten, Schnupfen, Heiserkeit zur Arbeit geht, gef\u00e4hrdet andere Kollegen, insbesondere die sogenannten Vulnerablen, also \u00c4ltere und Vorerkrankte. Es ist erstaunlich, wie schnell so etwas in Vergessenheit ger\u00e4t. Anscheinend ging es damals gar nicht wirklich um die &#8220;Vulnerablen&#8221;.<\/p>\n<p><strong>Mehr \u00e4ltere Besch\u00e4ftigte durch Rentenk\u00fcrzungen<\/strong><\/p>\n<p>Ein weiterer naheliegender Grund d\u00fcrften wohl die versteckten Rentenk\u00fcrzungen der vergangenen Jahrzehnte sein, unter anderem durch Erh\u00f6hung des Eintrittsalters in den Ruhestand auf 67 Jahre. Der Anteil der \u00fcber 60-j\u00e4hrigen Erwerbst\u00e4tigen, darunter auch der wegen unzureichender Rente Dazuverdienenden, hat in Deutschland drastisch zugenommen, wie Daten des <a rel=\"nofollow noopener\" target=\"_blank\" href=\"https:\/\/www.destatis.de\/DE\/Themen\/Querschnitt\/Demografischer-Wandel\/Aeltere-Menschen\/erwerbstaetigkeit.html\">Statistischen Bundesamtes<\/a> belegen.\u00a0<\/p>\n<p>Man muss nun kein Experte sein, um zu wissen, dass 65-J\u00e4hrige in aller Regel k\u00f6rperlich weniger belastbar und anf\u00e4lliger f\u00fcr Erkrankungen sind als beispielsweise 35-J\u00e4hrige. Man wei\u00df auch, dass unsichere Arbeitsbedingungen Menschen kr\u00e4nker machen. Kurz gesagt: Die neoliberale Sozialabbaupolitik der vergangenen Jahrzehnte macht Arbeitnehmer ganz sicher nicht ges\u00fcnder. Und das dr\u00fcckt sich freilich in der Krankenstand-Statistik aus.<\/p>\n<p><strong>Mediale Lobeshymnen f\u00fcr Sozialk\u00fcrzer: B\u00e4te beweise &#8220;Mut&#8221;<\/strong><\/p>\n<p>Abgesehen davon, dass der <a rel=\"nofollow noopener\" target=\"_blank\" href=\"https:\/\/www.handelsblatt.com\/finanzen\/banken-versicherungen\/versicherer\/reaktionen-krank-zur-arbeit-streit-um-vorschlag-von-allianz-chef-baete\/100098903.html\">Deutsche Gewerkschaftsbund (DGB)<\/a> kraft seines Amtes B\u00e4tes &#8220;Vorschl\u00e4ge&#8221; umgehend kritisiert hat, verfielen einige Medien in h\u00f6chstes Lob f\u00fcr dessen Ansinnen. Der <em><a rel=\"nofollow noopener\" target=\"_blank\" href=\"https:\/\/www.focus.de\/finanzen\/versicherungen\/wie-das-ausland-mit-kranken-umgeht-weltmeister-bei-krankmeldungen-allianz-chef-fordert-harte-regelung_id_260613151.html\">Focus<\/a><\/em> trumpfte mit noch weiter \u00fcbertriebenen Krankenzahlen auf als B\u00e4te und versuchte seinen Lesern am Beispiel anderer L\u00e4nder weiszumachen, dass dies am fehlenden Karenztag ohne Lohnfortzahlung liege.\u00a0<\/p>\n<p>Der Nachrichtensender\u00a0<a rel=\"nofollow noopener\" target=\"_blank\" href=\"https:\/\/www.n-tv.de\/wirtschaft\/kommentare\/Allianz-Chef-Baete-beweist-Mut-article25472079.html\"><em>ntv<\/em><\/a> ver\u00f6ffentlichte eine regelrechte Lobeshymne auf den Allianz-Million\u00e4r: B\u00e4te beweise &#8220;Mut&#8221;, titelte der Sender und erdreistete sich sogar, das dahinter stehende Erpressungspotenzial als Erfolgsgarant zu preisen: So seien &#8220;gerade jetzt, wo vieles immer teurer wird, die Budgets vieler Menschen eng auf Kante gen\u00e4ht&#8221;. Normalerweise m\u00fcssten jetzt Millionen Demonstranten vor dem Allianz-Hauptsitz in M\u00fcnchen aufschlagen.<\/p>\n<p><strong>Das M\u00e4rchen vom ausufernden Sozialstaat<\/strong><\/p>\n<p>Danach folgt bei\u00a0<em>ntv<\/em> die \u00fcbliche Leier: Der Sozialstaat sei zu prall, man k\u00f6nne ihn nicht immer weiter ausbauen, sondern m\u00fcsse endlich k\u00fcrzen. Dahinter steckt eine glatte L\u00fcge, denn der deutsche Sozialstaat wurde in den letzten Jahren nicht etwa ausgebaut, sondern St\u00fcck f\u00fcr St\u00fcck zusammengek\u00fcrzt. Man denke nur einmal an die Agenda 2010 zur\u00fcck, Deutschlands Weg zum gr\u00f6\u00dften Niedriglohnsektor Europas.<\/p>\n<p>Gerne wird f\u00fcr die Behauptung die sogenannte Sozialleistungsquote angef\u00fchrt, die angeblich immer weiter steige. Dies ist aber irref\u00fchrend, weil der weitaus gr\u00f6\u00dfte Anteil der Sozialleistungen zunehmend auf die Renten entf\u00e4llt. Bekanntlich werden die Menschen immer \u00e4lter und der Anteil der Rentner nimmt rapide zu.<\/p>\n<p>Dies ist zu bedenken, wenn man sich etwa auf Angaben des Bundesarbeitsministeriums oder der OECD beruft. <a rel=\"nofollow noopener\" target=\"_blank\" href=\"https:\/\/www.sozialpolitik-aktuell.de\/files\/sozialpolitik-aktuell\/_Politikfelder\/Finanzierung\/Datensammlung\/PDF-Dateien\/abbII1a.pdf\">Ersteres attestierte<\/a> der alten Bundesrepublik im Jahr 1975 eine Sozialleistungsquote von 26,3 Prozent vom Bruttoinlandsprodukt (BIP). Im Jahr 2018 lag diese mit demnach 29,7 Prozent nur unwesentlich h\u00f6her. Im gleichen Zeitraum wuchs allerdings die Zahl der \u00fcber 67-J\u00e4hrigen, West- und Ostdeutschland zusammengenommen, von zehn auf 16 Millionen Menschen an.<\/p>\n<p>Laut <a rel=\"nofollow noopener\" target=\"_blank\" href=\"https:\/\/www.compareyourcountry.org\/social-expenditure\/de\/0\/547+548\/default\">OECD-L\u00e4ndervergleich<\/a> lag die Sozialleistungsquote im Jahr 2022 dann wieder etwas niedriger, n\u00e4mlich bei 26,7 Prozent, also fast auf dem Niveau\u00a0des Jahres 1975 \u2013 dies jedoch bei inzwischen 16,5 Millionen \u00fcber 67-J\u00e4hrigen \u2013 trotz des Anstiegs in dieser Altersgruppe um 6,5 Millionen oder 65 Prozent. Sechs EU-L\u00e4nder gaben zuletzt \u00fcbrigens einen h\u00f6heren Teil ihres BIP f\u00fcr Sozialleistungen aus: Frankreich, Italien, \u00d6sterreich, Finnland, Belgien und Spanien.<\/p>\n<p><strong>Wer geht auf die Barrikaden?<\/strong><\/p>\n<p>Abschlie\u00dfend bleibt noch anzumerken: F\u00fcr das heutige Arbeitsrecht haben Arbeiter einst blutig k\u00e4mpfen m\u00fcssen. Vom Acht-Stunden-Tag \u00fcber Urlaub bis hin zur Lohnfortzahlung im Krankheitsfall: Das alles existiert, weil die Angst der Profiteure und politisch Partizipierenden vor Unruhen zu gro\u00df war. Der Sozialabbau der letzten Jahrzehnte spricht daf\u00fcr, dass ihre Furcht wohl merklich abgenommen hat. Klar, ganz offensichtlich haben sich deutsche Arbeitnehmer l\u00e4ngst an Anma\u00dfungen der Oberschicht gew\u00f6hnt.<\/p>\n<p>Denn w\u00e4re das anders, h\u00e4tte sich ein Gehaltsmillion\u00e4r wie B\u00e4te sicherlich nicht mit solchen Vorschl\u00e4gen in die Medien getraut. Und er ist ja nicht der Einzige, der solche Fantasien nach drau\u00dfen tr\u00e4gt. Anstatt neidisch seine krankgeschriebenen Kollegen zu be\u00e4ugen, ob diese auch tats\u00e4chlich richtig krank sind, m\u00fcssten eigentlich alle Lohnabh\u00e4ngigen zusammen gegen solche Dreistigkeiten auf die Stra\u00dfen gehen \u2013 und gegen derartige Millionengeh\u00e4lter wie das von B\u00e4te, fernab jeder Leistung, sowieso.<\/p>\n<p><strong>Mehr zum Thema &#8211;<\/strong>\u00a0<a rel=\"nofollow noopener\" target=\"_blank\" href=\"https:\/\/freeassange.rtde.me\/inland\/231660-politik-fuer-reiche-so-kaufen-sich-lobbyisten-den-deutschen-gesetzgeber\/\">Politik f\u00fcr Reiche: So kaufen sich Lobbyisten den deutschen Gesetzgeber <\/a><\/p>\n<div class=\"EmbedBlock-root EmbedBlock-externalVideo EmbedBlock-rumble\">\n<div class=\"VkEmbed\"><iframe class=\"lazyload\" data-src=\"https:\/\/rumble.com\/embed\/v646ljp\" frameborder=\"0\" width=\"853\" height=\"480\" allowfullscreen><\/iframe><\/div>\n<\/div>\n<\/div>\n<p><br \/>\n<br \/><a href=\"https:\/\/de.rt.com\/meinung\/232130-nicht-krank-sondern-faul-allianz\/\">Source link <\/a><\/p>\n","protected":false},"excerpt":{"rendered":"<p>Allianz-Chef Oliver B\u00e4te kassiert ein Jahresgehalt in Millionenh\u00f6he. Umso anma\u00dfender ist sein j\u00fcngster Vorschlag \u2013 und die mediale Debatte dar\u00fcber: Arbeitnehmer sollen f\u00fcr den ersten Tag ihrer Krankschreibung keine Lohnfortzahlung mehr erhalten. Lassen sich die Lohnabh\u00e4ngigen das gefallen? Von Susan Bonath Der Chef des b\u00f6rsennotierten Versicherungskonzerns Allianz, Oliver B\u00e4te, will lohnabh\u00e4ngig Besch\u00e4ftigte durch das K\u00fcrzen [&hellip;]<\/p>\n","protected":false},"author":3,"featured_media":76015,"comment_status":"open","ping_status":"open","sticky":false,"template":"","format":"standard","meta":{"_yoast_indexnow_last_ping":["1736400233"],"wp_automatic_camp":["217"],"773a9bc4bd07069afb54cfe5edf6d3c3":["Nicht krank, sondern faul? Allianz-Million\u00e4r br\u00fcskiert Besch\u00e4ftigte mit dreistem K\u00fcrzungsvorschlag"],"original_link":["https:\/\/de.rt.com\/meinung\/232130-nicht-krank-sondern-faul-allianz\/"],"_thumbnail_id":["76015"],"jnews_social_counter_last_update":["1777380215"],"_wptgpro_p2tg_sent2tg":["a:1:{i:23737;s:19:\"2025-01-09 07:25:23\";}"]},"categories":[19,23],"tags":[61679,24739,9970,61680,17421,18926,61681,419,800,20341],"yoast_head":"<!-- This site is optimized with the Yoast SEO Premium plugin v22.7 (Yoast SEO v22.7) - https:\/\/yoast.com\/wordpress\/plugins\/seo\/ -->\n<title>Nicht krank, sondern faul? Allianz-Million\u00e4r br\u00fcskiert Besch\u00e4ftigte mit dreistem K\u00fcrzungsvorschlag - just-now.NEWS Deutschland<\/title>\n<meta name=\"robots\" content=\"index, follow, max-snippet:-1, max-image-preview:large, max-video-preview:-1\" \/>\n<link rel=\"canonical\" href=\"https:\/\/now-news.de\/de\/deutschland\/nicht-krank-sondern-faul-allianz-millionaer-brueskiert-beschaeftigte-mit-dreistem-kuerzungsvorschlag\/\" \/>\n<meta property=\"og:locale\" content=\"de_DE\" \/>\n<meta property=\"og:type\" content=\"article\" \/>\n<meta property=\"og:title\" content=\"Nicht krank, sondern faul? Allianz-Million\u00e4r br\u00fcskiert Besch\u00e4ftigte mit dreistem K\u00fcrzungsvorschlag\" \/>\n<meta property=\"og:description\" content=\"Allianz-Chef Oliver B\u00e4te kassiert ein Jahresgehalt in Millionenh\u00f6he. Umso anma\u00dfender ist sein j\u00fcngster Vorschlag \u2013 und die mediale Debatte dar\u00fcber: Arbeitnehmer sollen f\u00fcr den ersten Tag ihrer Krankschreibung keine Lohnfortzahlung mehr erhalten. Lassen sich die Lohnabh\u00e4ngigen das gefallen? Von Susan Bonath Der Chef des b\u00f6rsennotierten Versicherungskonzerns Allianz, Oliver B\u00e4te, will lohnabh\u00e4ngig Besch\u00e4ftigte durch das K\u00fcrzen [&hellip;]\" \/>\n<meta property=\"og:url\" content=\"https:\/\/now-news.de\/de\/deutschland\/nicht-krank-sondern-faul-allianz-millionaer-brueskiert-beschaeftigte-mit-dreistem-kuerzungsvorschlag\/\" \/>\n<meta property=\"og:site_name\" content=\"just-now.NEWS Deutschland\" \/>\n<meta property=\"article:publisher\" content=\"https:\/\/www.facebook.com\/wirmachenauf\" \/>\n<meta property=\"article:published_time\" content=\"2025-01-09T05:15:10+00:00\" \/>\n<meta property=\"og:image\" content=\"https:\/\/now-news.de\/de\/wp-content\/uploads\/sites\/3\/2025\/01\/677ebf9f48fbef7b9c01623f.jpg\" \/>\n<meta name=\"author\" content=\"rtnews\" \/>\n<meta name=\"twitter:card\" content=\"summary_large_image\" \/>\n<meta name=\"twitter:creator\" content=\"@WirMachenAuf_de\" \/>\n<meta name=\"twitter:site\" content=\"@WirMachenAuf_de\" \/>\n<meta name=\"twitter:label1\" content=\"Verfasst von\" \/>\n\t<meta name=\"twitter:data1\" content=\"rtnews\" \/>\n\t<meta name=\"twitter:label2\" content=\"Gesch\u00e4tzte Lesezeit\" \/>\n\t<meta name=\"twitter:data2\" content=\"8\u00a0Minuten\" \/>\n<script type=\"application\/ld+json\" class=\"yoast-schema-graph\">{\"@context\":\"https:\/\/schema.org\",\"@graph\":[{\"@type\":\"Article\",\"@id\":\"https:\/\/now-news.de\/de\/deutschland\/nicht-krank-sondern-faul-allianz-millionaer-brueskiert-beschaeftigte-mit-dreistem-kuerzungsvorschlag\/#article\",\"isPartOf\":{\"@id\":\"https:\/\/now-news.de\/de\/deutschland\/nicht-krank-sondern-faul-allianz-millionaer-brueskiert-beschaeftigte-mit-dreistem-kuerzungsvorschlag\/\"},\"author\":{\"name\":\"rtnews\",\"@id\":\"https:\/\/now-news.de\/de\/#\/schema\/person\/fb534a4e865501d8b3285208df34a9b5\"},\"headline\":\"Nicht krank, sondern faul? Allianz-Million\u00e4r br\u00fcskiert Besch\u00e4ftigte mit dreistem K\u00fcrzungsvorschlag\",\"datePublished\":\"2025-01-09T05:15:10+00:00\",\"dateModified\":\"2025-01-09T05:15:10+00:00\",\"mainEntityOfPage\":{\"@id\":\"https:\/\/now-news.de\/de\/deutschland\/nicht-krank-sondern-faul-allianz-millionaer-brueskiert-beschaeftigte-mit-dreistem-kuerzungsvorschlag\/\"},\"wordCount\":1607,\"commentCount\":0,\"publisher\":{\"@id\":\"https:\/\/now-news.de\/de\/#organization\"},\"image\":{\"@id\":\"https:\/\/now-news.de\/de\/deutschland\/nicht-krank-sondern-faul-allianz-millionaer-brueskiert-beschaeftigte-mit-dreistem-kuerzungsvorschlag\/#primaryimage\"},\"thumbnailUrl\":\"https:\/\/now-news.de\/de\/wp-content\/uploads\/sites\/3\/2025\/01\/Nicht-krank-sondern-faul-Allianz-Millionaer-brueskiert-Beschaeftigte-mit-dreistem-Kuerzungsvorschlag.jpg\",\"keywords\":[\"AllianzMillion\u00e4r\",\"Besch\u00e4ftigte\",\"br\u00fcskiert\",\"dreistem\",\"faul\",\"KRANK\",\"K\u00fcrzungsvorschlag\",\"mit\",\"nicht\",\"sondern\"],\"articleSection\":[\"Deutschland\",\"Russland\"],\"inLanguage\":\"de\",\"potentialAction\":[{\"@type\":\"CommentAction\",\"name\":\"Comment\",\"target\":[\"https:\/\/now-news.de\/de\/deutschland\/nicht-krank-sondern-faul-allianz-millionaer-brueskiert-beschaeftigte-mit-dreistem-kuerzungsvorschlag\/#respond\"]}]},{\"@type\":\"WebPage\",\"@id\":\"https:\/\/now-news.de\/de\/deutschland\/nicht-krank-sondern-faul-allianz-millionaer-brueskiert-beschaeftigte-mit-dreistem-kuerzungsvorschlag\/\",\"url\":\"https:\/\/now-news.de\/de\/deutschland\/nicht-krank-sondern-faul-allianz-millionaer-brueskiert-beschaeftigte-mit-dreistem-kuerzungsvorschlag\/\",\"name\":\"Nicht krank, sondern faul? Allianz-Million\u00e4r br\u00fcskiert Besch\u00e4ftigte mit dreistem K\u00fcrzungsvorschlag - just-now.NEWS Deutschland\",\"isPartOf\":{\"@id\":\"https:\/\/now-news.de\/de\/#website\"},\"primaryImageOfPage\":{\"@id\":\"https:\/\/now-news.de\/de\/deutschland\/nicht-krank-sondern-faul-allianz-millionaer-brueskiert-beschaeftigte-mit-dreistem-kuerzungsvorschlag\/#primaryimage\"},\"image\":{\"@id\":\"https:\/\/now-news.de\/de\/deutschland\/nicht-krank-sondern-faul-allianz-millionaer-brueskiert-beschaeftigte-mit-dreistem-kuerzungsvorschlag\/#primaryimage\"},\"thumbnailUrl\":\"https:\/\/now-news.de\/de\/wp-content\/uploads\/sites\/3\/2025\/01\/Nicht-krank-sondern-faul-Allianz-Millionaer-brueskiert-Beschaeftigte-mit-dreistem-Kuerzungsvorschlag.jpg\",\"datePublished\":\"2025-01-09T05:15:10+00:00\",\"dateModified\":\"2025-01-09T05:15:10+00:00\",\"breadcrumb\":{\"@id\":\"https:\/\/now-news.de\/de\/deutschland\/nicht-krank-sondern-faul-allianz-millionaer-brueskiert-beschaeftigte-mit-dreistem-kuerzungsvorschlag\/#breadcrumb\"},\"inLanguage\":\"de\",\"potentialAction\":[{\"@type\":\"ReadAction\",\"target\":[\"https:\/\/now-news.de\/de\/deutschland\/nicht-krank-sondern-faul-allianz-millionaer-brueskiert-beschaeftigte-mit-dreistem-kuerzungsvorschlag\/\"]}]},{\"@type\":\"ImageObject\",\"inLanguage\":\"de\",\"@id\":\"https:\/\/now-news.de\/de\/deutschland\/nicht-krank-sondern-faul-allianz-millionaer-brueskiert-beschaeftigte-mit-dreistem-kuerzungsvorschlag\/#primaryimage\",\"url\":\"https:\/\/now-news.de\/de\/wp-content\/uploads\/sites\/3\/2025\/01\/Nicht-krank-sondern-faul-Allianz-Millionaer-brueskiert-Beschaeftigte-mit-dreistem-Kuerzungsvorschlag.jpg\",\"contentUrl\":\"https:\/\/now-news.de\/de\/wp-content\/uploads\/sites\/3\/2025\/01\/Nicht-krank-sondern-faul-Allianz-Millionaer-brueskiert-Beschaeftigte-mit-dreistem-Kuerzungsvorschlag.jpg\",\"width\":460,\"height\":259,\"caption\":\"Nicht krank, sondern faul? Allianz-Million\u00e4r br\u00fcskiert Besch\u00e4ftigte mit dreistem K\u00fcrzungsvorschlag\"},{\"@type\":\"BreadcrumbList\",\"@id\":\"https:\/\/now-news.de\/de\/deutschland\/nicht-krank-sondern-faul-allianz-millionaer-brueskiert-beschaeftigte-mit-dreistem-kuerzungsvorschlag\/#breadcrumb\",\"itemListElement\":[{\"@type\":\"ListItem\",\"position\":1,\"name\":\"Home\",\"item\":\"https:\/\/now-news.de\/de\/\"},{\"@type\":\"ListItem\",\"position\":2,\"name\":\"Nicht krank, sondern faul? Allianz-Million\u00e4r br\u00fcskiert Besch\u00e4ftigte mit dreistem K\u00fcrzungsvorschlag\"}]},{\"@type\":\"WebSite\",\"@id\":\"https:\/\/now-news.de\/de\/#website\",\"url\":\"https:\/\/now-news.de\/de\/\",\"name\":\"just-now.NEWS Deutschland\",\"description\":\"Das Portal f\u00fcr unzensierte Nachrichten aus der Welt\",\"publisher\":{\"@id\":\"https:\/\/now-news.de\/de\/#organization\"},\"potentialAction\":[{\"@type\":\"SearchAction\",\"target\":{\"@type\":\"EntryPoint\",\"urlTemplate\":\"https:\/\/now-news.de\/de\/?s={search_term_string}\"},\"query-input\":\"required name=search_term_string\"}],\"inLanguage\":\"de\"},{\"@type\":\"Organization\",\"@id\":\"https:\/\/now-news.de\/de\/#organization\",\"name\":\"Just Now News\",\"url\":\"https:\/\/now-news.de\/de\/\",\"logo\":{\"@type\":\"ImageObject\",\"inLanguage\":\"de\",\"@id\":\"https:\/\/now-news.de\/de\/#\/schema\/logo\/image\/\",\"url\":\"http:\/\/just-now.news\/de\/wp-content\/uploads\/sites\/3\/2022\/04\/logo500x500.jpg\",\"contentUrl\":\"http:\/\/just-now.news\/de\/wp-content\/uploads\/sites\/3\/2022\/04\/logo500x500.jpg\",\"width\":500,\"height\":500,\"caption\":\"Just Now News\"},\"image\":{\"@id\":\"https:\/\/now-news.de\/de\/#\/schema\/logo\/image\/\"},\"sameAs\":[\"https:\/\/www.facebook.com\/wirmachenauf\",\"https:\/\/x.com\/WirMachenAuf_de\"]},{\"@type\":\"Person\",\"@id\":\"https:\/\/now-news.de\/de\/#\/schema\/person\/fb534a4e865501d8b3285208df34a9b5\",\"name\":\"rtnews\",\"image\":{\"@type\":\"ImageObject\",\"inLanguage\":\"de\",\"@id\":\"https:\/\/now-news.de\/de\/#\/schema\/person\/image\/\",\"url\":\"https:\/\/secure.gravatar.com\/avatar\/82aafea7d8127119dd649515f56e2117?s=96&d=mm&r=g\",\"contentUrl\":\"https:\/\/secure.gravatar.com\/avatar\/82aafea7d8127119dd649515f56e2117?s=96&d=mm&r=g\",\"caption\":\"rtnews\"},\"url\":\"https:\/\/now-news.de\/de\/author\/rnews\/\"}]}<\/script>\n<!-- \/ Yoast SEO Premium plugin. -->","yoast_head_json":{"title":"Nicht krank, sondern faul? Allianz-Million\u00e4r br\u00fcskiert Besch\u00e4ftigte mit dreistem K\u00fcrzungsvorschlag - just-now.NEWS Deutschland","robots":{"index":"index","follow":"follow","max-snippet":"max-snippet:-1","max-image-preview":"max-image-preview:large","max-video-preview":"max-video-preview:-1"},"canonical":"https:\/\/now-news.de\/de\/deutschland\/nicht-krank-sondern-faul-allianz-millionaer-brueskiert-beschaeftigte-mit-dreistem-kuerzungsvorschlag\/","og_locale":"de_DE","og_type":"article","og_title":"Nicht krank, sondern faul? Allianz-Million\u00e4r br\u00fcskiert Besch\u00e4ftigte mit dreistem K\u00fcrzungsvorschlag","og_description":"Allianz-Chef Oliver B\u00e4te kassiert ein Jahresgehalt in Millionenh\u00f6he. Umso anma\u00dfender ist sein j\u00fcngster Vorschlag \u2013 und die mediale Debatte dar\u00fcber: Arbeitnehmer sollen f\u00fcr den ersten Tag ihrer Krankschreibung keine Lohnfortzahlung mehr erhalten. Lassen sich die Lohnabh\u00e4ngigen das gefallen? Von Susan Bonath Der Chef des b\u00f6rsennotierten Versicherungskonzerns Allianz, Oliver B\u00e4te, will lohnabh\u00e4ngig Besch\u00e4ftigte durch das K\u00fcrzen [&hellip;]","og_url":"https:\/\/now-news.de\/de\/deutschland\/nicht-krank-sondern-faul-allianz-millionaer-brueskiert-beschaeftigte-mit-dreistem-kuerzungsvorschlag\/","og_site_name":"just-now.NEWS Deutschland","article_publisher":"https:\/\/www.facebook.com\/wirmachenauf","article_published_time":"2025-01-09T05:15:10+00:00","og_image":[{"url":"https:\/\/now-news.de\/de\/wp-content\/uploads\/sites\/3\/2025\/01\/677ebf9f48fbef7b9c01623f.jpg"}],"author":"rtnews","twitter_card":"summary_large_image","twitter_creator":"@WirMachenAuf_de","twitter_site":"@WirMachenAuf_de","twitter_misc":{"Verfasst von":"rtnews","Gesch\u00e4tzte Lesezeit":"8\u00a0Minuten"},"schema":{"@context":"https:\/\/schema.org","@graph":[{"@type":"Article","@id":"https:\/\/now-news.de\/de\/deutschland\/nicht-krank-sondern-faul-allianz-millionaer-brueskiert-beschaeftigte-mit-dreistem-kuerzungsvorschlag\/#article","isPartOf":{"@id":"https:\/\/now-news.de\/de\/deutschland\/nicht-krank-sondern-faul-allianz-millionaer-brueskiert-beschaeftigte-mit-dreistem-kuerzungsvorschlag\/"},"author":{"name":"rtnews","@id":"https:\/\/now-news.de\/de\/#\/schema\/person\/fb534a4e865501d8b3285208df34a9b5"},"headline":"Nicht krank, sondern faul? Allianz-Million\u00e4r br\u00fcskiert Besch\u00e4ftigte mit dreistem K\u00fcrzungsvorschlag","datePublished":"2025-01-09T05:15:10+00:00","dateModified":"2025-01-09T05:15:10+00:00","mainEntityOfPage":{"@id":"https:\/\/now-news.de\/de\/deutschland\/nicht-krank-sondern-faul-allianz-millionaer-brueskiert-beschaeftigte-mit-dreistem-kuerzungsvorschlag\/"},"wordCount":1607,"commentCount":0,"publisher":{"@id":"https:\/\/now-news.de\/de\/#organization"},"image":{"@id":"https:\/\/now-news.de\/de\/deutschland\/nicht-krank-sondern-faul-allianz-millionaer-brueskiert-beschaeftigte-mit-dreistem-kuerzungsvorschlag\/#primaryimage"},"thumbnailUrl":"https:\/\/now-news.de\/de\/wp-content\/uploads\/sites\/3\/2025\/01\/Nicht-krank-sondern-faul-Allianz-Millionaer-brueskiert-Beschaeftigte-mit-dreistem-Kuerzungsvorschlag.jpg","keywords":["AllianzMillion\u00e4r","Besch\u00e4ftigte","br\u00fcskiert","dreistem","faul","KRANK","K\u00fcrzungsvorschlag","mit","nicht","sondern"],"articleSection":["Deutschland","Russland"],"inLanguage":"de","potentialAction":[{"@type":"CommentAction","name":"Comment","target":["https:\/\/now-news.de\/de\/deutschland\/nicht-krank-sondern-faul-allianz-millionaer-brueskiert-beschaeftigte-mit-dreistem-kuerzungsvorschlag\/#respond"]}]},{"@type":"WebPage","@id":"https:\/\/now-news.de\/de\/deutschland\/nicht-krank-sondern-faul-allianz-millionaer-brueskiert-beschaeftigte-mit-dreistem-kuerzungsvorschlag\/","url":"https:\/\/now-news.de\/de\/deutschland\/nicht-krank-sondern-faul-allianz-millionaer-brueskiert-beschaeftigte-mit-dreistem-kuerzungsvorschlag\/","name":"Nicht krank, sondern faul? Allianz-Million\u00e4r br\u00fcskiert Besch\u00e4ftigte mit dreistem K\u00fcrzungsvorschlag - just-now.NEWS Deutschland","isPartOf":{"@id":"https:\/\/now-news.de\/de\/#website"},"primaryImageOfPage":{"@id":"https:\/\/now-news.de\/de\/deutschland\/nicht-krank-sondern-faul-allianz-millionaer-brueskiert-beschaeftigte-mit-dreistem-kuerzungsvorschlag\/#primaryimage"},"image":{"@id":"https:\/\/now-news.de\/de\/deutschland\/nicht-krank-sondern-faul-allianz-millionaer-brueskiert-beschaeftigte-mit-dreistem-kuerzungsvorschlag\/#primaryimage"},"thumbnailUrl":"https:\/\/now-news.de\/de\/wp-content\/uploads\/sites\/3\/2025\/01\/Nicht-krank-sondern-faul-Allianz-Millionaer-brueskiert-Beschaeftigte-mit-dreistem-Kuerzungsvorschlag.jpg","datePublished":"2025-01-09T05:15:10+00:00","dateModified":"2025-01-09T05:15:10+00:00","breadcrumb":{"@id":"https:\/\/now-news.de\/de\/deutschland\/nicht-krank-sondern-faul-allianz-millionaer-brueskiert-beschaeftigte-mit-dreistem-kuerzungsvorschlag\/#breadcrumb"},"inLanguage":"de","potentialAction":[{"@type":"ReadAction","target":["https:\/\/now-news.de\/de\/deutschland\/nicht-krank-sondern-faul-allianz-millionaer-brueskiert-beschaeftigte-mit-dreistem-kuerzungsvorschlag\/"]}]},{"@type":"ImageObject","inLanguage":"de","@id":"https:\/\/now-news.de\/de\/deutschland\/nicht-krank-sondern-faul-allianz-millionaer-brueskiert-beschaeftigte-mit-dreistem-kuerzungsvorschlag\/#primaryimage","url":"https:\/\/now-news.de\/de\/wp-content\/uploads\/sites\/3\/2025\/01\/Nicht-krank-sondern-faul-Allianz-Millionaer-brueskiert-Beschaeftigte-mit-dreistem-Kuerzungsvorschlag.jpg","contentUrl":"https:\/\/now-news.de\/de\/wp-content\/uploads\/sites\/3\/2025\/01\/Nicht-krank-sondern-faul-Allianz-Millionaer-brueskiert-Beschaeftigte-mit-dreistem-Kuerzungsvorschlag.jpg","width":460,"height":259,"caption":"Nicht krank, sondern faul? Allianz-Million\u00e4r br\u00fcskiert Besch\u00e4ftigte mit dreistem K\u00fcrzungsvorschlag"},{"@type":"BreadcrumbList","@id":"https:\/\/now-news.de\/de\/deutschland\/nicht-krank-sondern-faul-allianz-millionaer-brueskiert-beschaeftigte-mit-dreistem-kuerzungsvorschlag\/#breadcrumb","itemListElement":[{"@type":"ListItem","position":1,"name":"Home","item":"https:\/\/now-news.de\/de\/"},{"@type":"ListItem","position":2,"name":"Nicht krank, sondern faul? Allianz-Million\u00e4r br\u00fcskiert Besch\u00e4ftigte mit dreistem K\u00fcrzungsvorschlag"}]},{"@type":"WebSite","@id":"https:\/\/now-news.de\/de\/#website","url":"https:\/\/now-news.de\/de\/","name":"just-now.NEWS Deutschland","description":"Das Portal f\u00fcr unzensierte Nachrichten aus der Welt","publisher":{"@id":"https:\/\/now-news.de\/de\/#organization"},"potentialAction":[{"@type":"SearchAction","target":{"@type":"EntryPoint","urlTemplate":"https:\/\/now-news.de\/de\/?s={search_term_string}"},"query-input":"required name=search_term_string"}],"inLanguage":"de"},{"@type":"Organization","@id":"https:\/\/now-news.de\/de\/#organization","name":"Just Now News","url":"https:\/\/now-news.de\/de\/","logo":{"@type":"ImageObject","inLanguage":"de","@id":"https:\/\/now-news.de\/de\/#\/schema\/logo\/image\/","url":"http:\/\/just-now.news\/de\/wp-content\/uploads\/sites\/3\/2022\/04\/logo500x500.jpg","contentUrl":"http:\/\/just-now.news\/de\/wp-content\/uploads\/sites\/3\/2022\/04\/logo500x500.jpg","width":500,"height":500,"caption":"Just Now News"},"image":{"@id":"https:\/\/now-news.de\/de\/#\/schema\/logo\/image\/"},"sameAs":["https:\/\/www.facebook.com\/wirmachenauf","https:\/\/x.com\/WirMachenAuf_de"]},{"@type":"Person","@id":"https:\/\/now-news.de\/de\/#\/schema\/person\/fb534a4e865501d8b3285208df34a9b5","name":"rtnews","image":{"@type":"ImageObject","inLanguage":"de","@id":"https:\/\/now-news.de\/de\/#\/schema\/person\/image\/","url":"https:\/\/secure.gravatar.com\/avatar\/82aafea7d8127119dd649515f56e2117?s=96&d=mm&r=g","contentUrl":"https:\/\/secure.gravatar.com\/avatar\/82aafea7d8127119dd649515f56e2117?s=96&d=mm&r=g","caption":"rtnews"},"url":"https:\/\/now-news.de\/de\/author\/rnews\/"}]}},"_links":{"self":[{"href":"https:\/\/now-news.de\/de\/wp-json\/wp\/v2\/posts\/76014"}],"collection":[{"href":"https:\/\/now-news.de\/de\/wp-json\/wp\/v2\/posts"}],"about":[{"href":"https:\/\/now-news.de\/de\/wp-json\/wp\/v2\/types\/post"}],"author":[{"embeddable":true,"href":"https:\/\/now-news.de\/de\/wp-json\/wp\/v2\/users\/3"}],"replies":[{"embeddable":true,"href":"https:\/\/now-news.de\/de\/wp-json\/wp\/v2\/comments?post=76014"}],"version-history":[{"count":0,"href":"https:\/\/now-news.de\/de\/wp-json\/wp\/v2\/posts\/76014\/revisions"}],"wp:featuredmedia":[{"embeddable":true,"href":"https:\/\/now-news.de\/de\/wp-json\/wp\/v2\/media\/76015"}],"wp:attachment":[{"href":"https:\/\/now-news.de\/de\/wp-json\/wp\/v2\/media?parent=76014"}],"wp:term":[{"taxonomy":"category","embeddable":true,"href":"https:\/\/now-news.de\/de\/wp-json\/wp\/v2\/categories?post=76014"},{"taxonomy":"post_tag","embeddable":true,"href":"https:\/\/now-news.de\/de\/wp-json\/wp\/v2\/tags?post=76014"}],"curies":[{"name":"wp","href":"https:\/\/api.w.org\/{rel}","templated":true}]}}