{"id":75973,"date":"2025-01-08T14:23:53","date_gmt":"2025-01-08T12:23:53","guid":{"rendered":"https:\/\/now-news.de\/de\/deutschland\/trump-veroeffentlicht-landkarten-mit-kanada-als-us-territorium\/"},"modified":"2025-01-08T14:23:53","modified_gmt":"2025-01-08T12:23:53","slug":"trump-veroeffentlicht-landkarten-mit-kanada-als-us-territorium","status":"publish","type":"post","link":"https:\/\/now-news.de\/de\/deutschland\/trump-veroeffentlicht-landkarten-mit-kanada-als-us-territorium\/","title":{"rendered":"Trump ver\u00f6ffentlicht Landkarten mit Kanada als US-Territorium"},"content":{"rendered":"<div class=\"Text-root Text-type_1 \">\n                Der designierte US-Pr\u00e4sident hat betont, dass es den Kanadiern unter seiner Herrschaft besser gehen w\u00fcrde. In einer Rede vor Journalisten am Dienstag schlug Trump vor, dass die USA &#8220;wirtschaftliche Gewalt \u201c anwenden k\u00f6nnten, um ihren n\u00f6rdlichen Nachbarn zu absorbieren.\n            <\/div>\n<p><\/p>\n<div class=\"Text-root Text-type_5 ArticleView-text ViewText-root \">\n<p>Der designierte US-Pr\u00e4sident Donald Trump hat in den sozialen Medien zwei Landkarten geteilt, die Kanada als US-amerikanisches Territorium zeigen. Er postete die Bilder Stunden, nachdem Beamte in Ottawa seine wiederholte Behauptung zur\u00fcckgewiesen hatten, dass es den Kanadiern unter der Herrschaft der USA besser gehen w\u00fcrde.<strong><\/strong><\/p>\n<p>Auf seiner Plattform <em>Truth Social<\/em> teilte Trump am Dienstag eine Karte, auf der die USA und Kanada als ein einziges Land dargestellt sind, wobei die Staatsgrenze ausgel\u00f6scht und die Worte &#8220;Vereinigte Staaten&#8221; \u00fcber das neue Gebilde gelegt wurden.<\/p>\n<p>Dann postete er ein Bild des Territoriums beider Nationen in den Farben der US-Flagge, begleitet von den Worten <em>&#8220;Oh Kanada&#8221;.<\/em><\/p>\n<p>In einer Rede vor Journalisten am Dienstag schlug Trump vor, dass die USA <em>&#8220;wirtschaftliche Gewalt&#8221;<\/em>\u00a0anwenden k\u00f6nnten, um ihren n\u00f6rdlichen Nachbarn zu absorbieren, dessen Waren er mit harten Z\u00f6llen zu belegen drohte.<\/p>\n<p><em>&#8220;Wenn man diese k\u00fcnstlich gezogene Grenze abschafft und sich anschaut, wie das aussieht, w\u00e4re das auch viel besser f\u00fcr die nationale Sicherheit&#8221;<\/em>, argumentierte Trump.<\/p>\n<figure class=\"RTImage-root\">\n<div class=\"RTImage-image RTImage-original\"><picture class=\"Picture-root Picture-original\"><!--[if IE 9]><video style=\"display: none;\"><![endif]--><source media=\"(-webkit-min-device-pixel-ratio: 2) and (min-resolution: 120dpi)\" data-srcset=\" \nhttps:\/\/now-news.de\/de\/wp-content\/uploads\/sites\/3\/2025\/01\/677e646548fbef31742649a4.png 850w,\n                https:\/\/now-news.de\/de\/wp-content\/uploads\/sites\/3\/2025\/01\/677e646548fbef31742649a4.png 1960w,            \" ><source data-srcset=\" \nhttps:\/\/now-news.de\/de\/wp-content\/uploads\/sites\/3\/2025\/01\/677e646548fbef31742649a4.png 460w,\n              https:\/\/now-news.de\/de\/wp-content\/uploads\/sites\/3\/2025\/01\/677e646548fbef31742649a4.png 980w,\n            \" ><!--[if IE 9]><\/video><![endif]--><img decoding=\"async\" data- src=\"data:image\/png;base64,iVBORw0KGgoAAAANSUhEUgAAABAAAAAJCAQAAACRI2S5AAAAEElEQVR42mNkIAAYRxWAAQAG9gAKqv6+AwAAAABJRU5ErkJggg==\" class=\"Picture-root Picture-original lazyload\" data-src=\"https:\/\/now-news.de\/de\/wp-content\/uploads\/sites\/3\/2025\/01\/677e646548fbef31742649a4.png\" alt=\"\"><\/source><\/source><\/picture><!-- noscript pattern --><noscript><img decoding=\"async\" src=\"https:\/\/now-news.de\/de\/wp-content\/uploads\/sites\/3\/2025\/01\/677e646548fbef31742649a4.png\" alt=\"\"><\/noscript><\/div>\n<\/figure>\n<p>Kanadas scheidender Premierminister Justin Trudeau schrieb auf <em>X<\/em>, dass <em>&#8220;es nicht die geringste Chance gibt, dass Kanada Teil der Vereinigten Staaten wird&#8221;.<\/em><\/p>\n<p>Pierre Poilievre, der Vorsitzende der oppositionellen Konservativen Partei, sagte in \u00e4hnlicher Weise, dass <em>&#8220;Kanada niemals der 51. Staat sein wird&#8221;.<\/em><\/p>\n<p>Trotz der Ablehnung von Trumps Vorschlag, den n\u00f6rdlichen Nachbarn der USA aufzunehmen, haben Politiker in Ottawa betont, wie wichtig die Aufrechterhaltung guter bilateraler Beziehungen ist, w\u00e4hrend Kanada in die Wahlsaison geht. Trudeau hat Anfang dieser Woche angek\u00fcndigt, dass er aufgrund seiner schwindenden Popularit\u00e4t als Premierminister und Vorsitzender der Liberalen Partei zur\u00fccktreten wird.<\/p>\n<p><strong>Mehr zum Thema<\/strong> &#8211;\u00a0<a rel=\"nofollow noopener\" target=\"_blank\" href=\"https:\/\/freedert.online\/international\/232035-musk-amerika-sollte-menschen-in\/\">Musk: &#8220;Amerika sollte die Menschen in Gro\u00dfbritannien von ihrer tyrannischen Regierung befreien&#8221;<\/a><strong><\/strong><\/p>\n<div class=\"EmbedBlock-root EmbedBlock-externalVideo EmbedBlock-rumble\">\n<div class=\"VkEmbed\"><iframe class=\"lazyload\" data-src=\"https:\/\/rumble.com\/embed\/v64uvsm\" frameborder=\"0\" width=\"853\" height=\"480\" allowfullscreen><\/iframe><\/div>\n<\/div>\n<\/div>\n<p><br \/>\n<br \/><a href=\"https:\/\/de.rt.com\/international\/232095-trump-veroeffentlicht-landkarten-mit-kanada\/\">Source link <\/a><\/p>\n","protected":false},"excerpt":{"rendered":"<p>Der designierte US-Pr\u00e4sident hat betont, dass es den Kanadiern unter seiner Herrschaft besser gehen w\u00fcrde. In einer Rede vor Journalisten am Dienstag schlug Trump vor, dass die USA &#8220;wirtschaftliche Gewalt \u201c anwenden k\u00f6nnten, um ihren n\u00f6rdlichen Nachbarn zu absorbieren. Der designierte US-Pr\u00e4sident Donald Trump hat in den sozialen Medien zwei Landkarten geteilt, die Kanada als [&hellip;]<\/p>\n","protected":false},"author":3,"featured_media":75974,"comment_status":"open","ping_status":"open","sticky":false,"template":"","format":"standard","meta":{"_yoast_indexnow_last_ping":["1736339962"],"wp_automatic_camp":["217"],"f39705176ca336bee136de08fdb242b2":["Trump ver\u00f6ffentlicht Landkarten mit Kanada als US-Territorium"],"original_link":["https:\/\/de.rt.com\/international\/232095-trump-veroeffentlicht-landkarten-mit-kanada\/"],"_thumbnail_id":["75974"],"_wptgpro_p2tg_sent2tg":["a:1:{i:23737;s:19:\"2025-01-08 14:43:53\";}"],"jnews_social_counter_last_update":["1777600432"]},"categories":[19,23],"tags":[273,19376,61668,419,1639,61669,2329],"yoast_head":"<!-- This site is optimized with the Yoast SEO Premium plugin v22.7 (Yoast SEO v22.7) - https:\/\/yoast.com\/wordpress\/plugins\/seo\/ -->\n<title>Trump ver\u00f6ffentlicht Landkarten mit Kanada als US-Territorium - just-now.NEWS Deutschland<\/title>\n<meta name=\"robots\" content=\"index, follow, max-snippet:-1, max-image-preview:large, max-video-preview:-1\" \/>\n<link rel=\"canonical\" href=\"https:\/\/now-news.de\/de\/deutschland\/trump-veroeffentlicht-landkarten-mit-kanada-als-us-territorium\/\" \/>\n<meta property=\"og:locale\" content=\"de_DE\" \/>\n<meta property=\"og:type\" content=\"article\" \/>\n<meta property=\"og:title\" content=\"Trump ver\u00f6ffentlicht Landkarten mit Kanada als US-Territorium\" \/>\n<meta property=\"og:description\" content=\"Der designierte US-Pr\u00e4sident hat betont, dass es den Kanadiern unter seiner Herrschaft besser gehen w\u00fcrde. In einer Rede vor Journalisten am Dienstag schlug Trump vor, dass die USA &#8220;wirtschaftliche Gewalt \u201c anwenden k\u00f6nnten, um ihren n\u00f6rdlichen Nachbarn zu absorbieren. Der designierte US-Pr\u00e4sident Donald Trump hat in den sozialen Medien zwei Landkarten geteilt, die Kanada als [&hellip;]\" \/>\n<meta property=\"og:url\" content=\"https:\/\/now-news.de\/de\/deutschland\/trump-veroeffentlicht-landkarten-mit-kanada-als-us-territorium\/\" \/>\n<meta property=\"og:site_name\" content=\"just-now.NEWS Deutschland\" \/>\n<meta property=\"article:publisher\" content=\"https:\/\/www.facebook.com\/wirmachenauf\" \/>\n<meta property=\"article:published_time\" content=\"2025-01-08T12:23:53+00:00\" \/>\n<meta property=\"og:image\" content=\"https:\/\/now-news.de\/de\/wp-content\/uploads\/sites\/3\/2025\/01\/677e646548fbef31742649a4.png\" \/>\n<meta name=\"author\" content=\"rtnews\" \/>\n<meta name=\"twitter:card\" content=\"summary_large_image\" \/>\n<meta name=\"twitter:creator\" content=\"@WirMachenAuf_de\" \/>\n<meta name=\"twitter:site\" content=\"@WirMachenAuf_de\" \/>\n<meta name=\"twitter:label1\" content=\"Verfasst von\" \/>\n\t<meta name=\"twitter:data1\" content=\"rtnews\" \/>\n\t<meta name=\"twitter:label2\" content=\"Gesch\u00e4tzte Lesezeit\" \/>\n\t<meta name=\"twitter:data2\" content=\"2\u00a0Minuten\" \/>\n<script type=\"application\/ld+json\" class=\"yoast-schema-graph\">{\"@context\":\"https:\/\/schema.org\",\"@graph\":[{\"@type\":\"Article\",\"@id\":\"https:\/\/now-news.de\/de\/deutschland\/trump-veroeffentlicht-landkarten-mit-kanada-als-us-territorium\/#article\",\"isPartOf\":{\"@id\":\"https:\/\/now-news.de\/de\/deutschland\/trump-veroeffentlicht-landkarten-mit-kanada-als-us-territorium\/\"},\"author\":{\"name\":\"rtnews\",\"@id\":\"https:\/\/now-news.de\/de\/#\/schema\/person\/fb534a4e865501d8b3285208df34a9b5\"},\"headline\":\"Trump ver\u00f6ffentlicht Landkarten mit Kanada als US-Territorium\",\"datePublished\":\"2025-01-08T12:23:53+00:00\",\"dateModified\":\"2025-01-08T12:23:53+00:00\",\"mainEntityOfPage\":{\"@id\":\"https:\/\/now-news.de\/de\/deutschland\/trump-veroeffentlicht-landkarten-mit-kanada-als-us-territorium\/\"},\"wordCount\":337,\"commentCount\":0,\"publisher\":{\"@id\":\"https:\/\/now-news.de\/de\/#organization\"},\"image\":{\"@id\":\"https:\/\/now-news.de\/de\/deutschland\/trump-veroeffentlicht-landkarten-mit-kanada-als-us-territorium\/#primaryimage\"},\"thumbnailUrl\":\"https:\/\/now-news.de\/de\/wp-content\/uploads\/sites\/3\/2025\/01\/Trump-veroeffentlicht-Landkarten-mit-Kanada-als-US-Territorium.png\",\"keywords\":[\"als\",\"Kanada\",\"Landkarten\",\"mit\",\"trump\",\"USTerritorium\",\"ver\u00f6ffentlicht\"],\"articleSection\":[\"Deutschland\",\"Russland\"],\"inLanguage\":\"de\",\"potentialAction\":[{\"@type\":\"CommentAction\",\"name\":\"Comment\",\"target\":[\"https:\/\/now-news.de\/de\/deutschland\/trump-veroeffentlicht-landkarten-mit-kanada-als-us-territorium\/#respond\"]}]},{\"@type\":\"WebPage\",\"@id\":\"https:\/\/now-news.de\/de\/deutschland\/trump-veroeffentlicht-landkarten-mit-kanada-als-us-territorium\/\",\"url\":\"https:\/\/now-news.de\/de\/deutschland\/trump-veroeffentlicht-landkarten-mit-kanada-als-us-territorium\/\",\"name\":\"Trump ver\u00f6ffentlicht Landkarten mit Kanada als US-Territorium - just-now.NEWS Deutschland\",\"isPartOf\":{\"@id\":\"https:\/\/now-news.de\/de\/#website\"},\"primaryImageOfPage\":{\"@id\":\"https:\/\/now-news.de\/de\/deutschland\/trump-veroeffentlicht-landkarten-mit-kanada-als-us-territorium\/#primaryimage\"},\"image\":{\"@id\":\"https:\/\/now-news.de\/de\/deutschland\/trump-veroeffentlicht-landkarten-mit-kanada-als-us-territorium\/#primaryimage\"},\"thumbnailUrl\":\"https:\/\/now-news.de\/de\/wp-content\/uploads\/sites\/3\/2025\/01\/Trump-veroeffentlicht-Landkarten-mit-Kanada-als-US-Territorium.png\",\"datePublished\":\"2025-01-08T12:23:53+00:00\",\"dateModified\":\"2025-01-08T12:23:53+00:00\",\"breadcrumb\":{\"@id\":\"https:\/\/now-news.de\/de\/deutschland\/trump-veroeffentlicht-landkarten-mit-kanada-als-us-territorium\/#breadcrumb\"},\"inLanguage\":\"de\",\"potentialAction\":[{\"@type\":\"ReadAction\",\"target\":[\"https:\/\/now-news.de\/de\/deutschland\/trump-veroeffentlicht-landkarten-mit-kanada-als-us-territorium\/\"]}]},{\"@type\":\"ImageObject\",\"inLanguage\":\"de\",\"@id\":\"https:\/\/now-news.de\/de\/deutschland\/trump-veroeffentlicht-landkarten-mit-kanada-als-us-territorium\/#primaryimage\",\"url\":\"https:\/\/now-news.de\/de\/wp-content\/uploads\/sites\/3\/2025\/01\/Trump-veroeffentlicht-Landkarten-mit-Kanada-als-US-Territorium.png\",\"contentUrl\":\"https:\/\/now-news.de\/de\/wp-content\/uploads\/sites\/3\/2025\/01\/Trump-veroeffentlicht-Landkarten-mit-Kanada-als-US-Territorium.png\",\"width\":768,\"height\":432,\"caption\":\"Trump ver\u00f6ffentlicht Landkarten mit Kanada als US-Territorium\"},{\"@type\":\"BreadcrumbList\",\"@id\":\"https:\/\/now-news.de\/de\/deutschland\/trump-veroeffentlicht-landkarten-mit-kanada-als-us-territorium\/#breadcrumb\",\"itemListElement\":[{\"@type\":\"ListItem\",\"position\":1,\"name\":\"Home\",\"item\":\"https:\/\/now-news.de\/de\/\"},{\"@type\":\"ListItem\",\"position\":2,\"name\":\"Trump ver\u00f6ffentlicht Landkarten mit Kanada als US-Territorium\"}]},{\"@type\":\"WebSite\",\"@id\":\"https:\/\/now-news.de\/de\/#website\",\"url\":\"https:\/\/now-news.de\/de\/\",\"name\":\"just-now.NEWS Deutschland\",\"description\":\"Das Portal f\u00fcr unzensierte Nachrichten aus der Welt\",\"publisher\":{\"@id\":\"https:\/\/now-news.de\/de\/#organization\"},\"potentialAction\":[{\"@type\":\"SearchAction\",\"target\":{\"@type\":\"EntryPoint\",\"urlTemplate\":\"https:\/\/now-news.de\/de\/?s={search_term_string}\"},\"query-input\":\"required name=search_term_string\"}],\"inLanguage\":\"de\"},{\"@type\":\"Organization\",\"@id\":\"https:\/\/now-news.de\/de\/#organization\",\"name\":\"Just Now News\",\"url\":\"https:\/\/now-news.de\/de\/\",\"logo\":{\"@type\":\"ImageObject\",\"inLanguage\":\"de\",\"@id\":\"https:\/\/now-news.de\/de\/#\/schema\/logo\/image\/\",\"url\":\"http:\/\/just-now.news\/de\/wp-content\/uploads\/sites\/3\/2022\/04\/logo500x500.jpg\",\"contentUrl\":\"http:\/\/just-now.news\/de\/wp-content\/uploads\/sites\/3\/2022\/04\/logo500x500.jpg\",\"width\":500,\"height\":500,\"caption\":\"Just Now News\"},\"image\":{\"@id\":\"https:\/\/now-news.de\/de\/#\/schema\/logo\/image\/\"},\"sameAs\":[\"https:\/\/www.facebook.com\/wirmachenauf\",\"https:\/\/x.com\/WirMachenAuf_de\"]},{\"@type\":\"Person\",\"@id\":\"https:\/\/now-news.de\/de\/#\/schema\/person\/fb534a4e865501d8b3285208df34a9b5\",\"name\":\"rtnews\",\"image\":{\"@type\":\"ImageObject\",\"inLanguage\":\"de\",\"@id\":\"https:\/\/now-news.de\/de\/#\/schema\/person\/image\/\",\"url\":\"https:\/\/secure.gravatar.com\/avatar\/82aafea7d8127119dd649515f56e2117?s=96&d=mm&r=g\",\"contentUrl\":\"https:\/\/secure.gravatar.com\/avatar\/82aafea7d8127119dd649515f56e2117?s=96&d=mm&r=g\",\"caption\":\"rtnews\"},\"url\":\"https:\/\/now-news.de\/de\/author\/rnews\/\"}]}<\/script>\n<!-- \/ Yoast SEO Premium plugin. -->","yoast_head_json":{"title":"Trump ver\u00f6ffentlicht Landkarten mit Kanada als US-Territorium - just-now.NEWS Deutschland","robots":{"index":"index","follow":"follow","max-snippet":"max-snippet:-1","max-image-preview":"max-image-preview:large","max-video-preview":"max-video-preview:-1"},"canonical":"https:\/\/now-news.de\/de\/deutschland\/trump-veroeffentlicht-landkarten-mit-kanada-als-us-territorium\/","og_locale":"de_DE","og_type":"article","og_title":"Trump ver\u00f6ffentlicht Landkarten mit Kanada als US-Territorium","og_description":"Der designierte US-Pr\u00e4sident hat betont, dass es den Kanadiern unter seiner Herrschaft besser gehen w\u00fcrde. In einer Rede vor Journalisten am Dienstag schlug Trump vor, dass die USA &#8220;wirtschaftliche Gewalt \u201c anwenden k\u00f6nnten, um ihren n\u00f6rdlichen Nachbarn zu absorbieren. Der designierte US-Pr\u00e4sident Donald Trump hat in den sozialen Medien zwei Landkarten geteilt, die Kanada als [&hellip;]","og_url":"https:\/\/now-news.de\/de\/deutschland\/trump-veroeffentlicht-landkarten-mit-kanada-als-us-territorium\/","og_site_name":"just-now.NEWS Deutschland","article_publisher":"https:\/\/www.facebook.com\/wirmachenauf","article_published_time":"2025-01-08T12:23:53+00:00","og_image":[{"url":"https:\/\/now-news.de\/de\/wp-content\/uploads\/sites\/3\/2025\/01\/677e646548fbef31742649a4.png"}],"author":"rtnews","twitter_card":"summary_large_image","twitter_creator":"@WirMachenAuf_de","twitter_site":"@WirMachenAuf_de","twitter_misc":{"Verfasst von":"rtnews","Gesch\u00e4tzte Lesezeit":"2\u00a0Minuten"},"schema":{"@context":"https:\/\/schema.org","@graph":[{"@type":"Article","@id":"https:\/\/now-news.de\/de\/deutschland\/trump-veroeffentlicht-landkarten-mit-kanada-als-us-territorium\/#article","isPartOf":{"@id":"https:\/\/now-news.de\/de\/deutschland\/trump-veroeffentlicht-landkarten-mit-kanada-als-us-territorium\/"},"author":{"name":"rtnews","@id":"https:\/\/now-news.de\/de\/#\/schema\/person\/fb534a4e865501d8b3285208df34a9b5"},"headline":"Trump ver\u00f6ffentlicht Landkarten mit Kanada als US-Territorium","datePublished":"2025-01-08T12:23:53+00:00","dateModified":"2025-01-08T12:23:53+00:00","mainEntityOfPage":{"@id":"https:\/\/now-news.de\/de\/deutschland\/trump-veroeffentlicht-landkarten-mit-kanada-als-us-territorium\/"},"wordCount":337,"commentCount":0,"publisher":{"@id":"https:\/\/now-news.de\/de\/#organization"},"image":{"@id":"https:\/\/now-news.de\/de\/deutschland\/trump-veroeffentlicht-landkarten-mit-kanada-als-us-territorium\/#primaryimage"},"thumbnailUrl":"https:\/\/now-news.de\/de\/wp-content\/uploads\/sites\/3\/2025\/01\/Trump-veroeffentlicht-Landkarten-mit-Kanada-als-US-Territorium.png","keywords":["als","Kanada","Landkarten","mit","trump","USTerritorium","ver\u00f6ffentlicht"],"articleSection":["Deutschland","Russland"],"inLanguage":"de","potentialAction":[{"@type":"CommentAction","name":"Comment","target":["https:\/\/now-news.de\/de\/deutschland\/trump-veroeffentlicht-landkarten-mit-kanada-als-us-territorium\/#respond"]}]},{"@type":"WebPage","@id":"https:\/\/now-news.de\/de\/deutschland\/trump-veroeffentlicht-landkarten-mit-kanada-als-us-territorium\/","url":"https:\/\/now-news.de\/de\/deutschland\/trump-veroeffentlicht-landkarten-mit-kanada-als-us-territorium\/","name":"Trump ver\u00f6ffentlicht Landkarten mit Kanada als US-Territorium - just-now.NEWS Deutschland","isPartOf":{"@id":"https:\/\/now-news.de\/de\/#website"},"primaryImageOfPage":{"@id":"https:\/\/now-news.de\/de\/deutschland\/trump-veroeffentlicht-landkarten-mit-kanada-als-us-territorium\/#primaryimage"},"image":{"@id":"https:\/\/now-news.de\/de\/deutschland\/trump-veroeffentlicht-landkarten-mit-kanada-als-us-territorium\/#primaryimage"},"thumbnailUrl":"https:\/\/now-news.de\/de\/wp-content\/uploads\/sites\/3\/2025\/01\/Trump-veroeffentlicht-Landkarten-mit-Kanada-als-US-Territorium.png","datePublished":"2025-01-08T12:23:53+00:00","dateModified":"2025-01-08T12:23:53+00:00","breadcrumb":{"@id":"https:\/\/now-news.de\/de\/deutschland\/trump-veroeffentlicht-landkarten-mit-kanada-als-us-territorium\/#breadcrumb"},"inLanguage":"de","potentialAction":[{"@type":"ReadAction","target":["https:\/\/now-news.de\/de\/deutschland\/trump-veroeffentlicht-landkarten-mit-kanada-als-us-territorium\/"]}]},{"@type":"ImageObject","inLanguage":"de","@id":"https:\/\/now-news.de\/de\/deutschland\/trump-veroeffentlicht-landkarten-mit-kanada-als-us-territorium\/#primaryimage","url":"https:\/\/now-news.de\/de\/wp-content\/uploads\/sites\/3\/2025\/01\/Trump-veroeffentlicht-Landkarten-mit-Kanada-als-US-Territorium.png","contentUrl":"https:\/\/now-news.de\/de\/wp-content\/uploads\/sites\/3\/2025\/01\/Trump-veroeffentlicht-Landkarten-mit-Kanada-als-US-Territorium.png","width":768,"height":432,"caption":"Trump ver\u00f6ffentlicht Landkarten mit Kanada als US-Territorium"},{"@type":"BreadcrumbList","@id":"https:\/\/now-news.de\/de\/deutschland\/trump-veroeffentlicht-landkarten-mit-kanada-als-us-territorium\/#breadcrumb","itemListElement":[{"@type":"ListItem","position":1,"name":"Home","item":"https:\/\/now-news.de\/de\/"},{"@type":"ListItem","position":2,"name":"Trump ver\u00f6ffentlicht Landkarten mit Kanada als US-Territorium"}]},{"@type":"WebSite","@id":"https:\/\/now-news.de\/de\/#website","url":"https:\/\/now-news.de\/de\/","name":"just-now.NEWS Deutschland","description":"Das Portal f\u00fcr unzensierte Nachrichten aus der Welt","publisher":{"@id":"https:\/\/now-news.de\/de\/#organization"},"potentialAction":[{"@type":"SearchAction","target":{"@type":"EntryPoint","urlTemplate":"https:\/\/now-news.de\/de\/?s={search_term_string}"},"query-input":"required name=search_term_string"}],"inLanguage":"de"},{"@type":"Organization","@id":"https:\/\/now-news.de\/de\/#organization","name":"Just Now News","url":"https:\/\/now-news.de\/de\/","logo":{"@type":"ImageObject","inLanguage":"de","@id":"https:\/\/now-news.de\/de\/#\/schema\/logo\/image\/","url":"http:\/\/just-now.news\/de\/wp-content\/uploads\/sites\/3\/2022\/04\/logo500x500.jpg","contentUrl":"http:\/\/just-now.news\/de\/wp-content\/uploads\/sites\/3\/2022\/04\/logo500x500.jpg","width":500,"height":500,"caption":"Just Now News"},"image":{"@id":"https:\/\/now-news.de\/de\/#\/schema\/logo\/image\/"},"sameAs":["https:\/\/www.facebook.com\/wirmachenauf","https:\/\/x.com\/WirMachenAuf_de"]},{"@type":"Person","@id":"https:\/\/now-news.de\/de\/#\/schema\/person\/fb534a4e865501d8b3285208df34a9b5","name":"rtnews","image":{"@type":"ImageObject","inLanguage":"de","@id":"https:\/\/now-news.de\/de\/#\/schema\/person\/image\/","url":"https:\/\/secure.gravatar.com\/avatar\/82aafea7d8127119dd649515f56e2117?s=96&d=mm&r=g","contentUrl":"https:\/\/secure.gravatar.com\/avatar\/82aafea7d8127119dd649515f56e2117?s=96&d=mm&r=g","caption":"rtnews"},"url":"https:\/\/now-news.de\/de\/author\/rnews\/"}]}},"_links":{"self":[{"href":"https:\/\/now-news.de\/de\/wp-json\/wp\/v2\/posts\/75973"}],"collection":[{"href":"https:\/\/now-news.de\/de\/wp-json\/wp\/v2\/posts"}],"about":[{"href":"https:\/\/now-news.de\/de\/wp-json\/wp\/v2\/types\/post"}],"author":[{"embeddable":true,"href":"https:\/\/now-news.de\/de\/wp-json\/wp\/v2\/users\/3"}],"replies":[{"embeddable":true,"href":"https:\/\/now-news.de\/de\/wp-json\/wp\/v2\/comments?post=75973"}],"version-history":[{"count":0,"href":"https:\/\/now-news.de\/de\/wp-json\/wp\/v2\/posts\/75973\/revisions"}],"wp:featuredmedia":[{"embeddable":true,"href":"https:\/\/now-news.de\/de\/wp-json\/wp\/v2\/media\/75974"}],"wp:attachment":[{"href":"https:\/\/now-news.de\/de\/wp-json\/wp\/v2\/media?parent=75973"}],"wp:term":[{"taxonomy":"category","embeddable":true,"href":"https:\/\/now-news.de\/de\/wp-json\/wp\/v2\/categories?post=75973"},{"taxonomy":"post_tag","embeddable":true,"href":"https:\/\/now-news.de\/de\/wp-json\/wp\/v2\/tags?post=75973"}],"curies":[{"name":"wp","href":"https:\/\/api.w.org\/{rel}","templated":true}]}}