{"id":75940,"date":"2025-01-07T19:28:32","date_gmt":"2025-01-07T17:28:32","guid":{"rendered":"https:\/\/now-news.de\/de\/deutschland\/facebook-konzern-meta-schmeisst-faktenchecker-raus\/"},"modified":"2025-01-07T19:28:32","modified_gmt":"2025-01-07T17:28:32","slug":"facebook-konzern-meta-schmeisst-faktenchecker-raus","status":"publish","type":"post","link":"https:\/\/now-news.de\/de\/deutschland\/facebook-konzern-meta-schmeisst-faktenchecker-raus\/","title":{"rendered":"Facebook-Konzern Meta schmei\u00dft Faktenchecker raus"},"content":{"rendered":"<p><img decoding=\"async\" src=\"https:\/\/now-news.de\/de\/wp-content\/uploads\/sites\/3\/2025\/01\/677d5377b480cc38595edbdb.jpg\" \/><\/p>\n<div class=\"Text-root Text-type_1 \">\n                Meta-CEO Mark Zuckerberg hat umfassende \u00c4nderungen bei den Moderationsregeln seines Unternehmens angek\u00fcndigt. Man wolle sich nun von den bisher eingesetzten &#8220;Faktencheckern&#8221; trennen und stattdessen auf eine L\u00f6sung, wie sie auch X\/Twitter nutzt, setzen.\n            <\/div>\n<p><\/p>\n<div class=\"Text-root Text-type_5 ArticleView-text ViewText-root \">\n<p>Meta-Chef Mark Zuckerberg hat am Dienstag in einer Videobotschaft umfassende \u00c4nderungen in den Moderationsregeln seines Unternehmens angek\u00fcndigt. Im Rahmen dessen wolle man das Faktencheck-Programm, das bisher gemeinsam mit externen Unternehmen wie beispielsweise &#8220;Correctiv&#8221; umgesetzt wurde, einstellen.<\/p>\n<p><em>&#8220;Wir kehren zu unseren Wurzeln zur\u00fcck und konzentrieren uns darauf, Fehler zu reduzieren, unsere Richtlinien zu vereinfachen und die freie Meinungs\u00e4u\u00dferung auf unseren Plattformen wiederherzustellen.&#8221;<\/em><\/p>\n<p>K\u00fcnftig soll stattdessen eine von der Nutzergemeinschaft gesteuerte L\u00f6sung zum Einsatz kommen \u2013 &#8220;\u00e4hnlich wie bei X (vormals Twitter), beginnend in den USA&#8221;. Meta plane au\u00dferdem, gemeinsam mit dem US-Pr\u00e4sidenten Donald Trump weltweit gegen Regierungen vorzugehen, &#8220;die amerikanischen Unternehmen angreifen und darauf dr\u00e4ngen, mehr zu zensieren&#8221;. Er betonte, zusammen mit der neuen US-Regierung auch gegen die Zensur in der EU k\u00e4mpfen zu wollen.<\/p>\n<div class=\"EmbedBlock-root EmbedBlock-twitter\">\n<div class=\"TwitterEmbed\">\n<blockquote class=\"twitter-tweet lazyload\" data-twitter=\"twitter-tweet\">\n<p lang=\"en\" dir=\"ltr\">BREAKING: Mark Zuckerberg has just announced that he will support free speech and implement Community Notes like system on his social media platforms. <a rel=\"nofollow noopener\" target=\"_blank\" href=\"https:\/\/t.co\/fv5rjrj3ml\">pic.twitter.com\/fv5rjrj3ml<\/a><\/p>\n<p>\u2014 DogeDesigner (@cb_doge) <a rel=\"nofollow noopener\" target=\"_blank\" href=\"https:\/\/twitter.com\/cb_doge\/status\/1876606687366599123?ref_src=twsrc%5Etfw\">January 7, 2025<\/a><\/p><\/blockquote>\n<\/div>\n<\/div>\n<p>Anstatt auf kommerzielle &#8220;Faktenchecker&#8221; und Medieninformationen zu setzen, wird Meta nun, wie es bei X\/Twitter \u00fcblich ist, eine L\u00f6sung nutzen, bei der die Nutzer selbst Anmerkungen oder Korrekturen zu Beitr\u00e4gen, die m\u00f6glicherweise falsche oder irref\u00fchrende Informationen enthalten, hinzuf\u00fcgen k\u00f6nnen. Joel Kaplan, Chief Global Affairs Officer von Meta, schrieb dazu in einem Blogbeitrag:<\/p>\n<p><em>&#8220;Wir haben gesehen, dass dieser Ansatz bei X funktioniert \u2013 wo sie ihrer Community die M\u00f6glichkeit geben, zu entscheiden, wann Beitr\u00e4ge m\u00f6glicherweise irref\u00fchrend sind und mehr Kontext ben\u00f6tigen.&#8221;<\/em><\/p>\n<p>Man plane zudem, &#8220;mehr Redefreiheit zu erm\u00f6glichen&#8221; und wolle daher jetzt einige Beschr\u00e4nkungen f\u00fcr Diskussionen aufheben und sich stattdessen auf illegale und &#8220;schwerwiegende Verst\u00f6\u00dfe&#8221; wie Terrorismus, sexuelle Ausbeutung von Kindern und Drogenkriminalit\u00e4t konzentrieren. Die geplanten \u00c4nderungen betreffen Facebook sowie Instagram und Threads, starten will man diese zun\u00e4chst in den USA.<\/p>\n<p>Zuckerberg r\u00e4umte auch ein, dass seine Kehrtwende teilweise durch Trumps Sieg bei den Pr\u00e4sidentschaftswahlen ausgel\u00f6st wurde. In einem Online-Video sagte er: &#8220;Die j\u00fcngsten Wahlen f\u00fchlen sich auch wie ein kultureller Wendepunkt an, der dazu f\u00fchrt, dass die Meinungsfreiheit wieder Priorit\u00e4t erh\u00e4lt.&#8221; Nach seiner &#8220;Kehrtwende&#8221; kritisierte er &#8220;Regierungen und alte Medien&#8221; daf\u00fcr, dass sie angeblich darauf gedr\u00e4ngt haben, &#8220;mehr und mehr zu zensieren&#8221;. Trump hatte zuvor mehrfach gegen Zuckerberg gewettert und behauptet, dass die Faktenpr\u00fcfung bei Facebook Beitr\u00e4ge von konservativen Nutzern ungerecht behandele.<\/p>\n<p><strong>Mehr zum Thema<\/strong> \u2013 <a rel=\"nofollow noopener\" target=\"_blank\" href=\"https:\/\/freedert.online\/international\/217022-zuckerberg-biden-administration-draengte-facebook\/\">Zuckerberg: Biden-Regierung dr\u00e4ngte Facebook zu Zensur bei Wahlkampf und Pandemie<\/a><\/p>\n<\/p>\n<\/div>\n<p><script async src=\"https:\/\/platform.twitter.com\/widgets.js\" charset=\"utf-8\"><\/script><br \/>\n<br \/><br \/>\n<br \/><a href=\"https:\/\/de.rt.com\/international\/232025-facebook-konzern-meta-schmeisst-saemtliche\/\">Source link <\/a><\/p>\n","protected":false},"excerpt":{"rendered":"<p>Meta-CEO Mark Zuckerberg hat umfassende \u00c4nderungen bei den Moderationsregeln seines Unternehmens angek\u00fcndigt. Man wolle sich nun von den bisher eingesetzten &#8220;Faktencheckern&#8221; trennen und stattdessen auf eine L\u00f6sung, wie sie auch X\/Twitter nutzt, setzen. Meta-Chef Mark Zuckerberg hat am Dienstag in einer Videobotschaft umfassende \u00c4nderungen in den Moderationsregeln seines Unternehmens angek\u00fcndigt. Im Rahmen dessen wolle man [&hellip;]<\/p>\n","protected":false},"author":3,"featured_media":75941,"comment_status":"open","ping_status":"open","sticky":false,"template":"","format":"standard","meta":{"_yoast_indexnow_last_ping":["1736272493"],"wp_automatic_camp":["217"],"ec1599b79d2e39b19d242569d5ccfc4d":["Facebook-Konzern Meta schmei\u00dft Faktenchecker raus"],"original_link":["https:\/\/de.rt.com\/international\/232025-facebook-konzern-meta-schmeisst-saemtliche\/"],"_thumbnail_id":["75941"],"_wptgpro_p2tg_sent2tg":["a:1:{i:23737;s:19:\"2025-01-07 19:57:44\";}"],"jnews_social_counter_last_update":["1777638833"]},"categories":[19,23],"tags":[35573,30913,1577,16024,25312],"yoast_head":"<!-- This site is optimized with the Yoast SEO Premium plugin v22.7 (Yoast SEO v22.7) - https:\/\/yoast.com\/wordpress\/plugins\/seo\/ -->\n<title>Facebook-Konzern Meta schmei\u00dft Faktenchecker raus - just-now.NEWS Deutschland<\/title>\n<meta name=\"robots\" content=\"index, follow, max-snippet:-1, max-image-preview:large, max-video-preview:-1\" \/>\n<link rel=\"canonical\" href=\"https:\/\/now-news.de\/de\/deutschland\/facebook-konzern-meta-schmeisst-faktenchecker-raus\/\" \/>\n<meta property=\"og:locale\" content=\"de_DE\" \/>\n<meta property=\"og:type\" content=\"article\" \/>\n<meta property=\"og:title\" content=\"Facebook-Konzern Meta schmei\u00dft Faktenchecker raus\" \/>\n<meta property=\"og:description\" content=\"Meta-CEO Mark Zuckerberg hat umfassende \u00c4nderungen bei den Moderationsregeln seines Unternehmens angek\u00fcndigt. Man wolle sich nun von den bisher eingesetzten &#8220;Faktencheckern&#8221; trennen und stattdessen auf eine L\u00f6sung, wie sie auch X\/Twitter nutzt, setzen. Meta-Chef Mark Zuckerberg hat am Dienstag in einer Videobotschaft umfassende \u00c4nderungen in den Moderationsregeln seines Unternehmens angek\u00fcndigt. Im Rahmen dessen wolle man [&hellip;]\" \/>\n<meta property=\"og:url\" content=\"https:\/\/now-news.de\/de\/deutschland\/facebook-konzern-meta-schmeisst-faktenchecker-raus\/\" \/>\n<meta property=\"og:site_name\" content=\"just-now.NEWS Deutschland\" \/>\n<meta property=\"article:publisher\" content=\"https:\/\/www.facebook.com\/wirmachenauf\" \/>\n<meta property=\"article:published_time\" content=\"2025-01-07T17:28:32+00:00\" \/>\n<meta property=\"og:image\" content=\"https:\/\/now-news.de\/de\/wp-content\/uploads\/sites\/3\/2025\/01\/677d5377b480cc38595edbdb.jpg\" \/>\n<meta name=\"author\" content=\"rtnews\" \/>\n<meta name=\"twitter:card\" content=\"summary_large_image\" \/>\n<meta name=\"twitter:creator\" content=\"@WirMachenAuf_de\" \/>\n<meta name=\"twitter:site\" content=\"@WirMachenAuf_de\" \/>\n<meta name=\"twitter:label1\" content=\"Verfasst von\" \/>\n\t<meta name=\"twitter:data1\" content=\"rtnews\" \/>\n\t<meta name=\"twitter:label2\" content=\"Gesch\u00e4tzte Lesezeit\" \/>\n\t<meta name=\"twitter:data2\" content=\"2\u00a0Minuten\" \/>\n<script type=\"application\/ld+json\" class=\"yoast-schema-graph\">{\"@context\":\"https:\/\/schema.org\",\"@graph\":[{\"@type\":\"Article\",\"@id\":\"https:\/\/now-news.de\/de\/deutschland\/facebook-konzern-meta-schmeisst-faktenchecker-raus\/#article\",\"isPartOf\":{\"@id\":\"https:\/\/now-news.de\/de\/deutschland\/facebook-konzern-meta-schmeisst-faktenchecker-raus\/\"},\"author\":{\"name\":\"rtnews\",\"@id\":\"https:\/\/now-news.de\/de\/#\/schema\/person\/fb534a4e865501d8b3285208df34a9b5\"},\"headline\":\"Facebook-Konzern Meta schmei\u00dft Faktenchecker raus\",\"datePublished\":\"2025-01-07T17:28:32+00:00\",\"dateModified\":\"2025-01-07T17:28:32+00:00\",\"mainEntityOfPage\":{\"@id\":\"https:\/\/now-news.de\/de\/deutschland\/facebook-konzern-meta-schmeisst-faktenchecker-raus\/\"},\"wordCount\":466,\"commentCount\":0,\"publisher\":{\"@id\":\"https:\/\/now-news.de\/de\/#organization\"},\"image\":{\"@id\":\"https:\/\/now-news.de\/de\/deutschland\/facebook-konzern-meta-schmeisst-faktenchecker-raus\/#primaryimage\"},\"thumbnailUrl\":\"https:\/\/now-news.de\/de\/wp-content\/uploads\/sites\/3\/2025\/01\/Facebook-Konzern-Meta-schmeisst-Faktenchecker-raus.jpg\",\"keywords\":[\"FacebookKonzern\",\"Faktenchecker\",\"meta\",\"raus\",\"schmei\u00dft\"],\"articleSection\":[\"Deutschland\",\"Russland\"],\"inLanguage\":\"de\",\"potentialAction\":[{\"@type\":\"CommentAction\",\"name\":\"Comment\",\"target\":[\"https:\/\/now-news.de\/de\/deutschland\/facebook-konzern-meta-schmeisst-faktenchecker-raus\/#respond\"]}]},{\"@type\":\"WebPage\",\"@id\":\"https:\/\/now-news.de\/de\/deutschland\/facebook-konzern-meta-schmeisst-faktenchecker-raus\/\",\"url\":\"https:\/\/now-news.de\/de\/deutschland\/facebook-konzern-meta-schmeisst-faktenchecker-raus\/\",\"name\":\"Facebook-Konzern Meta schmei\u00dft Faktenchecker raus - just-now.NEWS Deutschland\",\"isPartOf\":{\"@id\":\"https:\/\/now-news.de\/de\/#website\"},\"primaryImageOfPage\":{\"@id\":\"https:\/\/now-news.de\/de\/deutschland\/facebook-konzern-meta-schmeisst-faktenchecker-raus\/#primaryimage\"},\"image\":{\"@id\":\"https:\/\/now-news.de\/de\/deutschland\/facebook-konzern-meta-schmeisst-faktenchecker-raus\/#primaryimage\"},\"thumbnailUrl\":\"https:\/\/now-news.de\/de\/wp-content\/uploads\/sites\/3\/2025\/01\/Facebook-Konzern-Meta-schmeisst-Faktenchecker-raus.jpg\",\"datePublished\":\"2025-01-07T17:28:32+00:00\",\"dateModified\":\"2025-01-07T17:28:32+00:00\",\"breadcrumb\":{\"@id\":\"https:\/\/now-news.de\/de\/deutschland\/facebook-konzern-meta-schmeisst-faktenchecker-raus\/#breadcrumb\"},\"inLanguage\":\"de\",\"potentialAction\":[{\"@type\":\"ReadAction\",\"target\":[\"https:\/\/now-news.de\/de\/deutschland\/facebook-konzern-meta-schmeisst-faktenchecker-raus\/\"]}]},{\"@type\":\"ImageObject\",\"inLanguage\":\"de\",\"@id\":\"https:\/\/now-news.de\/de\/deutschland\/facebook-konzern-meta-schmeisst-faktenchecker-raus\/#primaryimage\",\"url\":\"https:\/\/now-news.de\/de\/wp-content\/uploads\/sites\/3\/2025\/01\/Facebook-Konzern-Meta-schmeisst-Faktenchecker-raus.jpg\",\"contentUrl\":\"https:\/\/now-news.de\/de\/wp-content\/uploads\/sites\/3\/2025\/01\/Facebook-Konzern-Meta-schmeisst-Faktenchecker-raus.jpg\",\"width\":460,\"height\":259,\"caption\":\"Facebook-Konzern Meta schmei\u00dft Faktenchecker raus\"},{\"@type\":\"BreadcrumbList\",\"@id\":\"https:\/\/now-news.de\/de\/deutschland\/facebook-konzern-meta-schmeisst-faktenchecker-raus\/#breadcrumb\",\"itemListElement\":[{\"@type\":\"ListItem\",\"position\":1,\"name\":\"Home\",\"item\":\"https:\/\/now-news.de\/de\/\"},{\"@type\":\"ListItem\",\"position\":2,\"name\":\"Facebook-Konzern Meta schmei\u00dft Faktenchecker raus\"}]},{\"@type\":\"WebSite\",\"@id\":\"https:\/\/now-news.de\/de\/#website\",\"url\":\"https:\/\/now-news.de\/de\/\",\"name\":\"just-now.NEWS Deutschland\",\"description\":\"Das Portal f\u00fcr unzensierte Nachrichten aus der Welt\",\"publisher\":{\"@id\":\"https:\/\/now-news.de\/de\/#organization\"},\"potentialAction\":[{\"@type\":\"SearchAction\",\"target\":{\"@type\":\"EntryPoint\",\"urlTemplate\":\"https:\/\/now-news.de\/de\/?s={search_term_string}\"},\"query-input\":\"required name=search_term_string\"}],\"inLanguage\":\"de\"},{\"@type\":\"Organization\",\"@id\":\"https:\/\/now-news.de\/de\/#organization\",\"name\":\"Just Now News\",\"url\":\"https:\/\/now-news.de\/de\/\",\"logo\":{\"@type\":\"ImageObject\",\"inLanguage\":\"de\",\"@id\":\"https:\/\/now-news.de\/de\/#\/schema\/logo\/image\/\",\"url\":\"http:\/\/just-now.news\/de\/wp-content\/uploads\/sites\/3\/2022\/04\/logo500x500.jpg\",\"contentUrl\":\"http:\/\/just-now.news\/de\/wp-content\/uploads\/sites\/3\/2022\/04\/logo500x500.jpg\",\"width\":500,\"height\":500,\"caption\":\"Just Now News\"},\"image\":{\"@id\":\"https:\/\/now-news.de\/de\/#\/schema\/logo\/image\/\"},\"sameAs\":[\"https:\/\/www.facebook.com\/wirmachenauf\",\"https:\/\/x.com\/WirMachenAuf_de\"]},{\"@type\":\"Person\",\"@id\":\"https:\/\/now-news.de\/de\/#\/schema\/person\/fb534a4e865501d8b3285208df34a9b5\",\"name\":\"rtnews\",\"image\":{\"@type\":\"ImageObject\",\"inLanguage\":\"de\",\"@id\":\"https:\/\/now-news.de\/de\/#\/schema\/person\/image\/\",\"url\":\"https:\/\/secure.gravatar.com\/avatar\/82aafea7d8127119dd649515f56e2117?s=96&d=mm&r=g\",\"contentUrl\":\"https:\/\/secure.gravatar.com\/avatar\/82aafea7d8127119dd649515f56e2117?s=96&d=mm&r=g\",\"caption\":\"rtnews\"},\"url\":\"https:\/\/now-news.de\/de\/author\/rnews\/\"}]}<\/script>\n<!-- \/ Yoast SEO Premium plugin. -->","yoast_head_json":{"title":"Facebook-Konzern Meta schmei\u00dft Faktenchecker raus - just-now.NEWS Deutschland","robots":{"index":"index","follow":"follow","max-snippet":"max-snippet:-1","max-image-preview":"max-image-preview:large","max-video-preview":"max-video-preview:-1"},"canonical":"https:\/\/now-news.de\/de\/deutschland\/facebook-konzern-meta-schmeisst-faktenchecker-raus\/","og_locale":"de_DE","og_type":"article","og_title":"Facebook-Konzern Meta schmei\u00dft Faktenchecker raus","og_description":"Meta-CEO Mark Zuckerberg hat umfassende \u00c4nderungen bei den Moderationsregeln seines Unternehmens angek\u00fcndigt. Man wolle sich nun von den bisher eingesetzten &#8220;Faktencheckern&#8221; trennen und stattdessen auf eine L\u00f6sung, wie sie auch X\/Twitter nutzt, setzen. Meta-Chef Mark Zuckerberg hat am Dienstag in einer Videobotschaft umfassende \u00c4nderungen in den Moderationsregeln seines Unternehmens angek\u00fcndigt. Im Rahmen dessen wolle man [&hellip;]","og_url":"https:\/\/now-news.de\/de\/deutschland\/facebook-konzern-meta-schmeisst-faktenchecker-raus\/","og_site_name":"just-now.NEWS Deutschland","article_publisher":"https:\/\/www.facebook.com\/wirmachenauf","article_published_time":"2025-01-07T17:28:32+00:00","og_image":[{"url":"https:\/\/now-news.de\/de\/wp-content\/uploads\/sites\/3\/2025\/01\/677d5377b480cc38595edbdb.jpg"}],"author":"rtnews","twitter_card":"summary_large_image","twitter_creator":"@WirMachenAuf_de","twitter_site":"@WirMachenAuf_de","twitter_misc":{"Verfasst von":"rtnews","Gesch\u00e4tzte Lesezeit":"2\u00a0Minuten"},"schema":{"@context":"https:\/\/schema.org","@graph":[{"@type":"Article","@id":"https:\/\/now-news.de\/de\/deutschland\/facebook-konzern-meta-schmeisst-faktenchecker-raus\/#article","isPartOf":{"@id":"https:\/\/now-news.de\/de\/deutschland\/facebook-konzern-meta-schmeisst-faktenchecker-raus\/"},"author":{"name":"rtnews","@id":"https:\/\/now-news.de\/de\/#\/schema\/person\/fb534a4e865501d8b3285208df34a9b5"},"headline":"Facebook-Konzern Meta schmei\u00dft Faktenchecker raus","datePublished":"2025-01-07T17:28:32+00:00","dateModified":"2025-01-07T17:28:32+00:00","mainEntityOfPage":{"@id":"https:\/\/now-news.de\/de\/deutschland\/facebook-konzern-meta-schmeisst-faktenchecker-raus\/"},"wordCount":466,"commentCount":0,"publisher":{"@id":"https:\/\/now-news.de\/de\/#organization"},"image":{"@id":"https:\/\/now-news.de\/de\/deutschland\/facebook-konzern-meta-schmeisst-faktenchecker-raus\/#primaryimage"},"thumbnailUrl":"https:\/\/now-news.de\/de\/wp-content\/uploads\/sites\/3\/2025\/01\/Facebook-Konzern-Meta-schmeisst-Faktenchecker-raus.jpg","keywords":["FacebookKonzern","Faktenchecker","meta","raus","schmei\u00dft"],"articleSection":["Deutschland","Russland"],"inLanguage":"de","potentialAction":[{"@type":"CommentAction","name":"Comment","target":["https:\/\/now-news.de\/de\/deutschland\/facebook-konzern-meta-schmeisst-faktenchecker-raus\/#respond"]}]},{"@type":"WebPage","@id":"https:\/\/now-news.de\/de\/deutschland\/facebook-konzern-meta-schmeisst-faktenchecker-raus\/","url":"https:\/\/now-news.de\/de\/deutschland\/facebook-konzern-meta-schmeisst-faktenchecker-raus\/","name":"Facebook-Konzern Meta schmei\u00dft Faktenchecker raus - just-now.NEWS Deutschland","isPartOf":{"@id":"https:\/\/now-news.de\/de\/#website"},"primaryImageOfPage":{"@id":"https:\/\/now-news.de\/de\/deutschland\/facebook-konzern-meta-schmeisst-faktenchecker-raus\/#primaryimage"},"image":{"@id":"https:\/\/now-news.de\/de\/deutschland\/facebook-konzern-meta-schmeisst-faktenchecker-raus\/#primaryimage"},"thumbnailUrl":"https:\/\/now-news.de\/de\/wp-content\/uploads\/sites\/3\/2025\/01\/Facebook-Konzern-Meta-schmeisst-Faktenchecker-raus.jpg","datePublished":"2025-01-07T17:28:32+00:00","dateModified":"2025-01-07T17:28:32+00:00","breadcrumb":{"@id":"https:\/\/now-news.de\/de\/deutschland\/facebook-konzern-meta-schmeisst-faktenchecker-raus\/#breadcrumb"},"inLanguage":"de","potentialAction":[{"@type":"ReadAction","target":["https:\/\/now-news.de\/de\/deutschland\/facebook-konzern-meta-schmeisst-faktenchecker-raus\/"]}]},{"@type":"ImageObject","inLanguage":"de","@id":"https:\/\/now-news.de\/de\/deutschland\/facebook-konzern-meta-schmeisst-faktenchecker-raus\/#primaryimage","url":"https:\/\/now-news.de\/de\/wp-content\/uploads\/sites\/3\/2025\/01\/Facebook-Konzern-Meta-schmeisst-Faktenchecker-raus.jpg","contentUrl":"https:\/\/now-news.de\/de\/wp-content\/uploads\/sites\/3\/2025\/01\/Facebook-Konzern-Meta-schmeisst-Faktenchecker-raus.jpg","width":460,"height":259,"caption":"Facebook-Konzern Meta schmei\u00dft Faktenchecker raus"},{"@type":"BreadcrumbList","@id":"https:\/\/now-news.de\/de\/deutschland\/facebook-konzern-meta-schmeisst-faktenchecker-raus\/#breadcrumb","itemListElement":[{"@type":"ListItem","position":1,"name":"Home","item":"https:\/\/now-news.de\/de\/"},{"@type":"ListItem","position":2,"name":"Facebook-Konzern Meta schmei\u00dft Faktenchecker raus"}]},{"@type":"WebSite","@id":"https:\/\/now-news.de\/de\/#website","url":"https:\/\/now-news.de\/de\/","name":"just-now.NEWS Deutschland","description":"Das Portal f\u00fcr unzensierte Nachrichten aus der Welt","publisher":{"@id":"https:\/\/now-news.de\/de\/#organization"},"potentialAction":[{"@type":"SearchAction","target":{"@type":"EntryPoint","urlTemplate":"https:\/\/now-news.de\/de\/?s={search_term_string}"},"query-input":"required name=search_term_string"}],"inLanguage":"de"},{"@type":"Organization","@id":"https:\/\/now-news.de\/de\/#organization","name":"Just Now News","url":"https:\/\/now-news.de\/de\/","logo":{"@type":"ImageObject","inLanguage":"de","@id":"https:\/\/now-news.de\/de\/#\/schema\/logo\/image\/","url":"http:\/\/just-now.news\/de\/wp-content\/uploads\/sites\/3\/2022\/04\/logo500x500.jpg","contentUrl":"http:\/\/just-now.news\/de\/wp-content\/uploads\/sites\/3\/2022\/04\/logo500x500.jpg","width":500,"height":500,"caption":"Just Now News"},"image":{"@id":"https:\/\/now-news.de\/de\/#\/schema\/logo\/image\/"},"sameAs":["https:\/\/www.facebook.com\/wirmachenauf","https:\/\/x.com\/WirMachenAuf_de"]},{"@type":"Person","@id":"https:\/\/now-news.de\/de\/#\/schema\/person\/fb534a4e865501d8b3285208df34a9b5","name":"rtnews","image":{"@type":"ImageObject","inLanguage":"de","@id":"https:\/\/now-news.de\/de\/#\/schema\/person\/image\/","url":"https:\/\/secure.gravatar.com\/avatar\/82aafea7d8127119dd649515f56e2117?s=96&d=mm&r=g","contentUrl":"https:\/\/secure.gravatar.com\/avatar\/82aafea7d8127119dd649515f56e2117?s=96&d=mm&r=g","caption":"rtnews"},"url":"https:\/\/now-news.de\/de\/author\/rnews\/"}]}},"_links":{"self":[{"href":"https:\/\/now-news.de\/de\/wp-json\/wp\/v2\/posts\/75940"}],"collection":[{"href":"https:\/\/now-news.de\/de\/wp-json\/wp\/v2\/posts"}],"about":[{"href":"https:\/\/now-news.de\/de\/wp-json\/wp\/v2\/types\/post"}],"author":[{"embeddable":true,"href":"https:\/\/now-news.de\/de\/wp-json\/wp\/v2\/users\/3"}],"replies":[{"embeddable":true,"href":"https:\/\/now-news.de\/de\/wp-json\/wp\/v2\/comments?post=75940"}],"version-history":[{"count":0,"href":"https:\/\/now-news.de\/de\/wp-json\/wp\/v2\/posts\/75940\/revisions"}],"wp:featuredmedia":[{"embeddable":true,"href":"https:\/\/now-news.de\/de\/wp-json\/wp\/v2\/media\/75941"}],"wp:attachment":[{"href":"https:\/\/now-news.de\/de\/wp-json\/wp\/v2\/media?parent=75940"}],"wp:term":[{"taxonomy":"category","embeddable":true,"href":"https:\/\/now-news.de\/de\/wp-json\/wp\/v2\/categories?post=75940"},{"taxonomy":"post_tag","embeddable":true,"href":"https:\/\/now-news.de\/de\/wp-json\/wp\/v2\/tags?post=75940"}],"curies":[{"name":"wp","href":"https:\/\/api.w.org\/{rel}","templated":true}]}}