{"id":75914,"date":"2025-01-07T11:44:23","date_gmt":"2025-01-07T09:44:23","guid":{"rendered":"https:\/\/now-news.de\/de\/deutschland\/geraten-washington-und-ankara-in-syrien-aneinander-tuerkei-droht-mit-vernichtung-kurdischer-milizen\/"},"modified":"2025-01-07T11:44:23","modified_gmt":"2025-01-07T09:44:23","slug":"geraten-washington-und-ankara-in-syrien-aneinander-tuerkei-droht-mit-vernichtung-kurdischer-milizen","status":"publish","type":"post","link":"https:\/\/now-news.de\/de\/deutschland\/geraten-washington-und-ankara-in-syrien-aneinander-tuerkei-droht-mit-vernichtung-kurdischer-milizen\/","title":{"rendered":"Geraten Washington und Ankara in Syrien aneinander? T\u00fcrkei droht mit Vernichtung kurdischer Milizen"},"content":{"rendered":"<p><img decoding=\"async\" src=\"https:\/\/now-news.de\/de\/wp-content\/uploads\/sites\/3\/2025\/01\/677cefca48fbef316e7076b6.jpg\" \/><\/p>\n<div class=\"Text-root Text-type_1 \">\n                Die T\u00fcrkei warnt vor einer Unterst\u00fctzung der kurdisch gef\u00fchrten Gruppen in Syrien durch den Westen. Die Bedingungen in Syrien h\u00e4tten sich ver\u00e4ndert, sagte der t\u00fcrkische Au\u00dfenminister mit Verweis auf die dortige Macht\u00fcbernahme der islamistischen HTS-Miliz.\n            <\/div>\n<p><\/p>\n<div class=\"Text-root Text-type_5 ArticleView-text ViewText-root \">\n<p>Der t\u00fcrkische Au\u00dfenminister hat erkl\u00e4rt, dass es &#8220;nur eine Frage der Zeit&#8221; sei, bis die von Kurden gef\u00fchrten bewaffneten Gruppen in Syrien zerschlagen w\u00fcrden, und dass Ankara keiner Situation zustimmen werde, die es der bewaffneten Gruppe YPG erlaube, nach dem Sturz des Syrischen Pr\u00e4sident Baschar al-Assad dort pr\u00e4sent zu bleiben.<\/p>\n<p>Die T\u00fcrkei betrachtet die von den USA unterst\u00fctzten Volksverteidigungseinheiten (YPG) als &#8220;terroristische&#8221; Gruppe, die mit der verbotenen Arbeiterpartei Kurdistans (PKK) verbunden ist. &#8220;Die Bedingungen in Syrien haben sich ge\u00e4ndert. Wir glauben, dass es nur eine Frage der Zeit ist, bis die PKK\/YPG beseitigt ist&#8221;, sagte Au\u00dfenminister Hakan Fidan am Montag bei einer Pressekonferenz in der Hauptstadt Ankara. Fidan warnte vor jeglicher westlicher Unterst\u00fctzung f\u00fcr die kurdisch gef\u00fchrten Gruppen in Syrien.<\/p>\n<p>&#8220;Wenn Sie [der Westen] andere Ziele in der Region haben, wenn Sie eine andere Politik betreiben wollen, indem Sie den IS als Vorwand nutzen, um die PKK zu motivieren&#8221;, dann werde die T\u00fcrkei diese Linie in der Region nicht akzeptieren, drohte Fidan.<\/p>\n<p>Die T\u00fcrkei ist seit langem ver\u00e4rgert \u00fcber die Unterst\u00fctzung der USA f\u00fcr die kurdisch gef\u00fchrte Selbstverwaltung (SDF) im Nordosten Syriens. Die kurdische Selbstverwaltung, die sich 2019 am Kampf gegen den IS beteiligte und unter anderem die Gefangenenlager leitet und \u00fcberwacht, in denen IS-K\u00e4mpfer festgehalten werden, wird von Washington seit langem als entscheidend daf\u00fcr angesehen, &#8220;ein Wiedererstarken des IS zu verhindern.&#8221; Tats\u00e4chlich nutzen die USA ihre Pr\u00e4senz in Syrien jedoch auch, um die Ressourcen des Landes zu pl\u00fcndern.<\/p>\n<p>Der neue syrische Machthaber Muhammad Dschaulani, dessen islamistische Gruppe Hayat Tahrir al-Sham (HTS) seit langem Beziehungen zur T\u00fcrkei unterh\u00e4lt, erkl\u00e4rte am Sonntag gegen\u00fcber dem Fernsehsender <em>Al Arabiya<\/em>, dass die kurdisch gef\u00fchrten Kr\u00e4fte in die nationale Armee integriert werden sollten.<\/p>\n<p>Fidan \u00e4u\u00dferte sich nach einem Treffen mit dem jordanischen Au\u00dfenminister Ayman Safadi, mit dem er \u00fcber die Bedrohung durch den IS in Syrien nach dem Sturz von Assad durch die von der HTS angef\u00fchrten Islamisten sprach.<\/p>\n<p>Beobachter bef\u00fcrchten, dass die IS-K\u00e4mpfer nach dem Sturz von Assad wieder an St\u00e4rke gewinnen k\u00f6nnten. Fidan \u00e4u\u00dferte sich diesbez\u00fcglich einen Tag, nachdem der t\u00fcrkische Pr\u00e4sident Recep Tayyip Erdo\u011fan erkl\u00e4rt hatte, dass die neuen syrischen Machthaber entschlossen seien, die YPG zu zerschlagen.<\/p>\n<p><strong>Mehr zum Thema<\/strong> &#8211; <a rel=\"nofollow noopener\" target=\"_blank\" href=\"https:\/\/freedert.online\/der-nahe-osten\/231757-videos-zeigen-syriens-neuen-justizminister\/\">Videos zeigen Syriens neuen Justizminister bei \u00dcberwachung \u00f6ffentlicher Hinrichtungen von Frauen<\/a><\/p>\n<div class=\"EmbedBlock-root EmbedBlock-externalVideo EmbedBlock-rumble\">\n<div class=\"VkEmbed\"><iframe class=\"lazyload\" data-src=\"https:\/\/rumble.com\/embed\/v5vf25w\" frameborder=\"0\" width=\"853\" height=\"480\" allowfullscreen><\/iframe><\/div>\n<\/div>\n<\/div>\n<p><br \/>\n<br \/><a href=\"https:\/\/de.rt.com\/der-nahe-osten\/231968-tuerkei-will-kurdisch-gefuehrte-bewaffnete\/\">Source link <\/a><\/p>\n","protected":false},"excerpt":{"rendered":"<p>Die T\u00fcrkei warnt vor einer Unterst\u00fctzung der kurdisch gef\u00fchrten Gruppen in Syrien durch den Westen. Die Bedingungen in Syrien h\u00e4tten sich ver\u00e4ndert, sagte der t\u00fcrkische Au\u00dfenminister mit Verweis auf die dortige Macht\u00fcbernahme der islamistischen HTS-Miliz. Der t\u00fcrkische Au\u00dfenminister hat erkl\u00e4rt, dass es &#8220;nur eine Frage der Zeit&#8221; sei, bis die von Kurden gef\u00fchrten bewaffneten Gruppen [&hellip;]<\/p>\n","protected":false},"author":3,"featured_media":75915,"comment_status":"open","ping_status":"open","sticky":false,"template":"","format":"standard","meta":{"_yoast_indexnow_last_ping":["1736243876"],"wp_automatic_camp":["217"],"267da7eb1d28f7fa8d4b58f16acb1421":["Geraten Washington und Ankara in Syrien aneinander? T\u00fcrkei droht mit Vernichtung kurdischer Milizen"],"original_link":["https:\/\/de.rt.com\/der-nahe-osten\/231968-tuerkei-will-kurdisch-gefuehrte-bewaffnete\/"],"_thumbnail_id":["75915"],"_wptgpro_p2tg_sent2tg":["a:1:{i:23737;s:19:\"2025-01-07 11:59:15\";}"],"jnews_social_counter_last_update":["1777804822"]},"categories":[19,23],"tags":[61644,1800,44,11199,61645,18715,419,783,1897,140,26784,1039],"yoast_head":"<!-- This site is optimized with the Yoast SEO Premium plugin v22.7 (Yoast SEO v22.7) - https:\/\/yoast.com\/wordpress\/plugins\/seo\/ -->\n<title>Geraten Washington und Ankara in Syrien aneinander? T\u00fcrkei droht mit Vernichtung kurdischer Milizen - just-now.NEWS Deutschland<\/title>\n<meta name=\"robots\" content=\"index, follow, max-snippet:-1, max-image-preview:large, max-video-preview:-1\" \/>\n<link rel=\"canonical\" href=\"https:\/\/now-news.de\/de\/deutschland\/geraten-washington-und-ankara-in-syrien-aneinander-tuerkei-droht-mit-vernichtung-kurdischer-milizen\/\" \/>\n<meta property=\"og:locale\" content=\"de_DE\" \/>\n<meta property=\"og:type\" content=\"article\" \/>\n<meta property=\"og:title\" content=\"Geraten Washington und Ankara in Syrien aneinander? T\u00fcrkei droht mit Vernichtung kurdischer Milizen\" \/>\n<meta property=\"og:description\" content=\"Die T\u00fcrkei warnt vor einer Unterst\u00fctzung der kurdisch gef\u00fchrten Gruppen in Syrien durch den Westen. Die Bedingungen in Syrien h\u00e4tten sich ver\u00e4ndert, sagte der t\u00fcrkische Au\u00dfenminister mit Verweis auf die dortige Macht\u00fcbernahme der islamistischen HTS-Miliz. Der t\u00fcrkische Au\u00dfenminister hat erkl\u00e4rt, dass es &#8220;nur eine Frage der Zeit&#8221; sei, bis die von Kurden gef\u00fchrten bewaffneten Gruppen [&hellip;]\" \/>\n<meta property=\"og:url\" content=\"https:\/\/now-news.de\/de\/deutschland\/geraten-washington-und-ankara-in-syrien-aneinander-tuerkei-droht-mit-vernichtung-kurdischer-milizen\/\" \/>\n<meta property=\"og:site_name\" content=\"just-now.NEWS Deutschland\" \/>\n<meta property=\"article:publisher\" content=\"https:\/\/www.facebook.com\/wirmachenauf\" \/>\n<meta property=\"article:published_time\" content=\"2025-01-07T09:44:23+00:00\" \/>\n<meta property=\"og:image\" content=\"https:\/\/now-news.de\/de\/wp-content\/uploads\/sites\/3\/2025\/01\/677cefca48fbef316e7076b6.jpg\" \/>\n<meta name=\"author\" content=\"rtnews\" \/>\n<meta name=\"twitter:card\" content=\"summary_large_image\" \/>\n<meta name=\"twitter:creator\" content=\"@WirMachenAuf_de\" \/>\n<meta name=\"twitter:site\" content=\"@WirMachenAuf_de\" \/>\n<meta name=\"twitter:label1\" content=\"Verfasst von\" \/>\n\t<meta name=\"twitter:data1\" content=\"rtnews\" \/>\n\t<meta name=\"twitter:label2\" content=\"Gesch\u00e4tzte Lesezeit\" \/>\n\t<meta name=\"twitter:data2\" content=\"2\u00a0Minuten\" \/>\n<script type=\"application\/ld+json\" class=\"yoast-schema-graph\">{\"@context\":\"https:\/\/schema.org\",\"@graph\":[{\"@type\":\"Article\",\"@id\":\"https:\/\/now-news.de\/de\/deutschland\/geraten-washington-und-ankara-in-syrien-aneinander-tuerkei-droht-mit-vernichtung-kurdischer-milizen\/#article\",\"isPartOf\":{\"@id\":\"https:\/\/now-news.de\/de\/deutschland\/geraten-washington-und-ankara-in-syrien-aneinander-tuerkei-droht-mit-vernichtung-kurdischer-milizen\/\"},\"author\":{\"name\":\"rtnews\",\"@id\":\"https:\/\/now-news.de\/de\/#\/schema\/person\/fb534a4e865501d8b3285208df34a9b5\"},\"headline\":\"Geraten Washington und Ankara in Syrien aneinander? T\u00fcrkei droht mit Vernichtung kurdischer Milizen\",\"datePublished\":\"2025-01-07T09:44:23+00:00\",\"dateModified\":\"2025-01-07T09:44:23+00:00\",\"mainEntityOfPage\":{\"@id\":\"https:\/\/now-news.de\/de\/deutschland\/geraten-washington-und-ankara-in-syrien-aneinander-tuerkei-droht-mit-vernichtung-kurdischer-milizen\/\"},\"wordCount\":474,\"commentCount\":0,\"publisher\":{\"@id\":\"https:\/\/now-news.de\/de\/#organization\"},\"image\":{\"@id\":\"https:\/\/now-news.de\/de\/deutschland\/geraten-washington-und-ankara-in-syrien-aneinander-tuerkei-droht-mit-vernichtung-kurdischer-milizen\/#primaryimage\"},\"thumbnailUrl\":\"https:\/\/now-news.de\/de\/wp-content\/uploads\/sites\/3\/2025\/01\/Geraten-Washington-und-Ankara-in-Syrien-aneinander-Tuerkei-droht-mit.jpg\",\"keywords\":[\"aneinander\",\"Ankara\",\"droht\",\"geraten\",\"kurdischer\",\"Milizen\",\"mit\",\"Syrien\",\"T\u00fcrkei\",\"und\",\"Vernichtung\",\"Washington\"],\"articleSection\":[\"Deutschland\",\"Russland\"],\"inLanguage\":\"de\",\"potentialAction\":[{\"@type\":\"CommentAction\",\"name\":\"Comment\",\"target\":[\"https:\/\/now-news.de\/de\/deutschland\/geraten-washington-und-ankara-in-syrien-aneinander-tuerkei-droht-mit-vernichtung-kurdischer-milizen\/#respond\"]}]},{\"@type\":\"WebPage\",\"@id\":\"https:\/\/now-news.de\/de\/deutschland\/geraten-washington-und-ankara-in-syrien-aneinander-tuerkei-droht-mit-vernichtung-kurdischer-milizen\/\",\"url\":\"https:\/\/now-news.de\/de\/deutschland\/geraten-washington-und-ankara-in-syrien-aneinander-tuerkei-droht-mit-vernichtung-kurdischer-milizen\/\",\"name\":\"Geraten Washington und Ankara in Syrien aneinander? T\u00fcrkei droht mit Vernichtung kurdischer Milizen - just-now.NEWS Deutschland\",\"isPartOf\":{\"@id\":\"https:\/\/now-news.de\/de\/#website\"},\"primaryImageOfPage\":{\"@id\":\"https:\/\/now-news.de\/de\/deutschland\/geraten-washington-und-ankara-in-syrien-aneinander-tuerkei-droht-mit-vernichtung-kurdischer-milizen\/#primaryimage\"},\"image\":{\"@id\":\"https:\/\/now-news.de\/de\/deutschland\/geraten-washington-und-ankara-in-syrien-aneinander-tuerkei-droht-mit-vernichtung-kurdischer-milizen\/#primaryimage\"},\"thumbnailUrl\":\"https:\/\/now-news.de\/de\/wp-content\/uploads\/sites\/3\/2025\/01\/Geraten-Washington-und-Ankara-in-Syrien-aneinander-Tuerkei-droht-mit.jpg\",\"datePublished\":\"2025-01-07T09:44:23+00:00\",\"dateModified\":\"2025-01-07T09:44:23+00:00\",\"breadcrumb\":{\"@id\":\"https:\/\/now-news.de\/de\/deutschland\/geraten-washington-und-ankara-in-syrien-aneinander-tuerkei-droht-mit-vernichtung-kurdischer-milizen\/#breadcrumb\"},\"inLanguage\":\"de\",\"potentialAction\":[{\"@type\":\"ReadAction\",\"target\":[\"https:\/\/now-news.de\/de\/deutschland\/geraten-washington-und-ankara-in-syrien-aneinander-tuerkei-droht-mit-vernichtung-kurdischer-milizen\/\"]}]},{\"@type\":\"ImageObject\",\"inLanguage\":\"de\",\"@id\":\"https:\/\/now-news.de\/de\/deutschland\/geraten-washington-und-ankara-in-syrien-aneinander-tuerkei-droht-mit-vernichtung-kurdischer-milizen\/#primaryimage\",\"url\":\"https:\/\/now-news.de\/de\/wp-content\/uploads\/sites\/3\/2025\/01\/Geraten-Washington-und-Ankara-in-Syrien-aneinander-Tuerkei-droht-mit.jpg\",\"contentUrl\":\"https:\/\/now-news.de\/de\/wp-content\/uploads\/sites\/3\/2025\/01\/Geraten-Washington-und-Ankara-in-Syrien-aneinander-Tuerkei-droht-mit.jpg\",\"width\":460,\"height\":259,\"caption\":\"Geraten Washington und Ankara in Syrien aneinander? T\u00fcrkei droht mit Vernichtung kurdischer Milizen\"},{\"@type\":\"BreadcrumbList\",\"@id\":\"https:\/\/now-news.de\/de\/deutschland\/geraten-washington-und-ankara-in-syrien-aneinander-tuerkei-droht-mit-vernichtung-kurdischer-milizen\/#breadcrumb\",\"itemListElement\":[{\"@type\":\"ListItem\",\"position\":1,\"name\":\"Home\",\"item\":\"https:\/\/now-news.de\/de\/\"},{\"@type\":\"ListItem\",\"position\":2,\"name\":\"Geraten Washington und Ankara in Syrien aneinander? T\u00fcrkei droht mit Vernichtung kurdischer Milizen\"}]},{\"@type\":\"WebSite\",\"@id\":\"https:\/\/now-news.de\/de\/#website\",\"url\":\"https:\/\/now-news.de\/de\/\",\"name\":\"just-now.NEWS Deutschland\",\"description\":\"Das Portal f\u00fcr unzensierte Nachrichten aus der Welt\",\"publisher\":{\"@id\":\"https:\/\/now-news.de\/de\/#organization\"},\"potentialAction\":[{\"@type\":\"SearchAction\",\"target\":{\"@type\":\"EntryPoint\",\"urlTemplate\":\"https:\/\/now-news.de\/de\/?s={search_term_string}\"},\"query-input\":\"required name=search_term_string\"}],\"inLanguage\":\"de\"},{\"@type\":\"Organization\",\"@id\":\"https:\/\/now-news.de\/de\/#organization\",\"name\":\"Just Now News\",\"url\":\"https:\/\/now-news.de\/de\/\",\"logo\":{\"@type\":\"ImageObject\",\"inLanguage\":\"de\",\"@id\":\"https:\/\/now-news.de\/de\/#\/schema\/logo\/image\/\",\"url\":\"http:\/\/just-now.news\/de\/wp-content\/uploads\/sites\/3\/2022\/04\/logo500x500.jpg\",\"contentUrl\":\"http:\/\/just-now.news\/de\/wp-content\/uploads\/sites\/3\/2022\/04\/logo500x500.jpg\",\"width\":500,\"height\":500,\"caption\":\"Just Now News\"},\"image\":{\"@id\":\"https:\/\/now-news.de\/de\/#\/schema\/logo\/image\/\"},\"sameAs\":[\"https:\/\/www.facebook.com\/wirmachenauf\",\"https:\/\/x.com\/WirMachenAuf_de\"]},{\"@type\":\"Person\",\"@id\":\"https:\/\/now-news.de\/de\/#\/schema\/person\/fb534a4e865501d8b3285208df34a9b5\",\"name\":\"rtnews\",\"image\":{\"@type\":\"ImageObject\",\"inLanguage\":\"de\",\"@id\":\"https:\/\/now-news.de\/de\/#\/schema\/person\/image\/\",\"url\":\"https:\/\/secure.gravatar.com\/avatar\/82aafea7d8127119dd649515f56e2117?s=96&d=mm&r=g\",\"contentUrl\":\"https:\/\/secure.gravatar.com\/avatar\/82aafea7d8127119dd649515f56e2117?s=96&d=mm&r=g\",\"caption\":\"rtnews\"},\"url\":\"https:\/\/now-news.de\/de\/author\/rnews\/\"}]}<\/script>\n<!-- \/ Yoast SEO Premium plugin. -->","yoast_head_json":{"title":"Geraten Washington und Ankara in Syrien aneinander? T\u00fcrkei droht mit Vernichtung kurdischer Milizen - just-now.NEWS Deutschland","robots":{"index":"index","follow":"follow","max-snippet":"max-snippet:-1","max-image-preview":"max-image-preview:large","max-video-preview":"max-video-preview:-1"},"canonical":"https:\/\/now-news.de\/de\/deutschland\/geraten-washington-und-ankara-in-syrien-aneinander-tuerkei-droht-mit-vernichtung-kurdischer-milizen\/","og_locale":"de_DE","og_type":"article","og_title":"Geraten Washington und Ankara in Syrien aneinander? T\u00fcrkei droht mit Vernichtung kurdischer Milizen","og_description":"Die T\u00fcrkei warnt vor einer Unterst\u00fctzung der kurdisch gef\u00fchrten Gruppen in Syrien durch den Westen. Die Bedingungen in Syrien h\u00e4tten sich ver\u00e4ndert, sagte der t\u00fcrkische Au\u00dfenminister mit Verweis auf die dortige Macht\u00fcbernahme der islamistischen HTS-Miliz. Der t\u00fcrkische Au\u00dfenminister hat erkl\u00e4rt, dass es &#8220;nur eine Frage der Zeit&#8221; sei, bis die von Kurden gef\u00fchrten bewaffneten Gruppen [&hellip;]","og_url":"https:\/\/now-news.de\/de\/deutschland\/geraten-washington-und-ankara-in-syrien-aneinander-tuerkei-droht-mit-vernichtung-kurdischer-milizen\/","og_site_name":"just-now.NEWS Deutschland","article_publisher":"https:\/\/www.facebook.com\/wirmachenauf","article_published_time":"2025-01-07T09:44:23+00:00","og_image":[{"url":"https:\/\/now-news.de\/de\/wp-content\/uploads\/sites\/3\/2025\/01\/677cefca48fbef316e7076b6.jpg"}],"author":"rtnews","twitter_card":"summary_large_image","twitter_creator":"@WirMachenAuf_de","twitter_site":"@WirMachenAuf_de","twitter_misc":{"Verfasst von":"rtnews","Gesch\u00e4tzte Lesezeit":"2\u00a0Minuten"},"schema":{"@context":"https:\/\/schema.org","@graph":[{"@type":"Article","@id":"https:\/\/now-news.de\/de\/deutschland\/geraten-washington-und-ankara-in-syrien-aneinander-tuerkei-droht-mit-vernichtung-kurdischer-milizen\/#article","isPartOf":{"@id":"https:\/\/now-news.de\/de\/deutschland\/geraten-washington-und-ankara-in-syrien-aneinander-tuerkei-droht-mit-vernichtung-kurdischer-milizen\/"},"author":{"name":"rtnews","@id":"https:\/\/now-news.de\/de\/#\/schema\/person\/fb534a4e865501d8b3285208df34a9b5"},"headline":"Geraten Washington und Ankara in Syrien aneinander? T\u00fcrkei droht mit Vernichtung kurdischer Milizen","datePublished":"2025-01-07T09:44:23+00:00","dateModified":"2025-01-07T09:44:23+00:00","mainEntityOfPage":{"@id":"https:\/\/now-news.de\/de\/deutschland\/geraten-washington-und-ankara-in-syrien-aneinander-tuerkei-droht-mit-vernichtung-kurdischer-milizen\/"},"wordCount":474,"commentCount":0,"publisher":{"@id":"https:\/\/now-news.de\/de\/#organization"},"image":{"@id":"https:\/\/now-news.de\/de\/deutschland\/geraten-washington-und-ankara-in-syrien-aneinander-tuerkei-droht-mit-vernichtung-kurdischer-milizen\/#primaryimage"},"thumbnailUrl":"https:\/\/now-news.de\/de\/wp-content\/uploads\/sites\/3\/2025\/01\/Geraten-Washington-und-Ankara-in-Syrien-aneinander-Tuerkei-droht-mit.jpg","keywords":["aneinander","Ankara","droht","geraten","kurdischer","Milizen","mit","Syrien","T\u00fcrkei","und","Vernichtung","Washington"],"articleSection":["Deutschland","Russland"],"inLanguage":"de","potentialAction":[{"@type":"CommentAction","name":"Comment","target":["https:\/\/now-news.de\/de\/deutschland\/geraten-washington-und-ankara-in-syrien-aneinander-tuerkei-droht-mit-vernichtung-kurdischer-milizen\/#respond"]}]},{"@type":"WebPage","@id":"https:\/\/now-news.de\/de\/deutschland\/geraten-washington-und-ankara-in-syrien-aneinander-tuerkei-droht-mit-vernichtung-kurdischer-milizen\/","url":"https:\/\/now-news.de\/de\/deutschland\/geraten-washington-und-ankara-in-syrien-aneinander-tuerkei-droht-mit-vernichtung-kurdischer-milizen\/","name":"Geraten Washington und Ankara in Syrien aneinander? T\u00fcrkei droht mit Vernichtung kurdischer Milizen - just-now.NEWS Deutschland","isPartOf":{"@id":"https:\/\/now-news.de\/de\/#website"},"primaryImageOfPage":{"@id":"https:\/\/now-news.de\/de\/deutschland\/geraten-washington-und-ankara-in-syrien-aneinander-tuerkei-droht-mit-vernichtung-kurdischer-milizen\/#primaryimage"},"image":{"@id":"https:\/\/now-news.de\/de\/deutschland\/geraten-washington-und-ankara-in-syrien-aneinander-tuerkei-droht-mit-vernichtung-kurdischer-milizen\/#primaryimage"},"thumbnailUrl":"https:\/\/now-news.de\/de\/wp-content\/uploads\/sites\/3\/2025\/01\/Geraten-Washington-und-Ankara-in-Syrien-aneinander-Tuerkei-droht-mit.jpg","datePublished":"2025-01-07T09:44:23+00:00","dateModified":"2025-01-07T09:44:23+00:00","breadcrumb":{"@id":"https:\/\/now-news.de\/de\/deutschland\/geraten-washington-und-ankara-in-syrien-aneinander-tuerkei-droht-mit-vernichtung-kurdischer-milizen\/#breadcrumb"},"inLanguage":"de","potentialAction":[{"@type":"ReadAction","target":["https:\/\/now-news.de\/de\/deutschland\/geraten-washington-und-ankara-in-syrien-aneinander-tuerkei-droht-mit-vernichtung-kurdischer-milizen\/"]}]},{"@type":"ImageObject","inLanguage":"de","@id":"https:\/\/now-news.de\/de\/deutschland\/geraten-washington-und-ankara-in-syrien-aneinander-tuerkei-droht-mit-vernichtung-kurdischer-milizen\/#primaryimage","url":"https:\/\/now-news.de\/de\/wp-content\/uploads\/sites\/3\/2025\/01\/Geraten-Washington-und-Ankara-in-Syrien-aneinander-Tuerkei-droht-mit.jpg","contentUrl":"https:\/\/now-news.de\/de\/wp-content\/uploads\/sites\/3\/2025\/01\/Geraten-Washington-und-Ankara-in-Syrien-aneinander-Tuerkei-droht-mit.jpg","width":460,"height":259,"caption":"Geraten Washington und Ankara in Syrien aneinander? T\u00fcrkei droht mit Vernichtung kurdischer Milizen"},{"@type":"BreadcrumbList","@id":"https:\/\/now-news.de\/de\/deutschland\/geraten-washington-und-ankara-in-syrien-aneinander-tuerkei-droht-mit-vernichtung-kurdischer-milizen\/#breadcrumb","itemListElement":[{"@type":"ListItem","position":1,"name":"Home","item":"https:\/\/now-news.de\/de\/"},{"@type":"ListItem","position":2,"name":"Geraten Washington und Ankara in Syrien aneinander? T\u00fcrkei droht mit Vernichtung kurdischer Milizen"}]},{"@type":"WebSite","@id":"https:\/\/now-news.de\/de\/#website","url":"https:\/\/now-news.de\/de\/","name":"just-now.NEWS Deutschland","description":"Das Portal f\u00fcr unzensierte Nachrichten aus der Welt","publisher":{"@id":"https:\/\/now-news.de\/de\/#organization"},"potentialAction":[{"@type":"SearchAction","target":{"@type":"EntryPoint","urlTemplate":"https:\/\/now-news.de\/de\/?s={search_term_string}"},"query-input":"required name=search_term_string"}],"inLanguage":"de"},{"@type":"Organization","@id":"https:\/\/now-news.de\/de\/#organization","name":"Just Now News","url":"https:\/\/now-news.de\/de\/","logo":{"@type":"ImageObject","inLanguage":"de","@id":"https:\/\/now-news.de\/de\/#\/schema\/logo\/image\/","url":"http:\/\/just-now.news\/de\/wp-content\/uploads\/sites\/3\/2022\/04\/logo500x500.jpg","contentUrl":"http:\/\/just-now.news\/de\/wp-content\/uploads\/sites\/3\/2022\/04\/logo500x500.jpg","width":500,"height":500,"caption":"Just Now News"},"image":{"@id":"https:\/\/now-news.de\/de\/#\/schema\/logo\/image\/"},"sameAs":["https:\/\/www.facebook.com\/wirmachenauf","https:\/\/x.com\/WirMachenAuf_de"]},{"@type":"Person","@id":"https:\/\/now-news.de\/de\/#\/schema\/person\/fb534a4e865501d8b3285208df34a9b5","name":"rtnews","image":{"@type":"ImageObject","inLanguage":"de","@id":"https:\/\/now-news.de\/de\/#\/schema\/person\/image\/","url":"https:\/\/secure.gravatar.com\/avatar\/82aafea7d8127119dd649515f56e2117?s=96&d=mm&r=g","contentUrl":"https:\/\/secure.gravatar.com\/avatar\/82aafea7d8127119dd649515f56e2117?s=96&d=mm&r=g","caption":"rtnews"},"url":"https:\/\/now-news.de\/de\/author\/rnews\/"}]}},"_links":{"self":[{"href":"https:\/\/now-news.de\/de\/wp-json\/wp\/v2\/posts\/75914"}],"collection":[{"href":"https:\/\/now-news.de\/de\/wp-json\/wp\/v2\/posts"}],"about":[{"href":"https:\/\/now-news.de\/de\/wp-json\/wp\/v2\/types\/post"}],"author":[{"embeddable":true,"href":"https:\/\/now-news.de\/de\/wp-json\/wp\/v2\/users\/3"}],"replies":[{"embeddable":true,"href":"https:\/\/now-news.de\/de\/wp-json\/wp\/v2\/comments?post=75914"}],"version-history":[{"count":0,"href":"https:\/\/now-news.de\/de\/wp-json\/wp\/v2\/posts\/75914\/revisions"}],"wp:featuredmedia":[{"embeddable":true,"href":"https:\/\/now-news.de\/de\/wp-json\/wp\/v2\/media\/75915"}],"wp:attachment":[{"href":"https:\/\/now-news.de\/de\/wp-json\/wp\/v2\/media?parent=75914"}],"wp:term":[{"taxonomy":"category","embeddable":true,"href":"https:\/\/now-news.de\/de\/wp-json\/wp\/v2\/categories?post=75914"},{"taxonomy":"post_tag","embeddable":true,"href":"https:\/\/now-news.de\/de\/wp-json\/wp\/v2\/tags?post=75914"}],"curies":[{"name":"wp","href":"https:\/\/api.w.org\/{rel}","templated":true}]}}