{"id":75912,"date":"2025-01-07T11:17:13","date_gmt":"2025-01-07T09:17:13","guid":{"rendered":"https:\/\/now-news.de\/de\/deutschland\/trump-reagiert-auf-ruecktrittsankuendigung-von-kanadas-regierungschef-trudeau\/"},"modified":"2025-01-07T11:17:13","modified_gmt":"2025-01-07T09:17:13","slug":"trump-reagiert-auf-ruecktrittsankuendigung-von-kanadas-regierungschef-trudeau","status":"publish","type":"post","link":"https:\/\/now-news.de\/de\/deutschland\/trump-reagiert-auf-ruecktrittsankuendigung-von-kanadas-regierungschef-trudeau\/","title":{"rendered":"Trump reagiert auf R\u00fccktrittsank\u00fcndigung von Kanadas Regierungschef Trudeau"},"content":{"rendered":"<p><img decoding=\"async\" src=\"https:\/\/now-news.de\/de\/wp-content\/uploads\/sites\/3\/2025\/01\/677ce23ab480cc09766267f3.jpg\" \/><\/p>\n<div class=\"Text-root Text-type_1 \">\n                Die USA und Kanada w\u00fcrden zusammen &#8220;eine gro\u00dfartige Nation&#8221; bilden, kommentiert der designierte US-Pr\u00e4sident Donald Trump die Entscheidung des kanadischen Premierministers. Justin Trudeau hatte am Montag seinen R\u00fccktritt als Vorsitzender der regierenden Liberalen Partei bekannt gegeben.\n            <\/div>\n<p><\/p>\n<div class=\"Text-root Text-type_5 ArticleView-text ViewText-root \">\n<p>Der designierte US-Pr\u00e4sident Donald Trump hat erneut seinen Vorschlag ge\u00e4u\u00dfert, dass Kanada formell der 51. amerikanische Staat werden k\u00f6nnte, nachdem der kanadische Premierminister Justin Trudeau zu Wochenbeginn von der Parteif\u00fchrung zur\u00fcckgetreten ist.<\/p>\n<p>Trudeau trat am Montag unter Berufung auf &#8220;interne K\u00e4mpfe&#8221; in seiner Liberalen Partei zur\u00fcck. Er wird bis zur Wahl eines neuen Parteivorsitzenden als gesch\u00e4ftsf\u00fchrender Premierminister fungieren, bevor dann Ende Oktober 2025 eine neue Parlamentswahl stattfinden wird.<\/p>\n<p>&#8220;Viele Menschen in Kanada lieben es, der 51. Staat zu werden&#8221;, schrieb Trump am Montagnachmittag auf seiner Plattform Truth Social. Weiter hei\u00dft es in dem <a rel=\"nofollow noopener\" target=\"_blank\" href=\"https:\/\/truthsocial.com\/@realDonaldTrump\/113782682597333035\">Posting<\/a>:<\/p>\n<p><em>&#8220;Die Vereinigten Staaten k\u00f6nnen nicht l\u00e4nger die massiven Handelsdefizite und Subventionen ertragen, die Kanada braucht, um sich \u00fcber Wasser zu halten. Justin Trudeau wusste das und ist zur\u00fcckgetreten.&#8221;<\/em><\/p>\n<p>Sollte Kanada den Weg gehen, mit den USA zu &#8220;fusionieren&#8221;, so Trump weiter, g\u00e4be es keine Z\u00f6lle, die Kanadier w\u00fcrden weniger Steuern zahlen und das Land w\u00e4re &#8220;vollst\u00e4ndig sicher \u00a0vor der Bedrohung durch die russischen und chinesischen Schiffe, die sie st\u00e4ndig umgeben&#8221;. Abschlie\u00dfend lautet die Prognose des US-Pr\u00e4sidenten:<\/p>\n<p><em>&#8220;Zusammen w\u00e4re das eine gro\u00dfartige Nation!!!&#8221;<\/em><\/p>\n<p>Trudeaus angek\u00fcndigter R\u00fccktritt scheint dabei zumindest teilweise auf Trumps Androhung von Z\u00f6llen in H\u00f6he von 25 Prozent auf Waren aus Kanada und Mexiko zur\u00fcckzuf\u00fchren zu sein. Der k\u00fcnftige Pr\u00e4sident beschuldigt seit L\u00e4ngerem beide Nachbarstaaten, illegalen Einwanderern sowie &#8220;Kriminalit\u00e4t und Drogen&#8221; den Weg in die USA zu ebnen und gleichzeitig durch den Missbrauch von Freihandelsabkommen unfaire Handels\u00fcbersch\u00fcsse mit Washington zu erzielen.<\/p>\n<p>Die Zolldrohung l\u00f6ste den R\u00fccktritt von Trudeaus Stellvertreterin Chrystia Freeland aus und f\u00fchrte zu einer Spaltung der Liberalen Partei. Der kanadische Regierungschef unternahm im Vorjahr den Versuch, das Thema direkt mit Trump zu besprechen, und flog Anfang Dezember in die Residenz des designierten Pr\u00e4sidenten in Florida.<\/p>\n<p>Bei einem gemeinsamen Abendessen in Mar-a-Lago bezeichnete Trump Trudeau jedoch scherzhaft als &#8220;Gouverneur&#8221; und bemerkte vor Journalisten, Kanada solle zuk\u00fcnftig der 51. US-Bundesstaat werden.<\/p>\n<p>Seitdem hat Trump seine Formulierungen und Vorstellungen fortgesetzt und provokativ ge\u00e4u\u00dfert, dass Kanada sogar in zwei Staaten geteilt werden k\u00f6nnte, einen konservativen und einen liberalen. Zudem hat Trump davon gesprochen,\u00a0er beabsichtige, Gr\u00f6nland zu erwerben, die arktische Insel vor der nord\u00f6stlichen K\u00fcste Kanadas, die ein autonomes Gebiet D\u00e4nemarks ist.<\/p>\n<p>Kanada wurde aus den verbleibenden britischen Besitzt\u00fcmern in Nordamerika gebildet, nachdem die urspr\u00fcnglichen 13 Kolonien im 18. Jahrhundert ihre Unabh\u00e4ngigkeit erlangt hatten. W\u00e4hrend ein Gro\u00dfteil des offiziellen Ottawa, der kanadischen Hauptstadt im s\u00fcd\u00f6stlichen Teil der Provinz Ontario, Trumps Einigungspl\u00e4nen eindeutig ablehnend gegen\u00fcbersteht, hat der Investor und Fernsehstar Kevin O&#8217;Leary demgegen\u00fcber bereits behauptet, dass etwa die H\u00e4lfte des Landes einem Wechsel zustimmen w\u00fcrde.<\/p>\n<p>Trumps Truth-Social-Beitrag \u00fcber Kanada kam kurz nachdem der US-Kongress f\u00fcr die Best\u00e4tigung der Ergebnisse der Pr\u00e4sidentschaftswahlen im Vorjahr gestimmt hatte. Trump wird somit aller Voraussicht nach in zwei Wochen als 47. Pr\u00e4sident der USA vereidigt werden.<\/p>\n<p><strong>Mehr zum Thema \u2013<\/strong>\u00a0<a rel=\"nofollow noopener\" target=\"_blank\" href=\"https:\/\/freedert.online\/nordamerika\/231918-kanadas-premierminister-justin-trudeau-kuendigt\/\">Kanadas Premierminister Justin Trudeau k\u00fcndigt R\u00fccktritt an <\/a><\/p>\n<div class=\"EmbedBlock-root EmbedBlock-externalVideo EmbedBlock-rumble\">\n<div class=\"VkEmbed\"><iframe class=\"lazyload\" data-src=\"https:\/\/rumble.com\/embed\/v649r9v\" frameborder=\"0\" width=\"853\" height=\"480\" allowfullscreen><\/iframe><\/div>\n<\/div>\n<p><em><\/em><\/p>\n<\/div>\n<p><br \/>\n<br \/><a href=\"https:\/\/de.rt.com\/nordamerika\/231966-trump-reagiert-auf-ruecktrittsankuendigung-von\/\">Source link <\/a><\/p>\n","protected":false},"excerpt":{"rendered":"<p>Die USA und Kanada w\u00fcrden zusammen &#8220;eine gro\u00dfartige Nation&#8221; bilden, kommentiert der designierte US-Pr\u00e4sident Donald Trump die Entscheidung des kanadischen Premierministers. Justin Trudeau hatte am Montag seinen R\u00fccktritt als Vorsitzender der regierenden Liberalen Partei bekannt gegeben. Der designierte US-Pr\u00e4sident Donald Trump hat erneut seinen Vorschlag ge\u00e4u\u00dfert, dass Kanada formell der 51. amerikanische Staat werden k\u00f6nnte, [&hellip;]<\/p>\n","protected":false},"author":3,"featured_media":75913,"comment_status":"open","ping_status":"open","sticky":false,"template":"","format":"standard","meta":{"_yoast_indexnow_last_ping":["1736241818"],"wp_automatic_camp":["217"],"139edc1b623f4553941fab15ce26ffc8":["Trump reagiert auf R\u00fccktrittsank\u00fcndigung von Kanadas Regierungschef Trudeau"],"original_link":["https:\/\/de.rt.com\/nordamerika\/231966-trump-reagiert-auf-ruecktrittsankuendigung-von\/"],"_thumbnail_id":["75913"],"_wptgpro_p2tg_sent2tg":["a:1:{i:23737;s:19:\"2025-01-07 11:24:41\";}"],"jnews_social_counter_last_update":["1777402875"]},"categories":[19,23],"tags":[133,27155,281,21602,61643,4453,1639,50],"yoast_head":"<!-- This site is optimized with the Yoast SEO Premium plugin v22.7 (Yoast SEO v22.7) - https:\/\/yoast.com\/wordpress\/plugins\/seo\/ -->\n<title>Trump reagiert auf R\u00fccktrittsank\u00fcndigung von Kanadas Regierungschef Trudeau - just-now.NEWS Deutschland<\/title>\n<meta name=\"robots\" content=\"index, follow, max-snippet:-1, max-image-preview:large, max-video-preview:-1\" \/>\n<link rel=\"canonical\" href=\"https:\/\/now-news.de\/de\/deutschland\/trump-reagiert-auf-ruecktrittsankuendigung-von-kanadas-regierungschef-trudeau\/\" \/>\n<meta property=\"og:locale\" content=\"de_DE\" \/>\n<meta property=\"og:type\" content=\"article\" \/>\n<meta property=\"og:title\" content=\"Trump reagiert auf R\u00fccktrittsank\u00fcndigung von Kanadas Regierungschef Trudeau\" \/>\n<meta property=\"og:description\" content=\"Die USA und Kanada w\u00fcrden zusammen &#8220;eine gro\u00dfartige Nation&#8221; bilden, kommentiert der designierte US-Pr\u00e4sident Donald Trump die Entscheidung des kanadischen Premierministers. Justin Trudeau hatte am Montag seinen R\u00fccktritt als Vorsitzender der regierenden Liberalen Partei bekannt gegeben. Der designierte US-Pr\u00e4sident Donald Trump hat erneut seinen Vorschlag ge\u00e4u\u00dfert, dass Kanada formell der 51. amerikanische Staat werden k\u00f6nnte, [&hellip;]\" \/>\n<meta property=\"og:url\" content=\"https:\/\/now-news.de\/de\/deutschland\/trump-reagiert-auf-ruecktrittsankuendigung-von-kanadas-regierungschef-trudeau\/\" \/>\n<meta property=\"og:site_name\" content=\"just-now.NEWS Deutschland\" \/>\n<meta property=\"article:publisher\" content=\"https:\/\/www.facebook.com\/wirmachenauf\" \/>\n<meta property=\"article:published_time\" content=\"2025-01-07T09:17:13+00:00\" \/>\n<meta property=\"og:image\" content=\"https:\/\/now-news.de\/de\/wp-content\/uploads\/sites\/3\/2025\/01\/677ce23ab480cc09766267f3.jpg\" \/>\n<meta name=\"author\" content=\"rtnews\" \/>\n<meta name=\"twitter:card\" content=\"summary_large_image\" \/>\n<meta name=\"twitter:creator\" content=\"@WirMachenAuf_de\" \/>\n<meta name=\"twitter:site\" content=\"@WirMachenAuf_de\" \/>\n<meta name=\"twitter:label1\" content=\"Verfasst von\" \/>\n\t<meta name=\"twitter:data1\" content=\"rtnews\" \/>\n\t<meta name=\"twitter:label2\" content=\"Gesch\u00e4tzte Lesezeit\" \/>\n\t<meta name=\"twitter:data2\" content=\"3\u00a0Minuten\" \/>\n<script type=\"application\/ld+json\" class=\"yoast-schema-graph\">{\"@context\":\"https:\/\/schema.org\",\"@graph\":[{\"@type\":\"Article\",\"@id\":\"https:\/\/now-news.de\/de\/deutschland\/trump-reagiert-auf-ruecktrittsankuendigung-von-kanadas-regierungschef-trudeau\/#article\",\"isPartOf\":{\"@id\":\"https:\/\/now-news.de\/de\/deutschland\/trump-reagiert-auf-ruecktrittsankuendigung-von-kanadas-regierungschef-trudeau\/\"},\"author\":{\"name\":\"rtnews\",\"@id\":\"https:\/\/now-news.de\/de\/#\/schema\/person\/fb534a4e865501d8b3285208df34a9b5\"},\"headline\":\"Trump reagiert auf R\u00fccktrittsank\u00fcndigung von Kanadas Regierungschef Trudeau\",\"datePublished\":\"2025-01-07T09:17:13+00:00\",\"dateModified\":\"2025-01-07T09:17:13+00:00\",\"mainEntityOfPage\":{\"@id\":\"https:\/\/now-news.de\/de\/deutschland\/trump-reagiert-auf-ruecktrittsankuendigung-von-kanadas-regierungschef-trudeau\/\"},\"wordCount\":575,\"commentCount\":0,\"publisher\":{\"@id\":\"https:\/\/now-news.de\/de\/#organization\"},\"image\":{\"@id\":\"https:\/\/now-news.de\/de\/deutschland\/trump-reagiert-auf-ruecktrittsankuendigung-von-kanadas-regierungschef-trudeau\/#primaryimage\"},\"thumbnailUrl\":\"https:\/\/now-news.de\/de\/wp-content\/uploads\/sites\/3\/2025\/01\/Trump-reagiert-auf-Ruecktrittsankuendigung-von-Kanadas-Regierungschef-Trudeau.jpg\",\"keywords\":[\"AUF\",\"Kanadas\",\"reagiert\",\"Regierungschef\",\"R\u00fccktrittsank\u00fcndigung\",\"trudeau\",\"trump\",\"von\"],\"articleSection\":[\"Deutschland\",\"Russland\"],\"inLanguage\":\"de\",\"potentialAction\":[{\"@type\":\"CommentAction\",\"name\":\"Comment\",\"target\":[\"https:\/\/now-news.de\/de\/deutschland\/trump-reagiert-auf-ruecktrittsankuendigung-von-kanadas-regierungschef-trudeau\/#respond\"]}]},{\"@type\":\"WebPage\",\"@id\":\"https:\/\/now-news.de\/de\/deutschland\/trump-reagiert-auf-ruecktrittsankuendigung-von-kanadas-regierungschef-trudeau\/\",\"url\":\"https:\/\/now-news.de\/de\/deutschland\/trump-reagiert-auf-ruecktrittsankuendigung-von-kanadas-regierungschef-trudeau\/\",\"name\":\"Trump reagiert auf R\u00fccktrittsank\u00fcndigung von Kanadas Regierungschef Trudeau - just-now.NEWS Deutschland\",\"isPartOf\":{\"@id\":\"https:\/\/now-news.de\/de\/#website\"},\"primaryImageOfPage\":{\"@id\":\"https:\/\/now-news.de\/de\/deutschland\/trump-reagiert-auf-ruecktrittsankuendigung-von-kanadas-regierungschef-trudeau\/#primaryimage\"},\"image\":{\"@id\":\"https:\/\/now-news.de\/de\/deutschland\/trump-reagiert-auf-ruecktrittsankuendigung-von-kanadas-regierungschef-trudeau\/#primaryimage\"},\"thumbnailUrl\":\"https:\/\/now-news.de\/de\/wp-content\/uploads\/sites\/3\/2025\/01\/Trump-reagiert-auf-Ruecktrittsankuendigung-von-Kanadas-Regierungschef-Trudeau.jpg\",\"datePublished\":\"2025-01-07T09:17:13+00:00\",\"dateModified\":\"2025-01-07T09:17:13+00:00\",\"breadcrumb\":{\"@id\":\"https:\/\/now-news.de\/de\/deutschland\/trump-reagiert-auf-ruecktrittsankuendigung-von-kanadas-regierungschef-trudeau\/#breadcrumb\"},\"inLanguage\":\"de\",\"potentialAction\":[{\"@type\":\"ReadAction\",\"target\":[\"https:\/\/now-news.de\/de\/deutschland\/trump-reagiert-auf-ruecktrittsankuendigung-von-kanadas-regierungschef-trudeau\/\"]}]},{\"@type\":\"ImageObject\",\"inLanguage\":\"de\",\"@id\":\"https:\/\/now-news.de\/de\/deutschland\/trump-reagiert-auf-ruecktrittsankuendigung-von-kanadas-regierungschef-trudeau\/#primaryimage\",\"url\":\"https:\/\/now-news.de\/de\/wp-content\/uploads\/sites\/3\/2025\/01\/Trump-reagiert-auf-Ruecktrittsankuendigung-von-Kanadas-Regierungschef-Trudeau.jpg\",\"contentUrl\":\"https:\/\/now-news.de\/de\/wp-content\/uploads\/sites\/3\/2025\/01\/Trump-reagiert-auf-Ruecktrittsankuendigung-von-Kanadas-Regierungschef-Trudeau.jpg\",\"width\":460,\"height\":259,\"caption\":\"Trump reagiert auf R\u00fccktrittsank\u00fcndigung von Kanadas Regierungschef Trudeau\"},{\"@type\":\"BreadcrumbList\",\"@id\":\"https:\/\/now-news.de\/de\/deutschland\/trump-reagiert-auf-ruecktrittsankuendigung-von-kanadas-regierungschef-trudeau\/#breadcrumb\",\"itemListElement\":[{\"@type\":\"ListItem\",\"position\":1,\"name\":\"Home\",\"item\":\"https:\/\/now-news.de\/de\/\"},{\"@type\":\"ListItem\",\"position\":2,\"name\":\"Trump reagiert auf R\u00fccktrittsank\u00fcndigung von Kanadas Regierungschef Trudeau\"}]},{\"@type\":\"WebSite\",\"@id\":\"https:\/\/now-news.de\/de\/#website\",\"url\":\"https:\/\/now-news.de\/de\/\",\"name\":\"just-now.NEWS Deutschland\",\"description\":\"Das Portal f\u00fcr unzensierte Nachrichten aus der Welt\",\"publisher\":{\"@id\":\"https:\/\/now-news.de\/de\/#organization\"},\"potentialAction\":[{\"@type\":\"SearchAction\",\"target\":{\"@type\":\"EntryPoint\",\"urlTemplate\":\"https:\/\/now-news.de\/de\/?s={search_term_string}\"},\"query-input\":\"required name=search_term_string\"}],\"inLanguage\":\"de\"},{\"@type\":\"Organization\",\"@id\":\"https:\/\/now-news.de\/de\/#organization\",\"name\":\"Just Now News\",\"url\":\"https:\/\/now-news.de\/de\/\",\"logo\":{\"@type\":\"ImageObject\",\"inLanguage\":\"de\",\"@id\":\"https:\/\/now-news.de\/de\/#\/schema\/logo\/image\/\",\"url\":\"http:\/\/just-now.news\/de\/wp-content\/uploads\/sites\/3\/2022\/04\/logo500x500.jpg\",\"contentUrl\":\"http:\/\/just-now.news\/de\/wp-content\/uploads\/sites\/3\/2022\/04\/logo500x500.jpg\",\"width\":500,\"height\":500,\"caption\":\"Just Now News\"},\"image\":{\"@id\":\"https:\/\/now-news.de\/de\/#\/schema\/logo\/image\/\"},\"sameAs\":[\"https:\/\/www.facebook.com\/wirmachenauf\",\"https:\/\/x.com\/WirMachenAuf_de\"]},{\"@type\":\"Person\",\"@id\":\"https:\/\/now-news.de\/de\/#\/schema\/person\/fb534a4e865501d8b3285208df34a9b5\",\"name\":\"rtnews\",\"image\":{\"@type\":\"ImageObject\",\"inLanguage\":\"de\",\"@id\":\"https:\/\/now-news.de\/de\/#\/schema\/person\/image\/\",\"url\":\"https:\/\/secure.gravatar.com\/avatar\/82aafea7d8127119dd649515f56e2117?s=96&d=mm&r=g\",\"contentUrl\":\"https:\/\/secure.gravatar.com\/avatar\/82aafea7d8127119dd649515f56e2117?s=96&d=mm&r=g\",\"caption\":\"rtnews\"},\"url\":\"https:\/\/now-news.de\/de\/author\/rnews\/\"}]}<\/script>\n<!-- \/ Yoast SEO Premium plugin. -->","yoast_head_json":{"title":"Trump reagiert auf R\u00fccktrittsank\u00fcndigung von Kanadas Regierungschef Trudeau - just-now.NEWS Deutschland","robots":{"index":"index","follow":"follow","max-snippet":"max-snippet:-1","max-image-preview":"max-image-preview:large","max-video-preview":"max-video-preview:-1"},"canonical":"https:\/\/now-news.de\/de\/deutschland\/trump-reagiert-auf-ruecktrittsankuendigung-von-kanadas-regierungschef-trudeau\/","og_locale":"de_DE","og_type":"article","og_title":"Trump reagiert auf R\u00fccktrittsank\u00fcndigung von Kanadas Regierungschef Trudeau","og_description":"Die USA und Kanada w\u00fcrden zusammen &#8220;eine gro\u00dfartige Nation&#8221; bilden, kommentiert der designierte US-Pr\u00e4sident Donald Trump die Entscheidung des kanadischen Premierministers. Justin Trudeau hatte am Montag seinen R\u00fccktritt als Vorsitzender der regierenden Liberalen Partei bekannt gegeben. Der designierte US-Pr\u00e4sident Donald Trump hat erneut seinen Vorschlag ge\u00e4u\u00dfert, dass Kanada formell der 51. amerikanische Staat werden k\u00f6nnte, [&hellip;]","og_url":"https:\/\/now-news.de\/de\/deutschland\/trump-reagiert-auf-ruecktrittsankuendigung-von-kanadas-regierungschef-trudeau\/","og_site_name":"just-now.NEWS Deutschland","article_publisher":"https:\/\/www.facebook.com\/wirmachenauf","article_published_time":"2025-01-07T09:17:13+00:00","og_image":[{"url":"https:\/\/now-news.de\/de\/wp-content\/uploads\/sites\/3\/2025\/01\/677ce23ab480cc09766267f3.jpg"}],"author":"rtnews","twitter_card":"summary_large_image","twitter_creator":"@WirMachenAuf_de","twitter_site":"@WirMachenAuf_de","twitter_misc":{"Verfasst von":"rtnews","Gesch\u00e4tzte Lesezeit":"3\u00a0Minuten"},"schema":{"@context":"https:\/\/schema.org","@graph":[{"@type":"Article","@id":"https:\/\/now-news.de\/de\/deutschland\/trump-reagiert-auf-ruecktrittsankuendigung-von-kanadas-regierungschef-trudeau\/#article","isPartOf":{"@id":"https:\/\/now-news.de\/de\/deutschland\/trump-reagiert-auf-ruecktrittsankuendigung-von-kanadas-regierungschef-trudeau\/"},"author":{"name":"rtnews","@id":"https:\/\/now-news.de\/de\/#\/schema\/person\/fb534a4e865501d8b3285208df34a9b5"},"headline":"Trump reagiert auf R\u00fccktrittsank\u00fcndigung von Kanadas Regierungschef Trudeau","datePublished":"2025-01-07T09:17:13+00:00","dateModified":"2025-01-07T09:17:13+00:00","mainEntityOfPage":{"@id":"https:\/\/now-news.de\/de\/deutschland\/trump-reagiert-auf-ruecktrittsankuendigung-von-kanadas-regierungschef-trudeau\/"},"wordCount":575,"commentCount":0,"publisher":{"@id":"https:\/\/now-news.de\/de\/#organization"},"image":{"@id":"https:\/\/now-news.de\/de\/deutschland\/trump-reagiert-auf-ruecktrittsankuendigung-von-kanadas-regierungschef-trudeau\/#primaryimage"},"thumbnailUrl":"https:\/\/now-news.de\/de\/wp-content\/uploads\/sites\/3\/2025\/01\/Trump-reagiert-auf-Ruecktrittsankuendigung-von-Kanadas-Regierungschef-Trudeau.jpg","keywords":["AUF","Kanadas","reagiert","Regierungschef","R\u00fccktrittsank\u00fcndigung","trudeau","trump","von"],"articleSection":["Deutschland","Russland"],"inLanguage":"de","potentialAction":[{"@type":"CommentAction","name":"Comment","target":["https:\/\/now-news.de\/de\/deutschland\/trump-reagiert-auf-ruecktrittsankuendigung-von-kanadas-regierungschef-trudeau\/#respond"]}]},{"@type":"WebPage","@id":"https:\/\/now-news.de\/de\/deutschland\/trump-reagiert-auf-ruecktrittsankuendigung-von-kanadas-regierungschef-trudeau\/","url":"https:\/\/now-news.de\/de\/deutschland\/trump-reagiert-auf-ruecktrittsankuendigung-von-kanadas-regierungschef-trudeau\/","name":"Trump reagiert auf R\u00fccktrittsank\u00fcndigung von Kanadas Regierungschef Trudeau - just-now.NEWS Deutschland","isPartOf":{"@id":"https:\/\/now-news.de\/de\/#website"},"primaryImageOfPage":{"@id":"https:\/\/now-news.de\/de\/deutschland\/trump-reagiert-auf-ruecktrittsankuendigung-von-kanadas-regierungschef-trudeau\/#primaryimage"},"image":{"@id":"https:\/\/now-news.de\/de\/deutschland\/trump-reagiert-auf-ruecktrittsankuendigung-von-kanadas-regierungschef-trudeau\/#primaryimage"},"thumbnailUrl":"https:\/\/now-news.de\/de\/wp-content\/uploads\/sites\/3\/2025\/01\/Trump-reagiert-auf-Ruecktrittsankuendigung-von-Kanadas-Regierungschef-Trudeau.jpg","datePublished":"2025-01-07T09:17:13+00:00","dateModified":"2025-01-07T09:17:13+00:00","breadcrumb":{"@id":"https:\/\/now-news.de\/de\/deutschland\/trump-reagiert-auf-ruecktrittsankuendigung-von-kanadas-regierungschef-trudeau\/#breadcrumb"},"inLanguage":"de","potentialAction":[{"@type":"ReadAction","target":["https:\/\/now-news.de\/de\/deutschland\/trump-reagiert-auf-ruecktrittsankuendigung-von-kanadas-regierungschef-trudeau\/"]}]},{"@type":"ImageObject","inLanguage":"de","@id":"https:\/\/now-news.de\/de\/deutschland\/trump-reagiert-auf-ruecktrittsankuendigung-von-kanadas-regierungschef-trudeau\/#primaryimage","url":"https:\/\/now-news.de\/de\/wp-content\/uploads\/sites\/3\/2025\/01\/Trump-reagiert-auf-Ruecktrittsankuendigung-von-Kanadas-Regierungschef-Trudeau.jpg","contentUrl":"https:\/\/now-news.de\/de\/wp-content\/uploads\/sites\/3\/2025\/01\/Trump-reagiert-auf-Ruecktrittsankuendigung-von-Kanadas-Regierungschef-Trudeau.jpg","width":460,"height":259,"caption":"Trump reagiert auf R\u00fccktrittsank\u00fcndigung von Kanadas Regierungschef Trudeau"},{"@type":"BreadcrumbList","@id":"https:\/\/now-news.de\/de\/deutschland\/trump-reagiert-auf-ruecktrittsankuendigung-von-kanadas-regierungschef-trudeau\/#breadcrumb","itemListElement":[{"@type":"ListItem","position":1,"name":"Home","item":"https:\/\/now-news.de\/de\/"},{"@type":"ListItem","position":2,"name":"Trump reagiert auf R\u00fccktrittsank\u00fcndigung von Kanadas Regierungschef Trudeau"}]},{"@type":"WebSite","@id":"https:\/\/now-news.de\/de\/#website","url":"https:\/\/now-news.de\/de\/","name":"just-now.NEWS Deutschland","description":"Das Portal f\u00fcr unzensierte Nachrichten aus der Welt","publisher":{"@id":"https:\/\/now-news.de\/de\/#organization"},"potentialAction":[{"@type":"SearchAction","target":{"@type":"EntryPoint","urlTemplate":"https:\/\/now-news.de\/de\/?s={search_term_string}"},"query-input":"required name=search_term_string"}],"inLanguage":"de"},{"@type":"Organization","@id":"https:\/\/now-news.de\/de\/#organization","name":"Just Now News","url":"https:\/\/now-news.de\/de\/","logo":{"@type":"ImageObject","inLanguage":"de","@id":"https:\/\/now-news.de\/de\/#\/schema\/logo\/image\/","url":"http:\/\/just-now.news\/de\/wp-content\/uploads\/sites\/3\/2022\/04\/logo500x500.jpg","contentUrl":"http:\/\/just-now.news\/de\/wp-content\/uploads\/sites\/3\/2022\/04\/logo500x500.jpg","width":500,"height":500,"caption":"Just Now News"},"image":{"@id":"https:\/\/now-news.de\/de\/#\/schema\/logo\/image\/"},"sameAs":["https:\/\/www.facebook.com\/wirmachenauf","https:\/\/x.com\/WirMachenAuf_de"]},{"@type":"Person","@id":"https:\/\/now-news.de\/de\/#\/schema\/person\/fb534a4e865501d8b3285208df34a9b5","name":"rtnews","image":{"@type":"ImageObject","inLanguage":"de","@id":"https:\/\/now-news.de\/de\/#\/schema\/person\/image\/","url":"https:\/\/secure.gravatar.com\/avatar\/82aafea7d8127119dd649515f56e2117?s=96&d=mm&r=g","contentUrl":"https:\/\/secure.gravatar.com\/avatar\/82aafea7d8127119dd649515f56e2117?s=96&d=mm&r=g","caption":"rtnews"},"url":"https:\/\/now-news.de\/de\/author\/rnews\/"}]}},"_links":{"self":[{"href":"https:\/\/now-news.de\/de\/wp-json\/wp\/v2\/posts\/75912"}],"collection":[{"href":"https:\/\/now-news.de\/de\/wp-json\/wp\/v2\/posts"}],"about":[{"href":"https:\/\/now-news.de\/de\/wp-json\/wp\/v2\/types\/post"}],"author":[{"embeddable":true,"href":"https:\/\/now-news.de\/de\/wp-json\/wp\/v2\/users\/3"}],"replies":[{"embeddable":true,"href":"https:\/\/now-news.de\/de\/wp-json\/wp\/v2\/comments?post=75912"}],"version-history":[{"count":0,"href":"https:\/\/now-news.de\/de\/wp-json\/wp\/v2\/posts\/75912\/revisions"}],"wp:featuredmedia":[{"embeddable":true,"href":"https:\/\/now-news.de\/de\/wp-json\/wp\/v2\/media\/75913"}],"wp:attachment":[{"href":"https:\/\/now-news.de\/de\/wp-json\/wp\/v2\/media?parent=75912"}],"wp:term":[{"taxonomy":"category","embeddable":true,"href":"https:\/\/now-news.de\/de\/wp-json\/wp\/v2\/categories?post=75912"},{"taxonomy":"post_tag","embeddable":true,"href":"https:\/\/now-news.de\/de\/wp-json\/wp\/v2\/tags?post=75912"}],"curies":[{"name":"wp","href":"https:\/\/api.w.org\/{rel}","templated":true}]}}