{"id":75838,"date":"2025-01-05T21:59:03","date_gmt":"2025-01-05T19:59:03","guid":{"rendered":"https:\/\/now-news.de\/de\/deutschland\/nuernberg-2-januar-1945-die-vergessene-katastrophe\/"},"modified":"2025-01-05T21:59:03","modified_gmt":"2025-01-05T19:59:03","slug":"nuernberg-2-januar-1945-die-vergessene-katastrophe","status":"publish","type":"post","link":"https:\/\/now-news.de\/de\/deutschland\/nuernberg-2-januar-1945-die-vergessene-katastrophe\/","title":{"rendered":"N\u00fcrnberg, 2. Januar 1945 \u2013 die vergessene Katastrophe"},"content":{"rendered":"<div class=\"Text-root Text-type_1 \">\n                Die Stadt N\u00fcrnberg l\u00e4utet das Gedenkjahr 2025 ein, indem sie ihrer Opfer (fast) nicht gedenkt. Der Online-Zeitraffer der Bombardierung in Form eines Newstickers wurde gel\u00f6scht und Markus S\u00f6der, geborener N\u00fcrnberger, der sich t\u00e4glich zehnmal auf TikTok und Co. meldet, h\u00fcllt sich in Schweigen.\n            <\/div>\n<p><\/p>\n<div class=\"Text-root Text-type_5 ArticleView-text ViewText-root \">\n<p><em>Von Astrid Sigena<\/em><\/p>\n<p>Im Laufe des 02.01.2025 wurde bekannt, dass der fr\u00fchere Bundesbauminister Oscar Schneider am vorangegangenen Sonntag im gesegneten Alter von 97 Jahren <a rel=\"nofollow noopener\" target=\"_blank\" href=\"https:\/\/www.br.de\/nachrichten\/deutschland-welt\/wie-oscar-schneider-bei-der-aufarbeitung-der-ns-geschichte-half,UYinOKt\">verstorben war.<\/a> Das N\u00fcrnberger Urgestein hatte sich vor allem um die Errichtung des Dokumentationszentrums Reichsparteitagsgel\u00e4nde in N\u00fcrnberg und um die Durchsetzung der Reichstagskuppel in Berlin verdient gemacht. Im <a rel=\"nofollow noopener\" target=\"_blank\" href=\"https:\/\/www.nn.de\/nuernberg\/zum-tod-von-oscar-schneider-die-stadt-nurnberg-verliert-ihren-letzten-universalgelehrten-1.14531216\">Nachruf<\/a> (hinter Bezahlschranke) des <em>VNP<\/em>-Chefredakteurs Michael Husarek hei\u00dft es au\u00dferdem, Schneider h\u00e4tte sich auch einen Erinnerungsort gew\u00fcnscht, der &#8220;die Zerst\u00f6rung der N\u00fcrnberger Altstadt w\u00e4hrend des Zweiten Weltkrieges auch f\u00fcr die n\u00e4chsten Generationen anschaulich darstellen&#8221; solle. Er habe damit ein Mahnmal gegen Krieg und Zerst\u00f6rung errichten wollen. Nun m\u00fcsse dieser Plan das Verm\u00e4chtnis Oscar Schneiders bleiben.<\/p>\n<p>Ganz korrekt ist das nicht, denn es gibt eine Gedenkst\u00e4tte f\u00fcr die Bombenopfer in N\u00fcrnberg, allerdings au\u00dferhalb der Altstadt, <a rel=\"nofollow noopener\" target=\"_blank\" href=\"https:\/\/de.wikipedia.org\/wiki\/S%C3%BCdfriedhof_(N%C3%BCrnberg)\">auf dem S\u00fcdfriedhof.<\/a> Dort gibt es auch ein Massengrab f\u00fcr die am 2. Januar 1945 ums Leben gekommenen N\u00fcrnberger. Auf dem ebenfalls dort befindlichen, zweiteiligen Glockenturm, der in den Jahren 1957 und 1958 errichtet wurde, ist zu lesen: &#8220;Als Mahnung und zum Gedenken an 6.621 M\u00e4nner, Frauen und Kinder, Opfer des Bombenkrieges und der K\u00e4mpfe in der Heimat in den Jahren 1941-1945&#8221;.<\/p>\n<p>Leider ist dieses imposante Mahnmal in verschiedener Hinsicht ungeeignet: Zum einen wirkt der <a rel=\"nofollow noopener\" target=\"_blank\" href=\"https:\/\/bayern.volksbund.de\/aktuell\/projekte\/artikel\/kriegsgraeberstaetten-im-suedfriedhof-in-nuernberg#:~:text=Das%20Mahnmal%20%E2%80%9EGlockenturm%E2%80%9C%20in%20der,Auskunft%20%C3%BCber%20die%20damalige%20Zeit.\">Doppelturm mit den Glocken<\/a> abstrakt und unpers\u00f6nlich. Wenn man nicht w\u00fcsste, dass es sich um ein Denkmal f\u00fcr N\u00fcrnberger Bombenopfer handeln soll, w\u00fcrde man es ohne zus\u00e4tzliche Informationstafeln nicht erkennen. Das Leid der N\u00fcrnberger Bev\u00f6lkerung wird nicht dargestellt. Ein weiteres Manko: Es gibt zwar ein Gestell, auf dem der N\u00fcrnberger Stadtrat oder der B\u00fcrgermeister Kr\u00e4nze befestigen kann \u2013 ein Podest jedoch, auf dem die N\u00fcrnberger ihre Blumen oder Erinnerungsgaben ablegen k\u00f6nnten, fehlt.<\/p>\n<p>Offensichtlich gilt die Anteilnahme der Bev\u00f6lkerung als St\u00f6rfaktor. Wer dennoch Blumen mitbringt, muss sie auf der flachen Steinbasis niederlegen. Was aber diesen Gedenkort haupts\u00e4chlich belastet: Die damals zum Bau der Glockent\u00fcrme verwendeten Steine sollen aus der ehemaligen N\u00fcrnberger Synagoge stammen. (Die <a rel=\"nofollow noopener\" target=\"_blank\" href=\"https:\/\/museen.nuernberg.de\/fembohaus\/dauerausstellung\/spuren-juedischen-lebens\/ehemalige-hauptsynagoge\/\">N\u00fcrnberger Synagoge<\/a> \u2013 einst <a rel=\"nofollow noopener\" target=\"_blank\" href=\"https:\/\/hdbg.eu\/juedisches_leben\/synagoge\/nuernberg-4-hans-sachs-platz-1874-1938\/675\">der Stolz<\/a> eines selbstbewussten, emanzipierten deutschen Judentums \u2013 wurde bekanntlich schon im Sommer 1938, vor der &#8220;Reichskristallnacht&#8221; im November, auf Befehl des selbsternannten &#8220;Frankenf\u00fchrers&#8221; und ber\u00fcchtigten Hetzers Julius Streicher <a rel=\"nofollow noopener\" target=\"_blank\" href=\"https:\/\/www.aref.de\/kalenderblatt\/mehr\/nuernberg_synagoge_abriss_1938.htm\">abgerissen)<\/a>.\u00a0<a rel=\"nofollow noopener\" target=\"_blank\" href=\"https:\/\/www.mekomot-nuernberg.de\/mekomot-startseite\/glockenturm-suedfriedhof\/\">J\u00fcdische Stimmen<\/a> beklagen diese Zweckentfremdung der Steine der einstigen Synagoge. Was f\u00fcr einen Zweck hat aber ein Gedenkort, den nicht alle Teile der st\u00e4dtischen Gesellschaft gleicherma\u00dfen bejahen k\u00f6nnen?<\/p>\n<figure class=\"RTImage-root\">\n<div class=\"RTImage-image RTImage-original\"><picture class=\"Picture-root Picture-original\"><!--[if IE 9]><video style=\"display: none;\"><![endif]--><source media=\"(-webkit-min-device-pixel-ratio: 2) and (min-resolution: 120dpi)\" data-srcset=\" \nhttps:\/\/now-news.de\/de\/wp-content\/uploads\/sites\/3\/2025\/01\/677ab24048fbef50f71e4e16.jpg 850w,\n                https:\/\/now-news.de\/de\/wp-content\/uploads\/sites\/3\/2025\/01\/677ab24048fbef50f71e4e16.jpg 1960w,            \" ><source data-srcset=\" \nhttps:\/\/now-news.de\/de\/wp-content\/uploads\/sites\/3\/2025\/01\/677ab24048fbef50f71e4e16.jpg 460w,\n              https:\/\/now-news.de\/de\/wp-content\/uploads\/sites\/3\/2025\/01\/677ab24048fbef50f71e4e16.jpg 980w,\n            \" ><!--[if IE 9]><\/video><![endif]--><img decoding=\"async\" data- src=\"data:image\/png;base64,iVBORw0KGgoAAAANSUhEUgAAABAAAAAJCAQAAACRI2S5AAAAEElEQVR42mNkIAAYRxWAAQAG9gAKqv6+AwAAAABJRU5ErkJggg==\" class=\"Picture-root Picture-original lazyload\" data-src=\"https:\/\/now-news.de\/de\/wp-content\/uploads\/sites\/3\/2025\/01\/677ab24048fbef50f71e4e16.jpg\" alt=\"\"><\/source><\/source><\/picture><!-- noscript pattern --><noscript><img decoding=\"async\" src=\"https:\/\/now-news.de\/de\/wp-content\/uploads\/sites\/3\/2025\/01\/677ab24048fbef50f71e4e16.jpg\" alt=\"\"><\/noscript><\/div><figcaption class=\"RTImage-footer\"><span class=\"RTImage-caption\"><span class=\"RTImage-captionItem\">Glockenturm am N\u00fcrnberger S\u00fcdfriedhof<\/span><\/span><span class=\"RTImage-source\"><span class=\"RTImage-captionItem\">Wikipedia<\/span><\/span><\/figcaption><\/figure>\n<p>Der 2. Januar 1945 war ein einschneidendes Erlebnis in der Geschichte der Stadt N\u00fcrnberg. Man kann das Ausma\u00df der Zerst\u00f6rung nur mit der Bombardierung Dresdens und des (damals deutschen) K\u00f6nigsbergs vergleichen, deren sp\u00e4tmittelalterliche beziehungsweise barocke Stadtkerne und Wohnviertel ebenfalls dem &#8220;moral bombing&#8221; der Briten zum Opfer fielen. Die N\u00fcrnberger Innenstadt bestand noch Jahre nach dem Krieg aus einem der urspr\u00fcnglichen Bebauung beraubten, in Grund und Boden planierten, flachen Gel\u00e4nde mit <a rel=\"nofollow noopener\" target=\"_blank\" href=\"https:\/\/www.nuernberg.de\/internet\/qb_altstadt\/sebaldersteppe.html\">Trampelpfaden<\/a>, das im fr\u00e4nkischen Volksmund &#8220;<a rel=\"nofollow noopener\" target=\"_blank\" href=\"https:\/\/www.sebalder-steppe.de\/idee.html\">Sebalder Steppe<\/a>&#8221;\u00a0genannt wurde.<\/p>\n<p>Dass N\u00fcrnberg einmal bewundernd als &#8220;des Reiches Schatzk\u00e4stlein&#8221; bezeichnet worden war, davon war nichts mehr zu sehen. Die Zerst\u00f6rung war so vollkommen, dass der vor der nationalsozialistischen Verfolgung geflohene Kunstkritiker Alfred Kerr an einen Wiederaufbau der Altstadt nicht glauben konnte und vorschlug, N\u00fcrnberg auf einem benachbarten Gel\u00e4nde neu zu erbauen und die Tr\u00fcmmer der Stadt als ein <a rel=\"nofollow noopener\" target=\"_blank\" href=\"https:\/\/www.nordbayern.de\/2.5886\/wilde-varianten-zum-wiederaufbau-1.118505\">modernes Pompeji<\/a> zu betrachten. Nur den aus alten Zeiten stammenden, soliden Felseng\u00e4ngen unterhalb der Burg und der fr\u00fchzeitigen Warnung des Flakfeldwebels <a rel=\"nofollow noopener\" target=\"_blank\" href=\"https:\/\/hallonuremberg.com\/site\/front-blog.php?id=b2fUz9gakKOyYNKXSGUDWw\">Arthur Sch\u00f6ddert<\/a> (von den N\u00fcrnbergern wegen seiner beruhigenden Stimme liebevoll &#8220;Onkel Baldrian&#8221; genannt) ist es zu verdanken, dass die Zahl der Todesopfer beim Januarangriff &#8220;nur&#8221; 1.800 Menschen betrug, nicht Zehntausende wie in Dresden.<\/p>\n<p>Man sollte meinen, dass dieses wohl schlimmste Ereignis in der neueren Stadtgeschichte zum 80. Jahrestag in N\u00fcrnberg w\u00fcrdig begangen w\u00fcrde. Mit Ausstellungen, Wettbewerben mit Sch\u00fcleraufs\u00e4tzen oder Zeichnungen, Theaterst\u00fccken, Interviews mit den letzten Zeitzeugen, vielleicht sogar mit einem Kongress zum Thema. Stattdessen wird die Bombardierung N\u00fcrnbergs nahezu totgeschwiegen. Man tat nur das, was man aus Piet\u00e4tsgr\u00fcnden nicht unbedingt vermeiden konnte: eine Kranzniederlegung um 12 Uhr mittags am Glockenturm, Glockenl\u00e4uten um 19:20 Uhr (der Zeitpunkt des Angriffs) und abends dann \u2013 wie schon in den Vorjahren \u2013 einen &#8220;<a rel=\"nofollow noopener\" target=\"_blank\" href=\"https:\/\/www.nuernberg.de\/internet\/stadtportal\/luftangriff_nuernberg_2_januar_1945.html\">Weg des Friedens&#8221;<\/a>\u00a0mit Abschlussgottesdienst in Sankt Sebaldus, wo &#8220;aller Opfer des Krieges&#8221; gedacht werden sollte und &#8220;Menschen mit aktuellen Kriegserfahrungen zu Wort kommen&#8221; sollten.<\/p>\n<div class=\"EmbedBlock-root EmbedBlock-twitter\">\n<div class=\"TwitterEmbed\">\n<blockquote class=\"twitter-tweet lazyload\" data-twitter=\"twitter-tweet\">\n<p lang=\"de\" dir=\"ltr\">Heute j\u00e4hrt sich zum 80. Mal der verheerendste Luftangriff auf <a rel=\"nofollow noopener\" target=\"_blank\" href=\"https:\/\/twitter.com\/hashtag\/N%C3%BCrnberg?src=hash&amp;ref_src=twsrc%5Etfw\">#N\u00fcrnberg<\/a> w\u00e4hrend des Zweiten Weltkriegs. Er gilt als einer der dunkelsten Tage der Stadtgeschichte \u2013 und mahnt und erinnert an die Opfer des Kriegs infolge des NS-Regimes. \u00dcber 1.800 Menschen verloren an jenem Abend\u2026 <a rel=\"nofollow noopener\" target=\"_blank\" href=\"https:\/\/t.co\/U7NlcFY1X4\">pic.twitter.com\/U7NlcFY1X4<\/a><\/p>\n<p>\u2014 Stadt N\u00fcrnberg (@nuernberg_de) <a rel=\"nofollow noopener\" target=\"_blank\" href=\"https:\/\/twitter.com\/nuernberg_de\/status\/1874813945334145422?ref_src=twsrc%5Etfw\">January 2, 2025<\/a><\/p><\/blockquote>\n<\/div>\n<\/div>\n<p>Man merkt die Absicht, vom eigentlichen Anlass des Gedenkens abzulenken. Warum? Weil es peinlich ist, dass es die heutigen NATO-Verb\u00fcndeten USA und Gro\u00dfbritannien waren, die N\u00fcrnberg zerst\u00f6rt haben? Weil man angesichts wieder aufkommender Forderungen nach erneuter &#8220;Kriegst\u00fcchtigkeit&#8221; nicht wahrnehmen m\u00f6chte, wie sehr der Krieg auch die nicht an Kampfhandlungen beteiligte Zivilbev\u00f6lkerung leiden l\u00e4sst? Passen die Toten von N\u00fcrnberg nicht mehr zur Zeitenwende?<\/p>\n<p>Ach ja, ein N\u00fcrnberger F\u00f6rderverein &#8220;<a rel=\"nofollow noopener\" target=\"_blank\" href=\"https:\/\/www.nuernberg.de\/internet\/tetrix_fuchsbau\/nbg_veranstaltungen.html?r=15&amp;miniweb=stadtportal&amp;vid=305756_2025-01-03T15:45\">Felseng\u00e4nge e. V. \u2013 N\u00fcrnberger Unterwelten&#8221;<\/a>\u00a0bot wie jedes Jahr <a rel=\"nofollow noopener\" target=\"_blank\" href=\"https:\/\/www.nuernberg.de\/internet\/kongresshalle\/nbg_veranstaltungen.html?r=2&amp;miniweb=nuernbergkultur&amp;vid=236976_2024-12-30T11:30\">F\u00fchrungen<\/a> anl\u00e4sslich der Katastrophe des 2. Januar an. Thema der F\u00fchrung war jedoch \u2013 ausweislich der Veranstaltungsank\u00fcndigung \u2012 &#8220;Menschenraub und Kunstraub&#8221;, also der Raub von Kunstwerken aus den besetzten Gebieten und die Verschleppung von Menschen als Zwangsarbeiter in das von den Nationalsozialisten beherrschte Deutschland. Wichtige Themen, gewiss, auch Themen, \u00fcber die viele Deutsche noch zu wenig wissen \u2013 aber auch sie f\u00fchren weg vom eigentlichen Anlass.<\/p>\n<p>In den regionalen und \u00fcberregionalen Medien war der 80. Jahrestag der Bombardierung N\u00fcrnbergs kein gro\u00dfes Ereignis. Das \u00f6rtliche <em>VNP<\/em>-Medienhaus (<em>Verlag N\u00fcrnberger Presse<\/em>) brachte zwar <a rel=\"nofollow noopener\" target=\"_blank\" href=\"https:\/\/www.nn.de\/nuernberg\/albtraum-fur-die-altstadt-britische-bomber-zerstorten-vor-80-jahren-nahezu-ganz-nurnberg-1.14531637\">Online-Beitr\u00e4ge<\/a>\u00a0(hinter <a rel=\"nofollow noopener\" target=\"_blank\" href=\"https:\/\/www.nn.de\/nuernberg\/luftangriff-auf-nurnberg-am-2-januar-1945-zerstorung-und-wiederaufbau-1.14472482#:~:text=80%20Jahre%20nach%20dem%20Luftangriff%20in%20N%C3%BCrnberg%20-%20Zerst%C3%B6rung%20und%20Neubeginn,-18%20Bilder%201.1&amp;text=Der%20Abend%20des%202.,-%20mit%20verheerenden%2C%20entsetzlichen%20Folgen\">Bezahlschranke<\/a>), aber der jahrelang vorhandene, bis in den Dezember 2024 noch verf\u00fcgbare Zeitraffer der Bombardierung in Form eines <a rel=\"nofollow noopener\" target=\"_blank\" href=\"https:\/\/www.nordbayern.de\/franken\/nuernberg\/2-januar-1945-am-abend-lag-nurnberg-in-schutt-und-asche-1.7048558\">Newstickers<\/a> mit vielen wertvollen Zeitzeugenberichten ist jetzt hinter der Meldung &#8220;404 \u2013 Liveblog not found&#8221; verloren gegangen.<\/p>\n<p>Auch die N\u00fcrnberger Politiker \u00fcbten sich weitgehend in Stillschweigen. Zwar postete der N\u00fcrnberger B\u00fcrgermeister Marcus K\u00f6nig einen Beitrag des <a rel=\"nofollow noopener\" target=\"_blank\" href=\"https:\/\/www.facebook.com\/photo?fbid=979107227587020&amp;set=pcb.979078254256584\">N\u00fcrnberger Stadtarchivs<\/a> auf Facebook, aber auffallend war vor allem das mediale Schweigen einer bedeutenden N\u00fcrnberger Pers\u00f6nlichkeit: Der wohl bekannteste Sohn der Stadt, der stets medienaffine bayerische Ministerpr\u00e4sident Markus S\u00f6der, der sonst jedes Bratw\u00fcrstlein in die Kamera h\u00e4lt, das er zu vertilgen geruht \u2013 sei es in N\u00fcrnberg, Warschau oder Prag \u2013, fand diesmal keine Worte zur Vernichtung seiner Heimat. Hat ihm etwa die harsche Kritik an seinem <a rel=\"nofollow noopener\" target=\"_blank\" href=\"https:\/\/www.zdf.de\/nachrichten\/politik\/deutschland\/markus-soeder-claudia-roth-instagram-kniefall-warschau-kritik-100.html\">Warschauer Kniefall<\/a> die Lust am Gedenken genommen? Immerhin, am Gedenkmarsch in N\u00fcrnberg soll er teilgenommen haben.<\/p>\n<div class=\"EmbedBlock-root EmbedBlock-twitter\">\n<div class=\"TwitterEmbed\">\n<blockquote class=\"twitter-tweet lazyload\" data-twitter=\"twitter-tweet\">\n<p lang=\"de\" dir=\"ltr\">Endlich ist es soweit! Der <a rel=\"nofollow noopener\" target=\"_blank\" href=\"https:\/\/twitter.com\/hashtag\/Christkindlesmarkt?src=hash&amp;ref_src=twsrc%5Etfw\">#Christkindlesmarkt<\/a><a rel=\"nofollow noopener\" target=\"_blank\" href=\"https:\/\/twitter.com\/hashtag\/N%C3%BCrnberg?src=hash&amp;ref_src=twsrc%5Etfw\">#N\u00fcrnberg<\/a> ist er\u00f6ffnet! Das ganze Jahr freue ich mich auf die <a rel=\"nofollow noopener\" target=\"_blank\" href=\"https:\/\/twitter.com\/hashtag\/Vorweihnachtszeit?src=hash&amp;ref_src=twsrc%5Etfw\">#Vorweihnachtszeit<\/a>. Es ist jedes Jahr ein G\u00e4nsehautmoment, wenn das N\u00fcrnberger Christkind den Prolog von der Frauenkirche <a rel=\"nofollow noopener\" target=\"_blank\" href=\"https:\/\/twitter.com\/nuernberg_de?ref_src=twsrc%5Etfw\">@nuernberg_de<\/a> spricht. Auf eine friedliche\u2026 <a rel=\"nofollow noopener\" target=\"_blank\" href=\"https:\/\/t.co\/FXATwHCP5F\">pic.twitter.com\/FXATwHCP5F<\/a><\/p>\n<p>\u2014 Markus S\u00f6der (@Markus_Soeder) <a rel=\"nofollow noopener\" target=\"_blank\" href=\"https:\/\/twitter.com\/Markus_Soeder\/status\/1862555527332732943?ref_src=twsrc%5Etfw\">November 29, 2024<\/a><\/p><\/blockquote>\n<\/div>\n<\/div>\n<p>Ansonsten finden sich noch ein Post des SPD-Stadtrats <a rel=\"nofollow noopener\" target=\"_blank\" href=\"https:\/\/www.facebook.com\/photo\/?fbid=1010748987531089&amp;set=a.684403070165684\">Thorsten Brehm<\/a> und ein <a rel=\"nofollow noopener\" target=\"_blank\" href=\"https:\/\/x.com\/ElenaRoonAfD\/status\/1874878103467757949\/photo\/1\">Beitrag<\/a> der N\u00fcrnberger AfD-Landtagsabgeordneten Elena Roon auf X, der dazu aufruft, angesichts der Leidensgeschichte der Opfer nunmehr Frieden und Heimat zu bewahren. Auch ihr Fraktionskollege <a rel=\"nofollow noopener\" target=\"_blank\" href=\"https:\/\/www.facebook.com\/photo\/?fbid=1171768701621591&amp;set=a.744153414383124\">Matthias Vogler<\/a> gedenkt auf Facebook der Bombardierung N\u00fcrnbergs. Und Michael Ziegler, der Kulturpolitische Sprecher der SPD im Stadtrat, freut sich, wie sch\u00f6n das <a rel=\"nofollow noopener\" target=\"_blank\" href=\"https:\/\/www.facebook.com\/michael.ziegler.nbg\/videos\/607616701811701\">Pilatushaus<\/a> wieder aufgebaut wurde.<\/p>\n<p>Es ist nun nicht so, als ob es in N\u00fcrnberg \u00fcberhaupt keine positiven Entwicklungen g\u00e4be. Der <a rel=\"nofollow noopener\" target=\"_blank\" href=\"https:\/\/www.altstadtfreunde-nuernberg.de\/de\/\">Verein der Altstadtfreunde<\/a> widmet sich mit viel Herzblut der Bewahrung und dem Wiederaufbau ererbter N\u00fcrnberger Bausubstanz. Auch N\u00fcrnberger <a rel=\"nofollow noopener\" target=\"_blank\" href=\"https:\/\/www.facebook.com\/reel\/9015449415210411\">Privatleute<\/a> beklagen durchaus den Verlust der romantischen, mittelalterlichen Altstadt. Es w\u00e4re eine Aufgabe der Stadt und der bayerischen Landesregierung, dieses Engagement f\u00fcr ein w\u00fcrdigeres Gedenken an den 2. Januar 1945 zu b\u00fcndeln.<\/p>\n<p>N\u00fcrnberg hat in den vergangenen Jahren viel getan, um seine unr\u00fchmliche Vergangenheit als Stadt des &#8220;Frankenf\u00fchrers&#8221;, als Stadt der Reichsparteitage aufzuarbeiten. Das <a rel=\"nofollow noopener\" target=\"_blank\" href=\"https:\/\/museen.nuernberg.de\/memorium-nuernberger-prozesse\">Memorium N\u00fcrnberger Prozesse<\/a> und das <a rel=\"nofollow noopener\" target=\"_blank\" href=\"https:\/\/museen.nuernberg.de\/memorium-nuernberger-prozesse\">Dokumentationszentrum Reichsparteitagsgel\u00e4nde<\/a> sind Beispiele daf\u00fcr. Es wird Zeit, dass die selbsternannte <a rel=\"nofollow noopener\" target=\"_blank\" href=\"https:\/\/www.nuernberg.de\/internet\/stadtportal\/stadtthema_menschenrechte.html\">Stadt des Friedens und der Menschenrechte<\/a> auch der eigenen Mitb\u00fcrger gedenkt, die dem Racheexzess der Angelsachsen zum Opfer gefallen sind.<\/p>\n<p><strong>Mehr zum Thema<\/strong>\u00a0\u2012 <a rel=\"nofollow noopener\" target=\"_blank\" href=\"https:\/\/freedert.online\/inland\/231614-besucheransturm-auf-soldatenfriedhof-in-halbe-nach-polizeieinsatz-grabkerzen-erneut-aufgestellt\/\">Besucheransturm auf Soldatenfriedhof Halbe nach Polizeieinsatz \u2013 Grabkerzen erneut aufgestellt<\/a><\/p>\n<div class=\"EmbedBlock-root EmbedBlock-externalVideo EmbedBlock-rumble\">\n<div class=\"VkEmbed\"><iframe class=\"lazyload\" data-src=\"https:\/\/rumble.com\/embed\/v5pds2w\" frameborder=\"0\" width=\"853\" height=\"480\" allowfullscreen><\/iframe><\/div>\n<\/div>\n<\/div>\n<p><script async src=\"https:\/\/platform.twitter.com\/widgets.js\" charset=\"utf-8\"><\/script><br \/>\n<br \/><br \/>\n<br \/><a href=\"https:\/\/de.rt.com\/meinung\/231831-nuernberg-2-januar-1945-vergessene-katastrophe\/\">Source link <\/a><\/p>\n","protected":false},"excerpt":{"rendered":"<p>Die Stadt N\u00fcrnberg l\u00e4utet das Gedenkjahr 2025 ein, indem sie ihrer Opfer (fast) nicht gedenkt. Der Online-Zeitraffer der Bombardierung in Form eines Newstickers wurde gel\u00f6scht und Markus S\u00f6der, geborener N\u00fcrnberger, der sich t\u00e4glich zehnmal auf TikTok und Co. meldet, h\u00fcllt sich in Schweigen. Von Astrid Sigena Im Laufe des 02.01.2025 wurde bekannt, dass der fr\u00fchere [&hellip;]<\/p>\n","protected":false},"author":3,"featured_media":75839,"comment_status":"open","ping_status":"open","sticky":false,"template":"","format":"standard","meta":{"_yoast_indexnow_last_ping":["1736107217"],"wp_automatic_camp":["217"],"1871800c43f4d5aaa2d0f32ec9a5fc95":["N\u00fcrnberg, 2. Januar 1945 \u2013 die vergessene Katastrophe"],"original_link":["https:\/\/de.rt.com\/meinung\/231831-nuernberg-2-januar-1945-vergessene-katastrophe\/"],"_thumbnail_id":["75839"],"_wptgpro_p2tg_sent2tg":["a:1:{i:23737;s:19:\"2025-01-05 22:02:08\";}"],"jnews_social_counter_last_update":["1777093028"]},"categories":[19,23],"tags":[45,9472,18992,27687,44269],"yoast_head":"<!-- This site is optimized with the Yoast SEO Premium plugin v22.7 (Yoast SEO v22.7) - https:\/\/yoast.com\/wordpress\/plugins\/seo\/ -->\n<title>N\u00fcrnberg, 2. Januar 1945 \u2013 die vergessene Katastrophe - just-now.NEWS Deutschland<\/title>\n<meta name=\"robots\" content=\"index, follow, max-snippet:-1, max-image-preview:large, max-video-preview:-1\" \/>\n<link rel=\"canonical\" href=\"https:\/\/now-news.de\/de\/deutschland\/nuernberg-2-januar-1945-die-vergessene-katastrophe\/\" \/>\n<meta property=\"og:locale\" content=\"de_DE\" \/>\n<meta property=\"og:type\" content=\"article\" \/>\n<meta property=\"og:title\" content=\"N\u00fcrnberg, 2. Januar 1945 \u2013 die vergessene Katastrophe\" \/>\n<meta property=\"og:description\" content=\"Die Stadt N\u00fcrnberg l\u00e4utet das Gedenkjahr 2025 ein, indem sie ihrer Opfer (fast) nicht gedenkt. Der Online-Zeitraffer der Bombardierung in Form eines Newstickers wurde gel\u00f6scht und Markus S\u00f6der, geborener N\u00fcrnberger, der sich t\u00e4glich zehnmal auf TikTok und Co. meldet, h\u00fcllt sich in Schweigen. Von Astrid Sigena Im Laufe des 02.01.2025 wurde bekannt, dass der fr\u00fchere [&hellip;]\" \/>\n<meta property=\"og:url\" content=\"https:\/\/now-news.de\/de\/deutschland\/nuernberg-2-januar-1945-die-vergessene-katastrophe\/\" \/>\n<meta property=\"og:site_name\" content=\"just-now.NEWS Deutschland\" \/>\n<meta property=\"article:publisher\" content=\"https:\/\/www.facebook.com\/wirmachenauf\" \/>\n<meta property=\"article:published_time\" content=\"2025-01-05T19:59:03+00:00\" \/>\n<meta property=\"og:image\" content=\"https:\/\/now-news.de\/de\/wp-content\/uploads\/sites\/3\/2025\/01\/677ab24048fbef50f71e4e16.jpg\" \/>\n<meta name=\"author\" content=\"rtnews\" \/>\n<meta name=\"twitter:card\" content=\"summary_large_image\" \/>\n<meta name=\"twitter:creator\" content=\"@WirMachenAuf_de\" \/>\n<meta name=\"twitter:site\" content=\"@WirMachenAuf_de\" \/>\n<meta name=\"twitter:label1\" content=\"Verfasst von\" \/>\n\t<meta name=\"twitter:data1\" content=\"rtnews\" \/>\n\t<meta name=\"twitter:label2\" content=\"Gesch\u00e4tzte Lesezeit\" \/>\n\t<meta name=\"twitter:data2\" content=\"7\u00a0Minuten\" \/>\n<script type=\"application\/ld+json\" class=\"yoast-schema-graph\">{\"@context\":\"https:\/\/schema.org\",\"@graph\":[{\"@type\":\"Article\",\"@id\":\"https:\/\/now-news.de\/de\/deutschland\/nuernberg-2-januar-1945-die-vergessene-katastrophe\/#article\",\"isPartOf\":{\"@id\":\"https:\/\/now-news.de\/de\/deutschland\/nuernberg-2-januar-1945-die-vergessene-katastrophe\/\"},\"author\":{\"name\":\"rtnews\",\"@id\":\"https:\/\/now-news.de\/de\/#\/schema\/person\/fb534a4e865501d8b3285208df34a9b5\"},\"headline\":\"N\u00fcrnberg, 2. Januar 1945 \u2013 die vergessene Katastrophe\",\"datePublished\":\"2025-01-05T19:59:03+00:00\",\"dateModified\":\"2025-01-05T19:59:03+00:00\",\"mainEntityOfPage\":{\"@id\":\"https:\/\/now-news.de\/de\/deutschland\/nuernberg-2-januar-1945-die-vergessene-katastrophe\/\"},\"wordCount\":1459,\"commentCount\":0,\"publisher\":{\"@id\":\"https:\/\/now-news.de\/de\/#organization\"},\"image\":{\"@id\":\"https:\/\/now-news.de\/de\/deutschland\/nuernberg-2-januar-1945-die-vergessene-katastrophe\/#primaryimage\"},\"thumbnailUrl\":\"https:\/\/now-news.de\/de\/wp-content\/uploads\/sites\/3\/2025\/01\/Nuernberg-2-Januar-1945-\u2013-die-vergessene-Katastrophe.jpg\",\"keywords\":[\"die\",\"Januar\",\"Katastrophe\",\"N\u00fcrnberg\",\"vergessene\"],\"articleSection\":[\"Deutschland\",\"Russland\"],\"inLanguage\":\"de\",\"potentialAction\":[{\"@type\":\"CommentAction\",\"name\":\"Comment\",\"target\":[\"https:\/\/now-news.de\/de\/deutschland\/nuernberg-2-januar-1945-die-vergessene-katastrophe\/#respond\"]}]},{\"@type\":\"WebPage\",\"@id\":\"https:\/\/now-news.de\/de\/deutschland\/nuernberg-2-januar-1945-die-vergessene-katastrophe\/\",\"url\":\"https:\/\/now-news.de\/de\/deutschland\/nuernberg-2-januar-1945-die-vergessene-katastrophe\/\",\"name\":\"N\u00fcrnberg, 2. Januar 1945 \u2013 die vergessene Katastrophe - just-now.NEWS Deutschland\",\"isPartOf\":{\"@id\":\"https:\/\/now-news.de\/de\/#website\"},\"primaryImageOfPage\":{\"@id\":\"https:\/\/now-news.de\/de\/deutschland\/nuernberg-2-januar-1945-die-vergessene-katastrophe\/#primaryimage\"},\"image\":{\"@id\":\"https:\/\/now-news.de\/de\/deutschland\/nuernberg-2-januar-1945-die-vergessene-katastrophe\/#primaryimage\"},\"thumbnailUrl\":\"https:\/\/now-news.de\/de\/wp-content\/uploads\/sites\/3\/2025\/01\/Nuernberg-2-Januar-1945-\u2013-die-vergessene-Katastrophe.jpg\",\"datePublished\":\"2025-01-05T19:59:03+00:00\",\"dateModified\":\"2025-01-05T19:59:03+00:00\",\"breadcrumb\":{\"@id\":\"https:\/\/now-news.de\/de\/deutschland\/nuernberg-2-januar-1945-die-vergessene-katastrophe\/#breadcrumb\"},\"inLanguage\":\"de\",\"potentialAction\":[{\"@type\":\"ReadAction\",\"target\":[\"https:\/\/now-news.de\/de\/deutschland\/nuernberg-2-januar-1945-die-vergessene-katastrophe\/\"]}]},{\"@type\":\"ImageObject\",\"inLanguage\":\"de\",\"@id\":\"https:\/\/now-news.de\/de\/deutschland\/nuernberg-2-januar-1945-die-vergessene-katastrophe\/#primaryimage\",\"url\":\"https:\/\/now-news.de\/de\/wp-content\/uploads\/sites\/3\/2025\/01\/Nuernberg-2-Januar-1945-\u2013-die-vergessene-Katastrophe.jpg\",\"contentUrl\":\"https:\/\/now-news.de\/de\/wp-content\/uploads\/sites\/3\/2025\/01\/Nuernberg-2-Januar-1945-\u2013-die-vergessene-Katastrophe.jpg\",\"width\":1013,\"height\":1080,\"caption\":\"N\u00fcrnberg, 2. Januar 1945 \u2013 die vergessene Katastrophe\"},{\"@type\":\"BreadcrumbList\",\"@id\":\"https:\/\/now-news.de\/de\/deutschland\/nuernberg-2-januar-1945-die-vergessene-katastrophe\/#breadcrumb\",\"itemListElement\":[{\"@type\":\"ListItem\",\"position\":1,\"name\":\"Home\",\"item\":\"https:\/\/now-news.de\/de\/\"},{\"@type\":\"ListItem\",\"position\":2,\"name\":\"N\u00fcrnberg, 2. Januar 1945 \u2013 die vergessene Katastrophe\"}]},{\"@type\":\"WebSite\",\"@id\":\"https:\/\/now-news.de\/de\/#website\",\"url\":\"https:\/\/now-news.de\/de\/\",\"name\":\"just-now.NEWS Deutschland\",\"description\":\"Das Portal f\u00fcr unzensierte Nachrichten aus der Welt\",\"publisher\":{\"@id\":\"https:\/\/now-news.de\/de\/#organization\"},\"potentialAction\":[{\"@type\":\"SearchAction\",\"target\":{\"@type\":\"EntryPoint\",\"urlTemplate\":\"https:\/\/now-news.de\/de\/?s={search_term_string}\"},\"query-input\":\"required name=search_term_string\"}],\"inLanguage\":\"de\"},{\"@type\":\"Organization\",\"@id\":\"https:\/\/now-news.de\/de\/#organization\",\"name\":\"Just Now News\",\"url\":\"https:\/\/now-news.de\/de\/\",\"logo\":{\"@type\":\"ImageObject\",\"inLanguage\":\"de\",\"@id\":\"https:\/\/now-news.de\/de\/#\/schema\/logo\/image\/\",\"url\":\"http:\/\/just-now.news\/de\/wp-content\/uploads\/sites\/3\/2022\/04\/logo500x500.jpg\",\"contentUrl\":\"http:\/\/just-now.news\/de\/wp-content\/uploads\/sites\/3\/2022\/04\/logo500x500.jpg\",\"width\":500,\"height\":500,\"caption\":\"Just Now News\"},\"image\":{\"@id\":\"https:\/\/now-news.de\/de\/#\/schema\/logo\/image\/\"},\"sameAs\":[\"https:\/\/www.facebook.com\/wirmachenauf\",\"https:\/\/x.com\/WirMachenAuf_de\"]},{\"@type\":\"Person\",\"@id\":\"https:\/\/now-news.de\/de\/#\/schema\/person\/fb534a4e865501d8b3285208df34a9b5\",\"name\":\"rtnews\",\"image\":{\"@type\":\"ImageObject\",\"inLanguage\":\"de\",\"@id\":\"https:\/\/now-news.de\/de\/#\/schema\/person\/image\/\",\"url\":\"https:\/\/secure.gravatar.com\/avatar\/82aafea7d8127119dd649515f56e2117?s=96&d=mm&r=g\",\"contentUrl\":\"https:\/\/secure.gravatar.com\/avatar\/82aafea7d8127119dd649515f56e2117?s=96&d=mm&r=g\",\"caption\":\"rtnews\"},\"url\":\"https:\/\/now-news.de\/de\/author\/rnews\/\"}]}<\/script>\n<!-- \/ Yoast SEO Premium plugin. -->","yoast_head_json":{"title":"N\u00fcrnberg, 2. Januar 1945 \u2013 die vergessene Katastrophe - just-now.NEWS Deutschland","robots":{"index":"index","follow":"follow","max-snippet":"max-snippet:-1","max-image-preview":"max-image-preview:large","max-video-preview":"max-video-preview:-1"},"canonical":"https:\/\/now-news.de\/de\/deutschland\/nuernberg-2-januar-1945-die-vergessene-katastrophe\/","og_locale":"de_DE","og_type":"article","og_title":"N\u00fcrnberg, 2. Januar 1945 \u2013 die vergessene Katastrophe","og_description":"Die Stadt N\u00fcrnberg l\u00e4utet das Gedenkjahr 2025 ein, indem sie ihrer Opfer (fast) nicht gedenkt. Der Online-Zeitraffer der Bombardierung in Form eines Newstickers wurde gel\u00f6scht und Markus S\u00f6der, geborener N\u00fcrnberger, der sich t\u00e4glich zehnmal auf TikTok und Co. meldet, h\u00fcllt sich in Schweigen. Von Astrid Sigena Im Laufe des 02.01.2025 wurde bekannt, dass der fr\u00fchere [&hellip;]","og_url":"https:\/\/now-news.de\/de\/deutschland\/nuernberg-2-januar-1945-die-vergessene-katastrophe\/","og_site_name":"just-now.NEWS Deutschland","article_publisher":"https:\/\/www.facebook.com\/wirmachenauf","article_published_time":"2025-01-05T19:59:03+00:00","og_image":[{"url":"https:\/\/now-news.de\/de\/wp-content\/uploads\/sites\/3\/2025\/01\/677ab24048fbef50f71e4e16.jpg"}],"author":"rtnews","twitter_card":"summary_large_image","twitter_creator":"@WirMachenAuf_de","twitter_site":"@WirMachenAuf_de","twitter_misc":{"Verfasst von":"rtnews","Gesch\u00e4tzte Lesezeit":"7\u00a0Minuten"},"schema":{"@context":"https:\/\/schema.org","@graph":[{"@type":"Article","@id":"https:\/\/now-news.de\/de\/deutschland\/nuernberg-2-januar-1945-die-vergessene-katastrophe\/#article","isPartOf":{"@id":"https:\/\/now-news.de\/de\/deutschland\/nuernberg-2-januar-1945-die-vergessene-katastrophe\/"},"author":{"name":"rtnews","@id":"https:\/\/now-news.de\/de\/#\/schema\/person\/fb534a4e865501d8b3285208df34a9b5"},"headline":"N\u00fcrnberg, 2. Januar 1945 \u2013 die vergessene Katastrophe","datePublished":"2025-01-05T19:59:03+00:00","dateModified":"2025-01-05T19:59:03+00:00","mainEntityOfPage":{"@id":"https:\/\/now-news.de\/de\/deutschland\/nuernberg-2-januar-1945-die-vergessene-katastrophe\/"},"wordCount":1459,"commentCount":0,"publisher":{"@id":"https:\/\/now-news.de\/de\/#organization"},"image":{"@id":"https:\/\/now-news.de\/de\/deutschland\/nuernberg-2-januar-1945-die-vergessene-katastrophe\/#primaryimage"},"thumbnailUrl":"https:\/\/now-news.de\/de\/wp-content\/uploads\/sites\/3\/2025\/01\/Nuernberg-2-Januar-1945-\u2013-die-vergessene-Katastrophe.jpg","keywords":["die","Januar","Katastrophe","N\u00fcrnberg","vergessene"],"articleSection":["Deutschland","Russland"],"inLanguage":"de","potentialAction":[{"@type":"CommentAction","name":"Comment","target":["https:\/\/now-news.de\/de\/deutschland\/nuernberg-2-januar-1945-die-vergessene-katastrophe\/#respond"]}]},{"@type":"WebPage","@id":"https:\/\/now-news.de\/de\/deutschland\/nuernberg-2-januar-1945-die-vergessene-katastrophe\/","url":"https:\/\/now-news.de\/de\/deutschland\/nuernberg-2-januar-1945-die-vergessene-katastrophe\/","name":"N\u00fcrnberg, 2. Januar 1945 \u2013 die vergessene Katastrophe - just-now.NEWS Deutschland","isPartOf":{"@id":"https:\/\/now-news.de\/de\/#website"},"primaryImageOfPage":{"@id":"https:\/\/now-news.de\/de\/deutschland\/nuernberg-2-januar-1945-die-vergessene-katastrophe\/#primaryimage"},"image":{"@id":"https:\/\/now-news.de\/de\/deutschland\/nuernberg-2-januar-1945-die-vergessene-katastrophe\/#primaryimage"},"thumbnailUrl":"https:\/\/now-news.de\/de\/wp-content\/uploads\/sites\/3\/2025\/01\/Nuernberg-2-Januar-1945-\u2013-die-vergessene-Katastrophe.jpg","datePublished":"2025-01-05T19:59:03+00:00","dateModified":"2025-01-05T19:59:03+00:00","breadcrumb":{"@id":"https:\/\/now-news.de\/de\/deutschland\/nuernberg-2-januar-1945-die-vergessene-katastrophe\/#breadcrumb"},"inLanguage":"de","potentialAction":[{"@type":"ReadAction","target":["https:\/\/now-news.de\/de\/deutschland\/nuernberg-2-januar-1945-die-vergessene-katastrophe\/"]}]},{"@type":"ImageObject","inLanguage":"de","@id":"https:\/\/now-news.de\/de\/deutschland\/nuernberg-2-januar-1945-die-vergessene-katastrophe\/#primaryimage","url":"https:\/\/now-news.de\/de\/wp-content\/uploads\/sites\/3\/2025\/01\/Nuernberg-2-Januar-1945-\u2013-die-vergessene-Katastrophe.jpg","contentUrl":"https:\/\/now-news.de\/de\/wp-content\/uploads\/sites\/3\/2025\/01\/Nuernberg-2-Januar-1945-\u2013-die-vergessene-Katastrophe.jpg","width":1013,"height":1080,"caption":"N\u00fcrnberg, 2. Januar 1945 \u2013 die vergessene Katastrophe"},{"@type":"BreadcrumbList","@id":"https:\/\/now-news.de\/de\/deutschland\/nuernberg-2-januar-1945-die-vergessene-katastrophe\/#breadcrumb","itemListElement":[{"@type":"ListItem","position":1,"name":"Home","item":"https:\/\/now-news.de\/de\/"},{"@type":"ListItem","position":2,"name":"N\u00fcrnberg, 2. Januar 1945 \u2013 die vergessene Katastrophe"}]},{"@type":"WebSite","@id":"https:\/\/now-news.de\/de\/#website","url":"https:\/\/now-news.de\/de\/","name":"just-now.NEWS Deutschland","description":"Das Portal f\u00fcr unzensierte Nachrichten aus der Welt","publisher":{"@id":"https:\/\/now-news.de\/de\/#organization"},"potentialAction":[{"@type":"SearchAction","target":{"@type":"EntryPoint","urlTemplate":"https:\/\/now-news.de\/de\/?s={search_term_string}"},"query-input":"required name=search_term_string"}],"inLanguage":"de"},{"@type":"Organization","@id":"https:\/\/now-news.de\/de\/#organization","name":"Just Now News","url":"https:\/\/now-news.de\/de\/","logo":{"@type":"ImageObject","inLanguage":"de","@id":"https:\/\/now-news.de\/de\/#\/schema\/logo\/image\/","url":"http:\/\/just-now.news\/de\/wp-content\/uploads\/sites\/3\/2022\/04\/logo500x500.jpg","contentUrl":"http:\/\/just-now.news\/de\/wp-content\/uploads\/sites\/3\/2022\/04\/logo500x500.jpg","width":500,"height":500,"caption":"Just Now News"},"image":{"@id":"https:\/\/now-news.de\/de\/#\/schema\/logo\/image\/"},"sameAs":["https:\/\/www.facebook.com\/wirmachenauf","https:\/\/x.com\/WirMachenAuf_de"]},{"@type":"Person","@id":"https:\/\/now-news.de\/de\/#\/schema\/person\/fb534a4e865501d8b3285208df34a9b5","name":"rtnews","image":{"@type":"ImageObject","inLanguage":"de","@id":"https:\/\/now-news.de\/de\/#\/schema\/person\/image\/","url":"https:\/\/secure.gravatar.com\/avatar\/82aafea7d8127119dd649515f56e2117?s=96&d=mm&r=g","contentUrl":"https:\/\/secure.gravatar.com\/avatar\/82aafea7d8127119dd649515f56e2117?s=96&d=mm&r=g","caption":"rtnews"},"url":"https:\/\/now-news.de\/de\/author\/rnews\/"}]}},"_links":{"self":[{"href":"https:\/\/now-news.de\/de\/wp-json\/wp\/v2\/posts\/75838"}],"collection":[{"href":"https:\/\/now-news.de\/de\/wp-json\/wp\/v2\/posts"}],"about":[{"href":"https:\/\/now-news.de\/de\/wp-json\/wp\/v2\/types\/post"}],"author":[{"embeddable":true,"href":"https:\/\/now-news.de\/de\/wp-json\/wp\/v2\/users\/3"}],"replies":[{"embeddable":true,"href":"https:\/\/now-news.de\/de\/wp-json\/wp\/v2\/comments?post=75838"}],"version-history":[{"count":0,"href":"https:\/\/now-news.de\/de\/wp-json\/wp\/v2\/posts\/75838\/revisions"}],"wp:featuredmedia":[{"embeddable":true,"href":"https:\/\/now-news.de\/de\/wp-json\/wp\/v2\/media\/75839"}],"wp:attachment":[{"href":"https:\/\/now-news.de\/de\/wp-json\/wp\/v2\/media?parent=75838"}],"wp:term":[{"taxonomy":"category","embeddable":true,"href":"https:\/\/now-news.de\/de\/wp-json\/wp\/v2\/categories?post=75838"},{"taxonomy":"post_tag","embeddable":true,"href":"https:\/\/now-news.de\/de\/wp-json\/wp\/v2\/tags?post=75838"}],"curies":[{"name":"wp","href":"https:\/\/api.w.org\/{rel}","templated":true}]}}