{"id":75824,"date":"2025-01-05T17:56:28","date_gmt":"2025-01-05T15:56:28","guid":{"rendered":"https:\/\/now-news.de\/de\/deutschland\/was-der-leidgepruefte-sternfahrer-ijon-tichy-zur-jahres-und-zeitenwende-mitansehen-musste\/"},"modified":"2025-01-05T17:56:28","modified_gmt":"2025-01-05T15:56:28","slug":"was-der-leidgepruefte-sternfahrer-ijon-tichy-zur-jahres-und-zeitenwende-mitansehen-musste","status":"publish","type":"post","link":"https:\/\/now-news.de\/de\/deutschland\/was-der-leidgepruefte-sternfahrer-ijon-tichy-zur-jahres-und-zeitenwende-mitansehen-musste\/","title":{"rendered":"Was der leidgepr\u00fcfte Sternfahrer Ijon Tichy zur Jahres- und Zeitenwende mitansehen musste"},"content":{"rendered":"<p><img decoding=\"async\" src=\"https:\/\/now-news.de\/de\/wp-content\/uploads\/sites\/3\/2025\/01\/677a94d4b480cc29be53d9fc.jpg\" \/><\/p>\n<div class=\"Text-root Text-type_1 \">\n                In den letzten Wochen war es still geworden um unseren kosmonautischen Helden Ijon Tichy. Doch auch im neuen Jahr beobachtet dieser, welch wunderbar postfaktische und postdemokratische Kapriolen in dieser &#8220;Zeitenwende&#8221; so getrieben werden.\n            <\/div>\n<p><\/p>\n<div class=\"Text-root Text-type_5 ArticleView-text ViewText-root \">\n<p><em>Eine Lesermeinung von Mikhail Balzer<\/em><\/p>\n<p>Nun war es in den letzten Wochen still geworden um unseren zynisch vereinsamten Raumpiloten, den es aus Zeit und Raum ausgerechnet in einen Orbit um Terranien anno Domini 2024 geweht hatte. Still geworden nicht nur wegen des vergangenen Jahreswechsels, sondern auch aus Solidarit\u00e4t mit jenen sonderlichen Terraniern, die freiwillig und aus vorgeblicher &#8220;Standhaftigkeit&#8221; sowie zum Klimaschutz auf g\u00fcnstige Energien verzichten wollten und nun sparen m\u00fcssen.<\/p>\n<p>Sparen mussten sie bekanntlich noch aus einem weiteren Grund, n\u00e4mlich aus Solidarit\u00e4t mit Ukra*Tanien, wo sich aus unerfindlichen Gr\u00fcnden ebenfalls eine Energiemangellage ausgebildet hatte. Damit diese nicht lokal und nur auf Strom begrenzt bleibe, hatte man dort nun auch entschieden, besondere Solidarit\u00e4t zu ausgew\u00e4hlten unmittelbaren Nachbarl\u00e4ndern zu zeigen, und einfach mal den Gastransitschalter umgelegt \u2012 sehr zur Freude eben dieser benachbarten L\u00e4nder.<\/p>\n<p>B\u00f6swillige Zungen hingegen behaupten, dass dies eine verordnete Retourkutsche aus dem kriegsbeflissenen Br\u00fcsseler Wunderkerzengarten sei, erbost dar\u00fcber, dass sich einige Mitglieder PanEU*ropiens nicht an der verl\u00e4ngerten Belieferung des herrlich wehrhaften Feuerwerks beteiligen wollten, welches die NA*Toren f\u00fcr die Ostgrenzregion und von langer Hand so sch\u00f6n geplant hatten. Eingedenk der Historie des 19. und fr\u00fchen 20. Jahrhunderts scheinen insbesondere wieder einmal magyarische Querk\u00f6pfe allzu wenig dem engstirnigen kriegstreiberischen Denken deutschsprachiger Regent*Innen folgen zu wollen und hatten zu diesem Zweck auch noch die Regierung eines Nachbarstaates mit dem Pazifistenvirus angesteckt.<\/p>\n<p>Nun, mit Sanktionitis durch die hinterh\u00e4ltige Hintert\u00fcr, gerne auch gegen\u00fcber unbiegsamen Mitgliedsstaaten, hat sich eine nicht von den Bev\u00f6lkerungen auserw\u00e4hlte Regentschaft in Br\u00fcssel schon immer hervorgetan. Was soll&#8217;s auch: Ist man erst vom Votum des dummen Wahlvolkes befreit, so regiert es sich doch ganz unbeschwert und man muss nicht mal mehr alle Geheimnisse ausplaudern! Und wenn dies mal nicht ordentlich klappt, so werden Wahlen einfach r\u00fcckg\u00e4ngig gemacht auf diesem oder jenem Weg (Vorbild hierzu war laut Eulenspiegli*Pedia eine allzu lang amtierende Kanzlerin im Regenbogenbunt*Land).<\/p>\n<p>Man behauptet beispielsweise Wahleinmischung aus dem Ausland, l\u00e4sst dies im betroffenen Vasallenstaat vom Verfassungsgericht absegnen und annulliert dergestalt das Volksvotum f\u00fcr den Pr\u00e4sidentschaftskandidaten, der dem PanEU*ropischen Zentralkomitee nicht genehm war. Alles ganz ungezwungen und normal, frei von Beweisen oder \u00fcberpr\u00fcfbaren Fakten, aber mit einem bombastischen politmedialen Get\u00f6se auf der Propagandatrompete! Auf der Spiegelseite der Medaille d\u00fcrfen sich gew\u00e4hlte Volksrepr\u00e4sentanten aber durchaus in Wahlen und Innenpolitik eines moralisch abtr\u00fcnnigen kaukasischen Landes einmischen, denn da geht es ja um die besonderen &#8220;ordnungsbasierten Werte&#8221; des besten Western.<\/p>\n<p>Und es geht ja gar nicht an, dass das dortige Parlament (wohlgemerkt nach einer vermeintlich &#8220;gef\u00e4lschten Wahl&#8221;, jedoch gar eindeutigsten Mehrheitsverh\u00e4ltnissen) auch noch einen neuen Pr\u00e4sidenten ernennt \u2012 wo doch die Installation einer aus dem frankophonen Ausland extra importierten astreinen Demokrat*In so unglaublich teuer gewesen ist! Ijon Tichy wundert sich an dieser Stelle erstaunlicherweise immer noch, welch wunderbar postfaktische und postdemokratische Kapriolen in dieser &#8220;Zeitenwende&#8221; so getrieben werden \u2012 ganz so, als ob die Demokratie vom Himmel gefallen w\u00e4re und nicht besonders gegen eine innere Aush\u00f6hlung durch Machtorgane des Staates gesch\u00fctzt werden m\u00fcsste.<\/p>\n<p>Diese Gefahr, nicht nur jene aus extremen politischen Richtungen, war zumindest von den Verfassungsv\u00e4tern (Pardon: Verfassungs*Elter*Innen!) fr\u00fcherer Jahre zu Recht besonders gef\u00fcrchtet worden. Stichwort &#8220;Gewaltenteilung&#8221;, Vermeidung der medialen Gleichschaltung und Bedeutung der Presse- wie Meinungsfreiheit als viertes Standbein zur Kontrolle einer Staatsgewalt.<\/p>\n<p>Und hierbei sind wir auch schon bei den Kapriolen um die Wahl des 47. Pr\u00e4sidenten des fernen Trans*Teichniens und der Ernennung seines &#8220;Schattenteams&#8221; angelangt. Nicht nur, dass er entgegen dem einf\u00f6rmigen medialen Sturm und zur Emp\u00f6rung weiter Teile der Politprominenz PanEU*ropiens gew\u00e4hlt worden war. (Ebendort h\u00e4tte man sich des Problems vielleicht noch durch eine &#8220;R\u00fcckabwicklung&#8221; der Wahlergebnisse entledigen k\u00f6nnen?!).<\/p>\n<p>Nein, vielmehr, und dabei noch nicht ganz im Amt, wagte doch einer seiner Mitspieler Mask*enhaft deftige Kritik an dem neuen regelbasierten demokratischen Umgang, welchen man im Regenbogenbunt*Land neuerdings pflegt, und empfahl gar die Wahl einer undenkbaren Partei. Auch schoss er verbal gegen einen &#8220;in Stein gemeierten&#8221; W\u00fcrdentr\u00e4ger des Landes. Wenn das der selige Kaiser noch erlebt h\u00e4tte! Nun ja, wenn der alte &#8220;Prahlhans&#8221; (zitiert nach Golo Mann) dies erlebt h\u00e4tte, so h\u00e4tte er l\u00f6wenhaft, gratismutig und zugleich gazellenscheu so was von Majest\u00e4tsbeleidigung gebr\u00fcllt!<\/p>\n<p>Und ganz \u00e4hnlich pl\u00e4rrt es da aus dem Baaliner Regenten*Viertel, wieder mit der obigen Kampfparole &#8220;Wir verbieten uns Wahleinmischung aus dem Auslande!&#8221;. Wie kostenfrei doch solch gro\u00dfartiger politischer Mut zu haben ist!<\/p>\n<p>Genauso kostenlos scheint es um ein Foto der besten und feministischsten Vertreterin h\u00f6chster diplomatischer Umgangsformen bestellt, die in einer gerade erst wieder er\u00f6ffneten Botschaft ein &#8220;Selfie&#8221; (welch wunderbar urdeutscher Begriff!) schoss, dort um Kopfesh\u00f6he \u00fcberragt von dem Abbild eines vormaligen Repr\u00e4sentanten ihres Landes. 360-Grad gewendet und offenbar naiv in Bezug auf historische Kenntnisse, schien ihr allerdings unbekannt, dass jener durchaus noch so etwas wie ein R\u00fcckgrat sein Eigen nannte, und vielleicht auch deswegen einem aufgebauschten Skand\u00e4lchen zuliebe abdanken musste.<\/p>\n<p>Welch Zufall, dass Ijon genau in diesem Moment das Parallelereignis um einen Vor-Vorg\u00e4nger des derzeitigen Orwell&#8217;schen Friedensministers Pistoletti einf\u00e4llt, jenen Herrn von und zu Gutengebergens, der ebenfalls eher wegen, statt trotz seiner Standhaftigkeit mit dem Sturm der moralisch entr\u00fcsteten Plagiatsvorw\u00fcrfe umgeworfen worden war! Ach ja: Auch dies war in die glorreiche und lange \u00c4ra einer Wahlr\u00fcckg\u00e4ngig*Macherin gefallen, die politische L\u00fcgen gerne erst ein Jahrzehnt sp\u00e4ter zum Besten gab (man denke nur an Minsk II)!<\/p>\n<p>Zur\u00fcck auf das au\u00dfenpolitische Glatteis, speziell wenn man dort h\u00fcpfend und 360 Grad Pirouetten drehend gl\u00e4nzen will: Was war das doch f\u00fcr ein absehbar selbstgemachter Skandal!? Jener mit dem irritiert abgelehnten Handschlag durch vormalige Islamisten, die sich nun, durch einen wundersamen wertebasierten Zaubertrank in beinahe lupenreine Demokraten gewandelt haben sollen. Absehbar deshalb, weil in fundamental orientierten muslimischen Denkstrukturen der Mann einer (wie sollen wir es nur politisch korrekt formulieren?) diplomatischen Vertreter*In nicht die Hand reicht&#8230; Aber egal: Mediales Get\u00f6se aus dem Hochtonlautsprecher besserwisserischer \u00dcberzeugung und ein fetter Tusch \u00fcber jenes peinlich-naive &#8220;Selfie&#8221; wird die ganze Angelegenheit schon ins rechte Licht setzen! Daf\u00fcr wird man dann sorgen, in den Nachrichten der &#8220;Aktuellen Traumschleuder&#8221; (vormals: &#8220;Aktuelle Kamera&#8221;)!<\/p>\n<p>Mit diesen bitter ironischen Gedanken des vereinsamten Ijon Tichy wollen wir nun schlie\u00dfen, nicht g\u00e4nzlich unerw\u00e4hnt lassend, dass er hernach einen kr\u00e4ftigen antidepressiven Schluck aus der frisch synthetisierten Wodkaflasche zu sich nehmen musste.<\/p>\n<p><strong>Mehr zum Thema<\/strong>\u00a0\u2012 <a rel=\"nofollow noopener\" target=\"_blank\" href=\"https:\/\/freedert.online\/meinung\/212625-was-sternfahrer-ijon-tichy-nach\/\">Was der Sternfahrer Ijon Tichy nach seiner legend\u00e4ren Zeitschleife zu sehen bekam (III)<\/a><\/p>\n<div class=\"EmbedBlock-root EmbedBlock-externalVideo EmbedBlock-rumble\">\n<div class=\"VkEmbed\"><iframe class=\"lazyload\" data-src=\"https:\/\/rumble.com\/embed\/v62alny\" frameborder=\"0\" width=\"853\" height=\"480\" allowfullscreen><\/iframe><\/div>\n<\/div>\n<\/div>\n<p><br \/>\n<br \/><a href=\"https:\/\/de.rt.com\/meinung\/231788-was-leidgepruefte-sternfahrer-ijon-tichy\/\">Source link <\/a><\/p>\n","protected":false},"excerpt":{"rendered":"<p>In den letzten Wochen war es still geworden um unseren kosmonautischen Helden Ijon Tichy. Doch auch im neuen Jahr beobachtet dieser, welch wunderbar postfaktische und postdemokratische Kapriolen in dieser &#8220;Zeitenwende&#8221; so getrieben werden. Eine Lesermeinung von Mikhail Balzer Nun war es in den letzten Wochen still geworden um unseren zynisch vereinsamten Raumpiloten, den es aus [&hellip;]<\/p>\n","protected":false},"author":3,"featured_media":75825,"comment_status":"open","ping_status":"open","sticky":false,"template":"","format":"standard","meta":{"_yoast_indexnow_last_ping":["1736092631"],"wp_automatic_camp":["217"],"4ef95f3624e84ea88baa3ef1bd6b4aa6":["Was der leidgepr\u00fcfte Sternfahrer Ijon Tichy zur Jahres- und Zeitenwende mitansehen musste"],"original_link":["https:\/\/de.rt.com\/meinung\/231788-was-leidgepruefte-sternfahrer-ijon-tichy\/"],"_thumbnail_id":["75825"],"_wptgpro_p2tg_sent2tg":["a:1:{i:23737;s:19:\"2025-01-05 18:00:28\";}"],"jnews_social_counter_last_update":["1777119792"]},"categories":[19,23],"tags":[82,55992,22878,61599,61600,23204,55991,48093,140,5540,581],"yoast_head":"<!-- This site is optimized with the Yoast SEO Premium plugin v22.7 (Yoast SEO v22.7) - https:\/\/yoast.com\/wordpress\/plugins\/seo\/ -->\n<title>Was der leidgepr\u00fcfte Sternfahrer Ijon Tichy zur Jahres- und Zeitenwende mitansehen musste - just-now.NEWS Deutschland<\/title>\n<meta name=\"robots\" content=\"index, follow, max-snippet:-1, max-image-preview:large, max-video-preview:-1\" \/>\n<link rel=\"canonical\" href=\"https:\/\/now-news.de\/de\/deutschland\/was-der-leidgepruefte-sternfahrer-ijon-tichy-zur-jahres-und-zeitenwende-mitansehen-musste\/\" \/>\n<meta property=\"og:locale\" content=\"de_DE\" \/>\n<meta property=\"og:type\" content=\"article\" \/>\n<meta property=\"og:title\" content=\"Was der leidgepr\u00fcfte Sternfahrer Ijon Tichy zur Jahres- und Zeitenwende mitansehen musste\" \/>\n<meta property=\"og:description\" content=\"In den letzten Wochen war es still geworden um unseren kosmonautischen Helden Ijon Tichy. Doch auch im neuen Jahr beobachtet dieser, welch wunderbar postfaktische und postdemokratische Kapriolen in dieser &#8220;Zeitenwende&#8221; so getrieben werden. Eine Lesermeinung von Mikhail Balzer Nun war es in den letzten Wochen still geworden um unseren zynisch vereinsamten Raumpiloten, den es aus [&hellip;]\" \/>\n<meta property=\"og:url\" content=\"https:\/\/now-news.de\/de\/deutschland\/was-der-leidgepruefte-sternfahrer-ijon-tichy-zur-jahres-und-zeitenwende-mitansehen-musste\/\" \/>\n<meta property=\"og:site_name\" content=\"just-now.NEWS Deutschland\" \/>\n<meta property=\"article:publisher\" content=\"https:\/\/www.facebook.com\/wirmachenauf\" \/>\n<meta property=\"article:published_time\" content=\"2025-01-05T15:56:28+00:00\" \/>\n<meta property=\"og:image\" content=\"https:\/\/now-news.de\/de\/wp-content\/uploads\/sites\/3\/2025\/01\/677a94d4b480cc29be53d9fc.jpg\" \/>\n<meta name=\"author\" content=\"rtnews\" \/>\n<meta name=\"twitter:card\" content=\"summary_large_image\" \/>\n<meta name=\"twitter:creator\" content=\"@WirMachenAuf_de\" \/>\n<meta name=\"twitter:site\" content=\"@WirMachenAuf_de\" \/>\n<meta name=\"twitter:label1\" content=\"Verfasst von\" \/>\n\t<meta name=\"twitter:data1\" content=\"rtnews\" \/>\n\t<meta name=\"twitter:label2\" content=\"Gesch\u00e4tzte Lesezeit\" \/>\n\t<meta name=\"twitter:data2\" content=\"6\u00a0Minuten\" \/>\n<script type=\"application\/ld+json\" class=\"yoast-schema-graph\">{\"@context\":\"https:\/\/schema.org\",\"@graph\":[{\"@type\":\"Article\",\"@id\":\"https:\/\/now-news.de\/de\/deutschland\/was-der-leidgepruefte-sternfahrer-ijon-tichy-zur-jahres-und-zeitenwende-mitansehen-musste\/#article\",\"isPartOf\":{\"@id\":\"https:\/\/now-news.de\/de\/deutschland\/was-der-leidgepruefte-sternfahrer-ijon-tichy-zur-jahres-und-zeitenwende-mitansehen-musste\/\"},\"author\":{\"name\":\"rtnews\",\"@id\":\"https:\/\/now-news.de\/de\/#\/schema\/person\/fb534a4e865501d8b3285208df34a9b5\"},\"headline\":\"Was der leidgepr\u00fcfte Sternfahrer Ijon Tichy zur Jahres- und Zeitenwende mitansehen musste\",\"datePublished\":\"2025-01-05T15:56:28+00:00\",\"dateModified\":\"2025-01-05T15:56:28+00:00\",\"mainEntityOfPage\":{\"@id\":\"https:\/\/now-news.de\/de\/deutschland\/was-der-leidgepruefte-sternfahrer-ijon-tichy-zur-jahres-und-zeitenwende-mitansehen-musste\/\"},\"wordCount\":1162,\"commentCount\":0,\"publisher\":{\"@id\":\"https:\/\/now-news.de\/de\/#organization\"},\"image\":{\"@id\":\"https:\/\/now-news.de\/de\/deutschland\/was-der-leidgepruefte-sternfahrer-ijon-tichy-zur-jahres-und-zeitenwende-mitansehen-musste\/#primaryimage\"},\"thumbnailUrl\":\"https:\/\/now-news.de\/de\/wp-content\/uploads\/sites\/3\/2025\/01\/Was-der-leidgepruefte-Sternfahrer-Ijon-Tichy-zur-Jahres-und-Zeitenwende.jpg\",\"keywords\":[\"der\",\"Ijon\",\"Jahres\",\"leidgepr\u00fcfte\",\"mitansehen\",\"musste\",\"Sternfahrer\",\"Tichy\",\"und\",\"Zeitenwende\",\"zur\"],\"articleSection\":[\"Deutschland\",\"Russland\"],\"inLanguage\":\"de\",\"potentialAction\":[{\"@type\":\"CommentAction\",\"name\":\"Comment\",\"target\":[\"https:\/\/now-news.de\/de\/deutschland\/was-der-leidgepruefte-sternfahrer-ijon-tichy-zur-jahres-und-zeitenwende-mitansehen-musste\/#respond\"]}]},{\"@type\":\"WebPage\",\"@id\":\"https:\/\/now-news.de\/de\/deutschland\/was-der-leidgepruefte-sternfahrer-ijon-tichy-zur-jahres-und-zeitenwende-mitansehen-musste\/\",\"url\":\"https:\/\/now-news.de\/de\/deutschland\/was-der-leidgepruefte-sternfahrer-ijon-tichy-zur-jahres-und-zeitenwende-mitansehen-musste\/\",\"name\":\"Was der leidgepr\u00fcfte Sternfahrer Ijon Tichy zur Jahres- und Zeitenwende mitansehen musste - just-now.NEWS Deutschland\",\"isPartOf\":{\"@id\":\"https:\/\/now-news.de\/de\/#website\"},\"primaryImageOfPage\":{\"@id\":\"https:\/\/now-news.de\/de\/deutschland\/was-der-leidgepruefte-sternfahrer-ijon-tichy-zur-jahres-und-zeitenwende-mitansehen-musste\/#primaryimage\"},\"image\":{\"@id\":\"https:\/\/now-news.de\/de\/deutschland\/was-der-leidgepruefte-sternfahrer-ijon-tichy-zur-jahres-und-zeitenwende-mitansehen-musste\/#primaryimage\"},\"thumbnailUrl\":\"https:\/\/now-news.de\/de\/wp-content\/uploads\/sites\/3\/2025\/01\/Was-der-leidgepruefte-Sternfahrer-Ijon-Tichy-zur-Jahres-und-Zeitenwende.jpg\",\"datePublished\":\"2025-01-05T15:56:28+00:00\",\"dateModified\":\"2025-01-05T15:56:28+00:00\",\"breadcrumb\":{\"@id\":\"https:\/\/now-news.de\/de\/deutschland\/was-der-leidgepruefte-sternfahrer-ijon-tichy-zur-jahres-und-zeitenwende-mitansehen-musste\/#breadcrumb\"},\"inLanguage\":\"de\",\"potentialAction\":[{\"@type\":\"ReadAction\",\"target\":[\"https:\/\/now-news.de\/de\/deutschland\/was-der-leidgepruefte-sternfahrer-ijon-tichy-zur-jahres-und-zeitenwende-mitansehen-musste\/\"]}]},{\"@type\":\"ImageObject\",\"inLanguage\":\"de\",\"@id\":\"https:\/\/now-news.de\/de\/deutschland\/was-der-leidgepruefte-sternfahrer-ijon-tichy-zur-jahres-und-zeitenwende-mitansehen-musste\/#primaryimage\",\"url\":\"https:\/\/now-news.de\/de\/wp-content\/uploads\/sites\/3\/2025\/01\/Was-der-leidgepruefte-Sternfahrer-Ijon-Tichy-zur-Jahres-und-Zeitenwende.jpg\",\"contentUrl\":\"https:\/\/now-news.de\/de\/wp-content\/uploads\/sites\/3\/2025\/01\/Was-der-leidgepruefte-Sternfahrer-Ijon-Tichy-zur-Jahres-und-Zeitenwende.jpg\",\"width\":460,\"height\":259,\"caption\":\"Was der leidgepr\u00fcfte Sternfahrer Ijon Tichy zur Jahres- und Zeitenwende mitansehen musste\"},{\"@type\":\"BreadcrumbList\",\"@id\":\"https:\/\/now-news.de\/de\/deutschland\/was-der-leidgepruefte-sternfahrer-ijon-tichy-zur-jahres-und-zeitenwende-mitansehen-musste\/#breadcrumb\",\"itemListElement\":[{\"@type\":\"ListItem\",\"position\":1,\"name\":\"Home\",\"item\":\"https:\/\/now-news.de\/de\/\"},{\"@type\":\"ListItem\",\"position\":2,\"name\":\"Was der leidgepr\u00fcfte Sternfahrer Ijon Tichy zur Jahres- und Zeitenwende mitansehen musste\"}]},{\"@type\":\"WebSite\",\"@id\":\"https:\/\/now-news.de\/de\/#website\",\"url\":\"https:\/\/now-news.de\/de\/\",\"name\":\"just-now.NEWS Deutschland\",\"description\":\"Das Portal f\u00fcr unzensierte Nachrichten aus der Welt\",\"publisher\":{\"@id\":\"https:\/\/now-news.de\/de\/#organization\"},\"potentialAction\":[{\"@type\":\"SearchAction\",\"target\":{\"@type\":\"EntryPoint\",\"urlTemplate\":\"https:\/\/now-news.de\/de\/?s={search_term_string}\"},\"query-input\":\"required name=search_term_string\"}],\"inLanguage\":\"de\"},{\"@type\":\"Organization\",\"@id\":\"https:\/\/now-news.de\/de\/#organization\",\"name\":\"Just Now News\",\"url\":\"https:\/\/now-news.de\/de\/\",\"logo\":{\"@type\":\"ImageObject\",\"inLanguage\":\"de\",\"@id\":\"https:\/\/now-news.de\/de\/#\/schema\/logo\/image\/\",\"url\":\"http:\/\/just-now.news\/de\/wp-content\/uploads\/sites\/3\/2022\/04\/logo500x500.jpg\",\"contentUrl\":\"http:\/\/just-now.news\/de\/wp-content\/uploads\/sites\/3\/2022\/04\/logo500x500.jpg\",\"width\":500,\"height\":500,\"caption\":\"Just Now News\"},\"image\":{\"@id\":\"https:\/\/now-news.de\/de\/#\/schema\/logo\/image\/\"},\"sameAs\":[\"https:\/\/www.facebook.com\/wirmachenauf\",\"https:\/\/x.com\/WirMachenAuf_de\"]},{\"@type\":\"Person\",\"@id\":\"https:\/\/now-news.de\/de\/#\/schema\/person\/fb534a4e865501d8b3285208df34a9b5\",\"name\":\"rtnews\",\"image\":{\"@type\":\"ImageObject\",\"inLanguage\":\"de\",\"@id\":\"https:\/\/now-news.de\/de\/#\/schema\/person\/image\/\",\"url\":\"https:\/\/secure.gravatar.com\/avatar\/82aafea7d8127119dd649515f56e2117?s=96&d=mm&r=g\",\"contentUrl\":\"https:\/\/secure.gravatar.com\/avatar\/82aafea7d8127119dd649515f56e2117?s=96&d=mm&r=g\",\"caption\":\"rtnews\"},\"url\":\"https:\/\/now-news.de\/de\/author\/rnews\/\"}]}<\/script>\n<!-- \/ Yoast SEO Premium plugin. -->","yoast_head_json":{"title":"Was der leidgepr\u00fcfte Sternfahrer Ijon Tichy zur Jahres- und Zeitenwende mitansehen musste - just-now.NEWS Deutschland","robots":{"index":"index","follow":"follow","max-snippet":"max-snippet:-1","max-image-preview":"max-image-preview:large","max-video-preview":"max-video-preview:-1"},"canonical":"https:\/\/now-news.de\/de\/deutschland\/was-der-leidgepruefte-sternfahrer-ijon-tichy-zur-jahres-und-zeitenwende-mitansehen-musste\/","og_locale":"de_DE","og_type":"article","og_title":"Was der leidgepr\u00fcfte Sternfahrer Ijon Tichy zur Jahres- und Zeitenwende mitansehen musste","og_description":"In den letzten Wochen war es still geworden um unseren kosmonautischen Helden Ijon Tichy. Doch auch im neuen Jahr beobachtet dieser, welch wunderbar postfaktische und postdemokratische Kapriolen in dieser &#8220;Zeitenwende&#8221; so getrieben werden. Eine Lesermeinung von Mikhail Balzer Nun war es in den letzten Wochen still geworden um unseren zynisch vereinsamten Raumpiloten, den es aus [&hellip;]","og_url":"https:\/\/now-news.de\/de\/deutschland\/was-der-leidgepruefte-sternfahrer-ijon-tichy-zur-jahres-und-zeitenwende-mitansehen-musste\/","og_site_name":"just-now.NEWS Deutschland","article_publisher":"https:\/\/www.facebook.com\/wirmachenauf","article_published_time":"2025-01-05T15:56:28+00:00","og_image":[{"url":"https:\/\/now-news.de\/de\/wp-content\/uploads\/sites\/3\/2025\/01\/677a94d4b480cc29be53d9fc.jpg"}],"author":"rtnews","twitter_card":"summary_large_image","twitter_creator":"@WirMachenAuf_de","twitter_site":"@WirMachenAuf_de","twitter_misc":{"Verfasst von":"rtnews","Gesch\u00e4tzte Lesezeit":"6\u00a0Minuten"},"schema":{"@context":"https:\/\/schema.org","@graph":[{"@type":"Article","@id":"https:\/\/now-news.de\/de\/deutschland\/was-der-leidgepruefte-sternfahrer-ijon-tichy-zur-jahres-und-zeitenwende-mitansehen-musste\/#article","isPartOf":{"@id":"https:\/\/now-news.de\/de\/deutschland\/was-der-leidgepruefte-sternfahrer-ijon-tichy-zur-jahres-und-zeitenwende-mitansehen-musste\/"},"author":{"name":"rtnews","@id":"https:\/\/now-news.de\/de\/#\/schema\/person\/fb534a4e865501d8b3285208df34a9b5"},"headline":"Was der leidgepr\u00fcfte Sternfahrer Ijon Tichy zur Jahres- und Zeitenwende mitansehen musste","datePublished":"2025-01-05T15:56:28+00:00","dateModified":"2025-01-05T15:56:28+00:00","mainEntityOfPage":{"@id":"https:\/\/now-news.de\/de\/deutschland\/was-der-leidgepruefte-sternfahrer-ijon-tichy-zur-jahres-und-zeitenwende-mitansehen-musste\/"},"wordCount":1162,"commentCount":0,"publisher":{"@id":"https:\/\/now-news.de\/de\/#organization"},"image":{"@id":"https:\/\/now-news.de\/de\/deutschland\/was-der-leidgepruefte-sternfahrer-ijon-tichy-zur-jahres-und-zeitenwende-mitansehen-musste\/#primaryimage"},"thumbnailUrl":"https:\/\/now-news.de\/de\/wp-content\/uploads\/sites\/3\/2025\/01\/Was-der-leidgepruefte-Sternfahrer-Ijon-Tichy-zur-Jahres-und-Zeitenwende.jpg","keywords":["der","Ijon","Jahres","leidgepr\u00fcfte","mitansehen","musste","Sternfahrer","Tichy","und","Zeitenwende","zur"],"articleSection":["Deutschland","Russland"],"inLanguage":"de","potentialAction":[{"@type":"CommentAction","name":"Comment","target":["https:\/\/now-news.de\/de\/deutschland\/was-der-leidgepruefte-sternfahrer-ijon-tichy-zur-jahres-und-zeitenwende-mitansehen-musste\/#respond"]}]},{"@type":"WebPage","@id":"https:\/\/now-news.de\/de\/deutschland\/was-der-leidgepruefte-sternfahrer-ijon-tichy-zur-jahres-und-zeitenwende-mitansehen-musste\/","url":"https:\/\/now-news.de\/de\/deutschland\/was-der-leidgepruefte-sternfahrer-ijon-tichy-zur-jahres-und-zeitenwende-mitansehen-musste\/","name":"Was der leidgepr\u00fcfte Sternfahrer Ijon Tichy zur Jahres- und Zeitenwende mitansehen musste - just-now.NEWS Deutschland","isPartOf":{"@id":"https:\/\/now-news.de\/de\/#website"},"primaryImageOfPage":{"@id":"https:\/\/now-news.de\/de\/deutschland\/was-der-leidgepruefte-sternfahrer-ijon-tichy-zur-jahres-und-zeitenwende-mitansehen-musste\/#primaryimage"},"image":{"@id":"https:\/\/now-news.de\/de\/deutschland\/was-der-leidgepruefte-sternfahrer-ijon-tichy-zur-jahres-und-zeitenwende-mitansehen-musste\/#primaryimage"},"thumbnailUrl":"https:\/\/now-news.de\/de\/wp-content\/uploads\/sites\/3\/2025\/01\/Was-der-leidgepruefte-Sternfahrer-Ijon-Tichy-zur-Jahres-und-Zeitenwende.jpg","datePublished":"2025-01-05T15:56:28+00:00","dateModified":"2025-01-05T15:56:28+00:00","breadcrumb":{"@id":"https:\/\/now-news.de\/de\/deutschland\/was-der-leidgepruefte-sternfahrer-ijon-tichy-zur-jahres-und-zeitenwende-mitansehen-musste\/#breadcrumb"},"inLanguage":"de","potentialAction":[{"@type":"ReadAction","target":["https:\/\/now-news.de\/de\/deutschland\/was-der-leidgepruefte-sternfahrer-ijon-tichy-zur-jahres-und-zeitenwende-mitansehen-musste\/"]}]},{"@type":"ImageObject","inLanguage":"de","@id":"https:\/\/now-news.de\/de\/deutschland\/was-der-leidgepruefte-sternfahrer-ijon-tichy-zur-jahres-und-zeitenwende-mitansehen-musste\/#primaryimage","url":"https:\/\/now-news.de\/de\/wp-content\/uploads\/sites\/3\/2025\/01\/Was-der-leidgepruefte-Sternfahrer-Ijon-Tichy-zur-Jahres-und-Zeitenwende.jpg","contentUrl":"https:\/\/now-news.de\/de\/wp-content\/uploads\/sites\/3\/2025\/01\/Was-der-leidgepruefte-Sternfahrer-Ijon-Tichy-zur-Jahres-und-Zeitenwende.jpg","width":460,"height":259,"caption":"Was der leidgepr\u00fcfte Sternfahrer Ijon Tichy zur Jahres- und Zeitenwende mitansehen musste"},{"@type":"BreadcrumbList","@id":"https:\/\/now-news.de\/de\/deutschland\/was-der-leidgepruefte-sternfahrer-ijon-tichy-zur-jahres-und-zeitenwende-mitansehen-musste\/#breadcrumb","itemListElement":[{"@type":"ListItem","position":1,"name":"Home","item":"https:\/\/now-news.de\/de\/"},{"@type":"ListItem","position":2,"name":"Was der leidgepr\u00fcfte Sternfahrer Ijon Tichy zur Jahres- und Zeitenwende mitansehen musste"}]},{"@type":"WebSite","@id":"https:\/\/now-news.de\/de\/#website","url":"https:\/\/now-news.de\/de\/","name":"just-now.NEWS Deutschland","description":"Das Portal f\u00fcr unzensierte Nachrichten aus der Welt","publisher":{"@id":"https:\/\/now-news.de\/de\/#organization"},"potentialAction":[{"@type":"SearchAction","target":{"@type":"EntryPoint","urlTemplate":"https:\/\/now-news.de\/de\/?s={search_term_string}"},"query-input":"required name=search_term_string"}],"inLanguage":"de"},{"@type":"Organization","@id":"https:\/\/now-news.de\/de\/#organization","name":"Just Now News","url":"https:\/\/now-news.de\/de\/","logo":{"@type":"ImageObject","inLanguage":"de","@id":"https:\/\/now-news.de\/de\/#\/schema\/logo\/image\/","url":"http:\/\/just-now.news\/de\/wp-content\/uploads\/sites\/3\/2022\/04\/logo500x500.jpg","contentUrl":"http:\/\/just-now.news\/de\/wp-content\/uploads\/sites\/3\/2022\/04\/logo500x500.jpg","width":500,"height":500,"caption":"Just Now News"},"image":{"@id":"https:\/\/now-news.de\/de\/#\/schema\/logo\/image\/"},"sameAs":["https:\/\/www.facebook.com\/wirmachenauf","https:\/\/x.com\/WirMachenAuf_de"]},{"@type":"Person","@id":"https:\/\/now-news.de\/de\/#\/schema\/person\/fb534a4e865501d8b3285208df34a9b5","name":"rtnews","image":{"@type":"ImageObject","inLanguage":"de","@id":"https:\/\/now-news.de\/de\/#\/schema\/person\/image\/","url":"https:\/\/secure.gravatar.com\/avatar\/82aafea7d8127119dd649515f56e2117?s=96&d=mm&r=g","contentUrl":"https:\/\/secure.gravatar.com\/avatar\/82aafea7d8127119dd649515f56e2117?s=96&d=mm&r=g","caption":"rtnews"},"url":"https:\/\/now-news.de\/de\/author\/rnews\/"}]}},"_links":{"self":[{"href":"https:\/\/now-news.de\/de\/wp-json\/wp\/v2\/posts\/75824"}],"collection":[{"href":"https:\/\/now-news.de\/de\/wp-json\/wp\/v2\/posts"}],"about":[{"href":"https:\/\/now-news.de\/de\/wp-json\/wp\/v2\/types\/post"}],"author":[{"embeddable":true,"href":"https:\/\/now-news.de\/de\/wp-json\/wp\/v2\/users\/3"}],"replies":[{"embeddable":true,"href":"https:\/\/now-news.de\/de\/wp-json\/wp\/v2\/comments?post=75824"}],"version-history":[{"count":0,"href":"https:\/\/now-news.de\/de\/wp-json\/wp\/v2\/posts\/75824\/revisions"}],"wp:featuredmedia":[{"embeddable":true,"href":"https:\/\/now-news.de\/de\/wp-json\/wp\/v2\/media\/75825"}],"wp:attachment":[{"href":"https:\/\/now-news.de\/de\/wp-json\/wp\/v2\/media?parent=75824"}],"wp:term":[{"taxonomy":"category","embeddable":true,"href":"https:\/\/now-news.de\/de\/wp-json\/wp\/v2\/categories?post=75824"},{"taxonomy":"post_tag","embeddable":true,"href":"https:\/\/now-news.de\/de\/wp-json\/wp\/v2\/tags?post=75824"}],"curies":[{"name":"wp","href":"https:\/\/api.w.org\/{rel}","templated":true}]}}