{"id":75788,"date":"2025-01-04T23:00:29","date_gmt":"2025-01-04T21:00:29","guid":{"rendered":"https:\/\/now-news.de\/de\/deutschland\/fpoe-demonstriert-optimismus-beim-wahlkampfauftakt\/"},"modified":"2025-01-04T23:00:29","modified_gmt":"2025-01-04T21:00:29","slug":"fpoe-demonstriert-optimismus-beim-wahlkampfauftakt","status":"publish","type":"post","link":"https:\/\/now-news.de\/de\/deutschland\/fpoe-demonstriert-optimismus-beim-wahlkampfauftakt\/","title":{"rendered":"FP\u00d6 demonstriert Optimismus beim Wahlkampfauftakt"},"content":{"rendered":"<p><img decoding=\"async\" src=\"https:\/\/now-news.de\/de\/wp-content\/uploads\/sites\/3\/2025\/01\/677965c748fbef2e160d7e59.jpg\" \/><\/p>\n<div class=\"Text-root Text-type_1 \">\n                Die FP\u00d6 startete ihren Wahlkampf in Obersch\u00fctzen vor 400 Anh\u00e4ngern mit scharfer Kritik an Bund und Land. Generalsekret\u00e4r Christian Hafenecker gei\u00dfelte die &#8220;Dreierbande&#8221; \u00d6VP, SP\u00d6, NEOS, Landeschef Alexander Petschnig attackierte das &#8220;System Doskozil&#8221;. Norbert Hofer zeigte sich optimistisch, blieb aber staatsm\u00e4nnisch zur\u00fcckhaltend.\n            <\/div>\n<p><\/p>\n<div class=\"Text-root Text-type_5 ArticleView-text ViewText-root \">\n<p data-pm-slice=\"1 1 []\">Mit einem fulminanten Auftakt in Obersch\u00fctzen\u00a0im Bezirk Oberwart hat die FP\u00d6 am Freitagabend ihren Wahlkampf f\u00fcr die bevorstehende Landtagswahl gestartet. Rund 400\u00a0Anh\u00e4nger versammelten sich im Kulturzentrum, um die Reden der Parteispitze zu h\u00f6ren.<\/p>\n<p data-pm-slice=\"1 1 []\">Im Zentrum standen scharfe Angriffe auf die politischen Gegner sowie eine klare Botschaft: Die FP\u00d6 sieht sich als treibende Kraft des politischen Wandels im Burgenland.<\/p>\n<p><strong>Kritik an der Bundes- und Landespolitik<\/strong><\/p>\n<p>FP\u00d6-Generalsekret\u00e4r Christian Hafenecker sprach von einer gescheiterten &#8220;Dreierbande&#8221; aus \u00d6VP, SP\u00d6 und NEOS, die den W\u00e4hlerwillen missachte. Er machte Bundespr\u00e4sident Alexander Van der Bellen mitverantwortlich f\u00fcr 95\u00a0Tage Stillstand und betonte, dass diese Missachtung der B\u00fcrgerinteressen Konsequenzen haben werde.<\/p>\n<div class=\"EmbedBlock-root EmbedBlock-twitter\">\n<div class=\"TwitterEmbed\">\n<blockquote class=\"twitter-tweet lazyload\" data-twitter=\"twitter-tweet\">\n<p lang=\"de\" dir=\"ltr\">Nicht weiter wie bisher hei\u00dft: Nehammer, Babler und Co. m\u00fcssen weg von Verantwortung. Weg frei f\u00fcr eine neue Kraft! <a rel=\"nofollow noopener\" target=\"_blank\" href=\"https:\/\/t.co\/TQgFTwfpsh\">pic.twitter.com\/TQgFTwfpsh<\/a><\/p>\n<p>\u2014 FP\u00d6 (@FPOE_TV) <a rel=\"nofollow noopener\" target=\"_blank\" href=\"https:\/\/twitter.com\/FPOE_TV\/status\/1875477255809597755?ref_src=twsrc%5Etfw\">January 4, 2025<\/a><\/p><\/blockquote>\n<\/div>\n<\/div>\n<p>Auch die Landespolitik blieb nicht verschont. FP\u00d6-Landesparteiobmann Alexander Petschnig kritisierte das &#8220;System Doskozil&#8221;\u00a0(Hans Peter Doskozil ist derzeit Landeshauptmann des Burgenlandes; Anm.) als einen Sumpf, der trockengelegt werden m\u00fcsse.<\/p>\n<p>Der Mindestlohn, so Petschnig, komme vor allem den roten Parteig\u00e4ngern zugute. In der Privatwirtschaft profitiere niemand davon, weder Verk\u00e4uferinnen, Friseurinnen noch Handwerker.<\/p>\n<div class=\"EmbedBlock-root EmbedBlock-twitter\">\n<div class=\"TwitterEmbed\">\n<blockquote class=\"twitter-tweet lazyload\" data-twitter=\"twitter-tweet\">\n<p lang=\"de\" dir=\"ltr\">Der Ausstieg der Neos aus den Verhandlungen zu einer Verlierer-Ampel-Koalition hat das Fass endg\u00fcltig zum \u00dcberlaufen gebracht: Karl Nehammer wurde am 29. September von den Menschen abgew\u00e4hlt. Diesen Umstand akzeptiert er seit \u00fcber drei Monaten bis heute nicht. Die FP\u00d6 hat seit\u2026 <a rel=\"nofollow noopener\" target=\"_blank\" href=\"https:\/\/t.co\/axLbxD58mN\">pic.twitter.com\/axLbxD58mN<\/a><\/p>\n<p>\u2014 FP\u00d6 (@FPOE_TV) <a rel=\"nofollow noopener\" target=\"_blank\" href=\"https:\/\/twitter.com\/FPOE_TV\/status\/1875117834021359844?ref_src=twsrc%5Etfw\">January 3, 2025<\/a><\/p><\/blockquote>\n<\/div>\n<\/div>\n<p>Norbert Hofer, Spitzenkandidat der FP\u00d6 Burgenland, verzichtete in seiner Rede weitgehend auf polemische Angriffe. Er kritisierte jedoch, dass im Burgenland gute Jobs wieder von Parteib\u00fcchern abh\u00e4ngen. Er stellte klar, dass die FP\u00d6 dieses System beenden wolle. Hofer zeigte sich optimistisch und betonte, dass die FP\u00d6 im Bund und im Land nicht aufzuhalten sei.<\/p>\n<p>Eine klare Ansage, dass er Landeshauptmann werden wolle, gab es von Hofer nicht. Er vermittelte jedoch den Eindruck, dass die Partei in eine vielversprechende Zukunft blicke.<\/p>\n<div class=\"EmbedBlock-root EmbedBlock-twitter\">\n<div class=\"TwitterEmbed\">\n<blockquote class=\"twitter-tweet lazyload\" data-twitter=\"twitter-tweet\">\n<p lang=\"de\" dir=\"ltr\">Die Ampel ist gescheitert, wie geht\u2019s es weiter? <a rel=\"nofollow noopener\" target=\"_blank\" href=\"https:\/\/t.co\/FB6ZR8xJU3\">pic.twitter.com\/FB6ZR8xJU3<\/a><\/p>\n<p>\u2014 FP\u00d6TV (@FPOETV) <a rel=\"nofollow noopener\" target=\"_blank\" href=\"https:\/\/twitter.com\/FPOETV\/status\/1875172587069919541?ref_src=twsrc%5Etfw\">January 3, 2025<\/a><\/p><\/blockquote>\n<\/div>\n<\/div>\n<p>FP\u00d6-Bundesparteiobmann Herbert Kickl fehlte beim Wahlkampfauftakt in Obersch\u00fctzen. Stattdessen vertrat ihn die Abgeordnete Dagmar Belakowitsch. Kickl wird die burgenl\u00e4ndische Landespartei jedoch bei weiteren Veranstaltungen unterst\u00fctzen, unter anderem am kommenden Samstag in Neusiedl bei G\u00fcssing und in Winden am Neusiedler See.<\/p>\n<p>Ob die FP\u00d6 ihr Ziel, zur dominierenden Kraft im Burgenland zu werden, erreichen kann, wird sich in den kommenden Wochen zeigen. Der Ton im Wahlkampf d\u00fcrfte jedoch rau bleiben.<\/p>\n<p><strong>Mehr zum Thema \u2013\u00a0<\/strong><a rel=\"nofollow noopener\" target=\"_blank\" href=\"https:\/\/freedert.online\/oesterreich\/231601-paukenschlag-in-oesterreich-ex-kanzler-kurz-vor-politischem-comeback\/\">Paukenschlag in \u00d6sterreich: Ex-Kanzler Kurz vor politischem Comeback<\/a><\/p>\n<div class=\"EmbedBlock-root EmbedBlock-externalVideo EmbedBlock-rumble\">\n<div class=\"VkEmbed\"><iframe class=\"lazyload\" data-src=\"https:\/\/rumble.com\/embed\/v5jndd2\" frameborder=\"0\" width=\"853\" height=\"480\" allowfullscreen><\/iframe><\/div>\n<\/div>\n<\/div>\n<p><script async src=\"https:\/\/platform.twitter.com\/widgets.js\" charset=\"utf-8\"><\/script><br \/>\n<br \/><br \/>\n<br \/><a href=\"https:\/\/de.rt.com\/oesterreich\/231712-fpoe-demonstriert-optimismus-beim-wahlkampfauftakt\/\">Source link <\/a><\/p>\n","protected":false},"excerpt":{"rendered":"<p>Die FP\u00d6 startete ihren Wahlkampf in Obersch\u00fctzen vor 400 Anh\u00e4ngern mit scharfer Kritik an Bund und Land. Generalsekret\u00e4r Christian Hafenecker gei\u00dfelte die &#8220;Dreierbande&#8221; \u00d6VP, SP\u00d6, NEOS, Landeschef Alexander Petschnig attackierte das &#8220;System Doskozil&#8221;. Norbert Hofer zeigte sich optimistisch, blieb aber staatsm\u00e4nnisch zur\u00fcckhaltend. Mit einem fulminanten Auftakt in Obersch\u00fctzen\u00a0im Bezirk Oberwart hat die FP\u00d6 am Freitagabend [&hellip;]<\/p>\n","protected":false},"author":3,"featured_media":75789,"comment_status":"open","ping_status":"open","sticky":false,"template":"","format":"standard","meta":{"_yoast_indexnow_last_ping":["1736025277"],"wp_automatic_camp":["217"],"1c66f8cd78afbc86c40bf1a7f5188945":["FP\u00d6 demonstriert Optimismus beim Wahlkampfauftakt"],"original_link":["https:\/\/de.rt.com\/oesterreich\/231712-fpoe-demonstriert-optimismus-beim-wahlkampfauftakt\/"],"_thumbnail_id":["75789"],"jnews_social_counter_last_update":["1777040406"],"_wptgpro_p2tg_sent2tg":["a:1:{i:23737;s:19:\"2025-01-04 23:15:45\";}"]},"categories":[19,23],"tags":[1814,19363,30964,6883,61581],"yoast_head":"<!-- This site is optimized with the Yoast SEO Premium plugin v22.7 (Yoast SEO v22.7) - https:\/\/yoast.com\/wordpress\/plugins\/seo\/ -->\n<title>FP\u00d6 demonstriert Optimismus beim Wahlkampfauftakt - just-now.NEWS Deutschland<\/title>\n<meta name=\"robots\" content=\"index, follow, max-snippet:-1, max-image-preview:large, max-video-preview:-1\" \/>\n<link rel=\"canonical\" href=\"https:\/\/now-news.de\/de\/deutschland\/fpoe-demonstriert-optimismus-beim-wahlkampfauftakt\/\" \/>\n<meta property=\"og:locale\" content=\"de_DE\" \/>\n<meta property=\"og:type\" content=\"article\" \/>\n<meta property=\"og:title\" content=\"FP\u00d6 demonstriert Optimismus beim Wahlkampfauftakt\" \/>\n<meta property=\"og:description\" content=\"Die FP\u00d6 startete ihren Wahlkampf in Obersch\u00fctzen vor 400 Anh\u00e4ngern mit scharfer Kritik an Bund und Land. Generalsekret\u00e4r Christian Hafenecker gei\u00dfelte die &#8220;Dreierbande&#8221; \u00d6VP, SP\u00d6, NEOS, Landeschef Alexander Petschnig attackierte das &#8220;System Doskozil&#8221;. Norbert Hofer zeigte sich optimistisch, blieb aber staatsm\u00e4nnisch zur\u00fcckhaltend. Mit einem fulminanten Auftakt in Obersch\u00fctzen\u00a0im Bezirk Oberwart hat die FP\u00d6 am Freitagabend [&hellip;]\" \/>\n<meta property=\"og:url\" content=\"https:\/\/now-news.de\/de\/deutschland\/fpoe-demonstriert-optimismus-beim-wahlkampfauftakt\/\" \/>\n<meta property=\"og:site_name\" content=\"just-now.NEWS Deutschland\" \/>\n<meta property=\"article:publisher\" content=\"https:\/\/www.facebook.com\/wirmachenauf\" \/>\n<meta property=\"article:published_time\" content=\"2025-01-04T21:00:29+00:00\" \/>\n<meta property=\"og:image\" content=\"https:\/\/now-news.de\/de\/wp-content\/uploads\/sites\/3\/2025\/01\/677965c748fbef2e160d7e59.jpg\" \/>\n<meta name=\"author\" content=\"rtnews\" \/>\n<meta name=\"twitter:card\" content=\"summary_large_image\" \/>\n<meta name=\"twitter:creator\" content=\"@WirMachenAuf_de\" \/>\n<meta name=\"twitter:site\" content=\"@WirMachenAuf_de\" \/>\n<meta name=\"twitter:label1\" content=\"Verfasst von\" \/>\n\t<meta name=\"twitter:data1\" content=\"rtnews\" \/>\n\t<meta name=\"twitter:label2\" content=\"Gesch\u00e4tzte Lesezeit\" \/>\n\t<meta name=\"twitter:data2\" content=\"2\u00a0Minuten\" \/>\n<script type=\"application\/ld+json\" class=\"yoast-schema-graph\">{\"@context\":\"https:\/\/schema.org\",\"@graph\":[{\"@type\":\"Article\",\"@id\":\"https:\/\/now-news.de\/de\/deutschland\/fpoe-demonstriert-optimismus-beim-wahlkampfauftakt\/#article\",\"isPartOf\":{\"@id\":\"https:\/\/now-news.de\/de\/deutschland\/fpoe-demonstriert-optimismus-beim-wahlkampfauftakt\/\"},\"author\":{\"name\":\"rtnews\",\"@id\":\"https:\/\/now-news.de\/de\/#\/schema\/person\/fb534a4e865501d8b3285208df34a9b5\"},\"headline\":\"FP\u00d6 demonstriert Optimismus beim Wahlkampfauftakt\",\"datePublished\":\"2025-01-04T21:00:29+00:00\",\"dateModified\":\"2025-01-04T21:00:29+00:00\",\"mainEntityOfPage\":{\"@id\":\"https:\/\/now-news.de\/de\/deutschland\/fpoe-demonstriert-optimismus-beim-wahlkampfauftakt\/\"},\"wordCount\":491,\"commentCount\":0,\"publisher\":{\"@id\":\"https:\/\/now-news.de\/de\/#organization\"},\"image\":{\"@id\":\"https:\/\/now-news.de\/de\/deutschland\/fpoe-demonstriert-optimismus-beim-wahlkampfauftakt\/#primaryimage\"},\"thumbnailUrl\":\"https:\/\/now-news.de\/de\/wp-content\/uploads\/sites\/3\/2025\/01\/FPOe-demonstriert-Optimismus-beim-Wahlkampfauftakt.jpg\",\"keywords\":[\"beim\",\"demonstriert\",\"FP\u00d6\",\"Optimismus\",\"Wahlkampfauftakt\"],\"articleSection\":[\"Deutschland\",\"Russland\"],\"inLanguage\":\"de\",\"potentialAction\":[{\"@type\":\"CommentAction\",\"name\":\"Comment\",\"target\":[\"https:\/\/now-news.de\/de\/deutschland\/fpoe-demonstriert-optimismus-beim-wahlkampfauftakt\/#respond\"]}]},{\"@type\":\"WebPage\",\"@id\":\"https:\/\/now-news.de\/de\/deutschland\/fpoe-demonstriert-optimismus-beim-wahlkampfauftakt\/\",\"url\":\"https:\/\/now-news.de\/de\/deutschland\/fpoe-demonstriert-optimismus-beim-wahlkampfauftakt\/\",\"name\":\"FP\u00d6 demonstriert Optimismus beim Wahlkampfauftakt - just-now.NEWS Deutschland\",\"isPartOf\":{\"@id\":\"https:\/\/now-news.de\/de\/#website\"},\"primaryImageOfPage\":{\"@id\":\"https:\/\/now-news.de\/de\/deutschland\/fpoe-demonstriert-optimismus-beim-wahlkampfauftakt\/#primaryimage\"},\"image\":{\"@id\":\"https:\/\/now-news.de\/de\/deutschland\/fpoe-demonstriert-optimismus-beim-wahlkampfauftakt\/#primaryimage\"},\"thumbnailUrl\":\"https:\/\/now-news.de\/de\/wp-content\/uploads\/sites\/3\/2025\/01\/FPOe-demonstriert-Optimismus-beim-Wahlkampfauftakt.jpg\",\"datePublished\":\"2025-01-04T21:00:29+00:00\",\"dateModified\":\"2025-01-04T21:00:29+00:00\",\"breadcrumb\":{\"@id\":\"https:\/\/now-news.de\/de\/deutschland\/fpoe-demonstriert-optimismus-beim-wahlkampfauftakt\/#breadcrumb\"},\"inLanguage\":\"de\",\"potentialAction\":[{\"@type\":\"ReadAction\",\"target\":[\"https:\/\/now-news.de\/de\/deutschland\/fpoe-demonstriert-optimismus-beim-wahlkampfauftakt\/\"]}]},{\"@type\":\"ImageObject\",\"inLanguage\":\"de\",\"@id\":\"https:\/\/now-news.de\/de\/deutschland\/fpoe-demonstriert-optimismus-beim-wahlkampfauftakt\/#primaryimage\",\"url\":\"https:\/\/now-news.de\/de\/wp-content\/uploads\/sites\/3\/2025\/01\/FPOe-demonstriert-Optimismus-beim-Wahlkampfauftakt.jpg\",\"contentUrl\":\"https:\/\/now-news.de\/de\/wp-content\/uploads\/sites\/3\/2025\/01\/FPOe-demonstriert-Optimismus-beim-Wahlkampfauftakt.jpg\",\"width\":460,\"height\":259,\"caption\":\"FP\u00d6 demonstriert Optimismus beim Wahlkampfauftakt\"},{\"@type\":\"BreadcrumbList\",\"@id\":\"https:\/\/now-news.de\/de\/deutschland\/fpoe-demonstriert-optimismus-beim-wahlkampfauftakt\/#breadcrumb\",\"itemListElement\":[{\"@type\":\"ListItem\",\"position\":1,\"name\":\"Home\",\"item\":\"https:\/\/now-news.de\/de\/\"},{\"@type\":\"ListItem\",\"position\":2,\"name\":\"FP\u00d6 demonstriert Optimismus beim Wahlkampfauftakt\"}]},{\"@type\":\"WebSite\",\"@id\":\"https:\/\/now-news.de\/de\/#website\",\"url\":\"https:\/\/now-news.de\/de\/\",\"name\":\"just-now.NEWS Deutschland\",\"description\":\"Das Portal f\u00fcr unzensierte Nachrichten aus der Welt\",\"publisher\":{\"@id\":\"https:\/\/now-news.de\/de\/#organization\"},\"potentialAction\":[{\"@type\":\"SearchAction\",\"target\":{\"@type\":\"EntryPoint\",\"urlTemplate\":\"https:\/\/now-news.de\/de\/?s={search_term_string}\"},\"query-input\":\"required name=search_term_string\"}],\"inLanguage\":\"de\"},{\"@type\":\"Organization\",\"@id\":\"https:\/\/now-news.de\/de\/#organization\",\"name\":\"Just Now News\",\"url\":\"https:\/\/now-news.de\/de\/\",\"logo\":{\"@type\":\"ImageObject\",\"inLanguage\":\"de\",\"@id\":\"https:\/\/now-news.de\/de\/#\/schema\/logo\/image\/\",\"url\":\"http:\/\/just-now.news\/de\/wp-content\/uploads\/sites\/3\/2022\/04\/logo500x500.jpg\",\"contentUrl\":\"http:\/\/just-now.news\/de\/wp-content\/uploads\/sites\/3\/2022\/04\/logo500x500.jpg\",\"width\":500,\"height\":500,\"caption\":\"Just Now News\"},\"image\":{\"@id\":\"https:\/\/now-news.de\/de\/#\/schema\/logo\/image\/\"},\"sameAs\":[\"https:\/\/www.facebook.com\/wirmachenauf\",\"https:\/\/x.com\/WirMachenAuf_de\"]},{\"@type\":\"Person\",\"@id\":\"https:\/\/now-news.de\/de\/#\/schema\/person\/fb534a4e865501d8b3285208df34a9b5\",\"name\":\"rtnews\",\"image\":{\"@type\":\"ImageObject\",\"inLanguage\":\"de\",\"@id\":\"https:\/\/now-news.de\/de\/#\/schema\/person\/image\/\",\"url\":\"https:\/\/secure.gravatar.com\/avatar\/82aafea7d8127119dd649515f56e2117?s=96&d=mm&r=g\",\"contentUrl\":\"https:\/\/secure.gravatar.com\/avatar\/82aafea7d8127119dd649515f56e2117?s=96&d=mm&r=g\",\"caption\":\"rtnews\"},\"url\":\"https:\/\/now-news.de\/de\/author\/rnews\/\"}]}<\/script>\n<!-- \/ Yoast SEO Premium plugin. -->","yoast_head_json":{"title":"FP\u00d6 demonstriert Optimismus beim Wahlkampfauftakt - just-now.NEWS Deutschland","robots":{"index":"index","follow":"follow","max-snippet":"max-snippet:-1","max-image-preview":"max-image-preview:large","max-video-preview":"max-video-preview:-1"},"canonical":"https:\/\/now-news.de\/de\/deutschland\/fpoe-demonstriert-optimismus-beim-wahlkampfauftakt\/","og_locale":"de_DE","og_type":"article","og_title":"FP\u00d6 demonstriert Optimismus beim Wahlkampfauftakt","og_description":"Die FP\u00d6 startete ihren Wahlkampf in Obersch\u00fctzen vor 400 Anh\u00e4ngern mit scharfer Kritik an Bund und Land. Generalsekret\u00e4r Christian Hafenecker gei\u00dfelte die &#8220;Dreierbande&#8221; \u00d6VP, SP\u00d6, NEOS, Landeschef Alexander Petschnig attackierte das &#8220;System Doskozil&#8221;. Norbert Hofer zeigte sich optimistisch, blieb aber staatsm\u00e4nnisch zur\u00fcckhaltend. Mit einem fulminanten Auftakt in Obersch\u00fctzen\u00a0im Bezirk Oberwart hat die FP\u00d6 am Freitagabend [&hellip;]","og_url":"https:\/\/now-news.de\/de\/deutschland\/fpoe-demonstriert-optimismus-beim-wahlkampfauftakt\/","og_site_name":"just-now.NEWS Deutschland","article_publisher":"https:\/\/www.facebook.com\/wirmachenauf","article_published_time":"2025-01-04T21:00:29+00:00","og_image":[{"url":"https:\/\/now-news.de\/de\/wp-content\/uploads\/sites\/3\/2025\/01\/677965c748fbef2e160d7e59.jpg"}],"author":"rtnews","twitter_card":"summary_large_image","twitter_creator":"@WirMachenAuf_de","twitter_site":"@WirMachenAuf_de","twitter_misc":{"Verfasst von":"rtnews","Gesch\u00e4tzte Lesezeit":"2\u00a0Minuten"},"schema":{"@context":"https:\/\/schema.org","@graph":[{"@type":"Article","@id":"https:\/\/now-news.de\/de\/deutschland\/fpoe-demonstriert-optimismus-beim-wahlkampfauftakt\/#article","isPartOf":{"@id":"https:\/\/now-news.de\/de\/deutschland\/fpoe-demonstriert-optimismus-beim-wahlkampfauftakt\/"},"author":{"name":"rtnews","@id":"https:\/\/now-news.de\/de\/#\/schema\/person\/fb534a4e865501d8b3285208df34a9b5"},"headline":"FP\u00d6 demonstriert Optimismus beim Wahlkampfauftakt","datePublished":"2025-01-04T21:00:29+00:00","dateModified":"2025-01-04T21:00:29+00:00","mainEntityOfPage":{"@id":"https:\/\/now-news.de\/de\/deutschland\/fpoe-demonstriert-optimismus-beim-wahlkampfauftakt\/"},"wordCount":491,"commentCount":0,"publisher":{"@id":"https:\/\/now-news.de\/de\/#organization"},"image":{"@id":"https:\/\/now-news.de\/de\/deutschland\/fpoe-demonstriert-optimismus-beim-wahlkampfauftakt\/#primaryimage"},"thumbnailUrl":"https:\/\/now-news.de\/de\/wp-content\/uploads\/sites\/3\/2025\/01\/FPOe-demonstriert-Optimismus-beim-Wahlkampfauftakt.jpg","keywords":["beim","demonstriert","FP\u00d6","Optimismus","Wahlkampfauftakt"],"articleSection":["Deutschland","Russland"],"inLanguage":"de","potentialAction":[{"@type":"CommentAction","name":"Comment","target":["https:\/\/now-news.de\/de\/deutschland\/fpoe-demonstriert-optimismus-beim-wahlkampfauftakt\/#respond"]}]},{"@type":"WebPage","@id":"https:\/\/now-news.de\/de\/deutschland\/fpoe-demonstriert-optimismus-beim-wahlkampfauftakt\/","url":"https:\/\/now-news.de\/de\/deutschland\/fpoe-demonstriert-optimismus-beim-wahlkampfauftakt\/","name":"FP\u00d6 demonstriert Optimismus beim Wahlkampfauftakt - just-now.NEWS Deutschland","isPartOf":{"@id":"https:\/\/now-news.de\/de\/#website"},"primaryImageOfPage":{"@id":"https:\/\/now-news.de\/de\/deutschland\/fpoe-demonstriert-optimismus-beim-wahlkampfauftakt\/#primaryimage"},"image":{"@id":"https:\/\/now-news.de\/de\/deutschland\/fpoe-demonstriert-optimismus-beim-wahlkampfauftakt\/#primaryimage"},"thumbnailUrl":"https:\/\/now-news.de\/de\/wp-content\/uploads\/sites\/3\/2025\/01\/FPOe-demonstriert-Optimismus-beim-Wahlkampfauftakt.jpg","datePublished":"2025-01-04T21:00:29+00:00","dateModified":"2025-01-04T21:00:29+00:00","breadcrumb":{"@id":"https:\/\/now-news.de\/de\/deutschland\/fpoe-demonstriert-optimismus-beim-wahlkampfauftakt\/#breadcrumb"},"inLanguage":"de","potentialAction":[{"@type":"ReadAction","target":["https:\/\/now-news.de\/de\/deutschland\/fpoe-demonstriert-optimismus-beim-wahlkampfauftakt\/"]}]},{"@type":"ImageObject","inLanguage":"de","@id":"https:\/\/now-news.de\/de\/deutschland\/fpoe-demonstriert-optimismus-beim-wahlkampfauftakt\/#primaryimage","url":"https:\/\/now-news.de\/de\/wp-content\/uploads\/sites\/3\/2025\/01\/FPOe-demonstriert-Optimismus-beim-Wahlkampfauftakt.jpg","contentUrl":"https:\/\/now-news.de\/de\/wp-content\/uploads\/sites\/3\/2025\/01\/FPOe-demonstriert-Optimismus-beim-Wahlkampfauftakt.jpg","width":460,"height":259,"caption":"FP\u00d6 demonstriert Optimismus beim Wahlkampfauftakt"},{"@type":"BreadcrumbList","@id":"https:\/\/now-news.de\/de\/deutschland\/fpoe-demonstriert-optimismus-beim-wahlkampfauftakt\/#breadcrumb","itemListElement":[{"@type":"ListItem","position":1,"name":"Home","item":"https:\/\/now-news.de\/de\/"},{"@type":"ListItem","position":2,"name":"FP\u00d6 demonstriert Optimismus beim Wahlkampfauftakt"}]},{"@type":"WebSite","@id":"https:\/\/now-news.de\/de\/#website","url":"https:\/\/now-news.de\/de\/","name":"just-now.NEWS Deutschland","description":"Das Portal f\u00fcr unzensierte Nachrichten aus der Welt","publisher":{"@id":"https:\/\/now-news.de\/de\/#organization"},"potentialAction":[{"@type":"SearchAction","target":{"@type":"EntryPoint","urlTemplate":"https:\/\/now-news.de\/de\/?s={search_term_string}"},"query-input":"required name=search_term_string"}],"inLanguage":"de"},{"@type":"Organization","@id":"https:\/\/now-news.de\/de\/#organization","name":"Just Now News","url":"https:\/\/now-news.de\/de\/","logo":{"@type":"ImageObject","inLanguage":"de","@id":"https:\/\/now-news.de\/de\/#\/schema\/logo\/image\/","url":"http:\/\/just-now.news\/de\/wp-content\/uploads\/sites\/3\/2022\/04\/logo500x500.jpg","contentUrl":"http:\/\/just-now.news\/de\/wp-content\/uploads\/sites\/3\/2022\/04\/logo500x500.jpg","width":500,"height":500,"caption":"Just Now News"},"image":{"@id":"https:\/\/now-news.de\/de\/#\/schema\/logo\/image\/"},"sameAs":["https:\/\/www.facebook.com\/wirmachenauf","https:\/\/x.com\/WirMachenAuf_de"]},{"@type":"Person","@id":"https:\/\/now-news.de\/de\/#\/schema\/person\/fb534a4e865501d8b3285208df34a9b5","name":"rtnews","image":{"@type":"ImageObject","inLanguage":"de","@id":"https:\/\/now-news.de\/de\/#\/schema\/person\/image\/","url":"https:\/\/secure.gravatar.com\/avatar\/82aafea7d8127119dd649515f56e2117?s=96&d=mm&r=g","contentUrl":"https:\/\/secure.gravatar.com\/avatar\/82aafea7d8127119dd649515f56e2117?s=96&d=mm&r=g","caption":"rtnews"},"url":"https:\/\/now-news.de\/de\/author\/rnews\/"}]}},"_links":{"self":[{"href":"https:\/\/now-news.de\/de\/wp-json\/wp\/v2\/posts\/75788"}],"collection":[{"href":"https:\/\/now-news.de\/de\/wp-json\/wp\/v2\/posts"}],"about":[{"href":"https:\/\/now-news.de\/de\/wp-json\/wp\/v2\/types\/post"}],"author":[{"embeddable":true,"href":"https:\/\/now-news.de\/de\/wp-json\/wp\/v2\/users\/3"}],"replies":[{"embeddable":true,"href":"https:\/\/now-news.de\/de\/wp-json\/wp\/v2\/comments?post=75788"}],"version-history":[{"count":0,"href":"https:\/\/now-news.de\/de\/wp-json\/wp\/v2\/posts\/75788\/revisions"}],"wp:featuredmedia":[{"embeddable":true,"href":"https:\/\/now-news.de\/de\/wp-json\/wp\/v2\/media\/75789"}],"wp:attachment":[{"href":"https:\/\/now-news.de\/de\/wp-json\/wp\/v2\/media?parent=75788"}],"wp:term":[{"taxonomy":"category","embeddable":true,"href":"https:\/\/now-news.de\/de\/wp-json\/wp\/v2\/categories?post=75788"},{"taxonomy":"post_tag","embeddable":true,"href":"https:\/\/now-news.de\/de\/wp-json\/wp\/v2\/tags?post=75788"}],"curies":[{"name":"wp","href":"https:\/\/api.w.org\/{rel}","templated":true}]}}