{"id":75760,"date":"2025-01-04T12:22:56","date_gmt":"2025-01-04T10:22:56","guid":{"rendered":"https:\/\/now-news.de\/de\/deutschland\/handschlag-affront-in-damaskus-deutsche-medien-mit-viel-verstaendnis-fuer-baerbock\/"},"modified":"2025-01-04T12:22:56","modified_gmt":"2025-01-04T10:22:56","slug":"handschlag-affront-in-damaskus-deutsche-medien-mit-viel-verstaendnis-fuer-baerbock","status":"publish","type":"post","link":"https:\/\/now-news.de\/de\/deutschland\/handschlag-affront-in-damaskus-deutsche-medien-mit-viel-verstaendnis-fuer-baerbock\/","title":{"rendered":"Handschlag-Affront in Damaskus: Deutsche Medien mit viel Verst\u00e4ndnis f\u00fcr Baerbock"},"content":{"rendered":"<p><img decoding=\"async\" src=\"https:\/\/now-news.de\/de\/wp-content\/uploads\/sites\/3\/2025\/01\/6779027c48fbef30f164e5e9.jpg\" \/><\/p>\n<div class=\"Text-root Text-type_1 \">\n                Der neue syrische Machthaber wollte Annalena Baerbock am Freitag in Damaskus nicht die Hand sch\u00fctteln. Auf diplomatischem Parkett ein klarer Affront. Daf\u00fcr legen sich nun die deutschen Medien ins Zeug, um die Ministerin im Nachhinein m\u00f6glichst stark und souver\u00e4n erscheinen zu lassen.\n            <\/div>\n<p><\/p>\n<div class=\"Text-root Text-type_5 ArticleView-text ViewText-root \">\n<p>Nach dem Affront bei ihrem Besuch in Damaskus am Freitag trifft Au\u00dfenministerin Annalena Baerbock in deutschen Medien auf viel Verst\u00e4ndnis. Der syrische Machthaber\u00a0Ahmed al-Scharaa hatte sich geweigert, der Deutschen die Hand zu sch\u00fctteln. Ihren mit ihr angereisten franz\u00f6sischen Amtskollegen\u00a0Jean-No\u00ebl Barrot\u00a0begr\u00fc\u00dfte der Islamist dagegen normal mit Handschlag.<\/p>\n<p>In einem Artikel des Springerblatts <em>Bild<\/em> erhielt die Ministerin Gelegenheit, ihre Version der Geschehnisse darzulegen. Darin erkl\u00e4rte sie im besten Baerbock-Deutsch:<\/p>\n<p><em>&#8220;Schon als ich angereist war, war mir jedenfalls klar, dass es hier offensichtlich nicht gew\u00f6hnliche Handschl\u00e4ge geben wird.&#8221;<\/em><\/p>\n<p>Man habe den islamistischen Gastgebern aber deutlich gemacht, dass man diese Praxis missbillige. Barrot, so Baerbock weiter, habe seine Hand ebenfalls nicht zum Handschlag ausgestreckt. Allerdings ergriff der Franzose dann doch die Hand des Islamisten, nachdem er zun\u00e4chst zur Begr\u00fc\u00dfung nur seine rechte Hand auf sein Herz gelegt hatte.<\/p>\n<p>Die Ministerin erkl\u00e4rte weiter, man habe im Gespr\u00e4ch &#8220;vor allem&#8221; klargemacht, dass Frauenrechte ein Gradmesser f\u00fcr die Freiheit einer Gesellschaft seien. Die Folgerung Baerbocks laut <em>Bild<\/em>:<\/p>\n<p><em>&#8220;Ganz so schwierig habe da am Ende des Gespr\u00e4chs ein Handschlag nicht mehr gewirkt.&#8221;<\/em><\/p>\n<p>Das Boulevardblatt deutet auch an, dass der syrische Machthaber Baerbock dann doch noch einen Handschlag angeboten haben k\u00f6nnte \u2013 zumindest m\u00f6glicherweise:<\/p>\n<p><em>&#8220;Aus Delegationskreisen war zu h\u00f6ren, dass al-Scharaa am Ende des Gespr\u00e4chs noch mal die Hand ausgestreckt habe, es dann aber nicht mehr zu einem Handschlag gekommen sei.&#8221;<\/em><\/p>\n<p>Zur Unterst\u00fctzung Baerbocks f\u00e4hrt das Blatt dann auch noch ihren Parteifreund Robert Habeck auf. Dieser\u00a0sagte laut <em>Bild<\/em>:<\/p>\n<p><em>&#8220;Es ist richtig und wichtig, dass Annalena Baerbock als erste EU-Au\u00dfenministerin nach Syrien gereist ist.&#8221;<\/em><\/p>\n<p>Weiter gestand der Wirtschaftsminister ein:<\/p>\n<p><em>&#8220;Wenn wir uns nur mit Regierungen treffen w\u00fcrden, die genauso denken wie wir, w\u00e4ren wir ziemlich allein.&#8221;<\/em><\/p>\n<div class=\"EmbedBlock-root EmbedBlock-twitter\">\n<div class=\"TwitterEmbed\">\n<blockquote class=\"twitter-tweet lazyload\" data-twitter=\"twitter-tweet\">\n<p lang=\"de\" dir=\"ltr\">Die hat doch wirklich nicht mehr alle Latten am Zaun. Baerbock macht in Damaskus Selfie mit Wulff-Portr\u00e4t<a rel=\"nofollow noopener\" target=\"_blank\" href=\"https:\/\/t.co\/pUEQWmU4T8\">https:\/\/t.co\/pUEQWmU4T8<\/a>\u00dcber <a rel=\"nofollow noopener\" target=\"_blank\" href=\"https:\/\/twitter.com\/updayDE?ref_src=twsrc%5Etfw\">@updayDE<\/a> gesendet<\/p>\n<p>\u2014 Hamburger Deern. \ud83d\udc99\u270c\ud83c\uddf7\ud83c\uddfa\u2764\ud83c\udde9\ud83c\uddea\u2764\ud83c\uddec\ud83c\uddf7 (@Pe141407555461) <a rel=\"nofollow noopener\" target=\"_blank\" href=\"https:\/\/twitter.com\/Pe141407555461\/status\/1875271644153102595?ref_src=twsrc%5Etfw\">January 3, 2025<\/a><\/p><\/blockquote>\n<\/div>\n<\/div>\n<p>Die Illustrierte <em>Stern<\/em> lie\u00df es in einem Artikel \u00fcber Baerbocks Damaskus-Besuch dann noch am Freitagabend menscheln. Dem Blatt war es eine Nachricht wert, dass die Ministerin die seit Jahren leer stehende deutsche Botschaft besuchte, um dort, offenbar von mehreren Kameras dokumentiert, ein Selfie vor dem Portr\u00e4t des fr\u00fcheren Bundespr\u00e4sidenten Christian Wulff aufzunehmen. Im Artikel hei\u00dft es:<\/p>\n<p><em>&#8220;Au\u00dfenministerin\u00a0Annalena Baerbock\u00a0hat sich ein Bild vom Zustand der seit 2012 geschlossenen deutschen Botschaft in Damaskus gemacht. Bei der Besichtigung der Liegenschaft in der syrischen Hauptstadt machte sie ein Handy-Selfie vor einem noch an der Wand des Botschafter-Zimmers h\u00e4ngenden Portr\u00e4ts des damaligen Bundespr\u00e4sidenten Christian Wulff. Sie werde Wulff das Foto schicken, sagte die Gr\u00fcnen-Politikerin.&#8221;<\/em><\/p>\n<p><strong>Mehr zum Thema<\/strong> \u2013 <a rel=\"nofollow noopener\" target=\"_blank\" href=\"https:\/\/freedert.online\/international\/231636-sacharowa-kontert-baerbock\/\">Sacharowa kontert Baerbock: Was ist mit US-St\u00fctzpunkten in Deutschland?<\/a><\/p>\n<div class=\"EmbedBlock-root EmbedBlock-externalVideo EmbedBlock-rumble\">\n<div class=\"VkEmbed\"><iframe class=\"lazyload\" data-src=\"https:\/\/rumble.com\/embed\/v638ku4\" frameborder=\"0\" width=\"853\" height=\"480\" allowfullscreen><\/iframe><\/div>\n<\/div>\n<\/div>\n<p><script async src=\"https:\/\/platform.twitter.com\/widgets.js\" charset=\"utf-8\"><\/script><br \/>\n<br \/><br \/>\n<br \/><a href=\"https:\/\/de.rt.com\/inland\/231645-handschlag-affront-in-damaskus-deutsche\/\">Source link <\/a><\/p>\n","protected":false},"excerpt":{"rendered":"<p>Der neue syrische Machthaber wollte Annalena Baerbock am Freitag in Damaskus nicht die Hand sch\u00fctteln. Auf diplomatischem Parkett ein klarer Affront. Daf\u00fcr legen sich nun die deutschen Medien ins Zeug, um die Ministerin im Nachhinein m\u00f6glichst stark und souver\u00e4n erscheinen zu lassen. Nach dem Affront bei ihrem Besuch in Damaskus am Freitag trifft Au\u00dfenministerin Annalena [&hellip;]<\/p>\n","protected":false},"author":3,"featured_media":75761,"comment_status":"open","ping_status":"open","sticky":false,"template":"","format":"standard","meta":{"_yoast_indexnow_last_ping":["1735987721"],"wp_automatic_camp":["217"],"c8bdf47f466d656a7cfc2c98c443fa34":["Handschlag-Affront in Damaskus: Deutsche Medien mit viel Verst\u00e4ndnis f\u00fcr Baerbock"],"original_link":["https:\/\/de.rt.com\/inland\/231645-handschlag-affront-in-damaskus-deutsche\/"],"_thumbnail_id":["75761"],"_wptgpro_p2tg_sent2tg":["a:1:{i:23737;s:19:\"2025-01-04 12:50:40\";}"],"jnews_social_counter_last_update":["1777348398"]},"categories":[19,23],"tags":[587,11436,2374,221,61571,580,419,26673,11607],"yoast_head":"<!-- This site is optimized with the Yoast SEO Premium plugin v22.7 (Yoast SEO v22.7) - https:\/\/yoast.com\/wordpress\/plugins\/seo\/ -->\n<title>Handschlag-Affront in Damaskus: Deutsche Medien mit viel Verst\u00e4ndnis f\u00fcr Baerbock - just-now.NEWS Deutschland<\/title>\n<meta name=\"robots\" content=\"index, follow, max-snippet:-1, max-image-preview:large, max-video-preview:-1\" \/>\n<link rel=\"canonical\" href=\"https:\/\/now-news.de\/de\/deutschland\/handschlag-affront-in-damaskus-deutsche-medien-mit-viel-verstaendnis-fuer-baerbock\/\" \/>\n<meta property=\"og:locale\" content=\"de_DE\" \/>\n<meta property=\"og:type\" content=\"article\" \/>\n<meta property=\"og:title\" content=\"Handschlag-Affront in Damaskus: Deutsche Medien mit viel Verst\u00e4ndnis f\u00fcr Baerbock\" \/>\n<meta property=\"og:description\" content=\"Der neue syrische Machthaber wollte Annalena Baerbock am Freitag in Damaskus nicht die Hand sch\u00fctteln. Auf diplomatischem Parkett ein klarer Affront. Daf\u00fcr legen sich nun die deutschen Medien ins Zeug, um die Ministerin im Nachhinein m\u00f6glichst stark und souver\u00e4n erscheinen zu lassen. Nach dem Affront bei ihrem Besuch in Damaskus am Freitag trifft Au\u00dfenministerin Annalena [&hellip;]\" \/>\n<meta property=\"og:url\" content=\"https:\/\/now-news.de\/de\/deutschland\/handschlag-affront-in-damaskus-deutsche-medien-mit-viel-verstaendnis-fuer-baerbock\/\" \/>\n<meta property=\"og:site_name\" content=\"just-now.NEWS Deutschland\" \/>\n<meta property=\"article:publisher\" content=\"https:\/\/www.facebook.com\/wirmachenauf\" \/>\n<meta property=\"article:published_time\" content=\"2025-01-04T10:22:56+00:00\" \/>\n<meta property=\"og:image\" content=\"https:\/\/now-news.de\/de\/wp-content\/uploads\/sites\/3\/2025\/01\/6779027c48fbef30f164e5e9.jpg\" \/>\n<meta name=\"author\" content=\"rtnews\" \/>\n<meta name=\"twitter:card\" content=\"summary_large_image\" \/>\n<meta name=\"twitter:creator\" content=\"@WirMachenAuf_de\" \/>\n<meta name=\"twitter:site\" content=\"@WirMachenAuf_de\" \/>\n<meta name=\"twitter:label1\" content=\"Verfasst von\" \/>\n\t<meta name=\"twitter:data1\" content=\"rtnews\" \/>\n\t<meta name=\"twitter:label2\" content=\"Gesch\u00e4tzte Lesezeit\" \/>\n\t<meta name=\"twitter:data2\" content=\"3\u00a0Minuten\" \/>\n<script type=\"application\/ld+json\" class=\"yoast-schema-graph\">{\"@context\":\"https:\/\/schema.org\",\"@graph\":[{\"@type\":\"Article\",\"@id\":\"https:\/\/now-news.de\/de\/deutschland\/handschlag-affront-in-damaskus-deutsche-medien-mit-viel-verstaendnis-fuer-baerbock\/#article\",\"isPartOf\":{\"@id\":\"https:\/\/now-news.de\/de\/deutschland\/handschlag-affront-in-damaskus-deutsche-medien-mit-viel-verstaendnis-fuer-baerbock\/\"},\"author\":{\"name\":\"rtnews\",\"@id\":\"https:\/\/now-news.de\/de\/#\/schema\/person\/fb534a4e865501d8b3285208df34a9b5\"},\"headline\":\"Handschlag-Affront in Damaskus: Deutsche Medien mit viel Verst\u00e4ndnis f\u00fcr Baerbock\",\"datePublished\":\"2025-01-04T10:22:56+00:00\",\"dateModified\":\"2025-01-04T10:22:56+00:00\",\"mainEntityOfPage\":{\"@id\":\"https:\/\/now-news.de\/de\/deutschland\/handschlag-affront-in-damaskus-deutsche-medien-mit-viel-verstaendnis-fuer-baerbock\/\"},\"wordCount\":525,\"commentCount\":0,\"publisher\":{\"@id\":\"https:\/\/now-news.de\/de\/#organization\"},\"image\":{\"@id\":\"https:\/\/now-news.de\/de\/deutschland\/handschlag-affront-in-damaskus-deutsche-medien-mit-viel-verstaendnis-fuer-baerbock\/#primaryimage\"},\"thumbnailUrl\":\"https:\/\/now-news.de\/de\/wp-content\/uploads\/sites\/3\/2025\/01\/Handschlag-Affront-in-Damaskus-Deutsche-Medien-mit-viel-Verstaendnis-fuer-Baerbock.jpg\",\"keywords\":[\"Baerbock\",\"Damaskus\",\"Deutsche\",\"f\u00fcr\",\"HandschlagAffront\",\"Medien\",\"mit\",\"Verst\u00e4ndnis\",\"viel\"],\"articleSection\":[\"Deutschland\",\"Russland\"],\"inLanguage\":\"de\",\"potentialAction\":[{\"@type\":\"CommentAction\",\"name\":\"Comment\",\"target\":[\"https:\/\/now-news.de\/de\/deutschland\/handschlag-affront-in-damaskus-deutsche-medien-mit-viel-verstaendnis-fuer-baerbock\/#respond\"]}]},{\"@type\":\"WebPage\",\"@id\":\"https:\/\/now-news.de\/de\/deutschland\/handschlag-affront-in-damaskus-deutsche-medien-mit-viel-verstaendnis-fuer-baerbock\/\",\"url\":\"https:\/\/now-news.de\/de\/deutschland\/handschlag-affront-in-damaskus-deutsche-medien-mit-viel-verstaendnis-fuer-baerbock\/\",\"name\":\"Handschlag-Affront in Damaskus: Deutsche Medien mit viel Verst\u00e4ndnis f\u00fcr Baerbock - just-now.NEWS Deutschland\",\"isPartOf\":{\"@id\":\"https:\/\/now-news.de\/de\/#website\"},\"primaryImageOfPage\":{\"@id\":\"https:\/\/now-news.de\/de\/deutschland\/handschlag-affront-in-damaskus-deutsche-medien-mit-viel-verstaendnis-fuer-baerbock\/#primaryimage\"},\"image\":{\"@id\":\"https:\/\/now-news.de\/de\/deutschland\/handschlag-affront-in-damaskus-deutsche-medien-mit-viel-verstaendnis-fuer-baerbock\/#primaryimage\"},\"thumbnailUrl\":\"https:\/\/now-news.de\/de\/wp-content\/uploads\/sites\/3\/2025\/01\/Handschlag-Affront-in-Damaskus-Deutsche-Medien-mit-viel-Verstaendnis-fuer-Baerbock.jpg\",\"datePublished\":\"2025-01-04T10:22:56+00:00\",\"dateModified\":\"2025-01-04T10:22:56+00:00\",\"breadcrumb\":{\"@id\":\"https:\/\/now-news.de\/de\/deutschland\/handschlag-affront-in-damaskus-deutsche-medien-mit-viel-verstaendnis-fuer-baerbock\/#breadcrumb\"},\"inLanguage\":\"de\",\"potentialAction\":[{\"@type\":\"ReadAction\",\"target\":[\"https:\/\/now-news.de\/de\/deutschland\/handschlag-affront-in-damaskus-deutsche-medien-mit-viel-verstaendnis-fuer-baerbock\/\"]}]},{\"@type\":\"ImageObject\",\"inLanguage\":\"de\",\"@id\":\"https:\/\/now-news.de\/de\/deutschland\/handschlag-affront-in-damaskus-deutsche-medien-mit-viel-verstaendnis-fuer-baerbock\/#primaryimage\",\"url\":\"https:\/\/now-news.de\/de\/wp-content\/uploads\/sites\/3\/2025\/01\/Handschlag-Affront-in-Damaskus-Deutsche-Medien-mit-viel-Verstaendnis-fuer-Baerbock.jpg\",\"contentUrl\":\"https:\/\/now-news.de\/de\/wp-content\/uploads\/sites\/3\/2025\/01\/Handschlag-Affront-in-Damaskus-Deutsche-Medien-mit-viel-Verstaendnis-fuer-Baerbock.jpg\",\"width\":460,\"height\":259,\"caption\":\"Handschlag-Affront in Damaskus: Deutsche Medien mit viel Verst\u00e4ndnis f\u00fcr Baerbock\"},{\"@type\":\"BreadcrumbList\",\"@id\":\"https:\/\/now-news.de\/de\/deutschland\/handschlag-affront-in-damaskus-deutsche-medien-mit-viel-verstaendnis-fuer-baerbock\/#breadcrumb\",\"itemListElement\":[{\"@type\":\"ListItem\",\"position\":1,\"name\":\"Home\",\"item\":\"https:\/\/now-news.de\/de\/\"},{\"@type\":\"ListItem\",\"position\":2,\"name\":\"Handschlag-Affront in Damaskus: Deutsche Medien mit viel Verst\u00e4ndnis f\u00fcr Baerbock\"}]},{\"@type\":\"WebSite\",\"@id\":\"https:\/\/now-news.de\/de\/#website\",\"url\":\"https:\/\/now-news.de\/de\/\",\"name\":\"just-now.NEWS Deutschland\",\"description\":\"Das Portal f\u00fcr unzensierte Nachrichten aus der Welt\",\"publisher\":{\"@id\":\"https:\/\/now-news.de\/de\/#organization\"},\"potentialAction\":[{\"@type\":\"SearchAction\",\"target\":{\"@type\":\"EntryPoint\",\"urlTemplate\":\"https:\/\/now-news.de\/de\/?s={search_term_string}\"},\"query-input\":\"required name=search_term_string\"}],\"inLanguage\":\"de\"},{\"@type\":\"Organization\",\"@id\":\"https:\/\/now-news.de\/de\/#organization\",\"name\":\"Just Now News\",\"url\":\"https:\/\/now-news.de\/de\/\",\"logo\":{\"@type\":\"ImageObject\",\"inLanguage\":\"de\",\"@id\":\"https:\/\/now-news.de\/de\/#\/schema\/logo\/image\/\",\"url\":\"http:\/\/just-now.news\/de\/wp-content\/uploads\/sites\/3\/2022\/04\/logo500x500.jpg\",\"contentUrl\":\"http:\/\/just-now.news\/de\/wp-content\/uploads\/sites\/3\/2022\/04\/logo500x500.jpg\",\"width\":500,\"height\":500,\"caption\":\"Just Now News\"},\"image\":{\"@id\":\"https:\/\/now-news.de\/de\/#\/schema\/logo\/image\/\"},\"sameAs\":[\"https:\/\/www.facebook.com\/wirmachenauf\",\"https:\/\/x.com\/WirMachenAuf_de\"]},{\"@type\":\"Person\",\"@id\":\"https:\/\/now-news.de\/de\/#\/schema\/person\/fb534a4e865501d8b3285208df34a9b5\",\"name\":\"rtnews\",\"image\":{\"@type\":\"ImageObject\",\"inLanguage\":\"de\",\"@id\":\"https:\/\/now-news.de\/de\/#\/schema\/person\/image\/\",\"url\":\"https:\/\/secure.gravatar.com\/avatar\/82aafea7d8127119dd649515f56e2117?s=96&d=mm&r=g\",\"contentUrl\":\"https:\/\/secure.gravatar.com\/avatar\/82aafea7d8127119dd649515f56e2117?s=96&d=mm&r=g\",\"caption\":\"rtnews\"},\"url\":\"https:\/\/now-news.de\/de\/author\/rnews\/\"}]}<\/script>\n<!-- \/ Yoast SEO Premium plugin. -->","yoast_head_json":{"title":"Handschlag-Affront in Damaskus: Deutsche Medien mit viel Verst\u00e4ndnis f\u00fcr Baerbock - just-now.NEWS Deutschland","robots":{"index":"index","follow":"follow","max-snippet":"max-snippet:-1","max-image-preview":"max-image-preview:large","max-video-preview":"max-video-preview:-1"},"canonical":"https:\/\/now-news.de\/de\/deutschland\/handschlag-affront-in-damaskus-deutsche-medien-mit-viel-verstaendnis-fuer-baerbock\/","og_locale":"de_DE","og_type":"article","og_title":"Handschlag-Affront in Damaskus: Deutsche Medien mit viel Verst\u00e4ndnis f\u00fcr Baerbock","og_description":"Der neue syrische Machthaber wollte Annalena Baerbock am Freitag in Damaskus nicht die Hand sch\u00fctteln. Auf diplomatischem Parkett ein klarer Affront. Daf\u00fcr legen sich nun die deutschen Medien ins Zeug, um die Ministerin im Nachhinein m\u00f6glichst stark und souver\u00e4n erscheinen zu lassen. Nach dem Affront bei ihrem Besuch in Damaskus am Freitag trifft Au\u00dfenministerin Annalena [&hellip;]","og_url":"https:\/\/now-news.de\/de\/deutschland\/handschlag-affront-in-damaskus-deutsche-medien-mit-viel-verstaendnis-fuer-baerbock\/","og_site_name":"just-now.NEWS Deutschland","article_publisher":"https:\/\/www.facebook.com\/wirmachenauf","article_published_time":"2025-01-04T10:22:56+00:00","og_image":[{"url":"https:\/\/now-news.de\/de\/wp-content\/uploads\/sites\/3\/2025\/01\/6779027c48fbef30f164e5e9.jpg"}],"author":"rtnews","twitter_card":"summary_large_image","twitter_creator":"@WirMachenAuf_de","twitter_site":"@WirMachenAuf_de","twitter_misc":{"Verfasst von":"rtnews","Gesch\u00e4tzte Lesezeit":"3\u00a0Minuten"},"schema":{"@context":"https:\/\/schema.org","@graph":[{"@type":"Article","@id":"https:\/\/now-news.de\/de\/deutschland\/handschlag-affront-in-damaskus-deutsche-medien-mit-viel-verstaendnis-fuer-baerbock\/#article","isPartOf":{"@id":"https:\/\/now-news.de\/de\/deutschland\/handschlag-affront-in-damaskus-deutsche-medien-mit-viel-verstaendnis-fuer-baerbock\/"},"author":{"name":"rtnews","@id":"https:\/\/now-news.de\/de\/#\/schema\/person\/fb534a4e865501d8b3285208df34a9b5"},"headline":"Handschlag-Affront in Damaskus: Deutsche Medien mit viel Verst\u00e4ndnis f\u00fcr Baerbock","datePublished":"2025-01-04T10:22:56+00:00","dateModified":"2025-01-04T10:22:56+00:00","mainEntityOfPage":{"@id":"https:\/\/now-news.de\/de\/deutschland\/handschlag-affront-in-damaskus-deutsche-medien-mit-viel-verstaendnis-fuer-baerbock\/"},"wordCount":525,"commentCount":0,"publisher":{"@id":"https:\/\/now-news.de\/de\/#organization"},"image":{"@id":"https:\/\/now-news.de\/de\/deutschland\/handschlag-affront-in-damaskus-deutsche-medien-mit-viel-verstaendnis-fuer-baerbock\/#primaryimage"},"thumbnailUrl":"https:\/\/now-news.de\/de\/wp-content\/uploads\/sites\/3\/2025\/01\/Handschlag-Affront-in-Damaskus-Deutsche-Medien-mit-viel-Verstaendnis-fuer-Baerbock.jpg","keywords":["Baerbock","Damaskus","Deutsche","f\u00fcr","HandschlagAffront","Medien","mit","Verst\u00e4ndnis","viel"],"articleSection":["Deutschland","Russland"],"inLanguage":"de","potentialAction":[{"@type":"CommentAction","name":"Comment","target":["https:\/\/now-news.de\/de\/deutschland\/handschlag-affront-in-damaskus-deutsche-medien-mit-viel-verstaendnis-fuer-baerbock\/#respond"]}]},{"@type":"WebPage","@id":"https:\/\/now-news.de\/de\/deutschland\/handschlag-affront-in-damaskus-deutsche-medien-mit-viel-verstaendnis-fuer-baerbock\/","url":"https:\/\/now-news.de\/de\/deutschland\/handschlag-affront-in-damaskus-deutsche-medien-mit-viel-verstaendnis-fuer-baerbock\/","name":"Handschlag-Affront in Damaskus: Deutsche Medien mit viel Verst\u00e4ndnis f\u00fcr Baerbock - just-now.NEWS Deutschland","isPartOf":{"@id":"https:\/\/now-news.de\/de\/#website"},"primaryImageOfPage":{"@id":"https:\/\/now-news.de\/de\/deutschland\/handschlag-affront-in-damaskus-deutsche-medien-mit-viel-verstaendnis-fuer-baerbock\/#primaryimage"},"image":{"@id":"https:\/\/now-news.de\/de\/deutschland\/handschlag-affront-in-damaskus-deutsche-medien-mit-viel-verstaendnis-fuer-baerbock\/#primaryimage"},"thumbnailUrl":"https:\/\/now-news.de\/de\/wp-content\/uploads\/sites\/3\/2025\/01\/Handschlag-Affront-in-Damaskus-Deutsche-Medien-mit-viel-Verstaendnis-fuer-Baerbock.jpg","datePublished":"2025-01-04T10:22:56+00:00","dateModified":"2025-01-04T10:22:56+00:00","breadcrumb":{"@id":"https:\/\/now-news.de\/de\/deutschland\/handschlag-affront-in-damaskus-deutsche-medien-mit-viel-verstaendnis-fuer-baerbock\/#breadcrumb"},"inLanguage":"de","potentialAction":[{"@type":"ReadAction","target":["https:\/\/now-news.de\/de\/deutschland\/handschlag-affront-in-damaskus-deutsche-medien-mit-viel-verstaendnis-fuer-baerbock\/"]}]},{"@type":"ImageObject","inLanguage":"de","@id":"https:\/\/now-news.de\/de\/deutschland\/handschlag-affront-in-damaskus-deutsche-medien-mit-viel-verstaendnis-fuer-baerbock\/#primaryimage","url":"https:\/\/now-news.de\/de\/wp-content\/uploads\/sites\/3\/2025\/01\/Handschlag-Affront-in-Damaskus-Deutsche-Medien-mit-viel-Verstaendnis-fuer-Baerbock.jpg","contentUrl":"https:\/\/now-news.de\/de\/wp-content\/uploads\/sites\/3\/2025\/01\/Handschlag-Affront-in-Damaskus-Deutsche-Medien-mit-viel-Verstaendnis-fuer-Baerbock.jpg","width":460,"height":259,"caption":"Handschlag-Affront in Damaskus: Deutsche Medien mit viel Verst\u00e4ndnis f\u00fcr Baerbock"},{"@type":"BreadcrumbList","@id":"https:\/\/now-news.de\/de\/deutschland\/handschlag-affront-in-damaskus-deutsche-medien-mit-viel-verstaendnis-fuer-baerbock\/#breadcrumb","itemListElement":[{"@type":"ListItem","position":1,"name":"Home","item":"https:\/\/now-news.de\/de\/"},{"@type":"ListItem","position":2,"name":"Handschlag-Affront in Damaskus: Deutsche Medien mit viel Verst\u00e4ndnis f\u00fcr Baerbock"}]},{"@type":"WebSite","@id":"https:\/\/now-news.de\/de\/#website","url":"https:\/\/now-news.de\/de\/","name":"just-now.NEWS Deutschland","description":"Das Portal f\u00fcr unzensierte Nachrichten aus der Welt","publisher":{"@id":"https:\/\/now-news.de\/de\/#organization"},"potentialAction":[{"@type":"SearchAction","target":{"@type":"EntryPoint","urlTemplate":"https:\/\/now-news.de\/de\/?s={search_term_string}"},"query-input":"required name=search_term_string"}],"inLanguage":"de"},{"@type":"Organization","@id":"https:\/\/now-news.de\/de\/#organization","name":"Just Now News","url":"https:\/\/now-news.de\/de\/","logo":{"@type":"ImageObject","inLanguage":"de","@id":"https:\/\/now-news.de\/de\/#\/schema\/logo\/image\/","url":"http:\/\/just-now.news\/de\/wp-content\/uploads\/sites\/3\/2022\/04\/logo500x500.jpg","contentUrl":"http:\/\/just-now.news\/de\/wp-content\/uploads\/sites\/3\/2022\/04\/logo500x500.jpg","width":500,"height":500,"caption":"Just Now News"},"image":{"@id":"https:\/\/now-news.de\/de\/#\/schema\/logo\/image\/"},"sameAs":["https:\/\/www.facebook.com\/wirmachenauf","https:\/\/x.com\/WirMachenAuf_de"]},{"@type":"Person","@id":"https:\/\/now-news.de\/de\/#\/schema\/person\/fb534a4e865501d8b3285208df34a9b5","name":"rtnews","image":{"@type":"ImageObject","inLanguage":"de","@id":"https:\/\/now-news.de\/de\/#\/schema\/person\/image\/","url":"https:\/\/secure.gravatar.com\/avatar\/82aafea7d8127119dd649515f56e2117?s=96&d=mm&r=g","contentUrl":"https:\/\/secure.gravatar.com\/avatar\/82aafea7d8127119dd649515f56e2117?s=96&d=mm&r=g","caption":"rtnews"},"url":"https:\/\/now-news.de\/de\/author\/rnews\/"}]}},"_links":{"self":[{"href":"https:\/\/now-news.de\/de\/wp-json\/wp\/v2\/posts\/75760"}],"collection":[{"href":"https:\/\/now-news.de\/de\/wp-json\/wp\/v2\/posts"}],"about":[{"href":"https:\/\/now-news.de\/de\/wp-json\/wp\/v2\/types\/post"}],"author":[{"embeddable":true,"href":"https:\/\/now-news.de\/de\/wp-json\/wp\/v2\/users\/3"}],"replies":[{"embeddable":true,"href":"https:\/\/now-news.de\/de\/wp-json\/wp\/v2\/comments?post=75760"}],"version-history":[{"count":0,"href":"https:\/\/now-news.de\/de\/wp-json\/wp\/v2\/posts\/75760\/revisions"}],"wp:featuredmedia":[{"embeddable":true,"href":"https:\/\/now-news.de\/de\/wp-json\/wp\/v2\/media\/75761"}],"wp:attachment":[{"href":"https:\/\/now-news.de\/de\/wp-json\/wp\/v2\/media?parent=75760"}],"wp:term":[{"taxonomy":"category","embeddable":true,"href":"https:\/\/now-news.de\/de\/wp-json\/wp\/v2\/categories?post=75760"},{"taxonomy":"post_tag","embeddable":true,"href":"https:\/\/now-news.de\/de\/wp-json\/wp\/v2\/tags?post=75760"}],"curies":[{"name":"wp","href":"https:\/\/api.w.org\/{rel}","templated":true}]}}