{"id":75715,"date":"2025-01-03T07:00:00","date_gmt":"2025-01-03T05:00:00","guid":{"rendered":"https:\/\/now-news.de\/de\/deutschland\/polnischer-soeldner-im-donbass-gefangen-genommen-denen-fehlen-soldaten-sie-schicken-keinen-weg\/"},"modified":"2025-01-03T07:00:00","modified_gmt":"2025-01-03T05:00:00","slug":"polnischer-soeldner-im-donbass-gefangen-genommen-denen-fehlen-soldaten-sie-schicken-keinen-weg","status":"publish","type":"post","link":"https:\/\/now-news.de\/de\/deutschland\/polnischer-soeldner-im-donbass-gefangen-genommen-denen-fehlen-soldaten-sie-schicken-keinen-weg\/","title":{"rendered":"Polnischer S\u00f6ldner im Donbass gefangen genommen: &quot;Denen fehlen Soldaten \u2013 sie schicken keinen weg&quot;"},"content":{"rendered":"<p><img decoding=\"async\" src=\"https:\/\/now-news.de\/de\/wp-content\/uploads\/sites\/3\/2025\/01\/6776b16bb480cc034f1ff0e6.png\" \/><\/p>\n<div class=\"Text-root Text-type_1 \">\n                Kiews Streitkr\u00e4ften mangelt es aktuell so stark an Milit\u00e4rpersonal, dass sie jeden Ausl\u00e4nder nehmen, der bei ihnen als S\u00f6ldner anheuern m\u00f6chte. Dies erkl\u00e4rt ein polnischer S\u00f6ldner, der aufseiten des ukrainischen Milit\u00e4rs gek\u00e4mpft hat und gefangen genommen wurde.\n            <\/div>\n<p><\/p>\n<div class=\"Text-root Text-type_5 ArticleView-text ViewText-root \">\n<p>K\u00e4mpfer des Freiwilligenkorps der Russischen F\u00f6deration (nicht zu verwechseln mit <a rel=\"nofollow noopener\" target=\"_blank\" href=\"https:\/\/freedert.online\/international\/189976-plant-cia-neuen-russischen-nationalstaat-inklusive-exilregierung\/\">Landesverr\u00e4tern<\/a> aus dem <a rel=\"nofollow noopener\" target=\"_blank\" href=\"https:\/\/freedert.online\/europa\/164495-wer-ist-neonazi-hinter-terroranschlag\/\">sogenannten<\/a> &#8220;<a rel=\"nofollow noopener\" target=\"_blank\" href=\"https:\/\/freedert.online\/kurzclips\/video\/227909-woelfe-im-schafspelz-russische-freiwilligenkorps-ukrainischen-dienst\/\">Russischen Freiwilligenkorps<\/a>&#8220;) haben in der Volksrepublik Donezk einen polnischen Staatsb\u00fcrger gefangen genommen, der f\u00fcr Kiew gek\u00e4mpft hat. Die russische Nachrichtenagentur <em>RIA Nowosti<\/em> ver\u00f6ffentlichte einen Videomitschnitt von einem Gespr\u00e4ch mit dem Mann \u2013 seiner Einsch\u00e4tzung nach nimmt das ukrainische Milit\u00e4r jeden Mann in seinen Reihen auf, den es kriegen kann. Die Anwerbung verlaufe unkompliziert \u00fcber eine Internetseite:<\/p>\n<blockquote>\n<p><em>&#8220;Es ist ziemlich einfach, diese Website zu finden, den Fragebogen auszuf\u00fcllen, abzuschicken und die Antwort abzuwarten. Und da es mir erscheint, dass die Ukraine Leute ben\u00f6tigt, weil sie einen Mangel an Soldaten leidet, d\u00fcrften die auch alle nehmen. Die schicken keinen weg.&#8221;<\/em><\/p>\n<\/blockquote>\n<p>Russlands Verteidigungsministerium gab in Vergangenheit h\u00e4ufig bekannt, S\u00f6ldner aus den USA, Gro\u00dfbritannien, Georgien, Polen und anderen L\u00e4ndern seien an diesem oder jenem Frontabschnitt neutralisiert worden, und <a rel=\"nofollow noopener\" target=\"_blank\" href=\"https:\/\/freedert.online\/international\/202098-russlands-aussenaufklaerung-us-pmcs-werben\/\">ver\u00f6ffentlichte<\/a>\u00a0<a rel=\"nofollow noopener\" target=\"_blank\" href=\"https:\/\/freedert.online\/europa\/143274-7100-auslaendische-soeldner-verlaengern-das-leiden-und-sterben-in-der-ukraine\/\">Statistiken<\/a> zu deren Landeszugeh\u00f6rigkeit. Ein weiterer S\u00f6ldner, ein Brite, der sich j\u00fcngst bewusst selbst in Gefangenschaft begab, <a rel=\"nofollow noopener\" target=\"_blank\" href=\"https:\/\/t.me\/SolovievLive\/306340\">berichtet<\/a> von sehr vielen\u00a0<a rel=\"nofollow noopener\" target=\"_blank\" href=\"https:\/\/freedert.online\/kurzclips\/video\/217463-venezuela-liefert-kolumbianische-soeldner-in\/\">Staatsb\u00fcrgern<\/a>\u00a0<a rel=\"nofollow noopener\" target=\"_blank\" href=\"https:\/\/freedert.online\/international\/202098-russlands-aussenaufklaerung-us-pmcs-werben\/\">Kolumbiens<\/a>.<\/p>\n<p>Wie die russische Milit\u00e4rbeh\u00f6rde betont, verheize\u00a0das Kiewer Regime sie als Kanonenfutter. Die angereisten Gl\u00fccksritter gaben auch selbst h\u00e4ufig zu, dass das ukrainische Kommando ihre Handlungen <a rel=\"nofollow noopener\" target=\"_blank\" href=\"https:\/\/t.me\/SolovievLive\/306340\">schlecht koordiniert<\/a>\u00a0und \u00fcberhaupt die \u00dcberlebenschancen im Kampf schlecht seien \u2013 zu hoch sei die Gefechtsintensit\u00e4t gemessen etwa an Kampfhandlungen in Afghanistan oder im Nahen Osten. Derlei Aussagen machen die S\u00f6ldner seit Beginn der milit\u00e4rischen Sonderoperation, und zwar nicht nur in russischer Kriegsgefangenschaft, sondern auch <a rel=\"nofollow noopener\" target=\"_blank\" href=\"https:\/\/freedert.online\/europa\/134454-soeldner-kehrt-nach-knapp-einer-woche-im-ukraine-krieg-nach-spanien-zurueck\/\">auf freiem<\/a> Fu\u00df <a rel=\"nofollow noopener\" target=\"_blank\" href=\"https:\/\/freedert.online\/europa\/134055-britischer-freiwilliger-fur-kiew-tonnen-toter-briten-passe-zerschnitten-alles-im-arsch\/\">befindlich<\/a>.<\/p>\n<p><strong>Mehr zum Thema<\/strong>\u00a0\u2013\u00a0<a rel=\"nofollow noopener\" target=\"_blank\" href=\"https:\/\/de.rt.com\/international\/227352-kiew-setzt-auf-auslaendische-soeldner\/\">Kiew setzt auf ausl\u00e4ndische S\u00f6ldner \u2013 und scheitert<\/a><\/p>\n<div class=\"EmbedBlock-root EmbedBlock-externalVideo EmbedBlock-vk\">\n<div class=\"VkEmbed\"><iframe class=\"lazyload\" data-src=\"https:\/\/vk.com\/video_ext.php?oid=-134310637&amp;id=456278418\" frameborder=\"0\" width=\"853\" height=\"480\" allowfullscreen><\/iframe><\/div>\n<\/div>\n<\/div>\n<p><br \/>\n<br \/><a href=\"https:\/\/de.rt.com\/europa\/231534-polnischer-soeldner-im-donbass-gefangen-genommen-denen-fehlen-soldaten\/\">Source link <\/a><\/p>\n","protected":false},"excerpt":{"rendered":"<p>Kiews Streitkr\u00e4ften mangelt es aktuell so stark an Milit\u00e4rpersonal, dass sie jeden Ausl\u00e4nder nehmen, der bei ihnen als S\u00f6ldner anheuern m\u00f6chte. Dies erkl\u00e4rt ein polnischer S\u00f6ldner, der aufseiten des ukrainischen Milit\u00e4rs gek\u00e4mpft hat und gefangen genommen wurde. K\u00e4mpfer des Freiwilligenkorps der Russischen F\u00f6deration (nicht zu verwechseln mit Landesverr\u00e4tern aus dem sogenannten &#8220;Russischen Freiwilligenkorps&#8220;) haben in [&hellip;]<\/p>\n","protected":false},"author":3,"featured_media":75716,"comment_status":"open","ping_status":"open","sticky":false,"template":"","format":"standard","meta":{"_yoast_indexnow_last_ping":["1735882297"],"wp_automatic_camp":["217"],"05ef0050905016a6daec7a17a521bc0e":["Polnischer S\u00f6ldner im Donbass gefangen genommen: &quot;Denen fehlen Soldaten \u2013 sie schicken keinen weg&quot;"],"original_link":["https:\/\/de.rt.com\/europa\/231534-polnischer-soeldner-im-donbass-gefangen-genommen-denen-fehlen-soldaten\/"],"_thumbnail_id":["75716"],"jnews_social_counter_last_update":["1777203020"],"_wptgpro_p2tg_sent2tg":["a:1:{i:23737;s:19:\"2025-01-03 07:32:44\";}"]},"categories":[19,23],"tags":[818,18639,1087,1088,3738,19459,36123,20904,527,2333,1086,39852],"yoast_head":"<!-- This site is optimized with the Yoast SEO Premium plugin v22.7 (Yoast SEO v22.7) - https:\/\/yoast.com\/wordpress\/plugins\/seo\/ -->\n<title>Polnischer S\u00f6ldner im Donbass gefangen genommen: &quot;Denen fehlen Soldaten \u2013 sie schicken keinen weg&quot; - just-now.NEWS Deutschland<\/title>\n<meta name=\"robots\" content=\"index, follow, max-snippet:-1, max-image-preview:large, max-video-preview:-1\" \/>\n<link rel=\"canonical\" href=\"https:\/\/now-news.de\/de\/deutschland\/polnischer-soeldner-im-donbass-gefangen-genommen-denen-fehlen-soldaten-sie-schicken-keinen-weg\/\" \/>\n<meta property=\"og:locale\" content=\"de_DE\" \/>\n<meta property=\"og:type\" content=\"article\" \/>\n<meta property=\"og:title\" content=\"Polnischer S\u00f6ldner im Donbass gefangen genommen: &quot;Denen fehlen Soldaten \u2013 sie schicken keinen weg&quot;\" \/>\n<meta property=\"og:description\" content=\"Kiews Streitkr\u00e4ften mangelt es aktuell so stark an Milit\u00e4rpersonal, dass sie jeden Ausl\u00e4nder nehmen, der bei ihnen als S\u00f6ldner anheuern m\u00f6chte. Dies erkl\u00e4rt ein polnischer S\u00f6ldner, der aufseiten des ukrainischen Milit\u00e4rs gek\u00e4mpft hat und gefangen genommen wurde. K\u00e4mpfer des Freiwilligenkorps der Russischen F\u00f6deration (nicht zu verwechseln mit Landesverr\u00e4tern aus dem sogenannten &#8220;Russischen Freiwilligenkorps&#8220;) haben in [&hellip;]\" \/>\n<meta property=\"og:url\" content=\"https:\/\/now-news.de\/de\/deutschland\/polnischer-soeldner-im-donbass-gefangen-genommen-denen-fehlen-soldaten-sie-schicken-keinen-weg\/\" \/>\n<meta property=\"og:site_name\" content=\"just-now.NEWS Deutschland\" \/>\n<meta property=\"article:publisher\" content=\"https:\/\/www.facebook.com\/wirmachenauf\" \/>\n<meta property=\"article:published_time\" content=\"2025-01-03T05:00:00+00:00\" \/>\n<meta property=\"og:image\" content=\"https:\/\/now-news.de\/de\/wp-content\/uploads\/sites\/3\/2025\/01\/6776b16bb480cc034f1ff0e6.png\" \/>\n<meta name=\"author\" content=\"rtnews\" \/>\n<meta name=\"twitter:card\" content=\"summary_large_image\" \/>\n<meta name=\"twitter:creator\" content=\"@WirMachenAuf_de\" \/>\n<meta name=\"twitter:site\" content=\"@WirMachenAuf_de\" \/>\n<meta name=\"twitter:label1\" content=\"Verfasst von\" \/>\n\t<meta name=\"twitter:data1\" content=\"rtnews\" \/>\n\t<meta name=\"twitter:label2\" content=\"Gesch\u00e4tzte Lesezeit\" \/>\n\t<meta name=\"twitter:data2\" content=\"2\u00a0Minuten\" \/>\n<script type=\"application\/ld+json\" class=\"yoast-schema-graph\">{\"@context\":\"https:\/\/schema.org\",\"@graph\":[{\"@type\":\"Article\",\"@id\":\"https:\/\/now-news.de\/de\/deutschland\/polnischer-soeldner-im-donbass-gefangen-genommen-denen-fehlen-soldaten-sie-schicken-keinen-weg\/#article\",\"isPartOf\":{\"@id\":\"https:\/\/now-news.de\/de\/deutschland\/polnischer-soeldner-im-donbass-gefangen-genommen-denen-fehlen-soldaten-sie-schicken-keinen-weg\/\"},\"author\":{\"name\":\"rtnews\",\"@id\":\"https:\/\/now-news.de\/de\/#\/schema\/person\/fb534a4e865501d8b3285208df34a9b5\"},\"headline\":\"Polnischer S\u00f6ldner im Donbass gefangen genommen: &quot;Denen fehlen Soldaten \u2013 sie schicken keinen weg&quot;\",\"datePublished\":\"2025-01-03T05:00:00+00:00\",\"dateModified\":\"2025-01-03T05:00:00+00:00\",\"mainEntityOfPage\":{\"@id\":\"https:\/\/now-news.de\/de\/deutschland\/polnischer-soeldner-im-donbass-gefangen-genommen-denen-fehlen-soldaten-sie-schicken-keinen-weg\/\"},\"wordCount\":341,\"commentCount\":0,\"publisher\":{\"@id\":\"https:\/\/now-news.de\/de\/#organization\"},\"image\":{\"@id\":\"https:\/\/now-news.de\/de\/deutschland\/polnischer-soeldner-im-donbass-gefangen-genommen-denen-fehlen-soldaten-sie-schicken-keinen-weg\/#primaryimage\"},\"thumbnailUrl\":\"https:\/\/now-news.de\/de\/wp-content\/uploads\/sites\/3\/2025\/01\/Polnischer-Soeldner-im-Donbass-gefangen-genommen-quotDenen-fehlen-Soldaten-\u2013.png\",\"keywords\":[\"Donbass\",\"fehlen\",\"gefangen\",\"genommen\",\"keinen\",\"Polnischer\",\"quotDenen\",\"schicken\",\"Sie\",\"Soldaten\",\"S\u00f6ldner\",\"wegquot\"],\"articleSection\":[\"Deutschland\",\"Russland\"],\"inLanguage\":\"de\",\"potentialAction\":[{\"@type\":\"CommentAction\",\"name\":\"Comment\",\"target\":[\"https:\/\/now-news.de\/de\/deutschland\/polnischer-soeldner-im-donbass-gefangen-genommen-denen-fehlen-soldaten-sie-schicken-keinen-weg\/#respond\"]}]},{\"@type\":\"WebPage\",\"@id\":\"https:\/\/now-news.de\/de\/deutschland\/polnischer-soeldner-im-donbass-gefangen-genommen-denen-fehlen-soldaten-sie-schicken-keinen-weg\/\",\"url\":\"https:\/\/now-news.de\/de\/deutschland\/polnischer-soeldner-im-donbass-gefangen-genommen-denen-fehlen-soldaten-sie-schicken-keinen-weg\/\",\"name\":\"Polnischer S\u00f6ldner im Donbass gefangen genommen: &quot;Denen fehlen Soldaten \u2013 sie schicken keinen weg&quot; - just-now.NEWS Deutschland\",\"isPartOf\":{\"@id\":\"https:\/\/now-news.de\/de\/#website\"},\"primaryImageOfPage\":{\"@id\":\"https:\/\/now-news.de\/de\/deutschland\/polnischer-soeldner-im-donbass-gefangen-genommen-denen-fehlen-soldaten-sie-schicken-keinen-weg\/#primaryimage\"},\"image\":{\"@id\":\"https:\/\/now-news.de\/de\/deutschland\/polnischer-soeldner-im-donbass-gefangen-genommen-denen-fehlen-soldaten-sie-schicken-keinen-weg\/#primaryimage\"},\"thumbnailUrl\":\"https:\/\/now-news.de\/de\/wp-content\/uploads\/sites\/3\/2025\/01\/Polnischer-Soeldner-im-Donbass-gefangen-genommen-quotDenen-fehlen-Soldaten-\u2013.png\",\"datePublished\":\"2025-01-03T05:00:00+00:00\",\"dateModified\":\"2025-01-03T05:00:00+00:00\",\"breadcrumb\":{\"@id\":\"https:\/\/now-news.de\/de\/deutschland\/polnischer-soeldner-im-donbass-gefangen-genommen-denen-fehlen-soldaten-sie-schicken-keinen-weg\/#breadcrumb\"},\"inLanguage\":\"de\",\"potentialAction\":[{\"@type\":\"ReadAction\",\"target\":[\"https:\/\/now-news.de\/de\/deutschland\/polnischer-soeldner-im-donbass-gefangen-genommen-denen-fehlen-soldaten-sie-schicken-keinen-weg\/\"]}]},{\"@type\":\"ImageObject\",\"inLanguage\":\"de\",\"@id\":\"https:\/\/now-news.de\/de\/deutschland\/polnischer-soeldner-im-donbass-gefangen-genommen-denen-fehlen-soldaten-sie-schicken-keinen-weg\/#primaryimage\",\"url\":\"https:\/\/now-news.de\/de\/wp-content\/uploads\/sites\/3\/2025\/01\/Polnischer-Soeldner-im-Donbass-gefangen-genommen-quotDenen-fehlen-Soldaten-\u2013.png\",\"contentUrl\":\"https:\/\/now-news.de\/de\/wp-content\/uploads\/sites\/3\/2025\/01\/Polnischer-Soeldner-im-Donbass-gefangen-genommen-quotDenen-fehlen-Soldaten-\u2013.png\",\"width\":460,\"height\":259,\"caption\":\"Polnischer S\u00f6ldner im Donbass gefangen genommen: &quot;Denen fehlen Soldaten \u2013 sie schicken keinen weg&quot;\"},{\"@type\":\"BreadcrumbList\",\"@id\":\"https:\/\/now-news.de\/de\/deutschland\/polnischer-soeldner-im-donbass-gefangen-genommen-denen-fehlen-soldaten-sie-schicken-keinen-weg\/#breadcrumb\",\"itemListElement\":[{\"@type\":\"ListItem\",\"position\":1,\"name\":\"Home\",\"item\":\"https:\/\/now-news.de\/de\/\"},{\"@type\":\"ListItem\",\"position\":2,\"name\":\"Polnischer S\u00f6ldner im Donbass gefangen genommen: &quot;Denen fehlen Soldaten \u2013 sie schicken keinen weg&quot;\"}]},{\"@type\":\"WebSite\",\"@id\":\"https:\/\/now-news.de\/de\/#website\",\"url\":\"https:\/\/now-news.de\/de\/\",\"name\":\"just-now.NEWS Deutschland\",\"description\":\"Das Portal f\u00fcr unzensierte Nachrichten aus der Welt\",\"publisher\":{\"@id\":\"https:\/\/now-news.de\/de\/#organization\"},\"potentialAction\":[{\"@type\":\"SearchAction\",\"target\":{\"@type\":\"EntryPoint\",\"urlTemplate\":\"https:\/\/now-news.de\/de\/?s={search_term_string}\"},\"query-input\":\"required name=search_term_string\"}],\"inLanguage\":\"de\"},{\"@type\":\"Organization\",\"@id\":\"https:\/\/now-news.de\/de\/#organization\",\"name\":\"Just Now News\",\"url\":\"https:\/\/now-news.de\/de\/\",\"logo\":{\"@type\":\"ImageObject\",\"inLanguage\":\"de\",\"@id\":\"https:\/\/now-news.de\/de\/#\/schema\/logo\/image\/\",\"url\":\"http:\/\/just-now.news\/de\/wp-content\/uploads\/sites\/3\/2022\/04\/logo500x500.jpg\",\"contentUrl\":\"http:\/\/just-now.news\/de\/wp-content\/uploads\/sites\/3\/2022\/04\/logo500x500.jpg\",\"width\":500,\"height\":500,\"caption\":\"Just Now News\"},\"image\":{\"@id\":\"https:\/\/now-news.de\/de\/#\/schema\/logo\/image\/\"},\"sameAs\":[\"https:\/\/www.facebook.com\/wirmachenauf\",\"https:\/\/x.com\/WirMachenAuf_de\"]},{\"@type\":\"Person\",\"@id\":\"https:\/\/now-news.de\/de\/#\/schema\/person\/fb534a4e865501d8b3285208df34a9b5\",\"name\":\"rtnews\",\"image\":{\"@type\":\"ImageObject\",\"inLanguage\":\"de\",\"@id\":\"https:\/\/now-news.de\/de\/#\/schema\/person\/image\/\",\"url\":\"https:\/\/secure.gravatar.com\/avatar\/82aafea7d8127119dd649515f56e2117?s=96&d=mm&r=g\",\"contentUrl\":\"https:\/\/secure.gravatar.com\/avatar\/82aafea7d8127119dd649515f56e2117?s=96&d=mm&r=g\",\"caption\":\"rtnews\"},\"url\":\"https:\/\/now-news.de\/de\/author\/rnews\/\"}]}<\/script>\n<!-- \/ Yoast SEO Premium plugin. -->","yoast_head_json":{"title":"Polnischer S\u00f6ldner im Donbass gefangen genommen: &quot;Denen fehlen Soldaten \u2013 sie schicken keinen weg&quot; - just-now.NEWS Deutschland","robots":{"index":"index","follow":"follow","max-snippet":"max-snippet:-1","max-image-preview":"max-image-preview:large","max-video-preview":"max-video-preview:-1"},"canonical":"https:\/\/now-news.de\/de\/deutschland\/polnischer-soeldner-im-donbass-gefangen-genommen-denen-fehlen-soldaten-sie-schicken-keinen-weg\/","og_locale":"de_DE","og_type":"article","og_title":"Polnischer S\u00f6ldner im Donbass gefangen genommen: &quot;Denen fehlen Soldaten \u2013 sie schicken keinen weg&quot;","og_description":"Kiews Streitkr\u00e4ften mangelt es aktuell so stark an Milit\u00e4rpersonal, dass sie jeden Ausl\u00e4nder nehmen, der bei ihnen als S\u00f6ldner anheuern m\u00f6chte. Dies erkl\u00e4rt ein polnischer S\u00f6ldner, der aufseiten des ukrainischen Milit\u00e4rs gek\u00e4mpft hat und gefangen genommen wurde. K\u00e4mpfer des Freiwilligenkorps der Russischen F\u00f6deration (nicht zu verwechseln mit Landesverr\u00e4tern aus dem sogenannten &#8220;Russischen Freiwilligenkorps&#8220;) haben in [&hellip;]","og_url":"https:\/\/now-news.de\/de\/deutschland\/polnischer-soeldner-im-donbass-gefangen-genommen-denen-fehlen-soldaten-sie-schicken-keinen-weg\/","og_site_name":"just-now.NEWS Deutschland","article_publisher":"https:\/\/www.facebook.com\/wirmachenauf","article_published_time":"2025-01-03T05:00:00+00:00","og_image":[{"url":"https:\/\/now-news.de\/de\/wp-content\/uploads\/sites\/3\/2025\/01\/6776b16bb480cc034f1ff0e6.png"}],"author":"rtnews","twitter_card":"summary_large_image","twitter_creator":"@WirMachenAuf_de","twitter_site":"@WirMachenAuf_de","twitter_misc":{"Verfasst von":"rtnews","Gesch\u00e4tzte Lesezeit":"2\u00a0Minuten"},"schema":{"@context":"https:\/\/schema.org","@graph":[{"@type":"Article","@id":"https:\/\/now-news.de\/de\/deutschland\/polnischer-soeldner-im-donbass-gefangen-genommen-denen-fehlen-soldaten-sie-schicken-keinen-weg\/#article","isPartOf":{"@id":"https:\/\/now-news.de\/de\/deutschland\/polnischer-soeldner-im-donbass-gefangen-genommen-denen-fehlen-soldaten-sie-schicken-keinen-weg\/"},"author":{"name":"rtnews","@id":"https:\/\/now-news.de\/de\/#\/schema\/person\/fb534a4e865501d8b3285208df34a9b5"},"headline":"Polnischer S\u00f6ldner im Donbass gefangen genommen: &quot;Denen fehlen Soldaten \u2013 sie schicken keinen weg&quot;","datePublished":"2025-01-03T05:00:00+00:00","dateModified":"2025-01-03T05:00:00+00:00","mainEntityOfPage":{"@id":"https:\/\/now-news.de\/de\/deutschland\/polnischer-soeldner-im-donbass-gefangen-genommen-denen-fehlen-soldaten-sie-schicken-keinen-weg\/"},"wordCount":341,"commentCount":0,"publisher":{"@id":"https:\/\/now-news.de\/de\/#organization"},"image":{"@id":"https:\/\/now-news.de\/de\/deutschland\/polnischer-soeldner-im-donbass-gefangen-genommen-denen-fehlen-soldaten-sie-schicken-keinen-weg\/#primaryimage"},"thumbnailUrl":"https:\/\/now-news.de\/de\/wp-content\/uploads\/sites\/3\/2025\/01\/Polnischer-Soeldner-im-Donbass-gefangen-genommen-quotDenen-fehlen-Soldaten-\u2013.png","keywords":["Donbass","fehlen","gefangen","genommen","keinen","Polnischer","quotDenen","schicken","Sie","Soldaten","S\u00f6ldner","wegquot"],"articleSection":["Deutschland","Russland"],"inLanguage":"de","potentialAction":[{"@type":"CommentAction","name":"Comment","target":["https:\/\/now-news.de\/de\/deutschland\/polnischer-soeldner-im-donbass-gefangen-genommen-denen-fehlen-soldaten-sie-schicken-keinen-weg\/#respond"]}]},{"@type":"WebPage","@id":"https:\/\/now-news.de\/de\/deutschland\/polnischer-soeldner-im-donbass-gefangen-genommen-denen-fehlen-soldaten-sie-schicken-keinen-weg\/","url":"https:\/\/now-news.de\/de\/deutschland\/polnischer-soeldner-im-donbass-gefangen-genommen-denen-fehlen-soldaten-sie-schicken-keinen-weg\/","name":"Polnischer S\u00f6ldner im Donbass gefangen genommen: &quot;Denen fehlen Soldaten \u2013 sie schicken keinen weg&quot; - just-now.NEWS Deutschland","isPartOf":{"@id":"https:\/\/now-news.de\/de\/#website"},"primaryImageOfPage":{"@id":"https:\/\/now-news.de\/de\/deutschland\/polnischer-soeldner-im-donbass-gefangen-genommen-denen-fehlen-soldaten-sie-schicken-keinen-weg\/#primaryimage"},"image":{"@id":"https:\/\/now-news.de\/de\/deutschland\/polnischer-soeldner-im-donbass-gefangen-genommen-denen-fehlen-soldaten-sie-schicken-keinen-weg\/#primaryimage"},"thumbnailUrl":"https:\/\/now-news.de\/de\/wp-content\/uploads\/sites\/3\/2025\/01\/Polnischer-Soeldner-im-Donbass-gefangen-genommen-quotDenen-fehlen-Soldaten-\u2013.png","datePublished":"2025-01-03T05:00:00+00:00","dateModified":"2025-01-03T05:00:00+00:00","breadcrumb":{"@id":"https:\/\/now-news.de\/de\/deutschland\/polnischer-soeldner-im-donbass-gefangen-genommen-denen-fehlen-soldaten-sie-schicken-keinen-weg\/#breadcrumb"},"inLanguage":"de","potentialAction":[{"@type":"ReadAction","target":["https:\/\/now-news.de\/de\/deutschland\/polnischer-soeldner-im-donbass-gefangen-genommen-denen-fehlen-soldaten-sie-schicken-keinen-weg\/"]}]},{"@type":"ImageObject","inLanguage":"de","@id":"https:\/\/now-news.de\/de\/deutschland\/polnischer-soeldner-im-donbass-gefangen-genommen-denen-fehlen-soldaten-sie-schicken-keinen-weg\/#primaryimage","url":"https:\/\/now-news.de\/de\/wp-content\/uploads\/sites\/3\/2025\/01\/Polnischer-Soeldner-im-Donbass-gefangen-genommen-quotDenen-fehlen-Soldaten-\u2013.png","contentUrl":"https:\/\/now-news.de\/de\/wp-content\/uploads\/sites\/3\/2025\/01\/Polnischer-Soeldner-im-Donbass-gefangen-genommen-quotDenen-fehlen-Soldaten-\u2013.png","width":460,"height":259,"caption":"Polnischer S\u00f6ldner im Donbass gefangen genommen: &quot;Denen fehlen Soldaten \u2013 sie schicken keinen weg&quot;"},{"@type":"BreadcrumbList","@id":"https:\/\/now-news.de\/de\/deutschland\/polnischer-soeldner-im-donbass-gefangen-genommen-denen-fehlen-soldaten-sie-schicken-keinen-weg\/#breadcrumb","itemListElement":[{"@type":"ListItem","position":1,"name":"Home","item":"https:\/\/now-news.de\/de\/"},{"@type":"ListItem","position":2,"name":"Polnischer S\u00f6ldner im Donbass gefangen genommen: &quot;Denen fehlen Soldaten \u2013 sie schicken keinen weg&quot;"}]},{"@type":"WebSite","@id":"https:\/\/now-news.de\/de\/#website","url":"https:\/\/now-news.de\/de\/","name":"just-now.NEWS Deutschland","description":"Das Portal f\u00fcr unzensierte Nachrichten aus der Welt","publisher":{"@id":"https:\/\/now-news.de\/de\/#organization"},"potentialAction":[{"@type":"SearchAction","target":{"@type":"EntryPoint","urlTemplate":"https:\/\/now-news.de\/de\/?s={search_term_string}"},"query-input":"required name=search_term_string"}],"inLanguage":"de"},{"@type":"Organization","@id":"https:\/\/now-news.de\/de\/#organization","name":"Just Now News","url":"https:\/\/now-news.de\/de\/","logo":{"@type":"ImageObject","inLanguage":"de","@id":"https:\/\/now-news.de\/de\/#\/schema\/logo\/image\/","url":"http:\/\/just-now.news\/de\/wp-content\/uploads\/sites\/3\/2022\/04\/logo500x500.jpg","contentUrl":"http:\/\/just-now.news\/de\/wp-content\/uploads\/sites\/3\/2022\/04\/logo500x500.jpg","width":500,"height":500,"caption":"Just Now News"},"image":{"@id":"https:\/\/now-news.de\/de\/#\/schema\/logo\/image\/"},"sameAs":["https:\/\/www.facebook.com\/wirmachenauf","https:\/\/x.com\/WirMachenAuf_de"]},{"@type":"Person","@id":"https:\/\/now-news.de\/de\/#\/schema\/person\/fb534a4e865501d8b3285208df34a9b5","name":"rtnews","image":{"@type":"ImageObject","inLanguage":"de","@id":"https:\/\/now-news.de\/de\/#\/schema\/person\/image\/","url":"https:\/\/secure.gravatar.com\/avatar\/82aafea7d8127119dd649515f56e2117?s=96&d=mm&r=g","contentUrl":"https:\/\/secure.gravatar.com\/avatar\/82aafea7d8127119dd649515f56e2117?s=96&d=mm&r=g","caption":"rtnews"},"url":"https:\/\/now-news.de\/de\/author\/rnews\/"}]}},"_links":{"self":[{"href":"https:\/\/now-news.de\/de\/wp-json\/wp\/v2\/posts\/75715"}],"collection":[{"href":"https:\/\/now-news.de\/de\/wp-json\/wp\/v2\/posts"}],"about":[{"href":"https:\/\/now-news.de\/de\/wp-json\/wp\/v2\/types\/post"}],"author":[{"embeddable":true,"href":"https:\/\/now-news.de\/de\/wp-json\/wp\/v2\/users\/3"}],"replies":[{"embeddable":true,"href":"https:\/\/now-news.de\/de\/wp-json\/wp\/v2\/comments?post=75715"}],"version-history":[{"count":0,"href":"https:\/\/now-news.de\/de\/wp-json\/wp\/v2\/posts\/75715\/revisions"}],"wp:featuredmedia":[{"embeddable":true,"href":"https:\/\/now-news.de\/de\/wp-json\/wp\/v2\/media\/75716"}],"wp:attachment":[{"href":"https:\/\/now-news.de\/de\/wp-json\/wp\/v2\/media?parent=75715"}],"wp:term":[{"taxonomy":"category","embeddable":true,"href":"https:\/\/now-news.de\/de\/wp-json\/wp\/v2\/categories?post=75715"},{"taxonomy":"post_tag","embeddable":true,"href":"https:\/\/now-news.de\/de\/wp-json\/wp\/v2\/tags?post=75715"}],"curies":[{"name":"wp","href":"https:\/\/api.w.org\/{rel}","templated":true}]}}