{"id":75709,"date":"2025-01-02T23:00:28","date_gmt":"2025-01-02T21:00:28","guid":{"rendered":"https:\/\/now-news.de\/de\/deutschland\/j-d-vance-aeussert-sich-zur-afd-ein-kommentar-der-wellen-schlaegt\/"},"modified":"2025-01-02T23:00:28","modified_gmt":"2025-01-02T21:00:28","slug":"j-d-vance-aeussert-sich-zur-afd-ein-kommentar-der-wellen-schlaegt","status":"publish","type":"post","link":"https:\/\/now-news.de\/de\/deutschland\/j-d-vance-aeussert-sich-zur-afd-ein-kommentar-der-wellen-schlaegt\/","title":{"rendered":"J.\u00a0D. Vance \u00e4u\u00dfert sich zur AfD: Ein Kommentar, der Wellen schl\u00e4gt"},"content":{"rendered":"<p><img decoding=\"async\" src=\"https:\/\/now-news.de\/de\/wp-content\/uploads\/sites\/3\/2025\/01\/6776f4e948fbef3ffe158be7.jpg\" \/><\/p>\n<div class=\"Text-root Text-type_1 \">\n                Nach Elon Musk \u00e4u\u00dferte sich auch der k\u00fcnftige US-Vizepr\u00e4sident J.\u00a0D. Vance zu den deutschen Wahlen. In einem Tweet lobte er indirekt die AfD und kritisierte die US-Medien, die die Partei als &#8220;Nazi light&#8221; darstellten. Vance behauptete zudem, die Partei sei in historischen Widerstandshochburgen popul\u00e4r.\n            <\/div>\n<p><\/p>\n<div class=\"Text-root Text-type_5 ArticleView-text ViewText-root \">\n<p data-pm-slice=\"1 1 []\">Der Beitrag von J.\u00a0D. Vance im sozialen Netzwerk X hat eine Welle von Reaktionen ausgel\u00f6st.<\/p>\n<p data-pm-slice=\"1 1 []\">Der US-Senator kommentierte die AfD mit Worten, die in Deutschland unweigerlich f\u00fcr Kontroversen sorgen mussten: W\u00e4hrend er betonte, keine Wahlempfehlung auszusprechen, behauptete er, die Partei sei vor allem in historisch nazikritischen Gebieten popul\u00e4r.<\/p>\n<div class=\"EmbedBlock-root EmbedBlock-twitter\">\n<div class=\"TwitterEmbed\">\n<blockquote class=\"twitter-tweet lazyload\" data-twitter=\"twitter-tweet\">\n<p lang=\"en\" dir=\"ltr\">I\u2019m not endorsing a party in the German elections, as it\u2019s not my country and we hope to have good relations with all Germans. But this is an interesting piece. Also interesting; American media slanders AfD as Nazi-lite, But AfD is most popular in the same areas of Germany that\u2026 <a rel=\"nofollow noopener\" target=\"_blank\" href=\"https:\/\/t.co\/rFXek7QNCn\">https:\/\/t.co\/rFXek7QNCn<\/a><\/p>\n<p>\u2014 JD Vance (@JDVance) <a rel=\"nofollow noopener\" target=\"_blank\" href=\"https:\/\/twitter.com\/JDVance\/status\/1874894133862769149?ref_src=twsrc%5Etfw\">January 2, 2025<\/a><\/p><\/blockquote>\n<\/div>\n<\/div>\n<blockquote>\n<p><em>&#8220;Ich unterst\u00fctze keine Partei bei den deutschen Wahlen, da es nicht mein Land ist, und wir hoffen, gute Beziehungen zu allen Deutschen zu pflegen. Dennoch ist dies ein interessanter Beitrag.<\/em><\/p>\n<p><em>Ebenso interessant: Die US-Medien diffamieren die AfD als &#8216;Nazi light&#8217;, aber die AfD ist gerade in jenen Regionen Deutschlands am beliebtesten, die sich historisch am st\u00e4rksten gegen die Nationalsozialisten gewehrt haben.&#8221;<\/em><\/p>\n<\/blockquote>\n<p data-pm-slice=\"1 1 []\">Dieser Beitrag folgt dem Aufsehen, das bereits Elon Musks Gastbeitrag in der <em>Welt am Sonntag<\/em>\u00a0ausgel\u00f6st hatte, in dem Musk die AfD als &#8220;letzten Funken Hoffnung&#8221; f\u00fcr Deutschland bezeichnet hatte.<\/p>\n<p data-pm-slice=\"1 1 []\">W\u00e4hrend konservative Stimmen in den USA Musks und Vances Perspektiven als differenziert lobten, kritisierten deutsche Politiker beiderseits des politischen Spektrums diese als unangebrachte Einmischung.<\/p>\n<p data-pm-slice=\"1 1 []\">Doch jenseits der Kontroversen wirft der Post des US-Senators grunds\u00e4tzliche Fragen \u00fcber die Darstellung der AfD in internationalen Medien und die Dynamik transatlantischer Diskurse auf.<\/p>\n<p data-pm-slice=\"1 1 []\"><strong>Mehr zum Thema<\/strong>\u00a0\u2013\u00a0<a rel=\"nofollow noopener\" target=\"_blank\" href=\"https:\/\/freedert.online\/inland\/231043-ressortleiterin-welt-kuendigt-wegen-musk\/\">Ressortleiterin der &#8220;Welt&#8221; k\u00fcndigt wegen Musk-Interview<\/a><\/p>\n<div class=\"EmbedBlock-root EmbedBlock-externalVideo EmbedBlock-rumble\">\n<div class=\"VkEmbed\"><iframe class=\"lazyload\" data-src=\"https:\/\/rumble.com\/embed\/v614jfk\" frameborder=\"0\" width=\"853\" height=\"480\" allowfullscreen><\/iframe><\/div>\n<\/div>\n<\/div>\n<p><script async src=\"https:\/\/platform.twitter.com\/widgets.js\" charset=\"utf-8\"><\/script><br \/>\n<br \/><br \/>\n<br \/><a href=\"https:\/\/de.rt.com\/inland\/231557-j-d-vance-aeussert-sich-zur-afd-ein-kommentar-der-wellen-schlaegt\/\">Source link <\/a><\/p>\n","protected":false},"excerpt":{"rendered":"<p>Nach Elon Musk \u00e4u\u00dferte sich auch der k\u00fcnftige US-Vizepr\u00e4sident J.\u00a0D. Vance zu den deutschen Wahlen. In einem Tweet lobte er indirekt die AfD und kritisierte die US-Medien, die die Partei als &#8220;Nazi light&#8221; darstellten. Vance behauptete zudem, die Partei sei in historischen Widerstandshochburgen popul\u00e4r. Der Beitrag von J.\u00a0D. Vance im sozialen Netzwerk X hat eine [&hellip;]<\/p>\n","protected":false},"author":3,"featured_media":75710,"comment_status":"open","ping_status":"open","sticky":false,"template":"","format":"standard","meta":{"_yoast_indexnow_last_ping":["1735852423"],"wp_automatic_camp":["217"],"8ee53c22f50025780240e3d503b6f2e8":["J.\u00a0D. Vance \u00e4u\u00dfert sich zur AfD: Ein Kommentar, der Wellen schl\u00e4gt"],"original_link":["https:\/\/de.rt.com\/inland\/231557-j-d-vance-aeussert-sich-zur-afd-ein-kommentar-der-wellen-schlaegt\/"],"_thumbnail_id":["75710"],"jnews_social_counter_last_update":["1777292230"],"_wptgpro_p2tg_sent2tg":["a:1:{i:23737;s:19:\"2025-01-02 23:14:42\";}"]},"categories":[19,23],"tags":[3815,10518,82,357,56652,30325,1468,434,18340,56677,581],"yoast_head":"<!-- This site is optimized with the Yoast SEO Premium plugin v22.7 (Yoast SEO v22.7) - https:\/\/yoast.com\/wordpress\/plugins\/seo\/ -->\n<title>J.\u00a0D. Vance \u00e4u\u00dfert sich zur AfD: Ein Kommentar, der Wellen schl\u00e4gt - just-now.NEWS Deutschland<\/title>\n<meta name=\"robots\" content=\"index, follow, max-snippet:-1, max-image-preview:large, max-video-preview:-1\" \/>\n<link rel=\"canonical\" href=\"https:\/\/now-news.de\/de\/deutschland\/j-d-vance-aeussert-sich-zur-afd-ein-kommentar-der-wellen-schlaegt\/\" \/>\n<meta property=\"og:locale\" content=\"de_DE\" \/>\n<meta property=\"og:type\" content=\"article\" \/>\n<meta property=\"og:title\" content=\"J.\u00a0D. Vance \u00e4u\u00dfert sich zur AfD: Ein Kommentar, der Wellen schl\u00e4gt\" \/>\n<meta property=\"og:description\" content=\"Nach Elon Musk \u00e4u\u00dferte sich auch der k\u00fcnftige US-Vizepr\u00e4sident J.\u00a0D. Vance zu den deutschen Wahlen. In einem Tweet lobte er indirekt die AfD und kritisierte die US-Medien, die die Partei als &#8220;Nazi light&#8221; darstellten. Vance behauptete zudem, die Partei sei in historischen Widerstandshochburgen popul\u00e4r. Der Beitrag von J.\u00a0D. Vance im sozialen Netzwerk X hat eine [&hellip;]\" \/>\n<meta property=\"og:url\" content=\"https:\/\/now-news.de\/de\/deutschland\/j-d-vance-aeussert-sich-zur-afd-ein-kommentar-der-wellen-schlaegt\/\" \/>\n<meta property=\"og:site_name\" content=\"just-now.NEWS Deutschland\" \/>\n<meta property=\"article:publisher\" content=\"https:\/\/www.facebook.com\/wirmachenauf\" \/>\n<meta property=\"article:published_time\" content=\"2025-01-02T21:00:28+00:00\" \/>\n<meta property=\"og:image\" content=\"https:\/\/now-news.de\/de\/wp-content\/uploads\/sites\/3\/2025\/01\/6776f4e948fbef3ffe158be7.jpg\" \/>\n<meta name=\"author\" content=\"rtnews\" \/>\n<meta name=\"twitter:card\" content=\"summary_large_image\" \/>\n<meta name=\"twitter:creator\" content=\"@WirMachenAuf_de\" \/>\n<meta name=\"twitter:site\" content=\"@WirMachenAuf_de\" \/>\n<meta name=\"twitter:label1\" content=\"Verfasst von\" \/>\n\t<meta name=\"twitter:data1\" content=\"rtnews\" \/>\n\t<meta name=\"twitter:label2\" content=\"Gesch\u00e4tzte Lesezeit\" \/>\n\t<meta name=\"twitter:data2\" content=\"2\u00a0Minuten\" \/>\n<script type=\"application\/ld+json\" class=\"yoast-schema-graph\">{\"@context\":\"https:\/\/schema.org\",\"@graph\":[{\"@type\":\"Article\",\"@id\":\"https:\/\/now-news.de\/de\/deutschland\/j-d-vance-aeussert-sich-zur-afd-ein-kommentar-der-wellen-schlaegt\/#article\",\"isPartOf\":{\"@id\":\"https:\/\/now-news.de\/de\/deutschland\/j-d-vance-aeussert-sich-zur-afd-ein-kommentar-der-wellen-schlaegt\/\"},\"author\":{\"name\":\"rtnews\",\"@id\":\"https:\/\/now-news.de\/de\/#\/schema\/person\/fb534a4e865501d8b3285208df34a9b5\"},\"headline\":\"J.\u00a0D. Vance \u00e4u\u00dfert sich zur AfD: Ein Kommentar, der Wellen schl\u00e4gt\",\"datePublished\":\"2025-01-02T21:00:28+00:00\",\"dateModified\":\"2025-01-02T21:00:28+00:00\",\"mainEntityOfPage\":{\"@id\":\"https:\/\/now-news.de\/de\/deutschland\/j-d-vance-aeussert-sich-zur-afd-ein-kommentar-der-wellen-schlaegt\/\"},\"wordCount\":336,\"commentCount\":0,\"publisher\":{\"@id\":\"https:\/\/now-news.de\/de\/#organization\"},\"image\":{\"@id\":\"https:\/\/now-news.de\/de\/deutschland\/j-d-vance-aeussert-sich-zur-afd-ein-kommentar-der-wellen-schlaegt\/#primaryimage\"},\"thumbnailUrl\":\"https:\/\/now-news.de\/de\/wp-content\/uploads\/sites\/3\/2025\/01\/J-D-Vance-aeussert-sich-zur-AfD-Ein-Kommentar-der-Wellen.jpg\",\"keywords\":[\"AfD\",\"\u00e4u\u00dfert\",\"der\",\"ein\",\"J.D\",\"Kommentar\",\"schl\u00e4gt\",\"sich\",\"Vance\",\"Wellen\",\"zur\"],\"articleSection\":[\"Deutschland\",\"Russland\"],\"inLanguage\":\"de\",\"potentialAction\":[{\"@type\":\"CommentAction\",\"name\":\"Comment\",\"target\":[\"https:\/\/now-news.de\/de\/deutschland\/j-d-vance-aeussert-sich-zur-afd-ein-kommentar-der-wellen-schlaegt\/#respond\"]}]},{\"@type\":\"WebPage\",\"@id\":\"https:\/\/now-news.de\/de\/deutschland\/j-d-vance-aeussert-sich-zur-afd-ein-kommentar-der-wellen-schlaegt\/\",\"url\":\"https:\/\/now-news.de\/de\/deutschland\/j-d-vance-aeussert-sich-zur-afd-ein-kommentar-der-wellen-schlaegt\/\",\"name\":\"J.\u00a0D. Vance \u00e4u\u00dfert sich zur AfD: Ein Kommentar, der Wellen schl\u00e4gt - just-now.NEWS Deutschland\",\"isPartOf\":{\"@id\":\"https:\/\/now-news.de\/de\/#website\"},\"primaryImageOfPage\":{\"@id\":\"https:\/\/now-news.de\/de\/deutschland\/j-d-vance-aeussert-sich-zur-afd-ein-kommentar-der-wellen-schlaegt\/#primaryimage\"},\"image\":{\"@id\":\"https:\/\/now-news.de\/de\/deutschland\/j-d-vance-aeussert-sich-zur-afd-ein-kommentar-der-wellen-schlaegt\/#primaryimage\"},\"thumbnailUrl\":\"https:\/\/now-news.de\/de\/wp-content\/uploads\/sites\/3\/2025\/01\/J-D-Vance-aeussert-sich-zur-AfD-Ein-Kommentar-der-Wellen.jpg\",\"datePublished\":\"2025-01-02T21:00:28+00:00\",\"dateModified\":\"2025-01-02T21:00:28+00:00\",\"breadcrumb\":{\"@id\":\"https:\/\/now-news.de\/de\/deutschland\/j-d-vance-aeussert-sich-zur-afd-ein-kommentar-der-wellen-schlaegt\/#breadcrumb\"},\"inLanguage\":\"de\",\"potentialAction\":[{\"@type\":\"ReadAction\",\"target\":[\"https:\/\/now-news.de\/de\/deutschland\/j-d-vance-aeussert-sich-zur-afd-ein-kommentar-der-wellen-schlaegt\/\"]}]},{\"@type\":\"ImageObject\",\"inLanguage\":\"de\",\"@id\":\"https:\/\/now-news.de\/de\/deutschland\/j-d-vance-aeussert-sich-zur-afd-ein-kommentar-der-wellen-schlaegt\/#primaryimage\",\"url\":\"https:\/\/now-news.de\/de\/wp-content\/uploads\/sites\/3\/2025\/01\/J-D-Vance-aeussert-sich-zur-AfD-Ein-Kommentar-der-Wellen.jpg\",\"contentUrl\":\"https:\/\/now-news.de\/de\/wp-content\/uploads\/sites\/3\/2025\/01\/J-D-Vance-aeussert-sich-zur-AfD-Ein-Kommentar-der-Wellen.jpg\",\"width\":460,\"height\":259,\"caption\":\"J.\u00a0D. Vance \u00e4u\u00dfert sich zur AfD: Ein Kommentar, der Wellen schl\u00e4gt\"},{\"@type\":\"BreadcrumbList\",\"@id\":\"https:\/\/now-news.de\/de\/deutschland\/j-d-vance-aeussert-sich-zur-afd-ein-kommentar-der-wellen-schlaegt\/#breadcrumb\",\"itemListElement\":[{\"@type\":\"ListItem\",\"position\":1,\"name\":\"Home\",\"item\":\"https:\/\/now-news.de\/de\/\"},{\"@type\":\"ListItem\",\"position\":2,\"name\":\"J.\u00a0D. Vance \u00e4u\u00dfert sich zur AfD: Ein Kommentar, der Wellen schl\u00e4gt\"}]},{\"@type\":\"WebSite\",\"@id\":\"https:\/\/now-news.de\/de\/#website\",\"url\":\"https:\/\/now-news.de\/de\/\",\"name\":\"just-now.NEWS Deutschland\",\"description\":\"Das Portal f\u00fcr unzensierte Nachrichten aus der Welt\",\"publisher\":{\"@id\":\"https:\/\/now-news.de\/de\/#organization\"},\"potentialAction\":[{\"@type\":\"SearchAction\",\"target\":{\"@type\":\"EntryPoint\",\"urlTemplate\":\"https:\/\/now-news.de\/de\/?s={search_term_string}\"},\"query-input\":\"required name=search_term_string\"}],\"inLanguage\":\"de\"},{\"@type\":\"Organization\",\"@id\":\"https:\/\/now-news.de\/de\/#organization\",\"name\":\"Just Now News\",\"url\":\"https:\/\/now-news.de\/de\/\",\"logo\":{\"@type\":\"ImageObject\",\"inLanguage\":\"de\",\"@id\":\"https:\/\/now-news.de\/de\/#\/schema\/logo\/image\/\",\"url\":\"http:\/\/just-now.news\/de\/wp-content\/uploads\/sites\/3\/2022\/04\/logo500x500.jpg\",\"contentUrl\":\"http:\/\/just-now.news\/de\/wp-content\/uploads\/sites\/3\/2022\/04\/logo500x500.jpg\",\"width\":500,\"height\":500,\"caption\":\"Just Now News\"},\"image\":{\"@id\":\"https:\/\/now-news.de\/de\/#\/schema\/logo\/image\/\"},\"sameAs\":[\"https:\/\/www.facebook.com\/wirmachenauf\",\"https:\/\/x.com\/WirMachenAuf_de\"]},{\"@type\":\"Person\",\"@id\":\"https:\/\/now-news.de\/de\/#\/schema\/person\/fb534a4e865501d8b3285208df34a9b5\",\"name\":\"rtnews\",\"image\":{\"@type\":\"ImageObject\",\"inLanguage\":\"de\",\"@id\":\"https:\/\/now-news.de\/de\/#\/schema\/person\/image\/\",\"url\":\"https:\/\/secure.gravatar.com\/avatar\/82aafea7d8127119dd649515f56e2117?s=96&d=mm&r=g\",\"contentUrl\":\"https:\/\/secure.gravatar.com\/avatar\/82aafea7d8127119dd649515f56e2117?s=96&d=mm&r=g\",\"caption\":\"rtnews\"},\"url\":\"https:\/\/now-news.de\/de\/author\/rnews\/\"}]}<\/script>\n<!-- \/ Yoast SEO Premium plugin. -->","yoast_head_json":{"title":"J.\u00a0D. Vance \u00e4u\u00dfert sich zur AfD: Ein Kommentar, der Wellen schl\u00e4gt - just-now.NEWS Deutschland","robots":{"index":"index","follow":"follow","max-snippet":"max-snippet:-1","max-image-preview":"max-image-preview:large","max-video-preview":"max-video-preview:-1"},"canonical":"https:\/\/now-news.de\/de\/deutschland\/j-d-vance-aeussert-sich-zur-afd-ein-kommentar-der-wellen-schlaegt\/","og_locale":"de_DE","og_type":"article","og_title":"J.\u00a0D. Vance \u00e4u\u00dfert sich zur AfD: Ein Kommentar, der Wellen schl\u00e4gt","og_description":"Nach Elon Musk \u00e4u\u00dferte sich auch der k\u00fcnftige US-Vizepr\u00e4sident J.\u00a0D. Vance zu den deutschen Wahlen. In einem Tweet lobte er indirekt die AfD und kritisierte die US-Medien, die die Partei als &#8220;Nazi light&#8221; darstellten. Vance behauptete zudem, die Partei sei in historischen Widerstandshochburgen popul\u00e4r. Der Beitrag von J.\u00a0D. Vance im sozialen Netzwerk X hat eine [&hellip;]","og_url":"https:\/\/now-news.de\/de\/deutschland\/j-d-vance-aeussert-sich-zur-afd-ein-kommentar-der-wellen-schlaegt\/","og_site_name":"just-now.NEWS Deutschland","article_publisher":"https:\/\/www.facebook.com\/wirmachenauf","article_published_time":"2025-01-02T21:00:28+00:00","og_image":[{"url":"https:\/\/now-news.de\/de\/wp-content\/uploads\/sites\/3\/2025\/01\/6776f4e948fbef3ffe158be7.jpg"}],"author":"rtnews","twitter_card":"summary_large_image","twitter_creator":"@WirMachenAuf_de","twitter_site":"@WirMachenAuf_de","twitter_misc":{"Verfasst von":"rtnews","Gesch\u00e4tzte Lesezeit":"2\u00a0Minuten"},"schema":{"@context":"https:\/\/schema.org","@graph":[{"@type":"Article","@id":"https:\/\/now-news.de\/de\/deutschland\/j-d-vance-aeussert-sich-zur-afd-ein-kommentar-der-wellen-schlaegt\/#article","isPartOf":{"@id":"https:\/\/now-news.de\/de\/deutschland\/j-d-vance-aeussert-sich-zur-afd-ein-kommentar-der-wellen-schlaegt\/"},"author":{"name":"rtnews","@id":"https:\/\/now-news.de\/de\/#\/schema\/person\/fb534a4e865501d8b3285208df34a9b5"},"headline":"J.\u00a0D. Vance \u00e4u\u00dfert sich zur AfD: Ein Kommentar, der Wellen schl\u00e4gt","datePublished":"2025-01-02T21:00:28+00:00","dateModified":"2025-01-02T21:00:28+00:00","mainEntityOfPage":{"@id":"https:\/\/now-news.de\/de\/deutschland\/j-d-vance-aeussert-sich-zur-afd-ein-kommentar-der-wellen-schlaegt\/"},"wordCount":336,"commentCount":0,"publisher":{"@id":"https:\/\/now-news.de\/de\/#organization"},"image":{"@id":"https:\/\/now-news.de\/de\/deutschland\/j-d-vance-aeussert-sich-zur-afd-ein-kommentar-der-wellen-schlaegt\/#primaryimage"},"thumbnailUrl":"https:\/\/now-news.de\/de\/wp-content\/uploads\/sites\/3\/2025\/01\/J-D-Vance-aeussert-sich-zur-AfD-Ein-Kommentar-der-Wellen.jpg","keywords":["AfD","\u00e4u\u00dfert","der","ein","J.D","Kommentar","schl\u00e4gt","sich","Vance","Wellen","zur"],"articleSection":["Deutschland","Russland"],"inLanguage":"de","potentialAction":[{"@type":"CommentAction","name":"Comment","target":["https:\/\/now-news.de\/de\/deutschland\/j-d-vance-aeussert-sich-zur-afd-ein-kommentar-der-wellen-schlaegt\/#respond"]}]},{"@type":"WebPage","@id":"https:\/\/now-news.de\/de\/deutschland\/j-d-vance-aeussert-sich-zur-afd-ein-kommentar-der-wellen-schlaegt\/","url":"https:\/\/now-news.de\/de\/deutschland\/j-d-vance-aeussert-sich-zur-afd-ein-kommentar-der-wellen-schlaegt\/","name":"J.\u00a0D. Vance \u00e4u\u00dfert sich zur AfD: Ein Kommentar, der Wellen schl\u00e4gt - just-now.NEWS Deutschland","isPartOf":{"@id":"https:\/\/now-news.de\/de\/#website"},"primaryImageOfPage":{"@id":"https:\/\/now-news.de\/de\/deutschland\/j-d-vance-aeussert-sich-zur-afd-ein-kommentar-der-wellen-schlaegt\/#primaryimage"},"image":{"@id":"https:\/\/now-news.de\/de\/deutschland\/j-d-vance-aeussert-sich-zur-afd-ein-kommentar-der-wellen-schlaegt\/#primaryimage"},"thumbnailUrl":"https:\/\/now-news.de\/de\/wp-content\/uploads\/sites\/3\/2025\/01\/J-D-Vance-aeussert-sich-zur-AfD-Ein-Kommentar-der-Wellen.jpg","datePublished":"2025-01-02T21:00:28+00:00","dateModified":"2025-01-02T21:00:28+00:00","breadcrumb":{"@id":"https:\/\/now-news.de\/de\/deutschland\/j-d-vance-aeussert-sich-zur-afd-ein-kommentar-der-wellen-schlaegt\/#breadcrumb"},"inLanguage":"de","potentialAction":[{"@type":"ReadAction","target":["https:\/\/now-news.de\/de\/deutschland\/j-d-vance-aeussert-sich-zur-afd-ein-kommentar-der-wellen-schlaegt\/"]}]},{"@type":"ImageObject","inLanguage":"de","@id":"https:\/\/now-news.de\/de\/deutschland\/j-d-vance-aeussert-sich-zur-afd-ein-kommentar-der-wellen-schlaegt\/#primaryimage","url":"https:\/\/now-news.de\/de\/wp-content\/uploads\/sites\/3\/2025\/01\/J-D-Vance-aeussert-sich-zur-AfD-Ein-Kommentar-der-Wellen.jpg","contentUrl":"https:\/\/now-news.de\/de\/wp-content\/uploads\/sites\/3\/2025\/01\/J-D-Vance-aeussert-sich-zur-AfD-Ein-Kommentar-der-Wellen.jpg","width":460,"height":259,"caption":"J.\u00a0D. Vance \u00e4u\u00dfert sich zur AfD: Ein Kommentar, der Wellen schl\u00e4gt"},{"@type":"BreadcrumbList","@id":"https:\/\/now-news.de\/de\/deutschland\/j-d-vance-aeussert-sich-zur-afd-ein-kommentar-der-wellen-schlaegt\/#breadcrumb","itemListElement":[{"@type":"ListItem","position":1,"name":"Home","item":"https:\/\/now-news.de\/de\/"},{"@type":"ListItem","position":2,"name":"J.\u00a0D. Vance \u00e4u\u00dfert sich zur AfD: Ein Kommentar, der Wellen schl\u00e4gt"}]},{"@type":"WebSite","@id":"https:\/\/now-news.de\/de\/#website","url":"https:\/\/now-news.de\/de\/","name":"just-now.NEWS Deutschland","description":"Das Portal f\u00fcr unzensierte Nachrichten aus der Welt","publisher":{"@id":"https:\/\/now-news.de\/de\/#organization"},"potentialAction":[{"@type":"SearchAction","target":{"@type":"EntryPoint","urlTemplate":"https:\/\/now-news.de\/de\/?s={search_term_string}"},"query-input":"required name=search_term_string"}],"inLanguage":"de"},{"@type":"Organization","@id":"https:\/\/now-news.de\/de\/#organization","name":"Just Now News","url":"https:\/\/now-news.de\/de\/","logo":{"@type":"ImageObject","inLanguage":"de","@id":"https:\/\/now-news.de\/de\/#\/schema\/logo\/image\/","url":"http:\/\/just-now.news\/de\/wp-content\/uploads\/sites\/3\/2022\/04\/logo500x500.jpg","contentUrl":"http:\/\/just-now.news\/de\/wp-content\/uploads\/sites\/3\/2022\/04\/logo500x500.jpg","width":500,"height":500,"caption":"Just Now News"},"image":{"@id":"https:\/\/now-news.de\/de\/#\/schema\/logo\/image\/"},"sameAs":["https:\/\/www.facebook.com\/wirmachenauf","https:\/\/x.com\/WirMachenAuf_de"]},{"@type":"Person","@id":"https:\/\/now-news.de\/de\/#\/schema\/person\/fb534a4e865501d8b3285208df34a9b5","name":"rtnews","image":{"@type":"ImageObject","inLanguage":"de","@id":"https:\/\/now-news.de\/de\/#\/schema\/person\/image\/","url":"https:\/\/secure.gravatar.com\/avatar\/82aafea7d8127119dd649515f56e2117?s=96&d=mm&r=g","contentUrl":"https:\/\/secure.gravatar.com\/avatar\/82aafea7d8127119dd649515f56e2117?s=96&d=mm&r=g","caption":"rtnews"},"url":"https:\/\/now-news.de\/de\/author\/rnews\/"}]}},"_links":{"self":[{"href":"https:\/\/now-news.de\/de\/wp-json\/wp\/v2\/posts\/75709"}],"collection":[{"href":"https:\/\/now-news.de\/de\/wp-json\/wp\/v2\/posts"}],"about":[{"href":"https:\/\/now-news.de\/de\/wp-json\/wp\/v2\/types\/post"}],"author":[{"embeddable":true,"href":"https:\/\/now-news.de\/de\/wp-json\/wp\/v2\/users\/3"}],"replies":[{"embeddable":true,"href":"https:\/\/now-news.de\/de\/wp-json\/wp\/v2\/comments?post=75709"}],"version-history":[{"count":0,"href":"https:\/\/now-news.de\/de\/wp-json\/wp\/v2\/posts\/75709\/revisions"}],"wp:featuredmedia":[{"embeddable":true,"href":"https:\/\/now-news.de\/de\/wp-json\/wp\/v2\/media\/75710"}],"wp:attachment":[{"href":"https:\/\/now-news.de\/de\/wp-json\/wp\/v2\/media?parent=75709"}],"wp:term":[{"taxonomy":"category","embeddable":true,"href":"https:\/\/now-news.de\/de\/wp-json\/wp\/v2\/categories?post=75709"},{"taxonomy":"post_tag","embeddable":true,"href":"https:\/\/now-news.de\/de\/wp-json\/wp\/v2\/tags?post=75709"}],"curies":[{"name":"wp","href":"https:\/\/api.w.org\/{rel}","templated":true}]}}