{"id":75654,"date":"2025-01-01T20:18:34","date_gmt":"2025-01-01T18:18:34","guid":{"rendered":"https:\/\/now-news.de\/de\/deutschland\/ukrainischer-geheimdienstchef-spricht-ueber-beteiligung-kiews-am-sturz-assads\/"},"modified":"2025-01-01T20:18:34","modified_gmt":"2025-01-01T18:18:34","slug":"ukrainischer-geheimdienstchef-spricht-ueber-beteiligung-kiews-am-sturz-assads","status":"publish","type":"post","link":"https:\/\/now-news.de\/de\/deutschland\/ukrainischer-geheimdienstchef-spricht-ueber-beteiligung-kiews-am-sturz-assads\/","title":{"rendered":"Ukrainischer Geheimdienstchef spricht \u00fcber Beteiligung Kiews am Sturz Assads"},"content":{"rendered":"<p><img decoding=\"async\" src=\"https:\/\/now-news.de\/de\/wp-content\/uploads\/sites\/3\/2025\/01\/67756f81b480cc27c65dd5e6.jpg\" \/><\/p>\n<div class=\"Text-root Text-type_1 \">\n                Der Chef des ukrainischen Geheimdienstes Kirill Budanow hat angedeutet, dass Kiew am Sturz von Baschir Al-Assad in Syrien beteiligt gewesen war. Er sagte:  &#8220;Alle haben daran gearbeitet. Die T\u00fcrken haben daran gearbeitet, und vielleicht sind wir irgendwo in der N\u00e4he vorbeigekommen.&#8221;\n            <\/div>\n<p><\/p>\n<div class=\"Text-root Text-type_5 ArticleView-text ViewText-root \">\n<p>Der ukrainische Geheimdienstchef Kirill Budanow hat angedeutet, dass Kiew am Sturz des syrischen Regierungschefs Baschir Al-Assad Anfang Dezember beteiligt war. W\u00e4hrend des sogenannten Telethons (einer Art Informationssendung \u00fcber den Ukraine-Krieg, die von mehreren ukrainischen Sendern \u00fcbertragen wird) sagte er am Dienstagabend:<\/p>\n<blockquote>\n<p><em>&#8220;Alle haben daran gearbeitet. Die T\u00fcrken haben daran gearbeitet, und vielleicht sind wir irgendwo in der N\u00e4he vorbeigekommen.&#8221;<\/em><\/p>\n<\/blockquote>\n<p>&#8220;Wo immer diktatorische Regime gest\u00fcrzt werden und wo immer in der Welt sich diese Regime mit Regimen \u00fcberschneiden, die sich mit uns im Krieg befinden, wird dies immer zu unserem Vorteil sein&#8221;, sagte er weiter. Mit Seiner \u00c4u\u00dferung d\u00fcrfte sich Budanow auf die russische Unterst\u00fctzung f\u00fcr Assad beziehen. Er fuhr fort:<\/p>\n<blockquote>\n<p><em>&#8220;Wie ist das passiert? Nun, es ist irgendwie passiert, was soll man sagen?&#8221;<\/em><\/p>\n<\/blockquote>\n<p>Mit seien \u00c4u\u00dferungen reagierte Budanow auf Aussagen des St\u00e4ndigen Vertreters Russlands bei der UN, Wassili Nebensja. Dieser hatte erkl\u00e4rt, dass Kiew am Sturz Assads beteiligt gewesen sei. Der Leiter des ukrainischen Geheimdienstes behauptete nun:<\/p>\n<blockquote>\n<p><em>&#8220;Viele haben daran gearbeitet, dass dieses Regime gest\u00fcrzt wird und die normale Bev\u00f6lkerung Syriens, die bei Weitem nicht in ihrer Gesamtheit pro Assad war, einfach aufatmen kann und Hoffnung auf ein neues, normales Leben bekommt.&#8221;<\/em><\/p>\n<\/blockquote>\n<p>Anfang Dezember sah sich Syriens Regierungschef Baschir Al-Assad dazu gezwungen, sein Amt als Pr\u00e4sident aufzugeben und aus dem Land zu fliehen;\u00a0schlie\u00dflich suchte er Asyl in Russland. Ausl\u00f6ser war eine pl\u00f6tzliche Offensive mehrerer bewaffneter Oppositionsgruppen unter F\u00fchrung der HTS gewesen, die innerhalb weniger Tage gro\u00dfe Gebiete in ganz Syrien erobert und schlie\u00dflich die Hauptstadt Damaskus eingenommen hatten.<\/p>\n<p><strong>Mehr zum Thema \u2013<\/strong>\u00a0<a rel=\"nofollow noopener\" target=\"_blank\" href=\"https:\/\/freedert.online\/international\/229124-bericht-ukraine-unterstuetzte-syrische-rebellen\/\"> Bericht: Kiew unterst\u00fctzte syrische Rebellen und trug zum Sturz Assads bei <\/a><\/p>\n<div class=\"EmbedBlock-root EmbedBlock-externalVideo EmbedBlock-rumble\">\n<div class=\"VkEmbed\"><iframe class=\"lazyload\" data-src=\"https:\/\/rumble.com\/embed\/v5vopf5\" frameborder=\"0\" width=\"853\" height=\"480\" allowfullscreen><\/iframe><\/div>\n<\/div>\n<\/div>\n<p><br \/>\n<br \/><a href=\"https:\/\/de.rt.com\/international\/231470-ukrainischer-geheimdienstchef-spricht-ueber-beteiligung\/\">Source link <\/a><\/p>\n","protected":false},"excerpt":{"rendered":"<p>Der Chef des ukrainischen Geheimdienstes Kirill Budanow hat angedeutet, dass Kiew am Sturz von Baschir Al-Assad in Syrien beteiligt gewesen war. Er sagte: &#8220;Alle haben daran gearbeitet. Die T\u00fcrken haben daran gearbeitet, und vielleicht sind wir irgendwo in der N\u00e4he vorbeigekommen.&#8221; Der ukrainische Geheimdienstchef Kirill Budanow hat angedeutet, dass Kiew am Sturz des syrischen Regierungschefs [&hellip;]<\/p>\n","protected":false},"author":3,"featured_media":75655,"comment_status":"open","ping_status":"open","sticky":false,"template":"","format":"standard","meta":{"_yoast_indexnow_last_ping":["1735755775"],"wp_automatic_camp":["217"],"c826d314671ade6a59d645676e6da29c":["Ukrainischer Geheimdienstchef spricht \u00fcber Beteiligung Kiews am Sturz Assads"],"original_link":["https:\/\/de.rt.com\/international\/231470-ukrainischer-geheimdienstchef-spricht-ueber-beteiligung\/"],"_thumbnail_id":["75655"],"_wptgpro_p2tg_sent2tg":["a:1:{i:23737;s:19:\"2025-01-01 20:24:13\";}"],"jnews_social_counter_last_update":["1777396739"]},"categories":[19,23],"tags":[44525,4912,33678,6313,4067,8170,139,488],"yoast_head":"<!-- This site is optimized with the Yoast SEO Premium plugin v22.7 (Yoast SEO v22.7) - https:\/\/yoast.com\/wordpress\/plugins\/seo\/ -->\n<title>Ukrainischer Geheimdienstchef spricht \u00fcber Beteiligung Kiews am Sturz Assads - just-now.NEWS Deutschland<\/title>\n<meta name=\"robots\" content=\"index, follow, max-snippet:-1, max-image-preview:large, max-video-preview:-1\" \/>\n<link rel=\"canonical\" href=\"https:\/\/now-news.de\/de\/deutschland\/ukrainischer-geheimdienstchef-spricht-ueber-beteiligung-kiews-am-sturz-assads\/\" \/>\n<meta property=\"og:locale\" content=\"de_DE\" \/>\n<meta property=\"og:type\" content=\"article\" \/>\n<meta property=\"og:title\" content=\"Ukrainischer Geheimdienstchef spricht \u00fcber Beteiligung Kiews am Sturz Assads\" \/>\n<meta property=\"og:description\" content=\"Der Chef des ukrainischen Geheimdienstes Kirill Budanow hat angedeutet, dass Kiew am Sturz von Baschir Al-Assad in Syrien beteiligt gewesen war. Er sagte: &#8220;Alle haben daran gearbeitet. Die T\u00fcrken haben daran gearbeitet, und vielleicht sind wir irgendwo in der N\u00e4he vorbeigekommen.&#8221; Der ukrainische Geheimdienstchef Kirill Budanow hat angedeutet, dass Kiew am Sturz des syrischen Regierungschefs [&hellip;]\" \/>\n<meta property=\"og:url\" content=\"https:\/\/now-news.de\/de\/deutschland\/ukrainischer-geheimdienstchef-spricht-ueber-beteiligung-kiews-am-sturz-assads\/\" \/>\n<meta property=\"og:site_name\" content=\"just-now.NEWS Deutschland\" \/>\n<meta property=\"article:publisher\" content=\"https:\/\/www.facebook.com\/wirmachenauf\" \/>\n<meta property=\"article:published_time\" content=\"2025-01-01T18:18:34+00:00\" \/>\n<meta property=\"og:image\" content=\"https:\/\/now-news.de\/de\/wp-content\/uploads\/sites\/3\/2025\/01\/67756f81b480cc27c65dd5e6.jpg\" \/>\n<meta name=\"author\" content=\"rtnews\" \/>\n<meta name=\"twitter:card\" content=\"summary_large_image\" \/>\n<meta name=\"twitter:creator\" content=\"@WirMachenAuf_de\" \/>\n<meta name=\"twitter:site\" content=\"@WirMachenAuf_de\" \/>\n<meta name=\"twitter:label1\" content=\"Verfasst von\" \/>\n\t<meta name=\"twitter:data1\" content=\"rtnews\" \/>\n\t<meta name=\"twitter:label2\" content=\"Gesch\u00e4tzte Lesezeit\" \/>\n\t<meta name=\"twitter:data2\" content=\"2\u00a0Minuten\" \/>\n<script type=\"application\/ld+json\" class=\"yoast-schema-graph\">{\"@context\":\"https:\/\/schema.org\",\"@graph\":[{\"@type\":\"Article\",\"@id\":\"https:\/\/now-news.de\/de\/deutschland\/ukrainischer-geheimdienstchef-spricht-ueber-beteiligung-kiews-am-sturz-assads\/#article\",\"isPartOf\":{\"@id\":\"https:\/\/now-news.de\/de\/deutschland\/ukrainischer-geheimdienstchef-spricht-ueber-beteiligung-kiews-am-sturz-assads\/\"},\"author\":{\"name\":\"rtnews\",\"@id\":\"https:\/\/now-news.de\/de\/#\/schema\/person\/fb534a4e865501d8b3285208df34a9b5\"},\"headline\":\"Ukrainischer Geheimdienstchef spricht \u00fcber Beteiligung Kiews am Sturz Assads\",\"datePublished\":\"2025-01-01T18:18:34+00:00\",\"dateModified\":\"2025-01-01T18:18:34+00:00\",\"mainEntityOfPage\":{\"@id\":\"https:\/\/now-news.de\/de\/deutschland\/ukrainischer-geheimdienstchef-spricht-ueber-beteiligung-kiews-am-sturz-assads\/\"},\"wordCount\":339,\"commentCount\":0,\"publisher\":{\"@id\":\"https:\/\/now-news.de\/de\/#organization\"},\"image\":{\"@id\":\"https:\/\/now-news.de\/de\/deutschland\/ukrainischer-geheimdienstchef-spricht-ueber-beteiligung-kiews-am-sturz-assads\/#primaryimage\"},\"thumbnailUrl\":\"https:\/\/now-news.de\/de\/wp-content\/uploads\/sites\/3\/2025\/01\/Ukrainischer-Geheimdienstchef-spricht-ueber-Beteiligung-Kiews-am-Sturz-Assads.jpg\",\"keywords\":[\"Assads\",\"Beteiligung\",\"GeheimdienstChef\",\"Kiews\",\"spricht\",\"Sturz\",\"\u00fcber\",\"Ukrainischer\"],\"articleSection\":[\"Deutschland\",\"Russland\"],\"inLanguage\":\"de\",\"potentialAction\":[{\"@type\":\"CommentAction\",\"name\":\"Comment\",\"target\":[\"https:\/\/now-news.de\/de\/deutschland\/ukrainischer-geheimdienstchef-spricht-ueber-beteiligung-kiews-am-sturz-assads\/#respond\"]}]},{\"@type\":\"WebPage\",\"@id\":\"https:\/\/now-news.de\/de\/deutschland\/ukrainischer-geheimdienstchef-spricht-ueber-beteiligung-kiews-am-sturz-assads\/\",\"url\":\"https:\/\/now-news.de\/de\/deutschland\/ukrainischer-geheimdienstchef-spricht-ueber-beteiligung-kiews-am-sturz-assads\/\",\"name\":\"Ukrainischer Geheimdienstchef spricht \u00fcber Beteiligung Kiews am Sturz Assads - just-now.NEWS Deutschland\",\"isPartOf\":{\"@id\":\"https:\/\/now-news.de\/de\/#website\"},\"primaryImageOfPage\":{\"@id\":\"https:\/\/now-news.de\/de\/deutschland\/ukrainischer-geheimdienstchef-spricht-ueber-beteiligung-kiews-am-sturz-assads\/#primaryimage\"},\"image\":{\"@id\":\"https:\/\/now-news.de\/de\/deutschland\/ukrainischer-geheimdienstchef-spricht-ueber-beteiligung-kiews-am-sturz-assads\/#primaryimage\"},\"thumbnailUrl\":\"https:\/\/now-news.de\/de\/wp-content\/uploads\/sites\/3\/2025\/01\/Ukrainischer-Geheimdienstchef-spricht-ueber-Beteiligung-Kiews-am-Sturz-Assads.jpg\",\"datePublished\":\"2025-01-01T18:18:34+00:00\",\"dateModified\":\"2025-01-01T18:18:34+00:00\",\"breadcrumb\":{\"@id\":\"https:\/\/now-news.de\/de\/deutschland\/ukrainischer-geheimdienstchef-spricht-ueber-beteiligung-kiews-am-sturz-assads\/#breadcrumb\"},\"inLanguage\":\"de\",\"potentialAction\":[{\"@type\":\"ReadAction\",\"target\":[\"https:\/\/now-news.de\/de\/deutschland\/ukrainischer-geheimdienstchef-spricht-ueber-beteiligung-kiews-am-sturz-assads\/\"]}]},{\"@type\":\"ImageObject\",\"inLanguage\":\"de\",\"@id\":\"https:\/\/now-news.de\/de\/deutschland\/ukrainischer-geheimdienstchef-spricht-ueber-beteiligung-kiews-am-sturz-assads\/#primaryimage\",\"url\":\"https:\/\/now-news.de\/de\/wp-content\/uploads\/sites\/3\/2025\/01\/Ukrainischer-Geheimdienstchef-spricht-ueber-Beteiligung-Kiews-am-Sturz-Assads.jpg\",\"contentUrl\":\"https:\/\/now-news.de\/de\/wp-content\/uploads\/sites\/3\/2025\/01\/Ukrainischer-Geheimdienstchef-spricht-ueber-Beteiligung-Kiews-am-Sturz-Assads.jpg\",\"width\":460,\"height\":259,\"caption\":\"Ukrainischer Geheimdienstchef spricht \u00fcber Beteiligung Kiews am Sturz Assads\"},{\"@type\":\"BreadcrumbList\",\"@id\":\"https:\/\/now-news.de\/de\/deutschland\/ukrainischer-geheimdienstchef-spricht-ueber-beteiligung-kiews-am-sturz-assads\/#breadcrumb\",\"itemListElement\":[{\"@type\":\"ListItem\",\"position\":1,\"name\":\"Home\",\"item\":\"https:\/\/now-news.de\/de\/\"},{\"@type\":\"ListItem\",\"position\":2,\"name\":\"Ukrainischer Geheimdienstchef spricht \u00fcber Beteiligung Kiews am Sturz Assads\"}]},{\"@type\":\"WebSite\",\"@id\":\"https:\/\/now-news.de\/de\/#website\",\"url\":\"https:\/\/now-news.de\/de\/\",\"name\":\"just-now.NEWS Deutschland\",\"description\":\"Das Portal f\u00fcr unzensierte Nachrichten aus der Welt\",\"publisher\":{\"@id\":\"https:\/\/now-news.de\/de\/#organization\"},\"potentialAction\":[{\"@type\":\"SearchAction\",\"target\":{\"@type\":\"EntryPoint\",\"urlTemplate\":\"https:\/\/now-news.de\/de\/?s={search_term_string}\"},\"query-input\":\"required name=search_term_string\"}],\"inLanguage\":\"de\"},{\"@type\":\"Organization\",\"@id\":\"https:\/\/now-news.de\/de\/#organization\",\"name\":\"Just Now News\",\"url\":\"https:\/\/now-news.de\/de\/\",\"logo\":{\"@type\":\"ImageObject\",\"inLanguage\":\"de\",\"@id\":\"https:\/\/now-news.de\/de\/#\/schema\/logo\/image\/\",\"url\":\"http:\/\/just-now.news\/de\/wp-content\/uploads\/sites\/3\/2022\/04\/logo500x500.jpg\",\"contentUrl\":\"http:\/\/just-now.news\/de\/wp-content\/uploads\/sites\/3\/2022\/04\/logo500x500.jpg\",\"width\":500,\"height\":500,\"caption\":\"Just Now News\"},\"image\":{\"@id\":\"https:\/\/now-news.de\/de\/#\/schema\/logo\/image\/\"},\"sameAs\":[\"https:\/\/www.facebook.com\/wirmachenauf\",\"https:\/\/x.com\/WirMachenAuf_de\"]},{\"@type\":\"Person\",\"@id\":\"https:\/\/now-news.de\/de\/#\/schema\/person\/fb534a4e865501d8b3285208df34a9b5\",\"name\":\"rtnews\",\"image\":{\"@type\":\"ImageObject\",\"inLanguage\":\"de\",\"@id\":\"https:\/\/now-news.de\/de\/#\/schema\/person\/image\/\",\"url\":\"https:\/\/secure.gravatar.com\/avatar\/82aafea7d8127119dd649515f56e2117?s=96&d=mm&r=g\",\"contentUrl\":\"https:\/\/secure.gravatar.com\/avatar\/82aafea7d8127119dd649515f56e2117?s=96&d=mm&r=g\",\"caption\":\"rtnews\"},\"url\":\"https:\/\/now-news.de\/de\/author\/rnews\/\"}]}<\/script>\n<!-- \/ Yoast SEO Premium plugin. -->","yoast_head_json":{"title":"Ukrainischer Geheimdienstchef spricht \u00fcber Beteiligung Kiews am Sturz Assads - just-now.NEWS Deutschland","robots":{"index":"index","follow":"follow","max-snippet":"max-snippet:-1","max-image-preview":"max-image-preview:large","max-video-preview":"max-video-preview:-1"},"canonical":"https:\/\/now-news.de\/de\/deutschland\/ukrainischer-geheimdienstchef-spricht-ueber-beteiligung-kiews-am-sturz-assads\/","og_locale":"de_DE","og_type":"article","og_title":"Ukrainischer Geheimdienstchef spricht \u00fcber Beteiligung Kiews am Sturz Assads","og_description":"Der Chef des ukrainischen Geheimdienstes Kirill Budanow hat angedeutet, dass Kiew am Sturz von Baschir Al-Assad in Syrien beteiligt gewesen war. Er sagte: &#8220;Alle haben daran gearbeitet. Die T\u00fcrken haben daran gearbeitet, und vielleicht sind wir irgendwo in der N\u00e4he vorbeigekommen.&#8221; Der ukrainische Geheimdienstchef Kirill Budanow hat angedeutet, dass Kiew am Sturz des syrischen Regierungschefs [&hellip;]","og_url":"https:\/\/now-news.de\/de\/deutschland\/ukrainischer-geheimdienstchef-spricht-ueber-beteiligung-kiews-am-sturz-assads\/","og_site_name":"just-now.NEWS Deutschland","article_publisher":"https:\/\/www.facebook.com\/wirmachenauf","article_published_time":"2025-01-01T18:18:34+00:00","og_image":[{"url":"https:\/\/now-news.de\/de\/wp-content\/uploads\/sites\/3\/2025\/01\/67756f81b480cc27c65dd5e6.jpg"}],"author":"rtnews","twitter_card":"summary_large_image","twitter_creator":"@WirMachenAuf_de","twitter_site":"@WirMachenAuf_de","twitter_misc":{"Verfasst von":"rtnews","Gesch\u00e4tzte Lesezeit":"2\u00a0Minuten"},"schema":{"@context":"https:\/\/schema.org","@graph":[{"@type":"Article","@id":"https:\/\/now-news.de\/de\/deutschland\/ukrainischer-geheimdienstchef-spricht-ueber-beteiligung-kiews-am-sturz-assads\/#article","isPartOf":{"@id":"https:\/\/now-news.de\/de\/deutschland\/ukrainischer-geheimdienstchef-spricht-ueber-beteiligung-kiews-am-sturz-assads\/"},"author":{"name":"rtnews","@id":"https:\/\/now-news.de\/de\/#\/schema\/person\/fb534a4e865501d8b3285208df34a9b5"},"headline":"Ukrainischer Geheimdienstchef spricht \u00fcber Beteiligung Kiews am Sturz Assads","datePublished":"2025-01-01T18:18:34+00:00","dateModified":"2025-01-01T18:18:34+00:00","mainEntityOfPage":{"@id":"https:\/\/now-news.de\/de\/deutschland\/ukrainischer-geheimdienstchef-spricht-ueber-beteiligung-kiews-am-sturz-assads\/"},"wordCount":339,"commentCount":0,"publisher":{"@id":"https:\/\/now-news.de\/de\/#organization"},"image":{"@id":"https:\/\/now-news.de\/de\/deutschland\/ukrainischer-geheimdienstchef-spricht-ueber-beteiligung-kiews-am-sturz-assads\/#primaryimage"},"thumbnailUrl":"https:\/\/now-news.de\/de\/wp-content\/uploads\/sites\/3\/2025\/01\/Ukrainischer-Geheimdienstchef-spricht-ueber-Beteiligung-Kiews-am-Sturz-Assads.jpg","keywords":["Assads","Beteiligung","GeheimdienstChef","Kiews","spricht","Sturz","\u00fcber","Ukrainischer"],"articleSection":["Deutschland","Russland"],"inLanguage":"de","potentialAction":[{"@type":"CommentAction","name":"Comment","target":["https:\/\/now-news.de\/de\/deutschland\/ukrainischer-geheimdienstchef-spricht-ueber-beteiligung-kiews-am-sturz-assads\/#respond"]}]},{"@type":"WebPage","@id":"https:\/\/now-news.de\/de\/deutschland\/ukrainischer-geheimdienstchef-spricht-ueber-beteiligung-kiews-am-sturz-assads\/","url":"https:\/\/now-news.de\/de\/deutschland\/ukrainischer-geheimdienstchef-spricht-ueber-beteiligung-kiews-am-sturz-assads\/","name":"Ukrainischer Geheimdienstchef spricht \u00fcber Beteiligung Kiews am Sturz Assads - just-now.NEWS Deutschland","isPartOf":{"@id":"https:\/\/now-news.de\/de\/#website"},"primaryImageOfPage":{"@id":"https:\/\/now-news.de\/de\/deutschland\/ukrainischer-geheimdienstchef-spricht-ueber-beteiligung-kiews-am-sturz-assads\/#primaryimage"},"image":{"@id":"https:\/\/now-news.de\/de\/deutschland\/ukrainischer-geheimdienstchef-spricht-ueber-beteiligung-kiews-am-sturz-assads\/#primaryimage"},"thumbnailUrl":"https:\/\/now-news.de\/de\/wp-content\/uploads\/sites\/3\/2025\/01\/Ukrainischer-Geheimdienstchef-spricht-ueber-Beteiligung-Kiews-am-Sturz-Assads.jpg","datePublished":"2025-01-01T18:18:34+00:00","dateModified":"2025-01-01T18:18:34+00:00","breadcrumb":{"@id":"https:\/\/now-news.de\/de\/deutschland\/ukrainischer-geheimdienstchef-spricht-ueber-beteiligung-kiews-am-sturz-assads\/#breadcrumb"},"inLanguage":"de","potentialAction":[{"@type":"ReadAction","target":["https:\/\/now-news.de\/de\/deutschland\/ukrainischer-geheimdienstchef-spricht-ueber-beteiligung-kiews-am-sturz-assads\/"]}]},{"@type":"ImageObject","inLanguage":"de","@id":"https:\/\/now-news.de\/de\/deutschland\/ukrainischer-geheimdienstchef-spricht-ueber-beteiligung-kiews-am-sturz-assads\/#primaryimage","url":"https:\/\/now-news.de\/de\/wp-content\/uploads\/sites\/3\/2025\/01\/Ukrainischer-Geheimdienstchef-spricht-ueber-Beteiligung-Kiews-am-Sturz-Assads.jpg","contentUrl":"https:\/\/now-news.de\/de\/wp-content\/uploads\/sites\/3\/2025\/01\/Ukrainischer-Geheimdienstchef-spricht-ueber-Beteiligung-Kiews-am-Sturz-Assads.jpg","width":460,"height":259,"caption":"Ukrainischer Geheimdienstchef spricht \u00fcber Beteiligung Kiews am Sturz Assads"},{"@type":"BreadcrumbList","@id":"https:\/\/now-news.de\/de\/deutschland\/ukrainischer-geheimdienstchef-spricht-ueber-beteiligung-kiews-am-sturz-assads\/#breadcrumb","itemListElement":[{"@type":"ListItem","position":1,"name":"Home","item":"https:\/\/now-news.de\/de\/"},{"@type":"ListItem","position":2,"name":"Ukrainischer Geheimdienstchef spricht \u00fcber Beteiligung Kiews am Sturz Assads"}]},{"@type":"WebSite","@id":"https:\/\/now-news.de\/de\/#website","url":"https:\/\/now-news.de\/de\/","name":"just-now.NEWS Deutschland","description":"Das Portal f\u00fcr unzensierte Nachrichten aus der Welt","publisher":{"@id":"https:\/\/now-news.de\/de\/#organization"},"potentialAction":[{"@type":"SearchAction","target":{"@type":"EntryPoint","urlTemplate":"https:\/\/now-news.de\/de\/?s={search_term_string}"},"query-input":"required name=search_term_string"}],"inLanguage":"de"},{"@type":"Organization","@id":"https:\/\/now-news.de\/de\/#organization","name":"Just Now News","url":"https:\/\/now-news.de\/de\/","logo":{"@type":"ImageObject","inLanguage":"de","@id":"https:\/\/now-news.de\/de\/#\/schema\/logo\/image\/","url":"http:\/\/just-now.news\/de\/wp-content\/uploads\/sites\/3\/2022\/04\/logo500x500.jpg","contentUrl":"http:\/\/just-now.news\/de\/wp-content\/uploads\/sites\/3\/2022\/04\/logo500x500.jpg","width":500,"height":500,"caption":"Just Now News"},"image":{"@id":"https:\/\/now-news.de\/de\/#\/schema\/logo\/image\/"},"sameAs":["https:\/\/www.facebook.com\/wirmachenauf","https:\/\/x.com\/WirMachenAuf_de"]},{"@type":"Person","@id":"https:\/\/now-news.de\/de\/#\/schema\/person\/fb534a4e865501d8b3285208df34a9b5","name":"rtnews","image":{"@type":"ImageObject","inLanguage":"de","@id":"https:\/\/now-news.de\/de\/#\/schema\/person\/image\/","url":"https:\/\/secure.gravatar.com\/avatar\/82aafea7d8127119dd649515f56e2117?s=96&d=mm&r=g","contentUrl":"https:\/\/secure.gravatar.com\/avatar\/82aafea7d8127119dd649515f56e2117?s=96&d=mm&r=g","caption":"rtnews"},"url":"https:\/\/now-news.de\/de\/author\/rnews\/"}]}},"_links":{"self":[{"href":"https:\/\/now-news.de\/de\/wp-json\/wp\/v2\/posts\/75654"}],"collection":[{"href":"https:\/\/now-news.de\/de\/wp-json\/wp\/v2\/posts"}],"about":[{"href":"https:\/\/now-news.de\/de\/wp-json\/wp\/v2\/types\/post"}],"author":[{"embeddable":true,"href":"https:\/\/now-news.de\/de\/wp-json\/wp\/v2\/users\/3"}],"replies":[{"embeddable":true,"href":"https:\/\/now-news.de\/de\/wp-json\/wp\/v2\/comments?post=75654"}],"version-history":[{"count":0,"href":"https:\/\/now-news.de\/de\/wp-json\/wp\/v2\/posts\/75654\/revisions"}],"wp:featuredmedia":[{"embeddable":true,"href":"https:\/\/now-news.de\/de\/wp-json\/wp\/v2\/media\/75655"}],"wp:attachment":[{"href":"https:\/\/now-news.de\/de\/wp-json\/wp\/v2\/media?parent=75654"}],"wp:term":[{"taxonomy":"category","embeddable":true,"href":"https:\/\/now-news.de\/de\/wp-json\/wp\/v2\/categories?post=75654"},{"taxonomy":"post_tag","embeddable":true,"href":"https:\/\/now-news.de\/de\/wp-json\/wp\/v2\/tags?post=75654"}],"curies":[{"name":"wp","href":"https:\/\/api.w.org\/{rel}","templated":true}]}}