{"id":75527,"date":"2024-12-30T14:17:33","date_gmt":"2024-12-30T12:17:33","guid":{"rendered":"https:\/\/now-news.de\/de\/deutschland\/goering-eckhardt-fordert-nach-neuer-correctiv-recherche-mal-wieder-zeitnahes-afd-verbotsverfahren\/"},"modified":"2024-12-30T14:17:33","modified_gmt":"2024-12-30T12:17:33","slug":"goering-eckhardt-fordert-nach-neuer-correctiv-recherche-mal-wieder-zeitnahes-afd-verbotsverfahren","status":"publish","type":"post","link":"https:\/\/now-news.de\/de\/deutschland\/goering-eckhardt-fordert-nach-neuer-correctiv-recherche-mal-wieder-zeitnahes-afd-verbotsverfahren\/","title":{"rendered":"G\u00f6ring-Eckhardt fordert nach neuer &quot;Correctiv-Recherche&quot; mal wieder zeitnahes AfD-Verbotsverfahren"},"content":{"rendered":"<p><img decoding=\"async\" src=\"https:\/\/now-news.de\/de\/wp-content\/uploads\/sites\/3\/2024\/12\/67725eabb480cc6db97370f9.jpg\" \/><\/p>\n<div class=\"Text-root Text-type_1 \">\n                Zwei AfD-Mitgliedern werden im Rahmen eines neuen &#8220;Correctiv&#8221;-Artikels Inhalte von Gastvortr\u00e4gen vorgeworfen. Die Veranstaltung wurde aus dem Umfeld der als rechtsextrem bezeichneten schweizerischen Gruppierung &#8220;Junge Tat&#8221; organisiert. Das Thema &#8220;Remigration&#8221; sorgt bei Gr\u00fcnen-Politikern f\u00fcr Schnappatmung und Verbotsforderungen.\n            <\/div>\n<p><\/p>\n<div class=\"Text-root Text-type_5 ArticleView-text ViewText-root \">\n<p>Der AfD-Bundestagsabgeordnete Roger Beckamp und die brandenburgische AfD-Landtagsabgeordnete Lena Kotr\u00e9 haben Mitte Dezember gemeinsam in der Schweiz jeweils Vortr\u00e4ge zum Thema Remigration gehalten. Die Veranstaltung wurde mitorganisiert von Mitgliedern der Schweizer Jugendorganisation &#8220;Junge Tat&#8221;. Erneut\u00a0versucht die &#8220;Correctiv&#8221;-Redaktion,\u00a0mit\u00a0einem aktuellen <a rel=\"nofollow noopener\" target=\"_blank\" href=\"https:\/\/correctiv.org\/aktuelles\/neue-rechte\/2024\/12\/27\/kein-geheimtreffen-gegen-deutschland\/\">Artikel<\/a>\u00a0zu der Veranstaltung die AfD als &#8220;rechtsextrem&#8221; und &#8220;demokratiegef\u00e4hrdend&#8221; zu brandmarken. Gr\u00fcnen-Politiker \u00fcbernehmen Inhalte der Reportage, um medial unterst\u00fctzt erneut ein Verbot der AfD einzufordern.<\/p>\n<p>Laut &#8220;Correctiv&#8221;-Artikel war die Veranstaltung nicht geheim, sondern wurde &#8220;\u00f6ffentlich beworben&#8221;, fand jedoch wenig \u00fcberraschend &#8220;unter strengen Sicherheitsvorkehrungen statt&#8221;. Zur vermeintlichen Brisanz des Beitrags wurde dramaturgisch erneut berichtet, dass ein &#8220;Correctiv&#8221;-Mitarbeiter &#8220;es schaffte, dabei zu sein.&#8221;<\/p>\n<p>Mitorganisator, und damit Beleg f\u00fcr die erforderliche Kontaktschuld der beiden AfD-Vortragsg\u00e4ste, war die Organisation &#8220;Junge Tat&#8221;, die laut Antwortschreiben der Bundesregierung\u00a0vom November 2023, auf eine\u00a0Kleine <a rel=\"nofollow noopener\" target=\"_blank\" href=\"https:\/\/dserver.bundestag.de\/btd\/20\/095\/2009511.pdf\">Anfrage<\/a> der Partei Die Linke, im Jahr &#8220;2020 aus verschiedenen rechtsextremen Vereinigungen in der Schweiz hervorgegangen ist.&#8221; Zudem wurden vermeintliche Mitglieder der in Deutschland <a rel=\"nofollow noopener\" target=\"_blank\" href=\"https:\/\/dserver.bundestag.de\/btd\/14\/064\/1406417.pdf\">verbotenen<\/a> &#8220;Blood-and-Honour&#8221;-Bewegung vor Ort als Anwesende gesichtet, die zudem eine &#8220;rechtsextreme Gesinnung&#8221; der beiden AfD-Mitglieder argumentativ best\u00e4tigen sollen.<\/p>\n<p>Zum unterstellten anr\u00fcchigen Inhalt der jeweiligen Vortr\u00e4ge hei\u00dft es in dem Artikel:<\/p>\n<p><em>&#8220;Beckamp und Kotr\u00e9 reden an dem Abend viel \u00fcber &#8216;Remigration&#8217;. Der Begriff ist ein Klassiker unter den v\u00f6lkisch-rassistischen Tarnbegriffen (\u2026) Beckamp empfiehlt jungen Aktivisten auch, sich mal in die Gro\u00df- oder Urgro\u00dfeltern einzuf\u00fchlen: Wen w\u00fcrden sie wohl heute denn w\u00e4hlen, wie w\u00fcrden sie heute auf unser Land blicken? Alles klassische Themen der Neonaziszene.&#8221;<\/em><\/p>\n<p>Der Artikel wurde am 27. Dezember auf der &#8220;Correctiv&#8221;-Webseite ver\u00f6ffentlicht. Drei Tage sp\u00e4ter <a rel=\"nofollow noopener\" target=\"_blank\" href=\"https:\/\/www.t-online.de\/nachrichten\/deutschland\/bundestagswahl\/id_100561892\/gruenen-politikerin-goering-eckardt-fordert-afd-verbotsverfahren.html\">hei\u00dft es <\/a>bei <em>T-Online:<\/em><\/p>\n<p><em>&#8220;Nach Medienberichten \u00fcber ein Treffen eines AfD-Politikers und einer AfD-Politikerin mit Rechtsextremisten in der Schweiz dringt Bundestagsvizepr\u00e4sidentin Katrin G\u00f6ring-Eckardt (Gr\u00fcne) auf die Einleitung eines Verbotsverfahrens gegen die AfD. Die Recherche zeige &#8216;erneut, wie gef\u00e4hrlich die AfD ist&#8217;, sagt sie den Zeitungen der Funke-Mediengruppe.&#8221;<\/em><\/p>\n<p>Die dem Springer-Verlag zugeh\u00f6rige <em>Welt<\/em>\u00a0<a rel=\"nofollow noopener\" target=\"_blank\" href=\"https:\/\/www.welt.de\/politik\/deutschland\/article254977094\/Bundestagswahl-2025-Gruenen-Politiker-draengen-auf-AfD-Verbotsverfahren.html\">erg\u00e4nzt<\/a>, dass zudem &#8220;auch der Gr\u00fcnen-Bundestagsabgeordnete Kassem Taher Saleh dazu aufrief, das Verbotsverfahren gegen die AfD zu forcieren.&#8221; Taher stellte demnach fest, &#8220;man d\u00fcrfe nicht l\u00e4nger damit warten.&#8221; G\u00f6ring-Eckhard wird mit den Worten zitiert:<\/p>\n<p><em>&#8220;Gemeinsam mit Neonazis wird offen aggressiv gegen die freiheitliche demokratische Grundordnung der Bundesrepublik agiert.&#8221;<\/em><\/p>\n<p>Weitere Schlagzeilen zu der erneuten Anti-AfD-Kampagne\u00a0der im \u00fcbrigen auch von ausl\u00e4ndischen Oligarchen finanzierten Plattform\u00a0&#8220;Correctiv&#8221; lauten:<\/p>\n<ul>\n<li><em><a rel=\"nofollow noopener\" target=\"_blank\" href=\"https:\/\/www.tagesschau.de\/inland\/innenpolitik\/afd-correktiv-recherche-potsdam-schweiz-100.html\">Tagesschau<\/a><\/em>: Neue Correctiv-Recherche \u2013 AfD-Politiker sollen sich mit Neonazis getroffen haben<\/li>\n<li><em><a rel=\"nofollow noopener\" target=\"_blank\" href=\"https:\/\/www.deutschlandfunk.de\/politiker-draengen-nach-neuem-correctiv-bericht-auf-einleitung-eines-afd-verbotsverfahren-100.html\">Deutschlandfunk<\/a><\/em>: Rechtsextremen-Treffen in der Schweiz \u2013 Politiker dr\u00e4ngen nach neuem Correctiv-Bericht auf Einleitung eines AfD-Verbotsverfahrens<\/li>\n<li><a rel=\"nofollow noopener\" target=\"_blank\" href=\"https:\/\/www.rbb24.de\/politik\/beitrag\/2024\/12\/brandenburg-schweiz-lena-kotre-afd-teilnahme-neonazi-treffen.html\"><em>RBB<\/em><\/a>: AfD-Abgeordnete Kotr\u00e9 best\u00e4tigt Teilnahme an Neonazi-Treffen<\/li>\n<\/ul>\n<p>Roger Beckamp <a rel=\"nofollow noopener\" target=\"_blank\" href=\"https:\/\/www1.wdr.de\/fernsehen\/aktuelle-stunde\/alle-videos\/aktuelle-stunde-clip-aktuelle-stunde--27-12-2024--100.html\">best\u00e4tigte<\/a> gegen\u00fcber dem <em>WDR<\/em> seine Teilnahme als geladener Redner (ab Min. 12:34). Zudem <a rel=\"nofollow noopener\" target=\"_blank\" href=\"https:\/\/www.youtube.com\/watch?v=Cv9iA4QZ5_s\">ver\u00f6ffentlichte<\/a> der Bundestagsabgeordnete seinen Vortrag am 28. Dezember auf YouTube. Lena Kotr\u00e9 \u00e4u\u00dferte sich im Rahmen eines X-Postings zu den medialen Vorw\u00fcrfen und der Veranstaltung, samt Inhalten ihres Vortrags. &#8220;Correctiv&#8221; habe etwas gefilmt, was die Teilnehmer selbst professionell aufgezeichnet h\u00e4tten und ungefiltert ins Netz stellen wollten, wie seitens ihres Parteikollegen bereits geschehen:<em><br \/><\/em><\/p>\n<div class=\"EmbedBlock-root EmbedBlock-twitter\">\n<div class=\"TwitterEmbed\">\n<blockquote class=\"twitter-tweet lazyload\" data-twitter=\"twitter-tweet\">\n<p lang=\"de\" dir=\"ltr\">CORRECTIV HAT GELOGEN (wieder einmal)Das vollst\u00e4ndige Statement von Lena Kotr\u00e9 zu den \u201eEnth\u00fcllungen\u201c, den illegalen Aufzeichnungen und der gescheiterten Medienkampagne von Correctiv \ud83d\udc47 <a rel=\"nofollow noopener\" target=\"_blank\" href=\"https:\/\/t.co\/SVAh89jCoB\">pic.twitter.com\/SVAh89jCoB<\/a><\/p>\n<p>\u2014 Lena Kotr\u00e9 (@KotreLena) <a rel=\"nofollow noopener\" target=\"_blank\" href=\"https:\/\/twitter.com\/KotreLena\/status\/1873356687349780753?ref_src=twsrc%5Etfw\">December 29, 2024<\/a><\/p><\/blockquote>\n<\/div>\n<\/div>\n<p>G\u00f6ring-Eckardt erkennt nun erneut laut Medienzitaten &#8220;gen\u00fcgend Anhaltspunkte daf\u00fcr, &#8216;dass die Partei mutma\u00dflich verfassungswidrig ist.'&#8221; Um dem &#8220;vom Grundgesetz vorgesehenen Schutz der Verfassung angemessen Rechnung zu tragen&#8221;, sollte deswegen laut Wahrnehmung der Gr\u00fcnen-Politikerin und Bundestagsvizepr\u00e4sidentin zeitnah &#8220;ein Verfahren zur Pr\u00fcfung der Verfassungsm\u00e4\u00dfigkeit der AfD eingeleitet werden.&#8221;<\/p>\n<p><strong>Mehr zum Thema &#8211;<\/strong>\u00a0<a rel=\"nofollow noopener\" target=\"_blank\" href=\"https:\/\/freedert.online\/meinung\/230991-buerokratie-normenkontrollrat-und-schleichende-entdemokratisierung\/\">B\u00fcrokratie, Normenkontrollrat und die schleichende Entdemokratisierung <\/a><\/p>\n<div class=\"EmbedBlock-root EmbedBlock-externalVideo EmbedBlock-rumble\">\n<div class=\"VkEmbed\"><iframe class=\"lazyload\" data-src=\"https:\/\/rumble.com\/embed\/v5xz9wb\" frameborder=\"0\" width=\"853\" height=\"480\" allowfullscreen><\/iframe><\/div>\n<\/div>\n<\/div>\n<p><script async src=\"https:\/\/platform.twitter.com\/widgets.js\" charset=\"utf-8\"><\/script><br \/>\n<br \/><br \/>\n<br \/><a href=\"https:\/\/de.rt.com\/inland\/231216-goering-eckhardt-fordert-nach-neuer\/\">Source link <\/a><\/p>\n","protected":false},"excerpt":{"rendered":"<p>Zwei AfD-Mitgliedern werden im Rahmen eines neuen &#8220;Correctiv&#8221;-Artikels Inhalte von Gastvortr\u00e4gen vorgeworfen. Die Veranstaltung wurde aus dem Umfeld der als rechtsextrem bezeichneten schweizerischen Gruppierung &#8220;Junge Tat&#8221; organisiert. Das Thema &#8220;Remigration&#8221; sorgt bei Gr\u00fcnen-Politikern f\u00fcr Schnappatmung und Verbotsforderungen. Der AfD-Bundestagsabgeordnete Roger Beckamp und die brandenburgische AfD-Landtagsabgeordnete Lena Kotr\u00e9 haben Mitte Dezember gemeinsam in der Schweiz jeweils [&hellip;]<\/p>\n","protected":false},"author":3,"featured_media":75528,"comment_status":"open","ping_status":"open","sticky":false,"template":"","format":"standard","meta":{"_yoast_indexnow_last_ping":["1735561532"],"wp_automatic_camp":["217"],"4538561a9aad43c32ea9c4f716b42481":["G\u00f6ring-Eckhardt fordert nach neuer &quot;Correctiv-Recherche&quot; mal wieder zeitnahes AfD-Verbotsverfahren"],"original_link":["https:\/\/de.rt.com\/inland\/231216-goering-eckhardt-fordert-nach-neuer\/"],"jnews_social_counter_last_update":["1777700897"],"_thumbnail_id":["75528"],"_wptgpro_p2tg_sent2tg":["a:1:{i:23737;s:19:\"2024-12-30 14:26:44\";}"]},"categories":[19,23],"tags":[59028,355,36581,1727,979,956,54278,904,61476],"yoast_head":"<!-- This site is optimized with the Yoast SEO Premium plugin v22.7 (Yoast SEO v22.7) - https:\/\/yoast.com\/wordpress\/plugins\/seo\/ -->\n<title>G\u00f6ring-Eckhardt fordert nach neuer &quot;Correctiv-Recherche&quot; mal wieder zeitnahes AfD-Verbotsverfahren - just-now.NEWS Deutschland<\/title>\n<meta name=\"robots\" content=\"index, follow, max-snippet:-1, max-image-preview:large, max-video-preview:-1\" \/>\n<link rel=\"canonical\" href=\"https:\/\/now-news.de\/de\/deutschland\/goering-eckhardt-fordert-nach-neuer-correctiv-recherche-mal-wieder-zeitnahes-afd-verbotsverfahren\/\" \/>\n<meta property=\"og:locale\" content=\"de_DE\" \/>\n<meta property=\"og:type\" content=\"article\" \/>\n<meta property=\"og:title\" content=\"G\u00f6ring-Eckhardt fordert nach neuer &quot;Correctiv-Recherche&quot; mal wieder zeitnahes AfD-Verbotsverfahren\" \/>\n<meta property=\"og:description\" content=\"Zwei AfD-Mitgliedern werden im Rahmen eines neuen &#8220;Correctiv&#8221;-Artikels Inhalte von Gastvortr\u00e4gen vorgeworfen. Die Veranstaltung wurde aus dem Umfeld der als rechtsextrem bezeichneten schweizerischen Gruppierung &#8220;Junge Tat&#8221; organisiert. Das Thema &#8220;Remigration&#8221; sorgt bei Gr\u00fcnen-Politikern f\u00fcr Schnappatmung und Verbotsforderungen. Der AfD-Bundestagsabgeordnete Roger Beckamp und die brandenburgische AfD-Landtagsabgeordnete Lena Kotr\u00e9 haben Mitte Dezember gemeinsam in der Schweiz jeweils [&hellip;]\" \/>\n<meta property=\"og:url\" content=\"https:\/\/now-news.de\/de\/deutschland\/goering-eckhardt-fordert-nach-neuer-correctiv-recherche-mal-wieder-zeitnahes-afd-verbotsverfahren\/\" \/>\n<meta property=\"og:site_name\" content=\"just-now.NEWS Deutschland\" \/>\n<meta property=\"article:publisher\" content=\"https:\/\/www.facebook.com\/wirmachenauf\" \/>\n<meta property=\"article:published_time\" content=\"2024-12-30T12:17:33+00:00\" \/>\n<meta property=\"og:image\" content=\"https:\/\/now-news.de\/de\/wp-content\/uploads\/sites\/3\/2024\/12\/67725eabb480cc6db97370f9.jpg\" \/>\n<meta name=\"author\" content=\"rtnews\" \/>\n<meta name=\"twitter:card\" content=\"summary_large_image\" \/>\n<meta name=\"twitter:creator\" content=\"@WirMachenAuf_de\" \/>\n<meta name=\"twitter:site\" content=\"@WirMachenAuf_de\" \/>\n<meta name=\"twitter:label1\" content=\"Verfasst von\" \/>\n\t<meta name=\"twitter:data1\" content=\"rtnews\" \/>\n\t<meta name=\"twitter:label2\" content=\"Gesch\u00e4tzte Lesezeit\" \/>\n\t<meta name=\"twitter:data2\" content=\"3\u00a0Minuten\" \/>\n<script type=\"application\/ld+json\" class=\"yoast-schema-graph\">{\"@context\":\"https:\/\/schema.org\",\"@graph\":[{\"@type\":\"Article\",\"@id\":\"https:\/\/now-news.de\/de\/deutschland\/goering-eckhardt-fordert-nach-neuer-correctiv-recherche-mal-wieder-zeitnahes-afd-verbotsverfahren\/#article\",\"isPartOf\":{\"@id\":\"https:\/\/now-news.de\/de\/deutschland\/goering-eckhardt-fordert-nach-neuer-correctiv-recherche-mal-wieder-zeitnahes-afd-verbotsverfahren\/\"},\"author\":{\"name\":\"rtnews\",\"@id\":\"https:\/\/now-news.de\/de\/#\/schema\/person\/fb534a4e865501d8b3285208df34a9b5\"},\"headline\":\"G\u00f6ring-Eckhardt fordert nach neuer &quot;Correctiv-Recherche&quot; mal wieder zeitnahes AfD-Verbotsverfahren\",\"datePublished\":\"2024-12-30T12:17:33+00:00\",\"dateModified\":\"2024-12-30T12:17:33+00:00\",\"mainEntityOfPage\":{\"@id\":\"https:\/\/now-news.de\/de\/deutschland\/goering-eckhardt-fordert-nach-neuer-correctiv-recherche-mal-wieder-zeitnahes-afd-verbotsverfahren\/\"},\"wordCount\":658,\"commentCount\":0,\"publisher\":{\"@id\":\"https:\/\/now-news.de\/de\/#organization\"},\"image\":{\"@id\":\"https:\/\/now-news.de\/de\/deutschland\/goering-eckhardt-fordert-nach-neuer-correctiv-recherche-mal-wieder-zeitnahes-afd-verbotsverfahren\/#primaryimage\"},\"thumbnailUrl\":\"https:\/\/now-news.de\/de\/wp-content\/uploads\/sites\/3\/2024\/12\/Goering-Eckhardt-fordert-nach-neuer-quotCorrectiv-Recherchequot-mal-wieder-zeitnahes-AfD-Verbotsverfahren.jpg\",\"keywords\":[\"AfDVerbotsverfahren\",\"fordert\",\"G\u00f6ringEckhardt\",\"Mal\",\"nach\",\"Neuer\",\"quotCorrectivRecherchequot\",\"wieder\",\"zeitnahes\"],\"articleSection\":[\"Deutschland\",\"Russland\"],\"inLanguage\":\"de\",\"potentialAction\":[{\"@type\":\"CommentAction\",\"name\":\"Comment\",\"target\":[\"https:\/\/now-news.de\/de\/deutschland\/goering-eckhardt-fordert-nach-neuer-correctiv-recherche-mal-wieder-zeitnahes-afd-verbotsverfahren\/#respond\"]}]},{\"@type\":\"WebPage\",\"@id\":\"https:\/\/now-news.de\/de\/deutschland\/goering-eckhardt-fordert-nach-neuer-correctiv-recherche-mal-wieder-zeitnahes-afd-verbotsverfahren\/\",\"url\":\"https:\/\/now-news.de\/de\/deutschland\/goering-eckhardt-fordert-nach-neuer-correctiv-recherche-mal-wieder-zeitnahes-afd-verbotsverfahren\/\",\"name\":\"G\u00f6ring-Eckhardt fordert nach neuer &quot;Correctiv-Recherche&quot; mal wieder zeitnahes AfD-Verbotsverfahren - just-now.NEWS Deutschland\",\"isPartOf\":{\"@id\":\"https:\/\/now-news.de\/de\/#website\"},\"primaryImageOfPage\":{\"@id\":\"https:\/\/now-news.de\/de\/deutschland\/goering-eckhardt-fordert-nach-neuer-correctiv-recherche-mal-wieder-zeitnahes-afd-verbotsverfahren\/#primaryimage\"},\"image\":{\"@id\":\"https:\/\/now-news.de\/de\/deutschland\/goering-eckhardt-fordert-nach-neuer-correctiv-recherche-mal-wieder-zeitnahes-afd-verbotsverfahren\/#primaryimage\"},\"thumbnailUrl\":\"https:\/\/now-news.de\/de\/wp-content\/uploads\/sites\/3\/2024\/12\/Goering-Eckhardt-fordert-nach-neuer-quotCorrectiv-Recherchequot-mal-wieder-zeitnahes-AfD-Verbotsverfahren.jpg\",\"datePublished\":\"2024-12-30T12:17:33+00:00\",\"dateModified\":\"2024-12-30T12:17:33+00:00\",\"breadcrumb\":{\"@id\":\"https:\/\/now-news.de\/de\/deutschland\/goering-eckhardt-fordert-nach-neuer-correctiv-recherche-mal-wieder-zeitnahes-afd-verbotsverfahren\/#breadcrumb\"},\"inLanguage\":\"de\",\"potentialAction\":[{\"@type\":\"ReadAction\",\"target\":[\"https:\/\/now-news.de\/de\/deutschland\/goering-eckhardt-fordert-nach-neuer-correctiv-recherche-mal-wieder-zeitnahes-afd-verbotsverfahren\/\"]}]},{\"@type\":\"ImageObject\",\"inLanguage\":\"de\",\"@id\":\"https:\/\/now-news.de\/de\/deutschland\/goering-eckhardt-fordert-nach-neuer-correctiv-recherche-mal-wieder-zeitnahes-afd-verbotsverfahren\/#primaryimage\",\"url\":\"https:\/\/now-news.de\/de\/wp-content\/uploads\/sites\/3\/2024\/12\/Goering-Eckhardt-fordert-nach-neuer-quotCorrectiv-Recherchequot-mal-wieder-zeitnahes-AfD-Verbotsverfahren.jpg\",\"contentUrl\":\"https:\/\/now-news.de\/de\/wp-content\/uploads\/sites\/3\/2024\/12\/Goering-Eckhardt-fordert-nach-neuer-quotCorrectiv-Recherchequot-mal-wieder-zeitnahes-AfD-Verbotsverfahren.jpg\",\"width\":460,\"height\":259,\"caption\":\"G\u00f6ring-Eckhardt fordert nach neuer &quot;Correctiv-Recherche&quot; mal wieder zeitnahes AfD-Verbotsverfahren\"},{\"@type\":\"BreadcrumbList\",\"@id\":\"https:\/\/now-news.de\/de\/deutschland\/goering-eckhardt-fordert-nach-neuer-correctiv-recherche-mal-wieder-zeitnahes-afd-verbotsverfahren\/#breadcrumb\",\"itemListElement\":[{\"@type\":\"ListItem\",\"position\":1,\"name\":\"Home\",\"item\":\"https:\/\/now-news.de\/de\/\"},{\"@type\":\"ListItem\",\"position\":2,\"name\":\"G\u00f6ring-Eckhardt fordert nach neuer &quot;Correctiv-Recherche&quot; mal wieder zeitnahes AfD-Verbotsverfahren\"}]},{\"@type\":\"WebSite\",\"@id\":\"https:\/\/now-news.de\/de\/#website\",\"url\":\"https:\/\/now-news.de\/de\/\",\"name\":\"just-now.NEWS Deutschland\",\"description\":\"Das Portal f\u00fcr unzensierte Nachrichten aus der Welt\",\"publisher\":{\"@id\":\"https:\/\/now-news.de\/de\/#organization\"},\"potentialAction\":[{\"@type\":\"SearchAction\",\"target\":{\"@type\":\"EntryPoint\",\"urlTemplate\":\"https:\/\/now-news.de\/de\/?s={search_term_string}\"},\"query-input\":\"required name=search_term_string\"}],\"inLanguage\":\"de\"},{\"@type\":\"Organization\",\"@id\":\"https:\/\/now-news.de\/de\/#organization\",\"name\":\"Just Now News\",\"url\":\"https:\/\/now-news.de\/de\/\",\"logo\":{\"@type\":\"ImageObject\",\"inLanguage\":\"de\",\"@id\":\"https:\/\/now-news.de\/de\/#\/schema\/logo\/image\/\",\"url\":\"http:\/\/just-now.news\/de\/wp-content\/uploads\/sites\/3\/2022\/04\/logo500x500.jpg\",\"contentUrl\":\"http:\/\/just-now.news\/de\/wp-content\/uploads\/sites\/3\/2022\/04\/logo500x500.jpg\",\"width\":500,\"height\":500,\"caption\":\"Just Now News\"},\"image\":{\"@id\":\"https:\/\/now-news.de\/de\/#\/schema\/logo\/image\/\"},\"sameAs\":[\"https:\/\/www.facebook.com\/wirmachenauf\",\"https:\/\/x.com\/WirMachenAuf_de\"]},{\"@type\":\"Person\",\"@id\":\"https:\/\/now-news.de\/de\/#\/schema\/person\/fb534a4e865501d8b3285208df34a9b5\",\"name\":\"rtnews\",\"image\":{\"@type\":\"ImageObject\",\"inLanguage\":\"de\",\"@id\":\"https:\/\/now-news.de\/de\/#\/schema\/person\/image\/\",\"url\":\"https:\/\/secure.gravatar.com\/avatar\/82aafea7d8127119dd649515f56e2117?s=96&d=mm&r=g\",\"contentUrl\":\"https:\/\/secure.gravatar.com\/avatar\/82aafea7d8127119dd649515f56e2117?s=96&d=mm&r=g\",\"caption\":\"rtnews\"},\"url\":\"https:\/\/now-news.de\/de\/author\/rnews\/\"}]}<\/script>\n<!-- \/ Yoast SEO Premium plugin. -->","yoast_head_json":{"title":"G\u00f6ring-Eckhardt fordert nach neuer &quot;Correctiv-Recherche&quot; mal wieder zeitnahes AfD-Verbotsverfahren - just-now.NEWS Deutschland","robots":{"index":"index","follow":"follow","max-snippet":"max-snippet:-1","max-image-preview":"max-image-preview:large","max-video-preview":"max-video-preview:-1"},"canonical":"https:\/\/now-news.de\/de\/deutschland\/goering-eckhardt-fordert-nach-neuer-correctiv-recherche-mal-wieder-zeitnahes-afd-verbotsverfahren\/","og_locale":"de_DE","og_type":"article","og_title":"G\u00f6ring-Eckhardt fordert nach neuer &quot;Correctiv-Recherche&quot; mal wieder zeitnahes AfD-Verbotsverfahren","og_description":"Zwei AfD-Mitgliedern werden im Rahmen eines neuen &#8220;Correctiv&#8221;-Artikels Inhalte von Gastvortr\u00e4gen vorgeworfen. Die Veranstaltung wurde aus dem Umfeld der als rechtsextrem bezeichneten schweizerischen Gruppierung &#8220;Junge Tat&#8221; organisiert. Das Thema &#8220;Remigration&#8221; sorgt bei Gr\u00fcnen-Politikern f\u00fcr Schnappatmung und Verbotsforderungen. Der AfD-Bundestagsabgeordnete Roger Beckamp und die brandenburgische AfD-Landtagsabgeordnete Lena Kotr\u00e9 haben Mitte Dezember gemeinsam in der Schweiz jeweils [&hellip;]","og_url":"https:\/\/now-news.de\/de\/deutschland\/goering-eckhardt-fordert-nach-neuer-correctiv-recherche-mal-wieder-zeitnahes-afd-verbotsverfahren\/","og_site_name":"just-now.NEWS Deutschland","article_publisher":"https:\/\/www.facebook.com\/wirmachenauf","article_published_time":"2024-12-30T12:17:33+00:00","og_image":[{"url":"https:\/\/now-news.de\/de\/wp-content\/uploads\/sites\/3\/2024\/12\/67725eabb480cc6db97370f9.jpg"}],"author":"rtnews","twitter_card":"summary_large_image","twitter_creator":"@WirMachenAuf_de","twitter_site":"@WirMachenAuf_de","twitter_misc":{"Verfasst von":"rtnews","Gesch\u00e4tzte Lesezeit":"3\u00a0Minuten"},"schema":{"@context":"https:\/\/schema.org","@graph":[{"@type":"Article","@id":"https:\/\/now-news.de\/de\/deutschland\/goering-eckhardt-fordert-nach-neuer-correctiv-recherche-mal-wieder-zeitnahes-afd-verbotsverfahren\/#article","isPartOf":{"@id":"https:\/\/now-news.de\/de\/deutschland\/goering-eckhardt-fordert-nach-neuer-correctiv-recherche-mal-wieder-zeitnahes-afd-verbotsverfahren\/"},"author":{"name":"rtnews","@id":"https:\/\/now-news.de\/de\/#\/schema\/person\/fb534a4e865501d8b3285208df34a9b5"},"headline":"G\u00f6ring-Eckhardt fordert nach neuer &quot;Correctiv-Recherche&quot; mal wieder zeitnahes AfD-Verbotsverfahren","datePublished":"2024-12-30T12:17:33+00:00","dateModified":"2024-12-30T12:17:33+00:00","mainEntityOfPage":{"@id":"https:\/\/now-news.de\/de\/deutschland\/goering-eckhardt-fordert-nach-neuer-correctiv-recherche-mal-wieder-zeitnahes-afd-verbotsverfahren\/"},"wordCount":658,"commentCount":0,"publisher":{"@id":"https:\/\/now-news.de\/de\/#organization"},"image":{"@id":"https:\/\/now-news.de\/de\/deutschland\/goering-eckhardt-fordert-nach-neuer-correctiv-recherche-mal-wieder-zeitnahes-afd-verbotsverfahren\/#primaryimage"},"thumbnailUrl":"https:\/\/now-news.de\/de\/wp-content\/uploads\/sites\/3\/2024\/12\/Goering-Eckhardt-fordert-nach-neuer-quotCorrectiv-Recherchequot-mal-wieder-zeitnahes-AfD-Verbotsverfahren.jpg","keywords":["AfDVerbotsverfahren","fordert","G\u00f6ringEckhardt","Mal","nach","Neuer","quotCorrectivRecherchequot","wieder","zeitnahes"],"articleSection":["Deutschland","Russland"],"inLanguage":"de","potentialAction":[{"@type":"CommentAction","name":"Comment","target":["https:\/\/now-news.de\/de\/deutschland\/goering-eckhardt-fordert-nach-neuer-correctiv-recherche-mal-wieder-zeitnahes-afd-verbotsverfahren\/#respond"]}]},{"@type":"WebPage","@id":"https:\/\/now-news.de\/de\/deutschland\/goering-eckhardt-fordert-nach-neuer-correctiv-recherche-mal-wieder-zeitnahes-afd-verbotsverfahren\/","url":"https:\/\/now-news.de\/de\/deutschland\/goering-eckhardt-fordert-nach-neuer-correctiv-recherche-mal-wieder-zeitnahes-afd-verbotsverfahren\/","name":"G\u00f6ring-Eckhardt fordert nach neuer &quot;Correctiv-Recherche&quot; mal wieder zeitnahes AfD-Verbotsverfahren - just-now.NEWS Deutschland","isPartOf":{"@id":"https:\/\/now-news.de\/de\/#website"},"primaryImageOfPage":{"@id":"https:\/\/now-news.de\/de\/deutschland\/goering-eckhardt-fordert-nach-neuer-correctiv-recherche-mal-wieder-zeitnahes-afd-verbotsverfahren\/#primaryimage"},"image":{"@id":"https:\/\/now-news.de\/de\/deutschland\/goering-eckhardt-fordert-nach-neuer-correctiv-recherche-mal-wieder-zeitnahes-afd-verbotsverfahren\/#primaryimage"},"thumbnailUrl":"https:\/\/now-news.de\/de\/wp-content\/uploads\/sites\/3\/2024\/12\/Goering-Eckhardt-fordert-nach-neuer-quotCorrectiv-Recherchequot-mal-wieder-zeitnahes-AfD-Verbotsverfahren.jpg","datePublished":"2024-12-30T12:17:33+00:00","dateModified":"2024-12-30T12:17:33+00:00","breadcrumb":{"@id":"https:\/\/now-news.de\/de\/deutschland\/goering-eckhardt-fordert-nach-neuer-correctiv-recherche-mal-wieder-zeitnahes-afd-verbotsverfahren\/#breadcrumb"},"inLanguage":"de","potentialAction":[{"@type":"ReadAction","target":["https:\/\/now-news.de\/de\/deutschland\/goering-eckhardt-fordert-nach-neuer-correctiv-recherche-mal-wieder-zeitnahes-afd-verbotsverfahren\/"]}]},{"@type":"ImageObject","inLanguage":"de","@id":"https:\/\/now-news.de\/de\/deutschland\/goering-eckhardt-fordert-nach-neuer-correctiv-recherche-mal-wieder-zeitnahes-afd-verbotsverfahren\/#primaryimage","url":"https:\/\/now-news.de\/de\/wp-content\/uploads\/sites\/3\/2024\/12\/Goering-Eckhardt-fordert-nach-neuer-quotCorrectiv-Recherchequot-mal-wieder-zeitnahes-AfD-Verbotsverfahren.jpg","contentUrl":"https:\/\/now-news.de\/de\/wp-content\/uploads\/sites\/3\/2024\/12\/Goering-Eckhardt-fordert-nach-neuer-quotCorrectiv-Recherchequot-mal-wieder-zeitnahes-AfD-Verbotsverfahren.jpg","width":460,"height":259,"caption":"G\u00f6ring-Eckhardt fordert nach neuer &quot;Correctiv-Recherche&quot; mal wieder zeitnahes AfD-Verbotsverfahren"},{"@type":"BreadcrumbList","@id":"https:\/\/now-news.de\/de\/deutschland\/goering-eckhardt-fordert-nach-neuer-correctiv-recherche-mal-wieder-zeitnahes-afd-verbotsverfahren\/#breadcrumb","itemListElement":[{"@type":"ListItem","position":1,"name":"Home","item":"https:\/\/now-news.de\/de\/"},{"@type":"ListItem","position":2,"name":"G\u00f6ring-Eckhardt fordert nach neuer &quot;Correctiv-Recherche&quot; mal wieder zeitnahes AfD-Verbotsverfahren"}]},{"@type":"WebSite","@id":"https:\/\/now-news.de\/de\/#website","url":"https:\/\/now-news.de\/de\/","name":"just-now.NEWS Deutschland","description":"Das Portal f\u00fcr unzensierte Nachrichten aus der Welt","publisher":{"@id":"https:\/\/now-news.de\/de\/#organization"},"potentialAction":[{"@type":"SearchAction","target":{"@type":"EntryPoint","urlTemplate":"https:\/\/now-news.de\/de\/?s={search_term_string}"},"query-input":"required name=search_term_string"}],"inLanguage":"de"},{"@type":"Organization","@id":"https:\/\/now-news.de\/de\/#organization","name":"Just Now News","url":"https:\/\/now-news.de\/de\/","logo":{"@type":"ImageObject","inLanguage":"de","@id":"https:\/\/now-news.de\/de\/#\/schema\/logo\/image\/","url":"http:\/\/just-now.news\/de\/wp-content\/uploads\/sites\/3\/2022\/04\/logo500x500.jpg","contentUrl":"http:\/\/just-now.news\/de\/wp-content\/uploads\/sites\/3\/2022\/04\/logo500x500.jpg","width":500,"height":500,"caption":"Just Now News"},"image":{"@id":"https:\/\/now-news.de\/de\/#\/schema\/logo\/image\/"},"sameAs":["https:\/\/www.facebook.com\/wirmachenauf","https:\/\/x.com\/WirMachenAuf_de"]},{"@type":"Person","@id":"https:\/\/now-news.de\/de\/#\/schema\/person\/fb534a4e865501d8b3285208df34a9b5","name":"rtnews","image":{"@type":"ImageObject","inLanguage":"de","@id":"https:\/\/now-news.de\/de\/#\/schema\/person\/image\/","url":"https:\/\/secure.gravatar.com\/avatar\/82aafea7d8127119dd649515f56e2117?s=96&d=mm&r=g","contentUrl":"https:\/\/secure.gravatar.com\/avatar\/82aafea7d8127119dd649515f56e2117?s=96&d=mm&r=g","caption":"rtnews"},"url":"https:\/\/now-news.de\/de\/author\/rnews\/"}]}},"_links":{"self":[{"href":"https:\/\/now-news.de\/de\/wp-json\/wp\/v2\/posts\/75527"}],"collection":[{"href":"https:\/\/now-news.de\/de\/wp-json\/wp\/v2\/posts"}],"about":[{"href":"https:\/\/now-news.de\/de\/wp-json\/wp\/v2\/types\/post"}],"author":[{"embeddable":true,"href":"https:\/\/now-news.de\/de\/wp-json\/wp\/v2\/users\/3"}],"replies":[{"embeddable":true,"href":"https:\/\/now-news.de\/de\/wp-json\/wp\/v2\/comments?post=75527"}],"version-history":[{"count":0,"href":"https:\/\/now-news.de\/de\/wp-json\/wp\/v2\/posts\/75527\/revisions"}],"wp:featuredmedia":[{"embeddable":true,"href":"https:\/\/now-news.de\/de\/wp-json\/wp\/v2\/media\/75528"}],"wp:attachment":[{"href":"https:\/\/now-news.de\/de\/wp-json\/wp\/v2\/media?parent=75527"}],"wp:term":[{"taxonomy":"category","embeddable":true,"href":"https:\/\/now-news.de\/de\/wp-json\/wp\/v2\/categories?post=75527"},{"taxonomy":"post_tag","embeddable":true,"href":"https:\/\/now-news.de\/de\/wp-json\/wp\/v2\/tags?post=75527"}],"curies":[{"name":"wp","href":"https:\/\/api.w.org\/{rel}","templated":true}]}}