{"id":75521,"date":"2024-12-30T12:48:11","date_gmt":"2024-12-30T10:48:11","guid":{"rendered":"https:\/\/now-news.de\/de\/deutschland\/praesidentschaftswahl-in-kroatien-erster-wahlgang-ohne-entscheidung\/"},"modified":"2024-12-30T12:48:11","modified_gmt":"2024-12-30T10:48:11","slug":"praesidentschaftswahl-in-kroatien-erster-wahlgang-ohne-entscheidung","status":"publish","type":"post","link":"https:\/\/now-news.de\/de\/deutschland\/praesidentschaftswahl-in-kroatien-erster-wahlgang-ohne-entscheidung\/","title":{"rendered":"Pr\u00e4sidentschaftswahl in Kroatien: Erster Wahlgang ohne Entscheidung"},"content":{"rendered":"<p><img decoding=\"async\" src=\"https:\/\/now-news.de\/de\/wp-content\/uploads\/sites\/3\/2024\/12\/6772748cb480cc26035e04b3.jpg\" \/><\/p>\n<div class=\"Text-root Text-type_1 \">\n                In Kroatien konnte nach dem ersten Wahlgang kein Pr\u00e4sident benannt werden. In der zweiten Runde stehen sich der amtierende Pr\u00e4sident Zoran Milanovi\u0107, der die Hilfe f\u00fcr die Ukraine kritisiert, und der ehemalige Bildungsminister Dragan Primorac von den Konservativen gegen\u00fcber.\n            <\/div>\n<p><\/p>\n<div class=\"Text-root Text-type_5 ArticleView-text ViewText-root \">\n<p>Die Kroaten konnten im ersten Wahlgang keinen Pr\u00e4sidenten bestimmen, wie die staatliche Wahlkommission nach der Ausz\u00e4hlung von 99,91 Prozent der Stimmzettel mitteilte. Kein Kandidat erhielt\u00a0\u00fcber 50 Prozent der Stimmen, die jedoch erforderlich sind, um den ersten Wahlgang zu gewinnen.<\/p>\n<p>Zoran Milanovi\u0107, der amtierende Pr\u00e4sident, der f\u00fcr seine Kritik an der Hilfe f\u00fcr die Ukraine bekannt ist, erhielt 49,1 Prozent der Stimmen. Er trat als unabh\u00e4ngiger Kandidat an, wird aber von einem Mitte-Links-B\u00fcndnis unter F\u00fchrung der &#8220;Partidul Social Democrat&#8221; (Sozialdemokratische Partei, kurz PSD) unterst\u00fctzt. Sein Hauptkonkurrent, der ehemalige Bildungsminister Dragan Primorac, erhielt 19,35 Prozent der Stimmen. Die beiden Kandidaten gehen in die zweite Runde, die am 12. Januar abgehalten wird. Insgesamt nahmen acht Kandidaten an der Wahl teil. Die anderen erreichten 9 Prozent oder weniger. Die Wahlbeteiligung lag bei 46,02 Prozent.<\/p>\n<p>Milanovi\u0107 bedankte sich bei seinen Anh\u00e4ngern und f\u00fcgte hinzu, dass dies &#8220;nur die erste Runde&#8221; sei. Der Politiker betonte:<\/p>\n<blockquote>\n<p><em>&#8220;Lasst uns nicht triumphieren, sondern realistisch sein und fest auf unseren F\u00fc\u00dfen stehen [&#8230;] wir m\u00fcssen wieder und wieder k\u00e4mpfen. Noch nichts ist vorbei.&#8221;<\/em><\/p>\n<\/blockquote>\n<p>Umfragen hatten zuvor ergeben, dass Milanovi\u0107 in der ersten Runde nicht mehr als 37 Prozent erhalten w\u00fcrde. Die Zeitschrift <em>Dnevnik<\/em> bezeichnete das eigentliche Ergebnis als &#8220;schweren R\u00fcckschlag&#8221; f\u00fcr Premierminister Andrej Plenkovi\u0107 von der &#8220;Hrvatska demokratska zajednica&#8221; (Kroatische Demokratische Gemeinschaft, kurz HDZ).<\/p>\n<p>Milanovi\u0107 geriet in den Jahren seiner Pr\u00e4sidentschaft in au\u00dfen- und staatspolitischen Fragen immer wieder mit dem Premierminister aneinander und kritisierte die Europ\u00e4ische Union und die NATO scharf f\u00fcr ihre Unterst\u00fctzung der Ukraine, wie <em>Reuters<\/em> anmerkt. Der Pr\u00e4sident selbst wurde von prowestlichen Politikern wegen der prorussischen Haltung im milit\u00e4rischen Konflikt zwischen Moskau und Kiew kritisiert.<\/p>\n<p><strong>Mehr zum Thema<\/strong> \u2013 <a rel=\"nofollow noopener\" target=\"_blank\" href=\"https:\/\/freedert.online\/international\/224937-kroatiens-premier-praesident-und-anhaenger-putins-pudel-wegen-ukraine-haltung\/\">&#8220;Putins Pudel&#8221; \u2013 Kroatiens Premier attackiert Opposition f\u00fcr Haltung in Ukraine-Krieg<\/a><\/p>\n<div class=\"EmbedBlock-root EmbedBlock-externalVideo EmbedBlock-rumble\">\n<div class=\"VkEmbed\"><iframe class=\"lazyload\" data-src=\"https:\/\/rumble.com\/embed\/v5zb0b8\" frameborder=\"0\" width=\"853\" height=\"480\" allowfullscreen><\/iframe><\/div>\n<\/div>\n<\/div>\n<p><br \/>\n<br \/><a href=\"https:\/\/de.rt.com\/europa\/231223-praesidentschaftswahl-in-kroatien-erster-wahlgang\/\">Source link <\/a><\/p>\n","protected":false},"excerpt":{"rendered":"<p>In Kroatien konnte nach dem ersten Wahlgang kein Pr\u00e4sident benannt werden. In der zweiten Runde stehen sich der amtierende Pr\u00e4sident Zoran Milanovi\u0107, der die Hilfe f\u00fcr die Ukraine kritisiert, und der ehemalige Bildungsminister Dragan Primorac von den Konservativen gegen\u00fcber. Die Kroaten konnten im ersten Wahlgang keinen Pr\u00e4sidenten bestimmen, wie die staatliche Wahlkommission nach der Ausz\u00e4hlung [&hellip;]<\/p>\n","protected":false},"author":3,"featured_media":75522,"comment_status":"open","ping_status":"open","sticky":false,"template":"","format":"standard","meta":{"_yoast_indexnow_last_ping":["1735555713"],"wp_automatic_camp":["217"],"570372ecd478f74db081eff1481c2128":["Pr\u00e4sidentschaftswahl in Kroatien: Erster Wahlgang ohne Entscheidung"],"original_link":["https:\/\/de.rt.com\/europa\/231223-praesidentschaftswahl-in-kroatien-erster-wahlgang\/"],"jnews_social_counter_last_update":["1777804926"],"_thumbnail_id":["75522"],"_wptgpro_p2tg_sent2tg":["a:1:{i:23737;s:19:\"2024-12-30 12:49:36\";}"]},"categories":[19,23],"tags":[5553,11409,11591,779,8762,34090],"yoast_head":"<!-- This site is optimized with the Yoast SEO Premium plugin v22.7 (Yoast SEO v22.7) - https:\/\/yoast.com\/wordpress\/plugins\/seo\/ -->\n<title>Pr\u00e4sidentschaftswahl in Kroatien: Erster Wahlgang ohne Entscheidung - just-now.NEWS Deutschland<\/title>\n<meta name=\"robots\" content=\"index, follow, max-snippet:-1, max-image-preview:large, max-video-preview:-1\" \/>\n<link rel=\"canonical\" href=\"https:\/\/now-news.de\/de\/deutschland\/praesidentschaftswahl-in-kroatien-erster-wahlgang-ohne-entscheidung\/\" \/>\n<meta property=\"og:locale\" content=\"de_DE\" \/>\n<meta property=\"og:type\" content=\"article\" \/>\n<meta property=\"og:title\" content=\"Pr\u00e4sidentschaftswahl in Kroatien: Erster Wahlgang ohne Entscheidung\" \/>\n<meta property=\"og:description\" content=\"In Kroatien konnte nach dem ersten Wahlgang kein Pr\u00e4sident benannt werden. In der zweiten Runde stehen sich der amtierende Pr\u00e4sident Zoran Milanovi\u0107, der die Hilfe f\u00fcr die Ukraine kritisiert, und der ehemalige Bildungsminister Dragan Primorac von den Konservativen gegen\u00fcber. Die Kroaten konnten im ersten Wahlgang keinen Pr\u00e4sidenten bestimmen, wie die staatliche Wahlkommission nach der Ausz\u00e4hlung [&hellip;]\" \/>\n<meta property=\"og:url\" content=\"https:\/\/now-news.de\/de\/deutschland\/praesidentschaftswahl-in-kroatien-erster-wahlgang-ohne-entscheidung\/\" \/>\n<meta property=\"og:site_name\" content=\"just-now.NEWS Deutschland\" \/>\n<meta property=\"article:publisher\" content=\"https:\/\/www.facebook.com\/wirmachenauf\" \/>\n<meta property=\"article:published_time\" content=\"2024-12-30T10:48:11+00:00\" \/>\n<meta property=\"og:image\" content=\"https:\/\/now-news.de\/de\/wp-content\/uploads\/sites\/3\/2024\/12\/6772748cb480cc26035e04b3.jpg\" \/>\n<meta name=\"author\" content=\"rtnews\" \/>\n<meta name=\"twitter:card\" content=\"summary_large_image\" \/>\n<meta name=\"twitter:creator\" content=\"@WirMachenAuf_de\" \/>\n<meta name=\"twitter:site\" content=\"@WirMachenAuf_de\" \/>\n<meta name=\"twitter:label1\" content=\"Verfasst von\" \/>\n\t<meta name=\"twitter:data1\" content=\"rtnews\" \/>\n\t<meta name=\"twitter:label2\" content=\"Gesch\u00e4tzte Lesezeit\" \/>\n\t<meta name=\"twitter:data2\" content=\"2\u00a0Minuten\" \/>\n<script type=\"application\/ld+json\" class=\"yoast-schema-graph\">{\"@context\":\"https:\/\/schema.org\",\"@graph\":[{\"@type\":\"Article\",\"@id\":\"https:\/\/now-news.de\/de\/deutschland\/praesidentschaftswahl-in-kroatien-erster-wahlgang-ohne-entscheidung\/#article\",\"isPartOf\":{\"@id\":\"https:\/\/now-news.de\/de\/deutschland\/praesidentschaftswahl-in-kroatien-erster-wahlgang-ohne-entscheidung\/\"},\"author\":{\"name\":\"rtnews\",\"@id\":\"https:\/\/now-news.de\/de\/#\/schema\/person\/fb534a4e865501d8b3285208df34a9b5\"},\"headline\":\"Pr\u00e4sidentschaftswahl in Kroatien: Erster Wahlgang ohne Entscheidung\",\"datePublished\":\"2024-12-30T10:48:11+00:00\",\"dateModified\":\"2024-12-30T10:48:11+00:00\",\"mainEntityOfPage\":{\"@id\":\"https:\/\/now-news.de\/de\/deutschland\/praesidentschaftswahl-in-kroatien-erster-wahlgang-ohne-entscheidung\/\"},\"wordCount\":352,\"commentCount\":0,\"publisher\":{\"@id\":\"https:\/\/now-news.de\/de\/#organization\"},\"image\":{\"@id\":\"https:\/\/now-news.de\/de\/deutschland\/praesidentschaftswahl-in-kroatien-erster-wahlgang-ohne-entscheidung\/#primaryimage\"},\"thumbnailUrl\":\"https:\/\/now-news.de\/de\/wp-content\/uploads\/sites\/3\/2024\/12\/Praesidentschaftswahl-in-Kroatien-Erster-Wahlgang-ohne-Entscheidung.jpg\",\"keywords\":[\"Entscheidung\",\"Erster\",\"Kroatien\",\"ohne\",\"Pr\u00e4sidentschaftswahl\",\"Wahlgang\"],\"articleSection\":[\"Deutschland\",\"Russland\"],\"inLanguage\":\"de\",\"potentialAction\":[{\"@type\":\"CommentAction\",\"name\":\"Comment\",\"target\":[\"https:\/\/now-news.de\/de\/deutschland\/praesidentschaftswahl-in-kroatien-erster-wahlgang-ohne-entscheidung\/#respond\"]}]},{\"@type\":\"WebPage\",\"@id\":\"https:\/\/now-news.de\/de\/deutschland\/praesidentschaftswahl-in-kroatien-erster-wahlgang-ohne-entscheidung\/\",\"url\":\"https:\/\/now-news.de\/de\/deutschland\/praesidentschaftswahl-in-kroatien-erster-wahlgang-ohne-entscheidung\/\",\"name\":\"Pr\u00e4sidentschaftswahl in Kroatien: Erster Wahlgang ohne Entscheidung - just-now.NEWS Deutschland\",\"isPartOf\":{\"@id\":\"https:\/\/now-news.de\/de\/#website\"},\"primaryImageOfPage\":{\"@id\":\"https:\/\/now-news.de\/de\/deutschland\/praesidentschaftswahl-in-kroatien-erster-wahlgang-ohne-entscheidung\/#primaryimage\"},\"image\":{\"@id\":\"https:\/\/now-news.de\/de\/deutschland\/praesidentschaftswahl-in-kroatien-erster-wahlgang-ohne-entscheidung\/#primaryimage\"},\"thumbnailUrl\":\"https:\/\/now-news.de\/de\/wp-content\/uploads\/sites\/3\/2024\/12\/Praesidentschaftswahl-in-Kroatien-Erster-Wahlgang-ohne-Entscheidung.jpg\",\"datePublished\":\"2024-12-30T10:48:11+00:00\",\"dateModified\":\"2024-12-30T10:48:11+00:00\",\"breadcrumb\":{\"@id\":\"https:\/\/now-news.de\/de\/deutschland\/praesidentschaftswahl-in-kroatien-erster-wahlgang-ohne-entscheidung\/#breadcrumb\"},\"inLanguage\":\"de\",\"potentialAction\":[{\"@type\":\"ReadAction\",\"target\":[\"https:\/\/now-news.de\/de\/deutschland\/praesidentschaftswahl-in-kroatien-erster-wahlgang-ohne-entscheidung\/\"]}]},{\"@type\":\"ImageObject\",\"inLanguage\":\"de\",\"@id\":\"https:\/\/now-news.de\/de\/deutschland\/praesidentschaftswahl-in-kroatien-erster-wahlgang-ohne-entscheidung\/#primaryimage\",\"url\":\"https:\/\/now-news.de\/de\/wp-content\/uploads\/sites\/3\/2024\/12\/Praesidentschaftswahl-in-Kroatien-Erster-Wahlgang-ohne-Entscheidung.jpg\",\"contentUrl\":\"https:\/\/now-news.de\/de\/wp-content\/uploads\/sites\/3\/2024\/12\/Praesidentschaftswahl-in-Kroatien-Erster-Wahlgang-ohne-Entscheidung.jpg\",\"width\":460,\"height\":259,\"caption\":\"Pr\u00e4sidentschaftswahl in Kroatien: Erster Wahlgang ohne Entscheidung\"},{\"@type\":\"BreadcrumbList\",\"@id\":\"https:\/\/now-news.de\/de\/deutschland\/praesidentschaftswahl-in-kroatien-erster-wahlgang-ohne-entscheidung\/#breadcrumb\",\"itemListElement\":[{\"@type\":\"ListItem\",\"position\":1,\"name\":\"Home\",\"item\":\"https:\/\/now-news.de\/de\/\"},{\"@type\":\"ListItem\",\"position\":2,\"name\":\"Pr\u00e4sidentschaftswahl in Kroatien: Erster Wahlgang ohne Entscheidung\"}]},{\"@type\":\"WebSite\",\"@id\":\"https:\/\/now-news.de\/de\/#website\",\"url\":\"https:\/\/now-news.de\/de\/\",\"name\":\"just-now.NEWS Deutschland\",\"description\":\"Das Portal f\u00fcr unzensierte Nachrichten aus der Welt\",\"publisher\":{\"@id\":\"https:\/\/now-news.de\/de\/#organization\"},\"potentialAction\":[{\"@type\":\"SearchAction\",\"target\":{\"@type\":\"EntryPoint\",\"urlTemplate\":\"https:\/\/now-news.de\/de\/?s={search_term_string}\"},\"query-input\":\"required name=search_term_string\"}],\"inLanguage\":\"de\"},{\"@type\":\"Organization\",\"@id\":\"https:\/\/now-news.de\/de\/#organization\",\"name\":\"Just Now News\",\"url\":\"https:\/\/now-news.de\/de\/\",\"logo\":{\"@type\":\"ImageObject\",\"inLanguage\":\"de\",\"@id\":\"https:\/\/now-news.de\/de\/#\/schema\/logo\/image\/\",\"url\":\"http:\/\/just-now.news\/de\/wp-content\/uploads\/sites\/3\/2022\/04\/logo500x500.jpg\",\"contentUrl\":\"http:\/\/just-now.news\/de\/wp-content\/uploads\/sites\/3\/2022\/04\/logo500x500.jpg\",\"width\":500,\"height\":500,\"caption\":\"Just Now News\"},\"image\":{\"@id\":\"https:\/\/now-news.de\/de\/#\/schema\/logo\/image\/\"},\"sameAs\":[\"https:\/\/www.facebook.com\/wirmachenauf\",\"https:\/\/x.com\/WirMachenAuf_de\"]},{\"@type\":\"Person\",\"@id\":\"https:\/\/now-news.de\/de\/#\/schema\/person\/fb534a4e865501d8b3285208df34a9b5\",\"name\":\"rtnews\",\"image\":{\"@type\":\"ImageObject\",\"inLanguage\":\"de\",\"@id\":\"https:\/\/now-news.de\/de\/#\/schema\/person\/image\/\",\"url\":\"https:\/\/secure.gravatar.com\/avatar\/82aafea7d8127119dd649515f56e2117?s=96&d=mm&r=g\",\"contentUrl\":\"https:\/\/secure.gravatar.com\/avatar\/82aafea7d8127119dd649515f56e2117?s=96&d=mm&r=g\",\"caption\":\"rtnews\"},\"url\":\"https:\/\/now-news.de\/de\/author\/rnews\/\"}]}<\/script>\n<!-- \/ Yoast SEO Premium plugin. -->","yoast_head_json":{"title":"Pr\u00e4sidentschaftswahl in Kroatien: Erster Wahlgang ohne Entscheidung - just-now.NEWS Deutschland","robots":{"index":"index","follow":"follow","max-snippet":"max-snippet:-1","max-image-preview":"max-image-preview:large","max-video-preview":"max-video-preview:-1"},"canonical":"https:\/\/now-news.de\/de\/deutschland\/praesidentschaftswahl-in-kroatien-erster-wahlgang-ohne-entscheidung\/","og_locale":"de_DE","og_type":"article","og_title":"Pr\u00e4sidentschaftswahl in Kroatien: Erster Wahlgang ohne Entscheidung","og_description":"In Kroatien konnte nach dem ersten Wahlgang kein Pr\u00e4sident benannt werden. In der zweiten Runde stehen sich der amtierende Pr\u00e4sident Zoran Milanovi\u0107, der die Hilfe f\u00fcr die Ukraine kritisiert, und der ehemalige Bildungsminister Dragan Primorac von den Konservativen gegen\u00fcber. Die Kroaten konnten im ersten Wahlgang keinen Pr\u00e4sidenten bestimmen, wie die staatliche Wahlkommission nach der Ausz\u00e4hlung [&hellip;]","og_url":"https:\/\/now-news.de\/de\/deutschland\/praesidentschaftswahl-in-kroatien-erster-wahlgang-ohne-entscheidung\/","og_site_name":"just-now.NEWS Deutschland","article_publisher":"https:\/\/www.facebook.com\/wirmachenauf","article_published_time":"2024-12-30T10:48:11+00:00","og_image":[{"url":"https:\/\/now-news.de\/de\/wp-content\/uploads\/sites\/3\/2024\/12\/6772748cb480cc26035e04b3.jpg"}],"author":"rtnews","twitter_card":"summary_large_image","twitter_creator":"@WirMachenAuf_de","twitter_site":"@WirMachenAuf_de","twitter_misc":{"Verfasst von":"rtnews","Gesch\u00e4tzte Lesezeit":"2\u00a0Minuten"},"schema":{"@context":"https:\/\/schema.org","@graph":[{"@type":"Article","@id":"https:\/\/now-news.de\/de\/deutschland\/praesidentschaftswahl-in-kroatien-erster-wahlgang-ohne-entscheidung\/#article","isPartOf":{"@id":"https:\/\/now-news.de\/de\/deutschland\/praesidentschaftswahl-in-kroatien-erster-wahlgang-ohne-entscheidung\/"},"author":{"name":"rtnews","@id":"https:\/\/now-news.de\/de\/#\/schema\/person\/fb534a4e865501d8b3285208df34a9b5"},"headline":"Pr\u00e4sidentschaftswahl in Kroatien: Erster Wahlgang ohne Entscheidung","datePublished":"2024-12-30T10:48:11+00:00","dateModified":"2024-12-30T10:48:11+00:00","mainEntityOfPage":{"@id":"https:\/\/now-news.de\/de\/deutschland\/praesidentschaftswahl-in-kroatien-erster-wahlgang-ohne-entscheidung\/"},"wordCount":352,"commentCount":0,"publisher":{"@id":"https:\/\/now-news.de\/de\/#organization"},"image":{"@id":"https:\/\/now-news.de\/de\/deutschland\/praesidentschaftswahl-in-kroatien-erster-wahlgang-ohne-entscheidung\/#primaryimage"},"thumbnailUrl":"https:\/\/now-news.de\/de\/wp-content\/uploads\/sites\/3\/2024\/12\/Praesidentschaftswahl-in-Kroatien-Erster-Wahlgang-ohne-Entscheidung.jpg","keywords":["Entscheidung","Erster","Kroatien","ohne","Pr\u00e4sidentschaftswahl","Wahlgang"],"articleSection":["Deutschland","Russland"],"inLanguage":"de","potentialAction":[{"@type":"CommentAction","name":"Comment","target":["https:\/\/now-news.de\/de\/deutschland\/praesidentschaftswahl-in-kroatien-erster-wahlgang-ohne-entscheidung\/#respond"]}]},{"@type":"WebPage","@id":"https:\/\/now-news.de\/de\/deutschland\/praesidentschaftswahl-in-kroatien-erster-wahlgang-ohne-entscheidung\/","url":"https:\/\/now-news.de\/de\/deutschland\/praesidentschaftswahl-in-kroatien-erster-wahlgang-ohne-entscheidung\/","name":"Pr\u00e4sidentschaftswahl in Kroatien: Erster Wahlgang ohne Entscheidung - just-now.NEWS Deutschland","isPartOf":{"@id":"https:\/\/now-news.de\/de\/#website"},"primaryImageOfPage":{"@id":"https:\/\/now-news.de\/de\/deutschland\/praesidentschaftswahl-in-kroatien-erster-wahlgang-ohne-entscheidung\/#primaryimage"},"image":{"@id":"https:\/\/now-news.de\/de\/deutschland\/praesidentschaftswahl-in-kroatien-erster-wahlgang-ohne-entscheidung\/#primaryimage"},"thumbnailUrl":"https:\/\/now-news.de\/de\/wp-content\/uploads\/sites\/3\/2024\/12\/Praesidentschaftswahl-in-Kroatien-Erster-Wahlgang-ohne-Entscheidung.jpg","datePublished":"2024-12-30T10:48:11+00:00","dateModified":"2024-12-30T10:48:11+00:00","breadcrumb":{"@id":"https:\/\/now-news.de\/de\/deutschland\/praesidentschaftswahl-in-kroatien-erster-wahlgang-ohne-entscheidung\/#breadcrumb"},"inLanguage":"de","potentialAction":[{"@type":"ReadAction","target":["https:\/\/now-news.de\/de\/deutschland\/praesidentschaftswahl-in-kroatien-erster-wahlgang-ohne-entscheidung\/"]}]},{"@type":"ImageObject","inLanguage":"de","@id":"https:\/\/now-news.de\/de\/deutschland\/praesidentschaftswahl-in-kroatien-erster-wahlgang-ohne-entscheidung\/#primaryimage","url":"https:\/\/now-news.de\/de\/wp-content\/uploads\/sites\/3\/2024\/12\/Praesidentschaftswahl-in-Kroatien-Erster-Wahlgang-ohne-Entscheidung.jpg","contentUrl":"https:\/\/now-news.de\/de\/wp-content\/uploads\/sites\/3\/2024\/12\/Praesidentschaftswahl-in-Kroatien-Erster-Wahlgang-ohne-Entscheidung.jpg","width":460,"height":259,"caption":"Pr\u00e4sidentschaftswahl in Kroatien: Erster Wahlgang ohne Entscheidung"},{"@type":"BreadcrumbList","@id":"https:\/\/now-news.de\/de\/deutschland\/praesidentschaftswahl-in-kroatien-erster-wahlgang-ohne-entscheidung\/#breadcrumb","itemListElement":[{"@type":"ListItem","position":1,"name":"Home","item":"https:\/\/now-news.de\/de\/"},{"@type":"ListItem","position":2,"name":"Pr\u00e4sidentschaftswahl in Kroatien: Erster Wahlgang ohne Entscheidung"}]},{"@type":"WebSite","@id":"https:\/\/now-news.de\/de\/#website","url":"https:\/\/now-news.de\/de\/","name":"just-now.NEWS Deutschland","description":"Das Portal f\u00fcr unzensierte Nachrichten aus der Welt","publisher":{"@id":"https:\/\/now-news.de\/de\/#organization"},"potentialAction":[{"@type":"SearchAction","target":{"@type":"EntryPoint","urlTemplate":"https:\/\/now-news.de\/de\/?s={search_term_string}"},"query-input":"required name=search_term_string"}],"inLanguage":"de"},{"@type":"Organization","@id":"https:\/\/now-news.de\/de\/#organization","name":"Just Now News","url":"https:\/\/now-news.de\/de\/","logo":{"@type":"ImageObject","inLanguage":"de","@id":"https:\/\/now-news.de\/de\/#\/schema\/logo\/image\/","url":"http:\/\/just-now.news\/de\/wp-content\/uploads\/sites\/3\/2022\/04\/logo500x500.jpg","contentUrl":"http:\/\/just-now.news\/de\/wp-content\/uploads\/sites\/3\/2022\/04\/logo500x500.jpg","width":500,"height":500,"caption":"Just Now News"},"image":{"@id":"https:\/\/now-news.de\/de\/#\/schema\/logo\/image\/"},"sameAs":["https:\/\/www.facebook.com\/wirmachenauf","https:\/\/x.com\/WirMachenAuf_de"]},{"@type":"Person","@id":"https:\/\/now-news.de\/de\/#\/schema\/person\/fb534a4e865501d8b3285208df34a9b5","name":"rtnews","image":{"@type":"ImageObject","inLanguage":"de","@id":"https:\/\/now-news.de\/de\/#\/schema\/person\/image\/","url":"https:\/\/secure.gravatar.com\/avatar\/82aafea7d8127119dd649515f56e2117?s=96&d=mm&r=g","contentUrl":"https:\/\/secure.gravatar.com\/avatar\/82aafea7d8127119dd649515f56e2117?s=96&d=mm&r=g","caption":"rtnews"},"url":"https:\/\/now-news.de\/de\/author\/rnews\/"}]}},"_links":{"self":[{"href":"https:\/\/now-news.de\/de\/wp-json\/wp\/v2\/posts\/75521"}],"collection":[{"href":"https:\/\/now-news.de\/de\/wp-json\/wp\/v2\/posts"}],"about":[{"href":"https:\/\/now-news.de\/de\/wp-json\/wp\/v2\/types\/post"}],"author":[{"embeddable":true,"href":"https:\/\/now-news.de\/de\/wp-json\/wp\/v2\/users\/3"}],"replies":[{"embeddable":true,"href":"https:\/\/now-news.de\/de\/wp-json\/wp\/v2\/comments?post=75521"}],"version-history":[{"count":0,"href":"https:\/\/now-news.de\/de\/wp-json\/wp\/v2\/posts\/75521\/revisions"}],"wp:featuredmedia":[{"embeddable":true,"href":"https:\/\/now-news.de\/de\/wp-json\/wp\/v2\/media\/75522"}],"wp:attachment":[{"href":"https:\/\/now-news.de\/de\/wp-json\/wp\/v2\/media?parent=75521"}],"wp:term":[{"taxonomy":"category","embeddable":true,"href":"https:\/\/now-news.de\/de\/wp-json\/wp\/v2\/categories?post=75521"},{"taxonomy":"post_tag","embeddable":true,"href":"https:\/\/now-news.de\/de\/wp-json\/wp\/v2\/tags?post=75521"}],"curies":[{"name":"wp","href":"https:\/\/api.w.org\/{rel}","templated":true}]}}