{"id":75505,"date":"2024-12-30T09:07:09","date_gmt":"2024-12-30T07:07:09","guid":{"rendered":"https:\/\/now-news.de\/de\/deutschland\/deutschland-und-frankreich-dauerkrisen-und-staatsverschuldung-wuergen-wirtschaft-ab\/"},"modified":"2024-12-30T09:07:09","modified_gmt":"2024-12-30T07:07:09","slug":"deutschland-und-frankreich-dauerkrisen-und-staatsverschuldung-wuergen-wirtschaft-ab","status":"publish","type":"post","link":"https:\/\/now-news.de\/de\/deutschland\/deutschland-und-frankreich-dauerkrisen-und-staatsverschuldung-wuergen-wirtschaft-ab\/","title":{"rendered":"Deutschland und Frankreich: Dauerkrisen und Staatsverschuldung w\u00fcrgen Wirtschaft ab"},"content":{"rendered":"<p><img decoding=\"async\" src=\"https:\/\/now-news.de\/de\/wp-content\/uploads\/sites\/3\/2024\/12\/677245e6b480cc24cb6e811a.jpg\" \/><\/p>\n<div class=\"Text-root Text-type_1 \">\n                Lange waren beide Staaten die wirtschaftlichen Zugpferde der EU, doch wegen unf\u00e4higer Regierungen, riesiger Schuldenberge und fehlender Wettbewerbsf\u00e4higkeit f\u00e4hrt momentan die Wirtschaftslokomotive von West- und Mitteleuropa nach S\u00fcden.\n            <\/div>\n<p><\/p>\n<div class=\"Text-root Text-type_5 ArticleView-text ViewText-root \">\n<p>Die einstigen engen Partner und wirtschaftlichen Schwergewichte\u00a0Frankreich\u00a0und Deutschland stehen jeweils vor zerr\u00fctteten Regierungen. Erbitterte Auseinandersetzungen \u00fcber den Staatshaushalt und Fragen der Staatsverschuldung mischen sich mit einer katastrophalen wirtschaftlichen Gesamtsituation.<\/p>\n<p>Das zeigt sich in der seit zwei Jahren anhaltenden Rezession und im f\u00fcr 2025 prognostizierten Wirtschaftswachstum: So rechnet die Europ\u00e4ische Kommission mit einer Steigerung des Bruttoinlandsprodukts f\u00fcr Deutschland und Frankreich um jeweils 0,8 Prozent bis zum Herbst 2025. F\u00fcr Italien wird ein \u00e4hnlicher Anstieg erwartet \u2013 wenn \u00fcberhaupt. Anders sieht es in anderen europ\u00e4ischen L\u00e4ndern aus: F\u00fcr Portugal geht die Kommission von 1,9 Prozent, f\u00fcr Spanien und Griechenland von jeweils 2,3 Prozent Wachstum aus. Ungarn strebt sogar drei Prozent an.<\/p>\n<p>Wegen teurer Energiepreise und B\u00fcrokratie verlassen immer mehr Konzerne die Bundesrepublik und bauen Stellen ab. Der ifo-Gesch\u00e4ftsklimaindex, f\u00fcr den monatlich Tausende Unternehmer <a rel=\"nofollow noopener\" target=\"_blank\" href=\"https:\/\/www.ifo.de\/fakten\/2024-12-17\/ifo-geschaeftsklimaindex-gesunken-dezember-2024\">befragt werden<\/a>, ist zum sechsten Mal in Folge gesunken. Die Stimmung in der Wirtschaft ist demnach so schlecht wie seit 2020 zu Beginn der Corona-Krise nicht mehr. Dazu <a rel=\"nofollow noopener\" target=\"_blank\" href=\"https:\/\/de.statista.com\/statistik\/daten\/studie\/198377\/umfrage\/staatsverschuldung-in-der-europaeischen-union\/\">kommt<\/a> ein Schuldenberg von \u00fcber 2,6 Billionen Euro. Im Nachbarland Frankreich ist dieser sogar noch gr\u00f6\u00dfer und liegt bei \u00fcber 3,2 Billionen Euro. Wegen der Streite um die Haushalte sind dadurch die Regierungen in Berlin und Paris zerbrochen \u2013 die Kreditw\u00fcrdigkeit von Frankreich sogar heruntergestuft.<\/p>\n<p>Laut <em>t-online<\/em> verschiebt sich dadurch das wirtschaftliche Gleichgewicht nach S\u00fcden: Dazu haben nicht zuletzt eine Verschlankung des Staatswesens und eine Wiederbelebung des Tourismus nach der Corona-Krise beigetragen. Als Nehmerl\u00e4nder profitieren diese Staaten ohnehin durch die Geberl\u00e4nder Deutschland und Frankreich in der EU.<\/p>\n<p>Griechenland, Spanien, Portugal und Italien haben dazu bei den Energiepreisen Vorteile. Durch viel Sonne und Wind in den K\u00fcstenregionen haben die Staaten bei der Energiewende einen besseren Stand \u2013 und zugleich eine weniger energieintensive Wirtschaft. Ob diese Staaten die insgesamt schw\u00e4chelnde EU-Wirtschaft retten werden, bleibt dennoch fraglich. Im Gegensatz zu China, Russland oder den USA, wurde durch die EU in den vergangenen Jahren eine unfassbare Wohlstandsvernichtung durchgef\u00fchrt, die derzeit besonders den ehemaligen Exportweltmeister Deutschland in den politischen und wirtschaftlichen Abgrund zu rei\u00dfen droht.<\/p>\n<p><strong>Mehr zum Thema<\/strong>\u00a0\u2013\u00a0<a rel=\"nofollow noopener\" target=\"_blank\" href=\"https:\/\/freedert.online\/meinung\/218722-deutsche-wirtschaft-verliert-ihr-gesicht\/\">Trag\u00f6die oder Farce? Wie die deutsche Wirtschaft ihr Gesicht verliert<\/a><\/p>\n<\/div>\n<p><br \/>\n<br \/><a href=\"https:\/\/de.rt.com\/europa\/231181-deutschland-und-frankreich-dauerkrisen-und\/\">Source link <\/a><\/p>\n","protected":false},"excerpt":{"rendered":"<p>Lange waren beide Staaten die wirtschaftlichen Zugpferde der EU, doch wegen unf\u00e4higer Regierungen, riesiger Schuldenberge und fehlender Wettbewerbsf\u00e4higkeit f\u00e4hrt momentan die Wirtschaftslokomotive von West- und Mitteleuropa nach S\u00fcden. Die einstigen engen Partner und wirtschaftlichen Schwergewichte\u00a0Frankreich\u00a0und Deutschland stehen jeweils vor zerr\u00fctteten Regierungen. Erbitterte Auseinandersetzungen \u00fcber den Staatshaushalt und Fragen der Staatsverschuldung mischen sich mit einer katastrophalen [&hellip;]<\/p>\n","protected":false},"author":3,"featured_media":75506,"comment_status":"open","ping_status":"open","sticky":false,"template":"","format":"standard","meta":{"_yoast_indexnow_last_ping":["1735543231"],"wp_automatic_camp":["217"],"29e629b651ed69a382ae760af8e6af5b":["Deutschland und Frankreich: Dauerkrisen und Staatsverschuldung w\u00fcrgen Wirtschaft ab"],"original_link":["https:\/\/de.rt.com\/europa\/231181-deutschland-und-frankreich-dauerkrisen-und\/"],"jnews_social_counter_last_update":["1777574987"],"_thumbnail_id":["75506"],"_wptgpro_p2tg_sent2tg":["a:1:{i:23737;s:19:\"2024-12-30 09:21:31\";}"]},"categories":[19,23],"tags":[61468,179,3320,1105,140,291,57921],"yoast_head":"<!-- This site is optimized with the Yoast SEO Premium plugin v22.7 (Yoast SEO v22.7) - https:\/\/yoast.com\/wordpress\/plugins\/seo\/ -->\n<title>Deutschland und Frankreich: Dauerkrisen und Staatsverschuldung w\u00fcrgen Wirtschaft ab - just-now.NEWS Deutschland<\/title>\n<meta name=\"robots\" content=\"index, follow, max-snippet:-1, max-image-preview:large, max-video-preview:-1\" \/>\n<link rel=\"canonical\" href=\"https:\/\/now-news.de\/de\/deutschland\/deutschland-und-frankreich-dauerkrisen-und-staatsverschuldung-wuergen-wirtschaft-ab\/\" \/>\n<meta property=\"og:locale\" content=\"de_DE\" \/>\n<meta property=\"og:type\" content=\"article\" \/>\n<meta property=\"og:title\" content=\"Deutschland und Frankreich: Dauerkrisen und Staatsverschuldung w\u00fcrgen Wirtschaft ab\" \/>\n<meta property=\"og:description\" content=\"Lange waren beide Staaten die wirtschaftlichen Zugpferde der EU, doch wegen unf\u00e4higer Regierungen, riesiger Schuldenberge und fehlender Wettbewerbsf\u00e4higkeit f\u00e4hrt momentan die Wirtschaftslokomotive von West- und Mitteleuropa nach S\u00fcden. Die einstigen engen Partner und wirtschaftlichen Schwergewichte\u00a0Frankreich\u00a0und Deutschland stehen jeweils vor zerr\u00fctteten Regierungen. Erbitterte Auseinandersetzungen \u00fcber den Staatshaushalt und Fragen der Staatsverschuldung mischen sich mit einer katastrophalen [&hellip;]\" \/>\n<meta property=\"og:url\" content=\"https:\/\/now-news.de\/de\/deutschland\/deutschland-und-frankreich-dauerkrisen-und-staatsverschuldung-wuergen-wirtschaft-ab\/\" \/>\n<meta property=\"og:site_name\" content=\"just-now.NEWS Deutschland\" \/>\n<meta property=\"article:publisher\" content=\"https:\/\/www.facebook.com\/wirmachenauf\" \/>\n<meta property=\"article:published_time\" content=\"2024-12-30T07:07:09+00:00\" \/>\n<meta property=\"og:image\" content=\"https:\/\/now-news.de\/de\/wp-content\/uploads\/sites\/3\/2024\/12\/677245e6b480cc24cb6e811a.jpg\" \/>\n<meta name=\"author\" content=\"rtnews\" \/>\n<meta name=\"twitter:card\" content=\"summary_large_image\" \/>\n<meta name=\"twitter:creator\" content=\"@WirMachenAuf_de\" \/>\n<meta name=\"twitter:site\" content=\"@WirMachenAuf_de\" \/>\n<meta name=\"twitter:label1\" content=\"Verfasst von\" \/>\n\t<meta name=\"twitter:data1\" content=\"rtnews\" \/>\n\t<meta name=\"twitter:label2\" content=\"Gesch\u00e4tzte Lesezeit\" \/>\n\t<meta name=\"twitter:data2\" content=\"2\u00a0Minuten\" \/>\n<script type=\"application\/ld+json\" class=\"yoast-schema-graph\">{\"@context\":\"https:\/\/schema.org\",\"@graph\":[{\"@type\":\"Article\",\"@id\":\"https:\/\/now-news.de\/de\/deutschland\/deutschland-und-frankreich-dauerkrisen-und-staatsverschuldung-wuergen-wirtschaft-ab\/#article\",\"isPartOf\":{\"@id\":\"https:\/\/now-news.de\/de\/deutschland\/deutschland-und-frankreich-dauerkrisen-und-staatsverschuldung-wuergen-wirtschaft-ab\/\"},\"author\":{\"name\":\"rtnews\",\"@id\":\"https:\/\/now-news.de\/de\/#\/schema\/person\/fb534a4e865501d8b3285208df34a9b5\"},\"headline\":\"Deutschland und Frankreich: Dauerkrisen und Staatsverschuldung w\u00fcrgen Wirtschaft ab\",\"datePublished\":\"2024-12-30T07:07:09+00:00\",\"dateModified\":\"2024-12-30T07:07:09+00:00\",\"mainEntityOfPage\":{\"@id\":\"https:\/\/now-news.de\/de\/deutschland\/deutschland-und-frankreich-dauerkrisen-und-staatsverschuldung-wuergen-wirtschaft-ab\/\"},\"wordCount\":400,\"commentCount\":0,\"publisher\":{\"@id\":\"https:\/\/now-news.de\/de\/#organization\"},\"image\":{\"@id\":\"https:\/\/now-news.de\/de\/deutschland\/deutschland-und-frankreich-dauerkrisen-und-staatsverschuldung-wuergen-wirtschaft-ab\/#primaryimage\"},\"thumbnailUrl\":\"https:\/\/now-news.de\/de\/wp-content\/uploads\/sites\/3\/2024\/12\/Deutschland-und-Frankreich-Dauerkrisen-und-Staatsverschuldung-wuergen-Wirtschaft-ab.jpg\",\"keywords\":[\"Dauerkrisen\",\"Deutschland\",\"Frankreich\",\"staatsverschuldung\",\"und\",\"wirtschaft\",\"w\u00fcrgen\"],\"articleSection\":[\"Deutschland\",\"Russland\"],\"inLanguage\":\"de\",\"potentialAction\":[{\"@type\":\"CommentAction\",\"name\":\"Comment\",\"target\":[\"https:\/\/now-news.de\/de\/deutschland\/deutschland-und-frankreich-dauerkrisen-und-staatsverschuldung-wuergen-wirtschaft-ab\/#respond\"]}]},{\"@type\":\"WebPage\",\"@id\":\"https:\/\/now-news.de\/de\/deutschland\/deutschland-und-frankreich-dauerkrisen-und-staatsverschuldung-wuergen-wirtschaft-ab\/\",\"url\":\"https:\/\/now-news.de\/de\/deutschland\/deutschland-und-frankreich-dauerkrisen-und-staatsverschuldung-wuergen-wirtschaft-ab\/\",\"name\":\"Deutschland und Frankreich: Dauerkrisen und Staatsverschuldung w\u00fcrgen Wirtschaft ab - just-now.NEWS Deutschland\",\"isPartOf\":{\"@id\":\"https:\/\/now-news.de\/de\/#website\"},\"primaryImageOfPage\":{\"@id\":\"https:\/\/now-news.de\/de\/deutschland\/deutschland-und-frankreich-dauerkrisen-und-staatsverschuldung-wuergen-wirtschaft-ab\/#primaryimage\"},\"image\":{\"@id\":\"https:\/\/now-news.de\/de\/deutschland\/deutschland-und-frankreich-dauerkrisen-und-staatsverschuldung-wuergen-wirtschaft-ab\/#primaryimage\"},\"thumbnailUrl\":\"https:\/\/now-news.de\/de\/wp-content\/uploads\/sites\/3\/2024\/12\/Deutschland-und-Frankreich-Dauerkrisen-und-Staatsverschuldung-wuergen-Wirtschaft-ab.jpg\",\"datePublished\":\"2024-12-30T07:07:09+00:00\",\"dateModified\":\"2024-12-30T07:07:09+00:00\",\"breadcrumb\":{\"@id\":\"https:\/\/now-news.de\/de\/deutschland\/deutschland-und-frankreich-dauerkrisen-und-staatsverschuldung-wuergen-wirtschaft-ab\/#breadcrumb\"},\"inLanguage\":\"de\",\"potentialAction\":[{\"@type\":\"ReadAction\",\"target\":[\"https:\/\/now-news.de\/de\/deutschland\/deutschland-und-frankreich-dauerkrisen-und-staatsverschuldung-wuergen-wirtschaft-ab\/\"]}]},{\"@type\":\"ImageObject\",\"inLanguage\":\"de\",\"@id\":\"https:\/\/now-news.de\/de\/deutschland\/deutschland-und-frankreich-dauerkrisen-und-staatsverschuldung-wuergen-wirtschaft-ab\/#primaryimage\",\"url\":\"https:\/\/now-news.de\/de\/wp-content\/uploads\/sites\/3\/2024\/12\/Deutschland-und-Frankreich-Dauerkrisen-und-Staatsverschuldung-wuergen-Wirtschaft-ab.jpg\",\"contentUrl\":\"https:\/\/now-news.de\/de\/wp-content\/uploads\/sites\/3\/2024\/12\/Deutschland-und-Frankreich-Dauerkrisen-und-Staatsverschuldung-wuergen-Wirtschaft-ab.jpg\",\"width\":460,\"height\":259,\"caption\":\"Deutschland und Frankreich: Dauerkrisen und Staatsverschuldung w\u00fcrgen Wirtschaft ab\"},{\"@type\":\"BreadcrumbList\",\"@id\":\"https:\/\/now-news.de\/de\/deutschland\/deutschland-und-frankreich-dauerkrisen-und-staatsverschuldung-wuergen-wirtschaft-ab\/#breadcrumb\",\"itemListElement\":[{\"@type\":\"ListItem\",\"position\":1,\"name\":\"Home\",\"item\":\"https:\/\/now-news.de\/de\/\"},{\"@type\":\"ListItem\",\"position\":2,\"name\":\"Deutschland und Frankreich: Dauerkrisen und Staatsverschuldung w\u00fcrgen Wirtschaft ab\"}]},{\"@type\":\"WebSite\",\"@id\":\"https:\/\/now-news.de\/de\/#website\",\"url\":\"https:\/\/now-news.de\/de\/\",\"name\":\"just-now.NEWS Deutschland\",\"description\":\"Das Portal f\u00fcr unzensierte Nachrichten aus der Welt\",\"publisher\":{\"@id\":\"https:\/\/now-news.de\/de\/#organization\"},\"potentialAction\":[{\"@type\":\"SearchAction\",\"target\":{\"@type\":\"EntryPoint\",\"urlTemplate\":\"https:\/\/now-news.de\/de\/?s={search_term_string}\"},\"query-input\":\"required name=search_term_string\"}],\"inLanguage\":\"de\"},{\"@type\":\"Organization\",\"@id\":\"https:\/\/now-news.de\/de\/#organization\",\"name\":\"Just Now News\",\"url\":\"https:\/\/now-news.de\/de\/\",\"logo\":{\"@type\":\"ImageObject\",\"inLanguage\":\"de\",\"@id\":\"https:\/\/now-news.de\/de\/#\/schema\/logo\/image\/\",\"url\":\"http:\/\/just-now.news\/de\/wp-content\/uploads\/sites\/3\/2022\/04\/logo500x500.jpg\",\"contentUrl\":\"http:\/\/just-now.news\/de\/wp-content\/uploads\/sites\/3\/2022\/04\/logo500x500.jpg\",\"width\":500,\"height\":500,\"caption\":\"Just Now News\"},\"image\":{\"@id\":\"https:\/\/now-news.de\/de\/#\/schema\/logo\/image\/\"},\"sameAs\":[\"https:\/\/www.facebook.com\/wirmachenauf\",\"https:\/\/x.com\/WirMachenAuf_de\"]},{\"@type\":\"Person\",\"@id\":\"https:\/\/now-news.de\/de\/#\/schema\/person\/fb534a4e865501d8b3285208df34a9b5\",\"name\":\"rtnews\",\"image\":{\"@type\":\"ImageObject\",\"inLanguage\":\"de\",\"@id\":\"https:\/\/now-news.de\/de\/#\/schema\/person\/image\/\",\"url\":\"https:\/\/secure.gravatar.com\/avatar\/82aafea7d8127119dd649515f56e2117?s=96&d=mm&r=g\",\"contentUrl\":\"https:\/\/secure.gravatar.com\/avatar\/82aafea7d8127119dd649515f56e2117?s=96&d=mm&r=g\",\"caption\":\"rtnews\"},\"url\":\"https:\/\/now-news.de\/de\/author\/rnews\/\"}]}<\/script>\n<!-- \/ Yoast SEO Premium plugin. -->","yoast_head_json":{"title":"Deutschland und Frankreich: Dauerkrisen und Staatsverschuldung w\u00fcrgen Wirtschaft ab - just-now.NEWS Deutschland","robots":{"index":"index","follow":"follow","max-snippet":"max-snippet:-1","max-image-preview":"max-image-preview:large","max-video-preview":"max-video-preview:-1"},"canonical":"https:\/\/now-news.de\/de\/deutschland\/deutschland-und-frankreich-dauerkrisen-und-staatsverschuldung-wuergen-wirtschaft-ab\/","og_locale":"de_DE","og_type":"article","og_title":"Deutschland und Frankreich: Dauerkrisen und Staatsverschuldung w\u00fcrgen Wirtschaft ab","og_description":"Lange waren beide Staaten die wirtschaftlichen Zugpferde der EU, doch wegen unf\u00e4higer Regierungen, riesiger Schuldenberge und fehlender Wettbewerbsf\u00e4higkeit f\u00e4hrt momentan die Wirtschaftslokomotive von West- und Mitteleuropa nach S\u00fcden. Die einstigen engen Partner und wirtschaftlichen Schwergewichte\u00a0Frankreich\u00a0und Deutschland stehen jeweils vor zerr\u00fctteten Regierungen. Erbitterte Auseinandersetzungen \u00fcber den Staatshaushalt und Fragen der Staatsverschuldung mischen sich mit einer katastrophalen [&hellip;]","og_url":"https:\/\/now-news.de\/de\/deutschland\/deutschland-und-frankreich-dauerkrisen-und-staatsverschuldung-wuergen-wirtschaft-ab\/","og_site_name":"just-now.NEWS Deutschland","article_publisher":"https:\/\/www.facebook.com\/wirmachenauf","article_published_time":"2024-12-30T07:07:09+00:00","og_image":[{"url":"https:\/\/now-news.de\/de\/wp-content\/uploads\/sites\/3\/2024\/12\/677245e6b480cc24cb6e811a.jpg"}],"author":"rtnews","twitter_card":"summary_large_image","twitter_creator":"@WirMachenAuf_de","twitter_site":"@WirMachenAuf_de","twitter_misc":{"Verfasst von":"rtnews","Gesch\u00e4tzte Lesezeit":"2\u00a0Minuten"},"schema":{"@context":"https:\/\/schema.org","@graph":[{"@type":"Article","@id":"https:\/\/now-news.de\/de\/deutschland\/deutschland-und-frankreich-dauerkrisen-und-staatsverschuldung-wuergen-wirtschaft-ab\/#article","isPartOf":{"@id":"https:\/\/now-news.de\/de\/deutschland\/deutschland-und-frankreich-dauerkrisen-und-staatsverschuldung-wuergen-wirtschaft-ab\/"},"author":{"name":"rtnews","@id":"https:\/\/now-news.de\/de\/#\/schema\/person\/fb534a4e865501d8b3285208df34a9b5"},"headline":"Deutschland und Frankreich: Dauerkrisen und Staatsverschuldung w\u00fcrgen Wirtschaft ab","datePublished":"2024-12-30T07:07:09+00:00","dateModified":"2024-12-30T07:07:09+00:00","mainEntityOfPage":{"@id":"https:\/\/now-news.de\/de\/deutschland\/deutschland-und-frankreich-dauerkrisen-und-staatsverschuldung-wuergen-wirtschaft-ab\/"},"wordCount":400,"commentCount":0,"publisher":{"@id":"https:\/\/now-news.de\/de\/#organization"},"image":{"@id":"https:\/\/now-news.de\/de\/deutschland\/deutschland-und-frankreich-dauerkrisen-und-staatsverschuldung-wuergen-wirtschaft-ab\/#primaryimage"},"thumbnailUrl":"https:\/\/now-news.de\/de\/wp-content\/uploads\/sites\/3\/2024\/12\/Deutschland-und-Frankreich-Dauerkrisen-und-Staatsverschuldung-wuergen-Wirtschaft-ab.jpg","keywords":["Dauerkrisen","Deutschland","Frankreich","staatsverschuldung","und","wirtschaft","w\u00fcrgen"],"articleSection":["Deutschland","Russland"],"inLanguage":"de","potentialAction":[{"@type":"CommentAction","name":"Comment","target":["https:\/\/now-news.de\/de\/deutschland\/deutschland-und-frankreich-dauerkrisen-und-staatsverschuldung-wuergen-wirtschaft-ab\/#respond"]}]},{"@type":"WebPage","@id":"https:\/\/now-news.de\/de\/deutschland\/deutschland-und-frankreich-dauerkrisen-und-staatsverschuldung-wuergen-wirtschaft-ab\/","url":"https:\/\/now-news.de\/de\/deutschland\/deutschland-und-frankreich-dauerkrisen-und-staatsverschuldung-wuergen-wirtschaft-ab\/","name":"Deutschland und Frankreich: Dauerkrisen und Staatsverschuldung w\u00fcrgen Wirtschaft ab - just-now.NEWS Deutschland","isPartOf":{"@id":"https:\/\/now-news.de\/de\/#website"},"primaryImageOfPage":{"@id":"https:\/\/now-news.de\/de\/deutschland\/deutschland-und-frankreich-dauerkrisen-und-staatsverschuldung-wuergen-wirtschaft-ab\/#primaryimage"},"image":{"@id":"https:\/\/now-news.de\/de\/deutschland\/deutschland-und-frankreich-dauerkrisen-und-staatsverschuldung-wuergen-wirtschaft-ab\/#primaryimage"},"thumbnailUrl":"https:\/\/now-news.de\/de\/wp-content\/uploads\/sites\/3\/2024\/12\/Deutschland-und-Frankreich-Dauerkrisen-und-Staatsverschuldung-wuergen-Wirtschaft-ab.jpg","datePublished":"2024-12-30T07:07:09+00:00","dateModified":"2024-12-30T07:07:09+00:00","breadcrumb":{"@id":"https:\/\/now-news.de\/de\/deutschland\/deutschland-und-frankreich-dauerkrisen-und-staatsverschuldung-wuergen-wirtschaft-ab\/#breadcrumb"},"inLanguage":"de","potentialAction":[{"@type":"ReadAction","target":["https:\/\/now-news.de\/de\/deutschland\/deutschland-und-frankreich-dauerkrisen-und-staatsverschuldung-wuergen-wirtschaft-ab\/"]}]},{"@type":"ImageObject","inLanguage":"de","@id":"https:\/\/now-news.de\/de\/deutschland\/deutschland-und-frankreich-dauerkrisen-und-staatsverschuldung-wuergen-wirtschaft-ab\/#primaryimage","url":"https:\/\/now-news.de\/de\/wp-content\/uploads\/sites\/3\/2024\/12\/Deutschland-und-Frankreich-Dauerkrisen-und-Staatsverschuldung-wuergen-Wirtschaft-ab.jpg","contentUrl":"https:\/\/now-news.de\/de\/wp-content\/uploads\/sites\/3\/2024\/12\/Deutschland-und-Frankreich-Dauerkrisen-und-Staatsverschuldung-wuergen-Wirtschaft-ab.jpg","width":460,"height":259,"caption":"Deutschland und Frankreich: Dauerkrisen und Staatsverschuldung w\u00fcrgen Wirtschaft ab"},{"@type":"BreadcrumbList","@id":"https:\/\/now-news.de\/de\/deutschland\/deutschland-und-frankreich-dauerkrisen-und-staatsverschuldung-wuergen-wirtschaft-ab\/#breadcrumb","itemListElement":[{"@type":"ListItem","position":1,"name":"Home","item":"https:\/\/now-news.de\/de\/"},{"@type":"ListItem","position":2,"name":"Deutschland und Frankreich: Dauerkrisen und Staatsverschuldung w\u00fcrgen Wirtschaft ab"}]},{"@type":"WebSite","@id":"https:\/\/now-news.de\/de\/#website","url":"https:\/\/now-news.de\/de\/","name":"just-now.NEWS Deutschland","description":"Das Portal f\u00fcr unzensierte Nachrichten aus der Welt","publisher":{"@id":"https:\/\/now-news.de\/de\/#organization"},"potentialAction":[{"@type":"SearchAction","target":{"@type":"EntryPoint","urlTemplate":"https:\/\/now-news.de\/de\/?s={search_term_string}"},"query-input":"required name=search_term_string"}],"inLanguage":"de"},{"@type":"Organization","@id":"https:\/\/now-news.de\/de\/#organization","name":"Just Now News","url":"https:\/\/now-news.de\/de\/","logo":{"@type":"ImageObject","inLanguage":"de","@id":"https:\/\/now-news.de\/de\/#\/schema\/logo\/image\/","url":"http:\/\/just-now.news\/de\/wp-content\/uploads\/sites\/3\/2022\/04\/logo500x500.jpg","contentUrl":"http:\/\/just-now.news\/de\/wp-content\/uploads\/sites\/3\/2022\/04\/logo500x500.jpg","width":500,"height":500,"caption":"Just Now News"},"image":{"@id":"https:\/\/now-news.de\/de\/#\/schema\/logo\/image\/"},"sameAs":["https:\/\/www.facebook.com\/wirmachenauf","https:\/\/x.com\/WirMachenAuf_de"]},{"@type":"Person","@id":"https:\/\/now-news.de\/de\/#\/schema\/person\/fb534a4e865501d8b3285208df34a9b5","name":"rtnews","image":{"@type":"ImageObject","inLanguage":"de","@id":"https:\/\/now-news.de\/de\/#\/schema\/person\/image\/","url":"https:\/\/secure.gravatar.com\/avatar\/82aafea7d8127119dd649515f56e2117?s=96&d=mm&r=g","contentUrl":"https:\/\/secure.gravatar.com\/avatar\/82aafea7d8127119dd649515f56e2117?s=96&d=mm&r=g","caption":"rtnews"},"url":"https:\/\/now-news.de\/de\/author\/rnews\/"}]}},"_links":{"self":[{"href":"https:\/\/now-news.de\/de\/wp-json\/wp\/v2\/posts\/75505"}],"collection":[{"href":"https:\/\/now-news.de\/de\/wp-json\/wp\/v2\/posts"}],"about":[{"href":"https:\/\/now-news.de\/de\/wp-json\/wp\/v2\/types\/post"}],"author":[{"embeddable":true,"href":"https:\/\/now-news.de\/de\/wp-json\/wp\/v2\/users\/3"}],"replies":[{"embeddable":true,"href":"https:\/\/now-news.de\/de\/wp-json\/wp\/v2\/comments?post=75505"}],"version-history":[{"count":0,"href":"https:\/\/now-news.de\/de\/wp-json\/wp\/v2\/posts\/75505\/revisions"}],"wp:featuredmedia":[{"embeddable":true,"href":"https:\/\/now-news.de\/de\/wp-json\/wp\/v2\/media\/75506"}],"wp:attachment":[{"href":"https:\/\/now-news.de\/de\/wp-json\/wp\/v2\/media?parent=75505"}],"wp:term":[{"taxonomy":"category","embeddable":true,"href":"https:\/\/now-news.de\/de\/wp-json\/wp\/v2\/categories?post=75505"},{"taxonomy":"post_tag","embeddable":true,"href":"https:\/\/now-news.de\/de\/wp-json\/wp\/v2\/tags?post=75505"}],"curies":[{"name":"wp","href":"https:\/\/api.w.org\/{rel}","templated":true}]}}