{"id":75327,"date":"2024-12-27T10:30:54","date_gmt":"2024-12-27T08:30:54","guid":{"rendered":"https:\/\/now-news.de\/de\/deutschland\/bundeswehrgeneral-heer-muss-sich-auf-kampf-heute-nacht-vorbereiten\/"},"modified":"2024-12-27T10:30:54","modified_gmt":"2024-12-27T08:30:54","slug":"bundeswehrgeneral-heer-muss-sich-auf-kampf-heute-nacht-vorbereiten","status":"publish","type":"post","link":"https:\/\/now-news.de\/de\/deutschland\/bundeswehrgeneral-heer-muss-sich-auf-kampf-heute-nacht-vorbereiten\/","title":{"rendered":"Bundeswehrgeneral: Heer muss sich auf &quot;Kampf heute Nacht&quot; vorbereiten"},"content":{"rendered":"<p><img decoding=\"async\" src=\"https:\/\/now-news.de\/de\/wp-content\/uploads\/sites\/3\/2024\/12\/676e5e3648fbef1cef7547d8.jpg\" \/><\/p>\n<div class=\"Text-root Text-type_1 \">\n                &#8220;Kriegst\u00fcchtig&#8221; erst im kommenden Jahrzehnt? Das gen\u00fcgt nicht, findet der Kommandeur des Feldheeres der Bundeswehr. Man m\u00fcsse sofort k\u00e4mpfen k\u00f6nnen, schreibt der General in einem Artikel, und fordert von der Truppe mehr Realismus und Pragmatismus.\n            <\/div>\n<p><\/p>\n<div class=\"Text-root Text-type_5 ArticleView-text ViewText-root \">\n<p>Der Bundeswehrgeneral\u00a0Harald Gante hat gefordert, dass das Heer sich auf einen &#8220;Kampf heute Nacht&#8221; vorbereiten m\u00fcsse. Gante ist nicht irgendein General, sondern &#8220;Kommandeur Feldheer im Kommando Heer&#8221;. In einem\u00a0<a rel=\"nofollow noopener\" target=\"_blank\" href=\"https:\/\/defence-network.com\/das-heer-kampf-heute-nacht\/\">Gastbeitrag<\/a>\u00a0f\u00fcr die Seite\u00a0<em>CPM Defence Network<\/em>\u00a0schreibt der Generalleutnant, dass das deutsche Heer bereits jetzt bereit zur &#8220;Landes- und Bu\u0308ndnisverteidigung (LV\/BV)&#8221; sein m\u00fcsse. Die Einsch\u00e4tzung der Bedrohung durch Russland habe sich ge\u00e4ndert. Bereits jetzt sei mit begrenzten Angriffen zu rechnen:<\/p>\n<p><em>&#8220;Mittlerweile werden die Potentiale Russlands und seiner Streitkra\u0308fte anders bewertet. Bereits in fu\u0308nf Jahren ko\u0308nnten die Rekonstitution und der Aufwuchs der russischen Streitkra\u0308fte abgeschlossen sein. Ein vollumfa\u0308nglicher Angriff Russlands auf einen NATO-Staat ko\u0308nnte trotz anhaltender Bindung russischer Truppen im Ukrainekrieg damit bereits in 2029 erfolgen; die Durchsetzung einer begrenzten Ambition ab sofort und jederzeit.&#8221;<\/em><\/p>\n<p>Die Bundeswehr und vor allem das Heer m\u00fcssten schneller &#8220;kriegst\u00fcchtig&#8221; werden. Wenn Russland sich zu einem Angriff entschlie\u00dfe, dann, &#8220;solange wir schwach aussehen&#8221;. Die Folgerung Gantes:<\/p>\n<p><em>&#8220;Wir mu\u0308ssen bereits heute ohne Einschra\u0308nkungen einsatzbereit fu\u0308r die Landes- und Bu\u0308ndnisverteidigung werden. Wie Mittel fu\u0308r dieses Ziel priorisiert und eingesetzt werden, ha\u0308ngt auch von der Vorstellung ab, wie sich ein Krieg gestalten wird und vor allem, wann dieser gefu\u0308hrt werden muss. Dieses sogenannte Kriegsbild bietet somit Orientierung fu\u0308r unser ta\u0308gliches Handeln.&#8221;<\/em><\/p>\n<p>Notwendig sei die bereits praktizierte langfristige Vorausschau auf m\u00f6gliche Konfliktszenarien und die damit einhergehende Planung und Beschaffung. Aber\u00a0m\u00fcsse sich auch konkret f\u00fcr milit\u00e4rische Konflikte in der Gegenwart vorbereiten:<\/p>\n<p><em>&#8220;Jedoch darf der Plan fu\u0308r eine zukunftsfeste Bundeswehr nicht der Bundeswehr im Hier und Jetzt im Wege stehen. Unter der derzeitigen Bedrohungslage und der knappen Zeit zur Herstellung unserer Kriegstu\u0308chtigkeit, reicht es nicht mehr, das potentielle Schlachtfeld der Zukunft zu analysieren und zur Priorisierung heranzuziehen. Vielmehr mu\u0308ssen wir zuvorderst das derzeit zu erwartende Kriegsbild \u2013 zumindest fu\u0308r die Zeit bis 2029 \u2013 als Ma\u00dfstab fu\u0308r Priorisierungsentscheidungen anlegen. Das Spannungsfeld zwischen &#8220;Auffu\u0308llen des Heeres zur\u00a0Kriegstauglichkeit mit verfu\u0308gbarer Technik&#8221;\u00a0und &#8220;Beschaffung zukunftsfa\u0308higer Systeme fu\u0308r zuku\u0308nftige Kriege&#8221; wird damit bis auf Weiteres die Fa\u0308higkeitsentwicklung beeinflussen.&#8221;<\/em><\/p>\n<p>Dazu m\u00fcsse man Lehren aus dem Ukrainekrieg ziehen, dem &#8220;Kampf der ukrainischen Streitkra\u0308fte gegen die russischen Invasoren&#8221;, wie der General sich ausdr\u00fcckt. Auch wenn es das Ziel der NATO sei, einen russischen Angriff nach kurzer Zeit zur\u00fcckzuwerfen, m\u00fcsse man sich auf einen langwierigen Krieg einstellen. Dazu brauche man die F\u00e4higkeit, &#8220;die Versorgung mehrerer Divisionen im Gefecht und zum Feldersatz u\u0308ber mehrere Jahre aufrechterhalten zu ko\u0308nnen&#8221;.<\/p>\n<p>Derzeit \u00fcbern\u00e4hmen NATO- und EU-Staaten die Ausbildung des ukrainischen &#8220;Feldersatzes&#8221;. Die Bundeswehr k\u00f6nne aber nicht darauf rechnen, im Ernstfall Hilfe von anderen Staaten bei der Ausbildung zu erhalten und brauche deshalb eigene Kapazit\u00e4ten:<\/p>\n<p><em>&#8220;Besonders kritisch wird die Phase zwischen dem Einsatz der aktiven Truppenteile des Heeres und dem Anlaufen eines Feldersatzwesens sein. Hier wird die Reserve als Bru\u0308cke zwischen den aktiven Soldatinnen und Soldaten und den Ungedienten eine tragende Rolle spielen mu\u0308ssen.&#8221;<\/em><\/p>\n<p>Defizite sieht Gante auch bei der &#8220;taktischen\u00a0Fu\u0308hrungsfa\u0308higkeit des Heeres&#8221; und vor allem bei der Ausstattung:<\/p>\n<p><em>&#8220;Kritische Lu\u0308cken finden sich bei unserer Fu\u0308hrungsfa\u0308higkeit, der Fu\u0308hrungs- und Einsatzunterstu\u0308tzung, der Ausstattung mit unbemannten Systemen zur Gefechtsfeldbeobachtung und Wirkung, der Fa\u0308higkeit zur Flugabwehr im Na\u0308chstbereich inkl. der Drohnenabwehr sowie weitreichendem, indirektem Feuer.&#8221;<\/em><\/p>\n<p>Zwar seien bereits zahlreiche R\u00fcstungsprojekte beschlossen worden, allerdings w\u00fcrden die L\u00fccken erst Mitte der Drei\u00dfigerjahre geschlossen sein. Man ben\u00f6tige aber bereits jetzt &#8220;Vollausstattung&#8221;:<\/p>\n<p><em>&#8220;Schlie\u00dflich lernen wir aus dem Ukrainekrieg, dass Quantita\u0308t neben der Qualita\u0308t von Waffensystemen eine wichtige Rolle spielt. Wir beno\u0308tigen Vollausstattung in der aktiven und der nicht-aktiven Truppe. Gegebenenfalls bedeutet dies auch, dass wir bei Ru\u0308stung und Beschaffung zum Erhalt unseres Levels of Ambition noch mehr als bisher den Faktor &#8220;Verfu\u0308gbarkeit&#8221; beru\u0308cksichtigen mu\u0308ssen.&#8221;<\/em><\/p>\n<p>Dabei h\u00e4lt der General Schnelligkeit und Masse\u00a0f\u00fcr wichtiger als Innovation:<\/p>\n<p><em>&#8220;Als Kommandeur des Feldheeres akzeptiere ich, dass nicht die ju\u0308ngsten Innovationen fu\u0308r ein Ru\u0308stungsvorhaben beru\u0308cksichtigt werden, wenn dafu\u0308r das von der Truppe beno\u0308tigte Material zu\u0308gig und in hoher Stu\u0308ckzahl zula\u0308uft.&#8221;<\/em><\/p>\n<p>Dazu ben\u00f6tige man &#8220;pragmatische Lo\u0308sungen&#8221;, auch jenseits der traditionellen Beschaffungswege. Als Beispiel nennt Gante die Arbeit der &#8220;Task Force Drohne&#8221;. Dar\u00fcber hinaus mahnt er eine realistische Darstellung des Feindpotenzials bei \u00dcbungen und einen konstruktiven Umgang mit Fehlschl\u00e4gen an:<\/p>\n<p><em>&#8220;Niederlagen sind ohnehin nicht zwingend Resultat einer schlechten Fu\u0308hrerleistung, sondern ko\u0308nnen auch in fehlender Ausstattung oder untauglichen Strukturen begru\u0308ndet liegen. Wenn wir unsere Truppe fit fu\u0308r den &#8220;heutigen&#8221; Krieg machen wollen, dann mu\u0308ssen unsere Truppenfu\u0308hrer lernen, Defizite durch Anpassungsfa\u0308higkeit zu verringern.&#8221;<\/em><\/p>\n<p>Am Ende seines Beitrags mahnt der General noch einmal zu Realismus und Pragmatismus:<\/p>\n<p><em>&#8220;An vielen Rahmenbedingungen kann das Heer nichts a\u0308ndern. Der Zulauf von Material ist nicht nur durch Finanzmittel begrenzt, sondern auch von den Produktionskapazita\u0308ten der Industrie. Es liegt jedoch in unseren Ha\u0308nden, ein realistisches Kriegsbild als Ma\u00dfstab anzulegen, um pragmatisch Defizite aufzufangen. Denn ein Verschlie\u00dfen der Augen vor der Gefahr eines &#8220;Kampfes heute Nacht&#8221; ko\u0308nnen sich die Soldatinnen und Soldaten des Deutschen Heeres nicht leisten. Der Preis, den sie \u2013 und somit wir alle \u2013 in diesem Fall zu zahlen haben, ist dafu\u0308r zu hoch.&#8221;<\/em><\/p>\n<p><strong>Mehr zum Thema<\/strong> &#8211;\u00a0<a rel=\"nofollow noopener\" target=\"_blank\" href=\"https:\/\/freedert.online\/meinung\/211272-virus-general-fordert-frauen-an\/\">&#8220;Virus-General&#8221; Breuer: Frauen an die Russen-Front!<\/a><\/p>\n<div class=\"EmbedBlock-root EmbedBlock-externalVideo EmbedBlock-rumble\">\n<div class=\"VkEmbed\"><iframe class=\"lazyload\" data-src=\"https:\/\/rumble.com\/embed\/v5402w0\" frameborder=\"0\" width=\"853\" height=\"480\" allowfullscreen><\/iframe><\/div>\n<\/div>\n<p>\u00a0<\/p>\n<\/div>\n<p><br \/>\n<br \/><a href=\"https:\/\/de.rt.com\/inland\/230846-bundeswehrgeneral-heer-muss-sich-auf\/\">Source link <\/a><\/p>\n","protected":false},"excerpt":{"rendered":"<p>&#8220;Kriegst\u00fcchtig&#8221; erst im kommenden Jahrzehnt? Das gen\u00fcgt nicht, findet der Kommandeur des Feldheeres der Bundeswehr. Man m\u00fcsse sofort k\u00e4mpfen k\u00f6nnen, schreibt der General in einem Artikel, und fordert von der Truppe mehr Realismus und Pragmatismus. Der Bundeswehrgeneral\u00a0Harald Gante hat gefordert, dass das Heer sich auf einen &#8220;Kampf heute Nacht&#8221; vorbereiten m\u00fcsse. Gante ist nicht irgendein [&hellip;]<\/p>\n","protected":false},"author":3,"featured_media":75328,"comment_status":"open","ping_status":"open","sticky":false,"template":"","format":"standard","meta":{"_yoast_indexnow_last_ping":["1735288769"],"wp_automatic_camp":["217"],"f03b6c5683c71e24a2d6c14be342f4bc":["Bundeswehrgeneral: Heer muss sich auf &quot;Kampf heute Nacht&quot; vorbereiten"],"original_link":["https:\/\/de.rt.com\/inland\/230846-bundeswehrgeneral-heer-muss-sich-auf\/"],"_thumbnail_id":["75328"],"jnews_social_counter_last_update":["1777282757"],"_wptgpro_p2tg_sent2tg":["a:1:{i:23737;s:19:\"2024-12-27 10:40:33\";}"]},"categories":[19,23],"tags":[133,53239,61384,820,534,61385,39863,434,16767],"yoast_head":"<!-- This site is optimized with the Yoast SEO Premium plugin v22.7 (Yoast SEO v22.7) - https:\/\/yoast.com\/wordpress\/plugins\/seo\/ -->\n<title>Bundeswehrgeneral: Heer muss sich auf &quot;Kampf heute Nacht&quot; vorbereiten - just-now.NEWS Deutschland<\/title>\n<meta name=\"robots\" content=\"index, follow, max-snippet:-1, max-image-preview:large, max-video-preview:-1\" \/>\n<link rel=\"canonical\" href=\"https:\/\/now-news.de\/de\/deutschland\/bundeswehrgeneral-heer-muss-sich-auf-kampf-heute-nacht-vorbereiten\/\" \/>\n<meta property=\"og:locale\" content=\"de_DE\" \/>\n<meta property=\"og:type\" content=\"article\" \/>\n<meta property=\"og:title\" content=\"Bundeswehrgeneral: Heer muss sich auf &quot;Kampf heute Nacht&quot; vorbereiten\" \/>\n<meta property=\"og:description\" content=\"&#8220;Kriegst\u00fcchtig&#8221; erst im kommenden Jahrzehnt? Das gen\u00fcgt nicht, findet der Kommandeur des Feldheeres der Bundeswehr. Man m\u00fcsse sofort k\u00e4mpfen k\u00f6nnen, schreibt der General in einem Artikel, und fordert von der Truppe mehr Realismus und Pragmatismus. Der Bundeswehrgeneral\u00a0Harald Gante hat gefordert, dass das Heer sich auf einen &#8220;Kampf heute Nacht&#8221; vorbereiten m\u00fcsse. Gante ist nicht irgendein [&hellip;]\" \/>\n<meta property=\"og:url\" content=\"https:\/\/now-news.de\/de\/deutschland\/bundeswehrgeneral-heer-muss-sich-auf-kampf-heute-nacht-vorbereiten\/\" \/>\n<meta property=\"og:site_name\" content=\"just-now.NEWS Deutschland\" \/>\n<meta property=\"article:publisher\" content=\"https:\/\/www.facebook.com\/wirmachenauf\" \/>\n<meta property=\"article:published_time\" content=\"2024-12-27T08:30:54+00:00\" \/>\n<meta property=\"og:image\" content=\"https:\/\/now-news.de\/de\/wp-content\/uploads\/sites\/3\/2024\/12\/676e5e3648fbef1cef7547d8.jpg\" \/>\n<meta name=\"author\" content=\"rtnews\" \/>\n<meta name=\"twitter:card\" content=\"summary_large_image\" \/>\n<meta name=\"twitter:creator\" content=\"@WirMachenAuf_de\" \/>\n<meta name=\"twitter:site\" content=\"@WirMachenAuf_de\" \/>\n<meta name=\"twitter:label1\" content=\"Verfasst von\" \/>\n\t<meta name=\"twitter:data1\" content=\"rtnews\" \/>\n\t<meta name=\"twitter:label2\" content=\"Gesch\u00e4tzte Lesezeit\" \/>\n\t<meta name=\"twitter:data2\" content=\"5\u00a0Minuten\" \/>\n<script type=\"application\/ld+json\" class=\"yoast-schema-graph\">{\"@context\":\"https:\/\/schema.org\",\"@graph\":[{\"@type\":\"Article\",\"@id\":\"https:\/\/now-news.de\/de\/deutschland\/bundeswehrgeneral-heer-muss-sich-auf-kampf-heute-nacht-vorbereiten\/#article\",\"isPartOf\":{\"@id\":\"https:\/\/now-news.de\/de\/deutschland\/bundeswehrgeneral-heer-muss-sich-auf-kampf-heute-nacht-vorbereiten\/\"},\"author\":{\"name\":\"rtnews\",\"@id\":\"https:\/\/now-news.de\/de\/#\/schema\/person\/fb534a4e865501d8b3285208df34a9b5\"},\"headline\":\"Bundeswehrgeneral: Heer muss sich auf &quot;Kampf heute Nacht&quot; vorbereiten\",\"datePublished\":\"2024-12-27T08:30:54+00:00\",\"dateModified\":\"2024-12-27T08:30:54+00:00\",\"mainEntityOfPage\":{\"@id\":\"https:\/\/now-news.de\/de\/deutschland\/bundeswehrgeneral-heer-muss-sich-auf-kampf-heute-nacht-vorbereiten\/\"},\"wordCount\":966,\"commentCount\":0,\"publisher\":{\"@id\":\"https:\/\/now-news.de\/de\/#organization\"},\"image\":{\"@id\":\"https:\/\/now-news.de\/de\/deutschland\/bundeswehrgeneral-heer-muss-sich-auf-kampf-heute-nacht-vorbereiten\/#primaryimage\"},\"thumbnailUrl\":\"https:\/\/now-news.de\/de\/wp-content\/uploads\/sites\/3\/2024\/12\/Bundeswehrgeneral-Heer-muss-sich-auf-quotKampf-heute-Nachtquot-vorbereiten.jpg\",\"keywords\":[\"AUF\",\"Bundeswehrgeneral\",\"Heer\",\"Heute\",\"muss\",\"Nachtquot\",\"quotKampf\",\"sich\",\"vorbereiten\"],\"articleSection\":[\"Deutschland\",\"Russland\"],\"inLanguage\":\"de\",\"potentialAction\":[{\"@type\":\"CommentAction\",\"name\":\"Comment\",\"target\":[\"https:\/\/now-news.de\/de\/deutschland\/bundeswehrgeneral-heer-muss-sich-auf-kampf-heute-nacht-vorbereiten\/#respond\"]}]},{\"@type\":\"WebPage\",\"@id\":\"https:\/\/now-news.de\/de\/deutschland\/bundeswehrgeneral-heer-muss-sich-auf-kampf-heute-nacht-vorbereiten\/\",\"url\":\"https:\/\/now-news.de\/de\/deutschland\/bundeswehrgeneral-heer-muss-sich-auf-kampf-heute-nacht-vorbereiten\/\",\"name\":\"Bundeswehrgeneral: Heer muss sich auf &quot;Kampf heute Nacht&quot; vorbereiten - just-now.NEWS Deutschland\",\"isPartOf\":{\"@id\":\"https:\/\/now-news.de\/de\/#website\"},\"primaryImageOfPage\":{\"@id\":\"https:\/\/now-news.de\/de\/deutschland\/bundeswehrgeneral-heer-muss-sich-auf-kampf-heute-nacht-vorbereiten\/#primaryimage\"},\"image\":{\"@id\":\"https:\/\/now-news.de\/de\/deutschland\/bundeswehrgeneral-heer-muss-sich-auf-kampf-heute-nacht-vorbereiten\/#primaryimage\"},\"thumbnailUrl\":\"https:\/\/now-news.de\/de\/wp-content\/uploads\/sites\/3\/2024\/12\/Bundeswehrgeneral-Heer-muss-sich-auf-quotKampf-heute-Nachtquot-vorbereiten.jpg\",\"datePublished\":\"2024-12-27T08:30:54+00:00\",\"dateModified\":\"2024-12-27T08:30:54+00:00\",\"breadcrumb\":{\"@id\":\"https:\/\/now-news.de\/de\/deutschland\/bundeswehrgeneral-heer-muss-sich-auf-kampf-heute-nacht-vorbereiten\/#breadcrumb\"},\"inLanguage\":\"de\",\"potentialAction\":[{\"@type\":\"ReadAction\",\"target\":[\"https:\/\/now-news.de\/de\/deutschland\/bundeswehrgeneral-heer-muss-sich-auf-kampf-heute-nacht-vorbereiten\/\"]}]},{\"@type\":\"ImageObject\",\"inLanguage\":\"de\",\"@id\":\"https:\/\/now-news.de\/de\/deutschland\/bundeswehrgeneral-heer-muss-sich-auf-kampf-heute-nacht-vorbereiten\/#primaryimage\",\"url\":\"https:\/\/now-news.de\/de\/wp-content\/uploads\/sites\/3\/2024\/12\/Bundeswehrgeneral-Heer-muss-sich-auf-quotKampf-heute-Nachtquot-vorbereiten.jpg\",\"contentUrl\":\"https:\/\/now-news.de\/de\/wp-content\/uploads\/sites\/3\/2024\/12\/Bundeswehrgeneral-Heer-muss-sich-auf-quotKampf-heute-Nachtquot-vorbereiten.jpg\",\"width\":460,\"height\":259,\"caption\":\"Bundeswehrgeneral: Heer muss sich auf &quot;Kampf heute Nacht&quot; vorbereiten\"},{\"@type\":\"BreadcrumbList\",\"@id\":\"https:\/\/now-news.de\/de\/deutschland\/bundeswehrgeneral-heer-muss-sich-auf-kampf-heute-nacht-vorbereiten\/#breadcrumb\",\"itemListElement\":[{\"@type\":\"ListItem\",\"position\":1,\"name\":\"Home\",\"item\":\"https:\/\/now-news.de\/de\/\"},{\"@type\":\"ListItem\",\"position\":2,\"name\":\"Bundeswehrgeneral: Heer muss sich auf &quot;Kampf heute Nacht&quot; vorbereiten\"}]},{\"@type\":\"WebSite\",\"@id\":\"https:\/\/now-news.de\/de\/#website\",\"url\":\"https:\/\/now-news.de\/de\/\",\"name\":\"just-now.NEWS Deutschland\",\"description\":\"Das Portal f\u00fcr unzensierte Nachrichten aus der Welt\",\"publisher\":{\"@id\":\"https:\/\/now-news.de\/de\/#organization\"},\"potentialAction\":[{\"@type\":\"SearchAction\",\"target\":{\"@type\":\"EntryPoint\",\"urlTemplate\":\"https:\/\/now-news.de\/de\/?s={search_term_string}\"},\"query-input\":\"required name=search_term_string\"}],\"inLanguage\":\"de\"},{\"@type\":\"Organization\",\"@id\":\"https:\/\/now-news.de\/de\/#organization\",\"name\":\"Just Now News\",\"url\":\"https:\/\/now-news.de\/de\/\",\"logo\":{\"@type\":\"ImageObject\",\"inLanguage\":\"de\",\"@id\":\"https:\/\/now-news.de\/de\/#\/schema\/logo\/image\/\",\"url\":\"http:\/\/just-now.news\/de\/wp-content\/uploads\/sites\/3\/2022\/04\/logo500x500.jpg\",\"contentUrl\":\"http:\/\/just-now.news\/de\/wp-content\/uploads\/sites\/3\/2022\/04\/logo500x500.jpg\",\"width\":500,\"height\":500,\"caption\":\"Just Now News\"},\"image\":{\"@id\":\"https:\/\/now-news.de\/de\/#\/schema\/logo\/image\/\"},\"sameAs\":[\"https:\/\/www.facebook.com\/wirmachenauf\",\"https:\/\/x.com\/WirMachenAuf_de\"]},{\"@type\":\"Person\",\"@id\":\"https:\/\/now-news.de\/de\/#\/schema\/person\/fb534a4e865501d8b3285208df34a9b5\",\"name\":\"rtnews\",\"image\":{\"@type\":\"ImageObject\",\"inLanguage\":\"de\",\"@id\":\"https:\/\/now-news.de\/de\/#\/schema\/person\/image\/\",\"url\":\"https:\/\/secure.gravatar.com\/avatar\/82aafea7d8127119dd649515f56e2117?s=96&d=mm&r=g\",\"contentUrl\":\"https:\/\/secure.gravatar.com\/avatar\/82aafea7d8127119dd649515f56e2117?s=96&d=mm&r=g\",\"caption\":\"rtnews\"},\"url\":\"https:\/\/now-news.de\/de\/author\/rnews\/\"}]}<\/script>\n<!-- \/ Yoast SEO Premium plugin. -->","yoast_head_json":{"title":"Bundeswehrgeneral: Heer muss sich auf &quot;Kampf heute Nacht&quot; vorbereiten - just-now.NEWS Deutschland","robots":{"index":"index","follow":"follow","max-snippet":"max-snippet:-1","max-image-preview":"max-image-preview:large","max-video-preview":"max-video-preview:-1"},"canonical":"https:\/\/now-news.de\/de\/deutschland\/bundeswehrgeneral-heer-muss-sich-auf-kampf-heute-nacht-vorbereiten\/","og_locale":"de_DE","og_type":"article","og_title":"Bundeswehrgeneral: Heer muss sich auf &quot;Kampf heute Nacht&quot; vorbereiten","og_description":"&#8220;Kriegst\u00fcchtig&#8221; erst im kommenden Jahrzehnt? Das gen\u00fcgt nicht, findet der Kommandeur des Feldheeres der Bundeswehr. Man m\u00fcsse sofort k\u00e4mpfen k\u00f6nnen, schreibt der General in einem Artikel, und fordert von der Truppe mehr Realismus und Pragmatismus. Der Bundeswehrgeneral\u00a0Harald Gante hat gefordert, dass das Heer sich auf einen &#8220;Kampf heute Nacht&#8221; vorbereiten m\u00fcsse. Gante ist nicht irgendein [&hellip;]","og_url":"https:\/\/now-news.de\/de\/deutschland\/bundeswehrgeneral-heer-muss-sich-auf-kampf-heute-nacht-vorbereiten\/","og_site_name":"just-now.NEWS Deutschland","article_publisher":"https:\/\/www.facebook.com\/wirmachenauf","article_published_time":"2024-12-27T08:30:54+00:00","og_image":[{"url":"https:\/\/now-news.de\/de\/wp-content\/uploads\/sites\/3\/2024\/12\/676e5e3648fbef1cef7547d8.jpg"}],"author":"rtnews","twitter_card":"summary_large_image","twitter_creator":"@WirMachenAuf_de","twitter_site":"@WirMachenAuf_de","twitter_misc":{"Verfasst von":"rtnews","Gesch\u00e4tzte Lesezeit":"5\u00a0Minuten"},"schema":{"@context":"https:\/\/schema.org","@graph":[{"@type":"Article","@id":"https:\/\/now-news.de\/de\/deutschland\/bundeswehrgeneral-heer-muss-sich-auf-kampf-heute-nacht-vorbereiten\/#article","isPartOf":{"@id":"https:\/\/now-news.de\/de\/deutschland\/bundeswehrgeneral-heer-muss-sich-auf-kampf-heute-nacht-vorbereiten\/"},"author":{"name":"rtnews","@id":"https:\/\/now-news.de\/de\/#\/schema\/person\/fb534a4e865501d8b3285208df34a9b5"},"headline":"Bundeswehrgeneral: Heer muss sich auf &quot;Kampf heute Nacht&quot; vorbereiten","datePublished":"2024-12-27T08:30:54+00:00","dateModified":"2024-12-27T08:30:54+00:00","mainEntityOfPage":{"@id":"https:\/\/now-news.de\/de\/deutschland\/bundeswehrgeneral-heer-muss-sich-auf-kampf-heute-nacht-vorbereiten\/"},"wordCount":966,"commentCount":0,"publisher":{"@id":"https:\/\/now-news.de\/de\/#organization"},"image":{"@id":"https:\/\/now-news.de\/de\/deutschland\/bundeswehrgeneral-heer-muss-sich-auf-kampf-heute-nacht-vorbereiten\/#primaryimage"},"thumbnailUrl":"https:\/\/now-news.de\/de\/wp-content\/uploads\/sites\/3\/2024\/12\/Bundeswehrgeneral-Heer-muss-sich-auf-quotKampf-heute-Nachtquot-vorbereiten.jpg","keywords":["AUF","Bundeswehrgeneral","Heer","Heute","muss","Nachtquot","quotKampf","sich","vorbereiten"],"articleSection":["Deutschland","Russland"],"inLanguage":"de","potentialAction":[{"@type":"CommentAction","name":"Comment","target":["https:\/\/now-news.de\/de\/deutschland\/bundeswehrgeneral-heer-muss-sich-auf-kampf-heute-nacht-vorbereiten\/#respond"]}]},{"@type":"WebPage","@id":"https:\/\/now-news.de\/de\/deutschland\/bundeswehrgeneral-heer-muss-sich-auf-kampf-heute-nacht-vorbereiten\/","url":"https:\/\/now-news.de\/de\/deutschland\/bundeswehrgeneral-heer-muss-sich-auf-kampf-heute-nacht-vorbereiten\/","name":"Bundeswehrgeneral: Heer muss sich auf &quot;Kampf heute Nacht&quot; vorbereiten - just-now.NEWS Deutschland","isPartOf":{"@id":"https:\/\/now-news.de\/de\/#website"},"primaryImageOfPage":{"@id":"https:\/\/now-news.de\/de\/deutschland\/bundeswehrgeneral-heer-muss-sich-auf-kampf-heute-nacht-vorbereiten\/#primaryimage"},"image":{"@id":"https:\/\/now-news.de\/de\/deutschland\/bundeswehrgeneral-heer-muss-sich-auf-kampf-heute-nacht-vorbereiten\/#primaryimage"},"thumbnailUrl":"https:\/\/now-news.de\/de\/wp-content\/uploads\/sites\/3\/2024\/12\/Bundeswehrgeneral-Heer-muss-sich-auf-quotKampf-heute-Nachtquot-vorbereiten.jpg","datePublished":"2024-12-27T08:30:54+00:00","dateModified":"2024-12-27T08:30:54+00:00","breadcrumb":{"@id":"https:\/\/now-news.de\/de\/deutschland\/bundeswehrgeneral-heer-muss-sich-auf-kampf-heute-nacht-vorbereiten\/#breadcrumb"},"inLanguage":"de","potentialAction":[{"@type":"ReadAction","target":["https:\/\/now-news.de\/de\/deutschland\/bundeswehrgeneral-heer-muss-sich-auf-kampf-heute-nacht-vorbereiten\/"]}]},{"@type":"ImageObject","inLanguage":"de","@id":"https:\/\/now-news.de\/de\/deutschland\/bundeswehrgeneral-heer-muss-sich-auf-kampf-heute-nacht-vorbereiten\/#primaryimage","url":"https:\/\/now-news.de\/de\/wp-content\/uploads\/sites\/3\/2024\/12\/Bundeswehrgeneral-Heer-muss-sich-auf-quotKampf-heute-Nachtquot-vorbereiten.jpg","contentUrl":"https:\/\/now-news.de\/de\/wp-content\/uploads\/sites\/3\/2024\/12\/Bundeswehrgeneral-Heer-muss-sich-auf-quotKampf-heute-Nachtquot-vorbereiten.jpg","width":460,"height":259,"caption":"Bundeswehrgeneral: Heer muss sich auf &quot;Kampf heute Nacht&quot; vorbereiten"},{"@type":"BreadcrumbList","@id":"https:\/\/now-news.de\/de\/deutschland\/bundeswehrgeneral-heer-muss-sich-auf-kampf-heute-nacht-vorbereiten\/#breadcrumb","itemListElement":[{"@type":"ListItem","position":1,"name":"Home","item":"https:\/\/now-news.de\/de\/"},{"@type":"ListItem","position":2,"name":"Bundeswehrgeneral: Heer muss sich auf &quot;Kampf heute Nacht&quot; vorbereiten"}]},{"@type":"WebSite","@id":"https:\/\/now-news.de\/de\/#website","url":"https:\/\/now-news.de\/de\/","name":"just-now.NEWS Deutschland","description":"Das Portal f\u00fcr unzensierte Nachrichten aus der Welt","publisher":{"@id":"https:\/\/now-news.de\/de\/#organization"},"potentialAction":[{"@type":"SearchAction","target":{"@type":"EntryPoint","urlTemplate":"https:\/\/now-news.de\/de\/?s={search_term_string}"},"query-input":"required name=search_term_string"}],"inLanguage":"de"},{"@type":"Organization","@id":"https:\/\/now-news.de\/de\/#organization","name":"Just Now News","url":"https:\/\/now-news.de\/de\/","logo":{"@type":"ImageObject","inLanguage":"de","@id":"https:\/\/now-news.de\/de\/#\/schema\/logo\/image\/","url":"http:\/\/just-now.news\/de\/wp-content\/uploads\/sites\/3\/2022\/04\/logo500x500.jpg","contentUrl":"http:\/\/just-now.news\/de\/wp-content\/uploads\/sites\/3\/2022\/04\/logo500x500.jpg","width":500,"height":500,"caption":"Just Now News"},"image":{"@id":"https:\/\/now-news.de\/de\/#\/schema\/logo\/image\/"},"sameAs":["https:\/\/www.facebook.com\/wirmachenauf","https:\/\/x.com\/WirMachenAuf_de"]},{"@type":"Person","@id":"https:\/\/now-news.de\/de\/#\/schema\/person\/fb534a4e865501d8b3285208df34a9b5","name":"rtnews","image":{"@type":"ImageObject","inLanguage":"de","@id":"https:\/\/now-news.de\/de\/#\/schema\/person\/image\/","url":"https:\/\/secure.gravatar.com\/avatar\/82aafea7d8127119dd649515f56e2117?s=96&d=mm&r=g","contentUrl":"https:\/\/secure.gravatar.com\/avatar\/82aafea7d8127119dd649515f56e2117?s=96&d=mm&r=g","caption":"rtnews"},"url":"https:\/\/now-news.de\/de\/author\/rnews\/"}]}},"_links":{"self":[{"href":"https:\/\/now-news.de\/de\/wp-json\/wp\/v2\/posts\/75327"}],"collection":[{"href":"https:\/\/now-news.de\/de\/wp-json\/wp\/v2\/posts"}],"about":[{"href":"https:\/\/now-news.de\/de\/wp-json\/wp\/v2\/types\/post"}],"author":[{"embeddable":true,"href":"https:\/\/now-news.de\/de\/wp-json\/wp\/v2\/users\/3"}],"replies":[{"embeddable":true,"href":"https:\/\/now-news.de\/de\/wp-json\/wp\/v2\/comments?post=75327"}],"version-history":[{"count":0,"href":"https:\/\/now-news.de\/de\/wp-json\/wp\/v2\/posts\/75327\/revisions"}],"wp:featuredmedia":[{"embeddable":true,"href":"https:\/\/now-news.de\/de\/wp-json\/wp\/v2\/media\/75328"}],"wp:attachment":[{"href":"https:\/\/now-news.de\/de\/wp-json\/wp\/v2\/media?parent=75327"}],"wp:term":[{"taxonomy":"category","embeddable":true,"href":"https:\/\/now-news.de\/de\/wp-json\/wp\/v2\/categories?post=75327"},{"taxonomy":"post_tag","embeddable":true,"href":"https:\/\/now-news.de\/de\/wp-json\/wp\/v2\/tags?post=75327"}],"curies":[{"name":"wp","href":"https:\/\/api.w.org\/{rel}","templated":true}]}}