{"id":75289,"date":"2024-12-26T19:23:15","date_gmt":"2024-12-26T17:23:15","guid":{"rendered":"https:\/\/now-news.de\/de\/deutschland\/magdeburg-taeter-terrordrohungen-unter-dem-x-post-der-innenministerin-faeser-wurden-ignoriert\/"},"modified":"2024-12-26T19:23:15","modified_gmt":"2024-12-26T17:23:15","slug":"magdeburg-taeter-terrordrohungen-unter-dem-x-post-der-innenministerin-faeser-wurden-ignoriert","status":"publish","type":"post","link":"https:\/\/now-news.de\/de\/deutschland\/magdeburg-taeter-terrordrohungen-unter-dem-x-post-der-innenministerin-faeser-wurden-ignoriert\/","title":{"rendered":"Magdeburg-T\u00e4ter: Terrordrohungen unter dem X-Post der Innenministerin Faeser wurden ignoriert"},"content":{"rendered":"<p><img decoding=\"async\" src=\"https:\/\/now-news.de\/de\/wp-content\/uploads\/sites\/3\/2024\/12\/676d7f13b480cc067c005b47.jpg\" \/><\/p>\n<div class=\"Text-root Text-type_1 \">\n                Der Angreifer Taleb al-Abdulmohsen war den Beh\u00f6rden sp\u00e4testens seit 2013 gut bekannt. Doch die \u00dcberwachung des Gef\u00e4hrders verlor sich zwischen den beh\u00f6rdlichen Zust\u00e4ndigkeiten. Das Innenministerium bem\u00fcht sich um eine Erkl\u00e4rung, erwirkte aber das Gegenteil und stellte sich als hilflos blo\u00df.\n            <\/div>\n<p><\/p>\n<div class=\"Text-root Text-type_5 ArticleView-text ViewText-root \">\n<p>Tage nach dem t\u00f6dlichen Attentat in Magdeburg kommen immer mehr Details ans Licht, die auf ein Beh\u00f6rdenversagen hindeuten. Die Medien hatten unmissverst\u00e4ndliche Hinweise auf dem X-Account des T\u00e4ters Taleb al-Abdulmohsen in Bezug auf seine Gewaltbereitschaft entdeckt, und zwar buchst\u00e4blich &#8220;unter der Nase&#8221; der Bundesinnenministerin Nancy Faeser. &#8220;Der Mann aus Saudi-Arabien schrieb seine Anschlagsdrohung unter anderem direkt unter einem X-Post von Bundesinnenministerin Nancy Faeser auf X&#8221;, <a rel=\"nofollow noopener\" target=\"_blank\" href=\"https:\/\/apollo-news.net\/al-abdulmohsen-schrieb-terrordrohung-direkt-an-faeser\/\">stellte<\/a> das Nachrichtenportal <em>Apollo News <\/em>fest und fragte:<\/p>\n<blockquote>\n<p><em>&#8220;Wie konnten die Drohungen und Ank\u00fcndigungen von Taleb al-Abdulmohsen, dem Attent\u00e4ter von Magdeburg, auf diversen Wegen, wie unter anderem auf X, unbeachtet bleiben?&#8221;<\/em><\/p>\n<\/blockquote>\n<p>Auf X schrieb\u00a0al-Abdulmohsen <a rel=\"nofollow noopener\" target=\"_blank\" href=\"https:\/\/x.com\/DrTalebJawad\/status\/1789202108715016406?ref_src=twsrc%5Etfw%7Ctwcamp%5Etweetembed%7Ctwterm%5E1789202108715016406%7Ctwgr%5E5142b1eb5c954955c98ad2480b69296a2a3d2b06%7Ctwcon%5Es1_&amp;ref_url=https%3A%2F%2Fwww.bild.de%2Fpolitik%2Finland%2Fmagdeburg-attentaeter-drohte-unter-faesers-post-sie-sieht-schuld-bei-x-676bda4c826c293bcab82282\">Folgendes<\/a>:<\/p>\n<blockquote>\n<p><em>&#8220;Es ist sehr wahrscheinlich, dass ich in diesem Jahr sterbe, um Gerechtigkeit zu schaffen.&#8221; <\/em><\/p>\n<\/blockquote>\n<p>Dabei hat er sein vorheriges Posting angeheftet:<\/p>\n<blockquote>\n<p><em>&#8220;Der deutsche Terrorismus wird zur Rechenschaft gezogen&#8221;. <\/em><\/p>\n<\/blockquote>\n<p>Die Ank\u00fcndigungen des sp\u00e4teren T\u00e4ters\u00a0klangen ziemlich sicher nach einer Drohung durch ein Selbstmordattentat, bei dem auch viele Unschuldige sterben k\u00f6nnten. Faeser hatte am 8. Mai um 17:45 Uhr einen Kommentar zum\u00a0Angriff auf die Berliner Wirtschaftssenatorin Franziska Giffey gepostet. Dabei bezog sie sich auf die Stellungnahme des Bundeskanzlers Olaf Scholz zu diesem Vorfall, die knapp zwei Stunden ebenso auf X ver\u00f6ffentlicht worden war. In dieser X-Einbettung sind die ganzen Bez\u00fcge sichtbar:\u00a0<\/p>\n<div class=\"EmbedBlock-root EmbedBlock-twitter\">\n<div class=\"TwitterEmbed\">\n<blockquote class=\"twitter-tweet lazyload\" data-twitter=\"twitter-tweet\">\n<p lang=\"en\" dir=\"ltr\"><a rel=\"nofollow noopener\" target=\"_blank\" href=\"https:\/\/t.co\/3Zku0D9XPn\">https:\/\/t.co\/3Zku0D9XPn<\/a>It&#8217;s very likely that I will die this year in order to bring justice<\/p>\n<p>\u2014 Taleb Al Abdulmohsen (@DrTalebJawad) <a rel=\"nofollow noopener\" target=\"_blank\" href=\"https:\/\/twitter.com\/DrTalebJawad\/status\/1789202108715016406?ref_src=twsrc%5Etfw\">May 11, 2024<\/a><\/p><\/blockquote>\n<\/div>\n<\/div>\n<blockquote><\/blockquote>\n<blockquote><\/blockquote>\n<p>Hunderte Nutzer hinterlie\u00dfen unter dem Post der Innenministerin teilweise sehr kritische Kommentare mit Hinweisen auf Angriffe auf AfD-Politiker, die von den Medien und Politikern nicht skandalisiert\u00a0w\u00fcrden. Das Thema war konfliktbeladen und es gilt als sicher, dass der X-Thread zumindest vom Faeser-Team auf rechtswidrige oder verd\u00e4chtige Inhalte aufmerksam gepr\u00fcft wurde: Einer Anfrage der fraktionslosen Abgeordneten Joana Cotar im Fr\u00fchjahr dieses Jahres zufolge stellte die Bundesinnenministerin Faeser 51 Mal Anzeige wegen Beleidigung.\u00a0<\/p>\n<p><em>RT DE<\/em> sendete eine Anfrage an das Bundesministerium des Innern und f\u00fcr Heimat (BMI), ob ihm die Terrordrohung von al-Abdulmohsen vom 11. Mai auf X als solche aufgefallen sei. In ihrer Antwort verwies die Pressestelle auf eine vorherige Stellungnahme eines BMI-Sprechers, die lautet:\u00a0<\/p>\n<blockquote>\n<p><em>&#8220;Allen Hinweisen auf den Tatverd\u00e4chtigen wird durch die Ermittlungsbeh\u00f6rden umfassend nachgegangen. Es obliegt den Plattformen, ggf. strafbare Inhalte zu erkennen und zu entfernen.&#8221;<\/em>\u00a0<\/p>\n<\/blockquote>\n<p>Aus\u00a0dieser pauschal formulierten Antwort geht allerdings nicht hervor, was die Medien dieser Tage \u2013 ungeachtet politischer Pr\u00e4ferenzen \u2013 interessiert, und zwar, ob das Ministerium auf irgendeine Weise reagiert hatte, ob die Drohung auf X Ermittlungen ausgel\u00f6st habe, oder ob schon im Mai gegen den sp\u00e4teren Attent\u00e4ter ermittelt wurde.\u00a0<\/p>\n<p>Mit dem Verweis, dass es\u00a0den Plattformen obliege, ggf. strafbare Inhalte zu erkennen und zu entfernen, schiebt der Sprecher die\u00a0Verantwortung auf die soziale Plattform X. Das klingt jedoch viel eher nach einer Ausrede f\u00fcr das Nichtstun, da al-Abdulmohsen seine Anschlags-Ank\u00fcndigung direkt unter einen Beitrag der Innenministerin gesetzt hatte. In\u00a0seiner eigenen &#8220;<a rel=\"nofollow noopener\" target=\"_blank\" href=\"https:\/\/www.bmi.bund.de\/DE\/service\/kontakt\/social-media-redaktion\/social-media-redaktion-node.html\">Netiquette<\/a>&#8221; f\u00fcr den Umgang mit Social Media schreibt das BMI auf seiner Homepage, dass es sich vorbeh\u00e4lt, Beitr\u00e4ge zu l\u00f6schen oder Nutzer zu sperren.\u00a0<\/p>\n<p><strong>&#8220;Grund w\u00fctend zu sein&#8221; \u2013 worum es bei Besprechung um Giffey ging<\/strong><\/p>\n<p>Die Kommentare werden wohl beobachtet,\u00a0dennoch passierte nichts. Und nun zur\u00fcck zu dem &#8220;Angriff&#8221; auf Franziska Giffey. Vier Monate nach dem Angriff <a rel=\"nofollow noopener\" target=\"_blank\" href=\"https:\/\/www.zeit.de\/gesellschaft\/2024-09\/franziska-giffey-angriff-beschuldigter-gestaendnis\">gestand<\/a> der T\u00e4ter, ein 74-j\u00e4hriger Rentner, vor Gericht ein, dass er aus &#8220;Frust&#8221; gehandelt habe.\u00a0Die Politikerin h\u00e4tte 20 Jahre lang nicht auf seine Schreiben an sie reagiert, sagte der Angeklagte. Als sie am 7. Mai eine Bibliothek im Berliner Stadtteil Rudow besucht habe, sei er auf sie zugegangen und habe ihr einen mit Zeitungen gef\u00fcllten Einkaufsbeutel &#8220;um die Ohren&#8221; gehauen.\u00a0 Er habe Giffey einen &#8220;Denkzettel&#8221; verpassen wollen.\u00a0<\/p>\n<p>Zudem sei er w\u00fctend gewesen, dass Giffey bei dem Besuch in der Bibliothek mit dieser &#8220;angegeben&#8221; habe. Auch sei Giffey, Neuk\u00f6llns Bezirksb\u00fcrgermeisterin von 2015 bis 2018, daf\u00fcr verantwortlich, dass er sowohl vom B\u00fcrgeramt als auch der B\u00fccherei, die ihm keinen Ausweis ausstellen wollte, schlecht behandelt worden sei. &#8220;Ich hatte Grund genug, mich gerade \u00fcber sie zu erz\u00fcrnen&#8221;, sagte der Angeklagte. Die Staatsanwaltschaft wirft dem Mann gef\u00e4hrliche K\u00f6rperverletzung vor. Er habe zielgerichtet auf den Kopf- und Nackenbereich geschlagen, auch eine andere Frau sei am Arm getroffen worden.\u00a0<\/p>\n<p>Wut, Frust, Beleidigt-Sein auf Beh\u00f6rden. Dieses emotionale Gemisch hat auch den T\u00e4ter von Magdeburg in seinem Wahnsinn bewegt. Es besitzt fast eine makabre Komik, dass er seine Tat ausgerechnet bei der Besprechung dieses wirren Angriffs ank\u00fcndigte.\u00a0<\/p>\n<p>Trotz der offensichtlichen\u00a0Drohungen al-Abdulmohsens reagierten die Beh\u00f6rden kaum. Im Jahr 2023 bewerteten das LKA Sachsen-Anhalt und das BKA die Lage und kamen zu dem Schluss, von Al-Abdulmohsen gehe &#8220;keine konkrete Gefahr&#8221; aus. Dennoch erhielt er Monate vor der Tat eine schriftliche Gef\u00e4hrderansprache. Laut\u00a0<em>MDR<\/em>\u00a0war eine E-Mail von al-Abdulmohsen an die K\u00f6lner Staatsanwaltschaft Ausl\u00f6ser daf\u00fcr. Darin schrieb er:<\/p>\n<blockquote>\n<p><em>&#8220;Daher habe ich kein schlechtes Gewissen f\u00fcr die Ereignisse die in den n\u00e4chsten Tagen passieren werden [\u2026]&#8221;<\/em><\/p>\n<\/blockquote>\n<p>Die Beh\u00f6rden interpretierten dies als abstrakte Drohung. &#8220;Auch wenn Sie in diesem Fall keine konkreten Konsequenzen angedroht haben, werden Sie hiermit aufgefordert, Schreiben in dieser Form zu unterlassen. Diese k\u00f6nnten unter Umst\u00e4nden strafrechtliche Konsequenzen mit sich ziehen&#8221;,\u00a0hei\u00dft es in dem Dokument.\u00a0<\/p>\n<p><strong>Al-Abdulmohsen fiel deutscher Justiz bereits 2013 mit w\u00fcsten Drohungen auf<\/strong><\/p>\n<p>F\u00fcr <a rel=\"nofollow noopener\" target=\"_blank\" href=\"https:\/\/apollo-news.net\/hiermit-aufgefordert-es-zu-unterlassen-polizei-reagierte-auf-drohung-des-magdeburg-angreifers-mit-einer-gefaehrderansprache\/?_gl=1*9lakat*_up*MQ..*_ga*MTA2NjgyMDc2LjE3MzQ5NTAxODY.*_ga_7L9F1QF22R*MTczNDk1MDE4NS4xLjAuMTczNDk1MDE4NS4wLjAuMA..\">Aufsehen<\/a> in den Medien sorgten auch die fehlgeleiteten Hinweise einer Instagram-Nutzerin, die sich abwechselnd an deutsche Beh\u00f6rden wendete und schlie\u00dflich\u00a0irrt\u00fcmlich bei der Polizei in Berlin im US-Bundesstaat New Jersey landete. Die Nutzerin kontaktierte das\u00a0Bundesamt f\u00fcr Migration und Fl\u00fcchtlinge (BAMF)\u00a0auf Englisch via Instagram und warnte vor der Terrordrohung von Taleb al-Abdulmohsen. Sie nannte dem BAMF den Namen des Mannes, dessen Geburtsdatum und Staatsangeh\u00f6rigkeit sowie den aktuellen Wohnort in Bernburg.<\/p>\n<p>Am 27. September 2023 verwies das Social-Media-Team des BAMF sie an die Polizei. Die Nutzerin antwortete daraufhin, dass sie kein Deutsch spreche und sich nicht in Deutschland aufhalte. Darum bat sie das BAMF, f\u00fcr sie die Polizei zu kontaktieren.\u00a0Eine ihrer Nachrichten landete laut<em> Welt <\/em>sogar irrt\u00fcmlich bei der Polizei in Berlin im US-Bundesstaat New Jersey. Ein Sprecher des Bundesamtes teilte\u00a0<em>Apollo News<\/em>\u00a0mit, dass der Hinweis &#8220;wie jeder andere der zahlreichen Hinweise auch ernst genommen&#8221; wurde. Weiter hei\u00dft es: &#8220;Da das Bundesamt keine Ermittlungsbeh\u00f6rde ist, wurde die hinweisgebende Person, wie in solchen F\u00e4llen \u00fcblich, direkt an die verantwortlichen Beh\u00f6rden verwiesen.&#8221;<\/p>\n<p>Auch saudi-arabische Beh\u00f6rden sollen 2023 und 2024 deutsche Beh\u00f6rden \u00fcber Taleb al-Abdulmohsen informiert haben, wie die Nachrichtenagentur<em> Reuters <\/em>berichtet. Aus deutschen Sicherheitskreisen wurden diese Warnungen bez\u00fcglich der X-Posts von al-Abdulmohsen gegen\u00fcber der <em>Welt <\/em>best\u00e4tigt.<\/p>\n<p>Es ist auch nicht so, dass die deutschen Beh\u00f6rden nicht zuvor schon wussten, dass mit dem T\u00e4ter von Magdeburg etwas nicht stimmt. Bereits 2013 fiel er\u00a0als jemand auf, der gerne mit Terrordrohungen um sich schmei\u00dft. In einem Telefonat im April 2013 <a rel=\"nofollow noopener\" target=\"_blank\" href=\"https:\/\/freedert.online\/inland\/230552-attentaeter-von-magdeburg-war-wegen\/\">setzte<\/a> al-Abdulmohsen der\u00a0Leiterin des Referates f\u00fcr Aus- und Weiterbildung der \u00c4rztekammer Mecklenburg-Vorpommern eine Frist von zehn Tagen und drohte damit, dass bei Nichtzulassung &#8220;etwas Schlimmes mit internationaler Bedeutung&#8221; geschehen werde. Ihm ging offenbar die Bearbeitung seines Antrags auf Zulassung zur Facharztpr\u00fcfung, den er Anfang 2013 gestellt hatte, nicht schnell genug.<\/p>\n<p>Laut den Tatsachenfeststellungen im Urteil des Amtsgerichts Rostock soll er sogar ausdr\u00fccklich mit einem Terroranschlag wie in Boston gedroht haben. In Boston waren durch die Explosion von zwei Bomben drei Menschen get\u00f6tet und Hunderte verletzt worden. Den Wortlaut der Drohung hielt der Richter wie folgt fest:\u00a0<\/p>\n<blockquote>\n<p><em>&#8220;Haben Sie die Bilder aus Boston gesehen? Sowas passiert dann hier auch.&#8221;<\/em><\/p>\n<\/blockquote>\n<p>\u00c4hnliche Drohungen soll der Attent\u00e4ter von Magdeburg auch in an die \u00c4rztekammer gerichteten E-Mails ge\u00e4u\u00dfert haben. Die Referatsleiterin habe \u00fcber das Telefonat eine Gespr\u00e4chsnotiz angefertigt und die Polizei eingeschaltet, weil sie die Drohung &#8220;\u00e4u\u00dferst ernst&#8221; nahm.\u00a0<\/p>\n<p>Aber es gibt auch aktuellere F\u00e4lle: Im Sommer 2023 stand al-Abdulmohsen vor dem Landgericht K\u00f6ln. Aktivisten der Organisation &#8220;S\u00e4kulare Fl\u00fcchtlingshilfe&#8221; hatten ihn wegen Verleumdung verklagt. Urspr\u00fcnglich hatte die Organisation mit ihm kooperieren wollen, doch die Zusammenarbeit scheiterte, woraufhin er begann, Mitglieder \u00f6ffentlich zu diffamieren. Laut einer Pressemitteilung der Organisation verhielt sich al-Abdulmohsen vor Gericht &#8220;fahrig und st\u00f6rend&#8221;. Bei der Urteilsverk\u00fcndung bekam er einen Tobsuchtsanfall, und die Sicherheitskr\u00e4fte mussten ihn aus dem Saal entfernen.<\/p>\n<p>Das Gericht verpflichtete ihn, die Verleumdungen zu unterlassen, und drohte mit einer Geldstrafe von bis zu 250.000 Euro oder bis zu sechs Monaten Haft. Doch al-Abdulmohsen legte Berufung ein. In der Verhandlung im Oktober 2024 hielt er laut Michael Schmidt-Salomon, Vorstandssprecher der Giordano-Bruno-Stiftung, eine Wutrede. Dabei behauptete er, Europa vor der Islamisierung retten zu wollen, und bedrohte die Richterin. Wieder musste das Sicherheitspersonal eingreifen, um die Lage zu beruhigen.\u00a0<\/p>\n<p><strong>Mehr zum Thema<\/strong> \u2013 <a rel=\"nofollow noopener\" target=\"_blank\" href=\"https:\/\/freedert.online\/meinung\/230258-das-raetsel-um-den-magdeburger-attentaeter\/\">Das R\u00e4tsel um den Magdeburger Attent\u00e4ter<\/a><\/p>\n<div class=\"EmbedBlock-root EmbedBlock-externalVideo EmbedBlock-vk\">\n<div class=\"VkEmbed\"><iframe class=\"lazyload\" data-src=\"https:\/\/vk.com\/video_ext.php?oid=-134310637&amp;id=456282052\" frameborder=\"0\" width=\"853\" height=\"480\" allowfullscreen><\/iframe><\/div>\n<\/div>\n<\/div>\n<p><script async src=\"https:\/\/platform.twitter.com\/widgets.js\" charset=\"utf-8\"><\/script><br \/>\n<br \/><br \/>\n<br \/><a href=\"https:\/\/de.rt.com\/inland\/230800-magdeburg-taeter-terrordrohungen-unter-x-post-innenministerin-faeser-ignoriert\/\">Source link <\/a><\/p>\n","protected":false},"excerpt":{"rendered":"<p>Der Angreifer Taleb al-Abdulmohsen war den Beh\u00f6rden sp\u00e4testens seit 2013 gut bekannt. Doch die \u00dcberwachung des Gef\u00e4hrders verlor sich zwischen den beh\u00f6rdlichen Zust\u00e4ndigkeiten. Das Innenministerium bem\u00fcht sich um eine Erkl\u00e4rung, erwirkte aber das Gegenteil und stellte sich als hilflos blo\u00df. Tage nach dem t\u00f6dlichen Attentat in Magdeburg kommen immer mehr Details ans Licht, die auf [&hellip;]<\/p>\n","protected":false},"author":3,"featured_media":75290,"comment_status":"open","ping_status":"open","sticky":false,"template":"","format":"standard","meta":{"_yoast_indexnow_last_ping":["1735233811"],"wp_automatic_camp":["217"],"6897d4944db496b64d411a17dc2037d3":["Magdeburg-T\u00e4ter: Terrordrohungen unter dem X-Post der Innenministerin Faeser wurden ignoriert"],"original_link":["https:\/\/de.rt.com\/inland\/230800-magdeburg-taeter-terrordrohungen-unter-x-post-innenministerin-faeser-ignoriert\/"],"jnews_social_counter_last_update":["1777111167"],"_thumbnail_id":["75290"],"_wptgpro_p2tg_sent2tg":["a:1:{i:23737;s:19:\"2024-12-26 19:24:43\";}"]},"categories":[19,23],"tags":[134,82,16802,14783,4732,61361,61362,908,3268,61363],"yoast_head":"<!-- This site is optimized with the Yoast SEO Premium plugin v22.7 (Yoast SEO v22.7) - https:\/\/yoast.com\/wordpress\/plugins\/seo\/ -->\n<title>Magdeburg-T\u00e4ter: Terrordrohungen unter dem X-Post der Innenministerin Faeser wurden ignoriert - just-now.NEWS Deutschland<\/title>\n<meta name=\"robots\" content=\"index, follow, max-snippet:-1, max-image-preview:large, max-video-preview:-1\" \/>\n<link rel=\"canonical\" href=\"https:\/\/now-news.de\/de\/deutschland\/magdeburg-taeter-terrordrohungen-unter-dem-x-post-der-innenministerin-faeser-wurden-ignoriert\/\" \/>\n<meta property=\"og:locale\" content=\"de_DE\" \/>\n<meta property=\"og:type\" content=\"article\" \/>\n<meta property=\"og:title\" content=\"Magdeburg-T\u00e4ter: Terrordrohungen unter dem X-Post der Innenministerin Faeser wurden ignoriert\" \/>\n<meta property=\"og:description\" content=\"Der Angreifer Taleb al-Abdulmohsen war den Beh\u00f6rden sp\u00e4testens seit 2013 gut bekannt. Doch die \u00dcberwachung des Gef\u00e4hrders verlor sich zwischen den beh\u00f6rdlichen Zust\u00e4ndigkeiten. Das Innenministerium bem\u00fcht sich um eine Erkl\u00e4rung, erwirkte aber das Gegenteil und stellte sich als hilflos blo\u00df. Tage nach dem t\u00f6dlichen Attentat in Magdeburg kommen immer mehr Details ans Licht, die auf [&hellip;]\" \/>\n<meta property=\"og:url\" content=\"https:\/\/now-news.de\/de\/deutschland\/magdeburg-taeter-terrordrohungen-unter-dem-x-post-der-innenministerin-faeser-wurden-ignoriert\/\" \/>\n<meta property=\"og:site_name\" content=\"just-now.NEWS Deutschland\" \/>\n<meta property=\"article:publisher\" content=\"https:\/\/www.facebook.com\/wirmachenauf\" \/>\n<meta property=\"article:published_time\" content=\"2024-12-26T17:23:15+00:00\" \/>\n<meta property=\"og:image\" content=\"https:\/\/now-news.de\/de\/wp-content\/uploads\/sites\/3\/2024\/12\/676d7f13b480cc067c005b47.jpg\" \/>\n<meta name=\"author\" content=\"rtnews\" \/>\n<meta name=\"twitter:card\" content=\"summary_large_image\" \/>\n<meta name=\"twitter:creator\" content=\"@WirMachenAuf_de\" \/>\n<meta name=\"twitter:site\" content=\"@WirMachenAuf_de\" \/>\n<meta name=\"twitter:label1\" content=\"Verfasst von\" \/>\n\t<meta name=\"twitter:data1\" content=\"rtnews\" \/>\n\t<meta name=\"twitter:label2\" content=\"Gesch\u00e4tzte Lesezeit\" \/>\n\t<meta name=\"twitter:data2\" content=\"8\u00a0Minuten\" \/>\n<script type=\"application\/ld+json\" class=\"yoast-schema-graph\">{\"@context\":\"https:\/\/schema.org\",\"@graph\":[{\"@type\":\"Article\",\"@id\":\"https:\/\/now-news.de\/de\/deutschland\/magdeburg-taeter-terrordrohungen-unter-dem-x-post-der-innenministerin-faeser-wurden-ignoriert\/#article\",\"isPartOf\":{\"@id\":\"https:\/\/now-news.de\/de\/deutschland\/magdeburg-taeter-terrordrohungen-unter-dem-x-post-der-innenministerin-faeser-wurden-ignoriert\/\"},\"author\":{\"name\":\"rtnews\",\"@id\":\"https:\/\/now-news.de\/de\/#\/schema\/person\/fb534a4e865501d8b3285208df34a9b5\"},\"headline\":\"Magdeburg-T\u00e4ter: Terrordrohungen unter dem X-Post der Innenministerin Faeser wurden ignoriert\",\"datePublished\":\"2024-12-26T17:23:15+00:00\",\"dateModified\":\"2024-12-26T17:23:15+00:00\",\"mainEntityOfPage\":{\"@id\":\"https:\/\/now-news.de\/de\/deutschland\/magdeburg-taeter-terrordrohungen-unter-dem-x-post-der-innenministerin-faeser-wurden-ignoriert\/\"},\"wordCount\":1522,\"commentCount\":0,\"publisher\":{\"@id\":\"https:\/\/now-news.de\/de\/#organization\"},\"image\":{\"@id\":\"https:\/\/now-news.de\/de\/deutschland\/magdeburg-taeter-terrordrohungen-unter-dem-x-post-der-innenministerin-faeser-wurden-ignoriert\/#primaryimage\"},\"thumbnailUrl\":\"https:\/\/now-news.de\/de\/wp-content\/uploads\/sites\/3\/2024\/12\/Magdeburg-Taeter-Terrordrohungen-unter-dem-X-Post-der-Innenministerin-Faeser-wurden-ignoriert.jpg\",\"keywords\":[\"DEM\",\"der\",\"Faeser\",\"ignoriert\",\"Innenministerin\",\"MagdeburgT\u00e4ter\",\"Terrordrohungen\",\"unter\",\"wurden\",\"XPost\"],\"articleSection\":[\"Deutschland\",\"Russland\"],\"inLanguage\":\"de\",\"potentialAction\":[{\"@type\":\"CommentAction\",\"name\":\"Comment\",\"target\":[\"https:\/\/now-news.de\/de\/deutschland\/magdeburg-taeter-terrordrohungen-unter-dem-x-post-der-innenministerin-faeser-wurden-ignoriert\/#respond\"]}]},{\"@type\":\"WebPage\",\"@id\":\"https:\/\/now-news.de\/de\/deutschland\/magdeburg-taeter-terrordrohungen-unter-dem-x-post-der-innenministerin-faeser-wurden-ignoriert\/\",\"url\":\"https:\/\/now-news.de\/de\/deutschland\/magdeburg-taeter-terrordrohungen-unter-dem-x-post-der-innenministerin-faeser-wurden-ignoriert\/\",\"name\":\"Magdeburg-T\u00e4ter: Terrordrohungen unter dem X-Post der Innenministerin Faeser wurden ignoriert - just-now.NEWS Deutschland\",\"isPartOf\":{\"@id\":\"https:\/\/now-news.de\/de\/#website\"},\"primaryImageOfPage\":{\"@id\":\"https:\/\/now-news.de\/de\/deutschland\/magdeburg-taeter-terrordrohungen-unter-dem-x-post-der-innenministerin-faeser-wurden-ignoriert\/#primaryimage\"},\"image\":{\"@id\":\"https:\/\/now-news.de\/de\/deutschland\/magdeburg-taeter-terrordrohungen-unter-dem-x-post-der-innenministerin-faeser-wurden-ignoriert\/#primaryimage\"},\"thumbnailUrl\":\"https:\/\/now-news.de\/de\/wp-content\/uploads\/sites\/3\/2024\/12\/Magdeburg-Taeter-Terrordrohungen-unter-dem-X-Post-der-Innenministerin-Faeser-wurden-ignoriert.jpg\",\"datePublished\":\"2024-12-26T17:23:15+00:00\",\"dateModified\":\"2024-12-26T17:23:15+00:00\",\"breadcrumb\":{\"@id\":\"https:\/\/now-news.de\/de\/deutschland\/magdeburg-taeter-terrordrohungen-unter-dem-x-post-der-innenministerin-faeser-wurden-ignoriert\/#breadcrumb\"},\"inLanguage\":\"de\",\"potentialAction\":[{\"@type\":\"ReadAction\",\"target\":[\"https:\/\/now-news.de\/de\/deutschland\/magdeburg-taeter-terrordrohungen-unter-dem-x-post-der-innenministerin-faeser-wurden-ignoriert\/\"]}]},{\"@type\":\"ImageObject\",\"inLanguage\":\"de\",\"@id\":\"https:\/\/now-news.de\/de\/deutschland\/magdeburg-taeter-terrordrohungen-unter-dem-x-post-der-innenministerin-faeser-wurden-ignoriert\/#primaryimage\",\"url\":\"https:\/\/now-news.de\/de\/wp-content\/uploads\/sites\/3\/2024\/12\/Magdeburg-Taeter-Terrordrohungen-unter-dem-X-Post-der-Innenministerin-Faeser-wurden-ignoriert.jpg\",\"contentUrl\":\"https:\/\/now-news.de\/de\/wp-content\/uploads\/sites\/3\/2024\/12\/Magdeburg-Taeter-Terrordrohungen-unter-dem-X-Post-der-Innenministerin-Faeser-wurden-ignoriert.jpg\",\"width\":460,\"height\":259,\"caption\":\"Magdeburg-T\u00e4ter: Terrordrohungen unter dem X-Post der Innenministerin Faeser wurden ignoriert\"},{\"@type\":\"BreadcrumbList\",\"@id\":\"https:\/\/now-news.de\/de\/deutschland\/magdeburg-taeter-terrordrohungen-unter-dem-x-post-der-innenministerin-faeser-wurden-ignoriert\/#breadcrumb\",\"itemListElement\":[{\"@type\":\"ListItem\",\"position\":1,\"name\":\"Home\",\"item\":\"https:\/\/now-news.de\/de\/\"},{\"@type\":\"ListItem\",\"position\":2,\"name\":\"Magdeburg-T\u00e4ter: Terrordrohungen unter dem X-Post der Innenministerin Faeser wurden ignoriert\"}]},{\"@type\":\"WebSite\",\"@id\":\"https:\/\/now-news.de\/de\/#website\",\"url\":\"https:\/\/now-news.de\/de\/\",\"name\":\"just-now.NEWS Deutschland\",\"description\":\"Das Portal f\u00fcr unzensierte Nachrichten aus der Welt\",\"publisher\":{\"@id\":\"https:\/\/now-news.de\/de\/#organization\"},\"potentialAction\":[{\"@type\":\"SearchAction\",\"target\":{\"@type\":\"EntryPoint\",\"urlTemplate\":\"https:\/\/now-news.de\/de\/?s={search_term_string}\"},\"query-input\":\"required name=search_term_string\"}],\"inLanguage\":\"de\"},{\"@type\":\"Organization\",\"@id\":\"https:\/\/now-news.de\/de\/#organization\",\"name\":\"Just Now News\",\"url\":\"https:\/\/now-news.de\/de\/\",\"logo\":{\"@type\":\"ImageObject\",\"inLanguage\":\"de\",\"@id\":\"https:\/\/now-news.de\/de\/#\/schema\/logo\/image\/\",\"url\":\"http:\/\/just-now.news\/de\/wp-content\/uploads\/sites\/3\/2022\/04\/logo500x500.jpg\",\"contentUrl\":\"http:\/\/just-now.news\/de\/wp-content\/uploads\/sites\/3\/2022\/04\/logo500x500.jpg\",\"width\":500,\"height\":500,\"caption\":\"Just Now News\"},\"image\":{\"@id\":\"https:\/\/now-news.de\/de\/#\/schema\/logo\/image\/\"},\"sameAs\":[\"https:\/\/www.facebook.com\/wirmachenauf\",\"https:\/\/x.com\/WirMachenAuf_de\"]},{\"@type\":\"Person\",\"@id\":\"https:\/\/now-news.de\/de\/#\/schema\/person\/fb534a4e865501d8b3285208df34a9b5\",\"name\":\"rtnews\",\"image\":{\"@type\":\"ImageObject\",\"inLanguage\":\"de\",\"@id\":\"https:\/\/now-news.de\/de\/#\/schema\/person\/image\/\",\"url\":\"https:\/\/secure.gravatar.com\/avatar\/82aafea7d8127119dd649515f56e2117?s=96&d=mm&r=g\",\"contentUrl\":\"https:\/\/secure.gravatar.com\/avatar\/82aafea7d8127119dd649515f56e2117?s=96&d=mm&r=g\",\"caption\":\"rtnews\"},\"url\":\"https:\/\/now-news.de\/de\/author\/rnews\/\"}]}<\/script>\n<!-- \/ Yoast SEO Premium plugin. -->","yoast_head_json":{"title":"Magdeburg-T\u00e4ter: Terrordrohungen unter dem X-Post der Innenministerin Faeser wurden ignoriert - just-now.NEWS Deutschland","robots":{"index":"index","follow":"follow","max-snippet":"max-snippet:-1","max-image-preview":"max-image-preview:large","max-video-preview":"max-video-preview:-1"},"canonical":"https:\/\/now-news.de\/de\/deutschland\/magdeburg-taeter-terrordrohungen-unter-dem-x-post-der-innenministerin-faeser-wurden-ignoriert\/","og_locale":"de_DE","og_type":"article","og_title":"Magdeburg-T\u00e4ter: Terrordrohungen unter dem X-Post der Innenministerin Faeser wurden ignoriert","og_description":"Der Angreifer Taleb al-Abdulmohsen war den Beh\u00f6rden sp\u00e4testens seit 2013 gut bekannt. Doch die \u00dcberwachung des Gef\u00e4hrders verlor sich zwischen den beh\u00f6rdlichen Zust\u00e4ndigkeiten. Das Innenministerium bem\u00fcht sich um eine Erkl\u00e4rung, erwirkte aber das Gegenteil und stellte sich als hilflos blo\u00df. Tage nach dem t\u00f6dlichen Attentat in Magdeburg kommen immer mehr Details ans Licht, die auf [&hellip;]","og_url":"https:\/\/now-news.de\/de\/deutschland\/magdeburg-taeter-terrordrohungen-unter-dem-x-post-der-innenministerin-faeser-wurden-ignoriert\/","og_site_name":"just-now.NEWS Deutschland","article_publisher":"https:\/\/www.facebook.com\/wirmachenauf","article_published_time":"2024-12-26T17:23:15+00:00","og_image":[{"url":"https:\/\/now-news.de\/de\/wp-content\/uploads\/sites\/3\/2024\/12\/676d7f13b480cc067c005b47.jpg"}],"author":"rtnews","twitter_card":"summary_large_image","twitter_creator":"@WirMachenAuf_de","twitter_site":"@WirMachenAuf_de","twitter_misc":{"Verfasst von":"rtnews","Gesch\u00e4tzte Lesezeit":"8\u00a0Minuten"},"schema":{"@context":"https:\/\/schema.org","@graph":[{"@type":"Article","@id":"https:\/\/now-news.de\/de\/deutschland\/magdeburg-taeter-terrordrohungen-unter-dem-x-post-der-innenministerin-faeser-wurden-ignoriert\/#article","isPartOf":{"@id":"https:\/\/now-news.de\/de\/deutschland\/magdeburg-taeter-terrordrohungen-unter-dem-x-post-der-innenministerin-faeser-wurden-ignoriert\/"},"author":{"name":"rtnews","@id":"https:\/\/now-news.de\/de\/#\/schema\/person\/fb534a4e865501d8b3285208df34a9b5"},"headline":"Magdeburg-T\u00e4ter: Terrordrohungen unter dem X-Post der Innenministerin Faeser wurden ignoriert","datePublished":"2024-12-26T17:23:15+00:00","dateModified":"2024-12-26T17:23:15+00:00","mainEntityOfPage":{"@id":"https:\/\/now-news.de\/de\/deutschland\/magdeburg-taeter-terrordrohungen-unter-dem-x-post-der-innenministerin-faeser-wurden-ignoriert\/"},"wordCount":1522,"commentCount":0,"publisher":{"@id":"https:\/\/now-news.de\/de\/#organization"},"image":{"@id":"https:\/\/now-news.de\/de\/deutschland\/magdeburg-taeter-terrordrohungen-unter-dem-x-post-der-innenministerin-faeser-wurden-ignoriert\/#primaryimage"},"thumbnailUrl":"https:\/\/now-news.de\/de\/wp-content\/uploads\/sites\/3\/2024\/12\/Magdeburg-Taeter-Terrordrohungen-unter-dem-X-Post-der-Innenministerin-Faeser-wurden-ignoriert.jpg","keywords":["DEM","der","Faeser","ignoriert","Innenministerin","MagdeburgT\u00e4ter","Terrordrohungen","unter","wurden","XPost"],"articleSection":["Deutschland","Russland"],"inLanguage":"de","potentialAction":[{"@type":"CommentAction","name":"Comment","target":["https:\/\/now-news.de\/de\/deutschland\/magdeburg-taeter-terrordrohungen-unter-dem-x-post-der-innenministerin-faeser-wurden-ignoriert\/#respond"]}]},{"@type":"WebPage","@id":"https:\/\/now-news.de\/de\/deutschland\/magdeburg-taeter-terrordrohungen-unter-dem-x-post-der-innenministerin-faeser-wurden-ignoriert\/","url":"https:\/\/now-news.de\/de\/deutschland\/magdeburg-taeter-terrordrohungen-unter-dem-x-post-der-innenministerin-faeser-wurden-ignoriert\/","name":"Magdeburg-T\u00e4ter: Terrordrohungen unter dem X-Post der Innenministerin Faeser wurden ignoriert - just-now.NEWS Deutschland","isPartOf":{"@id":"https:\/\/now-news.de\/de\/#website"},"primaryImageOfPage":{"@id":"https:\/\/now-news.de\/de\/deutschland\/magdeburg-taeter-terrordrohungen-unter-dem-x-post-der-innenministerin-faeser-wurden-ignoriert\/#primaryimage"},"image":{"@id":"https:\/\/now-news.de\/de\/deutschland\/magdeburg-taeter-terrordrohungen-unter-dem-x-post-der-innenministerin-faeser-wurden-ignoriert\/#primaryimage"},"thumbnailUrl":"https:\/\/now-news.de\/de\/wp-content\/uploads\/sites\/3\/2024\/12\/Magdeburg-Taeter-Terrordrohungen-unter-dem-X-Post-der-Innenministerin-Faeser-wurden-ignoriert.jpg","datePublished":"2024-12-26T17:23:15+00:00","dateModified":"2024-12-26T17:23:15+00:00","breadcrumb":{"@id":"https:\/\/now-news.de\/de\/deutschland\/magdeburg-taeter-terrordrohungen-unter-dem-x-post-der-innenministerin-faeser-wurden-ignoriert\/#breadcrumb"},"inLanguage":"de","potentialAction":[{"@type":"ReadAction","target":["https:\/\/now-news.de\/de\/deutschland\/magdeburg-taeter-terrordrohungen-unter-dem-x-post-der-innenministerin-faeser-wurden-ignoriert\/"]}]},{"@type":"ImageObject","inLanguage":"de","@id":"https:\/\/now-news.de\/de\/deutschland\/magdeburg-taeter-terrordrohungen-unter-dem-x-post-der-innenministerin-faeser-wurden-ignoriert\/#primaryimage","url":"https:\/\/now-news.de\/de\/wp-content\/uploads\/sites\/3\/2024\/12\/Magdeburg-Taeter-Terrordrohungen-unter-dem-X-Post-der-Innenministerin-Faeser-wurden-ignoriert.jpg","contentUrl":"https:\/\/now-news.de\/de\/wp-content\/uploads\/sites\/3\/2024\/12\/Magdeburg-Taeter-Terrordrohungen-unter-dem-X-Post-der-Innenministerin-Faeser-wurden-ignoriert.jpg","width":460,"height":259,"caption":"Magdeburg-T\u00e4ter: Terrordrohungen unter dem X-Post der Innenministerin Faeser wurden ignoriert"},{"@type":"BreadcrumbList","@id":"https:\/\/now-news.de\/de\/deutschland\/magdeburg-taeter-terrordrohungen-unter-dem-x-post-der-innenministerin-faeser-wurden-ignoriert\/#breadcrumb","itemListElement":[{"@type":"ListItem","position":1,"name":"Home","item":"https:\/\/now-news.de\/de\/"},{"@type":"ListItem","position":2,"name":"Magdeburg-T\u00e4ter: Terrordrohungen unter dem X-Post der Innenministerin Faeser wurden ignoriert"}]},{"@type":"WebSite","@id":"https:\/\/now-news.de\/de\/#website","url":"https:\/\/now-news.de\/de\/","name":"just-now.NEWS Deutschland","description":"Das Portal f\u00fcr unzensierte Nachrichten aus der Welt","publisher":{"@id":"https:\/\/now-news.de\/de\/#organization"},"potentialAction":[{"@type":"SearchAction","target":{"@type":"EntryPoint","urlTemplate":"https:\/\/now-news.de\/de\/?s={search_term_string}"},"query-input":"required name=search_term_string"}],"inLanguage":"de"},{"@type":"Organization","@id":"https:\/\/now-news.de\/de\/#organization","name":"Just Now News","url":"https:\/\/now-news.de\/de\/","logo":{"@type":"ImageObject","inLanguage":"de","@id":"https:\/\/now-news.de\/de\/#\/schema\/logo\/image\/","url":"http:\/\/just-now.news\/de\/wp-content\/uploads\/sites\/3\/2022\/04\/logo500x500.jpg","contentUrl":"http:\/\/just-now.news\/de\/wp-content\/uploads\/sites\/3\/2022\/04\/logo500x500.jpg","width":500,"height":500,"caption":"Just Now News"},"image":{"@id":"https:\/\/now-news.de\/de\/#\/schema\/logo\/image\/"},"sameAs":["https:\/\/www.facebook.com\/wirmachenauf","https:\/\/x.com\/WirMachenAuf_de"]},{"@type":"Person","@id":"https:\/\/now-news.de\/de\/#\/schema\/person\/fb534a4e865501d8b3285208df34a9b5","name":"rtnews","image":{"@type":"ImageObject","inLanguage":"de","@id":"https:\/\/now-news.de\/de\/#\/schema\/person\/image\/","url":"https:\/\/secure.gravatar.com\/avatar\/82aafea7d8127119dd649515f56e2117?s=96&d=mm&r=g","contentUrl":"https:\/\/secure.gravatar.com\/avatar\/82aafea7d8127119dd649515f56e2117?s=96&d=mm&r=g","caption":"rtnews"},"url":"https:\/\/now-news.de\/de\/author\/rnews\/"}]}},"_links":{"self":[{"href":"https:\/\/now-news.de\/de\/wp-json\/wp\/v2\/posts\/75289"}],"collection":[{"href":"https:\/\/now-news.de\/de\/wp-json\/wp\/v2\/posts"}],"about":[{"href":"https:\/\/now-news.de\/de\/wp-json\/wp\/v2\/types\/post"}],"author":[{"embeddable":true,"href":"https:\/\/now-news.de\/de\/wp-json\/wp\/v2\/users\/3"}],"replies":[{"embeddable":true,"href":"https:\/\/now-news.de\/de\/wp-json\/wp\/v2\/comments?post=75289"}],"version-history":[{"count":0,"href":"https:\/\/now-news.de\/de\/wp-json\/wp\/v2\/posts\/75289\/revisions"}],"wp:featuredmedia":[{"embeddable":true,"href":"https:\/\/now-news.de\/de\/wp-json\/wp\/v2\/media\/75290"}],"wp:attachment":[{"href":"https:\/\/now-news.de\/de\/wp-json\/wp\/v2\/media?parent=75289"}],"wp:term":[{"taxonomy":"category","embeddable":true,"href":"https:\/\/now-news.de\/de\/wp-json\/wp\/v2\/categories?post=75289"},{"taxonomy":"post_tag","embeddable":true,"href":"https:\/\/now-news.de\/de\/wp-json\/wp\/v2\/tags?post=75289"}],"curies":[{"name":"wp","href":"https:\/\/api.w.org\/{rel}","templated":true}]}}