{"id":75285,"date":"2024-12-26T16:06:35","date_gmt":"2024-12-26T14:06:35","guid":{"rendered":"https:\/\/now-news.de\/de\/deutschland\/staatschefs-am-horn-von-afrika-treffen-sich-inmitten-regionaler-spannungen\/"},"modified":"2024-12-26T16:06:35","modified_gmt":"2024-12-26T14:06:35","slug":"staatschefs-am-horn-von-afrika-treffen-sich-inmitten-regionaler-spannungen","status":"publish","type":"post","link":"https:\/\/now-news.de\/de\/deutschland\/staatschefs-am-horn-von-afrika-treffen-sich-inmitten-regionaler-spannungen\/","title":{"rendered":"Staatschefs am Horn von Afrika treffen sich inmitten regionaler Spannungen"},"content":{"rendered":"<p><img decoding=\"async\" src=\"https:\/\/now-news.de\/de\/wp-content\/uploads\/sites\/3\/2024\/12\/676d5297b480cc4a6e3ae474.jpg\" \/><\/p>\n<div class=\"Text-root Text-type_1 \">\n                Der somalische Pr\u00e4sident besuchte Eritrea, um die bilateralen Beziehungen und Fragen von gemeinsamem Interesse zu besprechen, darunter auch \u00c4thiopiens Bem\u00fchungen um einen Zugang zum Meer. In Eritrea gibt es Bedenken gegen die geplanten \u00e4thiopischen Einrichtungen in Somalia.\n            <\/div>\n<p><\/p>\n<div class=\"Text-root Text-type_5 ArticleView-text ViewText-root \">\n<p>Der somalische Pr\u00e4sident Hassan Sheikh Mohamud hat Eritrea einen offiziellen Besuch abgestattet, um Gespr\u00e4che mit dem Staatschef des Landes Isayas Afewerki zu f\u00fchren. Dies geschah inmitten der Spannungen am Horn von Afrika durch \u00c4thiopiens Pl\u00e4ne, \u00fcber die abtr\u00fcnnige Region Somaliland Zugang zum Roten Meer zu erlangen.<\/p>\n<p>Pr\u00e4sident Mohamud\u00a0traf Mittwochnachmittag in Asmara, der eritreischen Hauptstadt, ein, schrieb der eritreische Informationsminister Yemane Gebremeskel auf X.<\/p>\n<p><em>&#8220;Die beiden Staatschefs werden eine weitere St\u00e4rkung der bilateralen Beziehungen besprechen, wie auch regionale und internationale Angelegenheiten von beidseitigem Interesse&#8221;, erkl\u00e4rte er.<\/em><\/p>\n<p>Die zweit\u00e4gige Reise in das ostafrikanische Nachbarland, den Berichten nach die vierte innerhalb von sechs Monaten, geschieht zu einem Zeitpunkt, an dem Eritrea Besorgnis \u00fcber ein vorl\u00e4ufiges Abkommen ausgedr\u00fcckt hat, das \u00c4thiopien und Somalia vor Kurzem in der T\u00fcrkei unterzeichnet haben, um die Spannungen zwischen den beiden L\u00e4ndern zu verringern.<\/p>\n<p>Die Beziehungen zwischen Eritrea und Somalia haben sich verschlechtert, seit Addis Abeba mit Somaliland ein Abkommen getroffen hat, seine K\u00fcste f\u00fcr kommerzielle Zwecke und die Errichtung eines Marinest\u00fctzpunkts zu mieten, angeblich im Austausch f\u00fcr die Anerkennung der Unabh\u00e4ngigkeit der abtr\u00fcnnigen Region. Somalia, das Somaliland trotz dessen Unabh\u00e4ngigkeitserkl\u00e4rung vor mehr als 30\u00a0Jahren als sein eigenes Gebiet betrachtet, erachtet den Vertrag vom 1.\u00a0Januar als illegal, einen Akt der Aggression und eine Bedrohung seiner Souver\u00e4nit\u00e4t.<\/p>\n<p>Mogadischu hat seitdem \u00e4thiopische Diplomaten ausgewiesen, darunter auch den Botschafter, und die Schlie\u00dfung zweier Konsulate befohlen.<\/p>\n<p>Nach Gespr\u00e4chen, die der t\u00fcrkische Pr\u00e4sident Recep Tayyip Erdo\u011fan am 11.\u00a0Dezember in Ankara vermittelt hatte, kamen die Staatschefs der streitenden L\u00e4nder \u00fcberein, eine kommerzielle Regelung zu finden, die es dem Binnenland \u00c4thiopien erm\u00f6glicht, &#8220;einen verl\u00e4sslichen, sicheren und nachhaltigen Zugang vom und zum Meer zu genie\u00dfen, unter der souver\u00e4nen Autorit\u00e4t der Bundesrepublik Somalia&#8221;.<\/p>\n<p>Laut einer gemeinsamen Erkl\u00e4rung kamen Somalia und \u00c4thiopien \u00fcberein, die technischen Verhandlungen Ende Februar kommenden Jahres binnen vier Monaten abzuschlie\u00dfen.<\/p>\n<p>Eritrea erlangte seine Unabh\u00e4ngigkeit von \u00c4thiopien 1993 nach einem langj\u00e4hrigen Krieg, der einer der Schaupl\u00e4tze sowjetisch-chinesischer Konfrontation war; auch in den Jahrzehnten danach kam es immer wieder zu Spannungen zwischen den beiden L\u00e4ndern. Nach dem Zweiten Weltkrieg hatte \u00c4thiopien die italienische Kolonie annektiert. Durch Eritreas Unabh\u00e4ngigkeit wurde das afrikanische Land mit 108\u00a0Millionen Einwohnern, der zweitgr\u00f6\u00dften Bev\u00f6lkerung nach Nigeria, zu einem Binnenland. Eritrea hat die \u00dcbereinkunft von Ankara nach Berichten als &#8220;zwiesp\u00e4ltig&#8221; bezeichnet und ihr fehlende Transparenz vorgeworfen.<\/p>\n<p>Nach Bericht der <em>BBC\u00a0Somali<\/em> hat Abdulkadir Idris, ein Berater des \u00e4thiopischen Au\u00dfenministeriums, gewarnt, sein Land werde seine Beziehungen zu Somalia \u00fcberdenken, wenn es best\u00e4tigt, dass Mogadischu in dem &#8220;\u00fcberhasteten&#8221; Abkommen eine milit\u00e4rische Nutzung seiner Gew\u00e4sser gestattet hat.<\/p>\n<p><em>&#8220;Somalia ist ein unabh\u00e4ngiger Staat und frei, mit allen L\u00e4ndern Abkommen zu schlie\u00dfen. Wir sind uns jedoch dar\u00fcber im Klaren, dass die Absichten \u00c4thiopiens nicht g\u00e4nzlich durchschaubar sind&#8221;, sagte Idris zur BBC.<\/em><\/p>\n<p>Im Oktober unterzeichneten Somalia, Eritrea und \u00c4gypten ein Zusammenarbeitsabkommen, um, im gemeinsamen Misstrauen \u00c4thiopien gegen\u00fcber, die regionale und maritime Sicherheit zu st\u00e4rken.<\/p>\n<p><strong>Mehr zum Thema \u2013\u00a0<\/strong><a rel=\"nofollow noopener\" target=\"_blank\" href=\"https:\/\/freedert.online\/international\/197409-schlussfolgerungen-nach-zwei-jahren-analyse-des-neuen-kalten-krieges\/\">Zwei Jahre eines neuen Kalten Krieges: Analyse und Schlussfolgerungen<\/a><\/p>\n<div class=\"EmbedBlock-root EmbedBlock-externalVideo EmbedBlock-rumble\">\n<div class=\"VkEmbed\"><iframe class=\"lazyload\" data-src=\"https:\/\/rumble.com\/embed\/v60bktt\" frameborder=\"0\" width=\"853\" height=\"480\" allowfullscreen><\/iframe><\/div>\n<\/div>\n<\/div>\n<p><br \/>\n<br \/><a href=\"https:\/\/de.rt.com\/afrika\/230797-staatschefs-am-horn-von-afrika-treffen-sich-inmitten-regionaler-spannungen\/\">Source link <\/a><\/p>\n","protected":false},"excerpt":{"rendered":"<p>Der somalische Pr\u00e4sident besuchte Eritrea, um die bilateralen Beziehungen und Fragen von gemeinsamem Interesse zu besprechen, darunter auch \u00c4thiopiens Bem\u00fchungen um einen Zugang zum Meer. In Eritrea gibt es Bedenken gegen die geplanten \u00e4thiopischen Einrichtungen in Somalia. Der somalische Pr\u00e4sident Hassan Sheikh Mohamud hat Eritrea einen offiziellen Besuch abgestattet, um Gespr\u00e4che mit dem Staatschef des [&hellip;]<\/p>\n","protected":false},"author":3,"featured_media":75286,"comment_status":"open","ping_status":"open","sticky":false,"template":"","format":"standard","meta":{"_yoast_indexnow_last_ping":["1735228053"],"wp_automatic_camp":["217"],"d7f516839c10d92dab0b00598e500fe0":["Staatschefs am Horn von Afrika treffen sich inmitten regionaler Spannungen"],"original_link":["https:\/\/de.rt.com\/afrika\/230797-staatschefs-am-horn-von-afrika-treffen-sich-inmitten-regionaler-spannungen\/"],"_thumbnail_id":["75286"],"_wptgpro_p2tg_sent2tg":["a:1:{i:23737;s:19:\"2024-12-26 17:48:33\";}"],"jnews_social_counter_last_update":["1777556382"]},"categories":[19,23],"tags":[18099,51099,4219,20435,434,4832,34724,354,50],"yoast_head":"<!-- This site is optimized with the Yoast SEO Premium plugin v22.7 (Yoast SEO v22.7) - https:\/\/yoast.com\/wordpress\/plugins\/seo\/ -->\n<title>Staatschefs am Horn von Afrika treffen sich inmitten regionaler Spannungen - just-now.NEWS Deutschland<\/title>\n<meta name=\"robots\" content=\"index, follow, max-snippet:-1, max-image-preview:large, max-video-preview:-1\" \/>\n<link rel=\"canonical\" href=\"https:\/\/now-news.de\/de\/deutschland\/staatschefs-am-horn-von-afrika-treffen-sich-inmitten-regionaler-spannungen\/\" \/>\n<meta property=\"og:locale\" content=\"de_DE\" \/>\n<meta property=\"og:type\" content=\"article\" \/>\n<meta property=\"og:title\" content=\"Staatschefs am Horn von Afrika treffen sich inmitten regionaler Spannungen\" \/>\n<meta property=\"og:description\" content=\"Der somalische Pr\u00e4sident besuchte Eritrea, um die bilateralen Beziehungen und Fragen von gemeinsamem Interesse zu besprechen, darunter auch \u00c4thiopiens Bem\u00fchungen um einen Zugang zum Meer. In Eritrea gibt es Bedenken gegen die geplanten \u00e4thiopischen Einrichtungen in Somalia. Der somalische Pr\u00e4sident Hassan Sheikh Mohamud hat Eritrea einen offiziellen Besuch abgestattet, um Gespr\u00e4che mit dem Staatschef des [&hellip;]\" \/>\n<meta property=\"og:url\" content=\"https:\/\/now-news.de\/de\/deutschland\/staatschefs-am-horn-von-afrika-treffen-sich-inmitten-regionaler-spannungen\/\" \/>\n<meta property=\"og:site_name\" content=\"just-now.NEWS Deutschland\" \/>\n<meta property=\"article:publisher\" content=\"https:\/\/www.facebook.com\/wirmachenauf\" \/>\n<meta property=\"article:published_time\" content=\"2024-12-26T14:06:35+00:00\" \/>\n<meta property=\"og:image\" content=\"https:\/\/now-news.de\/de\/wp-content\/uploads\/sites\/3\/2024\/12\/676d5297b480cc4a6e3ae474.jpg\" \/>\n<meta name=\"author\" content=\"rtnews\" \/>\n<meta name=\"twitter:card\" content=\"summary_large_image\" \/>\n<meta name=\"twitter:creator\" content=\"@WirMachenAuf_de\" \/>\n<meta name=\"twitter:site\" content=\"@WirMachenAuf_de\" \/>\n<meta name=\"twitter:label1\" content=\"Verfasst von\" \/>\n\t<meta name=\"twitter:data1\" content=\"rtnews\" \/>\n\t<meta name=\"twitter:label2\" content=\"Gesch\u00e4tzte Lesezeit\" \/>\n\t<meta name=\"twitter:data2\" content=\"3\u00a0Minuten\" \/>\n<script type=\"application\/ld+json\" class=\"yoast-schema-graph\">{\"@context\":\"https:\/\/schema.org\",\"@graph\":[{\"@type\":\"Article\",\"@id\":\"https:\/\/now-news.de\/de\/deutschland\/staatschefs-am-horn-von-afrika-treffen-sich-inmitten-regionaler-spannungen\/#article\",\"isPartOf\":{\"@id\":\"https:\/\/now-news.de\/de\/deutschland\/staatschefs-am-horn-von-afrika-treffen-sich-inmitten-regionaler-spannungen\/\"},\"author\":{\"name\":\"rtnews\",\"@id\":\"https:\/\/now-news.de\/de\/#\/schema\/person\/fb534a4e865501d8b3285208df34a9b5\"},\"headline\":\"Staatschefs am Horn von Afrika treffen sich inmitten regionaler Spannungen\",\"datePublished\":\"2024-12-26T14:06:35+00:00\",\"dateModified\":\"2024-12-26T14:06:35+00:00\",\"mainEntityOfPage\":{\"@id\":\"https:\/\/now-news.de\/de\/deutschland\/staatschefs-am-horn-von-afrika-treffen-sich-inmitten-regionaler-spannungen\/\"},\"wordCount\":583,\"commentCount\":0,\"publisher\":{\"@id\":\"https:\/\/now-news.de\/de\/#organization\"},\"image\":{\"@id\":\"https:\/\/now-news.de\/de\/deutschland\/staatschefs-am-horn-von-afrika-treffen-sich-inmitten-regionaler-spannungen\/#primaryimage\"},\"thumbnailUrl\":\"https:\/\/now-news.de\/de\/wp-content\/uploads\/sites\/3\/2024\/12\/Staatschefs-am-Horn-von-Afrika-treffen-sich-inmitten-regionaler-Spannungen.jpg\",\"keywords\":[\"Afrika\",\"Horn\",\"inmitten\",\"regionaler\",\"sich\",\"Spannungen\",\"Staatschefs\",\"Treffen\",\"von\"],\"articleSection\":[\"Deutschland\",\"Russland\"],\"inLanguage\":\"de\",\"potentialAction\":[{\"@type\":\"CommentAction\",\"name\":\"Comment\",\"target\":[\"https:\/\/now-news.de\/de\/deutschland\/staatschefs-am-horn-von-afrika-treffen-sich-inmitten-regionaler-spannungen\/#respond\"]}]},{\"@type\":\"WebPage\",\"@id\":\"https:\/\/now-news.de\/de\/deutschland\/staatschefs-am-horn-von-afrika-treffen-sich-inmitten-regionaler-spannungen\/\",\"url\":\"https:\/\/now-news.de\/de\/deutschland\/staatschefs-am-horn-von-afrika-treffen-sich-inmitten-regionaler-spannungen\/\",\"name\":\"Staatschefs am Horn von Afrika treffen sich inmitten regionaler Spannungen - just-now.NEWS Deutschland\",\"isPartOf\":{\"@id\":\"https:\/\/now-news.de\/de\/#website\"},\"primaryImageOfPage\":{\"@id\":\"https:\/\/now-news.de\/de\/deutschland\/staatschefs-am-horn-von-afrika-treffen-sich-inmitten-regionaler-spannungen\/#primaryimage\"},\"image\":{\"@id\":\"https:\/\/now-news.de\/de\/deutschland\/staatschefs-am-horn-von-afrika-treffen-sich-inmitten-regionaler-spannungen\/#primaryimage\"},\"thumbnailUrl\":\"https:\/\/now-news.de\/de\/wp-content\/uploads\/sites\/3\/2024\/12\/Staatschefs-am-Horn-von-Afrika-treffen-sich-inmitten-regionaler-Spannungen.jpg\",\"datePublished\":\"2024-12-26T14:06:35+00:00\",\"dateModified\":\"2024-12-26T14:06:35+00:00\",\"breadcrumb\":{\"@id\":\"https:\/\/now-news.de\/de\/deutschland\/staatschefs-am-horn-von-afrika-treffen-sich-inmitten-regionaler-spannungen\/#breadcrumb\"},\"inLanguage\":\"de\",\"potentialAction\":[{\"@type\":\"ReadAction\",\"target\":[\"https:\/\/now-news.de\/de\/deutschland\/staatschefs-am-horn-von-afrika-treffen-sich-inmitten-regionaler-spannungen\/\"]}]},{\"@type\":\"ImageObject\",\"inLanguage\":\"de\",\"@id\":\"https:\/\/now-news.de\/de\/deutschland\/staatschefs-am-horn-von-afrika-treffen-sich-inmitten-regionaler-spannungen\/#primaryimage\",\"url\":\"https:\/\/now-news.de\/de\/wp-content\/uploads\/sites\/3\/2024\/12\/Staatschefs-am-Horn-von-Afrika-treffen-sich-inmitten-regionaler-Spannungen.jpg\",\"contentUrl\":\"https:\/\/now-news.de\/de\/wp-content\/uploads\/sites\/3\/2024\/12\/Staatschefs-am-Horn-von-Afrika-treffen-sich-inmitten-regionaler-Spannungen.jpg\",\"width\":460,\"height\":259,\"caption\":\"Staatschefs am Horn von Afrika treffen sich inmitten regionaler Spannungen\"},{\"@type\":\"BreadcrumbList\",\"@id\":\"https:\/\/now-news.de\/de\/deutschland\/staatschefs-am-horn-von-afrika-treffen-sich-inmitten-regionaler-spannungen\/#breadcrumb\",\"itemListElement\":[{\"@type\":\"ListItem\",\"position\":1,\"name\":\"Home\",\"item\":\"https:\/\/now-news.de\/de\/\"},{\"@type\":\"ListItem\",\"position\":2,\"name\":\"Staatschefs am Horn von Afrika treffen sich inmitten regionaler Spannungen\"}]},{\"@type\":\"WebSite\",\"@id\":\"https:\/\/now-news.de\/de\/#website\",\"url\":\"https:\/\/now-news.de\/de\/\",\"name\":\"just-now.NEWS Deutschland\",\"description\":\"Das Portal f\u00fcr unzensierte Nachrichten aus der Welt\",\"publisher\":{\"@id\":\"https:\/\/now-news.de\/de\/#organization\"},\"potentialAction\":[{\"@type\":\"SearchAction\",\"target\":{\"@type\":\"EntryPoint\",\"urlTemplate\":\"https:\/\/now-news.de\/de\/?s={search_term_string}\"},\"query-input\":\"required name=search_term_string\"}],\"inLanguage\":\"de\"},{\"@type\":\"Organization\",\"@id\":\"https:\/\/now-news.de\/de\/#organization\",\"name\":\"Just Now News\",\"url\":\"https:\/\/now-news.de\/de\/\",\"logo\":{\"@type\":\"ImageObject\",\"inLanguage\":\"de\",\"@id\":\"https:\/\/now-news.de\/de\/#\/schema\/logo\/image\/\",\"url\":\"http:\/\/just-now.news\/de\/wp-content\/uploads\/sites\/3\/2022\/04\/logo500x500.jpg\",\"contentUrl\":\"http:\/\/just-now.news\/de\/wp-content\/uploads\/sites\/3\/2022\/04\/logo500x500.jpg\",\"width\":500,\"height\":500,\"caption\":\"Just Now News\"},\"image\":{\"@id\":\"https:\/\/now-news.de\/de\/#\/schema\/logo\/image\/\"},\"sameAs\":[\"https:\/\/www.facebook.com\/wirmachenauf\",\"https:\/\/x.com\/WirMachenAuf_de\"]},{\"@type\":\"Person\",\"@id\":\"https:\/\/now-news.de\/de\/#\/schema\/person\/fb534a4e865501d8b3285208df34a9b5\",\"name\":\"rtnews\",\"image\":{\"@type\":\"ImageObject\",\"inLanguage\":\"de\",\"@id\":\"https:\/\/now-news.de\/de\/#\/schema\/person\/image\/\",\"url\":\"https:\/\/secure.gravatar.com\/avatar\/82aafea7d8127119dd649515f56e2117?s=96&d=mm&r=g\",\"contentUrl\":\"https:\/\/secure.gravatar.com\/avatar\/82aafea7d8127119dd649515f56e2117?s=96&d=mm&r=g\",\"caption\":\"rtnews\"},\"url\":\"https:\/\/now-news.de\/de\/author\/rnews\/\"}]}<\/script>\n<!-- \/ Yoast SEO Premium plugin. -->","yoast_head_json":{"title":"Staatschefs am Horn von Afrika treffen sich inmitten regionaler Spannungen - just-now.NEWS Deutschland","robots":{"index":"index","follow":"follow","max-snippet":"max-snippet:-1","max-image-preview":"max-image-preview:large","max-video-preview":"max-video-preview:-1"},"canonical":"https:\/\/now-news.de\/de\/deutschland\/staatschefs-am-horn-von-afrika-treffen-sich-inmitten-regionaler-spannungen\/","og_locale":"de_DE","og_type":"article","og_title":"Staatschefs am Horn von Afrika treffen sich inmitten regionaler Spannungen","og_description":"Der somalische Pr\u00e4sident besuchte Eritrea, um die bilateralen Beziehungen und Fragen von gemeinsamem Interesse zu besprechen, darunter auch \u00c4thiopiens Bem\u00fchungen um einen Zugang zum Meer. In Eritrea gibt es Bedenken gegen die geplanten \u00e4thiopischen Einrichtungen in Somalia. Der somalische Pr\u00e4sident Hassan Sheikh Mohamud hat Eritrea einen offiziellen Besuch abgestattet, um Gespr\u00e4che mit dem Staatschef des [&hellip;]","og_url":"https:\/\/now-news.de\/de\/deutschland\/staatschefs-am-horn-von-afrika-treffen-sich-inmitten-regionaler-spannungen\/","og_site_name":"just-now.NEWS Deutschland","article_publisher":"https:\/\/www.facebook.com\/wirmachenauf","article_published_time":"2024-12-26T14:06:35+00:00","og_image":[{"url":"https:\/\/now-news.de\/de\/wp-content\/uploads\/sites\/3\/2024\/12\/676d5297b480cc4a6e3ae474.jpg"}],"author":"rtnews","twitter_card":"summary_large_image","twitter_creator":"@WirMachenAuf_de","twitter_site":"@WirMachenAuf_de","twitter_misc":{"Verfasst von":"rtnews","Gesch\u00e4tzte Lesezeit":"3\u00a0Minuten"},"schema":{"@context":"https:\/\/schema.org","@graph":[{"@type":"Article","@id":"https:\/\/now-news.de\/de\/deutschland\/staatschefs-am-horn-von-afrika-treffen-sich-inmitten-regionaler-spannungen\/#article","isPartOf":{"@id":"https:\/\/now-news.de\/de\/deutschland\/staatschefs-am-horn-von-afrika-treffen-sich-inmitten-regionaler-spannungen\/"},"author":{"name":"rtnews","@id":"https:\/\/now-news.de\/de\/#\/schema\/person\/fb534a4e865501d8b3285208df34a9b5"},"headline":"Staatschefs am Horn von Afrika treffen sich inmitten regionaler Spannungen","datePublished":"2024-12-26T14:06:35+00:00","dateModified":"2024-12-26T14:06:35+00:00","mainEntityOfPage":{"@id":"https:\/\/now-news.de\/de\/deutschland\/staatschefs-am-horn-von-afrika-treffen-sich-inmitten-regionaler-spannungen\/"},"wordCount":583,"commentCount":0,"publisher":{"@id":"https:\/\/now-news.de\/de\/#organization"},"image":{"@id":"https:\/\/now-news.de\/de\/deutschland\/staatschefs-am-horn-von-afrika-treffen-sich-inmitten-regionaler-spannungen\/#primaryimage"},"thumbnailUrl":"https:\/\/now-news.de\/de\/wp-content\/uploads\/sites\/3\/2024\/12\/Staatschefs-am-Horn-von-Afrika-treffen-sich-inmitten-regionaler-Spannungen.jpg","keywords":["Afrika","Horn","inmitten","regionaler","sich","Spannungen","Staatschefs","Treffen","von"],"articleSection":["Deutschland","Russland"],"inLanguage":"de","potentialAction":[{"@type":"CommentAction","name":"Comment","target":["https:\/\/now-news.de\/de\/deutschland\/staatschefs-am-horn-von-afrika-treffen-sich-inmitten-regionaler-spannungen\/#respond"]}]},{"@type":"WebPage","@id":"https:\/\/now-news.de\/de\/deutschland\/staatschefs-am-horn-von-afrika-treffen-sich-inmitten-regionaler-spannungen\/","url":"https:\/\/now-news.de\/de\/deutschland\/staatschefs-am-horn-von-afrika-treffen-sich-inmitten-regionaler-spannungen\/","name":"Staatschefs am Horn von Afrika treffen sich inmitten regionaler Spannungen - just-now.NEWS Deutschland","isPartOf":{"@id":"https:\/\/now-news.de\/de\/#website"},"primaryImageOfPage":{"@id":"https:\/\/now-news.de\/de\/deutschland\/staatschefs-am-horn-von-afrika-treffen-sich-inmitten-regionaler-spannungen\/#primaryimage"},"image":{"@id":"https:\/\/now-news.de\/de\/deutschland\/staatschefs-am-horn-von-afrika-treffen-sich-inmitten-regionaler-spannungen\/#primaryimage"},"thumbnailUrl":"https:\/\/now-news.de\/de\/wp-content\/uploads\/sites\/3\/2024\/12\/Staatschefs-am-Horn-von-Afrika-treffen-sich-inmitten-regionaler-Spannungen.jpg","datePublished":"2024-12-26T14:06:35+00:00","dateModified":"2024-12-26T14:06:35+00:00","breadcrumb":{"@id":"https:\/\/now-news.de\/de\/deutschland\/staatschefs-am-horn-von-afrika-treffen-sich-inmitten-regionaler-spannungen\/#breadcrumb"},"inLanguage":"de","potentialAction":[{"@type":"ReadAction","target":["https:\/\/now-news.de\/de\/deutschland\/staatschefs-am-horn-von-afrika-treffen-sich-inmitten-regionaler-spannungen\/"]}]},{"@type":"ImageObject","inLanguage":"de","@id":"https:\/\/now-news.de\/de\/deutschland\/staatschefs-am-horn-von-afrika-treffen-sich-inmitten-regionaler-spannungen\/#primaryimage","url":"https:\/\/now-news.de\/de\/wp-content\/uploads\/sites\/3\/2024\/12\/Staatschefs-am-Horn-von-Afrika-treffen-sich-inmitten-regionaler-Spannungen.jpg","contentUrl":"https:\/\/now-news.de\/de\/wp-content\/uploads\/sites\/3\/2024\/12\/Staatschefs-am-Horn-von-Afrika-treffen-sich-inmitten-regionaler-Spannungen.jpg","width":460,"height":259,"caption":"Staatschefs am Horn von Afrika treffen sich inmitten regionaler Spannungen"},{"@type":"BreadcrumbList","@id":"https:\/\/now-news.de\/de\/deutschland\/staatschefs-am-horn-von-afrika-treffen-sich-inmitten-regionaler-spannungen\/#breadcrumb","itemListElement":[{"@type":"ListItem","position":1,"name":"Home","item":"https:\/\/now-news.de\/de\/"},{"@type":"ListItem","position":2,"name":"Staatschefs am Horn von Afrika treffen sich inmitten regionaler Spannungen"}]},{"@type":"WebSite","@id":"https:\/\/now-news.de\/de\/#website","url":"https:\/\/now-news.de\/de\/","name":"just-now.NEWS Deutschland","description":"Das Portal f\u00fcr unzensierte Nachrichten aus der Welt","publisher":{"@id":"https:\/\/now-news.de\/de\/#organization"},"potentialAction":[{"@type":"SearchAction","target":{"@type":"EntryPoint","urlTemplate":"https:\/\/now-news.de\/de\/?s={search_term_string}"},"query-input":"required name=search_term_string"}],"inLanguage":"de"},{"@type":"Organization","@id":"https:\/\/now-news.de\/de\/#organization","name":"Just Now News","url":"https:\/\/now-news.de\/de\/","logo":{"@type":"ImageObject","inLanguage":"de","@id":"https:\/\/now-news.de\/de\/#\/schema\/logo\/image\/","url":"http:\/\/just-now.news\/de\/wp-content\/uploads\/sites\/3\/2022\/04\/logo500x500.jpg","contentUrl":"http:\/\/just-now.news\/de\/wp-content\/uploads\/sites\/3\/2022\/04\/logo500x500.jpg","width":500,"height":500,"caption":"Just Now News"},"image":{"@id":"https:\/\/now-news.de\/de\/#\/schema\/logo\/image\/"},"sameAs":["https:\/\/www.facebook.com\/wirmachenauf","https:\/\/x.com\/WirMachenAuf_de"]},{"@type":"Person","@id":"https:\/\/now-news.de\/de\/#\/schema\/person\/fb534a4e865501d8b3285208df34a9b5","name":"rtnews","image":{"@type":"ImageObject","inLanguage":"de","@id":"https:\/\/now-news.de\/de\/#\/schema\/person\/image\/","url":"https:\/\/secure.gravatar.com\/avatar\/82aafea7d8127119dd649515f56e2117?s=96&d=mm&r=g","contentUrl":"https:\/\/secure.gravatar.com\/avatar\/82aafea7d8127119dd649515f56e2117?s=96&d=mm&r=g","caption":"rtnews"},"url":"https:\/\/now-news.de\/de\/author\/rnews\/"}]}},"_links":{"self":[{"href":"https:\/\/now-news.de\/de\/wp-json\/wp\/v2\/posts\/75285"}],"collection":[{"href":"https:\/\/now-news.de\/de\/wp-json\/wp\/v2\/posts"}],"about":[{"href":"https:\/\/now-news.de\/de\/wp-json\/wp\/v2\/types\/post"}],"author":[{"embeddable":true,"href":"https:\/\/now-news.de\/de\/wp-json\/wp\/v2\/users\/3"}],"replies":[{"embeddable":true,"href":"https:\/\/now-news.de\/de\/wp-json\/wp\/v2\/comments?post=75285"}],"version-history":[{"count":0,"href":"https:\/\/now-news.de\/de\/wp-json\/wp\/v2\/posts\/75285\/revisions"}],"wp:featuredmedia":[{"embeddable":true,"href":"https:\/\/now-news.de\/de\/wp-json\/wp\/v2\/media\/75286"}],"wp:attachment":[{"href":"https:\/\/now-news.de\/de\/wp-json\/wp\/v2\/media?parent=75285"}],"wp:term":[{"taxonomy":"category","embeddable":true,"href":"https:\/\/now-news.de\/de\/wp-json\/wp\/v2\/categories?post=75285"},{"taxonomy":"post_tag","embeddable":true,"href":"https:\/\/now-news.de\/de\/wp-json\/wp\/v2\/tags?post=75285"}],"curies":[{"name":"wp","href":"https:\/\/api.w.org\/{rel}","templated":true}]}}