{"id":75265,"date":"2024-12-26T15:02:48","date_gmt":"2024-12-26T13:02:48","guid":{"rendered":"https:\/\/now-news.de\/de\/deutschland\/finnland-haelt-mobilisierung-von-280-000-soldaten-binnen-einer-woche-fuer-moeglich\/"},"modified":"2024-12-26T15:02:48","modified_gmt":"2024-12-26T13:02:48","slug":"finnland-haelt-mobilisierung-von-280-000-soldaten-binnen-einer-woche-fuer-moeglich","status":"publish","type":"post","link":"https:\/\/now-news.de\/de\/deutschland\/finnland-haelt-mobilisierung-von-280-000-soldaten-binnen-einer-woche-fuer-moeglich\/","title":{"rendered":"Finnland h\u00e4lt Mobilisierung von 280.000 Soldaten binnen einer Woche f\u00fcr m\u00f6glich"},"content":{"rendered":"<p><img decoding=\"async\" src=\"https:\/\/now-news.de\/de\/wp-content\/uploads\/sites\/3\/2024\/12\/676d14b248fbef482e72815a.jpg\" \/><\/p>\n<div class=\"Text-root Text-type_1 \">\n                Finnland ist bereit, im Notfall 280.000 Soldaten binnen einer Woche zu mobilisieren. Pr\u00e4sident Stubb betont, dass das Land &#8220;wegen Moskau besorgt&#8221; sei. Die NATO sieht sich angesichts Russlands weiterhin mit wachsenden Herausforderungen konfrontiert. Der Ton bleibt rauh.\n            <\/div>\n<p><\/p>\n<div class=\"Text-root Text-type_5 ArticleView-text ViewText-root \">\n<p>Im Notfall kann Finnland binnen einer Woche 280.000 Soldaten mobilisieren, <a rel=\"nofollow noopener\" target=\"_blank\" href=\"https:\/\/www.independent.co.uk\/news\/world\/europe\/nato-russia-trump-ukraine-peace-defence-spending-b2667012.html\">erkl\u00e4rt<\/a> Pr\u00e4sident Alexander Stubb in einem Beitrag der Zeitung <em>The Independent. <\/em>Die finnischen Soldaten seien &#8220;mobilisiert und bis an die Z\u00e4hne bewaffnet&#8221;, zitiert das Blatt den Politiker.<\/p>\n<p>Finnlands Armee ist eine der gr\u00f6\u00dften in Europa, erinnert die Zeitung. Etwa 20 Prozent der 5,5 Millionen Einwohner des Landes erhalten eine milit\u00e4rische Ausbildung. Das Land gibt etwas mehr als 2,4 Prozent seines BIP f\u00fcr Verteidigung aus.\u00a0In Bezug auf Finnlands j\u00fcngste K\u00e4ufe im milit\u00e4rischen Bereich sowie auf das Wachstum seiner Streitkr\u00e4fte\u00a0erw\u00e4hnt Stubb: <br \/><em><\/em><\/p>\n<p><em>&#8220;Wir tun das nicht, weil wir uns wegen Stockholm oder London Sorgen machen. Wir tun das, weil uns Moskau Sorgen bereitet.&#8221;<\/em><\/p>\n<p>Die NATO verlangt von ihren Mitgliedsstaaten, mindestens zwei Prozent ihres BIP f\u00fcr Verteidigung auszugeben. Vor 2024 erf\u00fcllten jedoch nur ein Drittel der L\u00e4nder diese Verpflichtung. Mittlerweile setzen zwei Drittel der NATO-Mitglieder die Vorgabe um. Experten warnen jedoch noch immer, dass die Ausgaben zu niedrig seien, berichtet die Zeitung. Russland wird voraussichtlich ab dem ersten Quartal 2025 6,3 Prozent seines BIP f\u00fcr Verteidigung pro Jahr ausgeben.<\/p>\n<p>Als Finnland zusammen mit Schweden im Mai 2022 den Beitritt zur NATO beantragte und damit Jahrzehnten der Neutralit\u00e4t ein Ende setzte, wurde dies als erheblicher Beitrag zur milit\u00e4rischen St\u00e4rke des B\u00fcndnisses gefeiert. Mit dem Beitritt Finnlands und Schwedens ein Jahr sp\u00e4ter verdoppelte sich die L\u00e4nge der Grenze zwischen der NATO und Russland.<\/p>\n<p>Im Interview mit <em>The Independent<\/em> \u00e4u\u00dfern Stubb, der lettische Pr\u00e4sident Edgars Rink\u0113vi\u010ds und der estnische Premierminister Kristen Michal ihre Besorgnis \u00fcber die F\u00e4higkeit der NATO, Europa im Falle eines bewaffneten Konflikts mit Russland ohne die Unterst\u00fctzung der USA verteidigen zu k\u00f6nnen.\u00a0<\/p>\n<p>Stubb bekr\u00e4ftigt, dass die NATO-Staaten ihre Verteidigungsprobleme allein l\u00f6sen m\u00fcssten, das B\u00fcndnis aber ohne die USA nicht \u00fcberlebensf\u00e4hig sei:<em><\/p>\n<p>&#8220;Ich glaube nicht, dass wir die NATO ohne die Vereinigten Staaten haben k\u00f6nnen.&#8221;<\/em><\/p>\n<p>Lettlands Pr\u00e4sident Rink\u0113vi\u010ds r\u00e4umt ein:<\/p>\n<p><em>&#8220;Wir bilden Ukrainer gemeinsam mit Esten und Finnen aus, aber die Kapazit\u00e4ten reichen derzeit nicht aus.&#8221;<\/em><\/p>\n<p>Bei einem Treffen vergangene Woche in Br\u00fcssel behauptete der ukrainische Machthaber Wladimir Selenskij, es sei unm\u00f6glich, von einem erfolgreichen Ende der K\u00e4mpfe zu sprechen, wenn die Ukraine ausschlie\u00dflich Sicherheitsgarantien von europ\u00e4ischen L\u00e4ndern erhalte. Nur Garantien mit US-Unterst\u00fctzung w\u00fcrden ausreichen, um k\u00fcnftige Angriffe Russlands zu verhindern.<\/p>\n<p>Dabei\u00a0betonen die an der Frontlinie Europas liegenden L\u00e4nder wiederholt, dass Putin f\u00fcr &#8220;seine Invasion&#8221; nicht belohnt werden d\u00fcrfe und dass die Sicherheit des Kontinents vom Erfolg der Ukraine abh\u00e4nge.<em><\/em>Michal f\u00fchrt aus, dass wenn Russland gegen die Ukraine k\u00e4mpfe und die Ukraine besiegt w\u00fcrde, dann m\u00fcsse man sich nicht lange fragen, &#8220;wer als N\u00e4chstes an der Reihe ist&#8221;.<\/p>\n<p>Obwohl keiner der europ\u00e4ischen Staats- und Regierungschefs davon ausgeht, dass Trump die NATO trotz seiner langj\u00e4hrigen Skepsis gegen\u00fcber dem B\u00fcndnis verlassen w\u00fcrde, gibt es Bef\u00fcrchtungen, dass sich die USA letztlich auf China und den indopazifischen Raum einschlie\u00dflich der Verteidigung Taiwans konzentrieren werden.<\/p>\n<p>Experten haben auch darauf hingewiesen, dass, falls die USA ihre Ressourcen und ihren Fokus zu schnell auf den Indopazifik verlagern, ohne Europa gen\u00fcgend Zeit zu geben, unabh\u00e4ngiger zu werden, sie m\u00f6glicherweise viel st\u00e4rker in europ\u00e4ische Sicherheitsfragen hineingezogen werden \u2013 und das zu einem deutlich h\u00f6heren Preis.<\/p>\n<p>Abschlie\u00dfend zeigt sich Stubb davon \u00fcberzeugt, dass es im ureigenen Interesse der Vereinigten Staaten liege, sich weiterhin in Europa zu engagieren. Er glaube auf jeden Fall, dass wertebasierte B\u00fcndnisse viel l\u00e4nger halten w\u00fcrden als interessenbasierte B\u00fcndnisse.<\/p>\n<p>Mehr zum Thema \u2013 <a rel=\"nofollow noopener\" target=\"_blank\" href=\"https:\/\/freedert.online\/international\/224960-finnlands-praesident-lehnt-idee-blockfreien\/\">Finnland: Pr\u00e4sident lehnt Idee einer blockfreien Ukraine ab<\/a><\/p>\n<\/div>\n<p><br \/>\n<br \/><a href=\"https:\/\/de.rt.com\/international\/230759-finnland-mobilisierung-von-280000-soldaten\/\">Source link <\/a><\/p>\n","protected":false},"excerpt":{"rendered":"<p>Finnland ist bereit, im Notfall 280.000 Soldaten binnen einer Woche zu mobilisieren. Pr\u00e4sident Stubb betont, dass das Land &#8220;wegen Moskau besorgt&#8221; sei. Die NATO sieht sich angesichts Russlands weiterhin mit wachsenden Herausforderungen konfrontiert. Der Ton bleibt rauh. Im Notfall kann Finnland binnen einer Woche 280.000 Soldaten mobilisieren, erkl\u00e4rt Pr\u00e4sident Alexander Stubb in einem Beitrag der [&hellip;]<\/p>\n","protected":false},"author":3,"featured_media":75266,"comment_status":"open","ping_status":"open","sticky":false,"template":"","format":"standard","meta":{"_yoast_indexnow_last_ping":["1735218449"],"wp_automatic_camp":["217"],"4b7bd3eb8dac8d76abcd7ea492204313":["Finnland h\u00e4lt Mobilisierung von 280.000 Soldaten binnen einer Woche f\u00fcr m\u00f6glich"],"original_link":["https:\/\/de.rt.com\/international\/230759-finnland-mobilisierung-von-280000-soldaten\/"],"_thumbnail_id":["75266"],"jnews_social_counter_last_update":["1777607432"],"_wptgpro_p2tg_sent2tg":["a:1:{i:23737;s:19:\"2024-12-26 15:08:29\";}"]},"categories":[19,23],"tags":[34703,212,1906,221,2191,32784,2123,2333,50,3841],"yoast_head":"<!-- This site is optimized with the Yoast SEO Premium plugin v22.7 (Yoast SEO v22.7) - https:\/\/yoast.com\/wordpress\/plugins\/seo\/ -->\n<title>Finnland h\u00e4lt Mobilisierung von 280.000 Soldaten binnen einer Woche f\u00fcr m\u00f6glich - just-now.NEWS Deutschland<\/title>\n<meta name=\"robots\" content=\"index, follow, max-snippet:-1, max-image-preview:large, max-video-preview:-1\" \/>\n<link rel=\"canonical\" href=\"https:\/\/now-news.de\/de\/deutschland\/finnland-haelt-mobilisierung-von-280-000-soldaten-binnen-einer-woche-fuer-moeglich\/\" \/>\n<meta property=\"og:locale\" content=\"de_DE\" \/>\n<meta property=\"og:type\" content=\"article\" \/>\n<meta property=\"og:title\" content=\"Finnland h\u00e4lt Mobilisierung von 280.000 Soldaten binnen einer Woche f\u00fcr m\u00f6glich\" \/>\n<meta property=\"og:description\" content=\"Finnland ist bereit, im Notfall 280.000 Soldaten binnen einer Woche zu mobilisieren. Pr\u00e4sident Stubb betont, dass das Land &#8220;wegen Moskau besorgt&#8221; sei. Die NATO sieht sich angesichts Russlands weiterhin mit wachsenden Herausforderungen konfrontiert. Der Ton bleibt rauh. Im Notfall kann Finnland binnen einer Woche 280.000 Soldaten mobilisieren, erkl\u00e4rt Pr\u00e4sident Alexander Stubb in einem Beitrag der [&hellip;]\" \/>\n<meta property=\"og:url\" content=\"https:\/\/now-news.de\/de\/deutschland\/finnland-haelt-mobilisierung-von-280-000-soldaten-binnen-einer-woche-fuer-moeglich\/\" \/>\n<meta property=\"og:site_name\" content=\"just-now.NEWS Deutschland\" \/>\n<meta property=\"article:publisher\" content=\"https:\/\/www.facebook.com\/wirmachenauf\" \/>\n<meta property=\"article:published_time\" content=\"2024-12-26T13:02:48+00:00\" \/>\n<meta property=\"og:image\" content=\"https:\/\/now-news.de\/de\/wp-content\/uploads\/sites\/3\/2024\/12\/676d14b248fbef482e72815a.jpg\" \/>\n<meta name=\"author\" content=\"rtnews\" \/>\n<meta name=\"twitter:card\" content=\"summary_large_image\" \/>\n<meta name=\"twitter:creator\" content=\"@WirMachenAuf_de\" \/>\n<meta name=\"twitter:site\" content=\"@WirMachenAuf_de\" \/>\n<meta name=\"twitter:label1\" content=\"Verfasst von\" \/>\n\t<meta name=\"twitter:data1\" content=\"rtnews\" \/>\n\t<meta name=\"twitter:label2\" content=\"Gesch\u00e4tzte Lesezeit\" \/>\n\t<meta name=\"twitter:data2\" content=\"3\u00a0Minuten\" \/>\n<script type=\"application\/ld+json\" class=\"yoast-schema-graph\">{\"@context\":\"https:\/\/schema.org\",\"@graph\":[{\"@type\":\"Article\",\"@id\":\"https:\/\/now-news.de\/de\/deutschland\/finnland-haelt-mobilisierung-von-280-000-soldaten-binnen-einer-woche-fuer-moeglich\/#article\",\"isPartOf\":{\"@id\":\"https:\/\/now-news.de\/de\/deutschland\/finnland-haelt-mobilisierung-von-280-000-soldaten-binnen-einer-woche-fuer-moeglich\/\"},\"author\":{\"name\":\"rtnews\",\"@id\":\"https:\/\/now-news.de\/de\/#\/schema\/person\/fb534a4e865501d8b3285208df34a9b5\"},\"headline\":\"Finnland h\u00e4lt Mobilisierung von 280.000 Soldaten binnen einer Woche f\u00fcr m\u00f6glich\",\"datePublished\":\"2024-12-26T13:02:48+00:00\",\"dateModified\":\"2024-12-26T13:02:48+00:00\",\"mainEntityOfPage\":{\"@id\":\"https:\/\/now-news.de\/de\/deutschland\/finnland-haelt-mobilisierung-von-280-000-soldaten-binnen-einer-woche-fuer-moeglich\/\"},\"wordCount\":682,\"commentCount\":0,\"publisher\":{\"@id\":\"https:\/\/now-news.de\/de\/#organization\"},\"image\":{\"@id\":\"https:\/\/now-news.de\/de\/deutschland\/finnland-haelt-mobilisierung-von-280-000-soldaten-binnen-einer-woche-fuer-moeglich\/#primaryimage\"},\"thumbnailUrl\":\"https:\/\/now-news.de\/de\/wp-content\/uploads\/sites\/3\/2024\/12\/Finnland-haelt-Mobilisierung-von-280000-Soldaten-binnen-einer-Woche-fuer.jpg\",\"keywords\":[\"binnen\",\"einer\",\"Finnland\",\"f\u00fcr\",\"h\u00e4lt\",\"Mobilisierung\",\"m\u00f6glich\",\"Soldaten\",\"von\",\"Woche\"],\"articleSection\":[\"Deutschland\",\"Russland\"],\"inLanguage\":\"de\",\"potentialAction\":[{\"@type\":\"CommentAction\",\"name\":\"Comment\",\"target\":[\"https:\/\/now-news.de\/de\/deutschland\/finnland-haelt-mobilisierung-von-280-000-soldaten-binnen-einer-woche-fuer-moeglich\/#respond\"]}]},{\"@type\":\"WebPage\",\"@id\":\"https:\/\/now-news.de\/de\/deutschland\/finnland-haelt-mobilisierung-von-280-000-soldaten-binnen-einer-woche-fuer-moeglich\/\",\"url\":\"https:\/\/now-news.de\/de\/deutschland\/finnland-haelt-mobilisierung-von-280-000-soldaten-binnen-einer-woche-fuer-moeglich\/\",\"name\":\"Finnland h\u00e4lt Mobilisierung von 280.000 Soldaten binnen einer Woche f\u00fcr m\u00f6glich - just-now.NEWS Deutschland\",\"isPartOf\":{\"@id\":\"https:\/\/now-news.de\/de\/#website\"},\"primaryImageOfPage\":{\"@id\":\"https:\/\/now-news.de\/de\/deutschland\/finnland-haelt-mobilisierung-von-280-000-soldaten-binnen-einer-woche-fuer-moeglich\/#primaryimage\"},\"image\":{\"@id\":\"https:\/\/now-news.de\/de\/deutschland\/finnland-haelt-mobilisierung-von-280-000-soldaten-binnen-einer-woche-fuer-moeglich\/#primaryimage\"},\"thumbnailUrl\":\"https:\/\/now-news.de\/de\/wp-content\/uploads\/sites\/3\/2024\/12\/Finnland-haelt-Mobilisierung-von-280000-Soldaten-binnen-einer-Woche-fuer.jpg\",\"datePublished\":\"2024-12-26T13:02:48+00:00\",\"dateModified\":\"2024-12-26T13:02:48+00:00\",\"breadcrumb\":{\"@id\":\"https:\/\/now-news.de\/de\/deutschland\/finnland-haelt-mobilisierung-von-280-000-soldaten-binnen-einer-woche-fuer-moeglich\/#breadcrumb\"},\"inLanguage\":\"de\",\"potentialAction\":[{\"@type\":\"ReadAction\",\"target\":[\"https:\/\/now-news.de\/de\/deutschland\/finnland-haelt-mobilisierung-von-280-000-soldaten-binnen-einer-woche-fuer-moeglich\/\"]}]},{\"@type\":\"ImageObject\",\"inLanguage\":\"de\",\"@id\":\"https:\/\/now-news.de\/de\/deutschland\/finnland-haelt-mobilisierung-von-280-000-soldaten-binnen-einer-woche-fuer-moeglich\/#primaryimage\",\"url\":\"https:\/\/now-news.de\/de\/wp-content\/uploads\/sites\/3\/2024\/12\/Finnland-haelt-Mobilisierung-von-280000-Soldaten-binnen-einer-Woche-fuer.jpg\",\"contentUrl\":\"https:\/\/now-news.de\/de\/wp-content\/uploads\/sites\/3\/2024\/12\/Finnland-haelt-Mobilisierung-von-280000-Soldaten-binnen-einer-Woche-fuer.jpg\",\"width\":460,\"height\":259,\"caption\":\"Finnland h\u00e4lt Mobilisierung von 280.000 Soldaten binnen einer Woche f\u00fcr m\u00f6glich\"},{\"@type\":\"BreadcrumbList\",\"@id\":\"https:\/\/now-news.de\/de\/deutschland\/finnland-haelt-mobilisierung-von-280-000-soldaten-binnen-einer-woche-fuer-moeglich\/#breadcrumb\",\"itemListElement\":[{\"@type\":\"ListItem\",\"position\":1,\"name\":\"Home\",\"item\":\"https:\/\/now-news.de\/de\/\"},{\"@type\":\"ListItem\",\"position\":2,\"name\":\"Finnland h\u00e4lt Mobilisierung von 280.000 Soldaten binnen einer Woche f\u00fcr m\u00f6glich\"}]},{\"@type\":\"WebSite\",\"@id\":\"https:\/\/now-news.de\/de\/#website\",\"url\":\"https:\/\/now-news.de\/de\/\",\"name\":\"just-now.NEWS Deutschland\",\"description\":\"Das Portal f\u00fcr unzensierte Nachrichten aus der Welt\",\"publisher\":{\"@id\":\"https:\/\/now-news.de\/de\/#organization\"},\"potentialAction\":[{\"@type\":\"SearchAction\",\"target\":{\"@type\":\"EntryPoint\",\"urlTemplate\":\"https:\/\/now-news.de\/de\/?s={search_term_string}\"},\"query-input\":\"required name=search_term_string\"}],\"inLanguage\":\"de\"},{\"@type\":\"Organization\",\"@id\":\"https:\/\/now-news.de\/de\/#organization\",\"name\":\"Just Now News\",\"url\":\"https:\/\/now-news.de\/de\/\",\"logo\":{\"@type\":\"ImageObject\",\"inLanguage\":\"de\",\"@id\":\"https:\/\/now-news.de\/de\/#\/schema\/logo\/image\/\",\"url\":\"http:\/\/just-now.news\/de\/wp-content\/uploads\/sites\/3\/2022\/04\/logo500x500.jpg\",\"contentUrl\":\"http:\/\/just-now.news\/de\/wp-content\/uploads\/sites\/3\/2022\/04\/logo500x500.jpg\",\"width\":500,\"height\":500,\"caption\":\"Just Now News\"},\"image\":{\"@id\":\"https:\/\/now-news.de\/de\/#\/schema\/logo\/image\/\"},\"sameAs\":[\"https:\/\/www.facebook.com\/wirmachenauf\",\"https:\/\/x.com\/WirMachenAuf_de\"]},{\"@type\":\"Person\",\"@id\":\"https:\/\/now-news.de\/de\/#\/schema\/person\/fb534a4e865501d8b3285208df34a9b5\",\"name\":\"rtnews\",\"image\":{\"@type\":\"ImageObject\",\"inLanguage\":\"de\",\"@id\":\"https:\/\/now-news.de\/de\/#\/schema\/person\/image\/\",\"url\":\"https:\/\/secure.gravatar.com\/avatar\/82aafea7d8127119dd649515f56e2117?s=96&d=mm&r=g\",\"contentUrl\":\"https:\/\/secure.gravatar.com\/avatar\/82aafea7d8127119dd649515f56e2117?s=96&d=mm&r=g\",\"caption\":\"rtnews\"},\"url\":\"https:\/\/now-news.de\/de\/author\/rnews\/\"}]}<\/script>\n<!-- \/ Yoast SEO Premium plugin. -->","yoast_head_json":{"title":"Finnland h\u00e4lt Mobilisierung von 280.000 Soldaten binnen einer Woche f\u00fcr m\u00f6glich - just-now.NEWS Deutschland","robots":{"index":"index","follow":"follow","max-snippet":"max-snippet:-1","max-image-preview":"max-image-preview:large","max-video-preview":"max-video-preview:-1"},"canonical":"https:\/\/now-news.de\/de\/deutschland\/finnland-haelt-mobilisierung-von-280-000-soldaten-binnen-einer-woche-fuer-moeglich\/","og_locale":"de_DE","og_type":"article","og_title":"Finnland h\u00e4lt Mobilisierung von 280.000 Soldaten binnen einer Woche f\u00fcr m\u00f6glich","og_description":"Finnland ist bereit, im Notfall 280.000 Soldaten binnen einer Woche zu mobilisieren. Pr\u00e4sident Stubb betont, dass das Land &#8220;wegen Moskau besorgt&#8221; sei. Die NATO sieht sich angesichts Russlands weiterhin mit wachsenden Herausforderungen konfrontiert. Der Ton bleibt rauh. Im Notfall kann Finnland binnen einer Woche 280.000 Soldaten mobilisieren, erkl\u00e4rt Pr\u00e4sident Alexander Stubb in einem Beitrag der [&hellip;]","og_url":"https:\/\/now-news.de\/de\/deutschland\/finnland-haelt-mobilisierung-von-280-000-soldaten-binnen-einer-woche-fuer-moeglich\/","og_site_name":"just-now.NEWS Deutschland","article_publisher":"https:\/\/www.facebook.com\/wirmachenauf","article_published_time":"2024-12-26T13:02:48+00:00","og_image":[{"url":"https:\/\/now-news.de\/de\/wp-content\/uploads\/sites\/3\/2024\/12\/676d14b248fbef482e72815a.jpg"}],"author":"rtnews","twitter_card":"summary_large_image","twitter_creator":"@WirMachenAuf_de","twitter_site":"@WirMachenAuf_de","twitter_misc":{"Verfasst von":"rtnews","Gesch\u00e4tzte Lesezeit":"3\u00a0Minuten"},"schema":{"@context":"https:\/\/schema.org","@graph":[{"@type":"Article","@id":"https:\/\/now-news.de\/de\/deutschland\/finnland-haelt-mobilisierung-von-280-000-soldaten-binnen-einer-woche-fuer-moeglich\/#article","isPartOf":{"@id":"https:\/\/now-news.de\/de\/deutschland\/finnland-haelt-mobilisierung-von-280-000-soldaten-binnen-einer-woche-fuer-moeglich\/"},"author":{"name":"rtnews","@id":"https:\/\/now-news.de\/de\/#\/schema\/person\/fb534a4e865501d8b3285208df34a9b5"},"headline":"Finnland h\u00e4lt Mobilisierung von 280.000 Soldaten binnen einer Woche f\u00fcr m\u00f6glich","datePublished":"2024-12-26T13:02:48+00:00","dateModified":"2024-12-26T13:02:48+00:00","mainEntityOfPage":{"@id":"https:\/\/now-news.de\/de\/deutschland\/finnland-haelt-mobilisierung-von-280-000-soldaten-binnen-einer-woche-fuer-moeglich\/"},"wordCount":682,"commentCount":0,"publisher":{"@id":"https:\/\/now-news.de\/de\/#organization"},"image":{"@id":"https:\/\/now-news.de\/de\/deutschland\/finnland-haelt-mobilisierung-von-280-000-soldaten-binnen-einer-woche-fuer-moeglich\/#primaryimage"},"thumbnailUrl":"https:\/\/now-news.de\/de\/wp-content\/uploads\/sites\/3\/2024\/12\/Finnland-haelt-Mobilisierung-von-280000-Soldaten-binnen-einer-Woche-fuer.jpg","keywords":["binnen","einer","Finnland","f\u00fcr","h\u00e4lt","Mobilisierung","m\u00f6glich","Soldaten","von","Woche"],"articleSection":["Deutschland","Russland"],"inLanguage":"de","potentialAction":[{"@type":"CommentAction","name":"Comment","target":["https:\/\/now-news.de\/de\/deutschland\/finnland-haelt-mobilisierung-von-280-000-soldaten-binnen-einer-woche-fuer-moeglich\/#respond"]}]},{"@type":"WebPage","@id":"https:\/\/now-news.de\/de\/deutschland\/finnland-haelt-mobilisierung-von-280-000-soldaten-binnen-einer-woche-fuer-moeglich\/","url":"https:\/\/now-news.de\/de\/deutschland\/finnland-haelt-mobilisierung-von-280-000-soldaten-binnen-einer-woche-fuer-moeglich\/","name":"Finnland h\u00e4lt Mobilisierung von 280.000 Soldaten binnen einer Woche f\u00fcr m\u00f6glich - just-now.NEWS Deutschland","isPartOf":{"@id":"https:\/\/now-news.de\/de\/#website"},"primaryImageOfPage":{"@id":"https:\/\/now-news.de\/de\/deutschland\/finnland-haelt-mobilisierung-von-280-000-soldaten-binnen-einer-woche-fuer-moeglich\/#primaryimage"},"image":{"@id":"https:\/\/now-news.de\/de\/deutschland\/finnland-haelt-mobilisierung-von-280-000-soldaten-binnen-einer-woche-fuer-moeglich\/#primaryimage"},"thumbnailUrl":"https:\/\/now-news.de\/de\/wp-content\/uploads\/sites\/3\/2024\/12\/Finnland-haelt-Mobilisierung-von-280000-Soldaten-binnen-einer-Woche-fuer.jpg","datePublished":"2024-12-26T13:02:48+00:00","dateModified":"2024-12-26T13:02:48+00:00","breadcrumb":{"@id":"https:\/\/now-news.de\/de\/deutschland\/finnland-haelt-mobilisierung-von-280-000-soldaten-binnen-einer-woche-fuer-moeglich\/#breadcrumb"},"inLanguage":"de","potentialAction":[{"@type":"ReadAction","target":["https:\/\/now-news.de\/de\/deutschland\/finnland-haelt-mobilisierung-von-280-000-soldaten-binnen-einer-woche-fuer-moeglich\/"]}]},{"@type":"ImageObject","inLanguage":"de","@id":"https:\/\/now-news.de\/de\/deutschland\/finnland-haelt-mobilisierung-von-280-000-soldaten-binnen-einer-woche-fuer-moeglich\/#primaryimage","url":"https:\/\/now-news.de\/de\/wp-content\/uploads\/sites\/3\/2024\/12\/Finnland-haelt-Mobilisierung-von-280000-Soldaten-binnen-einer-Woche-fuer.jpg","contentUrl":"https:\/\/now-news.de\/de\/wp-content\/uploads\/sites\/3\/2024\/12\/Finnland-haelt-Mobilisierung-von-280000-Soldaten-binnen-einer-Woche-fuer.jpg","width":460,"height":259,"caption":"Finnland h\u00e4lt Mobilisierung von 280.000 Soldaten binnen einer Woche f\u00fcr m\u00f6glich"},{"@type":"BreadcrumbList","@id":"https:\/\/now-news.de\/de\/deutschland\/finnland-haelt-mobilisierung-von-280-000-soldaten-binnen-einer-woche-fuer-moeglich\/#breadcrumb","itemListElement":[{"@type":"ListItem","position":1,"name":"Home","item":"https:\/\/now-news.de\/de\/"},{"@type":"ListItem","position":2,"name":"Finnland h\u00e4lt Mobilisierung von 280.000 Soldaten binnen einer Woche f\u00fcr m\u00f6glich"}]},{"@type":"WebSite","@id":"https:\/\/now-news.de\/de\/#website","url":"https:\/\/now-news.de\/de\/","name":"just-now.NEWS Deutschland","description":"Das Portal f\u00fcr unzensierte Nachrichten aus der Welt","publisher":{"@id":"https:\/\/now-news.de\/de\/#organization"},"potentialAction":[{"@type":"SearchAction","target":{"@type":"EntryPoint","urlTemplate":"https:\/\/now-news.de\/de\/?s={search_term_string}"},"query-input":"required name=search_term_string"}],"inLanguage":"de"},{"@type":"Organization","@id":"https:\/\/now-news.de\/de\/#organization","name":"Just Now News","url":"https:\/\/now-news.de\/de\/","logo":{"@type":"ImageObject","inLanguage":"de","@id":"https:\/\/now-news.de\/de\/#\/schema\/logo\/image\/","url":"http:\/\/just-now.news\/de\/wp-content\/uploads\/sites\/3\/2022\/04\/logo500x500.jpg","contentUrl":"http:\/\/just-now.news\/de\/wp-content\/uploads\/sites\/3\/2022\/04\/logo500x500.jpg","width":500,"height":500,"caption":"Just Now News"},"image":{"@id":"https:\/\/now-news.de\/de\/#\/schema\/logo\/image\/"},"sameAs":["https:\/\/www.facebook.com\/wirmachenauf","https:\/\/x.com\/WirMachenAuf_de"]},{"@type":"Person","@id":"https:\/\/now-news.de\/de\/#\/schema\/person\/fb534a4e865501d8b3285208df34a9b5","name":"rtnews","image":{"@type":"ImageObject","inLanguage":"de","@id":"https:\/\/now-news.de\/de\/#\/schema\/person\/image\/","url":"https:\/\/secure.gravatar.com\/avatar\/82aafea7d8127119dd649515f56e2117?s=96&d=mm&r=g","contentUrl":"https:\/\/secure.gravatar.com\/avatar\/82aafea7d8127119dd649515f56e2117?s=96&d=mm&r=g","caption":"rtnews"},"url":"https:\/\/now-news.de\/de\/author\/rnews\/"}]}},"_links":{"self":[{"href":"https:\/\/now-news.de\/de\/wp-json\/wp\/v2\/posts\/75265"}],"collection":[{"href":"https:\/\/now-news.de\/de\/wp-json\/wp\/v2\/posts"}],"about":[{"href":"https:\/\/now-news.de\/de\/wp-json\/wp\/v2\/types\/post"}],"author":[{"embeddable":true,"href":"https:\/\/now-news.de\/de\/wp-json\/wp\/v2\/users\/3"}],"replies":[{"embeddable":true,"href":"https:\/\/now-news.de\/de\/wp-json\/wp\/v2\/comments?post=75265"}],"version-history":[{"count":0,"href":"https:\/\/now-news.de\/de\/wp-json\/wp\/v2\/posts\/75265\/revisions"}],"wp:featuredmedia":[{"embeddable":true,"href":"https:\/\/now-news.de\/de\/wp-json\/wp\/v2\/media\/75266"}],"wp:attachment":[{"href":"https:\/\/now-news.de\/de\/wp-json\/wp\/v2\/media?parent=75265"}],"wp:term":[{"taxonomy":"category","embeddable":true,"href":"https:\/\/now-news.de\/de\/wp-json\/wp\/v2\/categories?post=75265"},{"taxonomy":"post_tag","embeddable":true,"href":"https:\/\/now-news.de\/de\/wp-json\/wp\/v2\/tags?post=75265"}],"curies":[{"name":"wp","href":"https:\/\/api.w.org\/{rel}","templated":true}]}}