{"id":75254,"date":"2024-12-26T12:53:55","date_gmt":"2024-12-26T10:53:55","guid":{"rendered":"https:\/\/now-news.de\/de\/deutschland\/fdp-erwaegt-deutschlandkoalition\/"},"modified":"2024-12-26T12:53:55","modified_gmt":"2024-12-26T10:53:55","slug":"fdp-erwaegt-deutschlandkoalition","status":"publish","type":"post","link":"https:\/\/now-news.de\/de\/deutschland\/fdp-erwaegt-deutschlandkoalition\/","title":{"rendered":"FDP erw\u00e4gt Deutschlandkoalition"},"content":{"rendered":"<p><img decoding=\"async\" src=\"https:\/\/now-news.de\/de\/wp-content\/uploads\/sites\/3\/2024\/12\/676d2d1f48fbef642b35a66e.jpg\" \/><\/p>\n<div class=\"Text-root Text-type_1 \">\n                Nach den kommenden Wahlen k\u00f6nnte die FDP eine Koalition mit der CDU und der SPD eingehen, meint der stellvertretende Parteivorsitzende Wolfgang Kubicki. Eine Zusammenarbeit mit den Gr\u00fcnen schlie\u00dft er aus und erwartet f\u00fcr seine Partei ein zweistelliges Ergebnis.\n            <\/div>\n<p><\/p>\n<div class=\"Text-root Text-type_5 ArticleView-text ViewText-root \">\n<p>F\u00fcr die kommende Legislaturperiode w\u00e4re eine schwarz-rot-gelbe &#8220;Deutschlandkoalition&#8221; aus CDU, SPD und FDP m\u00f6glich, behauptet der stellvertretende Parteichef der Freien Demokraten Wolfgang Kubicki. In einem Interview an den <em>Stern<\/em> f\u00fchrt er aus, dass die FDP kurzfristig Personal\u00e4nderungen bei der SDP erwarte und in diesem Fall eine Zusammenarbeit mit dieser Partei in Erw\u00e4gung ziehen k\u00f6nne:<\/p>\n<p><em>&#8220;Wenn die SPD mit Scholz unter 20 Prozent landet, wovon man ja ausgehen muss, dann sind all die Charakternasen von heute weg. Dann wird es Olaf Scholz nicht mehr geben, keinen Rolf M\u00fctzenich, keine Saskia Esken und keinen Lars Klingbeil.&#8221;<\/em><\/p>\n<p>Der Vize-Parteichef der FDP f\u00fcgt hinzu, dass eine Koalition mit der SPD in diesem Fall funktionieren k\u00f6nnte, weil sich die Zusammenarbeit der Parteien am Wirtschaftswachstum orientieren w\u00fcrde. Dazu Kubicki w\u00f6rtlich:<\/p>\n<p><em>&#8220;Es gibt in der SPD immer noch viele, die das Godesberger Programm im Kopf haben, die an Aufstieg glauben, an wirtschaftliches Wachstum und nicht nur \u00fcber Gendertoiletten diskutieren wollen.&#8221;<\/em><\/p>\n<p>Eine Zusammenarbeit mit den Gr\u00fcnen schlie\u00dft Kubicki in den kommenden vier Jahren dagegen kategorisch aus. Das Menschenbild der beiden Parteien sei &#8220;zu unterschiedlich&#8221;:<\/p>\n<p><em>&#8220;Wir glauben, dass Menschen eigenverantwortlich ihr Leben gestalten k\u00f6nnen. Die Gr\u00fcnen glauben, dass Menschen besch\u00fctzt werden m\u00fcssen. Politisch passt das nicht. Ich werde einer Zusammenarbeit mit den Gr\u00fcnen in der n\u00e4chsten Legislatur auf keinen Fall zustimmen.&#8221;<\/em><\/p>\n<p>F\u00fcr seine eigene Partei erwartet Kubicki ein Wahlergebnis von mindestens zehn Prozent. Dazu merkt er an, dass er im neuen Jahr mit einem Stimmungswechsel bei der W\u00e4hlerschaft rechne:<\/p>\n<p><em>&#8220;Das Alte ist vergangen, es wird abgehakt, sie konzentrieren sich auf das, was kommt. Ich sage das mal in der mir eigenen unpolemischen Art: Die B\u00fcrger stehen vor der Frage: Wohlstand oder Verzicht, Gl\u00fcck oder Depression.&#8221;<\/em><\/p>\n<p>Eine Abl\u00f6sung des gegenw\u00e4rtigen Parteichefs Christian Lindner stehe laut Kubicki derzeit nicht auf der Tagesordnung, es gebe aber Dutzende potentielle Nachfolgekandidaten. Kubicki nennt in diesem Zusammenhang Johannes Vogel, Konstantin Kuhle und Christian D\u00fcrr. Eine Eigenbewerbung f\u00fcr den n\u00e4chsten Parteivorsitz schlie\u00dft der 72-J\u00e4hrige allerdings aus. Die kommende Legislaturperiode sei f\u00fcr ihn die letzte, er habe auch nicht vor, bei der kommenden Wahl f\u00fcr die Position des stellvertretenden Vorsitzenden zu kandidieren. Allerdings wolle er auch nach der Wahl Bundestagsvizepr\u00e4sident bleiben, so Kubicki.<\/p>\n<p>Am 6. November\u00a0hatte sich die FDP aus der regierenden Ampelkoalition zur\u00fcckgezogen und damit deren Bruch eingeleitet. Eine vorgezogene Bundestagswahl soll am 23. Februar 2025 stattfinden.<\/p>\n<p><strong>Mehr zum Thema <\/strong>\u2013 <a rel=\"nofollow noopener\" target=\"_blank\" href=\"https:\/\/freedert.online\/meinung\/230704-deutschland-steht-vor-schmutzigsten-wahlen\/\">Deutschland steht vor den schmutzigsten Wahlen seiner Geschichte<\/a><\/p>\n<div class=\"EmbedBlock-root EmbedBlock-externalVideo EmbedBlock-rumble\">\n<div class=\"VkEmbed\"><iframe class=\"lazyload\" data-src=\"https:\/\/rumble.com\/embed\/v5ufzxh\" frameborder=\"0\" width=\"853\" height=\"480\" allowfullscreen><\/iframe><\/div>\n<\/div>\n<\/div>\n<p><br \/>\n<br \/><a href=\"https:\/\/de.rt.com\/inland\/230779-fdp-erwaegt-deutschlandkoalition\/\">Source link <\/a><\/p>\n","protected":false},"excerpt":{"rendered":"<p>Nach den kommenden Wahlen k\u00f6nnte die FDP eine Koalition mit der CDU und der SPD eingehen, meint der stellvertretende Parteivorsitzende Wolfgang Kubicki. Eine Zusammenarbeit mit den Gr\u00fcnen schlie\u00dft er aus und erwartet f\u00fcr seine Partei ein zweistelliges Ergebnis. F\u00fcr die kommende Legislaturperiode w\u00e4re eine schwarz-rot-gelbe &#8220;Deutschlandkoalition&#8221; aus CDU, SPD und FDP m\u00f6glich, behauptet der stellvertretende [&hellip;]<\/p>\n","protected":false},"author":3,"featured_media":75255,"comment_status":"open","ping_status":"open","sticky":false,"template":"","format":"standard","meta":{"_yoast_indexnow_last_ping":["1735210711"],"wp_automatic_camp":["217"],"ae8e7c490c1f1592be0fbafe492edeaf":["FDP erw\u00e4gt Deutschlandkoalition"],"original_link":["https:\/\/de.rt.com\/inland\/230779-fdp-erwaegt-deutschlandkoalition\/"],"_thumbnail_id":["75255"],"jnews_social_counter_last_update":["1777214393"],"_wptgpro_p2tg_sent2tg":["a:1:{i:23737;s:19:\"2024-12-26 12:59:34\";}"]},"categories":[19,23],"tags":[61345,141,6334],"yoast_head":"<!-- This site is optimized with the Yoast SEO Premium plugin v22.7 (Yoast SEO v22.7) - https:\/\/yoast.com\/wordpress\/plugins\/seo\/ -->\n<title>FDP erw\u00e4gt Deutschlandkoalition - just-now.NEWS Deutschland<\/title>\n<meta name=\"robots\" content=\"index, follow, max-snippet:-1, max-image-preview:large, max-video-preview:-1\" \/>\n<link rel=\"canonical\" href=\"https:\/\/now-news.de\/de\/deutschland\/fdp-erwaegt-deutschlandkoalition\/\" \/>\n<meta property=\"og:locale\" content=\"de_DE\" \/>\n<meta property=\"og:type\" content=\"article\" \/>\n<meta property=\"og:title\" content=\"FDP erw\u00e4gt Deutschlandkoalition\" \/>\n<meta property=\"og:description\" content=\"Nach den kommenden Wahlen k\u00f6nnte die FDP eine Koalition mit der CDU und der SPD eingehen, meint der stellvertretende Parteivorsitzende Wolfgang Kubicki. Eine Zusammenarbeit mit den Gr\u00fcnen schlie\u00dft er aus und erwartet f\u00fcr seine Partei ein zweistelliges Ergebnis. F\u00fcr die kommende Legislaturperiode w\u00e4re eine schwarz-rot-gelbe &#8220;Deutschlandkoalition&#8221; aus CDU, SPD und FDP m\u00f6glich, behauptet der stellvertretende [&hellip;]\" \/>\n<meta property=\"og:url\" content=\"https:\/\/now-news.de\/de\/deutschland\/fdp-erwaegt-deutschlandkoalition\/\" \/>\n<meta property=\"og:site_name\" content=\"just-now.NEWS Deutschland\" \/>\n<meta property=\"article:publisher\" content=\"https:\/\/www.facebook.com\/wirmachenauf\" \/>\n<meta property=\"article:published_time\" content=\"2024-12-26T10:53:55+00:00\" \/>\n<meta property=\"og:image\" content=\"https:\/\/now-news.de\/de\/wp-content\/uploads\/sites\/3\/2024\/12\/676d2d1f48fbef642b35a66e.jpg\" \/>\n<meta name=\"author\" content=\"rtnews\" \/>\n<meta name=\"twitter:card\" content=\"summary_large_image\" \/>\n<meta name=\"twitter:creator\" content=\"@WirMachenAuf_de\" \/>\n<meta name=\"twitter:site\" content=\"@WirMachenAuf_de\" \/>\n<meta name=\"twitter:label1\" content=\"Verfasst von\" \/>\n\t<meta name=\"twitter:data1\" content=\"rtnews\" \/>\n\t<meta name=\"twitter:label2\" content=\"Gesch\u00e4tzte Lesezeit\" \/>\n\t<meta name=\"twitter:data2\" content=\"2\u00a0Minuten\" \/>\n<script type=\"application\/ld+json\" class=\"yoast-schema-graph\">{\"@context\":\"https:\/\/schema.org\",\"@graph\":[{\"@type\":\"Article\",\"@id\":\"https:\/\/now-news.de\/de\/deutschland\/fdp-erwaegt-deutschlandkoalition\/#article\",\"isPartOf\":{\"@id\":\"https:\/\/now-news.de\/de\/deutschland\/fdp-erwaegt-deutschlandkoalition\/\"},\"author\":{\"name\":\"rtnews\",\"@id\":\"https:\/\/now-news.de\/de\/#\/schema\/person\/fb534a4e865501d8b3285208df34a9b5\"},\"headline\":\"FDP erw\u00e4gt Deutschlandkoalition\",\"datePublished\":\"2024-12-26T10:53:55+00:00\",\"dateModified\":\"2024-12-26T10:53:55+00:00\",\"mainEntityOfPage\":{\"@id\":\"https:\/\/now-news.de\/de\/deutschland\/fdp-erwaegt-deutschlandkoalition\/\"},\"wordCount\":473,\"commentCount\":0,\"publisher\":{\"@id\":\"https:\/\/now-news.de\/de\/#organization\"},\"image\":{\"@id\":\"https:\/\/now-news.de\/de\/deutschland\/fdp-erwaegt-deutschlandkoalition\/#primaryimage\"},\"thumbnailUrl\":\"https:\/\/now-news.de\/de\/wp-content\/uploads\/sites\/3\/2024\/12\/FDP-erwaegt-Deutschlandkoalition.jpg\",\"keywords\":[\"Deutschlandkoalition\",\"erw\u00e4gt\",\"FDP\"],\"articleSection\":[\"Deutschland\",\"Russland\"],\"inLanguage\":\"de\",\"potentialAction\":[{\"@type\":\"CommentAction\",\"name\":\"Comment\",\"target\":[\"https:\/\/now-news.de\/de\/deutschland\/fdp-erwaegt-deutschlandkoalition\/#respond\"]}]},{\"@type\":\"WebPage\",\"@id\":\"https:\/\/now-news.de\/de\/deutschland\/fdp-erwaegt-deutschlandkoalition\/\",\"url\":\"https:\/\/now-news.de\/de\/deutschland\/fdp-erwaegt-deutschlandkoalition\/\",\"name\":\"FDP erw\u00e4gt Deutschlandkoalition - just-now.NEWS Deutschland\",\"isPartOf\":{\"@id\":\"https:\/\/now-news.de\/de\/#website\"},\"primaryImageOfPage\":{\"@id\":\"https:\/\/now-news.de\/de\/deutschland\/fdp-erwaegt-deutschlandkoalition\/#primaryimage\"},\"image\":{\"@id\":\"https:\/\/now-news.de\/de\/deutschland\/fdp-erwaegt-deutschlandkoalition\/#primaryimage\"},\"thumbnailUrl\":\"https:\/\/now-news.de\/de\/wp-content\/uploads\/sites\/3\/2024\/12\/FDP-erwaegt-Deutschlandkoalition.jpg\",\"datePublished\":\"2024-12-26T10:53:55+00:00\",\"dateModified\":\"2024-12-26T10:53:55+00:00\",\"breadcrumb\":{\"@id\":\"https:\/\/now-news.de\/de\/deutschland\/fdp-erwaegt-deutschlandkoalition\/#breadcrumb\"},\"inLanguage\":\"de\",\"potentialAction\":[{\"@type\":\"ReadAction\",\"target\":[\"https:\/\/now-news.de\/de\/deutschland\/fdp-erwaegt-deutschlandkoalition\/\"]}]},{\"@type\":\"ImageObject\",\"inLanguage\":\"de\",\"@id\":\"https:\/\/now-news.de\/de\/deutschland\/fdp-erwaegt-deutschlandkoalition\/#primaryimage\",\"url\":\"https:\/\/now-news.de\/de\/wp-content\/uploads\/sites\/3\/2024\/12\/FDP-erwaegt-Deutschlandkoalition.jpg\",\"contentUrl\":\"https:\/\/now-news.de\/de\/wp-content\/uploads\/sites\/3\/2024\/12\/FDP-erwaegt-Deutschlandkoalition.jpg\",\"width\":460,\"height\":259,\"caption\":\"FDP erw\u00e4gt Deutschlandkoalition\"},{\"@type\":\"BreadcrumbList\",\"@id\":\"https:\/\/now-news.de\/de\/deutschland\/fdp-erwaegt-deutschlandkoalition\/#breadcrumb\",\"itemListElement\":[{\"@type\":\"ListItem\",\"position\":1,\"name\":\"Home\",\"item\":\"https:\/\/now-news.de\/de\/\"},{\"@type\":\"ListItem\",\"position\":2,\"name\":\"FDP erw\u00e4gt Deutschlandkoalition\"}]},{\"@type\":\"WebSite\",\"@id\":\"https:\/\/now-news.de\/de\/#website\",\"url\":\"https:\/\/now-news.de\/de\/\",\"name\":\"just-now.NEWS Deutschland\",\"description\":\"Das Portal f\u00fcr unzensierte Nachrichten aus der Welt\",\"publisher\":{\"@id\":\"https:\/\/now-news.de\/de\/#organization\"},\"potentialAction\":[{\"@type\":\"SearchAction\",\"target\":{\"@type\":\"EntryPoint\",\"urlTemplate\":\"https:\/\/now-news.de\/de\/?s={search_term_string}\"},\"query-input\":\"required name=search_term_string\"}],\"inLanguage\":\"de\"},{\"@type\":\"Organization\",\"@id\":\"https:\/\/now-news.de\/de\/#organization\",\"name\":\"Just Now News\",\"url\":\"https:\/\/now-news.de\/de\/\",\"logo\":{\"@type\":\"ImageObject\",\"inLanguage\":\"de\",\"@id\":\"https:\/\/now-news.de\/de\/#\/schema\/logo\/image\/\",\"url\":\"http:\/\/just-now.news\/de\/wp-content\/uploads\/sites\/3\/2022\/04\/logo500x500.jpg\",\"contentUrl\":\"http:\/\/just-now.news\/de\/wp-content\/uploads\/sites\/3\/2022\/04\/logo500x500.jpg\",\"width\":500,\"height\":500,\"caption\":\"Just Now News\"},\"image\":{\"@id\":\"https:\/\/now-news.de\/de\/#\/schema\/logo\/image\/\"},\"sameAs\":[\"https:\/\/www.facebook.com\/wirmachenauf\",\"https:\/\/x.com\/WirMachenAuf_de\"]},{\"@type\":\"Person\",\"@id\":\"https:\/\/now-news.de\/de\/#\/schema\/person\/fb534a4e865501d8b3285208df34a9b5\",\"name\":\"rtnews\",\"image\":{\"@type\":\"ImageObject\",\"inLanguage\":\"de\",\"@id\":\"https:\/\/now-news.de\/de\/#\/schema\/person\/image\/\",\"url\":\"https:\/\/secure.gravatar.com\/avatar\/82aafea7d8127119dd649515f56e2117?s=96&d=mm&r=g\",\"contentUrl\":\"https:\/\/secure.gravatar.com\/avatar\/82aafea7d8127119dd649515f56e2117?s=96&d=mm&r=g\",\"caption\":\"rtnews\"},\"url\":\"https:\/\/now-news.de\/de\/author\/rnews\/\"}]}<\/script>\n<!-- \/ Yoast SEO Premium plugin. -->","yoast_head_json":{"title":"FDP erw\u00e4gt Deutschlandkoalition - just-now.NEWS Deutschland","robots":{"index":"index","follow":"follow","max-snippet":"max-snippet:-1","max-image-preview":"max-image-preview:large","max-video-preview":"max-video-preview:-1"},"canonical":"https:\/\/now-news.de\/de\/deutschland\/fdp-erwaegt-deutschlandkoalition\/","og_locale":"de_DE","og_type":"article","og_title":"FDP erw\u00e4gt Deutschlandkoalition","og_description":"Nach den kommenden Wahlen k\u00f6nnte die FDP eine Koalition mit der CDU und der SPD eingehen, meint der stellvertretende Parteivorsitzende Wolfgang Kubicki. Eine Zusammenarbeit mit den Gr\u00fcnen schlie\u00dft er aus und erwartet f\u00fcr seine Partei ein zweistelliges Ergebnis. F\u00fcr die kommende Legislaturperiode w\u00e4re eine schwarz-rot-gelbe &#8220;Deutschlandkoalition&#8221; aus CDU, SPD und FDP m\u00f6glich, behauptet der stellvertretende [&hellip;]","og_url":"https:\/\/now-news.de\/de\/deutschland\/fdp-erwaegt-deutschlandkoalition\/","og_site_name":"just-now.NEWS Deutschland","article_publisher":"https:\/\/www.facebook.com\/wirmachenauf","article_published_time":"2024-12-26T10:53:55+00:00","og_image":[{"url":"https:\/\/now-news.de\/de\/wp-content\/uploads\/sites\/3\/2024\/12\/676d2d1f48fbef642b35a66e.jpg"}],"author":"rtnews","twitter_card":"summary_large_image","twitter_creator":"@WirMachenAuf_de","twitter_site":"@WirMachenAuf_de","twitter_misc":{"Verfasst von":"rtnews","Gesch\u00e4tzte Lesezeit":"2\u00a0Minuten"},"schema":{"@context":"https:\/\/schema.org","@graph":[{"@type":"Article","@id":"https:\/\/now-news.de\/de\/deutschland\/fdp-erwaegt-deutschlandkoalition\/#article","isPartOf":{"@id":"https:\/\/now-news.de\/de\/deutschland\/fdp-erwaegt-deutschlandkoalition\/"},"author":{"name":"rtnews","@id":"https:\/\/now-news.de\/de\/#\/schema\/person\/fb534a4e865501d8b3285208df34a9b5"},"headline":"FDP erw\u00e4gt Deutschlandkoalition","datePublished":"2024-12-26T10:53:55+00:00","dateModified":"2024-12-26T10:53:55+00:00","mainEntityOfPage":{"@id":"https:\/\/now-news.de\/de\/deutschland\/fdp-erwaegt-deutschlandkoalition\/"},"wordCount":473,"commentCount":0,"publisher":{"@id":"https:\/\/now-news.de\/de\/#organization"},"image":{"@id":"https:\/\/now-news.de\/de\/deutschland\/fdp-erwaegt-deutschlandkoalition\/#primaryimage"},"thumbnailUrl":"https:\/\/now-news.de\/de\/wp-content\/uploads\/sites\/3\/2024\/12\/FDP-erwaegt-Deutschlandkoalition.jpg","keywords":["Deutschlandkoalition","erw\u00e4gt","FDP"],"articleSection":["Deutschland","Russland"],"inLanguage":"de","potentialAction":[{"@type":"CommentAction","name":"Comment","target":["https:\/\/now-news.de\/de\/deutschland\/fdp-erwaegt-deutschlandkoalition\/#respond"]}]},{"@type":"WebPage","@id":"https:\/\/now-news.de\/de\/deutschland\/fdp-erwaegt-deutschlandkoalition\/","url":"https:\/\/now-news.de\/de\/deutschland\/fdp-erwaegt-deutschlandkoalition\/","name":"FDP erw\u00e4gt Deutschlandkoalition - just-now.NEWS Deutschland","isPartOf":{"@id":"https:\/\/now-news.de\/de\/#website"},"primaryImageOfPage":{"@id":"https:\/\/now-news.de\/de\/deutschland\/fdp-erwaegt-deutschlandkoalition\/#primaryimage"},"image":{"@id":"https:\/\/now-news.de\/de\/deutschland\/fdp-erwaegt-deutschlandkoalition\/#primaryimage"},"thumbnailUrl":"https:\/\/now-news.de\/de\/wp-content\/uploads\/sites\/3\/2024\/12\/FDP-erwaegt-Deutschlandkoalition.jpg","datePublished":"2024-12-26T10:53:55+00:00","dateModified":"2024-12-26T10:53:55+00:00","breadcrumb":{"@id":"https:\/\/now-news.de\/de\/deutschland\/fdp-erwaegt-deutschlandkoalition\/#breadcrumb"},"inLanguage":"de","potentialAction":[{"@type":"ReadAction","target":["https:\/\/now-news.de\/de\/deutschland\/fdp-erwaegt-deutschlandkoalition\/"]}]},{"@type":"ImageObject","inLanguage":"de","@id":"https:\/\/now-news.de\/de\/deutschland\/fdp-erwaegt-deutschlandkoalition\/#primaryimage","url":"https:\/\/now-news.de\/de\/wp-content\/uploads\/sites\/3\/2024\/12\/FDP-erwaegt-Deutschlandkoalition.jpg","contentUrl":"https:\/\/now-news.de\/de\/wp-content\/uploads\/sites\/3\/2024\/12\/FDP-erwaegt-Deutschlandkoalition.jpg","width":460,"height":259,"caption":"FDP erw\u00e4gt Deutschlandkoalition"},{"@type":"BreadcrumbList","@id":"https:\/\/now-news.de\/de\/deutschland\/fdp-erwaegt-deutschlandkoalition\/#breadcrumb","itemListElement":[{"@type":"ListItem","position":1,"name":"Home","item":"https:\/\/now-news.de\/de\/"},{"@type":"ListItem","position":2,"name":"FDP erw\u00e4gt Deutschlandkoalition"}]},{"@type":"WebSite","@id":"https:\/\/now-news.de\/de\/#website","url":"https:\/\/now-news.de\/de\/","name":"just-now.NEWS Deutschland","description":"Das Portal f\u00fcr unzensierte Nachrichten aus der Welt","publisher":{"@id":"https:\/\/now-news.de\/de\/#organization"},"potentialAction":[{"@type":"SearchAction","target":{"@type":"EntryPoint","urlTemplate":"https:\/\/now-news.de\/de\/?s={search_term_string}"},"query-input":"required name=search_term_string"}],"inLanguage":"de"},{"@type":"Organization","@id":"https:\/\/now-news.de\/de\/#organization","name":"Just Now News","url":"https:\/\/now-news.de\/de\/","logo":{"@type":"ImageObject","inLanguage":"de","@id":"https:\/\/now-news.de\/de\/#\/schema\/logo\/image\/","url":"http:\/\/just-now.news\/de\/wp-content\/uploads\/sites\/3\/2022\/04\/logo500x500.jpg","contentUrl":"http:\/\/just-now.news\/de\/wp-content\/uploads\/sites\/3\/2022\/04\/logo500x500.jpg","width":500,"height":500,"caption":"Just Now News"},"image":{"@id":"https:\/\/now-news.de\/de\/#\/schema\/logo\/image\/"},"sameAs":["https:\/\/www.facebook.com\/wirmachenauf","https:\/\/x.com\/WirMachenAuf_de"]},{"@type":"Person","@id":"https:\/\/now-news.de\/de\/#\/schema\/person\/fb534a4e865501d8b3285208df34a9b5","name":"rtnews","image":{"@type":"ImageObject","inLanguage":"de","@id":"https:\/\/now-news.de\/de\/#\/schema\/person\/image\/","url":"https:\/\/secure.gravatar.com\/avatar\/82aafea7d8127119dd649515f56e2117?s=96&d=mm&r=g","contentUrl":"https:\/\/secure.gravatar.com\/avatar\/82aafea7d8127119dd649515f56e2117?s=96&d=mm&r=g","caption":"rtnews"},"url":"https:\/\/now-news.de\/de\/author\/rnews\/"}]}},"_links":{"self":[{"href":"https:\/\/now-news.de\/de\/wp-json\/wp\/v2\/posts\/75254"}],"collection":[{"href":"https:\/\/now-news.de\/de\/wp-json\/wp\/v2\/posts"}],"about":[{"href":"https:\/\/now-news.de\/de\/wp-json\/wp\/v2\/types\/post"}],"author":[{"embeddable":true,"href":"https:\/\/now-news.de\/de\/wp-json\/wp\/v2\/users\/3"}],"replies":[{"embeddable":true,"href":"https:\/\/now-news.de\/de\/wp-json\/wp\/v2\/comments?post=75254"}],"version-history":[{"count":0,"href":"https:\/\/now-news.de\/de\/wp-json\/wp\/v2\/posts\/75254\/revisions"}],"wp:featuredmedia":[{"embeddable":true,"href":"https:\/\/now-news.de\/de\/wp-json\/wp\/v2\/media\/75255"}],"wp:attachment":[{"href":"https:\/\/now-news.de\/de\/wp-json\/wp\/v2\/media?parent=75254"}],"wp:term":[{"taxonomy":"category","embeddable":true,"href":"https:\/\/now-news.de\/de\/wp-json\/wp\/v2\/categories?post=75254"},{"taxonomy":"post_tag","embeddable":true,"href":"https:\/\/now-news.de\/de\/wp-json\/wp\/v2\/tags?post=75254"}],"curies":[{"name":"wp","href":"https:\/\/api.w.org\/{rel}","templated":true}]}}