{"id":75216,"date":"2024-12-25T21:00:52","date_gmt":"2024-12-25T19:00:52","guid":{"rendered":"https:\/\/now-news.de\/de\/deutschland\/leid-der-opfer-missbraucht-faeser-stichelt-gegen-die-afd-nach-der-trauerkundgebung-in-magdeburg\/"},"modified":"2024-12-25T21:00:52","modified_gmt":"2024-12-25T19:00:52","slug":"leid-der-opfer-missbraucht-faeser-stichelt-gegen-die-afd-nach-der-trauerkundgebung-in-magdeburg","status":"publish","type":"post","link":"https:\/\/now-news.de\/de\/deutschland\/leid-der-opfer-missbraucht-faeser-stichelt-gegen-die-afd-nach-der-trauerkundgebung-in-magdeburg\/","title":{"rendered":"&quot;Leid der Opfer missbraucht&quot; \u2013 Faeser stichelt gegen die AfD nach der Trauerkundgebung in Magdeburg"},"content":{"rendered":"<p><img decoding=\"async\" src=\"https:\/\/now-news.de\/de\/wp-content\/uploads\/sites\/3\/2024\/12\/676c2d81b480cc614a0dc6f0.jpg\" \/><\/p>\n<div class=\"Text-root Text-type_1 \">\n                Sp\u00e4testens nach der AfD-Kundgebung und dem Trauermarsch mit Tausenden Teilnehmern in der Magdeburger Innenstadt am Montag wird der Terroranschlag auf den Weihnachtsmarkt zum Politikum. Nun \u00e4u\u00dferte sich dazu auch Bundesinnenministerin Nancy Faeser.\n            <\/div>\n<p><\/p>\n<div class=\"Text-root Text-type_5 ArticleView-text ViewText-root \">\n<p>Von der AfD abgesehen, herrschte kurz vor und w\u00e4hrend den ersten Weihnachtstagen politische Stille rund um den Anschlag auf den Weihnachtsmarkt in Magdeburg. Am Mittwoch \u00e4u\u00dferte sich die\u00a0Bundesinnenministerin dazu mit einer Warnung vor der Instrumentalisierung im Wahlkampf. &#8220;Zur AfD kann ich nur sagen: Jeder Versuch, eine solch furchtbare Tat zu instrumentalisieren und das Leid der Opfer zu missbrauchen, ist widerw\u00e4rtig&#8221;, sagte die SPD-Ministerin den Zeitungen der <em>Funke Mediengruppe<\/em>. &#8220;Das zeigt nur den Charakter derer, die so etwas tun.&#8221;<\/p>\n<p>Faeser betonte abermals: &#8220;Wir tun alles f\u00fcr die Aufkl\u00e4rung dieser Tat. Wir trauern um die Get\u00f6teten und sind in unseren Gedanken bei ihren Familien.&#8221; In den Krankenh\u00e4usern werde weiter alles getan, um den Menschen, die schwerste Verletzungen erlitten haben, zu helfen. &#8220;Gerade jetzt m\u00fcssen wir auch f\u00fcr die Ersthelfer und Einsatzkr\u00e4fte da sein, die Furchtbares erlebt haben und dabei \u00fcber sich hinausgewachsen sind&#8221;, sagte die Bundesinnenministerin.<\/p>\n<p>Kritisiert hat die Ministerin die <a rel=\"nofollow noopener\" target=\"_blank\" href=\"https:\/\/www.youtube.com\/watch?v=nxmSoRXpsv4\">Trauerkundgebung<\/a> in Magdeburg mit den Auftritten von AfD-Politikern am Montag. Insbesondere sorgte die emotionale\u00a0<a rel=\"nofollow noopener\" target=\"_blank\" href=\"https:\/\/rumble.com\/v62fsqn-alice-weidel-in-magdeburg-wer-alles-verachtet-was-wir-lieben-gehrt-nicht-zu.html\">Rede<\/a>\u00a0der Parteivorsitzenden Alice Weidel f\u00fcr Aufsehen. Der Regierung warf Weidel die Relativierung der Taten jener vor, &#8220;die\u00a0unsere Gesellschaft verachten und Deutschland abgrundtief hassen&#8221;. Die etwa 3.500 Zuh\u00f6rer der Rede auf dem\u00a0 Domplatz riefen nach diesen Worten &#8220;Abschieben!&#8221;. Mit Blick auf den T\u00e4ter sagte Weidel, wer die B\u00fcrger des Landes verachte, das ihm Asyl gew\u00e4hre, &#8220;der geh\u00f6rt nicht zu uns&#8221;. Von der Politik forderte sie Aufkl\u00e4rung und Aufarbeitung der Tat.\u00a0<\/p>\n<p>Parallel dazu fand in Magdeburg auf dem Alten Markt\u00a0eine Lichterkette unter dem Motto\u00a0&#8220;Wir wollen trauern \u2013 Gebt Hass keine Chance!&#8221;. An dieser Aktion haben sich mehrere NGOs und Hilfsorganisationen beteiligt, darunter der Miteinander e.\u00a0V., dessen Gesch\u00e4ftsf\u00fchrer\u00a0Pascal Begrich die AfD schon im Vorfeld kritisierte. &#8220;Noch ist zur Tat und zum T\u00e4ter einiges ungekl\u00e4rt. Die politische Meinungsbildung der AfD aber ist bereits abgeschlossen. Sie nutzt den furchtbaren Angriff f\u00fcr ihre politische Agenda und stellt die Migration nach Deutschland als vermeintliche Ursache in den Mittelpunkt&#8221;, behauptete er auf X.\u00a0<\/p>\n<p>Der BSW-Politiker Fabio De Masi attackierte die AfD scharf. &#8220;Ein paar rechte Influencer&#8221; verfolgten eine &#8220;Agenda der Niedertracht&#8221;, schrieb er auf X. &#8220;Die AfD versucht, mit Magdeburg ihre politische Notdurft zu verrichten und davon abzulenken, dass der Attent\u00e4ter mit seinem diffusen Weltbild auch ihr Sympathisant war (was belegt und keine Erfindung der Medien ist, jedoch nur f\u00fcr die Analyse der Motive von Bedeutung ist).&#8221; F\u00fcr diesen Post wurde Di Masi auf der Plattform mehrheitlich kritisiert.<\/p>\n<p>An der Kundgebung nahmen au\u00dfer Alice Weidel die AfD-Landespolitiker Martin Reichardt, Oliver Kirchner, Dr. Hans-Thomas Tillschneider und ein paar weitere Redner teil.\u00a0Martin Reichardt <a rel=\"nofollow noopener\" target=\"_blank\" href=\"https:\/\/www.youtube.com\/watch?v=L-rzRIZr4E8\">rekurrierte<\/a> auf den Post der Mutter des get\u00f6teten neunj\u00e4hrigen Andr\u00e9. &#8220;Lasst meinen kleinen Teddyb\u00e4ren noch einmal um die Welt ziehen.&#8221; Er sagte, dass der Kleine jetzt im Himmel sei, wo er von Liebe und Hoffnung umgeben sei.<\/p>\n<p>&#8220;Jeden von uns h\u00e4tte es treffen k\u00f6nnen. Wir h\u00f6ren die leeren Phrasen der verantwortlichen Politiker und wissen, das Schicksal der Opfer geht ihnen nicht ans Herz.&#8221; Auch widersprach er Bundeskanzler Olaf Scholz, der gefordert hatte, man m\u00fcsse den T\u00e4ter und seine Handlungen und Motive genau verstehen: &#8220;Nein!\u00a0Denn was Terroristen motiviert, ist nicht relevant f\u00fcr unser Leben und unsere Zukunft.&#8221; Der T\u00e4ter sei ein ausl\u00e4ndischer Extremist, der seine Morde mehrfach angek\u00fcndigt hat und nicht hierher geh\u00f6rte.\u00a0<\/p>\n<p>Der Islamwissenschaftler und AfD-Abgeordnete im Landtag Sachsen-Anhalts, Hans-Thomas Tillschneider, versuchte, ein T\u00e4terportr\u00e4t zu skizzieren. Der Terrorist sei ein saudi-arabischer Oppositioneller, ein vom Islam abgefallener B\u00fcrger des strengsten islamischen Staates, ein Araber, der davon tr\u00e4umte, Israel m\u00f6ge die Arabische Halbinsel besetzen, erl\u00e4uterte er das wirre Weltbild von Taleb al-Abdulmohsen.<\/p>\n<div class=\"EmbedBlock-root EmbedBlock-externalVideo EmbedBlock-vk\">\n<div class=\"VkEmbed\"><iframe class=\"lazyload\" data-src=\"https:\/\/vk.com\/video_ext.php?oid=-134310637&amp;id=456282052\" frameborder=\"0\" width=\"853\" height=\"480\" allowfullscreen><\/iframe><\/div>\n<\/div>\n<p>Die Tatsache, dass f\u00fcnf Magdeburger,\u00a0die noch nie in ihrem Leben in Saudi-Arabien waren und sonst mit dem Land gar nichts zu tun h\u00e4tten,\u00a0f\u00fcr die Wut eines saudischen Staatsb\u00fcrgers auf seine Regierung mit ihrem Leben bezahlen mussten, sei eine Folge der Globalisierung und Entwurzelung der Menschen. Durch Migration trage sie nur die Konflikte ihrer Herkunftsl\u00e4nder um die Welt. Von den Verantwortlichen in der Politik forderte er einen grunds\u00e4tzlichen Wandel.\u00a0<\/p>\n<blockquote>\n<p><em>&#8220;Und eben das w\u00e4ren doch die Politiker den Opfern schuldig, wenn die Trauer nicht nur geheuchelt und wenn die Best\u00fcrzung nicht nur Lippenbekenntnis sein soll. Dass wir einmal mit allem Ernst und mit aller Entschlossenheit jetzt &#8216;nie wieder!&#8217; sagen.&#8221;<\/em><\/p>\n<\/blockquote>\n<p>Der CDU-Vorsitzende Friedrich Merz hielt sich hingegen mit Kommentaren auff\u00e4llig zur\u00fcck. Das war\u00a0seine bewusst getroffene Wahl.\u00a0\u00a0Einem <em>Spiegel<\/em>&#8211;<a rel=\"nofollow noopener\" target=\"_blank\" href=\"https:\/\/www.spiegel.de\/politik\/deutschland\/nach-dem-anschlag-in-magdeburg-warum-von-friedrich-merz-so-wenig-zu-hoeren-ist-a-25baaf73-332f-4c6f-84e5-75aa5c52bf20\">Bericht<\/a> zufolge wolle er nicht, dass der Anschlag von Magdeburg in den Wahlkampf gezogen wird. Die Union solle sich zur\u00fcckhalten, glaubt er, erst einmal m\u00fcsse die Tat aufgekl\u00e4rt werden. Es sei nicht der Moment, um schnell einen eilig zusammengeschusterten Zehn-Punkte-Plan rauszuhauen, teilten seine Parteikollegen mit.<\/p>\n<p>&#8220;Wir sind dem\u00fctig, wir halten uns kommunikativ zur\u00fcck, wir warten ab, was die Ermittlungen ergeben&#8221; \u2013 das sei die Strategie, die der Kanzlerkandidat f\u00fcr die n\u00e4chsten Tage ausgibt. &#8220;In den beiden Runden ist man sich weitgehend einig, dass Magdeburg von der Union vor allem als ein Problem der inneren Sicherheit behandelt werden sollte und nicht als Migrationsthema, so wie es die AfD versucht.&#8221;<\/p>\n<p>In der Union habe man sich geschworen, \u00fcber die Feiertage Ruhe zu geben. Man wolle abwarten, was bei der geplanten Sondersitzung des Bundestags-Innenausschusses am 30. Dezember herauskommt. &#8220;Alles, was wir bisher \u00fcber den Attent\u00e4ter wissen, ergibt ja f\u00fcr die Menschen noch keine schl\u00fcssige Erkl\u00e4rung&#8221;, teilte ein einflussreicher Parteistratege dem <em>Spiegel<\/em> mit. Von dieser Erkenntnisl\u00fccke versuche die AfD, &#8220;erwartbar hemmungslos&#8221; zu profitieren, so der Vertraute. Um diese Strategie zu durchkreuzen, habe man jetzt eine Sondersitzung des Innenausschusses beantragt. &#8220;Dann liegen hoffentlich alle Informationen auf dem Tisch, auch f\u00fcr die AfD-Abgeordneten&#8221;, sagte er.\u00a0<\/p>\n<p><strong>Mehr zum Thema<\/strong> &#8211; <a rel=\"nofollow noopener\" target=\"_blank\" href=\"https:\/\/freedert.online\/inland\/230552-attentaeter-von-magdeburg-war-wegen\/\">Attent\u00e4ter von Magdeburg war wegen Drohung mit Terror gerichts- und polizeibekannt<\/a><\/p>\n<div class=\"EmbedBlock-root EmbedBlock-externalVideo EmbedBlock-rumble\">\n<div class=\"VkEmbed\"><iframe class=\"lazyload\" data-src=\"https:\/\/rumble.com\/embed\/v607dpt\" frameborder=\"0\" width=\"853\" height=\"480\" allowfullscreen><\/iframe><\/div>\n<\/div>\n<\/div>\n<p><br \/>\n<br \/><a href=\"https:\/\/de.rt.com\/inland\/230723-leid-opfer-missbraucht-faeser-stichelt\/\">Source link <\/a><\/p>\n","protected":false},"excerpt":{"rendered":"<p>Sp\u00e4testens nach der AfD-Kundgebung und dem Trauermarsch mit Tausenden Teilnehmern in der Magdeburger Innenstadt am Montag wird der Terroranschlag auf den Weihnachtsmarkt zum Politikum. Nun \u00e4u\u00dferte sich dazu auch Bundesinnenministerin Nancy Faeser. Von der AfD abgesehen, herrschte kurz vor und w\u00e4hrend den ersten Weihnachtstagen politische Stille rund um den Anschlag auf den Weihnachtsmarkt in Magdeburg. [&hellip;]<\/p>\n","protected":false},"author":3,"featured_media":75217,"comment_status":"open","ping_status":"open","sticky":false,"template":"","format":"standard","meta":{"_yoast_indexnow_last_ping":["1735154012"],"wp_automatic_camp":["217"],"f9df12c5d47244c07f7d99fbce56aa26":["&quot;Leid der Opfer missbraucht&quot; \u2013 Faeser stichelt gegen die AfD nach der Trauerkundgebung in Magdeburg"],"original_link":["https:\/\/de.rt.com\/inland\/230723-leid-opfer-missbraucht-faeser-stichelt\/"],"_thumbnail_id":["75217"],"_wptgpro_p2tg_sent2tg":["a:1:{i:23737;s:19:\"2024-12-25 21:14:52\";}"],"jnews_social_counter_last_update":["1777358458"]},"categories":[19,23],"tags":[3815,82,45,16802,278,40441,47864,979,497,61325,44103,61326],"yoast_head":"<!-- This site is optimized with the Yoast SEO Premium plugin v22.7 (Yoast SEO v22.7) - https:\/\/yoast.com\/wordpress\/plugins\/seo\/ -->\n<title>&quot;Leid der Opfer missbraucht&quot; \u2013 Faeser stichelt gegen die AfD nach der Trauerkundgebung in Magdeburg - just-now.NEWS Deutschland<\/title>\n<meta name=\"robots\" content=\"index, follow, max-snippet:-1, max-image-preview:large, max-video-preview:-1\" \/>\n<link rel=\"canonical\" href=\"https:\/\/now-news.de\/de\/deutschland\/leid-der-opfer-missbraucht-faeser-stichelt-gegen-die-afd-nach-der-trauerkundgebung-in-magdeburg\/\" \/>\n<meta property=\"og:locale\" content=\"de_DE\" \/>\n<meta property=\"og:type\" content=\"article\" \/>\n<meta property=\"og:title\" content=\"&quot;Leid der Opfer missbraucht&quot; \u2013 Faeser stichelt gegen die AfD nach der Trauerkundgebung in Magdeburg\" \/>\n<meta property=\"og:description\" content=\"Sp\u00e4testens nach der AfD-Kundgebung und dem Trauermarsch mit Tausenden Teilnehmern in der Magdeburger Innenstadt am Montag wird der Terroranschlag auf den Weihnachtsmarkt zum Politikum. Nun \u00e4u\u00dferte sich dazu auch Bundesinnenministerin Nancy Faeser. Von der AfD abgesehen, herrschte kurz vor und w\u00e4hrend den ersten Weihnachtstagen politische Stille rund um den Anschlag auf den Weihnachtsmarkt in Magdeburg. [&hellip;]\" \/>\n<meta property=\"og:url\" content=\"https:\/\/now-news.de\/de\/deutschland\/leid-der-opfer-missbraucht-faeser-stichelt-gegen-die-afd-nach-der-trauerkundgebung-in-magdeburg\/\" \/>\n<meta property=\"og:site_name\" content=\"just-now.NEWS Deutschland\" \/>\n<meta property=\"article:publisher\" content=\"https:\/\/www.facebook.com\/wirmachenauf\" \/>\n<meta property=\"article:published_time\" content=\"2024-12-25T19:00:52+00:00\" \/>\n<meta property=\"og:image\" content=\"https:\/\/now-news.de\/de\/wp-content\/uploads\/sites\/3\/2024\/12\/676c2d81b480cc614a0dc6f0.jpg\" \/>\n<meta name=\"author\" content=\"rtnews\" \/>\n<meta name=\"twitter:card\" content=\"summary_large_image\" \/>\n<meta name=\"twitter:creator\" content=\"@WirMachenAuf_de\" \/>\n<meta name=\"twitter:site\" content=\"@WirMachenAuf_de\" \/>\n<meta name=\"twitter:label1\" content=\"Verfasst von\" \/>\n\t<meta name=\"twitter:data1\" content=\"rtnews\" \/>\n\t<meta name=\"twitter:label2\" content=\"Gesch\u00e4tzte Lesezeit\" \/>\n\t<meta name=\"twitter:data2\" content=\"5\u00a0Minuten\" \/>\n<script type=\"application\/ld+json\" class=\"yoast-schema-graph\">{\"@context\":\"https:\/\/schema.org\",\"@graph\":[{\"@type\":\"Article\",\"@id\":\"https:\/\/now-news.de\/de\/deutschland\/leid-der-opfer-missbraucht-faeser-stichelt-gegen-die-afd-nach-der-trauerkundgebung-in-magdeburg\/#article\",\"isPartOf\":{\"@id\":\"https:\/\/now-news.de\/de\/deutschland\/leid-der-opfer-missbraucht-faeser-stichelt-gegen-die-afd-nach-der-trauerkundgebung-in-magdeburg\/\"},\"author\":{\"name\":\"rtnews\",\"@id\":\"https:\/\/now-news.de\/de\/#\/schema\/person\/fb534a4e865501d8b3285208df34a9b5\"},\"headline\":\"&quot;Leid der Opfer missbraucht&quot; \u2013 Faeser stichelt gegen die AfD nach der Trauerkundgebung in Magdeburg\",\"datePublished\":\"2024-12-25T19:00:52+00:00\",\"dateModified\":\"2024-12-25T19:00:52+00:00\",\"mainEntityOfPage\":{\"@id\":\"https:\/\/now-news.de\/de\/deutschland\/leid-der-opfer-missbraucht-faeser-stichelt-gegen-die-afd-nach-der-trauerkundgebung-in-magdeburg\/\"},\"wordCount\":1044,\"commentCount\":0,\"publisher\":{\"@id\":\"https:\/\/now-news.de\/de\/#organization\"},\"image\":{\"@id\":\"https:\/\/now-news.de\/de\/deutschland\/leid-der-opfer-missbraucht-faeser-stichelt-gegen-die-afd-nach-der-trauerkundgebung-in-magdeburg\/#primaryimage\"},\"thumbnailUrl\":\"https:\/\/now-news.de\/de\/wp-content\/uploads\/sites\/3\/2024\/12\/quotLeid-der-Opfer-missbrauchtquot-\u2013-Faeser-stichelt-gegen-die-AfD.jpg\",\"keywords\":[\"AfD\",\"der\",\"die\",\"Faeser\",\"gegen\",\"Magdeburg\",\"missbrauchtquot\",\"nach\",\"Opfer\",\"quotLeid\",\"stichelt\",\"Trauerkundgebung\"],\"articleSection\":[\"Deutschland\",\"Russland\"],\"inLanguage\":\"de\",\"potentialAction\":[{\"@type\":\"CommentAction\",\"name\":\"Comment\",\"target\":[\"https:\/\/now-news.de\/de\/deutschland\/leid-der-opfer-missbraucht-faeser-stichelt-gegen-die-afd-nach-der-trauerkundgebung-in-magdeburg\/#respond\"]}]},{\"@type\":\"WebPage\",\"@id\":\"https:\/\/now-news.de\/de\/deutschland\/leid-der-opfer-missbraucht-faeser-stichelt-gegen-die-afd-nach-der-trauerkundgebung-in-magdeburg\/\",\"url\":\"https:\/\/now-news.de\/de\/deutschland\/leid-der-opfer-missbraucht-faeser-stichelt-gegen-die-afd-nach-der-trauerkundgebung-in-magdeburg\/\",\"name\":\"&quot;Leid der Opfer missbraucht&quot; \u2013 Faeser stichelt gegen die AfD nach der Trauerkundgebung in Magdeburg - just-now.NEWS Deutschland\",\"isPartOf\":{\"@id\":\"https:\/\/now-news.de\/de\/#website\"},\"primaryImageOfPage\":{\"@id\":\"https:\/\/now-news.de\/de\/deutschland\/leid-der-opfer-missbraucht-faeser-stichelt-gegen-die-afd-nach-der-trauerkundgebung-in-magdeburg\/#primaryimage\"},\"image\":{\"@id\":\"https:\/\/now-news.de\/de\/deutschland\/leid-der-opfer-missbraucht-faeser-stichelt-gegen-die-afd-nach-der-trauerkundgebung-in-magdeburg\/#primaryimage\"},\"thumbnailUrl\":\"https:\/\/now-news.de\/de\/wp-content\/uploads\/sites\/3\/2024\/12\/quotLeid-der-Opfer-missbrauchtquot-\u2013-Faeser-stichelt-gegen-die-AfD.jpg\",\"datePublished\":\"2024-12-25T19:00:52+00:00\",\"dateModified\":\"2024-12-25T19:00:52+00:00\",\"breadcrumb\":{\"@id\":\"https:\/\/now-news.de\/de\/deutschland\/leid-der-opfer-missbraucht-faeser-stichelt-gegen-die-afd-nach-der-trauerkundgebung-in-magdeburg\/#breadcrumb\"},\"inLanguage\":\"de\",\"potentialAction\":[{\"@type\":\"ReadAction\",\"target\":[\"https:\/\/now-news.de\/de\/deutschland\/leid-der-opfer-missbraucht-faeser-stichelt-gegen-die-afd-nach-der-trauerkundgebung-in-magdeburg\/\"]}]},{\"@type\":\"ImageObject\",\"inLanguage\":\"de\",\"@id\":\"https:\/\/now-news.de\/de\/deutschland\/leid-der-opfer-missbraucht-faeser-stichelt-gegen-die-afd-nach-der-trauerkundgebung-in-magdeburg\/#primaryimage\",\"url\":\"https:\/\/now-news.de\/de\/wp-content\/uploads\/sites\/3\/2024\/12\/quotLeid-der-Opfer-missbrauchtquot-\u2013-Faeser-stichelt-gegen-die-AfD.jpg\",\"contentUrl\":\"https:\/\/now-news.de\/de\/wp-content\/uploads\/sites\/3\/2024\/12\/quotLeid-der-Opfer-missbrauchtquot-\u2013-Faeser-stichelt-gegen-die-AfD.jpg\",\"width\":460,\"height\":259,\"caption\":\"&quot;Leid der Opfer missbraucht&quot; \u2013 Faeser stichelt gegen die AfD nach der Trauerkundgebung in Magdeburg\"},{\"@type\":\"BreadcrumbList\",\"@id\":\"https:\/\/now-news.de\/de\/deutschland\/leid-der-opfer-missbraucht-faeser-stichelt-gegen-die-afd-nach-der-trauerkundgebung-in-magdeburg\/#breadcrumb\",\"itemListElement\":[{\"@type\":\"ListItem\",\"position\":1,\"name\":\"Home\",\"item\":\"https:\/\/now-news.de\/de\/\"},{\"@type\":\"ListItem\",\"position\":2,\"name\":\"&quot;Leid der Opfer missbraucht&quot; \u2013 Faeser stichelt gegen die AfD nach der Trauerkundgebung in Magdeburg\"}]},{\"@type\":\"WebSite\",\"@id\":\"https:\/\/now-news.de\/de\/#website\",\"url\":\"https:\/\/now-news.de\/de\/\",\"name\":\"just-now.NEWS Deutschland\",\"description\":\"Das Portal f\u00fcr unzensierte Nachrichten aus der Welt\",\"publisher\":{\"@id\":\"https:\/\/now-news.de\/de\/#organization\"},\"potentialAction\":[{\"@type\":\"SearchAction\",\"target\":{\"@type\":\"EntryPoint\",\"urlTemplate\":\"https:\/\/now-news.de\/de\/?s={search_term_string}\"},\"query-input\":\"required name=search_term_string\"}],\"inLanguage\":\"de\"},{\"@type\":\"Organization\",\"@id\":\"https:\/\/now-news.de\/de\/#organization\",\"name\":\"Just Now News\",\"url\":\"https:\/\/now-news.de\/de\/\",\"logo\":{\"@type\":\"ImageObject\",\"inLanguage\":\"de\",\"@id\":\"https:\/\/now-news.de\/de\/#\/schema\/logo\/image\/\",\"url\":\"http:\/\/just-now.news\/de\/wp-content\/uploads\/sites\/3\/2022\/04\/logo500x500.jpg\",\"contentUrl\":\"http:\/\/just-now.news\/de\/wp-content\/uploads\/sites\/3\/2022\/04\/logo500x500.jpg\",\"width\":500,\"height\":500,\"caption\":\"Just Now News\"},\"image\":{\"@id\":\"https:\/\/now-news.de\/de\/#\/schema\/logo\/image\/\"},\"sameAs\":[\"https:\/\/www.facebook.com\/wirmachenauf\",\"https:\/\/x.com\/WirMachenAuf_de\"]},{\"@type\":\"Person\",\"@id\":\"https:\/\/now-news.de\/de\/#\/schema\/person\/fb534a4e865501d8b3285208df34a9b5\",\"name\":\"rtnews\",\"image\":{\"@type\":\"ImageObject\",\"inLanguage\":\"de\",\"@id\":\"https:\/\/now-news.de\/de\/#\/schema\/person\/image\/\",\"url\":\"https:\/\/secure.gravatar.com\/avatar\/82aafea7d8127119dd649515f56e2117?s=96&d=mm&r=g\",\"contentUrl\":\"https:\/\/secure.gravatar.com\/avatar\/82aafea7d8127119dd649515f56e2117?s=96&d=mm&r=g\",\"caption\":\"rtnews\"},\"url\":\"https:\/\/now-news.de\/de\/author\/rnews\/\"}]}<\/script>\n<!-- \/ Yoast SEO Premium plugin. -->","yoast_head_json":{"title":"&quot;Leid der Opfer missbraucht&quot; \u2013 Faeser stichelt gegen die AfD nach der Trauerkundgebung in Magdeburg - just-now.NEWS Deutschland","robots":{"index":"index","follow":"follow","max-snippet":"max-snippet:-1","max-image-preview":"max-image-preview:large","max-video-preview":"max-video-preview:-1"},"canonical":"https:\/\/now-news.de\/de\/deutschland\/leid-der-opfer-missbraucht-faeser-stichelt-gegen-die-afd-nach-der-trauerkundgebung-in-magdeburg\/","og_locale":"de_DE","og_type":"article","og_title":"&quot;Leid der Opfer missbraucht&quot; \u2013 Faeser stichelt gegen die AfD nach der Trauerkundgebung in Magdeburg","og_description":"Sp\u00e4testens nach der AfD-Kundgebung und dem Trauermarsch mit Tausenden Teilnehmern in der Magdeburger Innenstadt am Montag wird der Terroranschlag auf den Weihnachtsmarkt zum Politikum. Nun \u00e4u\u00dferte sich dazu auch Bundesinnenministerin Nancy Faeser. Von der AfD abgesehen, herrschte kurz vor und w\u00e4hrend den ersten Weihnachtstagen politische Stille rund um den Anschlag auf den Weihnachtsmarkt in Magdeburg. [&hellip;]","og_url":"https:\/\/now-news.de\/de\/deutschland\/leid-der-opfer-missbraucht-faeser-stichelt-gegen-die-afd-nach-der-trauerkundgebung-in-magdeburg\/","og_site_name":"just-now.NEWS Deutschland","article_publisher":"https:\/\/www.facebook.com\/wirmachenauf","article_published_time":"2024-12-25T19:00:52+00:00","og_image":[{"url":"https:\/\/now-news.de\/de\/wp-content\/uploads\/sites\/3\/2024\/12\/676c2d81b480cc614a0dc6f0.jpg"}],"author":"rtnews","twitter_card":"summary_large_image","twitter_creator":"@WirMachenAuf_de","twitter_site":"@WirMachenAuf_de","twitter_misc":{"Verfasst von":"rtnews","Gesch\u00e4tzte Lesezeit":"5\u00a0Minuten"},"schema":{"@context":"https:\/\/schema.org","@graph":[{"@type":"Article","@id":"https:\/\/now-news.de\/de\/deutschland\/leid-der-opfer-missbraucht-faeser-stichelt-gegen-die-afd-nach-der-trauerkundgebung-in-magdeburg\/#article","isPartOf":{"@id":"https:\/\/now-news.de\/de\/deutschland\/leid-der-opfer-missbraucht-faeser-stichelt-gegen-die-afd-nach-der-trauerkundgebung-in-magdeburg\/"},"author":{"name":"rtnews","@id":"https:\/\/now-news.de\/de\/#\/schema\/person\/fb534a4e865501d8b3285208df34a9b5"},"headline":"&quot;Leid der Opfer missbraucht&quot; \u2013 Faeser stichelt gegen die AfD nach der Trauerkundgebung in Magdeburg","datePublished":"2024-12-25T19:00:52+00:00","dateModified":"2024-12-25T19:00:52+00:00","mainEntityOfPage":{"@id":"https:\/\/now-news.de\/de\/deutschland\/leid-der-opfer-missbraucht-faeser-stichelt-gegen-die-afd-nach-der-trauerkundgebung-in-magdeburg\/"},"wordCount":1044,"commentCount":0,"publisher":{"@id":"https:\/\/now-news.de\/de\/#organization"},"image":{"@id":"https:\/\/now-news.de\/de\/deutschland\/leid-der-opfer-missbraucht-faeser-stichelt-gegen-die-afd-nach-der-trauerkundgebung-in-magdeburg\/#primaryimage"},"thumbnailUrl":"https:\/\/now-news.de\/de\/wp-content\/uploads\/sites\/3\/2024\/12\/quotLeid-der-Opfer-missbrauchtquot-\u2013-Faeser-stichelt-gegen-die-AfD.jpg","keywords":["AfD","der","die","Faeser","gegen","Magdeburg","missbrauchtquot","nach","Opfer","quotLeid","stichelt","Trauerkundgebung"],"articleSection":["Deutschland","Russland"],"inLanguage":"de","potentialAction":[{"@type":"CommentAction","name":"Comment","target":["https:\/\/now-news.de\/de\/deutschland\/leid-der-opfer-missbraucht-faeser-stichelt-gegen-die-afd-nach-der-trauerkundgebung-in-magdeburg\/#respond"]}]},{"@type":"WebPage","@id":"https:\/\/now-news.de\/de\/deutschland\/leid-der-opfer-missbraucht-faeser-stichelt-gegen-die-afd-nach-der-trauerkundgebung-in-magdeburg\/","url":"https:\/\/now-news.de\/de\/deutschland\/leid-der-opfer-missbraucht-faeser-stichelt-gegen-die-afd-nach-der-trauerkundgebung-in-magdeburg\/","name":"&quot;Leid der Opfer missbraucht&quot; \u2013 Faeser stichelt gegen die AfD nach der Trauerkundgebung in Magdeburg - just-now.NEWS Deutschland","isPartOf":{"@id":"https:\/\/now-news.de\/de\/#website"},"primaryImageOfPage":{"@id":"https:\/\/now-news.de\/de\/deutschland\/leid-der-opfer-missbraucht-faeser-stichelt-gegen-die-afd-nach-der-trauerkundgebung-in-magdeburg\/#primaryimage"},"image":{"@id":"https:\/\/now-news.de\/de\/deutschland\/leid-der-opfer-missbraucht-faeser-stichelt-gegen-die-afd-nach-der-trauerkundgebung-in-magdeburg\/#primaryimage"},"thumbnailUrl":"https:\/\/now-news.de\/de\/wp-content\/uploads\/sites\/3\/2024\/12\/quotLeid-der-Opfer-missbrauchtquot-\u2013-Faeser-stichelt-gegen-die-AfD.jpg","datePublished":"2024-12-25T19:00:52+00:00","dateModified":"2024-12-25T19:00:52+00:00","breadcrumb":{"@id":"https:\/\/now-news.de\/de\/deutschland\/leid-der-opfer-missbraucht-faeser-stichelt-gegen-die-afd-nach-der-trauerkundgebung-in-magdeburg\/#breadcrumb"},"inLanguage":"de","potentialAction":[{"@type":"ReadAction","target":["https:\/\/now-news.de\/de\/deutschland\/leid-der-opfer-missbraucht-faeser-stichelt-gegen-die-afd-nach-der-trauerkundgebung-in-magdeburg\/"]}]},{"@type":"ImageObject","inLanguage":"de","@id":"https:\/\/now-news.de\/de\/deutschland\/leid-der-opfer-missbraucht-faeser-stichelt-gegen-die-afd-nach-der-trauerkundgebung-in-magdeburg\/#primaryimage","url":"https:\/\/now-news.de\/de\/wp-content\/uploads\/sites\/3\/2024\/12\/quotLeid-der-Opfer-missbrauchtquot-\u2013-Faeser-stichelt-gegen-die-AfD.jpg","contentUrl":"https:\/\/now-news.de\/de\/wp-content\/uploads\/sites\/3\/2024\/12\/quotLeid-der-Opfer-missbrauchtquot-\u2013-Faeser-stichelt-gegen-die-AfD.jpg","width":460,"height":259,"caption":"&quot;Leid der Opfer missbraucht&quot; \u2013 Faeser stichelt gegen die AfD nach der Trauerkundgebung in Magdeburg"},{"@type":"BreadcrumbList","@id":"https:\/\/now-news.de\/de\/deutschland\/leid-der-opfer-missbraucht-faeser-stichelt-gegen-die-afd-nach-der-trauerkundgebung-in-magdeburg\/#breadcrumb","itemListElement":[{"@type":"ListItem","position":1,"name":"Home","item":"https:\/\/now-news.de\/de\/"},{"@type":"ListItem","position":2,"name":"&quot;Leid der Opfer missbraucht&quot; \u2013 Faeser stichelt gegen die AfD nach der Trauerkundgebung in Magdeburg"}]},{"@type":"WebSite","@id":"https:\/\/now-news.de\/de\/#website","url":"https:\/\/now-news.de\/de\/","name":"just-now.NEWS Deutschland","description":"Das Portal f\u00fcr unzensierte Nachrichten aus der Welt","publisher":{"@id":"https:\/\/now-news.de\/de\/#organization"},"potentialAction":[{"@type":"SearchAction","target":{"@type":"EntryPoint","urlTemplate":"https:\/\/now-news.de\/de\/?s={search_term_string}"},"query-input":"required name=search_term_string"}],"inLanguage":"de"},{"@type":"Organization","@id":"https:\/\/now-news.de\/de\/#organization","name":"Just Now News","url":"https:\/\/now-news.de\/de\/","logo":{"@type":"ImageObject","inLanguage":"de","@id":"https:\/\/now-news.de\/de\/#\/schema\/logo\/image\/","url":"http:\/\/just-now.news\/de\/wp-content\/uploads\/sites\/3\/2022\/04\/logo500x500.jpg","contentUrl":"http:\/\/just-now.news\/de\/wp-content\/uploads\/sites\/3\/2022\/04\/logo500x500.jpg","width":500,"height":500,"caption":"Just Now News"},"image":{"@id":"https:\/\/now-news.de\/de\/#\/schema\/logo\/image\/"},"sameAs":["https:\/\/www.facebook.com\/wirmachenauf","https:\/\/x.com\/WirMachenAuf_de"]},{"@type":"Person","@id":"https:\/\/now-news.de\/de\/#\/schema\/person\/fb534a4e865501d8b3285208df34a9b5","name":"rtnews","image":{"@type":"ImageObject","inLanguage":"de","@id":"https:\/\/now-news.de\/de\/#\/schema\/person\/image\/","url":"https:\/\/secure.gravatar.com\/avatar\/82aafea7d8127119dd649515f56e2117?s=96&d=mm&r=g","contentUrl":"https:\/\/secure.gravatar.com\/avatar\/82aafea7d8127119dd649515f56e2117?s=96&d=mm&r=g","caption":"rtnews"},"url":"https:\/\/now-news.de\/de\/author\/rnews\/"}]}},"_links":{"self":[{"href":"https:\/\/now-news.de\/de\/wp-json\/wp\/v2\/posts\/75216"}],"collection":[{"href":"https:\/\/now-news.de\/de\/wp-json\/wp\/v2\/posts"}],"about":[{"href":"https:\/\/now-news.de\/de\/wp-json\/wp\/v2\/types\/post"}],"author":[{"embeddable":true,"href":"https:\/\/now-news.de\/de\/wp-json\/wp\/v2\/users\/3"}],"replies":[{"embeddable":true,"href":"https:\/\/now-news.de\/de\/wp-json\/wp\/v2\/comments?post=75216"}],"version-history":[{"count":0,"href":"https:\/\/now-news.de\/de\/wp-json\/wp\/v2\/posts\/75216\/revisions"}],"wp:featuredmedia":[{"embeddable":true,"href":"https:\/\/now-news.de\/de\/wp-json\/wp\/v2\/media\/75217"}],"wp:attachment":[{"href":"https:\/\/now-news.de\/de\/wp-json\/wp\/v2\/media?parent=75216"}],"wp:term":[{"taxonomy":"category","embeddable":true,"href":"https:\/\/now-news.de\/de\/wp-json\/wp\/v2\/categories?post=75216"},{"taxonomy":"post_tag","embeddable":true,"href":"https:\/\/now-news.de\/de\/wp-json\/wp\/v2\/tags?post=75216"}],"curies":[{"name":"wp","href":"https:\/\/api.w.org\/{rel}","templated":true}]}}