{"id":7520,"date":"2022-05-12T15:00:54","date_gmt":"2022-05-12T13:00:54","guid":{"rendered":"http:\/\/just-now.news\/de\/deutschland\/gazprom-stellt-den-transit-von-erdgas-durch-polen-ein-2\/"},"modified":"2022-05-12T15:00:54","modified_gmt":"2022-05-12T13:00:54","slug":"gazprom-stellt-den-transit-von-erdgas-durch-polen-ein-2","status":"publish","type":"post","link":"https:\/\/now-news.de\/de\/deutschland\/gazprom-stellt-den-transit-von-erdgas-durch-polen-ein-2\/","title":{"rendered":"Gazprom stellt den Transit von Erdgas durch Polen ein"},"content":{"rendered":"<div class=\"Text-root Text-type_5 ArticleView-text ViewText-root \">\n<p>Der russische Gaslieferant Gazprom hat am Donnerstag mitgeteilt, dass er Gaslieferungen nach und durch Polen einstellen wird. Grund sind die russischen Gegensanktionen, von denen auch der Eigent\u00fcmer des polnischen Abschnitts der Jamal-Europa-Pipeline betroffen ist.\u00a0<\/p>\n<p>Gegen eine Reihe ausl\u00e4ndischer Energieunternehmen verh\u00e4ngte russische Sanktionen verbieten es Gazprom, die Pipeline, die Eigentum von EuRoPol GAZ (einem Joint Venture zwischen Gazprom und der polnischen PGNiG, der der polnische Abschnitt der Jamal-Europa-Pipeline geh\u00f6rt) ist, zu nutzen, um russisches Gas durch Polen zu leiten, sagte heute der Sprecher der Holdinggesellschaft Sergej Kuprijanow.<\/p>\n<blockquote>\n<p>&#8220;<em>Es wurde ein Verbot von Transaktionen und Zahlungen zugunsten sanktionierter Personen verh\u00e4ngt. F\u00fcr Gazprom bedeutet dies insbesondere ein Verbot der Nutzung der im Besitz von EuRoPol GAZ befindlichen Gaspipeline f\u00fcr den Transport von russischem Gas durch Polen<\/em>&#8220;,<\/p>\n<\/blockquote>\n<p>begr\u00fcndete Kuprijanow die Entscheidung.<\/p>\n<figure class=\"RTImage-root\">\n<div class=\"RTImage-image RTImage-original\"><picture class=\"Picture-root Picture-original\"><!--[if IE 9]><video style=\"display: none;\"><![endif]--><source media=\"(-webkit-min-device-pixel-ratio: 2) and (min-resolution: 120dpi)\" data-srcset=\" \nhttp:\/\/just-now.news\/de\/wp-content\/uploads\/sites\/3\/2022\/05\/627d0d4db480cc3b7344b391.jpg 850w,\n                http:\/\/just-now.news\/de\/wp-content\/uploads\/sites\/3\/2022\/05\/627d0d4db480cc3b7344b391.jpg 1960w,\n            \" ><source data-srcset=\" \nhttp:\/\/just-now.news\/de\/wp-content\/uploads\/sites\/3\/2022\/05\/627d0d4db480cc3b7344b391.jpg 460w,\n              http:\/\/just-now.news\/de\/wp-content\/uploads\/sites\/3\/2022\/05\/627d0d4db480cc3b7344b391.jpg 980w,\n            \" ><!--[if IE 9]><\/video><![endif]--><\/source><\/source><\/picture><!-- noscript pattern --><noscript><img decoding=\"async\" src=\"http:\/\/just-now.news\/de\/wp-content\/uploads\/sites\/3\/2022\/05\/627d0d4db480cc3b7344b391.jpg\" alt=\"\"><\/noscript><\/div><figcaption class=\"RTImage-footer\"><span class=\"RTImage-caption\"><span class=\"RTImage-captionItem\">Schema der Jamal-Europa-Pipeline<\/span><\/span><span class=\"RTImage-source\"><\/span><\/figcaption><\/figure>\n<p>Wie er weiter ausf\u00fchrte, hat die polnische Seite bereits wiederholt die Rechte von Gazprom als Anteilseigner der EuRoPol GAZ verletzt und das russische Unternehmen Ende April auf eine Sanktionsliste gesetzt, wodurch es nicht mehr in der Lage ist, Rechte an Aktien und anderen Wertpapieren des Joint Ventures auszu\u00fcben und Dividenden zu erhalten.<\/p>\n<div class=\"ReadMore-root Section-root Section-is1to3-xs_is1to1\" data-widgets=\"ReadMore\" data-has-alias>\n<div class=\"Section-container Section-isRow-isTop-isWrap\">\n<article class=\"Card-root Card-is1to1 \">\n<div class=\"Card-imageWrap\">\n<div class=\"Card-picture\">\n<picture class=\"Picture-root Picture-default\"><!--[if IE 9]><video style=\"display: none;\"><![endif]--><source media=\"(-webkit-min-device-pixel-ratio: 2) and (min-resolution: 120dpi)\" data-srcset=\" \nhttp:\/\/just-now.news\/de\/wp-content\/uploads\/sites\/3\/2022\/05\/Waffenlieferungen-quotschwerer-Fehlerquot-AfD-Chef-Chrupalla-fordert-Dialog-mit-Russland.jpg 850w,\n                http:\/\/just-now.news\/de\/wp-content\/uploads\/sites\/3\/2022\/04\/AfD-Co-Fraktionschef-Chrupalla-fuer-Inbetriebnahme-von-quotNord-Stream-2quot.jpg 1960w,\n            \" ><source data-srcset=\" \nhttp:\/\/just-now.news\/de\/wp-content\/uploads\/sites\/3\/2022\/05\/Waffenlieferungen-quotschwerer-Fehlerquot-AfD-Chef-Chrupalla-fordert-Dialog-mit-Russland.jpg 460w,\n              http:\/\/just-now.news\/de\/wp-content\/uploads\/sites\/3\/2022\/04\/AfD-Co-Fraktionschef-Chrupalla-fuer-Inbetriebnahme-von-quotNord-Stream-2quot.jpg 980w,\n            \" ><!--[if IE 9]><\/video><![endif]--><img decoding=\"async\" data- src=\"data:image\/png;base64,iVBORw0KGgoAAAANSUhEUgAAABAAAAAJCAQAAACRI2S5AAAAEElEQVR42mNkIAAYRxWAAQAG9gAKqv6+AwAAAABJRU5ErkJggg==\" class=\"Picture-root Picture-default lazyload\" data-src=\"http:\/\/just-now.news\/de\/wp-content\/uploads\/sites\/3\/2022\/05\/Waffenlieferungen-quotschwerer-Fehlerquot-AfD-Chef-Chrupalla-fordert-Dialog-mit-Russland.jpg\" alt='AfD-Co-Fraktionschef Chrupalla f\u00fcr Inbetriebnahme von \"Nord Stream 2\"'><\/source><\/source><\/picture><!-- noscript pattern --><noscript><img decoding=\"async\" src=\"http:\/\/just-now.news\/de\/wp-content\/uploads\/sites\/3\/2022\/04\/AfD-Co-Fraktionschef-Chrupalla-fuer-Inbetriebnahme-von-quotNord-Stream-2quot.jpg\" alt='AfD-Co-Fraktionschef Chrupalla f\u00fcr Inbetriebnahme von \"Nord Stream 2\"'><\/noscript>    <\/div><\/div>\n<div class=\"Card-contentWrap\">\n<div class=\"Card-content\">\n<div class=\"Card-title\">\n<div class=\"HeaderNews-root HeaderNews-type_6 \">\n<p>            <a rel=\"nofollow noopener\" target=\"_blank\" href=\"https:\/\/de.rt.com\/inland\/137377-afd-co-fraktionschef-chrupalla-fur\/\" class=\"Link-root Link-isFullCard \"><br \/>\n                AfD-Co-Fraktionschef Chrupalla f\u00fcr Inbetriebnahme von &#8220;Nord Stream 2&#8221;<br \/>\n            <\/a><\/p><\/div><\/div><\/div><\/div>\n<\/article>\n<\/div><\/div>\n<p>Ebenfalls am Donnerstag ist bekannt geworden, dass Gazprom aufgrund durch Russland erlassener Gegensanktionen kein Gas an seine fr\u00fchere Tochtergesellschaft Gazprom Germania mehr liefern wird. \u00dcber Gazprom Germania wurde in der Vergangenheit zumindest ein Teil des deutschen Gasimports aus Russland abgewickelt.<\/p>\n<p>Bundeswirtschaftsminister Habeck gab dazu heute bekannt, er mache sich keine Sorgen um die Sicherheit der Gasversorgung in Deutschland.\u00a0Die betroffene Gasmenge k\u00f6nne \u00fcber andere Vertr\u00e4ge und neue Buchungen mengengleich Europa und Deutschland erreichen, wenn auch zu h\u00f6heren Preisen.<\/p>\n<p>Zuvor hatte die <a rel=\"nofollow noopener\" target=\"_blank\" href=\"https:\/\/de.rt.com\/international\/138129-ukraine-stoppt-gastransit-von-russland\/\">Ukraine den Teil des Gastransits, der eine Kompressorstation in der Region Lugansk nutzt, eingestellt<\/a>. Nach Sch\u00e4tzungen fiel dadurch rund ein Drittel der Transportkapazit\u00e4ten der ukrainischen Gaspipelines aus.\u00a0\u00a0<\/p>\n<p><em>Mitteilung Kuprijanows im offiziellen Telegramkanal von Gazprom<\/em>:\u00a0<\/p>\n<p><strong>Mehr zum Thema<\/strong> &#8211; <a rel=\"nofollow noopener\" target=\"_blank\" href=\"https:\/\/de.rt.com\/international\/138129-ukraine-stoppt-gastransit-von-russland\/\">Ukraine stoppt Gastransit von Russland in die EU \u00fcber die Station Sochranowka<\/a><\/p>\n<\/div>\n<p><br \/>\n<br \/><a href=\"https:\/\/de.rt.com\/wirtschaft\/138290-gazprom-stellt-transit-von-erdgas-ein\/\">Source link <\/a><\/p>\n","protected":false},"excerpt":{"rendered":"<p>Der russische Gaslieferant Gazprom hat am Donnerstag mitgeteilt, dass er Gaslieferungen nach und durch Polen einstellen wird. Grund sind die russischen Gegensanktionen, von denen auch der Eigent\u00fcmer des polnischen Abschnitts der Jamal-Europa-Pipeline betroffen ist.\u00a0 Gegen eine Reihe ausl\u00e4ndischer Energieunternehmen verh\u00e4ngte russische Sanktionen verbieten es Gazprom, die Pipeline, die Eigentum von EuRoPol GAZ (einem Joint Venture [&hellip;]<\/p>\n","protected":false},"author":3,"featured_media":7521,"comment_status":"open","ping_status":"open","sticky":false,"template":"","format":"standard","meta":{"wp_automatic_camp":["217"],"25042d97bdf48dac356385e5406cc08b":["Gazprom stellt den Transit von Erdgas durch Polen ein"],"original_link":["https:\/\/de.rt.com\/wirtschaft\/138290-gazprom-stellt-transit-von-erdgas-ein\/"],"_thumbnail_id":["7521"],"wp_automatic_remove_first_image":["yes"],"_wptg_p2tg_sent2tg":["2022-05-12 16:00:22"],"jnews_social_counter_last_update":["1777304801"]},"categories":[19,23],"tags":[48,1024,357,1502,10885,5850,15979,19827,50],"yoast_head":"<!-- This site is optimized with the Yoast SEO Premium plugin v22.7 (Yoast SEO v22.7) - https:\/\/yoast.com\/wordpress\/plugins\/seo\/ -->\n<title>Gazprom stellt den Transit von Erdgas durch Polen ein - just-now.NEWS Deutschland<\/title>\n<meta name=\"robots\" content=\"index, follow, max-snippet:-1, max-image-preview:large, max-video-preview:-1\" \/>\n<link rel=\"canonical\" href=\"https:\/\/now-news.de\/de\/deutschland\/gazprom-stellt-den-transit-von-erdgas-durch-polen-ein-2\/\" \/>\n<meta property=\"og:locale\" content=\"de_DE\" \/>\n<meta property=\"og:type\" content=\"article\" \/>\n<meta property=\"og:title\" content=\"Gazprom stellt den Transit von Erdgas durch Polen ein\" \/>\n<meta property=\"og:description\" content=\"Der russische Gaslieferant Gazprom hat am Donnerstag mitgeteilt, dass er Gaslieferungen nach und durch Polen einstellen wird. Grund sind die russischen Gegensanktionen, von denen auch der Eigent\u00fcmer des polnischen Abschnitts der Jamal-Europa-Pipeline betroffen ist.\u00a0 Gegen eine Reihe ausl\u00e4ndischer Energieunternehmen verh\u00e4ngte russische Sanktionen verbieten es Gazprom, die Pipeline, die Eigentum von EuRoPol GAZ (einem Joint Venture [&hellip;]\" \/>\n<meta property=\"og:url\" content=\"https:\/\/now-news.de\/de\/deutschland\/gazprom-stellt-den-transit-von-erdgas-durch-polen-ein-2\/\" \/>\n<meta property=\"og:site_name\" content=\"just-now.NEWS Deutschland\" \/>\n<meta property=\"article:publisher\" content=\"https:\/\/www.facebook.com\/wirmachenauf\" \/>\n<meta property=\"article:published_time\" content=\"2022-05-12T13:00:54+00:00\" \/>\n<meta property=\"og:image\" content=\"https:\/\/now-news.de\/de\/wp-content\/uploads\/sites\/3\/2022\/05\/Gazprom-stellt-den-Transit-von-Erdgas-durch-Polen-ein.jpg\" \/>\n\t<meta property=\"og:image:width\" content=\"1104\" \/>\n\t<meta property=\"og:image:height\" content=\"622\" \/>\n\t<meta property=\"og:image:type\" content=\"image\/jpeg\" \/>\n<meta name=\"author\" content=\"rtnews\" \/>\n<meta name=\"twitter:card\" content=\"summary_large_image\" \/>\n<meta name=\"twitter:creator\" content=\"@WirMachenAuf_de\" \/>\n<meta name=\"twitter:site\" content=\"@WirMachenAuf_de\" \/>\n<meta name=\"twitter:label1\" content=\"Verfasst von\" \/>\n\t<meta name=\"twitter:data1\" content=\"rtnews\" \/>\n\t<meta name=\"twitter:label2\" content=\"Gesch\u00e4tzte Lesezeit\" \/>\n\t<meta name=\"twitter:data2\" content=\"2\u00a0Minuten\" \/>\n<script type=\"application\/ld+json\" class=\"yoast-schema-graph\">{\"@context\":\"https:\/\/schema.org\",\"@graph\":[{\"@type\":\"Article\",\"@id\":\"https:\/\/now-news.de\/de\/deutschland\/gazprom-stellt-den-transit-von-erdgas-durch-polen-ein-2\/#article\",\"isPartOf\":{\"@id\":\"https:\/\/now-news.de\/de\/deutschland\/gazprom-stellt-den-transit-von-erdgas-durch-polen-ein-2\/\"},\"author\":{\"name\":\"rtnews\",\"@id\":\"https:\/\/now-news.de\/de\/#\/schema\/person\/fb534a4e865501d8b3285208df34a9b5\"},\"headline\":\"Gazprom stellt den Transit von Erdgas durch Polen ein\",\"datePublished\":\"2022-05-12T13:00:54+00:00\",\"dateModified\":\"2022-05-12T13:00:54+00:00\",\"mainEntityOfPage\":{\"@id\":\"https:\/\/now-news.de\/de\/deutschland\/gazprom-stellt-den-transit-von-erdgas-durch-polen-ein-2\/\"},\"wordCount\":349,\"commentCount\":0,\"publisher\":{\"@id\":\"https:\/\/now-news.de\/de\/#organization\"},\"image\":{\"@id\":\"https:\/\/now-news.de\/de\/deutschland\/gazprom-stellt-den-transit-von-erdgas-durch-polen-ein-2\/#primaryimage\"},\"thumbnailUrl\":\"https:\/\/now-news.de\/de\/wp-content\/uploads\/sites\/3\/2022\/05\/Gazprom-stellt-den-Transit-von-Erdgas-durch-Polen-ein.jpg\",\"keywords\":[\"den\",\"durch\",\"ein\",\"Erdgas\",\"Gazprom\",\"Polen\",\"stellt\",\"Transit\",\"von\"],\"articleSection\":[\"Deutschland\",\"Russland\"],\"inLanguage\":\"de\",\"potentialAction\":[{\"@type\":\"CommentAction\",\"name\":\"Comment\",\"target\":[\"https:\/\/now-news.de\/de\/deutschland\/gazprom-stellt-den-transit-von-erdgas-durch-polen-ein-2\/#respond\"]}]},{\"@type\":\"WebPage\",\"@id\":\"https:\/\/now-news.de\/de\/deutschland\/gazprom-stellt-den-transit-von-erdgas-durch-polen-ein-2\/\",\"url\":\"https:\/\/now-news.de\/de\/deutschland\/gazprom-stellt-den-transit-von-erdgas-durch-polen-ein-2\/\",\"name\":\"Gazprom stellt den Transit von Erdgas durch Polen ein - just-now.NEWS Deutschland\",\"isPartOf\":{\"@id\":\"https:\/\/now-news.de\/de\/#website\"},\"primaryImageOfPage\":{\"@id\":\"https:\/\/now-news.de\/de\/deutschland\/gazprom-stellt-den-transit-von-erdgas-durch-polen-ein-2\/#primaryimage\"},\"image\":{\"@id\":\"https:\/\/now-news.de\/de\/deutschland\/gazprom-stellt-den-transit-von-erdgas-durch-polen-ein-2\/#primaryimage\"},\"thumbnailUrl\":\"https:\/\/now-news.de\/de\/wp-content\/uploads\/sites\/3\/2022\/05\/Gazprom-stellt-den-Transit-von-Erdgas-durch-Polen-ein.jpg\",\"datePublished\":\"2022-05-12T13:00:54+00:00\",\"dateModified\":\"2022-05-12T13:00:54+00:00\",\"breadcrumb\":{\"@id\":\"https:\/\/now-news.de\/de\/deutschland\/gazprom-stellt-den-transit-von-erdgas-durch-polen-ein-2\/#breadcrumb\"},\"inLanguage\":\"de\",\"potentialAction\":[{\"@type\":\"ReadAction\",\"target\":[\"https:\/\/now-news.de\/de\/deutschland\/gazprom-stellt-den-transit-von-erdgas-durch-polen-ein-2\/\"]}]},{\"@type\":\"ImageObject\",\"inLanguage\":\"de\",\"@id\":\"https:\/\/now-news.de\/de\/deutschland\/gazprom-stellt-den-transit-von-erdgas-durch-polen-ein-2\/#primaryimage\",\"url\":\"https:\/\/now-news.de\/de\/wp-content\/uploads\/sites\/3\/2022\/05\/Gazprom-stellt-den-Transit-von-Erdgas-durch-Polen-ein.jpg\",\"contentUrl\":\"https:\/\/now-news.de\/de\/wp-content\/uploads\/sites\/3\/2022\/05\/Gazprom-stellt-den-Transit-von-Erdgas-durch-Polen-ein.jpg\",\"width\":1104,\"height\":622},{\"@type\":\"BreadcrumbList\",\"@id\":\"https:\/\/now-news.de\/de\/deutschland\/gazprom-stellt-den-transit-von-erdgas-durch-polen-ein-2\/#breadcrumb\",\"itemListElement\":[{\"@type\":\"ListItem\",\"position\":1,\"name\":\"Home\",\"item\":\"https:\/\/now-news.de\/de\/\"},{\"@type\":\"ListItem\",\"position\":2,\"name\":\"Gazprom stellt den Transit von Erdgas durch Polen ein\"}]},{\"@type\":\"WebSite\",\"@id\":\"https:\/\/now-news.de\/de\/#website\",\"url\":\"https:\/\/now-news.de\/de\/\",\"name\":\"just-now.NEWS Deutschland\",\"description\":\"Das Portal f\u00fcr unzensierte Nachrichten aus der Welt\",\"publisher\":{\"@id\":\"https:\/\/now-news.de\/de\/#organization\"},\"potentialAction\":[{\"@type\":\"SearchAction\",\"target\":{\"@type\":\"EntryPoint\",\"urlTemplate\":\"https:\/\/now-news.de\/de\/?s={search_term_string}\"},\"query-input\":\"required name=search_term_string\"}],\"inLanguage\":\"de\"},{\"@type\":\"Organization\",\"@id\":\"https:\/\/now-news.de\/de\/#organization\",\"name\":\"Just Now News\",\"url\":\"https:\/\/now-news.de\/de\/\",\"logo\":{\"@type\":\"ImageObject\",\"inLanguage\":\"de\",\"@id\":\"https:\/\/now-news.de\/de\/#\/schema\/logo\/image\/\",\"url\":\"http:\/\/just-now.news\/de\/wp-content\/uploads\/sites\/3\/2022\/04\/logo500x500.jpg\",\"contentUrl\":\"http:\/\/just-now.news\/de\/wp-content\/uploads\/sites\/3\/2022\/04\/logo500x500.jpg\",\"width\":500,\"height\":500,\"caption\":\"Just Now News\"},\"image\":{\"@id\":\"https:\/\/now-news.de\/de\/#\/schema\/logo\/image\/\"},\"sameAs\":[\"https:\/\/www.facebook.com\/wirmachenauf\",\"https:\/\/x.com\/WirMachenAuf_de\"]},{\"@type\":\"Person\",\"@id\":\"https:\/\/now-news.de\/de\/#\/schema\/person\/fb534a4e865501d8b3285208df34a9b5\",\"name\":\"rtnews\",\"image\":{\"@type\":\"ImageObject\",\"inLanguage\":\"de\",\"@id\":\"https:\/\/now-news.de\/de\/#\/schema\/person\/image\/\",\"url\":\"https:\/\/secure.gravatar.com\/avatar\/82aafea7d8127119dd649515f56e2117?s=96&d=mm&r=g\",\"contentUrl\":\"https:\/\/secure.gravatar.com\/avatar\/82aafea7d8127119dd649515f56e2117?s=96&d=mm&r=g\",\"caption\":\"rtnews\"},\"url\":\"https:\/\/now-news.de\/de\/author\/rnews\/\"}]}<\/script>\n<!-- \/ Yoast SEO Premium plugin. -->","yoast_head_json":{"title":"Gazprom stellt den Transit von Erdgas durch Polen ein - just-now.NEWS Deutschland","robots":{"index":"index","follow":"follow","max-snippet":"max-snippet:-1","max-image-preview":"max-image-preview:large","max-video-preview":"max-video-preview:-1"},"canonical":"https:\/\/now-news.de\/de\/deutschland\/gazprom-stellt-den-transit-von-erdgas-durch-polen-ein-2\/","og_locale":"de_DE","og_type":"article","og_title":"Gazprom stellt den Transit von Erdgas durch Polen ein","og_description":"Der russische Gaslieferant Gazprom hat am Donnerstag mitgeteilt, dass er Gaslieferungen nach und durch Polen einstellen wird. Grund sind die russischen Gegensanktionen, von denen auch der Eigent\u00fcmer des polnischen Abschnitts der Jamal-Europa-Pipeline betroffen ist.\u00a0 Gegen eine Reihe ausl\u00e4ndischer Energieunternehmen verh\u00e4ngte russische Sanktionen verbieten es Gazprom, die Pipeline, die Eigentum von EuRoPol GAZ (einem Joint Venture [&hellip;]","og_url":"https:\/\/now-news.de\/de\/deutschland\/gazprom-stellt-den-transit-von-erdgas-durch-polen-ein-2\/","og_site_name":"just-now.NEWS Deutschland","article_publisher":"https:\/\/www.facebook.com\/wirmachenauf","article_published_time":"2022-05-12T13:00:54+00:00","og_image":[{"width":1104,"height":622,"url":"https:\/\/now-news.de\/de\/wp-content\/uploads\/sites\/3\/2022\/05\/Gazprom-stellt-den-Transit-von-Erdgas-durch-Polen-ein.jpg","type":"image\/jpeg"}],"author":"rtnews","twitter_card":"summary_large_image","twitter_creator":"@WirMachenAuf_de","twitter_site":"@WirMachenAuf_de","twitter_misc":{"Verfasst von":"rtnews","Gesch\u00e4tzte Lesezeit":"2\u00a0Minuten"},"schema":{"@context":"https:\/\/schema.org","@graph":[{"@type":"Article","@id":"https:\/\/now-news.de\/de\/deutschland\/gazprom-stellt-den-transit-von-erdgas-durch-polen-ein-2\/#article","isPartOf":{"@id":"https:\/\/now-news.de\/de\/deutschland\/gazprom-stellt-den-transit-von-erdgas-durch-polen-ein-2\/"},"author":{"name":"rtnews","@id":"https:\/\/now-news.de\/de\/#\/schema\/person\/fb534a4e865501d8b3285208df34a9b5"},"headline":"Gazprom stellt den Transit von Erdgas durch Polen ein","datePublished":"2022-05-12T13:00:54+00:00","dateModified":"2022-05-12T13:00:54+00:00","mainEntityOfPage":{"@id":"https:\/\/now-news.de\/de\/deutschland\/gazprom-stellt-den-transit-von-erdgas-durch-polen-ein-2\/"},"wordCount":349,"commentCount":0,"publisher":{"@id":"https:\/\/now-news.de\/de\/#organization"},"image":{"@id":"https:\/\/now-news.de\/de\/deutschland\/gazprom-stellt-den-transit-von-erdgas-durch-polen-ein-2\/#primaryimage"},"thumbnailUrl":"https:\/\/now-news.de\/de\/wp-content\/uploads\/sites\/3\/2022\/05\/Gazprom-stellt-den-Transit-von-Erdgas-durch-Polen-ein.jpg","keywords":["den","durch","ein","Erdgas","Gazprom","Polen","stellt","Transit","von"],"articleSection":["Deutschland","Russland"],"inLanguage":"de","potentialAction":[{"@type":"CommentAction","name":"Comment","target":["https:\/\/now-news.de\/de\/deutschland\/gazprom-stellt-den-transit-von-erdgas-durch-polen-ein-2\/#respond"]}]},{"@type":"WebPage","@id":"https:\/\/now-news.de\/de\/deutschland\/gazprom-stellt-den-transit-von-erdgas-durch-polen-ein-2\/","url":"https:\/\/now-news.de\/de\/deutschland\/gazprom-stellt-den-transit-von-erdgas-durch-polen-ein-2\/","name":"Gazprom stellt den Transit von Erdgas durch Polen ein - just-now.NEWS Deutschland","isPartOf":{"@id":"https:\/\/now-news.de\/de\/#website"},"primaryImageOfPage":{"@id":"https:\/\/now-news.de\/de\/deutschland\/gazprom-stellt-den-transit-von-erdgas-durch-polen-ein-2\/#primaryimage"},"image":{"@id":"https:\/\/now-news.de\/de\/deutschland\/gazprom-stellt-den-transit-von-erdgas-durch-polen-ein-2\/#primaryimage"},"thumbnailUrl":"https:\/\/now-news.de\/de\/wp-content\/uploads\/sites\/3\/2022\/05\/Gazprom-stellt-den-Transit-von-Erdgas-durch-Polen-ein.jpg","datePublished":"2022-05-12T13:00:54+00:00","dateModified":"2022-05-12T13:00:54+00:00","breadcrumb":{"@id":"https:\/\/now-news.de\/de\/deutschland\/gazprom-stellt-den-transit-von-erdgas-durch-polen-ein-2\/#breadcrumb"},"inLanguage":"de","potentialAction":[{"@type":"ReadAction","target":["https:\/\/now-news.de\/de\/deutschland\/gazprom-stellt-den-transit-von-erdgas-durch-polen-ein-2\/"]}]},{"@type":"ImageObject","inLanguage":"de","@id":"https:\/\/now-news.de\/de\/deutschland\/gazprom-stellt-den-transit-von-erdgas-durch-polen-ein-2\/#primaryimage","url":"https:\/\/now-news.de\/de\/wp-content\/uploads\/sites\/3\/2022\/05\/Gazprom-stellt-den-Transit-von-Erdgas-durch-Polen-ein.jpg","contentUrl":"https:\/\/now-news.de\/de\/wp-content\/uploads\/sites\/3\/2022\/05\/Gazprom-stellt-den-Transit-von-Erdgas-durch-Polen-ein.jpg","width":1104,"height":622},{"@type":"BreadcrumbList","@id":"https:\/\/now-news.de\/de\/deutschland\/gazprom-stellt-den-transit-von-erdgas-durch-polen-ein-2\/#breadcrumb","itemListElement":[{"@type":"ListItem","position":1,"name":"Home","item":"https:\/\/now-news.de\/de\/"},{"@type":"ListItem","position":2,"name":"Gazprom stellt den Transit von Erdgas durch Polen ein"}]},{"@type":"WebSite","@id":"https:\/\/now-news.de\/de\/#website","url":"https:\/\/now-news.de\/de\/","name":"just-now.NEWS Deutschland","description":"Das Portal f\u00fcr unzensierte Nachrichten aus der Welt","publisher":{"@id":"https:\/\/now-news.de\/de\/#organization"},"potentialAction":[{"@type":"SearchAction","target":{"@type":"EntryPoint","urlTemplate":"https:\/\/now-news.de\/de\/?s={search_term_string}"},"query-input":"required name=search_term_string"}],"inLanguage":"de"},{"@type":"Organization","@id":"https:\/\/now-news.de\/de\/#organization","name":"Just Now News","url":"https:\/\/now-news.de\/de\/","logo":{"@type":"ImageObject","inLanguage":"de","@id":"https:\/\/now-news.de\/de\/#\/schema\/logo\/image\/","url":"http:\/\/just-now.news\/de\/wp-content\/uploads\/sites\/3\/2022\/04\/logo500x500.jpg","contentUrl":"http:\/\/just-now.news\/de\/wp-content\/uploads\/sites\/3\/2022\/04\/logo500x500.jpg","width":500,"height":500,"caption":"Just Now News"},"image":{"@id":"https:\/\/now-news.de\/de\/#\/schema\/logo\/image\/"},"sameAs":["https:\/\/www.facebook.com\/wirmachenauf","https:\/\/x.com\/WirMachenAuf_de"]},{"@type":"Person","@id":"https:\/\/now-news.de\/de\/#\/schema\/person\/fb534a4e865501d8b3285208df34a9b5","name":"rtnews","image":{"@type":"ImageObject","inLanguage":"de","@id":"https:\/\/now-news.de\/de\/#\/schema\/person\/image\/","url":"https:\/\/secure.gravatar.com\/avatar\/82aafea7d8127119dd649515f56e2117?s=96&d=mm&r=g","contentUrl":"https:\/\/secure.gravatar.com\/avatar\/82aafea7d8127119dd649515f56e2117?s=96&d=mm&r=g","caption":"rtnews"},"url":"https:\/\/now-news.de\/de\/author\/rnews\/"}]}},"_links":{"self":[{"href":"https:\/\/now-news.de\/de\/wp-json\/wp\/v2\/posts\/7520"}],"collection":[{"href":"https:\/\/now-news.de\/de\/wp-json\/wp\/v2\/posts"}],"about":[{"href":"https:\/\/now-news.de\/de\/wp-json\/wp\/v2\/types\/post"}],"author":[{"embeddable":true,"href":"https:\/\/now-news.de\/de\/wp-json\/wp\/v2\/users\/3"}],"replies":[{"embeddable":true,"href":"https:\/\/now-news.de\/de\/wp-json\/wp\/v2\/comments?post=7520"}],"version-history":[{"count":0,"href":"https:\/\/now-news.de\/de\/wp-json\/wp\/v2\/posts\/7520\/revisions"}],"wp:featuredmedia":[{"embeddable":true,"href":"https:\/\/now-news.de\/de\/wp-json\/wp\/v2\/media\/7521"}],"wp:attachment":[{"href":"https:\/\/now-news.de\/de\/wp-json\/wp\/v2\/media?parent=7520"}],"wp:term":[{"taxonomy":"category","embeddable":true,"href":"https:\/\/now-news.de\/de\/wp-json\/wp\/v2\/categories?post=7520"},{"taxonomy":"post_tag","embeddable":true,"href":"https:\/\/now-news.de\/de\/wp-json\/wp\/v2\/tags?post=7520"}],"curies":[{"name":"wp","href":"https:\/\/api.w.org\/{rel}","templated":true}]}}