{"id":75178,"date":"2024-12-25T15:04:29","date_gmt":"2024-12-25T13:04:29","guid":{"rendered":"https:\/\/now-news.de\/de\/deutschland\/fachkraeftemangel-deutschlands-oeffentlicher-verwaltung-droht-der-zusammenbruch\/"},"modified":"2024-12-25T15:04:29","modified_gmt":"2024-12-25T13:04:29","slug":"fachkraeftemangel-deutschlands-oeffentlicher-verwaltung-droht-der-zusammenbruch","status":"publish","type":"post","link":"https:\/\/now-news.de\/de\/deutschland\/fachkraeftemangel-deutschlands-oeffentlicher-verwaltung-droht-der-zusammenbruch\/","title":{"rendered":"Fachkr\u00e4ftemangel: Deutschlands \u00f6ffentlicher Verwaltung droht der Zusammenbruch"},"content":{"rendered":"<p><img decoding=\"async\" src=\"https:\/\/now-news.de\/de\/wp-content\/uploads\/sites\/3\/2024\/12\/676bdf0648fbef49f01b441c.jpg\" \/><\/p>\n<div class=\"Text-root Text-type_1 \">\n                In dramatischen Worten schildert der Gesch\u00e4ftsf\u00fchrer des St\u00e4dte- und Gemeindebunds die Situation in der \u00f6ffentlichen Verwaltung. Angesichts des Fachkr\u00e4ftemangels drohe der Kollaps. KI k\u00f6nne einen Teil des Problems l\u00f6sen. Lohnsteigerungen werden nicht als Mittel zur L\u00f6sung genannt.\n            <\/div>\n<p><\/p>\n<div class=\"Text-root Text-type_5 ArticleView-text ViewText-root \">\n<p>Der St\u00e4dte- und Gemeindebund warnt vor einem Zusammenbruch der \u00f6ffentlichen Verwaltung. Die Daseinsvorsorge stehe vor dem Zusammenbruch, warnt der Hauptgesch\u00e4ftsf\u00fchrer des St\u00e4dte- und Gemeindebunds, Andr\u00e9 Berghegger. Grund sei der Personalmangel.<\/p>\n<p>Berghegger sagte den Medien der Funke-Gruppe,<em>\u00a0&#8220;der Personalmangel wird die Arbeit des \u00f6ffentlichen Dienstes und vor allem der Kommunen massiv beeintr\u00e4chtigen und kann die Daseinsvorsorge an den Rand des Zusammenbruchs bringen&#8221;.<\/em><\/p>\n<p>Bereits heute seien 100.000 Stellen in den Kommunen unbesetzt. Berghegger erwartet, dass sich die Zahl der unbesetzten Stellen in den n\u00e4chsten Jahren weiter erh\u00f6ht.\u00a0<\/p>\n<p><em>&#8220;In den kommenden zehn Jahren werden ann\u00e4hernd 500.000 der rund 1,65 Millionen Besch\u00e4ftigten in den Kommunen in den Ruhestand gehen.&#8221;<\/em><\/p>\n<p>Berghegger rechnet daher mit einem Anstieg der unbesetzten Stellen auf 230.000 im Jahr 2030. Der Personalnotstand treffe nicht nur die \u00f6ffentliche Verwaltung. Auch Kitas und der \u00f6ffentliche Nahverkehr seien betroffen. 50.000 Busfahrer w\u00fcrden innerhalb der n\u00e4chsten f\u00fcnf Jahre in den Ruhestand gehen. Bereits jetzt w\u00fcrden in den Kitas mehr als 100.000 Erzieher fehlen.\u00a0<\/p>\n<p>\u00dcberraschend ist die L\u00f6sung, auf die Berghegger setzt. Wichtig sei, Vorbehalte gegen\u00fcber KI abzubauen, fordert er. Der vermehrte Einsatz von k\u00fcnstlicher Intelligenz sei in der Lage, zumindest einen Teil der Probleme zu l\u00f6sen.<\/p>\n<p>L\u00f6sen oder zumindest deutlich mindern lie\u00dfe sich das Problem des Personalmangels auch durch kr\u00e4ftige Lohnsteigerungen f\u00fcr die Bediensteten im \u00d6ffentlichen Dienst. Dadurch w\u00fcrden die Jobs attraktiv. Der Verdienst im \u00f6ffentlichen Dienst ist im Vergleich mit der freien Wirtschaft unterdurchschnittlich. Doch dar\u00fcber m\u00f6chte der CDU-Mann nicht sprechen. Im Fall einer Regierungs\u00fcbernahme durch die CDU sind im Gegenteil weitere K\u00fcrzungen zu erwarten.\u00a0<\/p>\n<p><strong>Mehr zum Thema<\/strong>\u00a0\u2013 <a rel=\"nofollow noopener\" target=\"_blank\" href=\"https:\/\/freedert.online\/inland\/230513-cdu-forderung-zu-syrien-fluechtlingen\/\">CDU-Forderung zu Syrien-Fl\u00fcchtlingen: Bleiberecht nur f\u00fcr Gutverdiener<\/a><\/p>\n<\/div>\n<p><br \/>\n<br \/><a href=\"https:\/\/de.rt.com\/inland\/230687-fachkraeftemangel-deutschlands-oeffentlicher-verwaltung-droht\/\">Source link <\/a><\/p>\n","protected":false},"excerpt":{"rendered":"<p>In dramatischen Worten schildert der Gesch\u00e4ftsf\u00fchrer des St\u00e4dte- und Gemeindebunds die Situation in der \u00f6ffentlichen Verwaltung. Angesichts des Fachkr\u00e4ftemangels drohe der Kollaps. KI k\u00f6nne einen Teil des Problems l\u00f6sen. Lohnsteigerungen werden nicht als Mittel zur L\u00f6sung genannt. Der St\u00e4dte- und Gemeindebund warnt vor einem Zusammenbruch der \u00f6ffentlichen Verwaltung. Die Daseinsvorsorge stehe vor dem Zusammenbruch, warnt [&hellip;]<\/p>\n","protected":false},"author":3,"featured_media":75179,"comment_status":"open","ping_status":"open","sticky":false,"template":"","format":"standard","meta":{"_yoast_indexnow_last_ping":["1735132713"],"wp_automatic_camp":["217"],"9b15b9ffb0fa328e4d8b7e2379342591":["Fachkr\u00e4ftemangel: Deutschlands \u00f6ffentlicher Verwaltung droht der Zusammenbruch"],"original_link":["https:\/\/de.rt.com\/inland\/230687-fachkraeftemangel-deutschlands-oeffentlicher-verwaltung-droht\/"],"jnews_social_counter_last_update":["1777156049"],"_thumbnail_id":["75179"],"_wptgpro_p2tg_sent2tg":["a:1:{i:23737;s:19:\"2024-12-25 15:19:36\";}"]},"categories":[19,23],"tags":[82,4480,44,36933,34150,25068,5603],"yoast_head":"<!-- This site is optimized with the Yoast SEO Premium plugin v22.7 (Yoast SEO v22.7) - https:\/\/yoast.com\/wordpress\/plugins\/seo\/ -->\n<title>Fachkr\u00e4ftemangel: Deutschlands \u00f6ffentlicher Verwaltung droht der Zusammenbruch - just-now.NEWS Deutschland<\/title>\n<meta name=\"robots\" content=\"index, follow, max-snippet:-1, max-image-preview:large, max-video-preview:-1\" \/>\n<link rel=\"canonical\" href=\"https:\/\/now-news.de\/de\/deutschland\/fachkraeftemangel-deutschlands-oeffentlicher-verwaltung-droht-der-zusammenbruch\/\" \/>\n<meta property=\"og:locale\" content=\"de_DE\" \/>\n<meta property=\"og:type\" content=\"article\" \/>\n<meta property=\"og:title\" content=\"Fachkr\u00e4ftemangel: Deutschlands \u00f6ffentlicher Verwaltung droht der Zusammenbruch\" \/>\n<meta property=\"og:description\" content=\"In dramatischen Worten schildert der Gesch\u00e4ftsf\u00fchrer des St\u00e4dte- und Gemeindebunds die Situation in der \u00f6ffentlichen Verwaltung. Angesichts des Fachkr\u00e4ftemangels drohe der Kollaps. KI k\u00f6nne einen Teil des Problems l\u00f6sen. Lohnsteigerungen werden nicht als Mittel zur L\u00f6sung genannt. Der St\u00e4dte- und Gemeindebund warnt vor einem Zusammenbruch der \u00f6ffentlichen Verwaltung. Die Daseinsvorsorge stehe vor dem Zusammenbruch, warnt [&hellip;]\" \/>\n<meta property=\"og:url\" content=\"https:\/\/now-news.de\/de\/deutschland\/fachkraeftemangel-deutschlands-oeffentlicher-verwaltung-droht-der-zusammenbruch\/\" \/>\n<meta property=\"og:site_name\" content=\"just-now.NEWS Deutschland\" \/>\n<meta property=\"article:publisher\" content=\"https:\/\/www.facebook.com\/wirmachenauf\" \/>\n<meta property=\"article:published_time\" content=\"2024-12-25T13:04:29+00:00\" \/>\n<meta property=\"og:image\" content=\"https:\/\/now-news.de\/de\/wp-content\/uploads\/sites\/3\/2024\/12\/676bdf0648fbef49f01b441c.jpg\" \/>\n<meta name=\"author\" content=\"rtnews\" \/>\n<meta name=\"twitter:card\" content=\"summary_large_image\" \/>\n<meta name=\"twitter:creator\" content=\"@WirMachenAuf_de\" \/>\n<meta name=\"twitter:site\" content=\"@WirMachenAuf_de\" \/>\n<meta name=\"twitter:label1\" content=\"Verfasst von\" \/>\n\t<meta name=\"twitter:data1\" content=\"rtnews\" \/>\n\t<meta name=\"twitter:label2\" content=\"Gesch\u00e4tzte Lesezeit\" \/>\n\t<meta name=\"twitter:data2\" content=\"2\u00a0Minuten\" \/>\n<script type=\"application\/ld+json\" class=\"yoast-schema-graph\">{\"@context\":\"https:\/\/schema.org\",\"@graph\":[{\"@type\":\"Article\",\"@id\":\"https:\/\/now-news.de\/de\/deutschland\/fachkraeftemangel-deutschlands-oeffentlicher-verwaltung-droht-der-zusammenbruch\/#article\",\"isPartOf\":{\"@id\":\"https:\/\/now-news.de\/de\/deutschland\/fachkraeftemangel-deutschlands-oeffentlicher-verwaltung-droht-der-zusammenbruch\/\"},\"author\":{\"name\":\"rtnews\",\"@id\":\"https:\/\/now-news.de\/de\/#\/schema\/person\/fb534a4e865501d8b3285208df34a9b5\"},\"headline\":\"Fachkr\u00e4ftemangel: Deutschlands \u00f6ffentlicher Verwaltung droht der Zusammenbruch\",\"datePublished\":\"2024-12-25T13:04:29+00:00\",\"dateModified\":\"2024-12-25T13:04:29+00:00\",\"mainEntityOfPage\":{\"@id\":\"https:\/\/now-news.de\/de\/deutschland\/fachkraeftemangel-deutschlands-oeffentlicher-verwaltung-droht-der-zusammenbruch\/\"},\"wordCount\":337,\"commentCount\":0,\"publisher\":{\"@id\":\"https:\/\/now-news.de\/de\/#organization\"},\"image\":{\"@id\":\"https:\/\/now-news.de\/de\/deutschland\/fachkraeftemangel-deutschlands-oeffentlicher-verwaltung-droht-der-zusammenbruch\/#primaryimage\"},\"thumbnailUrl\":\"https:\/\/now-news.de\/de\/wp-content\/uploads\/sites\/3\/2024\/12\/Fachkraeftemangel-Deutschlands-oeffentlicher-Verwaltung-droht-der-Zusammenbruch.jpg\",\"keywords\":[\"der\",\"Deutschlands\",\"droht\",\"Fachkr\u00e4ftemangel\",\"\u00f6ffentlicher\",\"Verwaltung\",\"Zusammenbruch\"],\"articleSection\":[\"Deutschland\",\"Russland\"],\"inLanguage\":\"de\",\"potentialAction\":[{\"@type\":\"CommentAction\",\"name\":\"Comment\",\"target\":[\"https:\/\/now-news.de\/de\/deutschland\/fachkraeftemangel-deutschlands-oeffentlicher-verwaltung-droht-der-zusammenbruch\/#respond\"]}]},{\"@type\":\"WebPage\",\"@id\":\"https:\/\/now-news.de\/de\/deutschland\/fachkraeftemangel-deutschlands-oeffentlicher-verwaltung-droht-der-zusammenbruch\/\",\"url\":\"https:\/\/now-news.de\/de\/deutschland\/fachkraeftemangel-deutschlands-oeffentlicher-verwaltung-droht-der-zusammenbruch\/\",\"name\":\"Fachkr\u00e4ftemangel: Deutschlands \u00f6ffentlicher Verwaltung droht der Zusammenbruch - just-now.NEWS Deutschland\",\"isPartOf\":{\"@id\":\"https:\/\/now-news.de\/de\/#website\"},\"primaryImageOfPage\":{\"@id\":\"https:\/\/now-news.de\/de\/deutschland\/fachkraeftemangel-deutschlands-oeffentlicher-verwaltung-droht-der-zusammenbruch\/#primaryimage\"},\"image\":{\"@id\":\"https:\/\/now-news.de\/de\/deutschland\/fachkraeftemangel-deutschlands-oeffentlicher-verwaltung-droht-der-zusammenbruch\/#primaryimage\"},\"thumbnailUrl\":\"https:\/\/now-news.de\/de\/wp-content\/uploads\/sites\/3\/2024\/12\/Fachkraeftemangel-Deutschlands-oeffentlicher-Verwaltung-droht-der-Zusammenbruch.jpg\",\"datePublished\":\"2024-12-25T13:04:29+00:00\",\"dateModified\":\"2024-12-25T13:04:29+00:00\",\"breadcrumb\":{\"@id\":\"https:\/\/now-news.de\/de\/deutschland\/fachkraeftemangel-deutschlands-oeffentlicher-verwaltung-droht-der-zusammenbruch\/#breadcrumb\"},\"inLanguage\":\"de\",\"potentialAction\":[{\"@type\":\"ReadAction\",\"target\":[\"https:\/\/now-news.de\/de\/deutschland\/fachkraeftemangel-deutschlands-oeffentlicher-verwaltung-droht-der-zusammenbruch\/\"]}]},{\"@type\":\"ImageObject\",\"inLanguage\":\"de\",\"@id\":\"https:\/\/now-news.de\/de\/deutschland\/fachkraeftemangel-deutschlands-oeffentlicher-verwaltung-droht-der-zusammenbruch\/#primaryimage\",\"url\":\"https:\/\/now-news.de\/de\/wp-content\/uploads\/sites\/3\/2024\/12\/Fachkraeftemangel-Deutschlands-oeffentlicher-Verwaltung-droht-der-Zusammenbruch.jpg\",\"contentUrl\":\"https:\/\/now-news.de\/de\/wp-content\/uploads\/sites\/3\/2024\/12\/Fachkraeftemangel-Deutschlands-oeffentlicher-Verwaltung-droht-der-Zusammenbruch.jpg\",\"width\":460,\"height\":259,\"caption\":\"Fachkr\u00e4ftemangel: Deutschlands \u00f6ffentlicher Verwaltung droht der Zusammenbruch\"},{\"@type\":\"BreadcrumbList\",\"@id\":\"https:\/\/now-news.de\/de\/deutschland\/fachkraeftemangel-deutschlands-oeffentlicher-verwaltung-droht-der-zusammenbruch\/#breadcrumb\",\"itemListElement\":[{\"@type\":\"ListItem\",\"position\":1,\"name\":\"Home\",\"item\":\"https:\/\/now-news.de\/de\/\"},{\"@type\":\"ListItem\",\"position\":2,\"name\":\"Fachkr\u00e4ftemangel: Deutschlands \u00f6ffentlicher Verwaltung droht der Zusammenbruch\"}]},{\"@type\":\"WebSite\",\"@id\":\"https:\/\/now-news.de\/de\/#website\",\"url\":\"https:\/\/now-news.de\/de\/\",\"name\":\"just-now.NEWS Deutschland\",\"description\":\"Das Portal f\u00fcr unzensierte Nachrichten aus der Welt\",\"publisher\":{\"@id\":\"https:\/\/now-news.de\/de\/#organization\"},\"potentialAction\":[{\"@type\":\"SearchAction\",\"target\":{\"@type\":\"EntryPoint\",\"urlTemplate\":\"https:\/\/now-news.de\/de\/?s={search_term_string}\"},\"query-input\":\"required name=search_term_string\"}],\"inLanguage\":\"de\"},{\"@type\":\"Organization\",\"@id\":\"https:\/\/now-news.de\/de\/#organization\",\"name\":\"Just Now News\",\"url\":\"https:\/\/now-news.de\/de\/\",\"logo\":{\"@type\":\"ImageObject\",\"inLanguage\":\"de\",\"@id\":\"https:\/\/now-news.de\/de\/#\/schema\/logo\/image\/\",\"url\":\"http:\/\/just-now.news\/de\/wp-content\/uploads\/sites\/3\/2022\/04\/logo500x500.jpg\",\"contentUrl\":\"http:\/\/just-now.news\/de\/wp-content\/uploads\/sites\/3\/2022\/04\/logo500x500.jpg\",\"width\":500,\"height\":500,\"caption\":\"Just Now News\"},\"image\":{\"@id\":\"https:\/\/now-news.de\/de\/#\/schema\/logo\/image\/\"},\"sameAs\":[\"https:\/\/www.facebook.com\/wirmachenauf\",\"https:\/\/x.com\/WirMachenAuf_de\"]},{\"@type\":\"Person\",\"@id\":\"https:\/\/now-news.de\/de\/#\/schema\/person\/fb534a4e865501d8b3285208df34a9b5\",\"name\":\"rtnews\",\"image\":{\"@type\":\"ImageObject\",\"inLanguage\":\"de\",\"@id\":\"https:\/\/now-news.de\/de\/#\/schema\/person\/image\/\",\"url\":\"https:\/\/secure.gravatar.com\/avatar\/82aafea7d8127119dd649515f56e2117?s=96&d=mm&r=g\",\"contentUrl\":\"https:\/\/secure.gravatar.com\/avatar\/82aafea7d8127119dd649515f56e2117?s=96&d=mm&r=g\",\"caption\":\"rtnews\"},\"url\":\"https:\/\/now-news.de\/de\/author\/rnews\/\"}]}<\/script>\n<!-- \/ Yoast SEO Premium plugin. -->","yoast_head_json":{"title":"Fachkr\u00e4ftemangel: Deutschlands \u00f6ffentlicher Verwaltung droht der Zusammenbruch - just-now.NEWS Deutschland","robots":{"index":"index","follow":"follow","max-snippet":"max-snippet:-1","max-image-preview":"max-image-preview:large","max-video-preview":"max-video-preview:-1"},"canonical":"https:\/\/now-news.de\/de\/deutschland\/fachkraeftemangel-deutschlands-oeffentlicher-verwaltung-droht-der-zusammenbruch\/","og_locale":"de_DE","og_type":"article","og_title":"Fachkr\u00e4ftemangel: Deutschlands \u00f6ffentlicher Verwaltung droht der Zusammenbruch","og_description":"In dramatischen Worten schildert der Gesch\u00e4ftsf\u00fchrer des St\u00e4dte- und Gemeindebunds die Situation in der \u00f6ffentlichen Verwaltung. Angesichts des Fachkr\u00e4ftemangels drohe der Kollaps. KI k\u00f6nne einen Teil des Problems l\u00f6sen. Lohnsteigerungen werden nicht als Mittel zur L\u00f6sung genannt. Der St\u00e4dte- und Gemeindebund warnt vor einem Zusammenbruch der \u00f6ffentlichen Verwaltung. Die Daseinsvorsorge stehe vor dem Zusammenbruch, warnt [&hellip;]","og_url":"https:\/\/now-news.de\/de\/deutschland\/fachkraeftemangel-deutschlands-oeffentlicher-verwaltung-droht-der-zusammenbruch\/","og_site_name":"just-now.NEWS Deutschland","article_publisher":"https:\/\/www.facebook.com\/wirmachenauf","article_published_time":"2024-12-25T13:04:29+00:00","og_image":[{"url":"https:\/\/now-news.de\/de\/wp-content\/uploads\/sites\/3\/2024\/12\/676bdf0648fbef49f01b441c.jpg"}],"author":"rtnews","twitter_card":"summary_large_image","twitter_creator":"@WirMachenAuf_de","twitter_site":"@WirMachenAuf_de","twitter_misc":{"Verfasst von":"rtnews","Gesch\u00e4tzte Lesezeit":"2\u00a0Minuten"},"schema":{"@context":"https:\/\/schema.org","@graph":[{"@type":"Article","@id":"https:\/\/now-news.de\/de\/deutschland\/fachkraeftemangel-deutschlands-oeffentlicher-verwaltung-droht-der-zusammenbruch\/#article","isPartOf":{"@id":"https:\/\/now-news.de\/de\/deutschland\/fachkraeftemangel-deutschlands-oeffentlicher-verwaltung-droht-der-zusammenbruch\/"},"author":{"name":"rtnews","@id":"https:\/\/now-news.de\/de\/#\/schema\/person\/fb534a4e865501d8b3285208df34a9b5"},"headline":"Fachkr\u00e4ftemangel: Deutschlands \u00f6ffentlicher Verwaltung droht der Zusammenbruch","datePublished":"2024-12-25T13:04:29+00:00","dateModified":"2024-12-25T13:04:29+00:00","mainEntityOfPage":{"@id":"https:\/\/now-news.de\/de\/deutschland\/fachkraeftemangel-deutschlands-oeffentlicher-verwaltung-droht-der-zusammenbruch\/"},"wordCount":337,"commentCount":0,"publisher":{"@id":"https:\/\/now-news.de\/de\/#organization"},"image":{"@id":"https:\/\/now-news.de\/de\/deutschland\/fachkraeftemangel-deutschlands-oeffentlicher-verwaltung-droht-der-zusammenbruch\/#primaryimage"},"thumbnailUrl":"https:\/\/now-news.de\/de\/wp-content\/uploads\/sites\/3\/2024\/12\/Fachkraeftemangel-Deutschlands-oeffentlicher-Verwaltung-droht-der-Zusammenbruch.jpg","keywords":["der","Deutschlands","droht","Fachkr\u00e4ftemangel","\u00f6ffentlicher","Verwaltung","Zusammenbruch"],"articleSection":["Deutschland","Russland"],"inLanguage":"de","potentialAction":[{"@type":"CommentAction","name":"Comment","target":["https:\/\/now-news.de\/de\/deutschland\/fachkraeftemangel-deutschlands-oeffentlicher-verwaltung-droht-der-zusammenbruch\/#respond"]}]},{"@type":"WebPage","@id":"https:\/\/now-news.de\/de\/deutschland\/fachkraeftemangel-deutschlands-oeffentlicher-verwaltung-droht-der-zusammenbruch\/","url":"https:\/\/now-news.de\/de\/deutschland\/fachkraeftemangel-deutschlands-oeffentlicher-verwaltung-droht-der-zusammenbruch\/","name":"Fachkr\u00e4ftemangel: Deutschlands \u00f6ffentlicher Verwaltung droht der Zusammenbruch - just-now.NEWS Deutschland","isPartOf":{"@id":"https:\/\/now-news.de\/de\/#website"},"primaryImageOfPage":{"@id":"https:\/\/now-news.de\/de\/deutschland\/fachkraeftemangel-deutschlands-oeffentlicher-verwaltung-droht-der-zusammenbruch\/#primaryimage"},"image":{"@id":"https:\/\/now-news.de\/de\/deutschland\/fachkraeftemangel-deutschlands-oeffentlicher-verwaltung-droht-der-zusammenbruch\/#primaryimage"},"thumbnailUrl":"https:\/\/now-news.de\/de\/wp-content\/uploads\/sites\/3\/2024\/12\/Fachkraeftemangel-Deutschlands-oeffentlicher-Verwaltung-droht-der-Zusammenbruch.jpg","datePublished":"2024-12-25T13:04:29+00:00","dateModified":"2024-12-25T13:04:29+00:00","breadcrumb":{"@id":"https:\/\/now-news.de\/de\/deutschland\/fachkraeftemangel-deutschlands-oeffentlicher-verwaltung-droht-der-zusammenbruch\/#breadcrumb"},"inLanguage":"de","potentialAction":[{"@type":"ReadAction","target":["https:\/\/now-news.de\/de\/deutschland\/fachkraeftemangel-deutschlands-oeffentlicher-verwaltung-droht-der-zusammenbruch\/"]}]},{"@type":"ImageObject","inLanguage":"de","@id":"https:\/\/now-news.de\/de\/deutschland\/fachkraeftemangel-deutschlands-oeffentlicher-verwaltung-droht-der-zusammenbruch\/#primaryimage","url":"https:\/\/now-news.de\/de\/wp-content\/uploads\/sites\/3\/2024\/12\/Fachkraeftemangel-Deutschlands-oeffentlicher-Verwaltung-droht-der-Zusammenbruch.jpg","contentUrl":"https:\/\/now-news.de\/de\/wp-content\/uploads\/sites\/3\/2024\/12\/Fachkraeftemangel-Deutschlands-oeffentlicher-Verwaltung-droht-der-Zusammenbruch.jpg","width":460,"height":259,"caption":"Fachkr\u00e4ftemangel: Deutschlands \u00f6ffentlicher Verwaltung droht der Zusammenbruch"},{"@type":"BreadcrumbList","@id":"https:\/\/now-news.de\/de\/deutschland\/fachkraeftemangel-deutschlands-oeffentlicher-verwaltung-droht-der-zusammenbruch\/#breadcrumb","itemListElement":[{"@type":"ListItem","position":1,"name":"Home","item":"https:\/\/now-news.de\/de\/"},{"@type":"ListItem","position":2,"name":"Fachkr\u00e4ftemangel: Deutschlands \u00f6ffentlicher Verwaltung droht der Zusammenbruch"}]},{"@type":"WebSite","@id":"https:\/\/now-news.de\/de\/#website","url":"https:\/\/now-news.de\/de\/","name":"just-now.NEWS Deutschland","description":"Das Portal f\u00fcr unzensierte Nachrichten aus der Welt","publisher":{"@id":"https:\/\/now-news.de\/de\/#organization"},"potentialAction":[{"@type":"SearchAction","target":{"@type":"EntryPoint","urlTemplate":"https:\/\/now-news.de\/de\/?s={search_term_string}"},"query-input":"required name=search_term_string"}],"inLanguage":"de"},{"@type":"Organization","@id":"https:\/\/now-news.de\/de\/#organization","name":"Just Now News","url":"https:\/\/now-news.de\/de\/","logo":{"@type":"ImageObject","inLanguage":"de","@id":"https:\/\/now-news.de\/de\/#\/schema\/logo\/image\/","url":"http:\/\/just-now.news\/de\/wp-content\/uploads\/sites\/3\/2022\/04\/logo500x500.jpg","contentUrl":"http:\/\/just-now.news\/de\/wp-content\/uploads\/sites\/3\/2022\/04\/logo500x500.jpg","width":500,"height":500,"caption":"Just Now News"},"image":{"@id":"https:\/\/now-news.de\/de\/#\/schema\/logo\/image\/"},"sameAs":["https:\/\/www.facebook.com\/wirmachenauf","https:\/\/x.com\/WirMachenAuf_de"]},{"@type":"Person","@id":"https:\/\/now-news.de\/de\/#\/schema\/person\/fb534a4e865501d8b3285208df34a9b5","name":"rtnews","image":{"@type":"ImageObject","inLanguage":"de","@id":"https:\/\/now-news.de\/de\/#\/schema\/person\/image\/","url":"https:\/\/secure.gravatar.com\/avatar\/82aafea7d8127119dd649515f56e2117?s=96&d=mm&r=g","contentUrl":"https:\/\/secure.gravatar.com\/avatar\/82aafea7d8127119dd649515f56e2117?s=96&d=mm&r=g","caption":"rtnews"},"url":"https:\/\/now-news.de\/de\/author\/rnews\/"}]}},"_links":{"self":[{"href":"https:\/\/now-news.de\/de\/wp-json\/wp\/v2\/posts\/75178"}],"collection":[{"href":"https:\/\/now-news.de\/de\/wp-json\/wp\/v2\/posts"}],"about":[{"href":"https:\/\/now-news.de\/de\/wp-json\/wp\/v2\/types\/post"}],"author":[{"embeddable":true,"href":"https:\/\/now-news.de\/de\/wp-json\/wp\/v2\/users\/3"}],"replies":[{"embeddable":true,"href":"https:\/\/now-news.de\/de\/wp-json\/wp\/v2\/comments?post=75178"}],"version-history":[{"count":0,"href":"https:\/\/now-news.de\/de\/wp-json\/wp\/v2\/posts\/75178\/revisions"}],"wp:featuredmedia":[{"embeddable":true,"href":"https:\/\/now-news.de\/de\/wp-json\/wp\/v2\/media\/75179"}],"wp:attachment":[{"href":"https:\/\/now-news.de\/de\/wp-json\/wp\/v2\/media?parent=75178"}],"wp:term":[{"taxonomy":"category","embeddable":true,"href":"https:\/\/now-news.de\/de\/wp-json\/wp\/v2\/categories?post=75178"},{"taxonomy":"post_tag","embeddable":true,"href":"https:\/\/now-news.de\/de\/wp-json\/wp\/v2\/tags?post=75178"}],"curies":[{"name":"wp","href":"https:\/\/api.w.org\/{rel}","templated":true}]}}