{"id":75075,"date":"2024-12-23T21:53:36","date_gmt":"2024-12-23T19:53:36","guid":{"rendered":"https:\/\/now-news.de\/de\/deutschland\/attentaeter-von-magdeburg-war-wegen-drohung-mit-terror-gerichts-und-polizeibekannt\/"},"modified":"2024-12-23T21:53:36","modified_gmt":"2024-12-23T19:53:36","slug":"attentaeter-von-magdeburg-war-wegen-drohung-mit-terror-gerichts-und-polizeibekannt","status":"publish","type":"post","link":"https:\/\/now-news.de\/de\/deutschland\/attentaeter-von-magdeburg-war-wegen-drohung-mit-terror-gerichts-und-polizeibekannt\/","title":{"rendered":"Attent\u00e4ter von Magdeburg war wegen Drohung mit Terror gerichts- und polizeibekannt"},"content":{"rendered":"<p><img decoding=\"async\" src=\"https:\/\/now-news.de\/de\/wp-content\/uploads\/sites\/3\/2024\/12\/6769bf2248fbef403166f828.jpg\" \/><\/p>\n<div class=\"Text-root Text-type_1 \">\n                Der Attent\u00e4ter von Magdeburg war offensichtlich \u00fcber viele Jahre mit expliziten Terror- und Gewaltdrohungen auff\u00e4llig. Nicht nur Twitter-Nutzer wussten das, auch Polizei und Gerichte in Deutschland befassten sich mehrmals mit entsprechenden \u00c4u\u00dferungen des Saudi-Arabers.\n            <\/div>\n<p><\/p>\n<div class=\"Text-root Text-type_5 ArticleView-text ViewText-root \">\n<p>Taleb al-Abdulmohsen, der mutma\u00dfliche T\u00e4ter des Magdeburger Anschlags, war mit \u00f6ffentlich ausgesprochenen Gewaltdrohungen offenbar nicht nur polizei-, sondern auch gerichtsbekannt. Bereits seiner Verurteilung zu einer Geldstrafe im Jahr 2014 lag, wie die Tageszeitung <em>Welt<\/em> berichtet, die Drohung mit einem Terroranschlag zugrunde.<\/p>\n<p>Al-Abdulmohsen, so der auf Gerichtsakten beruhende Bericht, habe damals damit gedroht, einen Terroranschlag wie jenen auf den Marathonlauf in Boston im Jahr 2013 zu begehen. In Boston waren durch die Explosion von zwei Bomben drei Menschen get\u00f6tet und Hunderte verletzt worden.<\/p>\n<p>Mit dem Terroranschlag hat der aus Saudi-Arabien stammende Mann die Leiterin des Referates f\u00fcr Aus- und Weiterbildung der \u00c4rztekammer Mecklenburg-Vorpommern bedroht. Ihm ging offenbar die Bearbeitung seines Antrags auf Zulassung zur Facharztpr\u00fcfung, den er Anfang 2013 gestellt hatte, nicht schnell genug. Au\u00dferdem emp\u00f6rte er sich dar\u00fcber, dass die \u00c4rztekammer von ihm zus\u00e4tzliche Weiterbildungsnachweise forderte. In einem Telefonat im April 2013 setzte al-Abdulmohsen der Frau eine Frist von zehn Tagen und drohte damit, dass bei Nichtzulassung &#8220;etwas Schlimmes mit internationaler Bedeutung&#8221; geschehen werde.<\/p>\n<p>Laut den Tatsachenfeststellungen im Urteil des Amtsgerichts Rostock soll er sogar ausdr\u00fccklich mit einem Terroranschlag wie in Boston gedroht haben. Den Wortlaut der Drohung hielt der Richter wie folgt fest:\u00a0<\/p>\n<blockquote>\n<p><em>&#8220;Haben Sie die Bilder aus Boston gesehen? Sowas passiert dann hier auch.&#8221;<\/em><\/p>\n<\/blockquote>\n<p>\u00c4hnliche Drohungen soll der Attent\u00e4ter von Magdeburg auch in an die \u00c4rztekammer gerichteten E-Mails ge\u00e4u\u00dfert haben. Die Referatsleiterin habe \u00fcber das Telefonat eine Gespr\u00e4chsnotiz angefertigt und die Polizei eingeschaltet, weil sie die Drohung &#8220;\u00e4u\u00dferst ernst&#8221; nahm.<\/p>\n<p>Die <em>Welt<\/em> zitiert auch aus dem Verhandlungsprotokoll. Al-Abdulmohsen soll sich demnach damit verteidigt haben, dass er &#8220;mit etwas Schlimmem&#8221; nur die Einschaltung der internationalen Presse gemeint habe. Die Parallelen zum Boston-Attentat habe die als Zeugin auftretende Referatsleiterin erfunden; al-Abdulmohsen bestritt, dies gesagt zu haben. Er beschuldigte sie zudem, &#8220;Vorurteile&#8221; gegen ihn gehegt zu haben.\u00a0<\/p>\n<p>Das Gericht glaubte der Zeugin und z\u00e4hlte im Urteil die Schuld erschwerende Umst\u00e4nde auf: Der Angeklagte habe &#8220;eine f\u00fcr die gesamte Bev\u00f6lkerung schlimme Lage, die kaum in Worte zu fassen ist, f\u00fcr eigene Zwecke ausgenutzt&#8221;, habe &#8220;weder den Unrechtsgehalt seiner Tat eingesehen noch reum\u00fctiges Verhalten w\u00e4hrend der Hauptverhandlung an den Tag gelegt&#8221;. \u00dcberdies habe er sich trotz &#8220;guten Zuredens&#8221; bei der anwesenden Sachbearbeiterin nicht entschuldigt.<\/p>\n<p>Dennoch fiel das Urteil relativ mild aus: Verh\u00e4ngt wurde eine Geldstrafe von 90 Tagess\u00e4tzen zu je zehn Euro, die nicht ins F\u00fchrungszeugnis eingetragen wurde.<\/p>\n<p>Der <em>Spiegel<\/em> berichtet, al-Abdelmohsen habe sich nach dem Urteil beim Landesinnenministerium und beim Kanzleramt \u00fcber das Urteil beschwert und den Richter beleidigt. Auf Anfrage von <em>Welt\u00a0<\/em>teilte die Staatsanwaltschaft Rostock mit, sie h\u00e4tte Hinweise darauf vorliegen, dass al-Abdulmohsen im Zusammenhang mit dem Urteil Strafanzeigen gegen Justizbedienstete gestellt habe und weitere Ermittlungsverfahren gegen ihn eingeleitet worden seien. Die Beh\u00f6rde k\u00f6nne aber wegen der datenschutzrechtlichen L\u00f6schfristen nicht mehr auf weitere Details zugreifen.<\/p>\n<p>Der <em>Mitteldeutsche Rundfunk<\/em> berichtet am Montag zudem, al-Abdelmohsen habe mehrere Monate vor der Tat am Freitag eine &#8220;schriftliche Gef\u00e4hrderansprache&#8221; erhalten. Ausl\u00f6ser sei eine E-Mail des mutma\u00dflichen Attent\u00e4ters an die K\u00f6lner Staatsanwaltschaft gewesen, in der dieser unter anderem geschrieben habe:<\/p>\n<blockquote>\n<p><em>&#8220;Daher habe ich kein schlechtes Gewissen f\u00fcr die Ereignisse, die in den n\u00e4chsten Tagen passieren werden.&#8221; <\/em><\/p>\n<\/blockquote>\n<p>Die Beh\u00f6rden forderten al-Abdelmohsen zur Unterlassung weiterer Mails dieser Art auf, da diese strafrechtliche Konsequenzen haben k\u00f6nnten. Derzeit ist unklar, ob der &#8220;Angesprochene&#8221; die Gef\u00e4hrderansprache jemals unterzeichnete. Die Polizei r\u00e4umte dem <em>MDR<\/em> gegen\u00fcber ein, dass eine geplante pers\u00f6nliche Ansprache nicht durchgef\u00fchrt werden konnte, da man den sp\u00e4teren Attent\u00e4ter nicht antraf. Ob die Polizei angesichts der offensichtlichen Drohungen mit einem Terroranschlag auch Beh\u00f6rden wie Landeskriminalamt, Bundeskriminalamt, das Bundesamt f\u00fcr Verfassungsschutz und den Bundesnachrichtendienst informiert hat, geht aus der Berichterstattung nicht hervor.<\/p>\n<p><strong>Mehr zum Thema<\/strong> &#8211; <a rel=\"nofollow noopener\" target=\"_blank\" href=\"https:\/\/freedert.online\/meinung\/230462-endlich-putin-hat-deutschland-schlag\/\">Endlich: Putin hat Deutschland einen Schlag versetzt<\/a><\/p>\n<div class=\"EmbedBlock-root EmbedBlock-externalVideo EmbedBlock-rumble\">\n<div class=\"VkEmbed\"><iframe class=\"lazyload\" data-src=\"https:\/\/rumble.com\/embed\/v5zvfok\" frameborder=\"0\" width=\"853\" height=\"480\" allowfullscreen><\/iframe><\/div>\n<\/div>\n<\/div>\n<p><br \/>\n<br \/><a href=\"https:\/\/de.rt.com\/inland\/230552-attentaeter-von-magdeburg-war-wegen\/\">Source link <\/a><\/p>\n","protected":false},"excerpt":{"rendered":"<p>Der Attent\u00e4ter von Magdeburg war offensichtlich \u00fcber viele Jahre mit expliziten Terror- und Gewaltdrohungen auff\u00e4llig. Nicht nur Twitter-Nutzer wussten das, auch Polizei und Gerichte in Deutschland befassten sich mehrmals mit entsprechenden \u00c4u\u00dferungen des Saudi-Arabers. Taleb al-Abdulmohsen, der mutma\u00dfliche T\u00e4ter des Magdeburger Anschlags, war mit \u00f6ffentlich ausgesprochenen Gewaltdrohungen offenbar nicht nur polizei-, sondern auch gerichtsbekannt. Bereits [&hellip;]<\/p>\n","protected":false},"author":3,"featured_media":75076,"comment_status":"open","ping_status":"open","sticky":false,"template":"","format":"standard","meta":{"_yoast_indexnow_last_ping":["1734984446"],"wp_automatic_camp":["217"],"d743bfe943938559a0e39e8570d42733":["Attent\u00e4ter von Magdeburg war wegen Drohung mit Terror gerichts- und polizeibekannt"],"original_link":["https:\/\/de.rt.com\/inland\/230552-attentaeter-von-magdeburg-war-wegen\/"],"_thumbnail_id":["75076"],"_wptgpro_p2tg_sent2tg":["a:1:{i:23737;s:19:\"2024-12-23 22:08:28\";}"],"jnews_social_counter_last_update":["1777256320"]},"categories":[19,23],"tags":[23641,18037,28339,40441,419,61255,8903,140,50,2223,145],"yoast_head":"<!-- This site is optimized with the Yoast SEO Premium plugin v22.7 (Yoast SEO v22.7) - https:\/\/yoast.com\/wordpress\/plugins\/seo\/ -->\n<title>Attent\u00e4ter von Magdeburg war wegen Drohung mit Terror gerichts- und polizeibekannt - just-now.NEWS Deutschland<\/title>\n<meta name=\"robots\" content=\"index, follow, max-snippet:-1, max-image-preview:large, max-video-preview:-1\" \/>\n<link rel=\"canonical\" href=\"https:\/\/now-news.de\/de\/deutschland\/attentaeter-von-magdeburg-war-wegen-drohung-mit-terror-gerichts-und-polizeibekannt\/\" \/>\n<meta property=\"og:locale\" content=\"de_DE\" \/>\n<meta property=\"og:type\" content=\"article\" \/>\n<meta property=\"og:title\" content=\"Attent\u00e4ter von Magdeburg war wegen Drohung mit Terror gerichts- und polizeibekannt\" \/>\n<meta property=\"og:description\" content=\"Der Attent\u00e4ter von Magdeburg war offensichtlich \u00fcber viele Jahre mit expliziten Terror- und Gewaltdrohungen auff\u00e4llig. Nicht nur Twitter-Nutzer wussten das, auch Polizei und Gerichte in Deutschland befassten sich mehrmals mit entsprechenden \u00c4u\u00dferungen des Saudi-Arabers. Taleb al-Abdulmohsen, der mutma\u00dfliche T\u00e4ter des Magdeburger Anschlags, war mit \u00f6ffentlich ausgesprochenen Gewaltdrohungen offenbar nicht nur polizei-, sondern auch gerichtsbekannt. Bereits [&hellip;]\" \/>\n<meta property=\"og:url\" content=\"https:\/\/now-news.de\/de\/deutschland\/attentaeter-von-magdeburg-war-wegen-drohung-mit-terror-gerichts-und-polizeibekannt\/\" \/>\n<meta property=\"og:site_name\" content=\"just-now.NEWS Deutschland\" \/>\n<meta property=\"article:publisher\" content=\"https:\/\/www.facebook.com\/wirmachenauf\" \/>\n<meta property=\"article:published_time\" content=\"2024-12-23T19:53:36+00:00\" \/>\n<meta property=\"og:image\" content=\"https:\/\/now-news.de\/de\/wp-content\/uploads\/sites\/3\/2024\/12\/6769bf2248fbef403166f828.jpg\" \/>\n<meta name=\"author\" content=\"rtnews\" \/>\n<meta name=\"twitter:card\" content=\"summary_large_image\" \/>\n<meta name=\"twitter:creator\" content=\"@WirMachenAuf_de\" \/>\n<meta name=\"twitter:site\" content=\"@WirMachenAuf_de\" \/>\n<meta name=\"twitter:label1\" content=\"Verfasst von\" \/>\n\t<meta name=\"twitter:data1\" content=\"rtnews\" \/>\n\t<meta name=\"twitter:label2\" content=\"Gesch\u00e4tzte Lesezeit\" \/>\n\t<meta name=\"twitter:data2\" content=\"3\u00a0Minuten\" \/>\n<script type=\"application\/ld+json\" class=\"yoast-schema-graph\">{\"@context\":\"https:\/\/schema.org\",\"@graph\":[{\"@type\":\"Article\",\"@id\":\"https:\/\/now-news.de\/de\/deutschland\/attentaeter-von-magdeburg-war-wegen-drohung-mit-terror-gerichts-und-polizeibekannt\/#article\",\"isPartOf\":{\"@id\":\"https:\/\/now-news.de\/de\/deutschland\/attentaeter-von-magdeburg-war-wegen-drohung-mit-terror-gerichts-und-polizeibekannt\/\"},\"author\":{\"name\":\"rtnews\",\"@id\":\"https:\/\/now-news.de\/de\/#\/schema\/person\/fb534a4e865501d8b3285208df34a9b5\"},\"headline\":\"Attent\u00e4ter von Magdeburg war wegen Drohung mit Terror gerichts- und polizeibekannt\",\"datePublished\":\"2024-12-23T19:53:36+00:00\",\"dateModified\":\"2024-12-23T19:53:36+00:00\",\"mainEntityOfPage\":{\"@id\":\"https:\/\/now-news.de\/de\/deutschland\/attentaeter-von-magdeburg-war-wegen-drohung-mit-terror-gerichts-und-polizeibekannt\/\"},\"wordCount\":695,\"commentCount\":0,\"publisher\":{\"@id\":\"https:\/\/now-news.de\/de\/#organization\"},\"image\":{\"@id\":\"https:\/\/now-news.de\/de\/deutschland\/attentaeter-von-magdeburg-war-wegen-drohung-mit-terror-gerichts-und-polizeibekannt\/#primaryimage\"},\"thumbnailUrl\":\"https:\/\/now-news.de\/de\/wp-content\/uploads\/sites\/3\/2024\/12\/Attentaeter-von-Magdeburg-war-wegen-Drohung-mit-Terror-gerichts-und.jpg\",\"keywords\":[\"Attent\u00e4ter\",\"drohung\",\"Gerichts\",\"Magdeburg\",\"mit\",\"polizeibekannt\",\"terror\",\"und\",\"von\",\"War\",\"wegen\"],\"articleSection\":[\"Deutschland\",\"Russland\"],\"inLanguage\":\"de\",\"potentialAction\":[{\"@type\":\"CommentAction\",\"name\":\"Comment\",\"target\":[\"https:\/\/now-news.de\/de\/deutschland\/attentaeter-von-magdeburg-war-wegen-drohung-mit-terror-gerichts-und-polizeibekannt\/#respond\"]}]},{\"@type\":\"WebPage\",\"@id\":\"https:\/\/now-news.de\/de\/deutschland\/attentaeter-von-magdeburg-war-wegen-drohung-mit-terror-gerichts-und-polizeibekannt\/\",\"url\":\"https:\/\/now-news.de\/de\/deutschland\/attentaeter-von-magdeburg-war-wegen-drohung-mit-terror-gerichts-und-polizeibekannt\/\",\"name\":\"Attent\u00e4ter von Magdeburg war wegen Drohung mit Terror gerichts- und polizeibekannt - just-now.NEWS Deutschland\",\"isPartOf\":{\"@id\":\"https:\/\/now-news.de\/de\/#website\"},\"primaryImageOfPage\":{\"@id\":\"https:\/\/now-news.de\/de\/deutschland\/attentaeter-von-magdeburg-war-wegen-drohung-mit-terror-gerichts-und-polizeibekannt\/#primaryimage\"},\"image\":{\"@id\":\"https:\/\/now-news.de\/de\/deutschland\/attentaeter-von-magdeburg-war-wegen-drohung-mit-terror-gerichts-und-polizeibekannt\/#primaryimage\"},\"thumbnailUrl\":\"https:\/\/now-news.de\/de\/wp-content\/uploads\/sites\/3\/2024\/12\/Attentaeter-von-Magdeburg-war-wegen-Drohung-mit-Terror-gerichts-und.jpg\",\"datePublished\":\"2024-12-23T19:53:36+00:00\",\"dateModified\":\"2024-12-23T19:53:36+00:00\",\"breadcrumb\":{\"@id\":\"https:\/\/now-news.de\/de\/deutschland\/attentaeter-von-magdeburg-war-wegen-drohung-mit-terror-gerichts-und-polizeibekannt\/#breadcrumb\"},\"inLanguage\":\"de\",\"potentialAction\":[{\"@type\":\"ReadAction\",\"target\":[\"https:\/\/now-news.de\/de\/deutschland\/attentaeter-von-magdeburg-war-wegen-drohung-mit-terror-gerichts-und-polizeibekannt\/\"]}]},{\"@type\":\"ImageObject\",\"inLanguage\":\"de\",\"@id\":\"https:\/\/now-news.de\/de\/deutschland\/attentaeter-von-magdeburg-war-wegen-drohung-mit-terror-gerichts-und-polizeibekannt\/#primaryimage\",\"url\":\"https:\/\/now-news.de\/de\/wp-content\/uploads\/sites\/3\/2024\/12\/Attentaeter-von-Magdeburg-war-wegen-Drohung-mit-Terror-gerichts-und.jpg\",\"contentUrl\":\"https:\/\/now-news.de\/de\/wp-content\/uploads\/sites\/3\/2024\/12\/Attentaeter-von-Magdeburg-war-wegen-Drohung-mit-Terror-gerichts-und.jpg\",\"width\":460,\"height\":259,\"caption\":\"Attent\u00e4ter von Magdeburg war wegen Drohung mit Terror gerichts- und polizeibekannt\"},{\"@type\":\"BreadcrumbList\",\"@id\":\"https:\/\/now-news.de\/de\/deutschland\/attentaeter-von-magdeburg-war-wegen-drohung-mit-terror-gerichts-und-polizeibekannt\/#breadcrumb\",\"itemListElement\":[{\"@type\":\"ListItem\",\"position\":1,\"name\":\"Home\",\"item\":\"https:\/\/now-news.de\/de\/\"},{\"@type\":\"ListItem\",\"position\":2,\"name\":\"Attent\u00e4ter von Magdeburg war wegen Drohung mit Terror gerichts- und polizeibekannt\"}]},{\"@type\":\"WebSite\",\"@id\":\"https:\/\/now-news.de\/de\/#website\",\"url\":\"https:\/\/now-news.de\/de\/\",\"name\":\"just-now.NEWS Deutschland\",\"description\":\"Das Portal f\u00fcr unzensierte Nachrichten aus der Welt\",\"publisher\":{\"@id\":\"https:\/\/now-news.de\/de\/#organization\"},\"potentialAction\":[{\"@type\":\"SearchAction\",\"target\":{\"@type\":\"EntryPoint\",\"urlTemplate\":\"https:\/\/now-news.de\/de\/?s={search_term_string}\"},\"query-input\":\"required name=search_term_string\"}],\"inLanguage\":\"de\"},{\"@type\":\"Organization\",\"@id\":\"https:\/\/now-news.de\/de\/#organization\",\"name\":\"Just Now News\",\"url\":\"https:\/\/now-news.de\/de\/\",\"logo\":{\"@type\":\"ImageObject\",\"inLanguage\":\"de\",\"@id\":\"https:\/\/now-news.de\/de\/#\/schema\/logo\/image\/\",\"url\":\"http:\/\/just-now.news\/de\/wp-content\/uploads\/sites\/3\/2022\/04\/logo500x500.jpg\",\"contentUrl\":\"http:\/\/just-now.news\/de\/wp-content\/uploads\/sites\/3\/2022\/04\/logo500x500.jpg\",\"width\":500,\"height\":500,\"caption\":\"Just Now News\"},\"image\":{\"@id\":\"https:\/\/now-news.de\/de\/#\/schema\/logo\/image\/\"},\"sameAs\":[\"https:\/\/www.facebook.com\/wirmachenauf\",\"https:\/\/x.com\/WirMachenAuf_de\"]},{\"@type\":\"Person\",\"@id\":\"https:\/\/now-news.de\/de\/#\/schema\/person\/fb534a4e865501d8b3285208df34a9b5\",\"name\":\"rtnews\",\"image\":{\"@type\":\"ImageObject\",\"inLanguage\":\"de\",\"@id\":\"https:\/\/now-news.de\/de\/#\/schema\/person\/image\/\",\"url\":\"https:\/\/secure.gravatar.com\/avatar\/82aafea7d8127119dd649515f56e2117?s=96&d=mm&r=g\",\"contentUrl\":\"https:\/\/secure.gravatar.com\/avatar\/82aafea7d8127119dd649515f56e2117?s=96&d=mm&r=g\",\"caption\":\"rtnews\"},\"url\":\"https:\/\/now-news.de\/de\/author\/rnews\/\"}]}<\/script>\n<!-- \/ Yoast SEO Premium plugin. -->","yoast_head_json":{"title":"Attent\u00e4ter von Magdeburg war wegen Drohung mit Terror gerichts- und polizeibekannt - just-now.NEWS Deutschland","robots":{"index":"index","follow":"follow","max-snippet":"max-snippet:-1","max-image-preview":"max-image-preview:large","max-video-preview":"max-video-preview:-1"},"canonical":"https:\/\/now-news.de\/de\/deutschland\/attentaeter-von-magdeburg-war-wegen-drohung-mit-terror-gerichts-und-polizeibekannt\/","og_locale":"de_DE","og_type":"article","og_title":"Attent\u00e4ter von Magdeburg war wegen Drohung mit Terror gerichts- und polizeibekannt","og_description":"Der Attent\u00e4ter von Magdeburg war offensichtlich \u00fcber viele Jahre mit expliziten Terror- und Gewaltdrohungen auff\u00e4llig. Nicht nur Twitter-Nutzer wussten das, auch Polizei und Gerichte in Deutschland befassten sich mehrmals mit entsprechenden \u00c4u\u00dferungen des Saudi-Arabers. Taleb al-Abdulmohsen, der mutma\u00dfliche T\u00e4ter des Magdeburger Anschlags, war mit \u00f6ffentlich ausgesprochenen Gewaltdrohungen offenbar nicht nur polizei-, sondern auch gerichtsbekannt. Bereits [&hellip;]","og_url":"https:\/\/now-news.de\/de\/deutschland\/attentaeter-von-magdeburg-war-wegen-drohung-mit-terror-gerichts-und-polizeibekannt\/","og_site_name":"just-now.NEWS Deutschland","article_publisher":"https:\/\/www.facebook.com\/wirmachenauf","article_published_time":"2024-12-23T19:53:36+00:00","og_image":[{"url":"https:\/\/now-news.de\/de\/wp-content\/uploads\/sites\/3\/2024\/12\/6769bf2248fbef403166f828.jpg"}],"author":"rtnews","twitter_card":"summary_large_image","twitter_creator":"@WirMachenAuf_de","twitter_site":"@WirMachenAuf_de","twitter_misc":{"Verfasst von":"rtnews","Gesch\u00e4tzte Lesezeit":"3\u00a0Minuten"},"schema":{"@context":"https:\/\/schema.org","@graph":[{"@type":"Article","@id":"https:\/\/now-news.de\/de\/deutschland\/attentaeter-von-magdeburg-war-wegen-drohung-mit-terror-gerichts-und-polizeibekannt\/#article","isPartOf":{"@id":"https:\/\/now-news.de\/de\/deutschland\/attentaeter-von-magdeburg-war-wegen-drohung-mit-terror-gerichts-und-polizeibekannt\/"},"author":{"name":"rtnews","@id":"https:\/\/now-news.de\/de\/#\/schema\/person\/fb534a4e865501d8b3285208df34a9b5"},"headline":"Attent\u00e4ter von Magdeburg war wegen Drohung mit Terror gerichts- und polizeibekannt","datePublished":"2024-12-23T19:53:36+00:00","dateModified":"2024-12-23T19:53:36+00:00","mainEntityOfPage":{"@id":"https:\/\/now-news.de\/de\/deutschland\/attentaeter-von-magdeburg-war-wegen-drohung-mit-terror-gerichts-und-polizeibekannt\/"},"wordCount":695,"commentCount":0,"publisher":{"@id":"https:\/\/now-news.de\/de\/#organization"},"image":{"@id":"https:\/\/now-news.de\/de\/deutschland\/attentaeter-von-magdeburg-war-wegen-drohung-mit-terror-gerichts-und-polizeibekannt\/#primaryimage"},"thumbnailUrl":"https:\/\/now-news.de\/de\/wp-content\/uploads\/sites\/3\/2024\/12\/Attentaeter-von-Magdeburg-war-wegen-Drohung-mit-Terror-gerichts-und.jpg","keywords":["Attent\u00e4ter","drohung","Gerichts","Magdeburg","mit","polizeibekannt","terror","und","von","War","wegen"],"articleSection":["Deutschland","Russland"],"inLanguage":"de","potentialAction":[{"@type":"CommentAction","name":"Comment","target":["https:\/\/now-news.de\/de\/deutschland\/attentaeter-von-magdeburg-war-wegen-drohung-mit-terror-gerichts-und-polizeibekannt\/#respond"]}]},{"@type":"WebPage","@id":"https:\/\/now-news.de\/de\/deutschland\/attentaeter-von-magdeburg-war-wegen-drohung-mit-terror-gerichts-und-polizeibekannt\/","url":"https:\/\/now-news.de\/de\/deutschland\/attentaeter-von-magdeburg-war-wegen-drohung-mit-terror-gerichts-und-polizeibekannt\/","name":"Attent\u00e4ter von Magdeburg war wegen Drohung mit Terror gerichts- und polizeibekannt - just-now.NEWS Deutschland","isPartOf":{"@id":"https:\/\/now-news.de\/de\/#website"},"primaryImageOfPage":{"@id":"https:\/\/now-news.de\/de\/deutschland\/attentaeter-von-magdeburg-war-wegen-drohung-mit-terror-gerichts-und-polizeibekannt\/#primaryimage"},"image":{"@id":"https:\/\/now-news.de\/de\/deutschland\/attentaeter-von-magdeburg-war-wegen-drohung-mit-terror-gerichts-und-polizeibekannt\/#primaryimage"},"thumbnailUrl":"https:\/\/now-news.de\/de\/wp-content\/uploads\/sites\/3\/2024\/12\/Attentaeter-von-Magdeburg-war-wegen-Drohung-mit-Terror-gerichts-und.jpg","datePublished":"2024-12-23T19:53:36+00:00","dateModified":"2024-12-23T19:53:36+00:00","breadcrumb":{"@id":"https:\/\/now-news.de\/de\/deutschland\/attentaeter-von-magdeburg-war-wegen-drohung-mit-terror-gerichts-und-polizeibekannt\/#breadcrumb"},"inLanguage":"de","potentialAction":[{"@type":"ReadAction","target":["https:\/\/now-news.de\/de\/deutschland\/attentaeter-von-magdeburg-war-wegen-drohung-mit-terror-gerichts-und-polizeibekannt\/"]}]},{"@type":"ImageObject","inLanguage":"de","@id":"https:\/\/now-news.de\/de\/deutschland\/attentaeter-von-magdeburg-war-wegen-drohung-mit-terror-gerichts-und-polizeibekannt\/#primaryimage","url":"https:\/\/now-news.de\/de\/wp-content\/uploads\/sites\/3\/2024\/12\/Attentaeter-von-Magdeburg-war-wegen-Drohung-mit-Terror-gerichts-und.jpg","contentUrl":"https:\/\/now-news.de\/de\/wp-content\/uploads\/sites\/3\/2024\/12\/Attentaeter-von-Magdeburg-war-wegen-Drohung-mit-Terror-gerichts-und.jpg","width":460,"height":259,"caption":"Attent\u00e4ter von Magdeburg war wegen Drohung mit Terror gerichts- und polizeibekannt"},{"@type":"BreadcrumbList","@id":"https:\/\/now-news.de\/de\/deutschland\/attentaeter-von-magdeburg-war-wegen-drohung-mit-terror-gerichts-und-polizeibekannt\/#breadcrumb","itemListElement":[{"@type":"ListItem","position":1,"name":"Home","item":"https:\/\/now-news.de\/de\/"},{"@type":"ListItem","position":2,"name":"Attent\u00e4ter von Magdeburg war wegen Drohung mit Terror gerichts- und polizeibekannt"}]},{"@type":"WebSite","@id":"https:\/\/now-news.de\/de\/#website","url":"https:\/\/now-news.de\/de\/","name":"just-now.NEWS Deutschland","description":"Das Portal f\u00fcr unzensierte Nachrichten aus der Welt","publisher":{"@id":"https:\/\/now-news.de\/de\/#organization"},"potentialAction":[{"@type":"SearchAction","target":{"@type":"EntryPoint","urlTemplate":"https:\/\/now-news.de\/de\/?s={search_term_string}"},"query-input":"required name=search_term_string"}],"inLanguage":"de"},{"@type":"Organization","@id":"https:\/\/now-news.de\/de\/#organization","name":"Just Now News","url":"https:\/\/now-news.de\/de\/","logo":{"@type":"ImageObject","inLanguage":"de","@id":"https:\/\/now-news.de\/de\/#\/schema\/logo\/image\/","url":"http:\/\/just-now.news\/de\/wp-content\/uploads\/sites\/3\/2022\/04\/logo500x500.jpg","contentUrl":"http:\/\/just-now.news\/de\/wp-content\/uploads\/sites\/3\/2022\/04\/logo500x500.jpg","width":500,"height":500,"caption":"Just Now News"},"image":{"@id":"https:\/\/now-news.de\/de\/#\/schema\/logo\/image\/"},"sameAs":["https:\/\/www.facebook.com\/wirmachenauf","https:\/\/x.com\/WirMachenAuf_de"]},{"@type":"Person","@id":"https:\/\/now-news.de\/de\/#\/schema\/person\/fb534a4e865501d8b3285208df34a9b5","name":"rtnews","image":{"@type":"ImageObject","inLanguage":"de","@id":"https:\/\/now-news.de\/de\/#\/schema\/person\/image\/","url":"https:\/\/secure.gravatar.com\/avatar\/82aafea7d8127119dd649515f56e2117?s=96&d=mm&r=g","contentUrl":"https:\/\/secure.gravatar.com\/avatar\/82aafea7d8127119dd649515f56e2117?s=96&d=mm&r=g","caption":"rtnews"},"url":"https:\/\/now-news.de\/de\/author\/rnews\/"}]}},"_links":{"self":[{"href":"https:\/\/now-news.de\/de\/wp-json\/wp\/v2\/posts\/75075"}],"collection":[{"href":"https:\/\/now-news.de\/de\/wp-json\/wp\/v2\/posts"}],"about":[{"href":"https:\/\/now-news.de\/de\/wp-json\/wp\/v2\/types\/post"}],"author":[{"embeddable":true,"href":"https:\/\/now-news.de\/de\/wp-json\/wp\/v2\/users\/3"}],"replies":[{"embeddable":true,"href":"https:\/\/now-news.de\/de\/wp-json\/wp\/v2\/comments?post=75075"}],"version-history":[{"count":0,"href":"https:\/\/now-news.de\/de\/wp-json\/wp\/v2\/posts\/75075\/revisions"}],"wp:featuredmedia":[{"embeddable":true,"href":"https:\/\/now-news.de\/de\/wp-json\/wp\/v2\/media\/75076"}],"wp:attachment":[{"href":"https:\/\/now-news.de\/de\/wp-json\/wp\/v2\/media?parent=75075"}],"wp:term":[{"taxonomy":"category","embeddable":true,"href":"https:\/\/now-news.de\/de\/wp-json\/wp\/v2\/categories?post=75075"},{"taxonomy":"post_tag","embeddable":true,"href":"https:\/\/now-news.de\/de\/wp-json\/wp\/v2\/tags?post=75075"}],"curies":[{"name":"wp","href":"https:\/\/api.w.org\/{rel}","templated":true}]}}