{"id":75071,"date":"2024-12-23T21:02:57","date_gmt":"2024-12-23T19:02:57","guid":{"rendered":"https:\/\/now-news.de\/de\/deutschland\/oesterreichs-koalitionsgespraeche-stocken-keine-einigung-vor-den-feiertagen\/"},"modified":"2024-12-23T21:02:57","modified_gmt":"2024-12-23T19:02:57","slug":"oesterreichs-koalitionsgespraeche-stocken-keine-einigung-vor-den-feiertagen","status":"publish","type":"post","link":"https:\/\/now-news.de\/de\/deutschland\/oesterreichs-koalitionsgespraeche-stocken-keine-einigung-vor-den-feiertagen\/","title":{"rendered":"\u00d6sterreichs Koalitionsgespr\u00e4che stocken \u2013 keine Einigung vor den Feiertagen"},"content":{"rendered":"<p><img decoding=\"async\" src=\"https:\/\/now-news.de\/de\/wp-content\/uploads\/sites\/3\/2024\/12\/6769a38d48fbef6046194531.jpg\" \/><\/p>\n<div class=\"Text-root Text-type_1 \">\n                Kurz vor den Feiertagen sind gro\u00dfe Entscheidungen nicht mehr zu erwarten. Dennoch kommen Nehammer, Babler und Meinl-Reisinger pers\u00f6nlich zu Verhandlungen zusammen.\n            <\/div>\n<p><\/p>\n<div class=\"Text-root Text-type_5 ArticleView-text ViewText-root \">\n<p>Trotz intensiver Gespr\u00e4che bleibt ein vorweihnachtlicher Durchbruch bei den Koalitionsverhandlungen zwischen \u00d6VP, SP\u00d6 und NEOS aus. Am Montag trafen sich die Parteichefs Karl Nehammer (\u00d6VP), Andreas Babler (SP\u00d6) und Beate Meinl-Reisinger (NEOS) pers\u00f6nlich, um zentrale Projekte zu diskutieren. Laut einer gemeinsamen Erkl\u00e4rung standen dabei vor allem budgetrelevante &#8220;Leuchtturm-Bereiche&#8221; im Fokus. Konkrete Ergebnisse wurden jedoch nicht bekannt gegeben.<\/p>\n<p><strong>Budget bleibt Streitpunkt<\/strong><\/p>\n<p>Ein kleiner Fortschritt wurde am vergangenen Freitag erzielt: Die Koalitionspartner einigten sich darauf, die Budgetsanierung \u00fcber sieben Jahre zu strecken. Uneinigkeit herrscht jedoch weiterhin dar\u00fcber, ob dies im Rahmen eines EU-Defizitverfahrens geschehen soll. W\u00e4hrend die SP\u00d6 ein Verfahren bef\u00fcrwortet, pl\u00e4dieren die NEOS f\u00fcr einen eigenst\u00e4ndigen Kurs. Sollte bis Januar kein \u00fcberzeugendes Sanierungskonzept vorliegen, droht ohnehin ein EU-Verfahren.<\/p>\n<p>Je nach Szenario m\u00fcssten bereits im Jahr 2025 erhebliche Einsparungen vorgenommen werden: 3,9 Milliarden Euro bei einem Defizitverfahren, sogar 6,3 Milliarden Euro ohne ein solches. \u00dcber die genaue Umsetzung wird derzeit verhandelt. Die Forderung der SP\u00d6 nach Verm\u00f6genssteuern st\u00f6\u00dft dabei weiterhin auf Ablehnung seitens der \u00d6VP und der NEOS.<\/p>\n<p><strong>Fehlende Leuchtturmprojekte und Spekulationen<\/strong><\/p>\n<p>Neben dem Budget sorgen auch fehlende Leuchtturmprojekte f\u00fcr Spannungen. Vor allem die NEOS dr\u00e4ngen auf markante Reformvorhaben, um nicht nur als Unterst\u00fctzer einer T\u00fcrkis-Rot-Koalition wahrgenommen zu werden.<\/p>\n<p>In den vergangenen Tagen gab es Ger\u00fcchte, die NEOS k\u00f6nnten sich aus den Verhandlungen zur\u00fcckziehen. Gr\u00fcnen-Chef Werner Kogler bezeichnete es jedoch als &#8220;sehr unwahrscheinlich&#8221;, dass seine Partei als Alternative ins Spiel gebracht werde, da \u00d6VP und SP\u00d6 auch ohne die NEOS eine knappe Mehrheit h\u00e4tten. Sollte es dennoch zu Verhandlungen mit den Gr\u00fcnen kommen, zeigte sich Kogler daf\u00fcr offen.<\/p>\n<p>Die Gespr\u00e4che sollen nach einer kurzen Weihnachtspause am Freitag fortgesetzt werden, w\u00e4hrend die Teams auch \u00fcber die Feiertage weiter an den Vorbereitungen arbeiten.<\/p>\n<p><strong>Mehr zum Thema<a rel=\"nofollow noopener\" target=\"_blank\" href=\"https:\/\/freedert.online\/oesterreich\/230537-oesterreich-fpoe-erreicht-neuen-hoechstwert\/\"><em>\u00a0\u2013\u00a0 <\/em><\/a><\/strong><a rel=\"nofollow noopener\" target=\"_blank\" href=\"https:\/\/freedert.online\/oesterreich\/230537-oesterreich-fpoe-erreicht-neuen-hoechstwert\/\">FP\u00d6 erreicht neuen H\u00f6chstwert in Umfragen<\/a><\/p>\n<div class=\"EmbedBlock-root EmbedBlock-externalVideo EmbedBlock-rumble\">\n<div class=\"VkEmbed\"><iframe class=\"lazyload\" data-src=\"https:\/\/rumble.com\/embed\/v5zvcah\" frameborder=\"0\" width=\"853\" height=\"480\" allowfullscreen><\/iframe><\/div>\n<\/div>\n<\/div>\n<p><br \/>\n<br \/><a href=\"https:\/\/de.rt.com\/oesterreich\/230551-oesterreichs-koalitionsgespraeche-stocken-keine-einigung\/\">Source link <\/a><\/p>\n","protected":false},"excerpt":{"rendered":"<p>Kurz vor den Feiertagen sind gro\u00dfe Entscheidungen nicht mehr zu erwarten. Dennoch kommen Nehammer, Babler und Meinl-Reisinger pers\u00f6nlich zu Verhandlungen zusammen. Trotz intensiver Gespr\u00e4che bleibt ein vorweihnachtlicher Durchbruch bei den Koalitionsverhandlungen zwischen \u00d6VP, SP\u00d6 und NEOS aus. Am Montag trafen sich die Parteichefs Karl Nehammer (\u00d6VP), Andreas Babler (SP\u00d6) und Beate Meinl-Reisinger (NEOS) pers\u00f6nlich, um [&hellip;]<\/p>\n","protected":false},"author":3,"featured_media":75072,"comment_status":"open","ping_status":"open","sticky":false,"template":"","format":"standard","meta":{"_yoast_indexnow_last_ping":["1734980607"],"wp_automatic_camp":["217"],"3ffc0f49235971eba0ef881977df268d":["\u00d6sterreichs Koalitionsgespr\u00e4che stocken \u2013 keine Einigung vor den Feiertagen"],"original_link":["https:\/\/de.rt.com\/oesterreich\/230551-oesterreichs-koalitionsgespraeche-stocken-keine-einigung\/"],"_thumbnail_id":["75072"],"jnews_social_counter_last_update":["1777165831"],"_wptgpro_p2tg_sent2tg":["a:1:{i:23737;s:19:\"2024-12-23 21:04:29\";}"]},"categories":[19,23],"tags":[48,9678,61253,375,61252,8354,25285,320],"yoast_head":"<!-- This site is optimized with the Yoast SEO Premium plugin v22.7 (Yoast SEO v22.7) - https:\/\/yoast.com\/wordpress\/plugins\/seo\/ -->\n<title>\u00d6sterreichs Koalitionsgespr\u00e4che stocken \u2013 keine Einigung vor den Feiertagen - just-now.NEWS Deutschland<\/title>\n<meta name=\"robots\" content=\"index, follow, max-snippet:-1, max-image-preview:large, max-video-preview:-1\" \/>\n<link rel=\"canonical\" href=\"https:\/\/now-news.de\/de\/deutschland\/oesterreichs-koalitionsgespraeche-stocken-keine-einigung-vor-den-feiertagen\/\" \/>\n<meta property=\"og:locale\" content=\"de_DE\" \/>\n<meta property=\"og:type\" content=\"article\" \/>\n<meta property=\"og:title\" content=\"\u00d6sterreichs Koalitionsgespr\u00e4che stocken \u2013 keine Einigung vor den Feiertagen\" \/>\n<meta property=\"og:description\" content=\"Kurz vor den Feiertagen sind gro\u00dfe Entscheidungen nicht mehr zu erwarten. Dennoch kommen Nehammer, Babler und Meinl-Reisinger pers\u00f6nlich zu Verhandlungen zusammen. Trotz intensiver Gespr\u00e4che bleibt ein vorweihnachtlicher Durchbruch bei den Koalitionsverhandlungen zwischen \u00d6VP, SP\u00d6 und NEOS aus. Am Montag trafen sich die Parteichefs Karl Nehammer (\u00d6VP), Andreas Babler (SP\u00d6) und Beate Meinl-Reisinger (NEOS) pers\u00f6nlich, um [&hellip;]\" \/>\n<meta property=\"og:url\" content=\"https:\/\/now-news.de\/de\/deutschland\/oesterreichs-koalitionsgespraeche-stocken-keine-einigung-vor-den-feiertagen\/\" \/>\n<meta property=\"og:site_name\" content=\"just-now.NEWS Deutschland\" \/>\n<meta property=\"article:publisher\" content=\"https:\/\/www.facebook.com\/wirmachenauf\" \/>\n<meta property=\"article:published_time\" content=\"2024-12-23T19:02:57+00:00\" \/>\n<meta property=\"og:image\" content=\"https:\/\/now-news.de\/de\/wp-content\/uploads\/sites\/3\/2024\/12\/6769a38d48fbef6046194531.jpg\" \/>\n<meta name=\"author\" content=\"rtnews\" \/>\n<meta name=\"twitter:card\" content=\"summary_large_image\" \/>\n<meta name=\"twitter:creator\" content=\"@WirMachenAuf_de\" \/>\n<meta name=\"twitter:site\" content=\"@WirMachenAuf_de\" \/>\n<meta name=\"twitter:label1\" content=\"Verfasst von\" \/>\n\t<meta name=\"twitter:data1\" content=\"rtnews\" \/>\n\t<meta name=\"twitter:label2\" content=\"Gesch\u00e4tzte Lesezeit\" \/>\n\t<meta name=\"twitter:data2\" content=\"2\u00a0Minuten\" \/>\n<script type=\"application\/ld+json\" class=\"yoast-schema-graph\">{\"@context\":\"https:\/\/schema.org\",\"@graph\":[{\"@type\":\"Article\",\"@id\":\"https:\/\/now-news.de\/de\/deutschland\/oesterreichs-koalitionsgespraeche-stocken-keine-einigung-vor-den-feiertagen\/#article\",\"isPartOf\":{\"@id\":\"https:\/\/now-news.de\/de\/deutschland\/oesterreichs-koalitionsgespraeche-stocken-keine-einigung-vor-den-feiertagen\/\"},\"author\":{\"name\":\"rtnews\",\"@id\":\"https:\/\/now-news.de\/de\/#\/schema\/person\/fb534a4e865501d8b3285208df34a9b5\"},\"headline\":\"\u00d6sterreichs Koalitionsgespr\u00e4che stocken \u2013 keine Einigung vor den Feiertagen\",\"datePublished\":\"2024-12-23T19:02:57+00:00\",\"dateModified\":\"2024-12-23T19:02:57+00:00\",\"mainEntityOfPage\":{\"@id\":\"https:\/\/now-news.de\/de\/deutschland\/oesterreichs-koalitionsgespraeche-stocken-keine-einigung-vor-den-feiertagen\/\"},\"wordCount\":346,\"commentCount\":0,\"publisher\":{\"@id\":\"https:\/\/now-news.de\/de\/#organization\"},\"image\":{\"@id\":\"https:\/\/now-news.de\/de\/deutschland\/oesterreichs-koalitionsgespraeche-stocken-keine-einigung-vor-den-feiertagen\/#primaryimage\"},\"thumbnailUrl\":\"https:\/\/now-news.de\/de\/wp-content\/uploads\/sites\/3\/2024\/12\/Oesterreichs-Koalitionsgespraeche-stocken-\u2013-keine-Einigung-vor-den-Feiertagen.jpg\",\"keywords\":[\"den\",\"Einigung\",\"Feiertagen\",\"keine\",\"Koalitionsgespr\u00e4che\",\"\u00d6sterreichs\",\"stocken\",\"vor\"],\"articleSection\":[\"Deutschland\",\"Russland\"],\"inLanguage\":\"de\",\"potentialAction\":[{\"@type\":\"CommentAction\",\"name\":\"Comment\",\"target\":[\"https:\/\/now-news.de\/de\/deutschland\/oesterreichs-koalitionsgespraeche-stocken-keine-einigung-vor-den-feiertagen\/#respond\"]}]},{\"@type\":\"WebPage\",\"@id\":\"https:\/\/now-news.de\/de\/deutschland\/oesterreichs-koalitionsgespraeche-stocken-keine-einigung-vor-den-feiertagen\/\",\"url\":\"https:\/\/now-news.de\/de\/deutschland\/oesterreichs-koalitionsgespraeche-stocken-keine-einigung-vor-den-feiertagen\/\",\"name\":\"\u00d6sterreichs Koalitionsgespr\u00e4che stocken \u2013 keine Einigung vor den Feiertagen - just-now.NEWS Deutschland\",\"isPartOf\":{\"@id\":\"https:\/\/now-news.de\/de\/#website\"},\"primaryImageOfPage\":{\"@id\":\"https:\/\/now-news.de\/de\/deutschland\/oesterreichs-koalitionsgespraeche-stocken-keine-einigung-vor-den-feiertagen\/#primaryimage\"},\"image\":{\"@id\":\"https:\/\/now-news.de\/de\/deutschland\/oesterreichs-koalitionsgespraeche-stocken-keine-einigung-vor-den-feiertagen\/#primaryimage\"},\"thumbnailUrl\":\"https:\/\/now-news.de\/de\/wp-content\/uploads\/sites\/3\/2024\/12\/Oesterreichs-Koalitionsgespraeche-stocken-\u2013-keine-Einigung-vor-den-Feiertagen.jpg\",\"datePublished\":\"2024-12-23T19:02:57+00:00\",\"dateModified\":\"2024-12-23T19:02:57+00:00\",\"breadcrumb\":{\"@id\":\"https:\/\/now-news.de\/de\/deutschland\/oesterreichs-koalitionsgespraeche-stocken-keine-einigung-vor-den-feiertagen\/#breadcrumb\"},\"inLanguage\":\"de\",\"potentialAction\":[{\"@type\":\"ReadAction\",\"target\":[\"https:\/\/now-news.de\/de\/deutschland\/oesterreichs-koalitionsgespraeche-stocken-keine-einigung-vor-den-feiertagen\/\"]}]},{\"@type\":\"ImageObject\",\"inLanguage\":\"de\",\"@id\":\"https:\/\/now-news.de\/de\/deutschland\/oesterreichs-koalitionsgespraeche-stocken-keine-einigung-vor-den-feiertagen\/#primaryimage\",\"url\":\"https:\/\/now-news.de\/de\/wp-content\/uploads\/sites\/3\/2024\/12\/Oesterreichs-Koalitionsgespraeche-stocken-\u2013-keine-Einigung-vor-den-Feiertagen.jpg\",\"contentUrl\":\"https:\/\/now-news.de\/de\/wp-content\/uploads\/sites\/3\/2024\/12\/Oesterreichs-Koalitionsgespraeche-stocken-\u2013-keine-Einigung-vor-den-Feiertagen.jpg\",\"width\":460,\"height\":259,\"caption\":\"\u00d6sterreichs Koalitionsgespr\u00e4che stocken \u2013 keine Einigung vor den Feiertagen\"},{\"@type\":\"BreadcrumbList\",\"@id\":\"https:\/\/now-news.de\/de\/deutschland\/oesterreichs-koalitionsgespraeche-stocken-keine-einigung-vor-den-feiertagen\/#breadcrumb\",\"itemListElement\":[{\"@type\":\"ListItem\",\"position\":1,\"name\":\"Home\",\"item\":\"https:\/\/now-news.de\/de\/\"},{\"@type\":\"ListItem\",\"position\":2,\"name\":\"\u00d6sterreichs Koalitionsgespr\u00e4che stocken \u2013 keine Einigung vor den Feiertagen\"}]},{\"@type\":\"WebSite\",\"@id\":\"https:\/\/now-news.de\/de\/#website\",\"url\":\"https:\/\/now-news.de\/de\/\",\"name\":\"just-now.NEWS Deutschland\",\"description\":\"Das Portal f\u00fcr unzensierte Nachrichten aus der Welt\",\"publisher\":{\"@id\":\"https:\/\/now-news.de\/de\/#organization\"},\"potentialAction\":[{\"@type\":\"SearchAction\",\"target\":{\"@type\":\"EntryPoint\",\"urlTemplate\":\"https:\/\/now-news.de\/de\/?s={search_term_string}\"},\"query-input\":\"required name=search_term_string\"}],\"inLanguage\":\"de\"},{\"@type\":\"Organization\",\"@id\":\"https:\/\/now-news.de\/de\/#organization\",\"name\":\"Just Now News\",\"url\":\"https:\/\/now-news.de\/de\/\",\"logo\":{\"@type\":\"ImageObject\",\"inLanguage\":\"de\",\"@id\":\"https:\/\/now-news.de\/de\/#\/schema\/logo\/image\/\",\"url\":\"http:\/\/just-now.news\/de\/wp-content\/uploads\/sites\/3\/2022\/04\/logo500x500.jpg\",\"contentUrl\":\"http:\/\/just-now.news\/de\/wp-content\/uploads\/sites\/3\/2022\/04\/logo500x500.jpg\",\"width\":500,\"height\":500,\"caption\":\"Just Now News\"},\"image\":{\"@id\":\"https:\/\/now-news.de\/de\/#\/schema\/logo\/image\/\"},\"sameAs\":[\"https:\/\/www.facebook.com\/wirmachenauf\",\"https:\/\/x.com\/WirMachenAuf_de\"]},{\"@type\":\"Person\",\"@id\":\"https:\/\/now-news.de\/de\/#\/schema\/person\/fb534a4e865501d8b3285208df34a9b5\",\"name\":\"rtnews\",\"image\":{\"@type\":\"ImageObject\",\"inLanguage\":\"de\",\"@id\":\"https:\/\/now-news.de\/de\/#\/schema\/person\/image\/\",\"url\":\"https:\/\/secure.gravatar.com\/avatar\/82aafea7d8127119dd649515f56e2117?s=96&d=mm&r=g\",\"contentUrl\":\"https:\/\/secure.gravatar.com\/avatar\/82aafea7d8127119dd649515f56e2117?s=96&d=mm&r=g\",\"caption\":\"rtnews\"},\"url\":\"https:\/\/now-news.de\/de\/author\/rnews\/\"}]}<\/script>\n<!-- \/ Yoast SEO Premium plugin. -->","yoast_head_json":{"title":"\u00d6sterreichs Koalitionsgespr\u00e4che stocken \u2013 keine Einigung vor den Feiertagen - just-now.NEWS Deutschland","robots":{"index":"index","follow":"follow","max-snippet":"max-snippet:-1","max-image-preview":"max-image-preview:large","max-video-preview":"max-video-preview:-1"},"canonical":"https:\/\/now-news.de\/de\/deutschland\/oesterreichs-koalitionsgespraeche-stocken-keine-einigung-vor-den-feiertagen\/","og_locale":"de_DE","og_type":"article","og_title":"\u00d6sterreichs Koalitionsgespr\u00e4che stocken \u2013 keine Einigung vor den Feiertagen","og_description":"Kurz vor den Feiertagen sind gro\u00dfe Entscheidungen nicht mehr zu erwarten. Dennoch kommen Nehammer, Babler und Meinl-Reisinger pers\u00f6nlich zu Verhandlungen zusammen. Trotz intensiver Gespr\u00e4che bleibt ein vorweihnachtlicher Durchbruch bei den Koalitionsverhandlungen zwischen \u00d6VP, SP\u00d6 und NEOS aus. Am Montag trafen sich die Parteichefs Karl Nehammer (\u00d6VP), Andreas Babler (SP\u00d6) und Beate Meinl-Reisinger (NEOS) pers\u00f6nlich, um [&hellip;]","og_url":"https:\/\/now-news.de\/de\/deutschland\/oesterreichs-koalitionsgespraeche-stocken-keine-einigung-vor-den-feiertagen\/","og_site_name":"just-now.NEWS Deutschland","article_publisher":"https:\/\/www.facebook.com\/wirmachenauf","article_published_time":"2024-12-23T19:02:57+00:00","og_image":[{"url":"https:\/\/now-news.de\/de\/wp-content\/uploads\/sites\/3\/2024\/12\/6769a38d48fbef6046194531.jpg"}],"author":"rtnews","twitter_card":"summary_large_image","twitter_creator":"@WirMachenAuf_de","twitter_site":"@WirMachenAuf_de","twitter_misc":{"Verfasst von":"rtnews","Gesch\u00e4tzte Lesezeit":"2\u00a0Minuten"},"schema":{"@context":"https:\/\/schema.org","@graph":[{"@type":"Article","@id":"https:\/\/now-news.de\/de\/deutschland\/oesterreichs-koalitionsgespraeche-stocken-keine-einigung-vor-den-feiertagen\/#article","isPartOf":{"@id":"https:\/\/now-news.de\/de\/deutschland\/oesterreichs-koalitionsgespraeche-stocken-keine-einigung-vor-den-feiertagen\/"},"author":{"name":"rtnews","@id":"https:\/\/now-news.de\/de\/#\/schema\/person\/fb534a4e865501d8b3285208df34a9b5"},"headline":"\u00d6sterreichs Koalitionsgespr\u00e4che stocken \u2013 keine Einigung vor den Feiertagen","datePublished":"2024-12-23T19:02:57+00:00","dateModified":"2024-12-23T19:02:57+00:00","mainEntityOfPage":{"@id":"https:\/\/now-news.de\/de\/deutschland\/oesterreichs-koalitionsgespraeche-stocken-keine-einigung-vor-den-feiertagen\/"},"wordCount":346,"commentCount":0,"publisher":{"@id":"https:\/\/now-news.de\/de\/#organization"},"image":{"@id":"https:\/\/now-news.de\/de\/deutschland\/oesterreichs-koalitionsgespraeche-stocken-keine-einigung-vor-den-feiertagen\/#primaryimage"},"thumbnailUrl":"https:\/\/now-news.de\/de\/wp-content\/uploads\/sites\/3\/2024\/12\/Oesterreichs-Koalitionsgespraeche-stocken-\u2013-keine-Einigung-vor-den-Feiertagen.jpg","keywords":["den","Einigung","Feiertagen","keine","Koalitionsgespr\u00e4che","\u00d6sterreichs","stocken","vor"],"articleSection":["Deutschland","Russland"],"inLanguage":"de","potentialAction":[{"@type":"CommentAction","name":"Comment","target":["https:\/\/now-news.de\/de\/deutschland\/oesterreichs-koalitionsgespraeche-stocken-keine-einigung-vor-den-feiertagen\/#respond"]}]},{"@type":"WebPage","@id":"https:\/\/now-news.de\/de\/deutschland\/oesterreichs-koalitionsgespraeche-stocken-keine-einigung-vor-den-feiertagen\/","url":"https:\/\/now-news.de\/de\/deutschland\/oesterreichs-koalitionsgespraeche-stocken-keine-einigung-vor-den-feiertagen\/","name":"\u00d6sterreichs Koalitionsgespr\u00e4che stocken \u2013 keine Einigung vor den Feiertagen - just-now.NEWS Deutschland","isPartOf":{"@id":"https:\/\/now-news.de\/de\/#website"},"primaryImageOfPage":{"@id":"https:\/\/now-news.de\/de\/deutschland\/oesterreichs-koalitionsgespraeche-stocken-keine-einigung-vor-den-feiertagen\/#primaryimage"},"image":{"@id":"https:\/\/now-news.de\/de\/deutschland\/oesterreichs-koalitionsgespraeche-stocken-keine-einigung-vor-den-feiertagen\/#primaryimage"},"thumbnailUrl":"https:\/\/now-news.de\/de\/wp-content\/uploads\/sites\/3\/2024\/12\/Oesterreichs-Koalitionsgespraeche-stocken-\u2013-keine-Einigung-vor-den-Feiertagen.jpg","datePublished":"2024-12-23T19:02:57+00:00","dateModified":"2024-12-23T19:02:57+00:00","breadcrumb":{"@id":"https:\/\/now-news.de\/de\/deutschland\/oesterreichs-koalitionsgespraeche-stocken-keine-einigung-vor-den-feiertagen\/#breadcrumb"},"inLanguage":"de","potentialAction":[{"@type":"ReadAction","target":["https:\/\/now-news.de\/de\/deutschland\/oesterreichs-koalitionsgespraeche-stocken-keine-einigung-vor-den-feiertagen\/"]}]},{"@type":"ImageObject","inLanguage":"de","@id":"https:\/\/now-news.de\/de\/deutschland\/oesterreichs-koalitionsgespraeche-stocken-keine-einigung-vor-den-feiertagen\/#primaryimage","url":"https:\/\/now-news.de\/de\/wp-content\/uploads\/sites\/3\/2024\/12\/Oesterreichs-Koalitionsgespraeche-stocken-\u2013-keine-Einigung-vor-den-Feiertagen.jpg","contentUrl":"https:\/\/now-news.de\/de\/wp-content\/uploads\/sites\/3\/2024\/12\/Oesterreichs-Koalitionsgespraeche-stocken-\u2013-keine-Einigung-vor-den-Feiertagen.jpg","width":460,"height":259,"caption":"\u00d6sterreichs Koalitionsgespr\u00e4che stocken \u2013 keine Einigung vor den Feiertagen"},{"@type":"BreadcrumbList","@id":"https:\/\/now-news.de\/de\/deutschland\/oesterreichs-koalitionsgespraeche-stocken-keine-einigung-vor-den-feiertagen\/#breadcrumb","itemListElement":[{"@type":"ListItem","position":1,"name":"Home","item":"https:\/\/now-news.de\/de\/"},{"@type":"ListItem","position":2,"name":"\u00d6sterreichs Koalitionsgespr\u00e4che stocken \u2013 keine Einigung vor den Feiertagen"}]},{"@type":"WebSite","@id":"https:\/\/now-news.de\/de\/#website","url":"https:\/\/now-news.de\/de\/","name":"just-now.NEWS Deutschland","description":"Das Portal f\u00fcr unzensierte Nachrichten aus der Welt","publisher":{"@id":"https:\/\/now-news.de\/de\/#organization"},"potentialAction":[{"@type":"SearchAction","target":{"@type":"EntryPoint","urlTemplate":"https:\/\/now-news.de\/de\/?s={search_term_string}"},"query-input":"required name=search_term_string"}],"inLanguage":"de"},{"@type":"Organization","@id":"https:\/\/now-news.de\/de\/#organization","name":"Just Now News","url":"https:\/\/now-news.de\/de\/","logo":{"@type":"ImageObject","inLanguage":"de","@id":"https:\/\/now-news.de\/de\/#\/schema\/logo\/image\/","url":"http:\/\/just-now.news\/de\/wp-content\/uploads\/sites\/3\/2022\/04\/logo500x500.jpg","contentUrl":"http:\/\/just-now.news\/de\/wp-content\/uploads\/sites\/3\/2022\/04\/logo500x500.jpg","width":500,"height":500,"caption":"Just Now News"},"image":{"@id":"https:\/\/now-news.de\/de\/#\/schema\/logo\/image\/"},"sameAs":["https:\/\/www.facebook.com\/wirmachenauf","https:\/\/x.com\/WirMachenAuf_de"]},{"@type":"Person","@id":"https:\/\/now-news.de\/de\/#\/schema\/person\/fb534a4e865501d8b3285208df34a9b5","name":"rtnews","image":{"@type":"ImageObject","inLanguage":"de","@id":"https:\/\/now-news.de\/de\/#\/schema\/person\/image\/","url":"https:\/\/secure.gravatar.com\/avatar\/82aafea7d8127119dd649515f56e2117?s=96&d=mm&r=g","contentUrl":"https:\/\/secure.gravatar.com\/avatar\/82aafea7d8127119dd649515f56e2117?s=96&d=mm&r=g","caption":"rtnews"},"url":"https:\/\/now-news.de\/de\/author\/rnews\/"}]}},"_links":{"self":[{"href":"https:\/\/now-news.de\/de\/wp-json\/wp\/v2\/posts\/75071"}],"collection":[{"href":"https:\/\/now-news.de\/de\/wp-json\/wp\/v2\/posts"}],"about":[{"href":"https:\/\/now-news.de\/de\/wp-json\/wp\/v2\/types\/post"}],"author":[{"embeddable":true,"href":"https:\/\/now-news.de\/de\/wp-json\/wp\/v2\/users\/3"}],"replies":[{"embeddable":true,"href":"https:\/\/now-news.de\/de\/wp-json\/wp\/v2\/comments?post=75071"}],"version-history":[{"count":0,"href":"https:\/\/now-news.de\/de\/wp-json\/wp\/v2\/posts\/75071\/revisions"}],"wp:featuredmedia":[{"embeddable":true,"href":"https:\/\/now-news.de\/de\/wp-json\/wp\/v2\/media\/75072"}],"wp:attachment":[{"href":"https:\/\/now-news.de\/de\/wp-json\/wp\/v2\/media?parent=75071"}],"wp:term":[{"taxonomy":"category","embeddable":true,"href":"https:\/\/now-news.de\/de\/wp-json\/wp\/v2\/categories?post=75071"},{"taxonomy":"post_tag","embeddable":true,"href":"https:\/\/now-news.de\/de\/wp-json\/wp\/v2\/tags?post=75071"}],"curies":[{"name":"wp","href":"https:\/\/api.w.org\/{rel}","templated":true}]}}