{"id":75063,"date":"2024-12-23T19:15:38","date_gmt":"2024-12-23T17:15:38","guid":{"rendered":"https:\/\/now-news.de\/de\/deutschland\/elon-musk-gewinnt-schlacht-gegen-die-mainstreammedien-wer-zuerst-da-war-sollte-er-nicht-vergessen\/"},"modified":"2024-12-23T19:15:38","modified_gmt":"2024-12-23T17:15:38","slug":"elon-musk-gewinnt-schlacht-gegen-die-mainstreammedien-wer-zuerst-da-war-sollte-er-nicht-vergessen","status":"publish","type":"post","link":"https:\/\/now-news.de\/de\/deutschland\/elon-musk-gewinnt-schlacht-gegen-die-mainstreammedien-wer-zuerst-da-war-sollte-er-nicht-vergessen\/","title":{"rendered":"Elon Musk gewinnt Schlacht gegen die Mainstreammedien \u2013 Wer zuerst da war, sollte er nicht vergessen"},"content":{"rendered":"<p><img decoding=\"async\" src=\"https:\/\/now-news.de\/de\/wp-content\/uploads\/sites\/3\/2024\/12\/67699a7748fbef5cad458a2e.jpg\" \/><\/p>\n<div class=\"Text-root Text-type_1 \">\n                Der Tech-Milliard\u00e4r hat das Narrativ der etablierten Presse \u00fcber den Magdeburger Anschlag durchbrochen, aber der Kampf um die Wahrheit tobte schon lange, bevor er in die Schlacht zog.\n            <\/div>\n<p><\/p>\n<div class=\"Text-root Text-type_5 ArticleView-text ViewText-root \">\n<p><em>Von Timur Tarkhanow<\/em><\/p>\n<p>Der tragische Terroranschlag auf dem Weihnachtsmarkt in Magdeburg, der mehrere Todesopfer und Hunderte von Verletzten forderte, war nicht nur ein Angriff auf unschuldige Zivilisten \u2013 er war auch ein Angriff auf die Wahrheit.<\/p>\n<p>Nach der Gr\u00e4ueltat zeichnete sich ein vorhersehbares, aber dennoch beunruhigendes Muster ab: Die Mainstream-Medien versuchten im Gleichschritt mit den politischen Beh\u00f6rden sofort, die Geschichte so zu gestalten, dass unbequeme Wahrheiten vermieden wurden. Sie spielten den Hintergrund des Angreifers herunter, verschleierten seine Beweggr\u00fcnde und lenkten den Fokus der \u00d6ffentlichkeit auf sicherere, politisch bequemere Geschichten.<\/p>\n<p>Doch einer durchbrach den Nebel der Fehlinformationen \u2013 Elon Musk. In den letzten Jahren ist der Tech-Milliard\u00e4r zu einem der prominentesten Kritiker der etablierten Medien und ihrer zunehmend durchsichtigen Voreingenommenheit geworden.<\/p>\n<p>Nach dem Anschlag in Magdeburg tat Musk, was die meisten f\u00fchrenden Politiker und prominenten Medien nicht tun wollten: Er stellte \u00f6ffentlich die Fragen, die sich jeder stellte, und wies auf die Widerspr\u00fcche in der offiziellen Darstellung hin.<\/p>\n<p><strong><\/strong><\/p>\n<p><strong>Das Magdeburger Narrativ\u00a0entwirrt sich<\/strong><\/p>\n<p>Die Reaktion der Mainstream-Medien auf den Anschlag folgte einem deprimierend bekannten Drehbuch. Die ersten Berichte konzentrierten sich auf allgemeine Beschreibungen des Angreifers und vermieden kritische Details \u00fcber seinen ideologischen Hintergrund, seine Beweggr\u00fcnde und seine lange Geschichte verd\u00e4chtigen Verhaltens. Als widerspr\u00fcchliche Beweise auftauchten \u2013 die darauf hindeuteten, dass es sich bei dem Angreifer nicht um den &#8220;ehemaligen muslimischen Atheisten&#8221; handelte, f\u00fcr den er sich ausgab, sondern um jemanden, der tief in der extremistischen Ideologie verwurzelt war \u2013, z\u00f6gerten die Medien noch immer, ihren Ton zu \u00e4ndern.<\/p>\n<p>Musk jedoch z\u00f6gerte nicht. \u00dcber seine Plattform <em>X<\/em> (fr\u00fcher Twitter) wies er auf die Ungereimtheiten in der Berichterstattung hin, kritisierte die Unt\u00e4tigkeit der deutschen Regierung und forderte Bundeskanzler Olaf Scholz direkt heraus. Seine Beitr\u00e4ge, die von Millionen Menschen gesehen und geteilt wurden, erzwangen eine \u00f6ffentliche Abrechnung. Anstatt zuzulassen, dass sich das Narrativ in den bequemen Furchen der Mainstream-Medien festsetzt, zerst\u00f6rte Musk die Illusion und verst\u00e4rkte die Stimmen derjenigen, die schon seit Jahren vor dem Hintergrund des Angreifers gewarnt hatten.<\/p>\n<p><strong><\/strong><\/p>\n<p><strong>Warum Musk in diesem Kampf wichtig ist<\/strong><\/p>\n<p>Das Engagement von Musk in diesem Diskurs ist aus mehreren Gr\u00fcnden von Bedeutung. Erstens zeigt es die Macht dezentraler Plattformen wie X, wo einflussreiche Stimmen die traditionellen Medienw\u00e4chter umgehen k\u00f6nnen. Zweitens zeigt es das Ausma\u00df, in dem das Vertrauen der \u00d6ffentlichkeit in die traditionellen Medien erodiert ist. Millionen von Menschen wenden sich nicht mehr an <em>CNN<\/em>, <em>BBC<\/em> oder <em>Der Spiegel<\/em> als erste Informationsquelle \u2013 sie suchen nach unabh\u00e4ngigen Stimmen in den sozialen Medien, und Musk ist zu einer der m\u00e4chtigsten dieser Stimmen geworden.<\/p>\n<p>Die Mainstream-Medien, die daran gew\u00f6hnt sind, die einzigen Schiedsrichter der \u00f6ffentlichen Berichterstattung zu sein, sehen sich nun au\u00dferstande, abweichende Meinungen zu unterdr\u00fccken. Musks riesige Fangemeinde und seine Bereitschaft, unbequeme Wahrheiten anzusprechen, bedeuten, dass Versuche, Ereignisse wie den Anschlag in Magdeburg zu verschleiern oder zu verdrehen, nicht mehr erfolgreich sein werden.<\/p>\n<p><strong><\/strong><\/p>\n<p><strong>RT: Der urspr\u00fcngliche Herausforderer<\/strong><\/p>\n<p>W\u00e4hrend Musk und X derzeit an der Spitze dieser Informationsschlacht stehen, sollte man nicht vergessen, dass <em>RT<\/em> schon seit Jahren die Mainstream-Narrative herausfordert.<\/p>\n<p>Lange bevor Musk <em>X<\/em> \u00fcbernahm, war <em>RT<\/em> oft einer der wenigen gro\u00dfen Sender, die bereit waren, westliche Regierungen infrage zu stellen und Geschichten zu ver\u00f6ffentlichen, die die Mainstream-Medien lieber ignorierten. Obwohl der Sender heftig kritisiert, von der Plattform genommen und in mehreren L\u00e4ndern sogar verboten wurde, hat er sich nicht davon abbringen lassen, alternative Perspektiven auf das Weltgeschehen zu bieten.<\/p>\n<p>Das soll nicht hei\u00dfen, dass <em>RT<\/em> keine Fehler aufweist \u2013 wie jede Medienorganisation kann es sich einigen seiner eigenen Vorurteile nicht entziehen \u2013, aber sein Beitrag zum Brechen des Monopols westlicher Mediennarrative kann nicht ignoriert werden. W\u00e4hrend Musk und <em>X<\/em> diesen Kampf in den Mainstream gebracht haben, war <em>RT<\/em> bereits in den Sch\u00fctzengr\u00e4ben und hat das Narrativ infrage gestellt, bevor\u00a0dies in Mode kam.<\/p>\n<p>In diesem Sinne baut Musk auf dem Boden auf, der bereits von anderen betreten wurde. Das Ausma\u00df des Einflusses von X und die F\u00e4higkeit von Musk, ein weltweites Publikum zu erreichen, hat diesen Kampf jedoch in neue H\u00f6hen gehoben. <em>RT<\/em> ging, damit X laufen konnte, und w\u00e4hrend Musk zu Recht f\u00fcr seinen Mut und seine Transparenz gefeiert wird, sollte man anerkennen, dass er nicht der Erste ist, der das System infrage stellt \u2013 nur der bisher Wirkungsvollste.<\/p>\n<p><strong><\/strong><\/p>\n<p><strong>Der Kampf um die Informationskontrolle<\/strong><\/p>\n<p>Die westlichen Eliten sind sich \u00fcber eine unbestreitbare Wahrheit im Klaren: Bei der Macht in der modernen Welt geht es nicht nur um politische oder milit\u00e4rische Macht \u2013 es geht um die Kontrolle des Informationsflusses. Historisch gesehen waren die alten Medien das perfekte Werkzeug f\u00fcr diesen Zweck. Sorgf\u00e4ltig kuratierte Geschichten, selektive Berichterstattung und strategische Auslassungen erm\u00f6glichten es den Machthabern, die \u00f6ffentliche Wahrnehmung nahtlos zu steuern.<\/p>\n<p>Diese \u00c4ra ist jedoch im Schwinden begriffen. Soziale Medienplattformen und Pers\u00f6nlichkeiten wie Musk haben den Zugang zu Informationen demokratisiert. Nach dem Anschlag in Magdeburg waren es nicht die staatlichen Rundfunkanstalten oder Zeitungsredakteure, die die ganze Geschichte ans Licht brachten \u2013 es waren ganz normale Menschen, die online Beweise teilten, Fragen aufwarfen und die Stimmen verst\u00e4rkten, die der Mainstream ignorierte.<\/p>\n<p>Es ist also kein Wunder, dass sich die Eliten darauf konzentrieren, alternative Informationsquellen zum Schweigen zu bringen. Medien wie der russische Sender <em>RT<\/em> wurden unerbittlich ins Visier genommen, von der Plattform genommen und d\u00e4monisiert. Die Rechtfertigung ist immer die gleiche: Bek\u00e4mpfung von Fehlinformationen. Aber man muss sich fragen, wer entscheidet, was Fehlinformationen sind? In einer Welt, in der selbst grundlegende Fakten verdreht werden, um politischen Zwecken zu dienen, ist klar, dass es in diesem Kampf nicht um Wahrheit, sondern um Kontrolle geht.<\/p>\n<p><strong><\/strong><\/p>\n<p><strong>Die Zukunft liegt in der Freiheit<\/strong><\/p>\n<p>Elon Musks Handeln nach dem Magdeburger Anschlag war nicht nur das eines freim\u00fctigen Milliard\u00e4rs \u2013 es war das von jemandem, der wei\u00df, was im Kampf um Informationen auf dem Spiel steht. Indem er sich weigerte, sich dem von den Mainstream-Medien aufgezwungenen Narrativ zu beugen, hat Musk gezeigt, dass die Macht, den \u00f6ffentlichen Diskurs zu kontrollieren, aus den H\u00e4nden der alten Institutionen entgleitet.<\/p>\n<p>Dies ist nicht nur ein Sieg f\u00fcr Musk, noch ist es nur ein Kampf um ein tragisches Ereignis in Deutschland. Es ist ein symbolischer Moment in einem gr\u00f6\u00dferen Krieg, in dem es darum geht, ob Informationen frei und dezentralisiert bleiben oder von einer Handvoll m\u00e4chtiger Akteure eingekreist und kuratiert werden.<\/p>\n<p>Trotz der Bem\u00fchungen der Mainstream-Journalisten, die \u00d6ffentlichkeit davon abzuhalten, ihre Darstellung des Magdeburger Anschlags zu hinterfragen, weigerte sich ein Mann mit Macht und Einfluss, zu schweigen. Solange es Plattformen wie X gibt und einflussreiche Pers\u00f6nlichkeiten wie Musk bereit sind, ihre Meinung zu sagen, besteht Hoffnung, dass die Wahrheit auch weiterhin die sorgf\u00e4ltig errichteten Mauern der Mainstream-Narrative durchbrechen wird.<\/p>\n<p>Die alten Medien m\u00f6gen immer noch Macht haben, aber sie haben kein Monopol mehr auf die Wahrheit. Und das ist an sich schon ein Sieg, der gefeiert werden sollte.<\/p>\n<p><em>Timur Tarkhanow ist <\/em><em>Journalist und Medienmanager.<\/em><em><\/em><\/p>\n<p><strong>Mehr zum Thema<\/strong><em> &#8211;\u00a0<\/em><a rel=\"nofollow noopener\" target=\"_blank\" href=\"https:\/\/freedert.online\/inland\/230467-nach-musk-kritik-an-scholz\/\">Nach Musk-Kritik an Scholz: Lauterbach emp\u00f6rt sich \u00fcber &#8220;Einmischung&#8221;<\/a><\/p>\n<div class=\"EmbedBlock-root EmbedBlock-externalVideo EmbedBlock-rumble\">\n<div class=\"VkEmbed\"><iframe class=\"lazyload\" data-src=\"https:\/\/rumble.com\/embed\/v5z2aoe\" frameborder=\"0\" width=\"853\" height=\"480\" allowfullscreen><\/iframe><\/div>\n<\/div>\n<\/div>\n<p><br \/>\n<br \/><a href=\"https:\/\/de.rt.com\/international\/230512-krieg-gegen-msm-wird-von\/\">Source link <\/a><\/p>\n","protected":false},"excerpt":{"rendered":"<p>Der Tech-Milliard\u00e4r hat das Narrativ der etablierten Presse \u00fcber den Magdeburger Anschlag durchbrochen, aber der Kampf um die Wahrheit tobte schon lange, bevor er in die Schlacht zog. Von Timur Tarkhanow Der tragische Terroranschlag auf dem Weihnachtsmarkt in Magdeburg, der mehrere Todesopfer und Hunderte von Verletzten forderte, war nicht nur ein Angriff auf unschuldige Zivilisten [&hellip;]<\/p>\n","protected":false},"author":3,"featured_media":75064,"comment_status":"open","ping_status":"open","sticky":false,"template":"","format":"standard","meta":{"_yoast_indexnow_last_ping":["1734974725"],"wp_automatic_camp":["217"],"93a0321641bbe05023000d59b3222aab":["Elon Musk gewinnt Schlacht gegen die Mainstreammedien \u2013 Wer zuerst da war, sollte er nicht vergessen"],"original_link":["https:\/\/de.rt.com\/international\/230512-krieg-gegen-msm-wird-von\/"],"_thumbnail_id":["75064"],"_wptgpro_p2tg_sent2tg":["a:1:{i:23737;s:19:\"2024-12-23 19:26:26\";}"],"jnews_social_counter_last_update":["1777574046"]},"categories":[19,23],"tags":[45,2056,278,18701,21625,1582,800,3472,3590,24185,2223,8965,16021],"yoast_head":"<!-- This site is optimized with the Yoast SEO Premium plugin v22.7 (Yoast SEO v22.7) - https:\/\/yoast.com\/wordpress\/plugins\/seo\/ -->\n<title>Elon Musk gewinnt Schlacht gegen die Mainstreammedien \u2013 Wer zuerst da war, sollte er nicht vergessen - just-now.NEWS Deutschland<\/title>\n<meta name=\"robots\" content=\"index, follow, max-snippet:-1, max-image-preview:large, max-video-preview:-1\" \/>\n<link rel=\"canonical\" href=\"https:\/\/now-news.de\/de\/deutschland\/elon-musk-gewinnt-schlacht-gegen-die-mainstreammedien-wer-zuerst-da-war-sollte-er-nicht-vergessen\/\" \/>\n<meta property=\"og:locale\" content=\"de_DE\" \/>\n<meta property=\"og:type\" content=\"article\" \/>\n<meta property=\"og:title\" content=\"Elon Musk gewinnt Schlacht gegen die Mainstreammedien \u2013 Wer zuerst da war, sollte er nicht vergessen\" \/>\n<meta property=\"og:description\" content=\"Der Tech-Milliard\u00e4r hat das Narrativ der etablierten Presse \u00fcber den Magdeburger Anschlag durchbrochen, aber der Kampf um die Wahrheit tobte schon lange, bevor er in die Schlacht zog. Von Timur Tarkhanow Der tragische Terroranschlag auf dem Weihnachtsmarkt in Magdeburg, der mehrere Todesopfer und Hunderte von Verletzten forderte, war nicht nur ein Angriff auf unschuldige Zivilisten [&hellip;]\" \/>\n<meta property=\"og:url\" content=\"https:\/\/now-news.de\/de\/deutschland\/elon-musk-gewinnt-schlacht-gegen-die-mainstreammedien-wer-zuerst-da-war-sollte-er-nicht-vergessen\/\" \/>\n<meta property=\"og:site_name\" content=\"just-now.NEWS Deutschland\" \/>\n<meta property=\"article:publisher\" content=\"https:\/\/www.facebook.com\/wirmachenauf\" \/>\n<meta property=\"article:published_time\" content=\"2024-12-23T17:15:38+00:00\" \/>\n<meta property=\"og:image\" content=\"https:\/\/now-news.de\/de\/wp-content\/uploads\/sites\/3\/2024\/12\/67699a7748fbef5cad458a2e.jpg\" \/>\n<meta name=\"author\" content=\"rtnews\" \/>\n<meta name=\"twitter:card\" content=\"summary_large_image\" \/>\n<meta name=\"twitter:creator\" content=\"@WirMachenAuf_de\" \/>\n<meta name=\"twitter:site\" content=\"@WirMachenAuf_de\" \/>\n<meta name=\"twitter:label1\" content=\"Verfasst von\" \/>\n\t<meta name=\"twitter:data1\" content=\"rtnews\" \/>\n\t<meta name=\"twitter:label2\" content=\"Gesch\u00e4tzte Lesezeit\" \/>\n\t<meta name=\"twitter:data2\" content=\"6\u00a0Minuten\" \/>\n<script type=\"application\/ld+json\" class=\"yoast-schema-graph\">{\"@context\":\"https:\/\/schema.org\",\"@graph\":[{\"@type\":\"Article\",\"@id\":\"https:\/\/now-news.de\/de\/deutschland\/elon-musk-gewinnt-schlacht-gegen-die-mainstreammedien-wer-zuerst-da-war-sollte-er-nicht-vergessen\/#article\",\"isPartOf\":{\"@id\":\"https:\/\/now-news.de\/de\/deutschland\/elon-musk-gewinnt-schlacht-gegen-die-mainstreammedien-wer-zuerst-da-war-sollte-er-nicht-vergessen\/\"},\"author\":{\"name\":\"rtnews\",\"@id\":\"https:\/\/now-news.de\/de\/#\/schema\/person\/fb534a4e865501d8b3285208df34a9b5\"},\"headline\":\"Elon Musk gewinnt Schlacht gegen die Mainstreammedien \u2013 Wer zuerst da war, sollte er nicht vergessen\",\"datePublished\":\"2024-12-23T17:15:38+00:00\",\"dateModified\":\"2024-12-23T17:15:38+00:00\",\"mainEntityOfPage\":{\"@id\":\"https:\/\/now-news.de\/de\/deutschland\/elon-musk-gewinnt-schlacht-gegen-die-mainstreammedien-wer-zuerst-da-war-sollte-er-nicht-vergessen\/\"},\"wordCount\":1222,\"commentCount\":0,\"publisher\":{\"@id\":\"https:\/\/now-news.de\/de\/#organization\"},\"image\":{\"@id\":\"https:\/\/now-news.de\/de\/deutschland\/elon-musk-gewinnt-schlacht-gegen-die-mainstreammedien-wer-zuerst-da-war-sollte-er-nicht-vergessen\/#primaryimage\"},\"thumbnailUrl\":\"https:\/\/now-news.de\/de\/wp-content\/uploads\/sites\/3\/2024\/12\/Elon-Musk-gewinnt-Schlacht-gegen-die-Mainstreammedien-\u2013-Wer-zuerst.jpg\",\"keywords\":[\"die\",\"ELON\",\"gegen\",\"gewinnt\",\"MainstreamMedien\",\"Musk\",\"nicht\",\"Schlacht\",\"sollte\",\"VERGESSEN\",\"War\",\"Wer\",\"zuerst\"],\"articleSection\":[\"Deutschland\",\"Russland\"],\"inLanguage\":\"de\",\"potentialAction\":[{\"@type\":\"CommentAction\",\"name\":\"Comment\",\"target\":[\"https:\/\/now-news.de\/de\/deutschland\/elon-musk-gewinnt-schlacht-gegen-die-mainstreammedien-wer-zuerst-da-war-sollte-er-nicht-vergessen\/#respond\"]}]},{\"@type\":\"WebPage\",\"@id\":\"https:\/\/now-news.de\/de\/deutschland\/elon-musk-gewinnt-schlacht-gegen-die-mainstreammedien-wer-zuerst-da-war-sollte-er-nicht-vergessen\/\",\"url\":\"https:\/\/now-news.de\/de\/deutschland\/elon-musk-gewinnt-schlacht-gegen-die-mainstreammedien-wer-zuerst-da-war-sollte-er-nicht-vergessen\/\",\"name\":\"Elon Musk gewinnt Schlacht gegen die Mainstreammedien \u2013 Wer zuerst da war, sollte er nicht vergessen - just-now.NEWS Deutschland\",\"isPartOf\":{\"@id\":\"https:\/\/now-news.de\/de\/#website\"},\"primaryImageOfPage\":{\"@id\":\"https:\/\/now-news.de\/de\/deutschland\/elon-musk-gewinnt-schlacht-gegen-die-mainstreammedien-wer-zuerst-da-war-sollte-er-nicht-vergessen\/#primaryimage\"},\"image\":{\"@id\":\"https:\/\/now-news.de\/de\/deutschland\/elon-musk-gewinnt-schlacht-gegen-die-mainstreammedien-wer-zuerst-da-war-sollte-er-nicht-vergessen\/#primaryimage\"},\"thumbnailUrl\":\"https:\/\/now-news.de\/de\/wp-content\/uploads\/sites\/3\/2024\/12\/Elon-Musk-gewinnt-Schlacht-gegen-die-Mainstreammedien-\u2013-Wer-zuerst.jpg\",\"datePublished\":\"2024-12-23T17:15:38+00:00\",\"dateModified\":\"2024-12-23T17:15:38+00:00\",\"breadcrumb\":{\"@id\":\"https:\/\/now-news.de\/de\/deutschland\/elon-musk-gewinnt-schlacht-gegen-die-mainstreammedien-wer-zuerst-da-war-sollte-er-nicht-vergessen\/#breadcrumb\"},\"inLanguage\":\"de\",\"potentialAction\":[{\"@type\":\"ReadAction\",\"target\":[\"https:\/\/now-news.de\/de\/deutschland\/elon-musk-gewinnt-schlacht-gegen-die-mainstreammedien-wer-zuerst-da-war-sollte-er-nicht-vergessen\/\"]}]},{\"@type\":\"ImageObject\",\"inLanguage\":\"de\",\"@id\":\"https:\/\/now-news.de\/de\/deutschland\/elon-musk-gewinnt-schlacht-gegen-die-mainstreammedien-wer-zuerst-da-war-sollte-er-nicht-vergessen\/#primaryimage\",\"url\":\"https:\/\/now-news.de\/de\/wp-content\/uploads\/sites\/3\/2024\/12\/Elon-Musk-gewinnt-Schlacht-gegen-die-Mainstreammedien-\u2013-Wer-zuerst.jpg\",\"contentUrl\":\"https:\/\/now-news.de\/de\/wp-content\/uploads\/sites\/3\/2024\/12\/Elon-Musk-gewinnt-Schlacht-gegen-die-Mainstreammedien-\u2013-Wer-zuerst.jpg\",\"width\":460,\"height\":259,\"caption\":\"Elon Musk gewinnt Schlacht gegen die Mainstreammedien \u2013 Wer zuerst da war, sollte er nicht vergessen\"},{\"@type\":\"BreadcrumbList\",\"@id\":\"https:\/\/now-news.de\/de\/deutschland\/elon-musk-gewinnt-schlacht-gegen-die-mainstreammedien-wer-zuerst-da-war-sollte-er-nicht-vergessen\/#breadcrumb\",\"itemListElement\":[{\"@type\":\"ListItem\",\"position\":1,\"name\":\"Home\",\"item\":\"https:\/\/now-news.de\/de\/\"},{\"@type\":\"ListItem\",\"position\":2,\"name\":\"Elon Musk gewinnt Schlacht gegen die Mainstreammedien \u2013 Wer zuerst da war, sollte er nicht vergessen\"}]},{\"@type\":\"WebSite\",\"@id\":\"https:\/\/now-news.de\/de\/#website\",\"url\":\"https:\/\/now-news.de\/de\/\",\"name\":\"just-now.NEWS Deutschland\",\"description\":\"Das Portal f\u00fcr unzensierte Nachrichten aus der Welt\",\"publisher\":{\"@id\":\"https:\/\/now-news.de\/de\/#organization\"},\"potentialAction\":[{\"@type\":\"SearchAction\",\"target\":{\"@type\":\"EntryPoint\",\"urlTemplate\":\"https:\/\/now-news.de\/de\/?s={search_term_string}\"},\"query-input\":\"required name=search_term_string\"}],\"inLanguage\":\"de\"},{\"@type\":\"Organization\",\"@id\":\"https:\/\/now-news.de\/de\/#organization\",\"name\":\"Just Now News\",\"url\":\"https:\/\/now-news.de\/de\/\",\"logo\":{\"@type\":\"ImageObject\",\"inLanguage\":\"de\",\"@id\":\"https:\/\/now-news.de\/de\/#\/schema\/logo\/image\/\",\"url\":\"http:\/\/just-now.news\/de\/wp-content\/uploads\/sites\/3\/2022\/04\/logo500x500.jpg\",\"contentUrl\":\"http:\/\/just-now.news\/de\/wp-content\/uploads\/sites\/3\/2022\/04\/logo500x500.jpg\",\"width\":500,\"height\":500,\"caption\":\"Just Now News\"},\"image\":{\"@id\":\"https:\/\/now-news.de\/de\/#\/schema\/logo\/image\/\"},\"sameAs\":[\"https:\/\/www.facebook.com\/wirmachenauf\",\"https:\/\/x.com\/WirMachenAuf_de\"]},{\"@type\":\"Person\",\"@id\":\"https:\/\/now-news.de\/de\/#\/schema\/person\/fb534a4e865501d8b3285208df34a9b5\",\"name\":\"rtnews\",\"image\":{\"@type\":\"ImageObject\",\"inLanguage\":\"de\",\"@id\":\"https:\/\/now-news.de\/de\/#\/schema\/person\/image\/\",\"url\":\"https:\/\/secure.gravatar.com\/avatar\/82aafea7d8127119dd649515f56e2117?s=96&d=mm&r=g\",\"contentUrl\":\"https:\/\/secure.gravatar.com\/avatar\/82aafea7d8127119dd649515f56e2117?s=96&d=mm&r=g\",\"caption\":\"rtnews\"},\"url\":\"https:\/\/now-news.de\/de\/author\/rnews\/\"}]}<\/script>\n<!-- \/ Yoast SEO Premium plugin. -->","yoast_head_json":{"title":"Elon Musk gewinnt Schlacht gegen die Mainstreammedien \u2013 Wer zuerst da war, sollte er nicht vergessen - just-now.NEWS Deutschland","robots":{"index":"index","follow":"follow","max-snippet":"max-snippet:-1","max-image-preview":"max-image-preview:large","max-video-preview":"max-video-preview:-1"},"canonical":"https:\/\/now-news.de\/de\/deutschland\/elon-musk-gewinnt-schlacht-gegen-die-mainstreammedien-wer-zuerst-da-war-sollte-er-nicht-vergessen\/","og_locale":"de_DE","og_type":"article","og_title":"Elon Musk gewinnt Schlacht gegen die Mainstreammedien \u2013 Wer zuerst da war, sollte er nicht vergessen","og_description":"Der Tech-Milliard\u00e4r hat das Narrativ der etablierten Presse \u00fcber den Magdeburger Anschlag durchbrochen, aber der Kampf um die Wahrheit tobte schon lange, bevor er in die Schlacht zog. Von Timur Tarkhanow Der tragische Terroranschlag auf dem Weihnachtsmarkt in Magdeburg, der mehrere Todesopfer und Hunderte von Verletzten forderte, war nicht nur ein Angriff auf unschuldige Zivilisten [&hellip;]","og_url":"https:\/\/now-news.de\/de\/deutschland\/elon-musk-gewinnt-schlacht-gegen-die-mainstreammedien-wer-zuerst-da-war-sollte-er-nicht-vergessen\/","og_site_name":"just-now.NEWS Deutschland","article_publisher":"https:\/\/www.facebook.com\/wirmachenauf","article_published_time":"2024-12-23T17:15:38+00:00","og_image":[{"url":"https:\/\/now-news.de\/de\/wp-content\/uploads\/sites\/3\/2024\/12\/67699a7748fbef5cad458a2e.jpg"}],"author":"rtnews","twitter_card":"summary_large_image","twitter_creator":"@WirMachenAuf_de","twitter_site":"@WirMachenAuf_de","twitter_misc":{"Verfasst von":"rtnews","Gesch\u00e4tzte Lesezeit":"6\u00a0Minuten"},"schema":{"@context":"https:\/\/schema.org","@graph":[{"@type":"Article","@id":"https:\/\/now-news.de\/de\/deutschland\/elon-musk-gewinnt-schlacht-gegen-die-mainstreammedien-wer-zuerst-da-war-sollte-er-nicht-vergessen\/#article","isPartOf":{"@id":"https:\/\/now-news.de\/de\/deutschland\/elon-musk-gewinnt-schlacht-gegen-die-mainstreammedien-wer-zuerst-da-war-sollte-er-nicht-vergessen\/"},"author":{"name":"rtnews","@id":"https:\/\/now-news.de\/de\/#\/schema\/person\/fb534a4e865501d8b3285208df34a9b5"},"headline":"Elon Musk gewinnt Schlacht gegen die Mainstreammedien \u2013 Wer zuerst da war, sollte er nicht vergessen","datePublished":"2024-12-23T17:15:38+00:00","dateModified":"2024-12-23T17:15:38+00:00","mainEntityOfPage":{"@id":"https:\/\/now-news.de\/de\/deutschland\/elon-musk-gewinnt-schlacht-gegen-die-mainstreammedien-wer-zuerst-da-war-sollte-er-nicht-vergessen\/"},"wordCount":1222,"commentCount":0,"publisher":{"@id":"https:\/\/now-news.de\/de\/#organization"},"image":{"@id":"https:\/\/now-news.de\/de\/deutschland\/elon-musk-gewinnt-schlacht-gegen-die-mainstreammedien-wer-zuerst-da-war-sollte-er-nicht-vergessen\/#primaryimage"},"thumbnailUrl":"https:\/\/now-news.de\/de\/wp-content\/uploads\/sites\/3\/2024\/12\/Elon-Musk-gewinnt-Schlacht-gegen-die-Mainstreammedien-\u2013-Wer-zuerst.jpg","keywords":["die","ELON","gegen","gewinnt","MainstreamMedien","Musk","nicht","Schlacht","sollte","VERGESSEN","War","Wer","zuerst"],"articleSection":["Deutschland","Russland"],"inLanguage":"de","potentialAction":[{"@type":"CommentAction","name":"Comment","target":["https:\/\/now-news.de\/de\/deutschland\/elon-musk-gewinnt-schlacht-gegen-die-mainstreammedien-wer-zuerst-da-war-sollte-er-nicht-vergessen\/#respond"]}]},{"@type":"WebPage","@id":"https:\/\/now-news.de\/de\/deutschland\/elon-musk-gewinnt-schlacht-gegen-die-mainstreammedien-wer-zuerst-da-war-sollte-er-nicht-vergessen\/","url":"https:\/\/now-news.de\/de\/deutschland\/elon-musk-gewinnt-schlacht-gegen-die-mainstreammedien-wer-zuerst-da-war-sollte-er-nicht-vergessen\/","name":"Elon Musk gewinnt Schlacht gegen die Mainstreammedien \u2013 Wer zuerst da war, sollte er nicht vergessen - just-now.NEWS Deutschland","isPartOf":{"@id":"https:\/\/now-news.de\/de\/#website"},"primaryImageOfPage":{"@id":"https:\/\/now-news.de\/de\/deutschland\/elon-musk-gewinnt-schlacht-gegen-die-mainstreammedien-wer-zuerst-da-war-sollte-er-nicht-vergessen\/#primaryimage"},"image":{"@id":"https:\/\/now-news.de\/de\/deutschland\/elon-musk-gewinnt-schlacht-gegen-die-mainstreammedien-wer-zuerst-da-war-sollte-er-nicht-vergessen\/#primaryimage"},"thumbnailUrl":"https:\/\/now-news.de\/de\/wp-content\/uploads\/sites\/3\/2024\/12\/Elon-Musk-gewinnt-Schlacht-gegen-die-Mainstreammedien-\u2013-Wer-zuerst.jpg","datePublished":"2024-12-23T17:15:38+00:00","dateModified":"2024-12-23T17:15:38+00:00","breadcrumb":{"@id":"https:\/\/now-news.de\/de\/deutschland\/elon-musk-gewinnt-schlacht-gegen-die-mainstreammedien-wer-zuerst-da-war-sollte-er-nicht-vergessen\/#breadcrumb"},"inLanguage":"de","potentialAction":[{"@type":"ReadAction","target":["https:\/\/now-news.de\/de\/deutschland\/elon-musk-gewinnt-schlacht-gegen-die-mainstreammedien-wer-zuerst-da-war-sollte-er-nicht-vergessen\/"]}]},{"@type":"ImageObject","inLanguage":"de","@id":"https:\/\/now-news.de\/de\/deutschland\/elon-musk-gewinnt-schlacht-gegen-die-mainstreammedien-wer-zuerst-da-war-sollte-er-nicht-vergessen\/#primaryimage","url":"https:\/\/now-news.de\/de\/wp-content\/uploads\/sites\/3\/2024\/12\/Elon-Musk-gewinnt-Schlacht-gegen-die-Mainstreammedien-\u2013-Wer-zuerst.jpg","contentUrl":"https:\/\/now-news.de\/de\/wp-content\/uploads\/sites\/3\/2024\/12\/Elon-Musk-gewinnt-Schlacht-gegen-die-Mainstreammedien-\u2013-Wer-zuerst.jpg","width":460,"height":259,"caption":"Elon Musk gewinnt Schlacht gegen die Mainstreammedien \u2013 Wer zuerst da war, sollte er nicht vergessen"},{"@type":"BreadcrumbList","@id":"https:\/\/now-news.de\/de\/deutschland\/elon-musk-gewinnt-schlacht-gegen-die-mainstreammedien-wer-zuerst-da-war-sollte-er-nicht-vergessen\/#breadcrumb","itemListElement":[{"@type":"ListItem","position":1,"name":"Home","item":"https:\/\/now-news.de\/de\/"},{"@type":"ListItem","position":2,"name":"Elon Musk gewinnt Schlacht gegen die Mainstreammedien \u2013 Wer zuerst da war, sollte er nicht vergessen"}]},{"@type":"WebSite","@id":"https:\/\/now-news.de\/de\/#website","url":"https:\/\/now-news.de\/de\/","name":"just-now.NEWS Deutschland","description":"Das Portal f\u00fcr unzensierte Nachrichten aus der Welt","publisher":{"@id":"https:\/\/now-news.de\/de\/#organization"},"potentialAction":[{"@type":"SearchAction","target":{"@type":"EntryPoint","urlTemplate":"https:\/\/now-news.de\/de\/?s={search_term_string}"},"query-input":"required name=search_term_string"}],"inLanguage":"de"},{"@type":"Organization","@id":"https:\/\/now-news.de\/de\/#organization","name":"Just Now News","url":"https:\/\/now-news.de\/de\/","logo":{"@type":"ImageObject","inLanguage":"de","@id":"https:\/\/now-news.de\/de\/#\/schema\/logo\/image\/","url":"http:\/\/just-now.news\/de\/wp-content\/uploads\/sites\/3\/2022\/04\/logo500x500.jpg","contentUrl":"http:\/\/just-now.news\/de\/wp-content\/uploads\/sites\/3\/2022\/04\/logo500x500.jpg","width":500,"height":500,"caption":"Just Now News"},"image":{"@id":"https:\/\/now-news.de\/de\/#\/schema\/logo\/image\/"},"sameAs":["https:\/\/www.facebook.com\/wirmachenauf","https:\/\/x.com\/WirMachenAuf_de"]},{"@type":"Person","@id":"https:\/\/now-news.de\/de\/#\/schema\/person\/fb534a4e865501d8b3285208df34a9b5","name":"rtnews","image":{"@type":"ImageObject","inLanguage":"de","@id":"https:\/\/now-news.de\/de\/#\/schema\/person\/image\/","url":"https:\/\/secure.gravatar.com\/avatar\/82aafea7d8127119dd649515f56e2117?s=96&d=mm&r=g","contentUrl":"https:\/\/secure.gravatar.com\/avatar\/82aafea7d8127119dd649515f56e2117?s=96&d=mm&r=g","caption":"rtnews"},"url":"https:\/\/now-news.de\/de\/author\/rnews\/"}]}},"_links":{"self":[{"href":"https:\/\/now-news.de\/de\/wp-json\/wp\/v2\/posts\/75063"}],"collection":[{"href":"https:\/\/now-news.de\/de\/wp-json\/wp\/v2\/posts"}],"about":[{"href":"https:\/\/now-news.de\/de\/wp-json\/wp\/v2\/types\/post"}],"author":[{"embeddable":true,"href":"https:\/\/now-news.de\/de\/wp-json\/wp\/v2\/users\/3"}],"replies":[{"embeddable":true,"href":"https:\/\/now-news.de\/de\/wp-json\/wp\/v2\/comments?post=75063"}],"version-history":[{"count":0,"href":"https:\/\/now-news.de\/de\/wp-json\/wp\/v2\/posts\/75063\/revisions"}],"wp:featuredmedia":[{"embeddable":true,"href":"https:\/\/now-news.de\/de\/wp-json\/wp\/v2\/media\/75064"}],"wp:attachment":[{"href":"https:\/\/now-news.de\/de\/wp-json\/wp\/v2\/media?parent=75063"}],"wp:term":[{"taxonomy":"category","embeddable":true,"href":"https:\/\/now-news.de\/de\/wp-json\/wp\/v2\/categories?post=75063"},{"taxonomy":"post_tag","embeddable":true,"href":"https:\/\/now-news.de\/de\/wp-json\/wp\/v2\/tags?post=75063"}],"curies":[{"name":"wp","href":"https:\/\/api.w.org\/{rel}","templated":true}]}}