{"id":74980,"date":"2024-12-22T15:03:55","date_gmt":"2024-12-22T13:03:55","guid":{"rendered":"https:\/\/now-news.de\/de\/deutschland\/kanzlerfrage-weidel-ueberholt-merz\/"},"modified":"2024-12-22T15:03:55","modified_gmt":"2024-12-22T13:03:55","slug":"kanzlerfrage-weidel-ueberholt-merz","status":"publish","type":"post","link":"https:\/\/now-news.de\/de\/deutschland\/kanzlerfrage-weidel-ueberholt-merz\/","title":{"rendered":"Kanzlerfrage: Weidel \u00fcberholt Merz"},"content":{"rendered":"<p><img decoding=\"async\" src=\"https:\/\/now-news.de\/de\/wp-content\/uploads\/sites\/3\/2024\/12\/67680b4fb480cc29415da614.jpg\" \/><\/p>\n<div class=\"Text-root Text-type_1 \">\n                Alice Weidel ist laut einer aktuellen Umfrage unter den Kanzlerkandidaten der deutschen Parteien am beliebtesten. Demnach w\u00fcrden 23 Prozent der W\u00e4hler bei einer Direktwahl f\u00fcr die AfD-Chefin stimmen. CDU-Chef Merz rutscht ab und kommt nur noch auf Platz zwei.\n            <\/div>\n<p><\/p>\n<div class=\"Text-root Text-type_5 ArticleView-text ViewText-root \">\n<p>Alice Weidel, Kanzlerkandidatin der AfD, st\u00f6\u00dft laut einer aktuellen Umfrage bei den W\u00e4hlern mittlerweile auf mehr Zustimmung als Friedrich Merz, der Kandidat der Union. Das ist das Ergebnis einer aktuellen Erhebung, die das Meinungsforschungsinstitut INSA f\u00fcr das Springerblatt <em>Bild<\/em> durchgef\u00fchrt hat.<\/p>\n<p>Demnach w\u00fcrden 24 Prozent der Befragten bei einer Direktwahl des Kanzlers f\u00fcr Weidel stimmen \u2013 drei Prozentpunkte mehr als vor einer Woche. Merz rutscht dagegen um einen Punkt auf nun 20 Prozent ab.<\/p>\n<p>In Ostdeutschland erreicht die AfD-Chefin sogar eine Zustimmung von 36 Prozent. Merz wollen hier nur 16 Prozent der W\u00e4hler. Auch unter den Jugendlichen im Alter von\u00a018 bis 29 Jahren ist die Zustimmung f\u00fcr Weidel mit 23 Prozent deutlich h\u00f6her als f\u00fcr Merz mit 12 Prozent.<\/p>\n<div class=\"EmbedBlock-root EmbedBlock-twitter\">\n<div class=\"TwitterEmbed\">\n<blockquote class=\"twitter-tweet lazyload\" data-twitter=\"twitter-tweet\">\n<p lang=\"en\" dir=\"ltr\">JUST IN &#8211; AfD party leader Alice Weidel has overtaken Friedrich Merz (CDU) as the most popular candidate for chancellor ahead of the upcoming elections in Germany, according to the latest poll conducted by research institute INSA for BILD. <a rel=\"nofollow noopener\" target=\"_blank\" href=\"https:\/\/t.co\/UucJLlskyC\">pic.twitter.com\/UucJLlskyC<\/a><\/p>\n<p>\u2014 Disclose.tv (@disclosetv) <a rel=\"nofollow noopener\" target=\"_blank\" href=\"https:\/\/twitter.com\/disclosetv\/status\/1870802619603767783?ref_src=twsrc%5Etfw\">December 22, 2024<\/a><\/p><\/blockquote>\n<\/div>\n<\/div>\n<p>Ebenfalls einen Prozentpunkt verliert der amtierende SPD-Kanzler Olaf Scholz, der nur noch auf 15 Prozentpunkte kommt. Kurz dahinter liegt mit nun 14 Prozent Robert Habeck, der Kandidat der Gr\u00fcnen, der sich um einen Prozentpunkt verbessern kann. Die Zustimmung f\u00fcr die Kanzlerkandidatin des BSW, Sahra Wagenknecht, wurde nicht abgefragt.<\/p>\n<p>F\u00fcr die Erhebung befragte INSA am 18. und 19. Dezember \u2013 also vor dem Terroranschlag von Magdeburg \u2013 insgesamt 1.005 Personen.<\/p>\n<p><strong>Mehr zum Thema<\/strong>\u00a0\u2012 <a rel=\"nofollow noopener\" target=\"_blank\" href=\"https:\/\/freedert.online\/inland\/229504-insa-umfrage-afd-bei-20\/\">Insa-Umfrage: AfD bei 20 Prozent \u2013 SPD erreicht Jahreshoch<\/a><\/p>\n<div class=\"EmbedBlock-root EmbedBlock-externalVideo EmbedBlock-rumble\">\n<div class=\"VkEmbed\"><iframe class=\"lazyload\" data-src=\"https:\/\/rumble.com\/embed\/v5ziz3t\" frameborder=\"0\" width=\"853\" height=\"480\" allowfullscreen><\/iframe><\/div>\n<\/div>\n<\/div>\n<p><script async src=\"https:\/\/platform.twitter.com\/widgets.js\" charset=\"utf-8\"><\/script><br \/>\n<br \/><br \/>\n<br \/><a href=\"https:\/\/de.rt.com\/inland\/230395-kanzlerfrage-weidel-ueberholt-merz\/\">Source link <\/a><\/p>\n","protected":false},"excerpt":{"rendered":"<p>Alice Weidel ist laut einer aktuellen Umfrage unter den Kanzlerkandidaten der deutschen Parteien am beliebtesten. Demnach w\u00fcrden 23 Prozent der W\u00e4hler bei einer Direktwahl f\u00fcr die AfD-Chefin stimmen. CDU-Chef Merz rutscht ab und kommt nur noch auf Platz zwei. Alice Weidel, Kanzlerkandidatin der AfD, st\u00f6\u00dft laut einer aktuellen Umfrage bei den W\u00e4hlern mittlerweile auf mehr [&hellip;]<\/p>\n","protected":false},"author":3,"featured_media":74981,"comment_status":"open","ping_status":"open","sticky":false,"template":"","format":"standard","meta":{"_yoast_indexnow_last_ping":["1734872754"],"wp_automatic_camp":["217"],"3af44156ae6bddb3e106e0d901ea8641":["Kanzlerfrage: Weidel \u00fcberholt Merz"],"original_link":["https:\/\/de.rt.com\/inland\/230395-kanzlerfrage-weidel-ueberholt-merz\/"],"_thumbnail_id":["74981"],"_wptgpro_p2tg_sent2tg":["a:1:{i:23737;s:19:\"2024-12-22 15:07:38\";}"],"jnews_social_counter_last_update":["1776716468"]},"categories":[19,23],"tags":[61215,18728,22131,20441],"yoast_head":"<!-- This site is optimized with the Yoast SEO Premium plugin v22.7 (Yoast SEO v22.7) - https:\/\/yoast.com\/wordpress\/plugins\/seo\/ -->\n<title>Kanzlerfrage: Weidel \u00fcberholt Merz - just-now.NEWS Deutschland<\/title>\n<meta name=\"robots\" content=\"index, follow, max-snippet:-1, max-image-preview:large, max-video-preview:-1\" \/>\n<link rel=\"canonical\" href=\"https:\/\/now-news.de\/de\/deutschland\/kanzlerfrage-weidel-ueberholt-merz\/\" \/>\n<meta property=\"og:locale\" content=\"de_DE\" \/>\n<meta property=\"og:type\" content=\"article\" \/>\n<meta property=\"og:title\" content=\"Kanzlerfrage: Weidel \u00fcberholt Merz\" \/>\n<meta property=\"og:description\" content=\"Alice Weidel ist laut einer aktuellen Umfrage unter den Kanzlerkandidaten der deutschen Parteien am beliebtesten. Demnach w\u00fcrden 23 Prozent der W\u00e4hler bei einer Direktwahl f\u00fcr die AfD-Chefin stimmen. CDU-Chef Merz rutscht ab und kommt nur noch auf Platz zwei. Alice Weidel, Kanzlerkandidatin der AfD, st\u00f6\u00dft laut einer aktuellen Umfrage bei den W\u00e4hlern mittlerweile auf mehr [&hellip;]\" \/>\n<meta property=\"og:url\" content=\"https:\/\/now-news.de\/de\/deutschland\/kanzlerfrage-weidel-ueberholt-merz\/\" \/>\n<meta property=\"og:site_name\" content=\"just-now.NEWS Deutschland\" \/>\n<meta property=\"article:publisher\" content=\"https:\/\/www.facebook.com\/wirmachenauf\" \/>\n<meta property=\"article:published_time\" content=\"2024-12-22T13:03:55+00:00\" \/>\n<meta property=\"og:image\" content=\"https:\/\/now-news.de\/de\/wp-content\/uploads\/sites\/3\/2024\/12\/67680b4fb480cc29415da614.jpg\" \/>\n<meta name=\"author\" content=\"rtnews\" \/>\n<meta name=\"twitter:card\" content=\"summary_large_image\" \/>\n<meta name=\"twitter:creator\" content=\"@WirMachenAuf_de\" \/>\n<meta name=\"twitter:site\" content=\"@WirMachenAuf_de\" \/>\n<meta name=\"twitter:label1\" content=\"Verfasst von\" \/>\n\t<meta name=\"twitter:data1\" content=\"rtnews\" \/>\n\t<meta name=\"twitter:label2\" content=\"Gesch\u00e4tzte Lesezeit\" \/>\n\t<meta name=\"twitter:data2\" content=\"1\u00a0Minute\" \/>\n<script type=\"application\/ld+json\" class=\"yoast-schema-graph\">{\"@context\":\"https:\/\/schema.org\",\"@graph\":[{\"@type\":\"Article\",\"@id\":\"https:\/\/now-news.de\/de\/deutschland\/kanzlerfrage-weidel-ueberholt-merz\/#article\",\"isPartOf\":{\"@id\":\"https:\/\/now-news.de\/de\/deutschland\/kanzlerfrage-weidel-ueberholt-merz\/\"},\"author\":{\"name\":\"rtnews\",\"@id\":\"https:\/\/now-news.de\/de\/#\/schema\/person\/fb534a4e865501d8b3285208df34a9b5\"},\"headline\":\"Kanzlerfrage: Weidel \u00fcberholt Merz\",\"datePublished\":\"2024-12-22T13:03:55+00:00\",\"dateModified\":\"2024-12-22T13:03:55+00:00\",\"mainEntityOfPage\":{\"@id\":\"https:\/\/now-news.de\/de\/deutschland\/kanzlerfrage-weidel-ueberholt-merz\/\"},\"wordCount\":291,\"commentCount\":0,\"publisher\":{\"@id\":\"https:\/\/now-news.de\/de\/#organization\"},\"image\":{\"@id\":\"https:\/\/now-news.de\/de\/deutschland\/kanzlerfrage-weidel-ueberholt-merz\/#primaryimage\"},\"thumbnailUrl\":\"https:\/\/now-news.de\/de\/wp-content\/uploads\/sites\/3\/2024\/12\/Kanzlerfrage-Weidel-ueberholt-Merz.jpg\",\"keywords\":[\"Kanzlerfrage\",\"Merz\",\"\u00fcberholt\",\"Weidel\"],\"articleSection\":[\"Deutschland\",\"Russland\"],\"inLanguage\":\"de\",\"potentialAction\":[{\"@type\":\"CommentAction\",\"name\":\"Comment\",\"target\":[\"https:\/\/now-news.de\/de\/deutschland\/kanzlerfrage-weidel-ueberholt-merz\/#respond\"]}]},{\"@type\":\"WebPage\",\"@id\":\"https:\/\/now-news.de\/de\/deutschland\/kanzlerfrage-weidel-ueberholt-merz\/\",\"url\":\"https:\/\/now-news.de\/de\/deutschland\/kanzlerfrage-weidel-ueberholt-merz\/\",\"name\":\"Kanzlerfrage: Weidel \u00fcberholt Merz - just-now.NEWS Deutschland\",\"isPartOf\":{\"@id\":\"https:\/\/now-news.de\/de\/#website\"},\"primaryImageOfPage\":{\"@id\":\"https:\/\/now-news.de\/de\/deutschland\/kanzlerfrage-weidel-ueberholt-merz\/#primaryimage\"},\"image\":{\"@id\":\"https:\/\/now-news.de\/de\/deutschland\/kanzlerfrage-weidel-ueberholt-merz\/#primaryimage\"},\"thumbnailUrl\":\"https:\/\/now-news.de\/de\/wp-content\/uploads\/sites\/3\/2024\/12\/Kanzlerfrage-Weidel-ueberholt-Merz.jpg\",\"datePublished\":\"2024-12-22T13:03:55+00:00\",\"dateModified\":\"2024-12-22T13:03:55+00:00\",\"breadcrumb\":{\"@id\":\"https:\/\/now-news.de\/de\/deutschland\/kanzlerfrage-weidel-ueberholt-merz\/#breadcrumb\"},\"inLanguage\":\"de\",\"potentialAction\":[{\"@type\":\"ReadAction\",\"target\":[\"https:\/\/now-news.de\/de\/deutschland\/kanzlerfrage-weidel-ueberholt-merz\/\"]}]},{\"@type\":\"ImageObject\",\"inLanguage\":\"de\",\"@id\":\"https:\/\/now-news.de\/de\/deutschland\/kanzlerfrage-weidel-ueberholt-merz\/#primaryimage\",\"url\":\"https:\/\/now-news.de\/de\/wp-content\/uploads\/sites\/3\/2024\/12\/Kanzlerfrage-Weidel-ueberholt-Merz.jpg\",\"contentUrl\":\"https:\/\/now-news.de\/de\/wp-content\/uploads\/sites\/3\/2024\/12\/Kanzlerfrage-Weidel-ueberholt-Merz.jpg\",\"width\":460,\"height\":259,\"caption\":\"Kanzlerfrage: Weidel \u00fcberholt Merz\"},{\"@type\":\"BreadcrumbList\",\"@id\":\"https:\/\/now-news.de\/de\/deutschland\/kanzlerfrage-weidel-ueberholt-merz\/#breadcrumb\",\"itemListElement\":[{\"@type\":\"ListItem\",\"position\":1,\"name\":\"Home\",\"item\":\"https:\/\/now-news.de\/de\/\"},{\"@type\":\"ListItem\",\"position\":2,\"name\":\"Kanzlerfrage: Weidel \u00fcberholt Merz\"}]},{\"@type\":\"WebSite\",\"@id\":\"https:\/\/now-news.de\/de\/#website\",\"url\":\"https:\/\/now-news.de\/de\/\",\"name\":\"just-now.NEWS Deutschland\",\"description\":\"Das Portal f\u00fcr unzensierte Nachrichten aus der Welt\",\"publisher\":{\"@id\":\"https:\/\/now-news.de\/de\/#organization\"},\"potentialAction\":[{\"@type\":\"SearchAction\",\"target\":{\"@type\":\"EntryPoint\",\"urlTemplate\":\"https:\/\/now-news.de\/de\/?s={search_term_string}\"},\"query-input\":\"required name=search_term_string\"}],\"inLanguage\":\"de\"},{\"@type\":\"Organization\",\"@id\":\"https:\/\/now-news.de\/de\/#organization\",\"name\":\"Just Now News\",\"url\":\"https:\/\/now-news.de\/de\/\",\"logo\":{\"@type\":\"ImageObject\",\"inLanguage\":\"de\",\"@id\":\"https:\/\/now-news.de\/de\/#\/schema\/logo\/image\/\",\"url\":\"http:\/\/just-now.news\/de\/wp-content\/uploads\/sites\/3\/2022\/04\/logo500x500.jpg\",\"contentUrl\":\"http:\/\/just-now.news\/de\/wp-content\/uploads\/sites\/3\/2022\/04\/logo500x500.jpg\",\"width\":500,\"height\":500,\"caption\":\"Just Now News\"},\"image\":{\"@id\":\"https:\/\/now-news.de\/de\/#\/schema\/logo\/image\/\"},\"sameAs\":[\"https:\/\/www.facebook.com\/wirmachenauf\",\"https:\/\/x.com\/WirMachenAuf_de\"]},{\"@type\":\"Person\",\"@id\":\"https:\/\/now-news.de\/de\/#\/schema\/person\/fb534a4e865501d8b3285208df34a9b5\",\"name\":\"rtnews\",\"image\":{\"@type\":\"ImageObject\",\"inLanguage\":\"de\",\"@id\":\"https:\/\/now-news.de\/de\/#\/schema\/person\/image\/\",\"url\":\"https:\/\/secure.gravatar.com\/avatar\/82aafea7d8127119dd649515f56e2117?s=96&d=mm&r=g\",\"contentUrl\":\"https:\/\/secure.gravatar.com\/avatar\/82aafea7d8127119dd649515f56e2117?s=96&d=mm&r=g\",\"caption\":\"rtnews\"},\"url\":\"https:\/\/now-news.de\/de\/author\/rnews\/\"}]}<\/script>\n<!-- \/ Yoast SEO Premium plugin. -->","yoast_head_json":{"title":"Kanzlerfrage: Weidel \u00fcberholt Merz - just-now.NEWS Deutschland","robots":{"index":"index","follow":"follow","max-snippet":"max-snippet:-1","max-image-preview":"max-image-preview:large","max-video-preview":"max-video-preview:-1"},"canonical":"https:\/\/now-news.de\/de\/deutschland\/kanzlerfrage-weidel-ueberholt-merz\/","og_locale":"de_DE","og_type":"article","og_title":"Kanzlerfrage: Weidel \u00fcberholt Merz","og_description":"Alice Weidel ist laut einer aktuellen Umfrage unter den Kanzlerkandidaten der deutschen Parteien am beliebtesten. Demnach w\u00fcrden 23 Prozent der W\u00e4hler bei einer Direktwahl f\u00fcr die AfD-Chefin stimmen. CDU-Chef Merz rutscht ab und kommt nur noch auf Platz zwei. Alice Weidel, Kanzlerkandidatin der AfD, st\u00f6\u00dft laut einer aktuellen Umfrage bei den W\u00e4hlern mittlerweile auf mehr [&hellip;]","og_url":"https:\/\/now-news.de\/de\/deutschland\/kanzlerfrage-weidel-ueberholt-merz\/","og_site_name":"just-now.NEWS Deutschland","article_publisher":"https:\/\/www.facebook.com\/wirmachenauf","article_published_time":"2024-12-22T13:03:55+00:00","og_image":[{"url":"https:\/\/now-news.de\/de\/wp-content\/uploads\/sites\/3\/2024\/12\/67680b4fb480cc29415da614.jpg"}],"author":"rtnews","twitter_card":"summary_large_image","twitter_creator":"@WirMachenAuf_de","twitter_site":"@WirMachenAuf_de","twitter_misc":{"Verfasst von":"rtnews","Gesch\u00e4tzte Lesezeit":"1\u00a0Minute"},"schema":{"@context":"https:\/\/schema.org","@graph":[{"@type":"Article","@id":"https:\/\/now-news.de\/de\/deutschland\/kanzlerfrage-weidel-ueberholt-merz\/#article","isPartOf":{"@id":"https:\/\/now-news.de\/de\/deutschland\/kanzlerfrage-weidel-ueberholt-merz\/"},"author":{"name":"rtnews","@id":"https:\/\/now-news.de\/de\/#\/schema\/person\/fb534a4e865501d8b3285208df34a9b5"},"headline":"Kanzlerfrage: Weidel \u00fcberholt Merz","datePublished":"2024-12-22T13:03:55+00:00","dateModified":"2024-12-22T13:03:55+00:00","mainEntityOfPage":{"@id":"https:\/\/now-news.de\/de\/deutschland\/kanzlerfrage-weidel-ueberholt-merz\/"},"wordCount":291,"commentCount":0,"publisher":{"@id":"https:\/\/now-news.de\/de\/#organization"},"image":{"@id":"https:\/\/now-news.de\/de\/deutschland\/kanzlerfrage-weidel-ueberholt-merz\/#primaryimage"},"thumbnailUrl":"https:\/\/now-news.de\/de\/wp-content\/uploads\/sites\/3\/2024\/12\/Kanzlerfrage-Weidel-ueberholt-Merz.jpg","keywords":["Kanzlerfrage","Merz","\u00fcberholt","Weidel"],"articleSection":["Deutschland","Russland"],"inLanguage":"de","potentialAction":[{"@type":"CommentAction","name":"Comment","target":["https:\/\/now-news.de\/de\/deutschland\/kanzlerfrage-weidel-ueberholt-merz\/#respond"]}]},{"@type":"WebPage","@id":"https:\/\/now-news.de\/de\/deutschland\/kanzlerfrage-weidel-ueberholt-merz\/","url":"https:\/\/now-news.de\/de\/deutschland\/kanzlerfrage-weidel-ueberholt-merz\/","name":"Kanzlerfrage: Weidel \u00fcberholt Merz - just-now.NEWS Deutschland","isPartOf":{"@id":"https:\/\/now-news.de\/de\/#website"},"primaryImageOfPage":{"@id":"https:\/\/now-news.de\/de\/deutschland\/kanzlerfrage-weidel-ueberholt-merz\/#primaryimage"},"image":{"@id":"https:\/\/now-news.de\/de\/deutschland\/kanzlerfrage-weidel-ueberholt-merz\/#primaryimage"},"thumbnailUrl":"https:\/\/now-news.de\/de\/wp-content\/uploads\/sites\/3\/2024\/12\/Kanzlerfrage-Weidel-ueberholt-Merz.jpg","datePublished":"2024-12-22T13:03:55+00:00","dateModified":"2024-12-22T13:03:55+00:00","breadcrumb":{"@id":"https:\/\/now-news.de\/de\/deutschland\/kanzlerfrage-weidel-ueberholt-merz\/#breadcrumb"},"inLanguage":"de","potentialAction":[{"@type":"ReadAction","target":["https:\/\/now-news.de\/de\/deutschland\/kanzlerfrage-weidel-ueberholt-merz\/"]}]},{"@type":"ImageObject","inLanguage":"de","@id":"https:\/\/now-news.de\/de\/deutschland\/kanzlerfrage-weidel-ueberholt-merz\/#primaryimage","url":"https:\/\/now-news.de\/de\/wp-content\/uploads\/sites\/3\/2024\/12\/Kanzlerfrage-Weidel-ueberholt-Merz.jpg","contentUrl":"https:\/\/now-news.de\/de\/wp-content\/uploads\/sites\/3\/2024\/12\/Kanzlerfrage-Weidel-ueberholt-Merz.jpg","width":460,"height":259,"caption":"Kanzlerfrage: Weidel \u00fcberholt Merz"},{"@type":"BreadcrumbList","@id":"https:\/\/now-news.de\/de\/deutschland\/kanzlerfrage-weidel-ueberholt-merz\/#breadcrumb","itemListElement":[{"@type":"ListItem","position":1,"name":"Home","item":"https:\/\/now-news.de\/de\/"},{"@type":"ListItem","position":2,"name":"Kanzlerfrage: Weidel \u00fcberholt Merz"}]},{"@type":"WebSite","@id":"https:\/\/now-news.de\/de\/#website","url":"https:\/\/now-news.de\/de\/","name":"just-now.NEWS Deutschland","description":"Das Portal f\u00fcr unzensierte Nachrichten aus der Welt","publisher":{"@id":"https:\/\/now-news.de\/de\/#organization"},"potentialAction":[{"@type":"SearchAction","target":{"@type":"EntryPoint","urlTemplate":"https:\/\/now-news.de\/de\/?s={search_term_string}"},"query-input":"required name=search_term_string"}],"inLanguage":"de"},{"@type":"Organization","@id":"https:\/\/now-news.de\/de\/#organization","name":"Just Now News","url":"https:\/\/now-news.de\/de\/","logo":{"@type":"ImageObject","inLanguage":"de","@id":"https:\/\/now-news.de\/de\/#\/schema\/logo\/image\/","url":"http:\/\/just-now.news\/de\/wp-content\/uploads\/sites\/3\/2022\/04\/logo500x500.jpg","contentUrl":"http:\/\/just-now.news\/de\/wp-content\/uploads\/sites\/3\/2022\/04\/logo500x500.jpg","width":500,"height":500,"caption":"Just Now News"},"image":{"@id":"https:\/\/now-news.de\/de\/#\/schema\/logo\/image\/"},"sameAs":["https:\/\/www.facebook.com\/wirmachenauf","https:\/\/x.com\/WirMachenAuf_de"]},{"@type":"Person","@id":"https:\/\/now-news.de\/de\/#\/schema\/person\/fb534a4e865501d8b3285208df34a9b5","name":"rtnews","image":{"@type":"ImageObject","inLanguage":"de","@id":"https:\/\/now-news.de\/de\/#\/schema\/person\/image\/","url":"https:\/\/secure.gravatar.com\/avatar\/82aafea7d8127119dd649515f56e2117?s=96&d=mm&r=g","contentUrl":"https:\/\/secure.gravatar.com\/avatar\/82aafea7d8127119dd649515f56e2117?s=96&d=mm&r=g","caption":"rtnews"},"url":"https:\/\/now-news.de\/de\/author\/rnews\/"}]}},"_links":{"self":[{"href":"https:\/\/now-news.de\/de\/wp-json\/wp\/v2\/posts\/74980"}],"collection":[{"href":"https:\/\/now-news.de\/de\/wp-json\/wp\/v2\/posts"}],"about":[{"href":"https:\/\/now-news.de\/de\/wp-json\/wp\/v2\/types\/post"}],"author":[{"embeddable":true,"href":"https:\/\/now-news.de\/de\/wp-json\/wp\/v2\/users\/3"}],"replies":[{"embeddable":true,"href":"https:\/\/now-news.de\/de\/wp-json\/wp\/v2\/comments?post=74980"}],"version-history":[{"count":0,"href":"https:\/\/now-news.de\/de\/wp-json\/wp\/v2\/posts\/74980\/revisions"}],"wp:featuredmedia":[{"embeddable":true,"href":"https:\/\/now-news.de\/de\/wp-json\/wp\/v2\/media\/74981"}],"wp:attachment":[{"href":"https:\/\/now-news.de\/de\/wp-json\/wp\/v2\/media?parent=74980"}],"wp:term":[{"taxonomy":"category","embeddable":true,"href":"https:\/\/now-news.de\/de\/wp-json\/wp\/v2\/categories?post=74980"},{"taxonomy":"post_tag","embeddable":true,"href":"https:\/\/now-news.de\/de\/wp-json\/wp\/v2\/tags?post=74980"}],"curies":[{"name":"wp","href":"https:\/\/api.w.org\/{rel}","templated":true}]}}