{"id":74974,"date":"2024-12-22T13:15:28","date_gmt":"2024-12-22T11:15:28","guid":{"rendered":"https:\/\/now-news.de\/de\/deutschland\/eu-plant-sanktionspaket-gegen-kreml-propagandisten\/"},"modified":"2024-12-22T13:15:28","modified_gmt":"2024-12-22T11:15:28","slug":"eu-plant-sanktionspaket-gegen-kreml-propagandisten","status":"publish","type":"post","link":"https:\/\/now-news.de\/de\/deutschland\/eu-plant-sanktionspaket-gegen-kreml-propagandisten\/","title":{"rendered":"EU plant Sanktionspaket gegen &quot;Kreml-Propagandisten&quot;"},"content":{"rendered":"<p><img decoding=\"async\" src=\"https:\/\/now-news.de\/de\/wp-content\/uploads\/sites\/3\/2024\/12\/6767e59048fbef13b63281a9.jpg\" \/><\/p>\n<div class=\"Text-root Text-type_1 \">\n                Die EU will ein weiteres Sanktionspaket gegen Russland beschlie\u00dfen. Neben wirtschaftlichen Strafma\u00dfnahmen will sie auch gegen &#8220;Propagandisten des russischen Regimes&#8221; vorgehen.\n            <\/div>\n<p><\/p>\n<div class=\"Text-root Text-type_5 ArticleView-text ViewText-root \">\n<p>Die Europ\u00e4ische Union will nach Informationen von <em>WELT AM SONNTAG<\/em> am 24. Februar ein weiteres Sanktionspaket gegen Russland beschlie\u00dfen. Neben wirtschaftlichen Strafma\u00dfnahmen geraten nun auch Personen ins Visier, die sich nach EU-Darstellung an &#8220;hybrider Kriegsf\u00fchrung&#8221; beteiligen.<\/p>\n<p data-external=\"Article.FirstParagraph\">Informierte EU-Diplomaten sagten, das Paket sei als &#8220;klares Signal&#8221; an Moskau gedacht und werde &#8220;Ma\u00dfnahmen gegen spezifische Sektoren der russischen Volkswirtschaft enthalten, die bisher noch gar nicht oder nur unzureichend erfasst worden sind&#8221;. Zudem soll es in dem 16. Sanktionspaket weitere Listungen von Personen und Organisationen geben, die &#8220;als Propagandisten des russischen Regimes zu betrachten und daf\u00fcr verantwortlich sind, die territoriale Unversehrtheit der Ukraine zu untergraben&#8221;, so der weitere Wortlaut.\u00a0In Br\u00fcssel hie\u00df es dennoch dazu, es w\u00e4re &#8220;herausfordernd&#8221;, die Beteiligung von Personen an sogenannten hybriden russischen Angriffen aufzusp\u00fcren und ihnen eine Tatbeteiligung nachzuweisen.<\/p>\n<p data-external=\"Article.FirstParagraph\">Die EU-Kommission und der Europ\u00e4ische Ausw\u00e4rtige Dienst (EAD) planen auch, gegen weitere Personen, die f\u00fcr Russland spioniert\u00a0h\u00e4tten und an &#8220;Desinformationskampagnen&#8221;, unter anderem in Deutschland, beteiligt gewesen seien, Einreise- und Verm\u00f6genssperren zu verh\u00e4ngen.<\/p>\n<p>Erst Mitte Dezember hatte der Rat das 15. Sanktionspaket gegen Russland angenommen. Darin wurden vor allem 52 weitere Schiffe der russischen Schattenflotte, deren Ziel es ist, Sanktionen zu umgehen, durch ein Zugangsverbot zu H\u00e4fen und bestimmten Dienstleistungen bestraft. Sanktionen wegen sogenannter hybrider russischer Angriffe wurden am 17. Dezember erstmalig von der EU verh\u00e4ngt.<\/p>\n<p><strong>Mehr zum Thema<\/strong>\u00a0\u2012 <a rel=\"nofollow noopener\" target=\"_blank\" href=\"https:\/\/freedert.online\/europa\/229683-konfrontation-mit-russland-hungertod-baltikum\/\">Konfrontation mit Russland f\u00fchrt zu einem &#8220;Hungertod&#8221; des Verkehrs im Baltikum<\/a><\/p>\n<div class=\"EmbedBlock-root EmbedBlock-externalVideo EmbedBlock-rumble\">\n<div class=\"VkEmbed\"><iframe class=\"lazyload\" data-src=\"https:\/\/rumble.com\/embed\/v5z7ktt\" frameborder=\"0\" width=\"853\" height=\"480\" allowfullscreen><\/iframe><\/div>\n<\/div>\n<\/div>\n<p><br \/>\n<br \/><a href=\"https:\/\/de.rt.com\/europa\/230356-eu-plant-sanktionspaket-gegen-kreml\/\">Source link <\/a><\/p>\n","protected":false},"excerpt":{"rendered":"<p>Die EU will ein weiteres Sanktionspaket gegen Russland beschlie\u00dfen. Neben wirtschaftlichen Strafma\u00dfnahmen will sie auch gegen &#8220;Propagandisten des russischen Regimes&#8221; vorgehen. Die Europ\u00e4ische Union will nach Informationen von WELT AM SONNTAG am 24. Februar ein weiteres Sanktionspaket gegen Russland beschlie\u00dfen. Neben wirtschaftlichen Strafma\u00dfnahmen geraten nun auch Personen ins Visier, die sich nach EU-Darstellung an &#8220;hybrider [&hellip;]<\/p>\n","protected":false},"author":3,"featured_media":74975,"comment_status":"open","ping_status":"open","sticky":false,"template":"","format":"standard","meta":{"_yoast_indexnow_last_ping":["1734866974"],"wp_automatic_camp":["217"],"be1c2eb56abc8fcf0446da2da6eee570":["EU plant Sanktionspaket gegen &quot;Kreml-Propagandisten&quot;"],"original_link":["https:\/\/de.rt.com\/europa\/230356-eu-plant-sanktionspaket-gegen-kreml\/"],"_thumbnail_id":["74975"],"jnews_social_counter_last_update":["1777003236"],"_wptgpro_p2tg_sent2tg":["a:1:{i:23737;s:19:\"2024-12-22 13:30:48\";}"]},"categories":[19,23],"tags":[278,2559,61213,33784],"yoast_head":"<!-- This site is optimized with the Yoast SEO Premium plugin v22.7 (Yoast SEO v22.7) - https:\/\/yoast.com\/wordpress\/plugins\/seo\/ -->\n<title>EU plant Sanktionspaket gegen &quot;Kreml-Propagandisten&quot; - just-now.NEWS Deutschland<\/title>\n<meta name=\"robots\" content=\"index, follow, max-snippet:-1, max-image-preview:large, max-video-preview:-1\" \/>\n<link rel=\"canonical\" href=\"https:\/\/now-news.de\/de\/deutschland\/eu-plant-sanktionspaket-gegen-kreml-propagandisten\/\" \/>\n<meta property=\"og:locale\" content=\"de_DE\" \/>\n<meta property=\"og:type\" content=\"article\" \/>\n<meta property=\"og:title\" content=\"EU plant Sanktionspaket gegen &quot;Kreml-Propagandisten&quot;\" \/>\n<meta property=\"og:description\" content=\"Die EU will ein weiteres Sanktionspaket gegen Russland beschlie\u00dfen. Neben wirtschaftlichen Strafma\u00dfnahmen will sie auch gegen &#8220;Propagandisten des russischen Regimes&#8221; vorgehen. Die Europ\u00e4ische Union will nach Informationen von WELT AM SONNTAG am 24. Februar ein weiteres Sanktionspaket gegen Russland beschlie\u00dfen. Neben wirtschaftlichen Strafma\u00dfnahmen geraten nun auch Personen ins Visier, die sich nach EU-Darstellung an &#8220;hybrider [&hellip;]\" \/>\n<meta property=\"og:url\" content=\"https:\/\/now-news.de\/de\/deutschland\/eu-plant-sanktionspaket-gegen-kreml-propagandisten\/\" \/>\n<meta property=\"og:site_name\" content=\"just-now.NEWS Deutschland\" \/>\n<meta property=\"article:publisher\" content=\"https:\/\/www.facebook.com\/wirmachenauf\" \/>\n<meta property=\"article:published_time\" content=\"2024-12-22T11:15:28+00:00\" \/>\n<meta property=\"og:image\" content=\"https:\/\/now-news.de\/de\/wp-content\/uploads\/sites\/3\/2024\/12\/6767e59048fbef13b63281a9.jpg\" \/>\n<meta name=\"author\" content=\"rtnews\" \/>\n<meta name=\"twitter:card\" content=\"summary_large_image\" \/>\n<meta name=\"twitter:creator\" content=\"@WirMachenAuf_de\" \/>\n<meta name=\"twitter:site\" content=\"@WirMachenAuf_de\" \/>\n<meta name=\"twitter:label1\" content=\"Verfasst von\" \/>\n\t<meta name=\"twitter:data1\" content=\"rtnews\" \/>\n\t<meta name=\"twitter:label2\" content=\"Gesch\u00e4tzte Lesezeit\" \/>\n\t<meta name=\"twitter:data2\" content=\"1\u00a0Minute\" \/>\n<script type=\"application\/ld+json\" class=\"yoast-schema-graph\">{\"@context\":\"https:\/\/schema.org\",\"@graph\":[{\"@type\":\"Article\",\"@id\":\"https:\/\/now-news.de\/de\/deutschland\/eu-plant-sanktionspaket-gegen-kreml-propagandisten\/#article\",\"isPartOf\":{\"@id\":\"https:\/\/now-news.de\/de\/deutschland\/eu-plant-sanktionspaket-gegen-kreml-propagandisten\/\"},\"author\":{\"name\":\"rtnews\",\"@id\":\"https:\/\/now-news.de\/de\/#\/schema\/person\/fb534a4e865501d8b3285208df34a9b5\"},\"headline\":\"EU plant Sanktionspaket gegen &quot;Kreml-Propagandisten&quot;\",\"datePublished\":\"2024-12-22T11:15:28+00:00\",\"dateModified\":\"2024-12-22T11:15:28+00:00\",\"mainEntityOfPage\":{\"@id\":\"https:\/\/now-news.de\/de\/deutschland\/eu-plant-sanktionspaket-gegen-kreml-propagandisten\/\"},\"wordCount\":276,\"commentCount\":0,\"publisher\":{\"@id\":\"https:\/\/now-news.de\/de\/#organization\"},\"image\":{\"@id\":\"https:\/\/now-news.de\/de\/deutschland\/eu-plant-sanktionspaket-gegen-kreml-propagandisten\/#primaryimage\"},\"thumbnailUrl\":\"https:\/\/now-news.de\/de\/wp-content\/uploads\/sites\/3\/2024\/12\/EU-plant-Sanktionspaket-gegen-quotKreml-Propagandistenquot.jpg\",\"keywords\":[\"gegen\",\"plant\",\"quotKremlPropagandistenquot\",\"Sanktionspaket\"],\"articleSection\":[\"Deutschland\",\"Russland\"],\"inLanguage\":\"de\",\"potentialAction\":[{\"@type\":\"CommentAction\",\"name\":\"Comment\",\"target\":[\"https:\/\/now-news.de\/de\/deutschland\/eu-plant-sanktionspaket-gegen-kreml-propagandisten\/#respond\"]}]},{\"@type\":\"WebPage\",\"@id\":\"https:\/\/now-news.de\/de\/deutschland\/eu-plant-sanktionspaket-gegen-kreml-propagandisten\/\",\"url\":\"https:\/\/now-news.de\/de\/deutschland\/eu-plant-sanktionspaket-gegen-kreml-propagandisten\/\",\"name\":\"EU plant Sanktionspaket gegen &quot;Kreml-Propagandisten&quot; - just-now.NEWS Deutschland\",\"isPartOf\":{\"@id\":\"https:\/\/now-news.de\/de\/#website\"},\"primaryImageOfPage\":{\"@id\":\"https:\/\/now-news.de\/de\/deutschland\/eu-plant-sanktionspaket-gegen-kreml-propagandisten\/#primaryimage\"},\"image\":{\"@id\":\"https:\/\/now-news.de\/de\/deutschland\/eu-plant-sanktionspaket-gegen-kreml-propagandisten\/#primaryimage\"},\"thumbnailUrl\":\"https:\/\/now-news.de\/de\/wp-content\/uploads\/sites\/3\/2024\/12\/EU-plant-Sanktionspaket-gegen-quotKreml-Propagandistenquot.jpg\",\"datePublished\":\"2024-12-22T11:15:28+00:00\",\"dateModified\":\"2024-12-22T11:15:28+00:00\",\"breadcrumb\":{\"@id\":\"https:\/\/now-news.de\/de\/deutschland\/eu-plant-sanktionspaket-gegen-kreml-propagandisten\/#breadcrumb\"},\"inLanguage\":\"de\",\"potentialAction\":[{\"@type\":\"ReadAction\",\"target\":[\"https:\/\/now-news.de\/de\/deutschland\/eu-plant-sanktionspaket-gegen-kreml-propagandisten\/\"]}]},{\"@type\":\"ImageObject\",\"inLanguage\":\"de\",\"@id\":\"https:\/\/now-news.de\/de\/deutschland\/eu-plant-sanktionspaket-gegen-kreml-propagandisten\/#primaryimage\",\"url\":\"https:\/\/now-news.de\/de\/wp-content\/uploads\/sites\/3\/2024\/12\/EU-plant-Sanktionspaket-gegen-quotKreml-Propagandistenquot.jpg\",\"contentUrl\":\"https:\/\/now-news.de\/de\/wp-content\/uploads\/sites\/3\/2024\/12\/EU-plant-Sanktionspaket-gegen-quotKreml-Propagandistenquot.jpg\",\"width\":460,\"height\":259,\"caption\":\"EU plant Sanktionspaket gegen &quot;Kreml-Propagandisten&quot;\"},{\"@type\":\"BreadcrumbList\",\"@id\":\"https:\/\/now-news.de\/de\/deutschland\/eu-plant-sanktionspaket-gegen-kreml-propagandisten\/#breadcrumb\",\"itemListElement\":[{\"@type\":\"ListItem\",\"position\":1,\"name\":\"Home\",\"item\":\"https:\/\/now-news.de\/de\/\"},{\"@type\":\"ListItem\",\"position\":2,\"name\":\"EU plant Sanktionspaket gegen &quot;Kreml-Propagandisten&quot;\"}]},{\"@type\":\"WebSite\",\"@id\":\"https:\/\/now-news.de\/de\/#website\",\"url\":\"https:\/\/now-news.de\/de\/\",\"name\":\"just-now.NEWS Deutschland\",\"description\":\"Das Portal f\u00fcr unzensierte Nachrichten aus der Welt\",\"publisher\":{\"@id\":\"https:\/\/now-news.de\/de\/#organization\"},\"potentialAction\":[{\"@type\":\"SearchAction\",\"target\":{\"@type\":\"EntryPoint\",\"urlTemplate\":\"https:\/\/now-news.de\/de\/?s={search_term_string}\"},\"query-input\":\"required name=search_term_string\"}],\"inLanguage\":\"de\"},{\"@type\":\"Organization\",\"@id\":\"https:\/\/now-news.de\/de\/#organization\",\"name\":\"Just Now News\",\"url\":\"https:\/\/now-news.de\/de\/\",\"logo\":{\"@type\":\"ImageObject\",\"inLanguage\":\"de\",\"@id\":\"https:\/\/now-news.de\/de\/#\/schema\/logo\/image\/\",\"url\":\"http:\/\/just-now.news\/de\/wp-content\/uploads\/sites\/3\/2022\/04\/logo500x500.jpg\",\"contentUrl\":\"http:\/\/just-now.news\/de\/wp-content\/uploads\/sites\/3\/2022\/04\/logo500x500.jpg\",\"width\":500,\"height\":500,\"caption\":\"Just Now News\"},\"image\":{\"@id\":\"https:\/\/now-news.de\/de\/#\/schema\/logo\/image\/\"},\"sameAs\":[\"https:\/\/www.facebook.com\/wirmachenauf\",\"https:\/\/x.com\/WirMachenAuf_de\"]},{\"@type\":\"Person\",\"@id\":\"https:\/\/now-news.de\/de\/#\/schema\/person\/fb534a4e865501d8b3285208df34a9b5\",\"name\":\"rtnews\",\"image\":{\"@type\":\"ImageObject\",\"inLanguage\":\"de\",\"@id\":\"https:\/\/now-news.de\/de\/#\/schema\/person\/image\/\",\"url\":\"https:\/\/secure.gravatar.com\/avatar\/82aafea7d8127119dd649515f56e2117?s=96&d=mm&r=g\",\"contentUrl\":\"https:\/\/secure.gravatar.com\/avatar\/82aafea7d8127119dd649515f56e2117?s=96&d=mm&r=g\",\"caption\":\"rtnews\"},\"url\":\"https:\/\/now-news.de\/de\/author\/rnews\/\"}]}<\/script>\n<!-- \/ Yoast SEO Premium plugin. -->","yoast_head_json":{"title":"EU plant Sanktionspaket gegen &quot;Kreml-Propagandisten&quot; - just-now.NEWS Deutschland","robots":{"index":"index","follow":"follow","max-snippet":"max-snippet:-1","max-image-preview":"max-image-preview:large","max-video-preview":"max-video-preview:-1"},"canonical":"https:\/\/now-news.de\/de\/deutschland\/eu-plant-sanktionspaket-gegen-kreml-propagandisten\/","og_locale":"de_DE","og_type":"article","og_title":"EU plant Sanktionspaket gegen &quot;Kreml-Propagandisten&quot;","og_description":"Die EU will ein weiteres Sanktionspaket gegen Russland beschlie\u00dfen. Neben wirtschaftlichen Strafma\u00dfnahmen will sie auch gegen &#8220;Propagandisten des russischen Regimes&#8221; vorgehen. Die Europ\u00e4ische Union will nach Informationen von WELT AM SONNTAG am 24. Februar ein weiteres Sanktionspaket gegen Russland beschlie\u00dfen. Neben wirtschaftlichen Strafma\u00dfnahmen geraten nun auch Personen ins Visier, die sich nach EU-Darstellung an &#8220;hybrider [&hellip;]","og_url":"https:\/\/now-news.de\/de\/deutschland\/eu-plant-sanktionspaket-gegen-kreml-propagandisten\/","og_site_name":"just-now.NEWS Deutschland","article_publisher":"https:\/\/www.facebook.com\/wirmachenauf","article_published_time":"2024-12-22T11:15:28+00:00","og_image":[{"url":"https:\/\/now-news.de\/de\/wp-content\/uploads\/sites\/3\/2024\/12\/6767e59048fbef13b63281a9.jpg"}],"author":"rtnews","twitter_card":"summary_large_image","twitter_creator":"@WirMachenAuf_de","twitter_site":"@WirMachenAuf_de","twitter_misc":{"Verfasst von":"rtnews","Gesch\u00e4tzte Lesezeit":"1\u00a0Minute"},"schema":{"@context":"https:\/\/schema.org","@graph":[{"@type":"Article","@id":"https:\/\/now-news.de\/de\/deutschland\/eu-plant-sanktionspaket-gegen-kreml-propagandisten\/#article","isPartOf":{"@id":"https:\/\/now-news.de\/de\/deutschland\/eu-plant-sanktionspaket-gegen-kreml-propagandisten\/"},"author":{"name":"rtnews","@id":"https:\/\/now-news.de\/de\/#\/schema\/person\/fb534a4e865501d8b3285208df34a9b5"},"headline":"EU plant Sanktionspaket gegen &quot;Kreml-Propagandisten&quot;","datePublished":"2024-12-22T11:15:28+00:00","dateModified":"2024-12-22T11:15:28+00:00","mainEntityOfPage":{"@id":"https:\/\/now-news.de\/de\/deutschland\/eu-plant-sanktionspaket-gegen-kreml-propagandisten\/"},"wordCount":276,"commentCount":0,"publisher":{"@id":"https:\/\/now-news.de\/de\/#organization"},"image":{"@id":"https:\/\/now-news.de\/de\/deutschland\/eu-plant-sanktionspaket-gegen-kreml-propagandisten\/#primaryimage"},"thumbnailUrl":"https:\/\/now-news.de\/de\/wp-content\/uploads\/sites\/3\/2024\/12\/EU-plant-Sanktionspaket-gegen-quotKreml-Propagandistenquot.jpg","keywords":["gegen","plant","quotKremlPropagandistenquot","Sanktionspaket"],"articleSection":["Deutschland","Russland"],"inLanguage":"de","potentialAction":[{"@type":"CommentAction","name":"Comment","target":["https:\/\/now-news.de\/de\/deutschland\/eu-plant-sanktionspaket-gegen-kreml-propagandisten\/#respond"]}]},{"@type":"WebPage","@id":"https:\/\/now-news.de\/de\/deutschland\/eu-plant-sanktionspaket-gegen-kreml-propagandisten\/","url":"https:\/\/now-news.de\/de\/deutschland\/eu-plant-sanktionspaket-gegen-kreml-propagandisten\/","name":"EU plant Sanktionspaket gegen &quot;Kreml-Propagandisten&quot; - just-now.NEWS Deutschland","isPartOf":{"@id":"https:\/\/now-news.de\/de\/#website"},"primaryImageOfPage":{"@id":"https:\/\/now-news.de\/de\/deutschland\/eu-plant-sanktionspaket-gegen-kreml-propagandisten\/#primaryimage"},"image":{"@id":"https:\/\/now-news.de\/de\/deutschland\/eu-plant-sanktionspaket-gegen-kreml-propagandisten\/#primaryimage"},"thumbnailUrl":"https:\/\/now-news.de\/de\/wp-content\/uploads\/sites\/3\/2024\/12\/EU-plant-Sanktionspaket-gegen-quotKreml-Propagandistenquot.jpg","datePublished":"2024-12-22T11:15:28+00:00","dateModified":"2024-12-22T11:15:28+00:00","breadcrumb":{"@id":"https:\/\/now-news.de\/de\/deutschland\/eu-plant-sanktionspaket-gegen-kreml-propagandisten\/#breadcrumb"},"inLanguage":"de","potentialAction":[{"@type":"ReadAction","target":["https:\/\/now-news.de\/de\/deutschland\/eu-plant-sanktionspaket-gegen-kreml-propagandisten\/"]}]},{"@type":"ImageObject","inLanguage":"de","@id":"https:\/\/now-news.de\/de\/deutschland\/eu-plant-sanktionspaket-gegen-kreml-propagandisten\/#primaryimage","url":"https:\/\/now-news.de\/de\/wp-content\/uploads\/sites\/3\/2024\/12\/EU-plant-Sanktionspaket-gegen-quotKreml-Propagandistenquot.jpg","contentUrl":"https:\/\/now-news.de\/de\/wp-content\/uploads\/sites\/3\/2024\/12\/EU-plant-Sanktionspaket-gegen-quotKreml-Propagandistenquot.jpg","width":460,"height":259,"caption":"EU plant Sanktionspaket gegen &quot;Kreml-Propagandisten&quot;"},{"@type":"BreadcrumbList","@id":"https:\/\/now-news.de\/de\/deutschland\/eu-plant-sanktionspaket-gegen-kreml-propagandisten\/#breadcrumb","itemListElement":[{"@type":"ListItem","position":1,"name":"Home","item":"https:\/\/now-news.de\/de\/"},{"@type":"ListItem","position":2,"name":"EU plant Sanktionspaket gegen &quot;Kreml-Propagandisten&quot;"}]},{"@type":"WebSite","@id":"https:\/\/now-news.de\/de\/#website","url":"https:\/\/now-news.de\/de\/","name":"just-now.NEWS Deutschland","description":"Das Portal f\u00fcr unzensierte Nachrichten aus der Welt","publisher":{"@id":"https:\/\/now-news.de\/de\/#organization"},"potentialAction":[{"@type":"SearchAction","target":{"@type":"EntryPoint","urlTemplate":"https:\/\/now-news.de\/de\/?s={search_term_string}"},"query-input":"required name=search_term_string"}],"inLanguage":"de"},{"@type":"Organization","@id":"https:\/\/now-news.de\/de\/#organization","name":"Just Now News","url":"https:\/\/now-news.de\/de\/","logo":{"@type":"ImageObject","inLanguage":"de","@id":"https:\/\/now-news.de\/de\/#\/schema\/logo\/image\/","url":"http:\/\/just-now.news\/de\/wp-content\/uploads\/sites\/3\/2022\/04\/logo500x500.jpg","contentUrl":"http:\/\/just-now.news\/de\/wp-content\/uploads\/sites\/3\/2022\/04\/logo500x500.jpg","width":500,"height":500,"caption":"Just Now News"},"image":{"@id":"https:\/\/now-news.de\/de\/#\/schema\/logo\/image\/"},"sameAs":["https:\/\/www.facebook.com\/wirmachenauf","https:\/\/x.com\/WirMachenAuf_de"]},{"@type":"Person","@id":"https:\/\/now-news.de\/de\/#\/schema\/person\/fb534a4e865501d8b3285208df34a9b5","name":"rtnews","image":{"@type":"ImageObject","inLanguage":"de","@id":"https:\/\/now-news.de\/de\/#\/schema\/person\/image\/","url":"https:\/\/secure.gravatar.com\/avatar\/82aafea7d8127119dd649515f56e2117?s=96&d=mm&r=g","contentUrl":"https:\/\/secure.gravatar.com\/avatar\/82aafea7d8127119dd649515f56e2117?s=96&d=mm&r=g","caption":"rtnews"},"url":"https:\/\/now-news.de\/de\/author\/rnews\/"}]}},"_links":{"self":[{"href":"https:\/\/now-news.de\/de\/wp-json\/wp\/v2\/posts\/74974"}],"collection":[{"href":"https:\/\/now-news.de\/de\/wp-json\/wp\/v2\/posts"}],"about":[{"href":"https:\/\/now-news.de\/de\/wp-json\/wp\/v2\/types\/post"}],"author":[{"embeddable":true,"href":"https:\/\/now-news.de\/de\/wp-json\/wp\/v2\/users\/3"}],"replies":[{"embeddable":true,"href":"https:\/\/now-news.de\/de\/wp-json\/wp\/v2\/comments?post=74974"}],"version-history":[{"count":0,"href":"https:\/\/now-news.de\/de\/wp-json\/wp\/v2\/posts\/74974\/revisions"}],"wp:featuredmedia":[{"embeddable":true,"href":"https:\/\/now-news.de\/de\/wp-json\/wp\/v2\/media\/74975"}],"wp:attachment":[{"href":"https:\/\/now-news.de\/de\/wp-json\/wp\/v2\/media?parent=74974"}],"wp:term":[{"taxonomy":"category","embeddable":true,"href":"https:\/\/now-news.de\/de\/wp-json\/wp\/v2\/categories?post=74974"},{"taxonomy":"post_tag","embeddable":true,"href":"https:\/\/now-news.de\/de\/wp-json\/wp\/v2\/tags?post=74974"}],"curies":[{"name":"wp","href":"https:\/\/api.w.org\/{rel}","templated":true}]}}