{"id":74964,"date":"2024-12-22T09:57:11","date_gmt":"2024-12-22T07:57:11","guid":{"rendered":"https:\/\/now-news.de\/de\/deutschland\/tuerkei-syrer-fuer-entscheidung-ueber-russische-stuetzpunkte-verantwortlich\/"},"modified":"2024-12-22T09:57:11","modified_gmt":"2024-12-22T07:57:11","slug":"tuerkei-syrer-fuer-entscheidung-ueber-russische-stuetzpunkte-verantwortlich","status":"publish","type":"post","link":"https:\/\/now-news.de\/de\/deutschland\/tuerkei-syrer-fuer-entscheidung-ueber-russische-stuetzpunkte-verantwortlich\/","title":{"rendered":"T\u00fcrkei: Syrer f\u00fcr Entscheidung \u00fcber russische St\u00fctzpunkte verantwortlich"},"content":{"rendered":"<p><img decoding=\"async\" src=\"https:\/\/now-news.de\/de\/wp-content\/uploads\/sites\/3\/2024\/12\/67670ec448fbef138915dfc1.jpg\" \/><\/p>\n<div class=\"Text-root Text-type_1 \">\n                Ankara unterst\u00fctzt die Pr\u00e4senz ausl\u00e4ndischer Milit\u00e4rst\u00fctzpunkte in Syrien nicht, so der t\u00fcrkische Au\u00dfenminister Hakan Fidan. Gleichzeitig betonte er, dass die endg\u00fcltige Entscheidung \u00fcber russische St\u00fctzpunkte in Hmeimim und Tartus vom syrischen Volk abh\u00e4ngen werde.\n            <\/div>\n<p><\/p>\n<div class=\"Text-root Text-type_5 ArticleView-text ViewText-root \">\n<p>Das Schicksal der russischen St\u00fctzpunkte in Syrien nach dem Sturz des Regimes von Baschar al-Assad sollte von der Bev\u00f6lkerung des Landes entschieden werden, <a rel=\"nofollow noopener\" target=\"_blank\" href=\"https:\/\/de.wikipedia.org\/wiki\/Hakan_Fidan\">behauptete<\/a> der t\u00fcrkische Au\u00dfenminister Hakan Fidan in einem Interview mit <em>France\u00a024<\/em>.<strong><\/strong><\/p>\n<p>Ankara unterst\u00fctzt die Anwesenheit ausl\u00e4ndischer Milit\u00e4rst\u00fctzpunkte in Syrien nicht, erkl\u00e4rte der Minister. Seiner Meinung nach sollten sie abziehen. Fidan <a rel=\"nofollow noopener\" target=\"_blank\" href=\"https:\/\/www.aa.com.tr\/en\/americas\/us-officials-meeting-with-new-syrian-leadership-very-significant-turkish-foreign-minister\/3430933\">f\u00fcgte hinzu<\/a>:<\/p>\n<blockquote>\n<p><em>&#8220;Aber diese [Entscheidung] wird vom syrischen Volk abh\u00e4ngen. Aber im Moment ist Russland dabei, seine Einheiten zu verlegen, und wir wissen nicht, wie viele von ihnen am Ende des Prozesses weiterhin in Syrien bleiben werden.&#8221;<\/em><\/p>\n<\/blockquote>\n<p>Letzte Woche hatte die Nachrichtenagentur <em>Bloomberg<\/em> unter Berufung auf Quellen berichtet, Russland stehe &#8220;kurz vor einer Einigung&#8221; \u00fcber die Beibehaltung der Pr\u00e4senz auf den Luftwaffenst\u00fctzpunkten Hmeimim in Latakia und Tartus. Moskau habe derzeit nicht die Absicht, sein Milit\u00e4r von dort abzuziehen, hie\u00df es\u00a0bei\u00a0<em>Reuters<\/em>.<\/p>\n<p>Der russische Pr\u00e4sidentensprecher Dmitri Peskow erkl\u00e4rte, Moskau stehe mit der neuen F\u00fchrung in Kontakt \u00fcber seine St\u00fctzpunkte in Syrien. Ihm zufolge wird das weitere Schicksal dieser Einrichtungen &#8220;im Laufe des Dialogs bestimmt werden&#8221;.<\/p>\n<p>Wladimir Putin gab diese Woche in einer direkten Ansprache bekannt, dass die russische Seite Partnern angeboten habe, den St\u00fctzpunkt Hmeimim zu nutzen, um humanit\u00e4re Hilfe nach Syrien zu liefern. Er berichtete:<\/p>\n<blockquote>\n<p><em>&#8220;Das Gleiche gilt f\u00fcr den Marinest\u00fctzpunkt in Tartus.&#8221;<\/em><\/p>\n<\/blockquote>\n<p>Putin sagte, Russland unterhalte Kontakte zu allen Gruppen, die die Lage in Syrien kontrollieren, und zu allen L\u00e4ndern in der Region. Der Pr\u00e4sident erkl\u00e4rte:<\/p>\n<blockquote>\n<p><em>&#8220;Eine \u00fcberw\u00e4ltigende Zahl von ihnen sagt uns, dass sie an einem Verbleib unserer Milit\u00e4rbasen in Syrien interessiert w\u00e4ren.&#8221;<\/em><\/p>\n<\/blockquote>\n<p><strong>Mehr zum Thema \u2013\u00a0<\/strong><a rel=\"nofollow noopener\" target=\"_blank\" href=\"https:\/\/freedert.online\/der-nahe-osten\/230041-bericht-russland-zieht-teil-seiner\/\">Bericht: Russland zieht Teil seiner Ausr\u00fcstung aus Syrien ab<\/a><\/p>\n<\/div>\n<p><br \/>\n<br \/><a href=\"https:\/\/de.rt.com\/der-nahe-osten\/230283-tuerkei-syrer-fuer-entscheidung-ueber-russische-stuetzpunkte-verantwortlich\/\">Source link <\/a><\/p>\n","protected":false},"excerpt":{"rendered":"<p>Ankara unterst\u00fctzt die Pr\u00e4senz ausl\u00e4ndischer Milit\u00e4rst\u00fctzpunkte in Syrien nicht, so der t\u00fcrkische Au\u00dfenminister Hakan Fidan. Gleichzeitig betonte er, dass die endg\u00fcltige Entscheidung \u00fcber russische St\u00fctzpunkte in Hmeimim und Tartus vom syrischen Volk abh\u00e4ngen werde. Das Schicksal der russischen St\u00fctzpunkte in Syrien nach dem Sturz des Regimes von Baschar al-Assad sollte von der Bev\u00f6lkerung des Landes [&hellip;]<\/p>\n","protected":false},"author":3,"featured_media":74965,"comment_status":"open","ping_status":"open","sticky":false,"template":"","format":"standard","meta":{"_yoast_indexnow_last_ping":["1734856174"],"wp_automatic_camp":["217"],"84d97cc1506099f111e0e7464354a1f2":["T\u00fcrkei: Syrer f\u00fcr Entscheidung \u00fcber russische St\u00fctzpunkte verantwortlich"],"original_link":["https:\/\/de.rt.com\/der-nahe-osten\/230283-tuerkei-syrer-fuer-entscheidung-ueber-russische-stuetzpunkte-verantwortlich\/"],"_thumbnail_id":["74965"],"jnews_social_counter_last_update":["1777106347"],"_wptgpro_p2tg_sent2tg":["a:1:{i:23737;s:19:\"2024-12-22 10:30:46\";}"]},"categories":[19,23],"tags":[5553,221,570,31669,18074,1897,139,20199],"yoast_head":"<!-- This site is optimized with the Yoast SEO Premium plugin v22.7 (Yoast SEO v22.7) - https:\/\/yoast.com\/wordpress\/plugins\/seo\/ -->\n<title>T\u00fcrkei: Syrer f\u00fcr Entscheidung \u00fcber russische St\u00fctzpunkte verantwortlich - just-now.NEWS Deutschland<\/title>\n<meta name=\"robots\" content=\"index, follow, max-snippet:-1, max-image-preview:large, max-video-preview:-1\" \/>\n<link rel=\"canonical\" href=\"https:\/\/now-news.de\/de\/deutschland\/tuerkei-syrer-fuer-entscheidung-ueber-russische-stuetzpunkte-verantwortlich\/\" \/>\n<meta property=\"og:locale\" content=\"de_DE\" \/>\n<meta property=\"og:type\" content=\"article\" \/>\n<meta property=\"og:title\" content=\"T\u00fcrkei: Syrer f\u00fcr Entscheidung \u00fcber russische St\u00fctzpunkte verantwortlich\" \/>\n<meta property=\"og:description\" content=\"Ankara unterst\u00fctzt die Pr\u00e4senz ausl\u00e4ndischer Milit\u00e4rst\u00fctzpunkte in Syrien nicht, so der t\u00fcrkische Au\u00dfenminister Hakan Fidan. Gleichzeitig betonte er, dass die endg\u00fcltige Entscheidung \u00fcber russische St\u00fctzpunkte in Hmeimim und Tartus vom syrischen Volk abh\u00e4ngen werde. Das Schicksal der russischen St\u00fctzpunkte in Syrien nach dem Sturz des Regimes von Baschar al-Assad sollte von der Bev\u00f6lkerung des Landes [&hellip;]\" \/>\n<meta property=\"og:url\" content=\"https:\/\/now-news.de\/de\/deutschland\/tuerkei-syrer-fuer-entscheidung-ueber-russische-stuetzpunkte-verantwortlich\/\" \/>\n<meta property=\"og:site_name\" content=\"just-now.NEWS Deutschland\" \/>\n<meta property=\"article:publisher\" content=\"https:\/\/www.facebook.com\/wirmachenauf\" \/>\n<meta property=\"article:published_time\" content=\"2024-12-22T07:57:11+00:00\" \/>\n<meta property=\"og:image\" content=\"https:\/\/now-news.de\/de\/wp-content\/uploads\/sites\/3\/2024\/12\/67670ec448fbef138915dfc1.jpg\" \/>\n<meta name=\"author\" content=\"rtnews\" \/>\n<meta name=\"twitter:card\" content=\"summary_large_image\" \/>\n<meta name=\"twitter:creator\" content=\"@WirMachenAuf_de\" \/>\n<meta name=\"twitter:site\" content=\"@WirMachenAuf_de\" \/>\n<meta name=\"twitter:label1\" content=\"Verfasst von\" \/>\n\t<meta name=\"twitter:data1\" content=\"rtnews\" \/>\n\t<meta name=\"twitter:label2\" content=\"Gesch\u00e4tzte Lesezeit\" \/>\n\t<meta name=\"twitter:data2\" content=\"2\u00a0Minuten\" \/>\n<script type=\"application\/ld+json\" class=\"yoast-schema-graph\">{\"@context\":\"https:\/\/schema.org\",\"@graph\":[{\"@type\":\"Article\",\"@id\":\"https:\/\/now-news.de\/de\/deutschland\/tuerkei-syrer-fuer-entscheidung-ueber-russische-stuetzpunkte-verantwortlich\/#article\",\"isPartOf\":{\"@id\":\"https:\/\/now-news.de\/de\/deutschland\/tuerkei-syrer-fuer-entscheidung-ueber-russische-stuetzpunkte-verantwortlich\/\"},\"author\":{\"name\":\"rtnews\",\"@id\":\"https:\/\/now-news.de\/de\/#\/schema\/person\/fb534a4e865501d8b3285208df34a9b5\"},\"headline\":\"T\u00fcrkei: Syrer f\u00fcr Entscheidung \u00fcber russische St\u00fctzpunkte verantwortlich\",\"datePublished\":\"2024-12-22T07:57:11+00:00\",\"dateModified\":\"2024-12-22T07:57:11+00:00\",\"mainEntityOfPage\":{\"@id\":\"https:\/\/now-news.de\/de\/deutschland\/tuerkei-syrer-fuer-entscheidung-ueber-russische-stuetzpunkte-verantwortlich\/\"},\"wordCount\":348,\"commentCount\":0,\"publisher\":{\"@id\":\"https:\/\/now-news.de\/de\/#organization\"},\"image\":{\"@id\":\"https:\/\/now-news.de\/de\/deutschland\/tuerkei-syrer-fuer-entscheidung-ueber-russische-stuetzpunkte-verantwortlich\/#primaryimage\"},\"thumbnailUrl\":\"https:\/\/now-news.de\/de\/wp-content\/uploads\/sites\/3\/2024\/12\/Tuerkei-Syrer-fuer-Entscheidung-ueber-russische-Stuetzpunkte-verantwortlich.jpg\",\"keywords\":[\"Entscheidung\",\"f\u00fcr\",\"Russische\",\"St\u00fctzpunkte\",\"Syrer\",\"T\u00fcrkei\",\"\u00fcber\",\"verantwortlich\"],\"articleSection\":[\"Deutschland\",\"Russland\"],\"inLanguage\":\"de\",\"potentialAction\":[{\"@type\":\"CommentAction\",\"name\":\"Comment\",\"target\":[\"https:\/\/now-news.de\/de\/deutschland\/tuerkei-syrer-fuer-entscheidung-ueber-russische-stuetzpunkte-verantwortlich\/#respond\"]}]},{\"@type\":\"WebPage\",\"@id\":\"https:\/\/now-news.de\/de\/deutschland\/tuerkei-syrer-fuer-entscheidung-ueber-russische-stuetzpunkte-verantwortlich\/\",\"url\":\"https:\/\/now-news.de\/de\/deutschland\/tuerkei-syrer-fuer-entscheidung-ueber-russische-stuetzpunkte-verantwortlich\/\",\"name\":\"T\u00fcrkei: Syrer f\u00fcr Entscheidung \u00fcber russische St\u00fctzpunkte verantwortlich - just-now.NEWS Deutschland\",\"isPartOf\":{\"@id\":\"https:\/\/now-news.de\/de\/#website\"},\"primaryImageOfPage\":{\"@id\":\"https:\/\/now-news.de\/de\/deutschland\/tuerkei-syrer-fuer-entscheidung-ueber-russische-stuetzpunkte-verantwortlich\/#primaryimage\"},\"image\":{\"@id\":\"https:\/\/now-news.de\/de\/deutschland\/tuerkei-syrer-fuer-entscheidung-ueber-russische-stuetzpunkte-verantwortlich\/#primaryimage\"},\"thumbnailUrl\":\"https:\/\/now-news.de\/de\/wp-content\/uploads\/sites\/3\/2024\/12\/Tuerkei-Syrer-fuer-Entscheidung-ueber-russische-Stuetzpunkte-verantwortlich.jpg\",\"datePublished\":\"2024-12-22T07:57:11+00:00\",\"dateModified\":\"2024-12-22T07:57:11+00:00\",\"breadcrumb\":{\"@id\":\"https:\/\/now-news.de\/de\/deutschland\/tuerkei-syrer-fuer-entscheidung-ueber-russische-stuetzpunkte-verantwortlich\/#breadcrumb\"},\"inLanguage\":\"de\",\"potentialAction\":[{\"@type\":\"ReadAction\",\"target\":[\"https:\/\/now-news.de\/de\/deutschland\/tuerkei-syrer-fuer-entscheidung-ueber-russische-stuetzpunkte-verantwortlich\/\"]}]},{\"@type\":\"ImageObject\",\"inLanguage\":\"de\",\"@id\":\"https:\/\/now-news.de\/de\/deutschland\/tuerkei-syrer-fuer-entscheidung-ueber-russische-stuetzpunkte-verantwortlich\/#primaryimage\",\"url\":\"https:\/\/now-news.de\/de\/wp-content\/uploads\/sites\/3\/2024\/12\/Tuerkei-Syrer-fuer-Entscheidung-ueber-russische-Stuetzpunkte-verantwortlich.jpg\",\"contentUrl\":\"https:\/\/now-news.de\/de\/wp-content\/uploads\/sites\/3\/2024\/12\/Tuerkei-Syrer-fuer-Entscheidung-ueber-russische-Stuetzpunkte-verantwortlich.jpg\",\"width\":460,\"height\":259,\"caption\":\"T\u00fcrkei: Syrer f\u00fcr Entscheidung \u00fcber russische St\u00fctzpunkte verantwortlich\"},{\"@type\":\"BreadcrumbList\",\"@id\":\"https:\/\/now-news.de\/de\/deutschland\/tuerkei-syrer-fuer-entscheidung-ueber-russische-stuetzpunkte-verantwortlich\/#breadcrumb\",\"itemListElement\":[{\"@type\":\"ListItem\",\"position\":1,\"name\":\"Home\",\"item\":\"https:\/\/now-news.de\/de\/\"},{\"@type\":\"ListItem\",\"position\":2,\"name\":\"T\u00fcrkei: Syrer f\u00fcr Entscheidung \u00fcber russische St\u00fctzpunkte verantwortlich\"}]},{\"@type\":\"WebSite\",\"@id\":\"https:\/\/now-news.de\/de\/#website\",\"url\":\"https:\/\/now-news.de\/de\/\",\"name\":\"just-now.NEWS Deutschland\",\"description\":\"Das Portal f\u00fcr unzensierte Nachrichten aus der Welt\",\"publisher\":{\"@id\":\"https:\/\/now-news.de\/de\/#organization\"},\"potentialAction\":[{\"@type\":\"SearchAction\",\"target\":{\"@type\":\"EntryPoint\",\"urlTemplate\":\"https:\/\/now-news.de\/de\/?s={search_term_string}\"},\"query-input\":\"required name=search_term_string\"}],\"inLanguage\":\"de\"},{\"@type\":\"Organization\",\"@id\":\"https:\/\/now-news.de\/de\/#organization\",\"name\":\"Just Now News\",\"url\":\"https:\/\/now-news.de\/de\/\",\"logo\":{\"@type\":\"ImageObject\",\"inLanguage\":\"de\",\"@id\":\"https:\/\/now-news.de\/de\/#\/schema\/logo\/image\/\",\"url\":\"http:\/\/just-now.news\/de\/wp-content\/uploads\/sites\/3\/2022\/04\/logo500x500.jpg\",\"contentUrl\":\"http:\/\/just-now.news\/de\/wp-content\/uploads\/sites\/3\/2022\/04\/logo500x500.jpg\",\"width\":500,\"height\":500,\"caption\":\"Just Now News\"},\"image\":{\"@id\":\"https:\/\/now-news.de\/de\/#\/schema\/logo\/image\/\"},\"sameAs\":[\"https:\/\/www.facebook.com\/wirmachenauf\",\"https:\/\/x.com\/WirMachenAuf_de\"]},{\"@type\":\"Person\",\"@id\":\"https:\/\/now-news.de\/de\/#\/schema\/person\/fb534a4e865501d8b3285208df34a9b5\",\"name\":\"rtnews\",\"image\":{\"@type\":\"ImageObject\",\"inLanguage\":\"de\",\"@id\":\"https:\/\/now-news.de\/de\/#\/schema\/person\/image\/\",\"url\":\"https:\/\/secure.gravatar.com\/avatar\/82aafea7d8127119dd649515f56e2117?s=96&d=mm&r=g\",\"contentUrl\":\"https:\/\/secure.gravatar.com\/avatar\/82aafea7d8127119dd649515f56e2117?s=96&d=mm&r=g\",\"caption\":\"rtnews\"},\"url\":\"https:\/\/now-news.de\/de\/author\/rnews\/\"}]}<\/script>\n<!-- \/ Yoast SEO Premium plugin. -->","yoast_head_json":{"title":"T\u00fcrkei: Syrer f\u00fcr Entscheidung \u00fcber russische St\u00fctzpunkte verantwortlich - just-now.NEWS Deutschland","robots":{"index":"index","follow":"follow","max-snippet":"max-snippet:-1","max-image-preview":"max-image-preview:large","max-video-preview":"max-video-preview:-1"},"canonical":"https:\/\/now-news.de\/de\/deutschland\/tuerkei-syrer-fuer-entscheidung-ueber-russische-stuetzpunkte-verantwortlich\/","og_locale":"de_DE","og_type":"article","og_title":"T\u00fcrkei: Syrer f\u00fcr Entscheidung \u00fcber russische St\u00fctzpunkte verantwortlich","og_description":"Ankara unterst\u00fctzt die Pr\u00e4senz ausl\u00e4ndischer Milit\u00e4rst\u00fctzpunkte in Syrien nicht, so der t\u00fcrkische Au\u00dfenminister Hakan Fidan. Gleichzeitig betonte er, dass die endg\u00fcltige Entscheidung \u00fcber russische St\u00fctzpunkte in Hmeimim und Tartus vom syrischen Volk abh\u00e4ngen werde. Das Schicksal der russischen St\u00fctzpunkte in Syrien nach dem Sturz des Regimes von Baschar al-Assad sollte von der Bev\u00f6lkerung des Landes [&hellip;]","og_url":"https:\/\/now-news.de\/de\/deutschland\/tuerkei-syrer-fuer-entscheidung-ueber-russische-stuetzpunkte-verantwortlich\/","og_site_name":"just-now.NEWS Deutschland","article_publisher":"https:\/\/www.facebook.com\/wirmachenauf","article_published_time":"2024-12-22T07:57:11+00:00","og_image":[{"url":"https:\/\/now-news.de\/de\/wp-content\/uploads\/sites\/3\/2024\/12\/67670ec448fbef138915dfc1.jpg"}],"author":"rtnews","twitter_card":"summary_large_image","twitter_creator":"@WirMachenAuf_de","twitter_site":"@WirMachenAuf_de","twitter_misc":{"Verfasst von":"rtnews","Gesch\u00e4tzte Lesezeit":"2\u00a0Minuten"},"schema":{"@context":"https:\/\/schema.org","@graph":[{"@type":"Article","@id":"https:\/\/now-news.de\/de\/deutschland\/tuerkei-syrer-fuer-entscheidung-ueber-russische-stuetzpunkte-verantwortlich\/#article","isPartOf":{"@id":"https:\/\/now-news.de\/de\/deutschland\/tuerkei-syrer-fuer-entscheidung-ueber-russische-stuetzpunkte-verantwortlich\/"},"author":{"name":"rtnews","@id":"https:\/\/now-news.de\/de\/#\/schema\/person\/fb534a4e865501d8b3285208df34a9b5"},"headline":"T\u00fcrkei: Syrer f\u00fcr Entscheidung \u00fcber russische St\u00fctzpunkte verantwortlich","datePublished":"2024-12-22T07:57:11+00:00","dateModified":"2024-12-22T07:57:11+00:00","mainEntityOfPage":{"@id":"https:\/\/now-news.de\/de\/deutschland\/tuerkei-syrer-fuer-entscheidung-ueber-russische-stuetzpunkte-verantwortlich\/"},"wordCount":348,"commentCount":0,"publisher":{"@id":"https:\/\/now-news.de\/de\/#organization"},"image":{"@id":"https:\/\/now-news.de\/de\/deutschland\/tuerkei-syrer-fuer-entscheidung-ueber-russische-stuetzpunkte-verantwortlich\/#primaryimage"},"thumbnailUrl":"https:\/\/now-news.de\/de\/wp-content\/uploads\/sites\/3\/2024\/12\/Tuerkei-Syrer-fuer-Entscheidung-ueber-russische-Stuetzpunkte-verantwortlich.jpg","keywords":["Entscheidung","f\u00fcr","Russische","St\u00fctzpunkte","Syrer","T\u00fcrkei","\u00fcber","verantwortlich"],"articleSection":["Deutschland","Russland"],"inLanguage":"de","potentialAction":[{"@type":"CommentAction","name":"Comment","target":["https:\/\/now-news.de\/de\/deutschland\/tuerkei-syrer-fuer-entscheidung-ueber-russische-stuetzpunkte-verantwortlich\/#respond"]}]},{"@type":"WebPage","@id":"https:\/\/now-news.de\/de\/deutschland\/tuerkei-syrer-fuer-entscheidung-ueber-russische-stuetzpunkte-verantwortlich\/","url":"https:\/\/now-news.de\/de\/deutschland\/tuerkei-syrer-fuer-entscheidung-ueber-russische-stuetzpunkte-verantwortlich\/","name":"T\u00fcrkei: Syrer f\u00fcr Entscheidung \u00fcber russische St\u00fctzpunkte verantwortlich - just-now.NEWS Deutschland","isPartOf":{"@id":"https:\/\/now-news.de\/de\/#website"},"primaryImageOfPage":{"@id":"https:\/\/now-news.de\/de\/deutschland\/tuerkei-syrer-fuer-entscheidung-ueber-russische-stuetzpunkte-verantwortlich\/#primaryimage"},"image":{"@id":"https:\/\/now-news.de\/de\/deutschland\/tuerkei-syrer-fuer-entscheidung-ueber-russische-stuetzpunkte-verantwortlich\/#primaryimage"},"thumbnailUrl":"https:\/\/now-news.de\/de\/wp-content\/uploads\/sites\/3\/2024\/12\/Tuerkei-Syrer-fuer-Entscheidung-ueber-russische-Stuetzpunkte-verantwortlich.jpg","datePublished":"2024-12-22T07:57:11+00:00","dateModified":"2024-12-22T07:57:11+00:00","breadcrumb":{"@id":"https:\/\/now-news.de\/de\/deutschland\/tuerkei-syrer-fuer-entscheidung-ueber-russische-stuetzpunkte-verantwortlich\/#breadcrumb"},"inLanguage":"de","potentialAction":[{"@type":"ReadAction","target":["https:\/\/now-news.de\/de\/deutschland\/tuerkei-syrer-fuer-entscheidung-ueber-russische-stuetzpunkte-verantwortlich\/"]}]},{"@type":"ImageObject","inLanguage":"de","@id":"https:\/\/now-news.de\/de\/deutschland\/tuerkei-syrer-fuer-entscheidung-ueber-russische-stuetzpunkte-verantwortlich\/#primaryimage","url":"https:\/\/now-news.de\/de\/wp-content\/uploads\/sites\/3\/2024\/12\/Tuerkei-Syrer-fuer-Entscheidung-ueber-russische-Stuetzpunkte-verantwortlich.jpg","contentUrl":"https:\/\/now-news.de\/de\/wp-content\/uploads\/sites\/3\/2024\/12\/Tuerkei-Syrer-fuer-Entscheidung-ueber-russische-Stuetzpunkte-verantwortlich.jpg","width":460,"height":259,"caption":"T\u00fcrkei: Syrer f\u00fcr Entscheidung \u00fcber russische St\u00fctzpunkte verantwortlich"},{"@type":"BreadcrumbList","@id":"https:\/\/now-news.de\/de\/deutschland\/tuerkei-syrer-fuer-entscheidung-ueber-russische-stuetzpunkte-verantwortlich\/#breadcrumb","itemListElement":[{"@type":"ListItem","position":1,"name":"Home","item":"https:\/\/now-news.de\/de\/"},{"@type":"ListItem","position":2,"name":"T\u00fcrkei: Syrer f\u00fcr Entscheidung \u00fcber russische St\u00fctzpunkte verantwortlich"}]},{"@type":"WebSite","@id":"https:\/\/now-news.de\/de\/#website","url":"https:\/\/now-news.de\/de\/","name":"just-now.NEWS Deutschland","description":"Das Portal f\u00fcr unzensierte Nachrichten aus der Welt","publisher":{"@id":"https:\/\/now-news.de\/de\/#organization"},"potentialAction":[{"@type":"SearchAction","target":{"@type":"EntryPoint","urlTemplate":"https:\/\/now-news.de\/de\/?s={search_term_string}"},"query-input":"required name=search_term_string"}],"inLanguage":"de"},{"@type":"Organization","@id":"https:\/\/now-news.de\/de\/#organization","name":"Just Now News","url":"https:\/\/now-news.de\/de\/","logo":{"@type":"ImageObject","inLanguage":"de","@id":"https:\/\/now-news.de\/de\/#\/schema\/logo\/image\/","url":"http:\/\/just-now.news\/de\/wp-content\/uploads\/sites\/3\/2022\/04\/logo500x500.jpg","contentUrl":"http:\/\/just-now.news\/de\/wp-content\/uploads\/sites\/3\/2022\/04\/logo500x500.jpg","width":500,"height":500,"caption":"Just Now News"},"image":{"@id":"https:\/\/now-news.de\/de\/#\/schema\/logo\/image\/"},"sameAs":["https:\/\/www.facebook.com\/wirmachenauf","https:\/\/x.com\/WirMachenAuf_de"]},{"@type":"Person","@id":"https:\/\/now-news.de\/de\/#\/schema\/person\/fb534a4e865501d8b3285208df34a9b5","name":"rtnews","image":{"@type":"ImageObject","inLanguage":"de","@id":"https:\/\/now-news.de\/de\/#\/schema\/person\/image\/","url":"https:\/\/secure.gravatar.com\/avatar\/82aafea7d8127119dd649515f56e2117?s=96&d=mm&r=g","contentUrl":"https:\/\/secure.gravatar.com\/avatar\/82aafea7d8127119dd649515f56e2117?s=96&d=mm&r=g","caption":"rtnews"},"url":"https:\/\/now-news.de\/de\/author\/rnews\/"}]}},"_links":{"self":[{"href":"https:\/\/now-news.de\/de\/wp-json\/wp\/v2\/posts\/74964"}],"collection":[{"href":"https:\/\/now-news.de\/de\/wp-json\/wp\/v2\/posts"}],"about":[{"href":"https:\/\/now-news.de\/de\/wp-json\/wp\/v2\/types\/post"}],"author":[{"embeddable":true,"href":"https:\/\/now-news.de\/de\/wp-json\/wp\/v2\/users\/3"}],"replies":[{"embeddable":true,"href":"https:\/\/now-news.de\/de\/wp-json\/wp\/v2\/comments?post=74964"}],"version-history":[{"count":0,"href":"https:\/\/now-news.de\/de\/wp-json\/wp\/v2\/posts\/74964\/revisions"}],"wp:featuredmedia":[{"embeddable":true,"href":"https:\/\/now-news.de\/de\/wp-json\/wp\/v2\/media\/74965"}],"wp:attachment":[{"href":"https:\/\/now-news.de\/de\/wp-json\/wp\/v2\/media?parent=74964"}],"wp:term":[{"taxonomy":"category","embeddable":true,"href":"https:\/\/now-news.de\/de\/wp-json\/wp\/v2\/categories?post=74964"},{"taxonomy":"post_tag","embeddable":true,"href":"https:\/\/now-news.de\/de\/wp-json\/wp\/v2\/tags?post=74964"}],"curies":[{"name":"wp","href":"https:\/\/api.w.org\/{rel}","templated":true}]}}