{"id":74943,"date":"2024-12-21T20:47:18","date_gmt":"2024-12-21T18:47:18","guid":{"rendered":"https:\/\/now-news.de\/de\/deutschland\/fpoe-kickl-zu-magdeburg-es-ist-der-pure-wahnsinn\/"},"modified":"2024-12-21T20:47:18","modified_gmt":"2024-12-21T18:47:18","slug":"fpoe-kickl-zu-magdeburg-es-ist-der-pure-wahnsinn","status":"publish","type":"post","link":"https:\/\/now-news.de\/de\/deutschland\/fpoe-kickl-zu-magdeburg-es-ist-der-pure-wahnsinn\/","title":{"rendered":"FP\u00d6-Kickl zu Magdeburg: &quot;Es ist der pure Wahnsinn!&quot;"},"content":{"rendered":"<div class=\"Text-root Text-type_1 \">\n                Der FP\u00d6-Chef hat nach dem Terroranschlag von Magdeburg die &#8220;Willkommenspolitik&#8221; der letzten Jahre scharf kritisiert. Er wirft der Politik vor, durch eine zu liberale Asyl- und Einwanderungspolitik die Sicherheit der Bev\u00f6lkerung zu gef\u00e4hrden.\n            <\/div>\n<p><\/p>\n<div class=\"Text-root Text-type_5 ArticleView-text ViewText-root \">\n<p>Nach dem Terroranschlag auf den Weihnachtsmarkt in Magdeburg mit mindestens\u00a0f\u00fcnf Toten, darunter ein Kleinkind, und Dutzenden Verletzten meldet sich FP\u00d6-Chef Herbert Kickl mit scharfer Kritik an der &#8220;Willkommenspolitik&#8221; der letzten Jahre zu Wort.<\/p>\n<p>&#8220;Es fehlen einem die Worte&#8221;, schreibt Kickl auf Facebook.<\/p>\n<blockquote>\n<p><em>&#8220;Auch wenn die Situation noch undurchsichtig ist, k\u00f6nnen wir alle erahnen, aus welchem Umfeld der T\u00e4ter stammt. Seit 2015 sind wir laufend mit islamistischem Terror konfrontiert.&#8221;<\/em><\/p>\n<\/blockquote>\n<p>Der mutma\u00dfliche T\u00e4ter des Anschlags auf dem Weihnachtsmarkt in Magdeburg ist ein 50-j\u00e4hriger Arzt aus Saudi-Arabien, der seit 2006 in Deutschland lebt. Taleb al-Abdulmohsen, ein Ex-Muslim und Islamkritiker, wurde nach dem Vorfall festgenommen.<\/p>\n<p>Er arbeitete als Facharzt f\u00fcr Psychiatrie und Psychotherapie im Klinikum Bernburg. Al-Abdulmohsen hatte in sozialen Medien seine Ablehnung des Islam und seine Kritik an der deutschen Einwanderungspolitik ge\u00e4u\u00dfert.<\/p>\n<figure class=\"RTImage-root\">\n<div class=\"RTImage-image RTImage-original\"><picture class=\"Picture-root Picture-original\"><!--[if IE 9]><video style=\"display: none;\"><![endif]--><source media=\"(-webkit-min-device-pixel-ratio: 2) and (min-resolution: 120dpi)\" data-srcset=\" \nhttps:\/\/now-news.de\/de\/wp-content\/uploads\/sites\/3\/2024\/12\/6766e0a248fbef754271e646.png 850w,\n                https:\/\/now-news.de\/de\/wp-content\/uploads\/sites\/3\/2024\/12\/6766e0a248fbef754271e646.png 1960w,            \" ><source data-srcset=\" \nhttps:\/\/now-news.de\/de\/wp-content\/uploads\/sites\/3\/2024\/12\/6766e0a248fbef754271e646.png 460w,\n              https:\/\/now-news.de\/de\/wp-content\/uploads\/sites\/3\/2024\/12\/6766e0a248fbef754271e646.png 980w,\n            \" ><!--[if IE 9]><\/video><![endif]--><img decoding=\"async\" data- src=\"data:image\/png;base64,iVBORw0KGgoAAAANSUhEUgAAABAAAAAJCAQAAACRI2S5AAAAEElEQVR42mNkIAAYRxWAAQAG9gAKqv6+AwAAAABJRU5ErkJggg==\" class=\"Picture-root Picture-original lazyload\" data-src=\"https:\/\/now-news.de\/de\/wp-content\/uploads\/sites\/3\/2024\/12\/6766e0a248fbef754271e646.png\" alt=\"\"><\/source><\/source><\/picture><!-- noscript pattern --><noscript><img decoding=\"async\" src=\"https:\/\/now-news.de\/de\/wp-content\/uploads\/sites\/3\/2024\/12\/6766e0a248fbef754271e646.png\" alt=\"\"><\/noscript><\/div><figcaption class=\"RTImage-footer\"><span class=\"RTImage-caption\"><\/span><span class=\"RTImage-source\"><a rel=\"nofollow noopener\" target=\"_blank\" class=\"RTImage-captionItem Link-root\" href=\"https:\/\/www.facebook.com\/privacy\/consent\/?flow=ad_free_subscription&amp;params%5Bafs_variant%5D=first_time&amp;params%5Bgcl_experience_id%5D=c9452245-99b5-4cf4-9846-393b1bd3f35e&amp;source=ad_free_subscription_blocking_flow\">Printscreen: Facebook<\/a><\/span><\/figcaption><\/figure>\n<p>Saudi-Arabien hatte die deutschen Beh\u00f6rden mehrfach vor al-Abdulmohsen gewarnt, jedoch ohne, dass Ma\u00dfnahmen ergriffen wurden.<\/p>\n<p>Kickl fragt weiter:<\/p>\n<blockquote>\n<p><em>&#8220;Was muss eigentlich noch alles passieren? Wie viele Anschl\u00e4ge braucht es noch? Und wenn nun die Sicherheit des Landes in die H\u00e4nde einer Verlierer-Ampel gelegt wird, ist zu bef\u00fcrchten, dass alles sogar noch schlimmer wird.&#8221;<\/em><\/p>\n<\/blockquote>\n<p>Sachsen-Anhalts Ministerpr\u00e4sident Reiner Haseloff (CDU) \u00e4u\u00dferte sich betroffen \u00fcber den Vorfall: &#8220;Das ist ein schwarzer Tag f\u00fcr unser Land.&#8221;<\/p>\n<p>Der Anschlag l\u00f6st international Entsetzen aus und wirft erneut Fragen nach Sicherheitskonzepten und gesellschaftlichen Spannungen auf.<\/p>\n<p>Die Ermittlungen dauern an, um das genaue Motiv des T\u00e4ters zu kl\u00e4ren.<\/p>\n<p><strong>Mehr zum Thema<em> \u2013\u00a0<\/em><\/strong><a rel=\"nofollow noopener\" target=\"_blank\" href=\"https:\/\/freedert.online\/kurzclips\/video\/230224-totales-chaos-verletzte-und-todesopfer\/\">&#8220;Totales Chaos&#8221;: Verletzte und Todesopfer auf dem Weihnachtsmarkt in Magdeburg<\/a><\/p>\n<div class=\"EmbedBlock-root EmbedBlock-externalVideo EmbedBlock-rumble\">\n<div class=\"VkEmbed\"><iframe class=\"lazyload\" data-src=\"https:\/\/rumble.com\/embed\/v5z8gre\" frameborder=\"0\" width=\"853\" height=\"480\" allowfullscreen><\/iframe><\/div>\n<\/div>\n<\/div>\n<p><br \/>\n<br \/><a href=\"https:\/\/de.rt.com\/oesterreich\/230272-fpoe-kickl-es-ist-der-pure-wahnsinn\/\">Source link <\/a><\/p>\n","protected":false},"excerpt":{"rendered":"<p>Der FP\u00d6-Chef hat nach dem Terroranschlag von Magdeburg die &#8220;Willkommenspolitik&#8221; der letzten Jahre scharf kritisiert. Er wirft der Politik vor, durch eine zu liberale Asyl- und Einwanderungspolitik die Sicherheit der Bev\u00f6lkerung zu gef\u00e4hrden. Nach dem Terroranschlag auf den Weihnachtsmarkt in Magdeburg mit mindestens\u00a0f\u00fcnf Toten, darunter ein Kleinkind, und Dutzenden Verletzten meldet sich FP\u00d6-Chef Herbert Kickl [&hellip;]<\/p>\n","protected":false},"author":3,"featured_media":74944,"comment_status":"open","ping_status":"open","sticky":false,"template":"","format":"standard","meta":{"_yoast_indexnow_last_ping":["1734807458"],"wp_automatic_camp":["217"],"22dcbc22b30eb3db7d7b788270d7c638":["FP\u00d6-Kickl zu Magdeburg: &quot;Es ist der pure Wahnsinn!&quot;"],"original_link":["https:\/\/de.rt.com\/oesterreich\/230272-fpoe-kickl-es-ist-der-pure-wahnsinn\/"],"_thumbnail_id":["74944"],"_wptgpro_p2tg_sent2tg":["a:1:{i:23737;s:19:\"2024-12-21 20:58:53\";}"],"jnews_social_counter_last_update":["1788541395"]},"categories":[19,23],"tags":[82,61205,414,40441,20291,19377,61206],"class_list":["post-74943","post","type-post","status-publish","format-standard","has-post-thumbnail","hentry","category-deutschland","category-russland","tag-der","tag-fpoekickl","tag-ist","tag-magdeburg","tag-pure","tag-quotes","tag-wahnsinnquot"],"yoast_head":"<!-- This site is optimized with the Yoast SEO Premium plugin v22.7 (Yoast SEO v28.2) - https:\/\/yoast.com\/product\/yoast-seo-premium-wordpress\/ -->\n<title>FP\u00d6-Kickl zu Magdeburg: &quot;Es ist der pure Wahnsinn!&quot; - just-now.NEWS Deutschland<\/title>\n<meta name=\"robots\" content=\"index, follow, max-snippet:-1, max-image-preview:large, max-video-preview:-1\" \/>\n<link rel=\"canonical\" href=\"https:\/\/now-news.de\/de\/deutschland\/fpoe-kickl-zu-magdeburg-es-ist-der-pure-wahnsinn\/\" \/>\n<meta property=\"og:locale\" content=\"de_DE\" \/>\n<meta property=\"og:type\" content=\"article\" \/>\n<meta property=\"og:title\" content=\"FP\u00d6-Kickl zu Magdeburg: &quot;Es ist der pure Wahnsinn!&quot;\" \/>\n<meta property=\"og:description\" content=\"Der FP\u00d6-Chef hat nach dem Terroranschlag von Magdeburg die &#8220;Willkommenspolitik&#8221; der letzten Jahre scharf kritisiert. Er wirft der Politik vor, durch eine zu liberale Asyl- und Einwanderungspolitik die Sicherheit der Bev\u00f6lkerung zu gef\u00e4hrden. Nach dem Terroranschlag auf den Weihnachtsmarkt in Magdeburg mit mindestens\u00a0f\u00fcnf Toten, darunter ein Kleinkind, und Dutzenden Verletzten meldet sich FP\u00d6-Chef Herbert Kickl [&hellip;]\" \/>\n<meta property=\"og:url\" content=\"https:\/\/now-news.de\/de\/deutschland\/fpoe-kickl-zu-magdeburg-es-ist-der-pure-wahnsinn\/\" \/>\n<meta property=\"og:site_name\" content=\"just-now.NEWS Deutschland\" \/>\n<meta property=\"article:publisher\" content=\"https:\/\/www.facebook.com\/wirmachenauf\" \/>\n<meta property=\"article:published_time\" content=\"2024-12-21T18:47:18+00:00\" \/>\n<meta property=\"og:image\" content=\"https:\/\/now-news.de\/de\/wp-content\/uploads\/sites\/3\/2024\/12\/6766e0a248fbef754271e646.png\" \/>\n<meta name=\"author\" content=\"rtnews\" \/>\n<meta name=\"twitter:card\" content=\"summary_large_image\" \/>\n<meta name=\"twitter:creator\" content=\"@WirMachenAuf_de\" \/>\n<meta name=\"twitter:site\" content=\"@WirMachenAuf_de\" \/>\n<meta name=\"twitter:label1\" content=\"Verfasst von\" \/>\n\t<meta name=\"twitter:data1\" content=\"rtnews\" \/>\n\t<meta name=\"twitter:label2\" content=\"Gesch\u00e4tzte Lesezeit\" \/>\n\t<meta name=\"twitter:data2\" content=\"2\u00a0Minuten\" \/>\n<script type=\"application\/ld+json\" class=\"yoast-schema-graph\">{\"@context\":\"https:\\\/\\\/schema.org\",\"@graph\":[{\"@type\":\"Article\",\"@id\":\"https:\\\/\\\/now-news.de\\\/de\\\/deutschland\\\/fpoe-kickl-zu-magdeburg-es-ist-der-pure-wahnsinn\\\/#article\",\"isPartOf\":{\"@id\":\"https:\\\/\\\/now-news.de\\\/de\\\/deutschland\\\/fpoe-kickl-zu-magdeburg-es-ist-der-pure-wahnsinn\\\/\"},\"author\":{\"name\":\"rtnews\",\"@id\":\"https:\\\/\\\/now-news.de\\\/de\\\/#\\\/schema\\\/person\\\/fb534a4e865501d8b3285208df34a9b5\"},\"headline\":\"FP\u00d6-Kickl zu Magdeburg: &quot;Es ist der pure Wahnsinn!&quot;\",\"datePublished\":\"2024-12-21T18:47:18+00:00\",\"mainEntityOfPage\":{\"@id\":\"https:\\\/\\\/now-news.de\\\/de\\\/deutschland\\\/fpoe-kickl-zu-magdeburg-es-ist-der-pure-wahnsinn\\\/\"},\"wordCount\":314,\"commentCount\":0,\"publisher\":{\"@id\":\"https:\\\/\\\/now-news.de\\\/de\\\/#organization\"},\"image\":{\"@id\":\"https:\\\/\\\/now-news.de\\\/de\\\/deutschland\\\/fpoe-kickl-zu-magdeburg-es-ist-der-pure-wahnsinn\\\/#primaryimage\"},\"thumbnailUrl\":\"https:\\\/\\\/now-news.de\\\/de\\\/wp-content\\\/uploads\\\/sites\\\/3\\\/2024\\\/12\\\/FPOe-Kickl-zu-Magdeburg-quotEs-ist-der-pure-Wahnsinnquot.png\",\"keywords\":[\"der\",\"FP\u00d6Kickl\",\"ist\",\"Magdeburg\",\"PURE\",\"quotEs\",\"Wahnsinnquot\"],\"articleSection\":[\"Deutschland\",\"Russland\"],\"inLanguage\":\"de\",\"potentialAction\":[{\"@type\":\"CommentAction\",\"name\":\"Comment\",\"target\":[\"https:\\\/\\\/now-news.de\\\/de\\\/deutschland\\\/fpoe-kickl-zu-magdeburg-es-ist-der-pure-wahnsinn\\\/#respond\"]}]},{\"@type\":\"WebPage\",\"@id\":\"https:\\\/\\\/now-news.de\\\/de\\\/deutschland\\\/fpoe-kickl-zu-magdeburg-es-ist-der-pure-wahnsinn\\\/\",\"url\":\"https:\\\/\\\/now-news.de\\\/de\\\/deutschland\\\/fpoe-kickl-zu-magdeburg-es-ist-der-pure-wahnsinn\\\/\",\"name\":\"FP\u00d6-Kickl zu Magdeburg: &quot;Es ist der pure Wahnsinn!&quot; - just-now.NEWS Deutschland\",\"isPartOf\":{\"@id\":\"https:\\\/\\\/now-news.de\\\/de\\\/#website\"},\"primaryImageOfPage\":{\"@id\":\"https:\\\/\\\/now-news.de\\\/de\\\/deutschland\\\/fpoe-kickl-zu-magdeburg-es-ist-der-pure-wahnsinn\\\/#primaryimage\"},\"image\":{\"@id\":\"https:\\\/\\\/now-news.de\\\/de\\\/deutschland\\\/fpoe-kickl-zu-magdeburg-es-ist-der-pure-wahnsinn\\\/#primaryimage\"},\"thumbnailUrl\":\"https:\\\/\\\/now-news.de\\\/de\\\/wp-content\\\/uploads\\\/sites\\\/3\\\/2024\\\/12\\\/FPOe-Kickl-zu-Magdeburg-quotEs-ist-der-pure-Wahnsinnquot.png\",\"datePublished\":\"2024-12-21T18:47:18+00:00\",\"breadcrumb\":{\"@id\":\"https:\\\/\\\/now-news.de\\\/de\\\/deutschland\\\/fpoe-kickl-zu-magdeburg-es-ist-der-pure-wahnsinn\\\/#breadcrumb\"},\"inLanguage\":\"de\",\"potentialAction\":[{\"@type\":\"ReadAction\",\"target\":[\"https:\\\/\\\/now-news.de\\\/de\\\/deutschland\\\/fpoe-kickl-zu-magdeburg-es-ist-der-pure-wahnsinn\\\/\"]}]},{\"@type\":\"ImageObject\",\"inLanguage\":\"de\",\"@id\":\"https:\\\/\\\/now-news.de\\\/de\\\/deutschland\\\/fpoe-kickl-zu-magdeburg-es-ist-der-pure-wahnsinn\\\/#primaryimage\",\"url\":\"https:\\\/\\\/now-news.de\\\/de\\\/wp-content\\\/uploads\\\/sites\\\/3\\\/2024\\\/12\\\/FPOe-Kickl-zu-Magdeburg-quotEs-ist-der-pure-Wahnsinnquot.png\",\"contentUrl\":\"https:\\\/\\\/now-news.de\\\/de\\\/wp-content\\\/uploads\\\/sites\\\/3\\\/2024\\\/12\\\/FPOe-Kickl-zu-Magdeburg-quotEs-ist-der-pure-Wahnsinnquot.png\",\"width\":979,\"height\":1080,\"caption\":\"FP\u00d6-Kickl zu Magdeburg: &quot;Es ist der pure Wahnsinn!&quot;\"},{\"@type\":\"BreadcrumbList\",\"@id\":\"https:\\\/\\\/now-news.de\\\/de\\\/deutschland\\\/fpoe-kickl-zu-magdeburg-es-ist-der-pure-wahnsinn\\\/#breadcrumb\",\"itemListElement\":[{\"@type\":\"ListItem\",\"position\":1,\"name\":\"Home\",\"item\":\"https:\\\/\\\/now-news.de\\\/de\\\/\"},{\"@type\":\"ListItem\",\"position\":2,\"name\":\"FP\u00d6-Kickl zu Magdeburg: &quot;Es ist der pure Wahnsinn!&quot;\"}]},{\"@type\":\"WebSite\",\"@id\":\"https:\\\/\\\/now-news.de\\\/de\\\/#website\",\"url\":\"https:\\\/\\\/now-news.de\\\/de\\\/\",\"name\":\"just-now.NEWS Deutschland\",\"description\":\"Das Portal f\u00fcr unzensierte Nachrichten aus der Welt\",\"publisher\":{\"@id\":\"https:\\\/\\\/now-news.de\\\/de\\\/#organization\"},\"potentialAction\":[{\"@type\":\"SearchAction\",\"target\":{\"@type\":\"EntryPoint\",\"urlTemplate\":\"https:\\\/\\\/now-news.de\\\/de\\\/?s={search_term_string}\"},\"query-input\":{\"@type\":\"PropertyValueSpecification\",\"valueRequired\":true,\"valueName\":\"search_term_string\"}}],\"inLanguage\":\"de\"},{\"@type\":\"Organization\",\"@id\":\"https:\\\/\\\/now-news.de\\\/de\\\/#organization\",\"name\":\"Just Now News\",\"url\":\"https:\\\/\\\/now-news.de\\\/de\\\/\",\"logo\":{\"@type\":\"ImageObject\",\"inLanguage\":\"de\",\"@id\":\"https:\\\/\\\/now-news.de\\\/de\\\/#\\\/schema\\\/logo\\\/image\\\/\",\"url\":\"http:\\\/\\\/just-now.news\\\/de\\\/wp-content\\\/uploads\\\/sites\\\/3\\\/2022\\\/04\\\/logo500x500.jpg\",\"contentUrl\":\"http:\\\/\\\/just-now.news\\\/de\\\/wp-content\\\/uploads\\\/sites\\\/3\\\/2022\\\/04\\\/logo500x500.jpg\",\"width\":500,\"height\":500,\"caption\":\"Just Now News\"},\"image\":{\"@id\":\"https:\\\/\\\/now-news.de\\\/de\\\/#\\\/schema\\\/logo\\\/image\\\/\"},\"sameAs\":[\"https:\\\/\\\/www.facebook.com\\\/wirmachenauf\",\"https:\\\/\\\/x.com\\\/WirMachenAuf_de\"]},{\"@type\":\"Person\",\"@id\":\"https:\\\/\\\/now-news.de\\\/de\\\/#\\\/schema\\\/person\\\/fb534a4e865501d8b3285208df34a9b5\",\"name\":\"rtnews\",\"image\":{\"@type\":\"ImageObject\",\"inLanguage\":\"de\",\"@id\":\"https:\\\/\\\/secure.gravatar.com\\\/avatar\\\/358fe31b3ab5769fea05376e1953329834cd9912cf9daf607e2af3076a1b982b?s=96&d=mm&r=g\",\"url\":\"https:\\\/\\\/secure.gravatar.com\\\/avatar\\\/358fe31b3ab5769fea05376e1953329834cd9912cf9daf607e2af3076a1b982b?s=96&d=mm&r=g\",\"contentUrl\":\"https:\\\/\\\/secure.gravatar.com\\\/avatar\\\/358fe31b3ab5769fea05376e1953329834cd9912cf9daf607e2af3076a1b982b?s=96&d=mm&r=g\",\"caption\":\"rtnews\"},\"url\":\"https:\\\/\\\/now-news.de\\\/de\\\/author\\\/rnews\\\/\"}]}<\/script>\n<!-- \/ Yoast SEO Premium plugin. -->","yoast_head_json":{"title":"FP\u00d6-Kickl zu Magdeburg: &quot;Es ist der pure Wahnsinn!&quot; - just-now.NEWS Deutschland","robots":{"index":"index","follow":"follow","max-snippet":"max-snippet:-1","max-image-preview":"max-image-preview:large","max-video-preview":"max-video-preview:-1"},"canonical":"https:\/\/now-news.de\/de\/deutschland\/fpoe-kickl-zu-magdeburg-es-ist-der-pure-wahnsinn\/","og_locale":"de_DE","og_type":"article","og_title":"FP\u00d6-Kickl zu Magdeburg: &quot;Es ist der pure Wahnsinn!&quot;","og_description":"Der FP\u00d6-Chef hat nach dem Terroranschlag von Magdeburg die &#8220;Willkommenspolitik&#8221; der letzten Jahre scharf kritisiert. Er wirft der Politik vor, durch eine zu liberale Asyl- und Einwanderungspolitik die Sicherheit der Bev\u00f6lkerung zu gef\u00e4hrden. Nach dem Terroranschlag auf den Weihnachtsmarkt in Magdeburg mit mindestens\u00a0f\u00fcnf Toten, darunter ein Kleinkind, und Dutzenden Verletzten meldet sich FP\u00d6-Chef Herbert Kickl [&hellip;]","og_url":"https:\/\/now-news.de\/de\/deutschland\/fpoe-kickl-zu-magdeburg-es-ist-der-pure-wahnsinn\/","og_site_name":"just-now.NEWS Deutschland","article_publisher":"https:\/\/www.facebook.com\/wirmachenauf","article_published_time":"2024-12-21T18:47:18+00:00","og_image":[{"url":"https:\/\/now-news.de\/de\/wp-content\/uploads\/sites\/3\/2024\/12\/6766e0a248fbef754271e646.png","type":"","width":"","height":""}],"author":"rtnews","twitter_card":"summary_large_image","twitter_creator":"@WirMachenAuf_de","twitter_site":"@WirMachenAuf_de","twitter_misc":{"Verfasst von":"rtnews","Gesch\u00e4tzte Lesezeit":"2\u00a0Minuten"},"schema":{"@context":"https:\/\/schema.org","@graph":[{"@type":"Article","@id":"https:\/\/now-news.de\/de\/deutschland\/fpoe-kickl-zu-magdeburg-es-ist-der-pure-wahnsinn\/#article","isPartOf":{"@id":"https:\/\/now-news.de\/de\/deutschland\/fpoe-kickl-zu-magdeburg-es-ist-der-pure-wahnsinn\/"},"author":{"name":"rtnews","@id":"https:\/\/now-news.de\/de\/#\/schema\/person\/fb534a4e865501d8b3285208df34a9b5"},"headline":"FP\u00d6-Kickl zu Magdeburg: &quot;Es ist der pure Wahnsinn!&quot;","datePublished":"2024-12-21T18:47:18+00:00","mainEntityOfPage":{"@id":"https:\/\/now-news.de\/de\/deutschland\/fpoe-kickl-zu-magdeburg-es-ist-der-pure-wahnsinn\/"},"wordCount":314,"commentCount":0,"publisher":{"@id":"https:\/\/now-news.de\/de\/#organization"},"image":{"@id":"https:\/\/now-news.de\/de\/deutschland\/fpoe-kickl-zu-magdeburg-es-ist-der-pure-wahnsinn\/#primaryimage"},"thumbnailUrl":"https:\/\/now-news.de\/de\/wp-content\/uploads\/sites\/3\/2024\/12\/FPOe-Kickl-zu-Magdeburg-quotEs-ist-der-pure-Wahnsinnquot.png","keywords":["der","FP\u00d6Kickl","ist","Magdeburg","PURE","quotEs","Wahnsinnquot"],"articleSection":["Deutschland","Russland"],"inLanguage":"de","potentialAction":[{"@type":"CommentAction","name":"Comment","target":["https:\/\/now-news.de\/de\/deutschland\/fpoe-kickl-zu-magdeburg-es-ist-der-pure-wahnsinn\/#respond"]}]},{"@type":"WebPage","@id":"https:\/\/now-news.de\/de\/deutschland\/fpoe-kickl-zu-magdeburg-es-ist-der-pure-wahnsinn\/","url":"https:\/\/now-news.de\/de\/deutschland\/fpoe-kickl-zu-magdeburg-es-ist-der-pure-wahnsinn\/","name":"FP\u00d6-Kickl zu Magdeburg: &quot;Es ist der pure Wahnsinn!&quot; - just-now.NEWS Deutschland","isPartOf":{"@id":"https:\/\/now-news.de\/de\/#website"},"primaryImageOfPage":{"@id":"https:\/\/now-news.de\/de\/deutschland\/fpoe-kickl-zu-magdeburg-es-ist-der-pure-wahnsinn\/#primaryimage"},"image":{"@id":"https:\/\/now-news.de\/de\/deutschland\/fpoe-kickl-zu-magdeburg-es-ist-der-pure-wahnsinn\/#primaryimage"},"thumbnailUrl":"https:\/\/now-news.de\/de\/wp-content\/uploads\/sites\/3\/2024\/12\/FPOe-Kickl-zu-Magdeburg-quotEs-ist-der-pure-Wahnsinnquot.png","datePublished":"2024-12-21T18:47:18+00:00","breadcrumb":{"@id":"https:\/\/now-news.de\/de\/deutschland\/fpoe-kickl-zu-magdeburg-es-ist-der-pure-wahnsinn\/#breadcrumb"},"inLanguage":"de","potentialAction":[{"@type":"ReadAction","target":["https:\/\/now-news.de\/de\/deutschland\/fpoe-kickl-zu-magdeburg-es-ist-der-pure-wahnsinn\/"]}]},{"@type":"ImageObject","inLanguage":"de","@id":"https:\/\/now-news.de\/de\/deutschland\/fpoe-kickl-zu-magdeburg-es-ist-der-pure-wahnsinn\/#primaryimage","url":"https:\/\/now-news.de\/de\/wp-content\/uploads\/sites\/3\/2024\/12\/FPOe-Kickl-zu-Magdeburg-quotEs-ist-der-pure-Wahnsinnquot.png","contentUrl":"https:\/\/now-news.de\/de\/wp-content\/uploads\/sites\/3\/2024\/12\/FPOe-Kickl-zu-Magdeburg-quotEs-ist-der-pure-Wahnsinnquot.png","width":979,"height":1080,"caption":"FP\u00d6-Kickl zu Magdeburg: &quot;Es ist der pure Wahnsinn!&quot;"},{"@type":"BreadcrumbList","@id":"https:\/\/now-news.de\/de\/deutschland\/fpoe-kickl-zu-magdeburg-es-ist-der-pure-wahnsinn\/#breadcrumb","itemListElement":[{"@type":"ListItem","position":1,"name":"Home","item":"https:\/\/now-news.de\/de\/"},{"@type":"ListItem","position":2,"name":"FP\u00d6-Kickl zu Magdeburg: &quot;Es ist der pure Wahnsinn!&quot;"}]},{"@type":"WebSite","@id":"https:\/\/now-news.de\/de\/#website","url":"https:\/\/now-news.de\/de\/","name":"just-now.NEWS Deutschland","description":"Das Portal f\u00fcr unzensierte Nachrichten aus der Welt","publisher":{"@id":"https:\/\/now-news.de\/de\/#organization"},"potentialAction":[{"@type":"SearchAction","target":{"@type":"EntryPoint","urlTemplate":"https:\/\/now-news.de\/de\/?s={search_term_string}"},"query-input":{"@type":"PropertyValueSpecification","valueRequired":true,"valueName":"search_term_string"}}],"inLanguage":"de"},{"@type":"Organization","@id":"https:\/\/now-news.de\/de\/#organization","name":"Just Now News","url":"https:\/\/now-news.de\/de\/","logo":{"@type":"ImageObject","inLanguage":"de","@id":"https:\/\/now-news.de\/de\/#\/schema\/logo\/image\/","url":"http:\/\/just-now.news\/de\/wp-content\/uploads\/sites\/3\/2022\/04\/logo500x500.jpg","contentUrl":"http:\/\/just-now.news\/de\/wp-content\/uploads\/sites\/3\/2022\/04\/logo500x500.jpg","width":500,"height":500,"caption":"Just Now News"},"image":{"@id":"https:\/\/now-news.de\/de\/#\/schema\/logo\/image\/"},"sameAs":["https:\/\/www.facebook.com\/wirmachenauf","https:\/\/x.com\/WirMachenAuf_de"]},{"@type":"Person","@id":"https:\/\/now-news.de\/de\/#\/schema\/person\/fb534a4e865501d8b3285208df34a9b5","name":"rtnews","image":{"@type":"ImageObject","inLanguage":"de","@id":"https:\/\/secure.gravatar.com\/avatar\/358fe31b3ab5769fea05376e1953329834cd9912cf9daf607e2af3076a1b982b?s=96&d=mm&r=g","url":"https:\/\/secure.gravatar.com\/avatar\/358fe31b3ab5769fea05376e1953329834cd9912cf9daf607e2af3076a1b982b?s=96&d=mm&r=g","contentUrl":"https:\/\/secure.gravatar.com\/avatar\/358fe31b3ab5769fea05376e1953329834cd9912cf9daf607e2af3076a1b982b?s=96&d=mm&r=g","caption":"rtnews"},"url":"https:\/\/now-news.de\/de\/author\/rnews\/"}]}},"_links":{"self":[{"href":"https:\/\/now-news.de\/de\/wp-json\/wp\/v2\/posts\/74943","targetHints":{"allow":["GET"]}}],"collection":[{"href":"https:\/\/now-news.de\/de\/wp-json\/wp\/v2\/posts"}],"about":[{"href":"https:\/\/now-news.de\/de\/wp-json\/wp\/v2\/types\/post"}],"author":[{"embeddable":true,"href":"https:\/\/now-news.de\/de\/wp-json\/wp\/v2\/users\/3"}],"replies":[{"embeddable":true,"href":"https:\/\/now-news.de\/de\/wp-json\/wp\/v2\/comments?post=74943"}],"version-history":[{"count":0,"href":"https:\/\/now-news.de\/de\/wp-json\/wp\/v2\/posts\/74943\/revisions"}],"wp:featuredmedia":[{"embeddable":true,"href":"https:\/\/now-news.de\/de\/wp-json\/wp\/v2\/media\/74944"}],"wp:attachment":[{"href":"https:\/\/now-news.de\/de\/wp-json\/wp\/v2\/media?parent=74943"}],"wp:term":[{"taxonomy":"category","embeddable":true,"href":"https:\/\/now-news.de\/de\/wp-json\/wp\/v2\/categories?post=74943"},{"taxonomy":"post_tag","embeddable":true,"href":"https:\/\/now-news.de\/de\/wp-json\/wp\/v2\/tags?post=74943"}],"curies":[{"name":"wp","href":"https:\/\/api.w.org\/{rel}","templated":true}]}}