{"id":74879,"date":"2024-12-20T10:33:18","date_gmt":"2024-12-20T08:33:18","guid":{"rendered":"https:\/\/now-news.de\/de\/deutschland\/nur-die-afd-kann-deutschland-retten-elon-musk-greift-in-deutschen-wahlkampf-ein\/"},"modified":"2024-12-20T10:33:18","modified_gmt":"2024-12-20T08:33:18","slug":"nur-die-afd-kann-deutschland-retten-elon-musk-greift-in-deutschen-wahlkampf-ein","status":"publish","type":"post","link":"https:\/\/now-news.de\/de\/deutschland\/nur-die-afd-kann-deutschland-retten-elon-musk-greift-in-deutschen-wahlkampf-ein\/","title":{"rendered":"&quot;Nur die AfD kann Deutschland retten&quot; \u2013 Elon Musk greift in deutschen Wahlkampf ein"},"content":{"rendered":"<div class=\"Text-root Text-type_1 \">\n                Tesla-Chef Elon Musk sorgt erneut f\u00fcr politische Schlagzeilen. Auf X (ehemals Twitter) postete der Tech-Milliard\u00e4r am Donnerstagmorgen den brisanten Satz: &#8220;Only the AfD can save Germany.&#8221;\n            <\/div>\n<p><\/p>\n<div class=\"Text-root Text-type_5 ArticleView-text ViewText-root \">\n<p>Tesla-Chef Elon Musk sorgt erneut f\u00fcr politische Schlagzeilen. Auf X (ehemals Twitter) postete der Tech-Milliard\u00e4r am Donnerstagmorgen einen aufr\u00fcttelnden und mutigen Aufruf:<\/p>\n<blockquote>\n<p><strong>&#8220;Only the AfD can save Germany.&#8221; (Nur die AfD kann Deutschland retten)<\/strong><\/p>\n<\/blockquote>\n<p>Der Unternehmer teilte dabei ein Video der Influencerin Naomi Seibt, die CDU-Kanzlerkandidat Friedrich Merz daf\u00fcr kritisiert, eine Debatte mit der AfD abzulehnen.<\/p>\n<div class=\"EmbedBlock-root EmbedBlock-twitter\">\n<div class=\"TwitterEmbed\">\n<blockquote class=\"twitter-tweet lazyload\" data-twitter=\"twitter-tweet\">\n<p lang=\"en\" dir=\"ltr\">Only the AfD can save Germany <a rel=\"nofollow noopener\" target=\"_blank\" href=\"https:\/\/t.co\/Afu0ea1Fvt\">https:\/\/t.co\/Afu0ea1Fvt<\/a><\/p>\n<p>\u2014 Elon Musk (@elonmusk) <a rel=\"nofollow noopener\" target=\"_blank\" href=\"https:\/\/twitter.com\/elonmusk\/status\/1869986946031988780?ref_src=twsrc%5Etfw\">December 20, 2024<\/a><\/p><\/blockquote>\n<\/div>\n<\/div>\n<p>Seine \u00c4u\u00dferung ist brisant: In neun Wochen wird Deutschland w\u00e4hlen, und die AfD ist in Ostdeutschland bereits st\u00e4rkste Kraft in Umfragen.<\/p>\n<p>Musk, der in den USA als Unterst\u00fctzer von Donald Trump Schlagzeilen machte, k\u00f6nnte mit diesem Statement erneut polarisieren.<\/p>\n<p><strong>Reaktionen auf Musks Tweet<\/strong><\/p>\n<p>Die Reaktion aus der AfD lie\u00df nicht lange auf sich warten: Nur wenige Minuten nach Elon Musks Unterst\u00fctzung meldete sich AfD-Fraktionschefin Alice Weidel zu Wort.<\/p>\n<p>Auf X schrieb sie:<\/p>\n<blockquote>\n<p><strong>&#8220;Sie haben vollkommen recht, @elonmusk! Schauen Sie sich doch auch mein Interview zu Pr\u00e4sident Trump an, in dem ich erkl\u00e4re, wie die sozialistische Merkel unser Land ruiniert hat, die Sowjet-Europ\u00e4ische Union die wirtschaftliche Basis der L\u00e4nder zerst\u00f6rt und Deutschland zum Scheitern bringt!&#8221;<\/strong><\/p>\n<\/blockquote>\n<div class=\"EmbedBlock-root EmbedBlock-twitter\">\n<div class=\"TwitterEmbed\">\n<blockquote class=\"twitter-tweet lazyload\" data-twitter=\"twitter-tweet\">\n<p lang=\"en\" dir=\"ltr\">Yes! You are perfectly right, <a rel=\"nofollow noopener\" target=\"_blank\" href=\"https:\/\/twitter.com\/elonmusk?ref_src=twsrc%5Etfw\">@elonmusk<\/a>! Please also have a look into my interview on president Trump, how socialist Merkel ruined our country, how the Soviet European Union destroys the countries economic backbone and malfunctioning Germany!<a rel=\"nofollow noopener\" target=\"_blank\" href=\"https:\/\/t.co\/PwPgqJgB8w\">https:\/\/t.co\/PwPgqJgB8w<\/a><a rel=\"nofollow noopener\" target=\"_blank\" href=\"https:\/\/t.co\/BdCQe3eWwk\">https:\/\/t.co\/BdCQe3eWwk<\/a><\/p>\n<p>\u2014 Alice Weidel (@Alice_Weidel) <a rel=\"nofollow noopener\" target=\"_blank\" href=\"https:\/\/twitter.com\/Alice_Weidel\/status\/1870005427817287940?ref_src=twsrc%5Etfw\">December 20, 2024<\/a><\/p><\/blockquote>\n<\/div>\n<\/div>\n<figure class=\"RTImage-root\">\n<div class=\"RTImage-image RTImage-original\"><picture class=\"Picture-root Picture-original\"><!--[if IE 9]><video style=\"display: none;\"><![endif]--><source media=\"(-webkit-min-device-pixel-ratio: 2) and (min-resolution: 120dpi)\" data-srcset=\" \nhttps:\/\/now-news.de\/de\/wp-content\/uploads\/sites\/3\/2024\/12\/6765219248fbef570619813e.png 850w,\n                https:\/\/now-news.de\/de\/wp-content\/uploads\/sites\/3\/2024\/12\/6765219248fbef570619813e.png 1960w,            \" ><source data-srcset=\" \nhttps:\/\/now-news.de\/de\/wp-content\/uploads\/sites\/3\/2024\/12\/6765219248fbef570619813e.png 460w,\n              https:\/\/now-news.de\/de\/wp-content\/uploads\/sites\/3\/2024\/12\/6765219248fbef570619813e.png 980w,\n            \" ><!--[if IE 9]><\/video><![endif]--><img decoding=\"async\" data- src=\"data:image\/png;base64,iVBORw0KGgoAAAANSUhEUgAAABAAAAAJCAQAAACRI2S5AAAAEElEQVR42mNkIAAYRxWAAQAG9gAKqv6+AwAAAABJRU5ErkJggg==\" class=\"Picture-root Picture-original lazyload\" data-src=\"https:\/\/now-news.de\/de\/wp-content\/uploads\/sites\/3\/2024\/12\/6765219248fbef570619813e.png\" alt=\"\"><\/source><\/source><\/picture><!-- noscript pattern --><noscript><img decoding=\"async\" src=\"https:\/\/now-news.de\/de\/wp-content\/uploads\/sites\/3\/2024\/12\/6765219248fbef570619813e.png\" alt=\"\"><\/noscript><\/div><figcaption class=\"RTImage-footer\"><span class=\"RTImage-caption\"><\/span><span class=\"RTImage-source\"><a rel=\"nofollow noopener\" target=\"_blank\" class=\"RTImage-captionItem Link-root\" href=\"https:\/\/www.bloomberg.com\/news\/articles\/2024-12-19\/scholz-s-far-right-rival-puts-germany-s-eu-exit-on-the-ballot?embedded-checkout=true\">Printscreen: Bloomberg<\/a><\/span><\/figcaption><\/figure>\n<p>In Deutschland spielt Musk wirtschaftlich eine Schl\u00fcsselrolle. Mit seiner Tesla-Gigafactory hat er den Elektroautobau revolutioniert und von staatlichen Subventionen profitiert.<\/p>\n<p>Gleichzeitig \u00fcbt er scharfe Kritik an der aktuellen Ampel-Koalition, die er f\u00fcr den Niedergang der deutschen Industrie verantwortlich macht.<\/p>\n<p>Der Tweet schl\u00e4gt hohe Wellen: W\u00e4hrend AfD-Politiker Musks Worte feiern, wird der Unternehmer von Umweltaktivisten und Politikern anderer Parteien scharf kritisiert. Die Gr\u00fcnen bezeichneten Musk bereits in der Vergangenheit als &#8220;Symbol kapitalistischer Ausbeutung&#8221;.<\/p>\n<p>Ohne Zweifel hat Elon Musk, wie einst in den Vereinigten Staaten, auch das Potenzial, die politische Dynamik in Deutschland nachhaltig zu ver\u00e4ndern \u2013 es ist nur eine Frage der Zeit.<\/p>\n<p>Zum heutigen Start des Tages: Der Milliard\u00e4r polarisiert, r\u00fcttelt die festgefahrene deutsche Politik wach und l\u00e4sst sich dabei weder von Konventionen noch von Kritik aufhalten.<\/p>\n<p>Auch in den Schweizer Medien sorgt Elon Musks Tweet zur Unterst\u00fctzung der AfD f\u00fcr hitzige Diskussionen.<\/p>\n<p>Das Finanzportal <em>Inside Paradeplatz<\/em> meldete heute Morgen, der reichste Mensch der Welt habe auf seinem X-Account \u00f6ffentlich seine Sympathie f\u00fcr die AfD bekundet.<\/p>\n<p>Das Portal erinnert daran, dass Musk bereits Donald Trump zum Sieg verholfen habe und nun mit einem einzigen, kurzen Satz erneut politische Dynamik entfacht: &#8220;<a rel=\"nofollow noopener\" target=\"_blank\" href=\"https:\/\/insideparadeplatz.ch\/2024\/12\/20\/elon-musk-an-die-deutschen-waehlt-die-afd\/\">Elon Musk an die Deutschen: W\u00e4hlt AfD<\/a>.&#8221;<\/p>\n<p><strong>Mehr zum Thema<\/strong>\u00a0\u2013\u00a0<a rel=\"nofollow noopener\" target=\"_blank\" href=\"https:\/\/freedert.online\/schweiz\/230122-tesla-feiert-wahlerfolg-75-prozent\/\">Tesla feiert Wahlerfolg: 75 Prozent Kursplus nach Trumps Triumph<\/a><\/p>\n<div class=\"EmbedBlock-root EmbedBlock-externalVideo EmbedBlock-rumble\">\n<div class=\"VkEmbed\"><iframe class=\"lazyload\" data-src=\"https:\/\/rumble.com\/embed\/v5adi1x\" frameborder=\"0\" width=\"853\" height=\"480\" allowfullscreen><\/iframe><\/div>\n<\/div>\n<\/div>\n<p><script async src=\"https:\/\/platform.twitter.com\/widgets.js\" charset=\"utf-8\"><\/script><br \/>\n<br \/><br \/>\n<br \/><a href=\"https:\/\/de.rt.com\/inland\/230142-nur-afd-kann-deutschland-retten\/\">Source link <\/a><\/p>\n","protected":false},"excerpt":{"rendered":"<p>Tesla-Chef Elon Musk sorgt erneut f\u00fcr politische Schlagzeilen. Auf X (ehemals Twitter) postete der Tech-Milliard\u00e4r am Donnerstagmorgen den brisanten Satz: &#8220;Only the AfD can save Germany.&#8221; Tesla-Chef Elon Musk sorgt erneut f\u00fcr politische Schlagzeilen. Auf X (ehemals Twitter) postete der Tech-Milliard\u00e4r am Donnerstagmorgen einen aufr\u00fcttelnden und mutigen Aufruf: &#8220;Only the AfD can save Germany.&#8221; (Nur [&hellip;]<\/p>\n","protected":false},"author":3,"featured_media":74880,"comment_status":"open","ping_status":"open","sticky":false,"template":"","format":"standard","meta":{"_yoast_indexnow_last_ping":["1734684344"],"wp_automatic_camp":["217"],"6db67c42531b9477c181c0b65e86f7f7":["&quot;Nur die AfD kann Deutschland retten&quot; \u2013 Elon Musk greift in deutschen Wahlkampf ein"],"original_link":["https:\/\/de.rt.com\/inland\/230142-nur-afd-kann-deutschland-retten\/"],"_thumbnail_id":["74880"],"_wptgpro_p2tg_sent2tg":["a:1:{i:23737;s:19:\"2024-12-20 10:47:19\";}"],"jnews_social_counter_last_update":["1777169623"]},"categories":[19,23],"tags":[3815,577,179,45,357,2056,572,838,1582,20401,21750,31772],"yoast_head":"<!-- This site is optimized with the Yoast SEO Premium plugin v22.7 (Yoast SEO v22.7) - https:\/\/yoast.com\/wordpress\/plugins\/seo\/ -->\n<title>&quot;Nur die AfD kann Deutschland retten&quot; \u2013 Elon Musk greift in deutschen Wahlkampf ein - just-now.NEWS Deutschland<\/title>\n<meta name=\"robots\" content=\"index, follow, max-snippet:-1, max-image-preview:large, max-video-preview:-1\" \/>\n<link rel=\"canonical\" href=\"https:\/\/now-news.de\/de\/deutschland\/nur-die-afd-kann-deutschland-retten-elon-musk-greift-in-deutschen-wahlkampf-ein\/\" \/>\n<meta property=\"og:locale\" content=\"de_DE\" \/>\n<meta property=\"og:type\" content=\"article\" \/>\n<meta property=\"og:title\" content=\"&quot;Nur die AfD kann Deutschland retten&quot; \u2013 Elon Musk greift in deutschen Wahlkampf ein\" \/>\n<meta property=\"og:description\" content=\"Tesla-Chef Elon Musk sorgt erneut f\u00fcr politische Schlagzeilen. Auf X (ehemals Twitter) postete der Tech-Milliard\u00e4r am Donnerstagmorgen den brisanten Satz: &#8220;Only the AfD can save Germany.&#8221; Tesla-Chef Elon Musk sorgt erneut f\u00fcr politische Schlagzeilen. Auf X (ehemals Twitter) postete der Tech-Milliard\u00e4r am Donnerstagmorgen einen aufr\u00fcttelnden und mutigen Aufruf: &#8220;Only the AfD can save Germany.&#8221; (Nur [&hellip;]\" \/>\n<meta property=\"og:url\" content=\"https:\/\/now-news.de\/de\/deutschland\/nur-die-afd-kann-deutschland-retten-elon-musk-greift-in-deutschen-wahlkampf-ein\/\" \/>\n<meta property=\"og:site_name\" content=\"just-now.NEWS Deutschland\" \/>\n<meta property=\"article:publisher\" content=\"https:\/\/www.facebook.com\/wirmachenauf\" \/>\n<meta property=\"article:published_time\" content=\"2024-12-20T08:33:18+00:00\" \/>\n<meta property=\"og:image\" content=\"https:\/\/now-news.de\/de\/wp-content\/uploads\/sites\/3\/2024\/12\/6765219248fbef570619813e.png\" \/>\n<meta name=\"author\" content=\"rtnews\" \/>\n<meta name=\"twitter:card\" content=\"summary_large_image\" \/>\n<meta name=\"twitter:creator\" content=\"@WirMachenAuf_de\" \/>\n<meta name=\"twitter:site\" content=\"@WirMachenAuf_de\" \/>\n<meta name=\"twitter:label1\" content=\"Verfasst von\" \/>\n\t<meta name=\"twitter:data1\" content=\"rtnews\" \/>\n\t<meta name=\"twitter:label2\" content=\"Gesch\u00e4tzte Lesezeit\" \/>\n\t<meta name=\"twitter:data2\" content=\"3\u00a0Minuten\" \/>\n<script type=\"application\/ld+json\" class=\"yoast-schema-graph\">{\"@context\":\"https:\/\/schema.org\",\"@graph\":[{\"@type\":\"Article\",\"@id\":\"https:\/\/now-news.de\/de\/deutschland\/nur-die-afd-kann-deutschland-retten-elon-musk-greift-in-deutschen-wahlkampf-ein\/#article\",\"isPartOf\":{\"@id\":\"https:\/\/now-news.de\/de\/deutschland\/nur-die-afd-kann-deutschland-retten-elon-musk-greift-in-deutschen-wahlkampf-ein\/\"},\"author\":{\"name\":\"rtnews\",\"@id\":\"https:\/\/now-news.de\/de\/#\/schema\/person\/fb534a4e865501d8b3285208df34a9b5\"},\"headline\":\"&quot;Nur die AfD kann Deutschland retten&quot; \u2013 Elon Musk greift in deutschen Wahlkampf ein\",\"datePublished\":\"2024-12-20T08:33:18+00:00\",\"dateModified\":\"2024-12-20T08:33:18+00:00\",\"mainEntityOfPage\":{\"@id\":\"https:\/\/now-news.de\/de\/deutschland\/nur-die-afd-kann-deutschland-retten-elon-musk-greift-in-deutschen-wahlkampf-ein\/\"},\"wordCount\":520,\"commentCount\":0,\"publisher\":{\"@id\":\"https:\/\/now-news.de\/de\/#organization\"},\"image\":{\"@id\":\"https:\/\/now-news.de\/de\/deutschland\/nur-die-afd-kann-deutschland-retten-elon-musk-greift-in-deutschen-wahlkampf-ein\/#primaryimage\"},\"thumbnailUrl\":\"https:\/\/now-news.de\/de\/wp-content\/uploads\/sites\/3\/2024\/12\/quotNur-die-AfD-kann-Deutschland-rettenquot-\u2013-Elon-Musk-greift.png\",\"keywords\":[\"AfD\",\"Deutschen\",\"Deutschland\",\"die\",\"ein\",\"ELON\",\"greift\",\"kann\",\"Musk\",\"quotNur\",\"rettenquot\",\"Wahlkampf\"],\"articleSection\":[\"Deutschland\",\"Russland\"],\"inLanguage\":\"de\",\"potentialAction\":[{\"@type\":\"CommentAction\",\"name\":\"Comment\",\"target\":[\"https:\/\/now-news.de\/de\/deutschland\/nur-die-afd-kann-deutschland-retten-elon-musk-greift-in-deutschen-wahlkampf-ein\/#respond\"]}]},{\"@type\":\"WebPage\",\"@id\":\"https:\/\/now-news.de\/de\/deutschland\/nur-die-afd-kann-deutschland-retten-elon-musk-greift-in-deutschen-wahlkampf-ein\/\",\"url\":\"https:\/\/now-news.de\/de\/deutschland\/nur-die-afd-kann-deutschland-retten-elon-musk-greift-in-deutschen-wahlkampf-ein\/\",\"name\":\"&quot;Nur die AfD kann Deutschland retten&quot; \u2013 Elon Musk greift in deutschen Wahlkampf ein - just-now.NEWS Deutschland\",\"isPartOf\":{\"@id\":\"https:\/\/now-news.de\/de\/#website\"},\"primaryImageOfPage\":{\"@id\":\"https:\/\/now-news.de\/de\/deutschland\/nur-die-afd-kann-deutschland-retten-elon-musk-greift-in-deutschen-wahlkampf-ein\/#primaryimage\"},\"image\":{\"@id\":\"https:\/\/now-news.de\/de\/deutschland\/nur-die-afd-kann-deutschland-retten-elon-musk-greift-in-deutschen-wahlkampf-ein\/#primaryimage\"},\"thumbnailUrl\":\"https:\/\/now-news.de\/de\/wp-content\/uploads\/sites\/3\/2024\/12\/quotNur-die-AfD-kann-Deutschland-rettenquot-\u2013-Elon-Musk-greift.png\",\"datePublished\":\"2024-12-20T08:33:18+00:00\",\"dateModified\":\"2024-12-20T08:33:18+00:00\",\"breadcrumb\":{\"@id\":\"https:\/\/now-news.de\/de\/deutschland\/nur-die-afd-kann-deutschland-retten-elon-musk-greift-in-deutschen-wahlkampf-ein\/#breadcrumb\"},\"inLanguage\":\"de\",\"potentialAction\":[{\"@type\":\"ReadAction\",\"target\":[\"https:\/\/now-news.de\/de\/deutschland\/nur-die-afd-kann-deutschland-retten-elon-musk-greift-in-deutschen-wahlkampf-ein\/\"]}]},{\"@type\":\"ImageObject\",\"inLanguage\":\"de\",\"@id\":\"https:\/\/now-news.de\/de\/deutschland\/nur-die-afd-kann-deutschland-retten-elon-musk-greift-in-deutschen-wahlkampf-ein\/#primaryimage\",\"url\":\"https:\/\/now-news.de\/de\/wp-content\/uploads\/sites\/3\/2024\/12\/quotNur-die-AfD-kann-Deutschland-rettenquot-\u2013-Elon-Musk-greift.png\",\"contentUrl\":\"https:\/\/now-news.de\/de\/wp-content\/uploads\/sites\/3\/2024\/12\/quotNur-die-AfD-kann-Deutschland-rettenquot-\u2013-Elon-Musk-greift.png\",\"width\":1202,\"height\":1080,\"caption\":\"&quot;Nur die AfD kann Deutschland retten&quot; \u2013 Elon Musk greift in deutschen Wahlkampf ein\"},{\"@type\":\"BreadcrumbList\",\"@id\":\"https:\/\/now-news.de\/de\/deutschland\/nur-die-afd-kann-deutschland-retten-elon-musk-greift-in-deutschen-wahlkampf-ein\/#breadcrumb\",\"itemListElement\":[{\"@type\":\"ListItem\",\"position\":1,\"name\":\"Home\",\"item\":\"https:\/\/now-news.de\/de\/\"},{\"@type\":\"ListItem\",\"position\":2,\"name\":\"&quot;Nur die AfD kann Deutschland retten&quot; \u2013 Elon Musk greift in deutschen Wahlkampf ein\"}]},{\"@type\":\"WebSite\",\"@id\":\"https:\/\/now-news.de\/de\/#website\",\"url\":\"https:\/\/now-news.de\/de\/\",\"name\":\"just-now.NEWS Deutschland\",\"description\":\"Das Portal f\u00fcr unzensierte Nachrichten aus der Welt\",\"publisher\":{\"@id\":\"https:\/\/now-news.de\/de\/#organization\"},\"potentialAction\":[{\"@type\":\"SearchAction\",\"target\":{\"@type\":\"EntryPoint\",\"urlTemplate\":\"https:\/\/now-news.de\/de\/?s={search_term_string}\"},\"query-input\":\"required name=search_term_string\"}],\"inLanguage\":\"de\"},{\"@type\":\"Organization\",\"@id\":\"https:\/\/now-news.de\/de\/#organization\",\"name\":\"Just Now News\",\"url\":\"https:\/\/now-news.de\/de\/\",\"logo\":{\"@type\":\"ImageObject\",\"inLanguage\":\"de\",\"@id\":\"https:\/\/now-news.de\/de\/#\/schema\/logo\/image\/\",\"url\":\"http:\/\/just-now.news\/de\/wp-content\/uploads\/sites\/3\/2022\/04\/logo500x500.jpg\",\"contentUrl\":\"http:\/\/just-now.news\/de\/wp-content\/uploads\/sites\/3\/2022\/04\/logo500x500.jpg\",\"width\":500,\"height\":500,\"caption\":\"Just Now News\"},\"image\":{\"@id\":\"https:\/\/now-news.de\/de\/#\/schema\/logo\/image\/\"},\"sameAs\":[\"https:\/\/www.facebook.com\/wirmachenauf\",\"https:\/\/x.com\/WirMachenAuf_de\"]},{\"@type\":\"Person\",\"@id\":\"https:\/\/now-news.de\/de\/#\/schema\/person\/fb534a4e865501d8b3285208df34a9b5\",\"name\":\"rtnews\",\"image\":{\"@type\":\"ImageObject\",\"inLanguage\":\"de\",\"@id\":\"https:\/\/now-news.de\/de\/#\/schema\/person\/image\/\",\"url\":\"https:\/\/secure.gravatar.com\/avatar\/82aafea7d8127119dd649515f56e2117?s=96&d=mm&r=g\",\"contentUrl\":\"https:\/\/secure.gravatar.com\/avatar\/82aafea7d8127119dd649515f56e2117?s=96&d=mm&r=g\",\"caption\":\"rtnews\"},\"url\":\"https:\/\/now-news.de\/de\/author\/rnews\/\"}]}<\/script>\n<!-- \/ Yoast SEO Premium plugin. -->","yoast_head_json":{"title":"&quot;Nur die AfD kann Deutschland retten&quot; \u2013 Elon Musk greift in deutschen Wahlkampf ein - just-now.NEWS Deutschland","robots":{"index":"index","follow":"follow","max-snippet":"max-snippet:-1","max-image-preview":"max-image-preview:large","max-video-preview":"max-video-preview:-1"},"canonical":"https:\/\/now-news.de\/de\/deutschland\/nur-die-afd-kann-deutschland-retten-elon-musk-greift-in-deutschen-wahlkampf-ein\/","og_locale":"de_DE","og_type":"article","og_title":"&quot;Nur die AfD kann Deutschland retten&quot; \u2013 Elon Musk greift in deutschen Wahlkampf ein","og_description":"Tesla-Chef Elon Musk sorgt erneut f\u00fcr politische Schlagzeilen. Auf X (ehemals Twitter) postete der Tech-Milliard\u00e4r am Donnerstagmorgen den brisanten Satz: &#8220;Only the AfD can save Germany.&#8221; Tesla-Chef Elon Musk sorgt erneut f\u00fcr politische Schlagzeilen. Auf X (ehemals Twitter) postete der Tech-Milliard\u00e4r am Donnerstagmorgen einen aufr\u00fcttelnden und mutigen Aufruf: &#8220;Only the AfD can save Germany.&#8221; (Nur [&hellip;]","og_url":"https:\/\/now-news.de\/de\/deutschland\/nur-die-afd-kann-deutschland-retten-elon-musk-greift-in-deutschen-wahlkampf-ein\/","og_site_name":"just-now.NEWS Deutschland","article_publisher":"https:\/\/www.facebook.com\/wirmachenauf","article_published_time":"2024-12-20T08:33:18+00:00","og_image":[{"url":"https:\/\/now-news.de\/de\/wp-content\/uploads\/sites\/3\/2024\/12\/6765219248fbef570619813e.png"}],"author":"rtnews","twitter_card":"summary_large_image","twitter_creator":"@WirMachenAuf_de","twitter_site":"@WirMachenAuf_de","twitter_misc":{"Verfasst von":"rtnews","Gesch\u00e4tzte Lesezeit":"3\u00a0Minuten"},"schema":{"@context":"https:\/\/schema.org","@graph":[{"@type":"Article","@id":"https:\/\/now-news.de\/de\/deutschland\/nur-die-afd-kann-deutschland-retten-elon-musk-greift-in-deutschen-wahlkampf-ein\/#article","isPartOf":{"@id":"https:\/\/now-news.de\/de\/deutschland\/nur-die-afd-kann-deutschland-retten-elon-musk-greift-in-deutschen-wahlkampf-ein\/"},"author":{"name":"rtnews","@id":"https:\/\/now-news.de\/de\/#\/schema\/person\/fb534a4e865501d8b3285208df34a9b5"},"headline":"&quot;Nur die AfD kann Deutschland retten&quot; \u2013 Elon Musk greift in deutschen Wahlkampf ein","datePublished":"2024-12-20T08:33:18+00:00","dateModified":"2024-12-20T08:33:18+00:00","mainEntityOfPage":{"@id":"https:\/\/now-news.de\/de\/deutschland\/nur-die-afd-kann-deutschland-retten-elon-musk-greift-in-deutschen-wahlkampf-ein\/"},"wordCount":520,"commentCount":0,"publisher":{"@id":"https:\/\/now-news.de\/de\/#organization"},"image":{"@id":"https:\/\/now-news.de\/de\/deutschland\/nur-die-afd-kann-deutschland-retten-elon-musk-greift-in-deutschen-wahlkampf-ein\/#primaryimage"},"thumbnailUrl":"https:\/\/now-news.de\/de\/wp-content\/uploads\/sites\/3\/2024\/12\/quotNur-die-AfD-kann-Deutschland-rettenquot-\u2013-Elon-Musk-greift.png","keywords":["AfD","Deutschen","Deutschland","die","ein","ELON","greift","kann","Musk","quotNur","rettenquot","Wahlkampf"],"articleSection":["Deutschland","Russland"],"inLanguage":"de","potentialAction":[{"@type":"CommentAction","name":"Comment","target":["https:\/\/now-news.de\/de\/deutschland\/nur-die-afd-kann-deutschland-retten-elon-musk-greift-in-deutschen-wahlkampf-ein\/#respond"]}]},{"@type":"WebPage","@id":"https:\/\/now-news.de\/de\/deutschland\/nur-die-afd-kann-deutschland-retten-elon-musk-greift-in-deutschen-wahlkampf-ein\/","url":"https:\/\/now-news.de\/de\/deutschland\/nur-die-afd-kann-deutschland-retten-elon-musk-greift-in-deutschen-wahlkampf-ein\/","name":"&quot;Nur die AfD kann Deutschland retten&quot; \u2013 Elon Musk greift in deutschen Wahlkampf ein - just-now.NEWS Deutschland","isPartOf":{"@id":"https:\/\/now-news.de\/de\/#website"},"primaryImageOfPage":{"@id":"https:\/\/now-news.de\/de\/deutschland\/nur-die-afd-kann-deutschland-retten-elon-musk-greift-in-deutschen-wahlkampf-ein\/#primaryimage"},"image":{"@id":"https:\/\/now-news.de\/de\/deutschland\/nur-die-afd-kann-deutschland-retten-elon-musk-greift-in-deutschen-wahlkampf-ein\/#primaryimage"},"thumbnailUrl":"https:\/\/now-news.de\/de\/wp-content\/uploads\/sites\/3\/2024\/12\/quotNur-die-AfD-kann-Deutschland-rettenquot-\u2013-Elon-Musk-greift.png","datePublished":"2024-12-20T08:33:18+00:00","dateModified":"2024-12-20T08:33:18+00:00","breadcrumb":{"@id":"https:\/\/now-news.de\/de\/deutschland\/nur-die-afd-kann-deutschland-retten-elon-musk-greift-in-deutschen-wahlkampf-ein\/#breadcrumb"},"inLanguage":"de","potentialAction":[{"@type":"ReadAction","target":["https:\/\/now-news.de\/de\/deutschland\/nur-die-afd-kann-deutschland-retten-elon-musk-greift-in-deutschen-wahlkampf-ein\/"]}]},{"@type":"ImageObject","inLanguage":"de","@id":"https:\/\/now-news.de\/de\/deutschland\/nur-die-afd-kann-deutschland-retten-elon-musk-greift-in-deutschen-wahlkampf-ein\/#primaryimage","url":"https:\/\/now-news.de\/de\/wp-content\/uploads\/sites\/3\/2024\/12\/quotNur-die-AfD-kann-Deutschland-rettenquot-\u2013-Elon-Musk-greift.png","contentUrl":"https:\/\/now-news.de\/de\/wp-content\/uploads\/sites\/3\/2024\/12\/quotNur-die-AfD-kann-Deutschland-rettenquot-\u2013-Elon-Musk-greift.png","width":1202,"height":1080,"caption":"&quot;Nur die AfD kann Deutschland retten&quot; \u2013 Elon Musk greift in deutschen Wahlkampf ein"},{"@type":"BreadcrumbList","@id":"https:\/\/now-news.de\/de\/deutschland\/nur-die-afd-kann-deutschland-retten-elon-musk-greift-in-deutschen-wahlkampf-ein\/#breadcrumb","itemListElement":[{"@type":"ListItem","position":1,"name":"Home","item":"https:\/\/now-news.de\/de\/"},{"@type":"ListItem","position":2,"name":"&quot;Nur die AfD kann Deutschland retten&quot; \u2013 Elon Musk greift in deutschen Wahlkampf ein"}]},{"@type":"WebSite","@id":"https:\/\/now-news.de\/de\/#website","url":"https:\/\/now-news.de\/de\/","name":"just-now.NEWS Deutschland","description":"Das Portal f\u00fcr unzensierte Nachrichten aus der Welt","publisher":{"@id":"https:\/\/now-news.de\/de\/#organization"},"potentialAction":[{"@type":"SearchAction","target":{"@type":"EntryPoint","urlTemplate":"https:\/\/now-news.de\/de\/?s={search_term_string}"},"query-input":"required name=search_term_string"}],"inLanguage":"de"},{"@type":"Organization","@id":"https:\/\/now-news.de\/de\/#organization","name":"Just Now News","url":"https:\/\/now-news.de\/de\/","logo":{"@type":"ImageObject","inLanguage":"de","@id":"https:\/\/now-news.de\/de\/#\/schema\/logo\/image\/","url":"http:\/\/just-now.news\/de\/wp-content\/uploads\/sites\/3\/2022\/04\/logo500x500.jpg","contentUrl":"http:\/\/just-now.news\/de\/wp-content\/uploads\/sites\/3\/2022\/04\/logo500x500.jpg","width":500,"height":500,"caption":"Just Now News"},"image":{"@id":"https:\/\/now-news.de\/de\/#\/schema\/logo\/image\/"},"sameAs":["https:\/\/www.facebook.com\/wirmachenauf","https:\/\/x.com\/WirMachenAuf_de"]},{"@type":"Person","@id":"https:\/\/now-news.de\/de\/#\/schema\/person\/fb534a4e865501d8b3285208df34a9b5","name":"rtnews","image":{"@type":"ImageObject","inLanguage":"de","@id":"https:\/\/now-news.de\/de\/#\/schema\/person\/image\/","url":"https:\/\/secure.gravatar.com\/avatar\/82aafea7d8127119dd649515f56e2117?s=96&d=mm&r=g","contentUrl":"https:\/\/secure.gravatar.com\/avatar\/82aafea7d8127119dd649515f56e2117?s=96&d=mm&r=g","caption":"rtnews"},"url":"https:\/\/now-news.de\/de\/author\/rnews\/"}]}},"_links":{"self":[{"href":"https:\/\/now-news.de\/de\/wp-json\/wp\/v2\/posts\/74879"}],"collection":[{"href":"https:\/\/now-news.de\/de\/wp-json\/wp\/v2\/posts"}],"about":[{"href":"https:\/\/now-news.de\/de\/wp-json\/wp\/v2\/types\/post"}],"author":[{"embeddable":true,"href":"https:\/\/now-news.de\/de\/wp-json\/wp\/v2\/users\/3"}],"replies":[{"embeddable":true,"href":"https:\/\/now-news.de\/de\/wp-json\/wp\/v2\/comments?post=74879"}],"version-history":[{"count":0,"href":"https:\/\/now-news.de\/de\/wp-json\/wp\/v2\/posts\/74879\/revisions"}],"wp:featuredmedia":[{"embeddable":true,"href":"https:\/\/now-news.de\/de\/wp-json\/wp\/v2\/media\/74880"}],"wp:attachment":[{"href":"https:\/\/now-news.de\/de\/wp-json\/wp\/v2\/media?parent=74879"}],"wp:term":[{"taxonomy":"category","embeddable":true,"href":"https:\/\/now-news.de\/de\/wp-json\/wp\/v2\/categories?post=74879"},{"taxonomy":"post_tag","embeddable":true,"href":"https:\/\/now-news.de\/de\/wp-json\/wp\/v2\/tags?post=74879"}],"curies":[{"name":"wp","href":"https:\/\/api.w.org\/{rel}","templated":true}]}}