{"id":74798,"date":"2024-12-18T23:03:03","date_gmt":"2024-12-18T21:03:03","guid":{"rendered":"https:\/\/now-news.de\/de\/deutschland\/fico-will-weiteren-gastransit-ueber-die-ukraine-bei-eu-rat-diskutieren\/"},"modified":"2024-12-18T23:03:03","modified_gmt":"2024-12-18T21:03:03","slug":"fico-will-weiteren-gastransit-ueber-die-ukraine-bei-eu-rat-diskutieren","status":"publish","type":"post","link":"https:\/\/now-news.de\/de\/deutschland\/fico-will-weiteren-gastransit-ueber-die-ukraine-bei-eu-rat-diskutieren\/","title":{"rendered":"Fico will weiteren Gastransit \u00fcber die Ukraine bei EU-Rat diskutieren"},"content":{"rendered":"<p><img decoding=\"async\" src=\"https:\/\/now-news.de\/de\/wp-content\/uploads\/sites\/3\/2024\/12\/6762d68fb480cc178b3f2408.jpg\" \/><\/p>\n<div class=\"Text-root Text-type_1 \">\n                Der slowakische Premierminister Fico will weiteren Gastransit \u00fcber die Ukraine mit\u00a0EU-Kommissionspr\u00e4sidentin Ursula von der Leyen besprechen. Er wird L\u00f6sungen vorschlagen, bei denen die Ukraine kein russisches Gas durchleitet, sondern Gas von einem anderen Anbieter.\u00a0\n            <\/div>\n<p><\/p>\n<div class=\"Text-root Text-type_5 ArticleView-text ViewText-root \">\n<p>Mit dem Auslauf des aktuellen f\u00fcnfj\u00e4hrigen Transitvertrags zwischen der EU, Naftogaz und Gazprom am 31. Dezember wird der Transit in zwei Wochen eingestellt.<\/p>\n<p>Die Slowakei, einer der Abnehmer der Gaslieferungen aus Russland \u00fcber die Ukraine, bem\u00fcht sich um die Aufrechterhaltung der Energieversorgung aus dem Osten. Premierminister Robert Fico will das Thema bei der Tagung des EU-Rates am Donnerstag ansprechen, erkl\u00e4rte er am Mittwoch bei der Sitzung des Ausschusses f\u00fcr europ\u00e4ische Angelegenheiten im slowakischen Parlament.<\/p>\n<p>Obwohl Kiew nicht beabsichtige, das Abkommen mit Moskau zu verl\u00e4ngern, gebe es alternative L\u00f6sungen, um weitere Lieferungen aus dem Osten sicherzustellen, so Fico.<\/p>\n<p>Bratislava hat einen langfristigen Vertrag mit Gazprom bis 2032 und will die Gaslieferungen aus Russland \u00fcber die Ukraine aufrechterhalten. Andernfalls w\u00fcrde der Kauf bei anderen Lieferanten zus\u00e4tzlich 220 Millionen Euro wegen h\u00f6herer Transitgeb\u00fchren verursachen. Au\u00dferdem k\u00f6nnte es die Preise auf dem europ\u00e4ischen Gasmarkt in die H\u00f6he treiben.<\/p>\n<p>Kiew lehne die Verl\u00e4ngerung des Vertrags mit Moskau ab, erkl\u00e4rte der ukrainische Premierminister Denis Schmygal am Montag nach einem Telefongespr\u00e4ch mit Fico. Allerdings sei Kiew bereit, eine neue Vereinbarung \u00fcber Gaslieferungen durch das ukrainische Pipelinesystem nach Westeuropa zu treffen, die den Gastransport aus Russland ausschlie\u00dfe.<\/p>\n<p>&#8220;Ich nehme die Entscheidung der ukrainischen Regierung zur Kenntnis, dass sie den Vertrag mit Gazprom nicht verl\u00e4ngern will&#8221;, sagte Fico im Parlament.\u00a0&#8220;Aber, das bedeutet nicht, dass wir kein Gas aus dem Osten beziehen k\u00f6nnen. Wir haben L\u00f6sungen, wenn die Ukraine kein russisches Gas durchleitet, sondern Gas, dessen Eigent\u00fcmer jemand anderes ist&#8221;, f\u00fcgte er hinzu.<\/p>\n<p>Fico sagte, Bratislava ben\u00f6tige die Unterst\u00fctzung der EU-Kommission f\u00fcr solche Vereinbarungen, und er werde sie mit der EU-Kommissionspr\u00e4sidentin Ursula von der Leyen besprechen.<\/p>\n<p>Der gr\u00f6\u00dfte slowakische Gasversorger SPP und andere Unternehmen aus Ungarn, \u00d6sterreich und Italien h\u00e4tten eine Erkl\u00e4rung zur Unterst\u00fctzung des weiteren Gastransits durch die Ukraine unterzeichnet, wie das slowakische Unternehmen am Dienstag mitteilte.<\/p>\n<p>Die Erkl\u00e4rung wurde an EU-Kommissionspr\u00e4sidentin Ursula geschickt, weil EU-Beamte an den Gespr\u00e4chen zur Aufrechterhaltung des russischen Gasflusses nicht teilgenommen haben.<\/p>\n<p>Ein Sprecher sagte am Dienstag, die Kommission habe die Erkl\u00e4rung erhalten, f\u00fchre aber keine Gespr\u00e4che \u00fcber eine Verl\u00e4ngerung des Transitvertrags und habe kein Interesse daran, den russischen Gastransit \u00fcber die Ukraine aufrechtzuerhalten,\u00a0<a rel=\"nofollow noopener\" target=\"_blank\" href=\"https:\/\/www.reuters.com\/business\/energy\/slovakias-spp-partners-sign-declaration-calling-continued-ukraine-gas-transit-2024-12-17\/\">berichtet<\/a>\u00a0<em>Reuters<\/em>. &#8220;Die Kommission unterst\u00fctzt weder Diskussionen \u00fcber die Vertragsverl\u00e4ngerung noch andere L\u00f6sungen zur Aufrechterhaltung der Transitstr\u00f6me und war nicht an diesbez\u00fcglichen Verhandlungen beteiligt&#8221;, erkl\u00e4rte der Sprecher in einer E-Mail-Antwort auf Fragen, so\u00a0<em>Reuters<\/em>.<\/p>\n<p>Vergangene Woche hatte Fico mitgeteilt, er wolle weitere Lieferungen aus dem Osten sicherstellen, um h\u00f6here Transitgeb\u00fchren von anderen Lieferanten zu vermeiden. &#8220;Wir sehen keinen Grund, aus geopolitischen Gr\u00fcnden mehr als n\u00f6tig f\u00fcr Gas zu bezahlen&#8221;,\u00a0<a rel=\"nofollow noopener\" target=\"_blank\" href=\"https:\/\/www.vlada.gov.sk\/tlacove-spravy\/premier-v-roku-2025-neporastu-ceny-tepla-a-plynu-su-na-to-peniaze-v-rozpocte\/\">teilte<\/a>\u00a0Fico mit.<\/p>\n<\/div>\n<p><br \/>\n<br \/><a href=\"https:\/\/de.rt.com\/europa\/229973-fico-will-weiteren-gastransit-ueber\/\">Source link <\/a><\/p>\n","protected":false},"excerpt":{"rendered":"<p>Der slowakische Premierminister Fico will weiteren Gastransit \u00fcber die Ukraine mit\u00a0EU-Kommissionspr\u00e4sidentin Ursula von der Leyen besprechen. Er wird L\u00f6sungen vorschlagen, bei denen die Ukraine kein russisches Gas durchleitet, sondern Gas von einem anderen Anbieter.\u00a0 Mit dem Auslauf des aktuellen f\u00fcnfj\u00e4hrigen Transitvertrags zwischen der EU, Naftogaz und Gazprom am 31. Dezember wird der Transit in zwei [&hellip;]<\/p>\n","protected":false},"author":3,"featured_media":74799,"comment_status":"open","ping_status":"open","sticky":false,"template":"","format":"standard","meta":{"_yoast_indexnow_last_ping":["1734556323"],"wp_automatic_camp":["217"],"793e5899a960765dec59b24da02586d5":["Fico will weiteren Gastransit \u00fcber die Ukraine bei EU-Rat diskutieren"],"original_link":["https:\/\/de.rt.com\/europa\/229973-fico-will-weiteren-gastransit-ueber\/"],"_thumbnail_id":["74799"],"_wptgpro_p2tg_sent2tg":["a:1:{i:23737;s:19:\"2024-12-18 23:14:43\";}"],"jnews_social_counter_last_update":["1777103542"]},"categories":[19,23],"tags":[363,45,16674,49467,49719,19525,139,127,17302],"yoast_head":"<!-- This site is optimized with the Yoast SEO Premium plugin v22.7 (Yoast SEO v22.7) - https:\/\/yoast.com\/wordpress\/plugins\/seo\/ -->\n<title>Fico will weiteren Gastransit \u00fcber die Ukraine bei EU-Rat diskutieren - just-now.NEWS Deutschland<\/title>\n<meta name=\"robots\" content=\"index, follow, max-snippet:-1, max-image-preview:large, max-video-preview:-1\" \/>\n<link rel=\"canonical\" href=\"https:\/\/now-news.de\/de\/deutschland\/fico-will-weiteren-gastransit-ueber-die-ukraine-bei-eu-rat-diskutieren\/\" \/>\n<meta property=\"og:locale\" content=\"de_DE\" \/>\n<meta property=\"og:type\" content=\"article\" \/>\n<meta property=\"og:title\" content=\"Fico will weiteren Gastransit \u00fcber die Ukraine bei EU-Rat diskutieren\" \/>\n<meta property=\"og:description\" content=\"Der slowakische Premierminister Fico will weiteren Gastransit \u00fcber die Ukraine mit\u00a0EU-Kommissionspr\u00e4sidentin Ursula von der Leyen besprechen. Er wird L\u00f6sungen vorschlagen, bei denen die Ukraine kein russisches Gas durchleitet, sondern Gas von einem anderen Anbieter.\u00a0 Mit dem Auslauf des aktuellen f\u00fcnfj\u00e4hrigen Transitvertrags zwischen der EU, Naftogaz und Gazprom am 31. Dezember wird der Transit in zwei [&hellip;]\" \/>\n<meta property=\"og:url\" content=\"https:\/\/now-news.de\/de\/deutschland\/fico-will-weiteren-gastransit-ueber-die-ukraine-bei-eu-rat-diskutieren\/\" \/>\n<meta property=\"og:site_name\" content=\"just-now.NEWS Deutschland\" \/>\n<meta property=\"article:publisher\" content=\"https:\/\/www.facebook.com\/wirmachenauf\" \/>\n<meta property=\"article:published_time\" content=\"2024-12-18T21:03:03+00:00\" \/>\n<meta property=\"og:image\" content=\"https:\/\/now-news.de\/de\/wp-content\/uploads\/sites\/3\/2024\/12\/6762d68fb480cc178b3f2408.jpg\" \/>\n<meta name=\"author\" content=\"rtnews\" \/>\n<meta name=\"twitter:card\" content=\"summary_large_image\" \/>\n<meta name=\"twitter:creator\" content=\"@WirMachenAuf_de\" \/>\n<meta name=\"twitter:site\" content=\"@WirMachenAuf_de\" \/>\n<meta name=\"twitter:label1\" content=\"Verfasst von\" \/>\n\t<meta name=\"twitter:data1\" content=\"rtnews\" \/>\n\t<meta name=\"twitter:label2\" content=\"Gesch\u00e4tzte Lesezeit\" \/>\n\t<meta name=\"twitter:data2\" content=\"3\u00a0Minuten\" \/>\n<script type=\"application\/ld+json\" class=\"yoast-schema-graph\">{\"@context\":\"https:\/\/schema.org\",\"@graph\":[{\"@type\":\"Article\",\"@id\":\"https:\/\/now-news.de\/de\/deutschland\/fico-will-weiteren-gastransit-ueber-die-ukraine-bei-eu-rat-diskutieren\/#article\",\"isPartOf\":{\"@id\":\"https:\/\/now-news.de\/de\/deutschland\/fico-will-weiteren-gastransit-ueber-die-ukraine-bei-eu-rat-diskutieren\/\"},\"author\":{\"name\":\"rtnews\",\"@id\":\"https:\/\/now-news.de\/de\/#\/schema\/person\/fb534a4e865501d8b3285208df34a9b5\"},\"headline\":\"Fico will weiteren Gastransit \u00fcber die Ukraine bei EU-Rat diskutieren\",\"datePublished\":\"2024-12-18T21:03:03+00:00\",\"dateModified\":\"2024-12-18T21:03:03+00:00\",\"mainEntityOfPage\":{\"@id\":\"https:\/\/now-news.de\/de\/deutschland\/fico-will-weiteren-gastransit-ueber-die-ukraine-bei-eu-rat-diskutieren\/\"},\"wordCount\":521,\"commentCount\":0,\"publisher\":{\"@id\":\"https:\/\/now-news.de\/de\/#organization\"},\"image\":{\"@id\":\"https:\/\/now-news.de\/de\/deutschland\/fico-will-weiteren-gastransit-ueber-die-ukraine-bei-eu-rat-diskutieren\/#primaryimage\"},\"thumbnailUrl\":\"https:\/\/now-news.de\/de\/wp-content\/uploads\/sites\/3\/2024\/12\/Fico-will-weiteren-Gastransit-ueber-die-Ukraine-bei-EU-Rat-diskutieren.jpg\",\"keywords\":[\"bei\",\"die\",\"diskutieren\",\"EURat\",\"Fico\",\"Gastransit\",\"\u00fcber\",\"ukraine\",\"weiteren\"],\"articleSection\":[\"Deutschland\",\"Russland\"],\"inLanguage\":\"de\",\"potentialAction\":[{\"@type\":\"CommentAction\",\"name\":\"Comment\",\"target\":[\"https:\/\/now-news.de\/de\/deutschland\/fico-will-weiteren-gastransit-ueber-die-ukraine-bei-eu-rat-diskutieren\/#respond\"]}]},{\"@type\":\"WebPage\",\"@id\":\"https:\/\/now-news.de\/de\/deutschland\/fico-will-weiteren-gastransit-ueber-die-ukraine-bei-eu-rat-diskutieren\/\",\"url\":\"https:\/\/now-news.de\/de\/deutschland\/fico-will-weiteren-gastransit-ueber-die-ukraine-bei-eu-rat-diskutieren\/\",\"name\":\"Fico will weiteren Gastransit \u00fcber die Ukraine bei EU-Rat diskutieren - just-now.NEWS Deutschland\",\"isPartOf\":{\"@id\":\"https:\/\/now-news.de\/de\/#website\"},\"primaryImageOfPage\":{\"@id\":\"https:\/\/now-news.de\/de\/deutschland\/fico-will-weiteren-gastransit-ueber-die-ukraine-bei-eu-rat-diskutieren\/#primaryimage\"},\"image\":{\"@id\":\"https:\/\/now-news.de\/de\/deutschland\/fico-will-weiteren-gastransit-ueber-die-ukraine-bei-eu-rat-diskutieren\/#primaryimage\"},\"thumbnailUrl\":\"https:\/\/now-news.de\/de\/wp-content\/uploads\/sites\/3\/2024\/12\/Fico-will-weiteren-Gastransit-ueber-die-Ukraine-bei-EU-Rat-diskutieren.jpg\",\"datePublished\":\"2024-12-18T21:03:03+00:00\",\"dateModified\":\"2024-12-18T21:03:03+00:00\",\"breadcrumb\":{\"@id\":\"https:\/\/now-news.de\/de\/deutschland\/fico-will-weiteren-gastransit-ueber-die-ukraine-bei-eu-rat-diskutieren\/#breadcrumb\"},\"inLanguage\":\"de\",\"potentialAction\":[{\"@type\":\"ReadAction\",\"target\":[\"https:\/\/now-news.de\/de\/deutschland\/fico-will-weiteren-gastransit-ueber-die-ukraine-bei-eu-rat-diskutieren\/\"]}]},{\"@type\":\"ImageObject\",\"inLanguage\":\"de\",\"@id\":\"https:\/\/now-news.de\/de\/deutschland\/fico-will-weiteren-gastransit-ueber-die-ukraine-bei-eu-rat-diskutieren\/#primaryimage\",\"url\":\"https:\/\/now-news.de\/de\/wp-content\/uploads\/sites\/3\/2024\/12\/Fico-will-weiteren-Gastransit-ueber-die-Ukraine-bei-EU-Rat-diskutieren.jpg\",\"contentUrl\":\"https:\/\/now-news.de\/de\/wp-content\/uploads\/sites\/3\/2024\/12\/Fico-will-weiteren-Gastransit-ueber-die-Ukraine-bei-EU-Rat-diskutieren.jpg\",\"width\":460,\"height\":259,\"caption\":\"Fico will weiteren Gastransit \u00fcber die Ukraine bei EU-Rat diskutieren\"},{\"@type\":\"BreadcrumbList\",\"@id\":\"https:\/\/now-news.de\/de\/deutschland\/fico-will-weiteren-gastransit-ueber-die-ukraine-bei-eu-rat-diskutieren\/#breadcrumb\",\"itemListElement\":[{\"@type\":\"ListItem\",\"position\":1,\"name\":\"Home\",\"item\":\"https:\/\/now-news.de\/de\/\"},{\"@type\":\"ListItem\",\"position\":2,\"name\":\"Fico will weiteren Gastransit \u00fcber die Ukraine bei EU-Rat diskutieren\"}]},{\"@type\":\"WebSite\",\"@id\":\"https:\/\/now-news.de\/de\/#website\",\"url\":\"https:\/\/now-news.de\/de\/\",\"name\":\"just-now.NEWS Deutschland\",\"description\":\"Das Portal f\u00fcr unzensierte Nachrichten aus der Welt\",\"publisher\":{\"@id\":\"https:\/\/now-news.de\/de\/#organization\"},\"potentialAction\":[{\"@type\":\"SearchAction\",\"target\":{\"@type\":\"EntryPoint\",\"urlTemplate\":\"https:\/\/now-news.de\/de\/?s={search_term_string}\"},\"query-input\":\"required name=search_term_string\"}],\"inLanguage\":\"de\"},{\"@type\":\"Organization\",\"@id\":\"https:\/\/now-news.de\/de\/#organization\",\"name\":\"Just Now News\",\"url\":\"https:\/\/now-news.de\/de\/\",\"logo\":{\"@type\":\"ImageObject\",\"inLanguage\":\"de\",\"@id\":\"https:\/\/now-news.de\/de\/#\/schema\/logo\/image\/\",\"url\":\"http:\/\/just-now.news\/de\/wp-content\/uploads\/sites\/3\/2022\/04\/logo500x500.jpg\",\"contentUrl\":\"http:\/\/just-now.news\/de\/wp-content\/uploads\/sites\/3\/2022\/04\/logo500x500.jpg\",\"width\":500,\"height\":500,\"caption\":\"Just Now News\"},\"image\":{\"@id\":\"https:\/\/now-news.de\/de\/#\/schema\/logo\/image\/\"},\"sameAs\":[\"https:\/\/www.facebook.com\/wirmachenauf\",\"https:\/\/x.com\/WirMachenAuf_de\"]},{\"@type\":\"Person\",\"@id\":\"https:\/\/now-news.de\/de\/#\/schema\/person\/fb534a4e865501d8b3285208df34a9b5\",\"name\":\"rtnews\",\"image\":{\"@type\":\"ImageObject\",\"inLanguage\":\"de\",\"@id\":\"https:\/\/now-news.de\/de\/#\/schema\/person\/image\/\",\"url\":\"https:\/\/secure.gravatar.com\/avatar\/82aafea7d8127119dd649515f56e2117?s=96&d=mm&r=g\",\"contentUrl\":\"https:\/\/secure.gravatar.com\/avatar\/82aafea7d8127119dd649515f56e2117?s=96&d=mm&r=g\",\"caption\":\"rtnews\"},\"url\":\"https:\/\/now-news.de\/de\/author\/rnews\/\"}]}<\/script>\n<!-- \/ Yoast SEO Premium plugin. -->","yoast_head_json":{"title":"Fico will weiteren Gastransit \u00fcber die Ukraine bei EU-Rat diskutieren - just-now.NEWS Deutschland","robots":{"index":"index","follow":"follow","max-snippet":"max-snippet:-1","max-image-preview":"max-image-preview:large","max-video-preview":"max-video-preview:-1"},"canonical":"https:\/\/now-news.de\/de\/deutschland\/fico-will-weiteren-gastransit-ueber-die-ukraine-bei-eu-rat-diskutieren\/","og_locale":"de_DE","og_type":"article","og_title":"Fico will weiteren Gastransit \u00fcber die Ukraine bei EU-Rat diskutieren","og_description":"Der slowakische Premierminister Fico will weiteren Gastransit \u00fcber die Ukraine mit\u00a0EU-Kommissionspr\u00e4sidentin Ursula von der Leyen besprechen. Er wird L\u00f6sungen vorschlagen, bei denen die Ukraine kein russisches Gas durchleitet, sondern Gas von einem anderen Anbieter.\u00a0 Mit dem Auslauf des aktuellen f\u00fcnfj\u00e4hrigen Transitvertrags zwischen der EU, Naftogaz und Gazprom am 31. Dezember wird der Transit in zwei [&hellip;]","og_url":"https:\/\/now-news.de\/de\/deutschland\/fico-will-weiteren-gastransit-ueber-die-ukraine-bei-eu-rat-diskutieren\/","og_site_name":"just-now.NEWS Deutschland","article_publisher":"https:\/\/www.facebook.com\/wirmachenauf","article_published_time":"2024-12-18T21:03:03+00:00","og_image":[{"url":"https:\/\/now-news.de\/de\/wp-content\/uploads\/sites\/3\/2024\/12\/6762d68fb480cc178b3f2408.jpg"}],"author":"rtnews","twitter_card":"summary_large_image","twitter_creator":"@WirMachenAuf_de","twitter_site":"@WirMachenAuf_de","twitter_misc":{"Verfasst von":"rtnews","Gesch\u00e4tzte Lesezeit":"3\u00a0Minuten"},"schema":{"@context":"https:\/\/schema.org","@graph":[{"@type":"Article","@id":"https:\/\/now-news.de\/de\/deutschland\/fico-will-weiteren-gastransit-ueber-die-ukraine-bei-eu-rat-diskutieren\/#article","isPartOf":{"@id":"https:\/\/now-news.de\/de\/deutschland\/fico-will-weiteren-gastransit-ueber-die-ukraine-bei-eu-rat-diskutieren\/"},"author":{"name":"rtnews","@id":"https:\/\/now-news.de\/de\/#\/schema\/person\/fb534a4e865501d8b3285208df34a9b5"},"headline":"Fico will weiteren Gastransit \u00fcber die Ukraine bei EU-Rat diskutieren","datePublished":"2024-12-18T21:03:03+00:00","dateModified":"2024-12-18T21:03:03+00:00","mainEntityOfPage":{"@id":"https:\/\/now-news.de\/de\/deutschland\/fico-will-weiteren-gastransit-ueber-die-ukraine-bei-eu-rat-diskutieren\/"},"wordCount":521,"commentCount":0,"publisher":{"@id":"https:\/\/now-news.de\/de\/#organization"},"image":{"@id":"https:\/\/now-news.de\/de\/deutschland\/fico-will-weiteren-gastransit-ueber-die-ukraine-bei-eu-rat-diskutieren\/#primaryimage"},"thumbnailUrl":"https:\/\/now-news.de\/de\/wp-content\/uploads\/sites\/3\/2024\/12\/Fico-will-weiteren-Gastransit-ueber-die-Ukraine-bei-EU-Rat-diskutieren.jpg","keywords":["bei","die","diskutieren","EURat","Fico","Gastransit","\u00fcber","ukraine","weiteren"],"articleSection":["Deutschland","Russland"],"inLanguage":"de","potentialAction":[{"@type":"CommentAction","name":"Comment","target":["https:\/\/now-news.de\/de\/deutschland\/fico-will-weiteren-gastransit-ueber-die-ukraine-bei-eu-rat-diskutieren\/#respond"]}]},{"@type":"WebPage","@id":"https:\/\/now-news.de\/de\/deutschland\/fico-will-weiteren-gastransit-ueber-die-ukraine-bei-eu-rat-diskutieren\/","url":"https:\/\/now-news.de\/de\/deutschland\/fico-will-weiteren-gastransit-ueber-die-ukraine-bei-eu-rat-diskutieren\/","name":"Fico will weiteren Gastransit \u00fcber die Ukraine bei EU-Rat diskutieren - just-now.NEWS Deutschland","isPartOf":{"@id":"https:\/\/now-news.de\/de\/#website"},"primaryImageOfPage":{"@id":"https:\/\/now-news.de\/de\/deutschland\/fico-will-weiteren-gastransit-ueber-die-ukraine-bei-eu-rat-diskutieren\/#primaryimage"},"image":{"@id":"https:\/\/now-news.de\/de\/deutschland\/fico-will-weiteren-gastransit-ueber-die-ukraine-bei-eu-rat-diskutieren\/#primaryimage"},"thumbnailUrl":"https:\/\/now-news.de\/de\/wp-content\/uploads\/sites\/3\/2024\/12\/Fico-will-weiteren-Gastransit-ueber-die-Ukraine-bei-EU-Rat-diskutieren.jpg","datePublished":"2024-12-18T21:03:03+00:00","dateModified":"2024-12-18T21:03:03+00:00","breadcrumb":{"@id":"https:\/\/now-news.de\/de\/deutschland\/fico-will-weiteren-gastransit-ueber-die-ukraine-bei-eu-rat-diskutieren\/#breadcrumb"},"inLanguage":"de","potentialAction":[{"@type":"ReadAction","target":["https:\/\/now-news.de\/de\/deutschland\/fico-will-weiteren-gastransit-ueber-die-ukraine-bei-eu-rat-diskutieren\/"]}]},{"@type":"ImageObject","inLanguage":"de","@id":"https:\/\/now-news.de\/de\/deutschland\/fico-will-weiteren-gastransit-ueber-die-ukraine-bei-eu-rat-diskutieren\/#primaryimage","url":"https:\/\/now-news.de\/de\/wp-content\/uploads\/sites\/3\/2024\/12\/Fico-will-weiteren-Gastransit-ueber-die-Ukraine-bei-EU-Rat-diskutieren.jpg","contentUrl":"https:\/\/now-news.de\/de\/wp-content\/uploads\/sites\/3\/2024\/12\/Fico-will-weiteren-Gastransit-ueber-die-Ukraine-bei-EU-Rat-diskutieren.jpg","width":460,"height":259,"caption":"Fico will weiteren Gastransit \u00fcber die Ukraine bei EU-Rat diskutieren"},{"@type":"BreadcrumbList","@id":"https:\/\/now-news.de\/de\/deutschland\/fico-will-weiteren-gastransit-ueber-die-ukraine-bei-eu-rat-diskutieren\/#breadcrumb","itemListElement":[{"@type":"ListItem","position":1,"name":"Home","item":"https:\/\/now-news.de\/de\/"},{"@type":"ListItem","position":2,"name":"Fico will weiteren Gastransit \u00fcber die Ukraine bei EU-Rat diskutieren"}]},{"@type":"WebSite","@id":"https:\/\/now-news.de\/de\/#website","url":"https:\/\/now-news.de\/de\/","name":"just-now.NEWS Deutschland","description":"Das Portal f\u00fcr unzensierte Nachrichten aus der Welt","publisher":{"@id":"https:\/\/now-news.de\/de\/#organization"},"potentialAction":[{"@type":"SearchAction","target":{"@type":"EntryPoint","urlTemplate":"https:\/\/now-news.de\/de\/?s={search_term_string}"},"query-input":"required name=search_term_string"}],"inLanguage":"de"},{"@type":"Organization","@id":"https:\/\/now-news.de\/de\/#organization","name":"Just Now News","url":"https:\/\/now-news.de\/de\/","logo":{"@type":"ImageObject","inLanguage":"de","@id":"https:\/\/now-news.de\/de\/#\/schema\/logo\/image\/","url":"http:\/\/just-now.news\/de\/wp-content\/uploads\/sites\/3\/2022\/04\/logo500x500.jpg","contentUrl":"http:\/\/just-now.news\/de\/wp-content\/uploads\/sites\/3\/2022\/04\/logo500x500.jpg","width":500,"height":500,"caption":"Just Now News"},"image":{"@id":"https:\/\/now-news.de\/de\/#\/schema\/logo\/image\/"},"sameAs":["https:\/\/www.facebook.com\/wirmachenauf","https:\/\/x.com\/WirMachenAuf_de"]},{"@type":"Person","@id":"https:\/\/now-news.de\/de\/#\/schema\/person\/fb534a4e865501d8b3285208df34a9b5","name":"rtnews","image":{"@type":"ImageObject","inLanguage":"de","@id":"https:\/\/now-news.de\/de\/#\/schema\/person\/image\/","url":"https:\/\/secure.gravatar.com\/avatar\/82aafea7d8127119dd649515f56e2117?s=96&d=mm&r=g","contentUrl":"https:\/\/secure.gravatar.com\/avatar\/82aafea7d8127119dd649515f56e2117?s=96&d=mm&r=g","caption":"rtnews"},"url":"https:\/\/now-news.de\/de\/author\/rnews\/"}]}},"_links":{"self":[{"href":"https:\/\/now-news.de\/de\/wp-json\/wp\/v2\/posts\/74798"}],"collection":[{"href":"https:\/\/now-news.de\/de\/wp-json\/wp\/v2\/posts"}],"about":[{"href":"https:\/\/now-news.de\/de\/wp-json\/wp\/v2\/types\/post"}],"author":[{"embeddable":true,"href":"https:\/\/now-news.de\/de\/wp-json\/wp\/v2\/users\/3"}],"replies":[{"embeddable":true,"href":"https:\/\/now-news.de\/de\/wp-json\/wp\/v2\/comments?post=74798"}],"version-history":[{"count":0,"href":"https:\/\/now-news.de\/de\/wp-json\/wp\/v2\/posts\/74798\/revisions"}],"wp:featuredmedia":[{"embeddable":true,"href":"https:\/\/now-news.de\/de\/wp-json\/wp\/v2\/media\/74799"}],"wp:attachment":[{"href":"https:\/\/now-news.de\/de\/wp-json\/wp\/v2\/media?parent=74798"}],"wp:term":[{"taxonomy":"category","embeddable":true,"href":"https:\/\/now-news.de\/de\/wp-json\/wp\/v2\/categories?post=74798"},{"taxonomy":"post_tag","embeddable":true,"href":"https:\/\/now-news.de\/de\/wp-json\/wp\/v2\/tags?post=74798"}],"curies":[{"name":"wp","href":"https:\/\/api.w.org\/{rel}","templated":true}]}}