{"id":74747,"date":"2024-12-18T12:00:53","date_gmt":"2024-12-18T10:00:53","guid":{"rendered":"https:\/\/now-news.de\/de\/deutschland\/blasphemie-vorwurf-strafverfahren-gegen-glp-politikerin-sanija-ameti-eroeffnet\/"},"modified":"2024-12-18T12:00:53","modified_gmt":"2024-12-18T10:00:53","slug":"blasphemie-vorwurf-strafverfahren-gegen-glp-politikerin-sanija-ameti-eroeffnet","status":"publish","type":"post","link":"https:\/\/now-news.de\/de\/deutschland\/blasphemie-vorwurf-strafverfahren-gegen-glp-politikerin-sanija-ameti-eroeffnet\/","title":{"rendered":"Blasphemie-Vorwurf: Strafverfahren gegen GLP-Politikerin Sanija Ameti er\u00f6ffnet"},"content":{"rendered":"<p><img decoding=\"async\" src=\"https:\/\/now-news.de\/de\/wp-content\/uploads\/sites\/3\/2024\/12\/6762955a48fbef1ec83f4d43.png\" \/><\/p>\n<div class=\"Text-root Text-type_1 \">\n                Nach ihrem kontroversen Post hat die Z\u00fcrcher Staatsanwaltschaft Ermittlungen gegen die umstrittene Politikerin aufgenommen. Trotz des laufenden Verfahrens strebt sie ein politisches Comeback an.\n            <\/div>\n<p><\/p>\n<div class=\"Text-root Text-type_5 ArticleView-text ViewText-root \">\n<p>Die Z\u00fcrcher Staatsanwaltschaft hat gegen Sanija Ameti, Gemeinder\u00e4tin der Gr\u00fcnliberalen Partei (GLP) und Co-Pr\u00e4sidentin der Operation Libero, ein Strafverfahren eingeleitet.<\/p>\n<p>Der Vorwurf: St\u00f6rung der Glaubens- und Kultusfreiheit, ein Tatbestand, der gem\u00e4\u00df dem sogenannten &#8220;Blasphemieartikel&#8221; geahndet wird.<\/p>\n<p>Im September 2024 ver\u00f6ffentlichte Ameti auf Instagram ein Bild, das ein mit Sch\u00fcssen durchl\u00f6chertes Marienbild samt Christkind zeigte.<\/p>\n<p>Das Bild, das offenbar aus einem Kunstkatalog stammte, hatte sie zuvor im Rahmen einer Sportschie\u00df\u00fcbung durchl\u00f6chert.<\/p>\n<p>Nach einer Welle der Emp\u00f6rung \u2013 vor allem aus religi\u00f6sen und konservativen Kreisen \u2013 l\u00f6schte die Politikerin den Beitrag und entschuldigte sich \u00f6ffentlich. Dennoch folgte ein massiver Shitstorm, der tagelang anhielt, ihre berufliche Stellung kostete und sie dazu veranlasste, sich vor\u00fcbergehend aus der \u00d6ffentlichkeit zur\u00fcckzuziehen.<\/p>\n<p>Wie die Zeitungen von <em>CH Media<\/em>\u00a0<a rel=\"nofollow noopener\" target=\"_blank\" href=\"https:\/\/www.tagesanzeiger.ch\/sanija-ameti-staatsanwaltschaft-eroeffnet-strafverfahren-560150649007\">berichten<\/a>, er\u00f6ffnete die Staatsanwaltschaft Z\u00fcrich Ende Oktober ein Strafverfahren gegen die 32-J\u00e4hrige. Der Vorwurf der St\u00f6rung der Glaubens- und Kultusfreiheit k\u00f6nnte bei einer Verurteilung mit einer Geldstrafe geahndet werden. Sprecher Erich Wenzinger <a rel=\"nofollow noopener\" target=\"_blank\" href=\"https:\/\/www.tagesanzeiger.ch\/sanija-ameti-staatsanwaltschaft-eroeffnet-strafverfahren-560150649007\">best\u00e4tigte<\/a> die Ermittlungen, wies jedoch darauf hin, dass bis zum rechtskr\u00e4ftigen Abschluss des Verfahrens die Unschuldsvermutung gelte. Verst\u00f6\u00dfe gegen den Blasphemieartikel sind in der Schweiz selten: In den letzten 15 Jahren gab es nur 62 Verurteilungen.<\/p>\n<p><strong>Ameti plant politisches Comeback<\/strong><\/p>\n<p>Trotz des laufenden Strafverfahrens plant Ameti ihre R\u00fcckkehr\u00a0auf die politische B\u00fchne. Wie aus informierten Kreisen <a rel=\"nofollow noopener\" target=\"_blank\" href=\"https:\/\/www.20min.ch\/story\/glp-politikerin-blasphemie-staatsanwaltschaft-eroeffnet-strafverfahren-gegen-ameti-103242069\">bekannt wurde<\/a>, will sie am Mittwoch, dem 18. Dezember, ihr Mandat als Gemeinder\u00e4tin wieder aufnehmen. Ein Bericht des <em>SonntagsBlick<\/em> best\u00e4tigte diesen Schritt.<\/p>\n<p>In einem Interview mit <em>CH Media<\/em> \u00e4u\u00dferte sich Ameti k\u00fcrzlich erstmals ausf\u00fchrlich zu den Ereignissen.<\/p>\n<p>Sie beschrieb den Abend, an dem das Bild entstand, als impulsive Handlung in einem Zustand von \u00dcberm\u00fcdung und \u00dcberforderung. Sportschie\u00dfen sei f\u00fcr sie eine Form des Stressabbaus, erkl\u00e4rte sie.<\/p>\n<blockquote>\n<p><em>&#8220;Also ging ich in den Keller. Vor der T\u00fcr war ein Stapel Altpapier, zuoberst der Katalog des Auktionshauses Koller. Ich riss irgendeine Seite heraus, steckte sie an die Wand, ohne etwas zu \u00fcberlegen.&#8221;<\/em><\/p>\n<\/blockquote>\n<p>Der Fall hat eine gesellschaftliche Diskussion \u00fcber Blasphemie, Kunstfreiheit und den Umgang mit religi\u00f6sen Symbolen ausgel\u00f6st. Kritiker werfen Ameti Respektlosigkeit gegen\u00fcber gl\u00e4ubigen Menschen vor, w\u00e4hrend ihre Unterst\u00fctzer den Vorwurf der Blasphemie als unverh\u00e4ltnism\u00e4\u00dfig bezeichnen und von einer Einschr\u00e4nkung der Meinungsfreiheit sprechen.<\/p>\n<p>Die Ermittlungen der Staatsanwaltschaft und der Ausgang des Verfahrens k\u00f6nnten wegweisend f\u00fcr den Umgang mit derartigen F\u00e4llen in der Schweiz sein. Klar ist bereits jetzt, dass der Fall sowohl politisch als auch gesellschaftlich weiterhin polarisiert.<\/p>\n<p><strong>Mehr zum Thema &#8211;\u00a0<\/strong><a rel=\"nofollow noopener\" target=\"_blank\" href=\"https:\/\/freedert.online\/schweiz\/218535-eindruecklicher-ausflug-nach-russland-schweizer\/\">&#8220;Eindr\u00fccklicher Ausflug nach Russland&#8221;: Schweizer Journalistin \u00fcberquert illegal Russlands Grenze<\/a><\/p>\n<div class=\"EmbedBlock-root EmbedBlock-externalVideo EmbedBlock-rumble\">\n<div class=\"VkEmbed\"><iframe class=\"lazyload\" data-src=\"https:\/\/rumble.com\/embed\/v5adi1x\" frameborder=\"0\" width=\"853\" height=\"480\" allowfullscreen><\/iframe><\/div>\n<\/div>\n<\/div>\n<p><br \/>\n<br \/><a href=\"https:\/\/de.rt.com\/schweiz\/229927-blasphemie-vorwurf-strafverfahren-gegen-glp\/\">Source link <\/a><\/p>\n","protected":false},"excerpt":{"rendered":"<p>Nach ihrem kontroversen Post hat die Z\u00fcrcher Staatsanwaltschaft Ermittlungen gegen die umstrittene Politikerin aufgenommen. Trotz des laufenden Verfahrens strebt sie ein politisches Comeback an. Die Z\u00fcrcher Staatsanwaltschaft hat gegen Sanija Ameti, Gemeinder\u00e4tin der Gr\u00fcnliberalen Partei (GLP) und Co-Pr\u00e4sidentin der Operation Libero, ein Strafverfahren eingeleitet. Der Vorwurf: St\u00f6rung der Glaubens- und Kultusfreiheit, ein Tatbestand, der gem\u00e4\u00df [&hellip;]<\/p>\n","protected":false},"author":3,"featured_media":74748,"comment_status":"open","ping_status":"open","sticky":false,"template":"","format":"standard","meta":{"_yoast_indexnow_last_ping":["1734518487"],"wp_automatic_camp":["217"],"4fec31378580de93ca6f1e7a3f4422a0":["Blasphemie-Vorwurf: Strafverfahren gegen GLP-Politikerin Sanija Ameti er\u00f6ffnet"],"original_link":["https:\/\/de.rt.com\/schweiz\/229927-blasphemie-vorwurf-strafverfahren-gegen-glp\/"],"_thumbnail_id":["74748"],"jnews_social_counter_last_update":["1777266125"],"_wptgpro_p2tg_sent2tg":["a:1:{i:23737;s:19:\"2024-12-18 12:42:38\";}"]},"categories":[19,23],"tags":[61051,61117,11662,278,61118,61119,26844],"yoast_head":"<!-- This site is optimized with the Yoast SEO Premium plugin v22.7 (Yoast SEO v22.7) - https:\/\/yoast.com\/wordpress\/plugins\/seo\/ -->\n<title>Blasphemie-Vorwurf: Strafverfahren gegen GLP-Politikerin Sanija Ameti er\u00f6ffnet - just-now.NEWS Deutschland<\/title>\n<meta name=\"robots\" content=\"index, follow, max-snippet:-1, max-image-preview:large, max-video-preview:-1\" \/>\n<link rel=\"canonical\" href=\"https:\/\/now-news.de\/de\/deutschland\/blasphemie-vorwurf-strafverfahren-gegen-glp-politikerin-sanija-ameti-eroeffnet\/\" \/>\n<meta property=\"og:locale\" content=\"de_DE\" \/>\n<meta property=\"og:type\" content=\"article\" \/>\n<meta property=\"og:title\" content=\"Blasphemie-Vorwurf: Strafverfahren gegen GLP-Politikerin Sanija Ameti er\u00f6ffnet\" \/>\n<meta property=\"og:description\" content=\"Nach ihrem kontroversen Post hat die Z\u00fcrcher Staatsanwaltschaft Ermittlungen gegen die umstrittene Politikerin aufgenommen. Trotz des laufenden Verfahrens strebt sie ein politisches Comeback an. Die Z\u00fcrcher Staatsanwaltschaft hat gegen Sanija Ameti, Gemeinder\u00e4tin der Gr\u00fcnliberalen Partei (GLP) und Co-Pr\u00e4sidentin der Operation Libero, ein Strafverfahren eingeleitet. Der Vorwurf: St\u00f6rung der Glaubens- und Kultusfreiheit, ein Tatbestand, der gem\u00e4\u00df [&hellip;]\" \/>\n<meta property=\"og:url\" content=\"https:\/\/now-news.de\/de\/deutschland\/blasphemie-vorwurf-strafverfahren-gegen-glp-politikerin-sanija-ameti-eroeffnet\/\" \/>\n<meta property=\"og:site_name\" content=\"just-now.NEWS Deutschland\" \/>\n<meta property=\"article:publisher\" content=\"https:\/\/www.facebook.com\/wirmachenauf\" \/>\n<meta property=\"article:published_time\" content=\"2024-12-18T10:00:53+00:00\" \/>\n<meta property=\"og:image\" content=\"https:\/\/now-news.de\/de\/wp-content\/uploads\/sites\/3\/2024\/12\/6762955a48fbef1ec83f4d43.png\" \/>\n<meta name=\"author\" content=\"rtnews\" \/>\n<meta name=\"twitter:card\" content=\"summary_large_image\" \/>\n<meta name=\"twitter:creator\" content=\"@WirMachenAuf_de\" \/>\n<meta name=\"twitter:site\" content=\"@WirMachenAuf_de\" \/>\n<meta name=\"twitter:label1\" content=\"Verfasst von\" \/>\n\t<meta name=\"twitter:data1\" content=\"rtnews\" \/>\n\t<meta name=\"twitter:label2\" content=\"Gesch\u00e4tzte Lesezeit\" \/>\n\t<meta name=\"twitter:data2\" content=\"2\u00a0Minuten\" \/>\n<script type=\"application\/ld+json\" class=\"yoast-schema-graph\">{\"@context\":\"https:\/\/schema.org\",\"@graph\":[{\"@type\":\"Article\",\"@id\":\"https:\/\/now-news.de\/de\/deutschland\/blasphemie-vorwurf-strafverfahren-gegen-glp-politikerin-sanija-ameti-eroeffnet\/#article\",\"isPartOf\":{\"@id\":\"https:\/\/now-news.de\/de\/deutschland\/blasphemie-vorwurf-strafverfahren-gegen-glp-politikerin-sanija-ameti-eroeffnet\/\"},\"author\":{\"name\":\"rtnews\",\"@id\":\"https:\/\/now-news.de\/de\/#\/schema\/person\/fb534a4e865501d8b3285208df34a9b5\"},\"headline\":\"Blasphemie-Vorwurf: Strafverfahren gegen GLP-Politikerin Sanija Ameti er\u00f6ffnet\",\"datePublished\":\"2024-12-18T10:00:53+00:00\",\"dateModified\":\"2024-12-18T10:00:53+00:00\",\"mainEntityOfPage\":{\"@id\":\"https:\/\/now-news.de\/de\/deutschland\/blasphemie-vorwurf-strafverfahren-gegen-glp-politikerin-sanija-ameti-eroeffnet\/\"},\"wordCount\":476,\"commentCount\":0,\"publisher\":{\"@id\":\"https:\/\/now-news.de\/de\/#organization\"},\"image\":{\"@id\":\"https:\/\/now-news.de\/de\/deutschland\/blasphemie-vorwurf-strafverfahren-gegen-glp-politikerin-sanija-ameti-eroeffnet\/#primaryimage\"},\"thumbnailUrl\":\"https:\/\/now-news.de\/de\/wp-content\/uploads\/sites\/3\/2024\/12\/Blasphemie-Vorwurf-Strafverfahren-gegen-GLP-Politikerin-Sanija-Ameti-eroeffnet.png\",\"keywords\":[\"Ameti\",\"BlasphemieVorwurf\",\"er\u00f6ffnet\",\"gegen\",\"GLPPolitikerin\",\"Sanija\",\"Strafverfahren\"],\"articleSection\":[\"Deutschland\",\"Russland\"],\"inLanguage\":\"de\",\"potentialAction\":[{\"@type\":\"CommentAction\",\"name\":\"Comment\",\"target\":[\"https:\/\/now-news.de\/de\/deutschland\/blasphemie-vorwurf-strafverfahren-gegen-glp-politikerin-sanija-ameti-eroeffnet\/#respond\"]}]},{\"@type\":\"WebPage\",\"@id\":\"https:\/\/now-news.de\/de\/deutschland\/blasphemie-vorwurf-strafverfahren-gegen-glp-politikerin-sanija-ameti-eroeffnet\/\",\"url\":\"https:\/\/now-news.de\/de\/deutschland\/blasphemie-vorwurf-strafverfahren-gegen-glp-politikerin-sanija-ameti-eroeffnet\/\",\"name\":\"Blasphemie-Vorwurf: Strafverfahren gegen GLP-Politikerin Sanija Ameti er\u00f6ffnet - just-now.NEWS Deutschland\",\"isPartOf\":{\"@id\":\"https:\/\/now-news.de\/de\/#website\"},\"primaryImageOfPage\":{\"@id\":\"https:\/\/now-news.de\/de\/deutschland\/blasphemie-vorwurf-strafverfahren-gegen-glp-politikerin-sanija-ameti-eroeffnet\/#primaryimage\"},\"image\":{\"@id\":\"https:\/\/now-news.de\/de\/deutschland\/blasphemie-vorwurf-strafverfahren-gegen-glp-politikerin-sanija-ameti-eroeffnet\/#primaryimage\"},\"thumbnailUrl\":\"https:\/\/now-news.de\/de\/wp-content\/uploads\/sites\/3\/2024\/12\/Blasphemie-Vorwurf-Strafverfahren-gegen-GLP-Politikerin-Sanija-Ameti-eroeffnet.png\",\"datePublished\":\"2024-12-18T10:00:53+00:00\",\"dateModified\":\"2024-12-18T10:00:53+00:00\",\"breadcrumb\":{\"@id\":\"https:\/\/now-news.de\/de\/deutschland\/blasphemie-vorwurf-strafverfahren-gegen-glp-politikerin-sanija-ameti-eroeffnet\/#breadcrumb\"},\"inLanguage\":\"de\",\"potentialAction\":[{\"@type\":\"ReadAction\",\"target\":[\"https:\/\/now-news.de\/de\/deutschland\/blasphemie-vorwurf-strafverfahren-gegen-glp-politikerin-sanija-ameti-eroeffnet\/\"]}]},{\"@type\":\"ImageObject\",\"inLanguage\":\"de\",\"@id\":\"https:\/\/now-news.de\/de\/deutschland\/blasphemie-vorwurf-strafverfahren-gegen-glp-politikerin-sanija-ameti-eroeffnet\/#primaryimage\",\"url\":\"https:\/\/now-news.de\/de\/wp-content\/uploads\/sites\/3\/2024\/12\/Blasphemie-Vorwurf-Strafverfahren-gegen-GLP-Politikerin-Sanija-Ameti-eroeffnet.png\",\"contentUrl\":\"https:\/\/now-news.de\/de\/wp-content\/uploads\/sites\/3\/2024\/12\/Blasphemie-Vorwurf-Strafverfahren-gegen-GLP-Politikerin-Sanija-Ameti-eroeffnet.png\",\"width\":460,\"height\":259,\"caption\":\"Blasphemie-Vorwurf: Strafverfahren gegen GLP-Politikerin Sanija Ameti er\u00f6ffnet\"},{\"@type\":\"BreadcrumbList\",\"@id\":\"https:\/\/now-news.de\/de\/deutschland\/blasphemie-vorwurf-strafverfahren-gegen-glp-politikerin-sanija-ameti-eroeffnet\/#breadcrumb\",\"itemListElement\":[{\"@type\":\"ListItem\",\"position\":1,\"name\":\"Home\",\"item\":\"https:\/\/now-news.de\/de\/\"},{\"@type\":\"ListItem\",\"position\":2,\"name\":\"Blasphemie-Vorwurf: Strafverfahren gegen GLP-Politikerin Sanija Ameti er\u00f6ffnet\"}]},{\"@type\":\"WebSite\",\"@id\":\"https:\/\/now-news.de\/de\/#website\",\"url\":\"https:\/\/now-news.de\/de\/\",\"name\":\"just-now.NEWS Deutschland\",\"description\":\"Das Portal f\u00fcr unzensierte Nachrichten aus der Welt\",\"publisher\":{\"@id\":\"https:\/\/now-news.de\/de\/#organization\"},\"potentialAction\":[{\"@type\":\"SearchAction\",\"target\":{\"@type\":\"EntryPoint\",\"urlTemplate\":\"https:\/\/now-news.de\/de\/?s={search_term_string}\"},\"query-input\":\"required name=search_term_string\"}],\"inLanguage\":\"de\"},{\"@type\":\"Organization\",\"@id\":\"https:\/\/now-news.de\/de\/#organization\",\"name\":\"Just Now News\",\"url\":\"https:\/\/now-news.de\/de\/\",\"logo\":{\"@type\":\"ImageObject\",\"inLanguage\":\"de\",\"@id\":\"https:\/\/now-news.de\/de\/#\/schema\/logo\/image\/\",\"url\":\"http:\/\/just-now.news\/de\/wp-content\/uploads\/sites\/3\/2022\/04\/logo500x500.jpg\",\"contentUrl\":\"http:\/\/just-now.news\/de\/wp-content\/uploads\/sites\/3\/2022\/04\/logo500x500.jpg\",\"width\":500,\"height\":500,\"caption\":\"Just Now News\"},\"image\":{\"@id\":\"https:\/\/now-news.de\/de\/#\/schema\/logo\/image\/\"},\"sameAs\":[\"https:\/\/www.facebook.com\/wirmachenauf\",\"https:\/\/x.com\/WirMachenAuf_de\"]},{\"@type\":\"Person\",\"@id\":\"https:\/\/now-news.de\/de\/#\/schema\/person\/fb534a4e865501d8b3285208df34a9b5\",\"name\":\"rtnews\",\"image\":{\"@type\":\"ImageObject\",\"inLanguage\":\"de\",\"@id\":\"https:\/\/now-news.de\/de\/#\/schema\/person\/image\/\",\"url\":\"https:\/\/secure.gravatar.com\/avatar\/82aafea7d8127119dd649515f56e2117?s=96&d=mm&r=g\",\"contentUrl\":\"https:\/\/secure.gravatar.com\/avatar\/82aafea7d8127119dd649515f56e2117?s=96&d=mm&r=g\",\"caption\":\"rtnews\"},\"url\":\"https:\/\/now-news.de\/de\/author\/rnews\/\"}]}<\/script>\n<!-- \/ Yoast SEO Premium plugin. -->","yoast_head_json":{"title":"Blasphemie-Vorwurf: Strafverfahren gegen GLP-Politikerin Sanija Ameti er\u00f6ffnet - just-now.NEWS Deutschland","robots":{"index":"index","follow":"follow","max-snippet":"max-snippet:-1","max-image-preview":"max-image-preview:large","max-video-preview":"max-video-preview:-1"},"canonical":"https:\/\/now-news.de\/de\/deutschland\/blasphemie-vorwurf-strafverfahren-gegen-glp-politikerin-sanija-ameti-eroeffnet\/","og_locale":"de_DE","og_type":"article","og_title":"Blasphemie-Vorwurf: Strafverfahren gegen GLP-Politikerin Sanija Ameti er\u00f6ffnet","og_description":"Nach ihrem kontroversen Post hat die Z\u00fcrcher Staatsanwaltschaft Ermittlungen gegen die umstrittene Politikerin aufgenommen. Trotz des laufenden Verfahrens strebt sie ein politisches Comeback an. Die Z\u00fcrcher Staatsanwaltschaft hat gegen Sanija Ameti, Gemeinder\u00e4tin der Gr\u00fcnliberalen Partei (GLP) und Co-Pr\u00e4sidentin der Operation Libero, ein Strafverfahren eingeleitet. Der Vorwurf: St\u00f6rung der Glaubens- und Kultusfreiheit, ein Tatbestand, der gem\u00e4\u00df [&hellip;]","og_url":"https:\/\/now-news.de\/de\/deutschland\/blasphemie-vorwurf-strafverfahren-gegen-glp-politikerin-sanija-ameti-eroeffnet\/","og_site_name":"just-now.NEWS Deutschland","article_publisher":"https:\/\/www.facebook.com\/wirmachenauf","article_published_time":"2024-12-18T10:00:53+00:00","og_image":[{"url":"https:\/\/now-news.de\/de\/wp-content\/uploads\/sites\/3\/2024\/12\/6762955a48fbef1ec83f4d43.png"}],"author":"rtnews","twitter_card":"summary_large_image","twitter_creator":"@WirMachenAuf_de","twitter_site":"@WirMachenAuf_de","twitter_misc":{"Verfasst von":"rtnews","Gesch\u00e4tzte Lesezeit":"2\u00a0Minuten"},"schema":{"@context":"https:\/\/schema.org","@graph":[{"@type":"Article","@id":"https:\/\/now-news.de\/de\/deutschland\/blasphemie-vorwurf-strafverfahren-gegen-glp-politikerin-sanija-ameti-eroeffnet\/#article","isPartOf":{"@id":"https:\/\/now-news.de\/de\/deutschland\/blasphemie-vorwurf-strafverfahren-gegen-glp-politikerin-sanija-ameti-eroeffnet\/"},"author":{"name":"rtnews","@id":"https:\/\/now-news.de\/de\/#\/schema\/person\/fb534a4e865501d8b3285208df34a9b5"},"headline":"Blasphemie-Vorwurf: Strafverfahren gegen GLP-Politikerin Sanija Ameti er\u00f6ffnet","datePublished":"2024-12-18T10:00:53+00:00","dateModified":"2024-12-18T10:00:53+00:00","mainEntityOfPage":{"@id":"https:\/\/now-news.de\/de\/deutschland\/blasphemie-vorwurf-strafverfahren-gegen-glp-politikerin-sanija-ameti-eroeffnet\/"},"wordCount":476,"commentCount":0,"publisher":{"@id":"https:\/\/now-news.de\/de\/#organization"},"image":{"@id":"https:\/\/now-news.de\/de\/deutschland\/blasphemie-vorwurf-strafverfahren-gegen-glp-politikerin-sanija-ameti-eroeffnet\/#primaryimage"},"thumbnailUrl":"https:\/\/now-news.de\/de\/wp-content\/uploads\/sites\/3\/2024\/12\/Blasphemie-Vorwurf-Strafverfahren-gegen-GLP-Politikerin-Sanija-Ameti-eroeffnet.png","keywords":["Ameti","BlasphemieVorwurf","er\u00f6ffnet","gegen","GLPPolitikerin","Sanija","Strafverfahren"],"articleSection":["Deutschland","Russland"],"inLanguage":"de","potentialAction":[{"@type":"CommentAction","name":"Comment","target":["https:\/\/now-news.de\/de\/deutschland\/blasphemie-vorwurf-strafverfahren-gegen-glp-politikerin-sanija-ameti-eroeffnet\/#respond"]}]},{"@type":"WebPage","@id":"https:\/\/now-news.de\/de\/deutschland\/blasphemie-vorwurf-strafverfahren-gegen-glp-politikerin-sanija-ameti-eroeffnet\/","url":"https:\/\/now-news.de\/de\/deutschland\/blasphemie-vorwurf-strafverfahren-gegen-glp-politikerin-sanija-ameti-eroeffnet\/","name":"Blasphemie-Vorwurf: Strafverfahren gegen GLP-Politikerin Sanija Ameti er\u00f6ffnet - just-now.NEWS Deutschland","isPartOf":{"@id":"https:\/\/now-news.de\/de\/#website"},"primaryImageOfPage":{"@id":"https:\/\/now-news.de\/de\/deutschland\/blasphemie-vorwurf-strafverfahren-gegen-glp-politikerin-sanija-ameti-eroeffnet\/#primaryimage"},"image":{"@id":"https:\/\/now-news.de\/de\/deutschland\/blasphemie-vorwurf-strafverfahren-gegen-glp-politikerin-sanija-ameti-eroeffnet\/#primaryimage"},"thumbnailUrl":"https:\/\/now-news.de\/de\/wp-content\/uploads\/sites\/3\/2024\/12\/Blasphemie-Vorwurf-Strafverfahren-gegen-GLP-Politikerin-Sanija-Ameti-eroeffnet.png","datePublished":"2024-12-18T10:00:53+00:00","dateModified":"2024-12-18T10:00:53+00:00","breadcrumb":{"@id":"https:\/\/now-news.de\/de\/deutschland\/blasphemie-vorwurf-strafverfahren-gegen-glp-politikerin-sanija-ameti-eroeffnet\/#breadcrumb"},"inLanguage":"de","potentialAction":[{"@type":"ReadAction","target":["https:\/\/now-news.de\/de\/deutschland\/blasphemie-vorwurf-strafverfahren-gegen-glp-politikerin-sanija-ameti-eroeffnet\/"]}]},{"@type":"ImageObject","inLanguage":"de","@id":"https:\/\/now-news.de\/de\/deutschland\/blasphemie-vorwurf-strafverfahren-gegen-glp-politikerin-sanija-ameti-eroeffnet\/#primaryimage","url":"https:\/\/now-news.de\/de\/wp-content\/uploads\/sites\/3\/2024\/12\/Blasphemie-Vorwurf-Strafverfahren-gegen-GLP-Politikerin-Sanija-Ameti-eroeffnet.png","contentUrl":"https:\/\/now-news.de\/de\/wp-content\/uploads\/sites\/3\/2024\/12\/Blasphemie-Vorwurf-Strafverfahren-gegen-GLP-Politikerin-Sanija-Ameti-eroeffnet.png","width":460,"height":259,"caption":"Blasphemie-Vorwurf: Strafverfahren gegen GLP-Politikerin Sanija Ameti er\u00f6ffnet"},{"@type":"BreadcrumbList","@id":"https:\/\/now-news.de\/de\/deutschland\/blasphemie-vorwurf-strafverfahren-gegen-glp-politikerin-sanija-ameti-eroeffnet\/#breadcrumb","itemListElement":[{"@type":"ListItem","position":1,"name":"Home","item":"https:\/\/now-news.de\/de\/"},{"@type":"ListItem","position":2,"name":"Blasphemie-Vorwurf: Strafverfahren gegen GLP-Politikerin Sanija Ameti er\u00f6ffnet"}]},{"@type":"WebSite","@id":"https:\/\/now-news.de\/de\/#website","url":"https:\/\/now-news.de\/de\/","name":"just-now.NEWS Deutschland","description":"Das Portal f\u00fcr unzensierte Nachrichten aus der Welt","publisher":{"@id":"https:\/\/now-news.de\/de\/#organization"},"potentialAction":[{"@type":"SearchAction","target":{"@type":"EntryPoint","urlTemplate":"https:\/\/now-news.de\/de\/?s={search_term_string}"},"query-input":"required name=search_term_string"}],"inLanguage":"de"},{"@type":"Organization","@id":"https:\/\/now-news.de\/de\/#organization","name":"Just Now News","url":"https:\/\/now-news.de\/de\/","logo":{"@type":"ImageObject","inLanguage":"de","@id":"https:\/\/now-news.de\/de\/#\/schema\/logo\/image\/","url":"http:\/\/just-now.news\/de\/wp-content\/uploads\/sites\/3\/2022\/04\/logo500x500.jpg","contentUrl":"http:\/\/just-now.news\/de\/wp-content\/uploads\/sites\/3\/2022\/04\/logo500x500.jpg","width":500,"height":500,"caption":"Just Now News"},"image":{"@id":"https:\/\/now-news.de\/de\/#\/schema\/logo\/image\/"},"sameAs":["https:\/\/www.facebook.com\/wirmachenauf","https:\/\/x.com\/WirMachenAuf_de"]},{"@type":"Person","@id":"https:\/\/now-news.de\/de\/#\/schema\/person\/fb534a4e865501d8b3285208df34a9b5","name":"rtnews","image":{"@type":"ImageObject","inLanguage":"de","@id":"https:\/\/now-news.de\/de\/#\/schema\/person\/image\/","url":"https:\/\/secure.gravatar.com\/avatar\/82aafea7d8127119dd649515f56e2117?s=96&d=mm&r=g","contentUrl":"https:\/\/secure.gravatar.com\/avatar\/82aafea7d8127119dd649515f56e2117?s=96&d=mm&r=g","caption":"rtnews"},"url":"https:\/\/now-news.de\/de\/author\/rnews\/"}]}},"_links":{"self":[{"href":"https:\/\/now-news.de\/de\/wp-json\/wp\/v2\/posts\/74747"}],"collection":[{"href":"https:\/\/now-news.de\/de\/wp-json\/wp\/v2\/posts"}],"about":[{"href":"https:\/\/now-news.de\/de\/wp-json\/wp\/v2\/types\/post"}],"author":[{"embeddable":true,"href":"https:\/\/now-news.de\/de\/wp-json\/wp\/v2\/users\/3"}],"replies":[{"embeddable":true,"href":"https:\/\/now-news.de\/de\/wp-json\/wp\/v2\/comments?post=74747"}],"version-history":[{"count":0,"href":"https:\/\/now-news.de\/de\/wp-json\/wp\/v2\/posts\/74747\/revisions"}],"wp:featuredmedia":[{"embeddable":true,"href":"https:\/\/now-news.de\/de\/wp-json\/wp\/v2\/media\/74748"}],"wp:attachment":[{"href":"https:\/\/now-news.de\/de\/wp-json\/wp\/v2\/media?parent=74747"}],"wp:term":[{"taxonomy":"category","embeddable":true,"href":"https:\/\/now-news.de\/de\/wp-json\/wp\/v2\/categories?post=74747"},{"taxonomy":"post_tag","embeddable":true,"href":"https:\/\/now-news.de\/de\/wp-json\/wp\/v2\/tags?post=74747"}],"curies":[{"name":"wp","href":"https:\/\/api.w.org\/{rel}","templated":true}]}}