{"id":74703,"date":"2024-12-17T17:25:14","date_gmt":"2024-12-17T15:25:14","guid":{"rendered":"https:\/\/now-news.de\/de\/deutschland\/nach-sieben-jahren-restaurierung-iwan-der-schreckliche-wieder-in-der-tretjakow-galerie\/"},"modified":"2024-12-17T17:25:14","modified_gmt":"2024-12-17T15:25:14","slug":"nach-sieben-jahren-restaurierung-iwan-der-schreckliche-wieder-in-der-tretjakow-galerie","status":"publish","type":"post","link":"https:\/\/now-news.de\/de\/deutschland\/nach-sieben-jahren-restaurierung-iwan-der-schreckliche-wieder-in-der-tretjakow-galerie\/","title":{"rendered":"Nach sieben Jahren Restaurierung: &quot;Iwan der Schreckliche&quot; wieder in der Tretjakow-Galerie"},"content":{"rendered":"<p><img decoding=\"async\" src=\"https:\/\/now-news.de\/de\/wp-content\/uploads\/sites\/3\/2024\/12\/67616eb848fbef1f28630d81.jpg\" \/><\/p>\n<div class=\"Text-root Text-type_1 \">\n                Das leidgeplagte Gem\u00e4lde &#8220;Iwan der Schreckliche und sein Sohn Iwan am 16. November 1581&#8221; von Ilja Repin kehrt nach fast sieben Jahren in die Tretjakow-Galerie zur\u00fcck. Nach einer Vandalismusattacke im Jahr 2018 wurde das Werk in einem eigens daf\u00fcr eingerichteten Atelier restauriert.\n            <\/div>\n<p><\/p>\n<div class=\"Text-root Text-type_5 ArticleView-text ViewText-root \">\n<p>Das Gem\u00e4lde &#8220;Iwan der Schreckliche und sein Sohn Iwan am 16. November 1581&#8221; von Ilja Repin, das oft auch unter dem Titel &#8220;Iwan der Schreckliche t\u00f6tet seinen Sohn&#8221; bekannt ist, hat nach fast sieben\u00a0Jahren der Restaurierung seinen Platz in der st\u00e4ndigen Sammlung der Tretjakow-Galerie in Moskau zur\u00fcckerobert. Das Werk,\u00a0welches zu den bedeutendsten der russischen Kunstgeschichte geh\u00f6rt, wurde im Jahr 2018 Ziel einer Vandalismusattacke, bei der\u00a0es erheblich besch\u00e4digt wurde.<\/p>\n<p>Der\u00a0Angriff ereignete sich im Mai 2018, als ein betrunkener Besucher mit einem Absperrpfosten die Schutzscheibe des Bildes einschlug. Das Bild wurde an drei Stellen aufgerissen, der Rahmen ebenfalls besch\u00e4digt. Der Angreifer erkl\u00e4rte sp\u00e4ter, dass ihn die Darstellung von Iwan dem Schrecklichen als grausamem M\u00f6rder so sehr aufgeregt habe, dass er aus Wut das Kunstwerk habe zerst\u00f6ren wollen. Im Jahr 2019 wurde\u00a0der Mann in Moskau zu zweieinhalb Jahren Haft verurteilt. Der Schaden wurde auf 30 Millionen Rubel (ca. 280.000 Euro) gesch\u00e4tzt.<\/p>\n<p>Dieser Vorfall f\u00fchrte zu einem umfassenden Restaurierungsprojekt, das unter speziellen Bedingungen durchgef\u00fchrt wurde. Eine eigens daf\u00fcr eingerichtete Werkstatt erm\u00f6glichte es, die Sch\u00e4den mit gr\u00f6\u00dftm\u00f6glicher Pr\u00e4zision zu beheben. Die Arbeiten begannen 2019 mit dem ersten Schritt, das Gem\u00e4lde &#8220;zu duplizieren&#8221;, also auf einen neuen Leinwandstoff zu \u00fcbertragen, um die urspr\u00fcngliche Qualit\u00e4t zu bewahren. Dieser Schritt war notwendig, da die urspr\u00fcngliche Leinwand aufgrund der Sch\u00e4den nicht mehr in ihrer urspr\u00fcnglichen Form erhalten werden konnte.<\/p>\n<p>Am\u00a0Dienstag er\u00f6ffnete die Tretjakow-Galerie eine neue Ausstellung, die nicht nur das restaurierte Meisterwerk zeigt, sondern auch einen umfassenden Blick auf den langen und schwierigen Prozess seiner Wiederherstellung bietet. Die Ausstellung wird bis November 2025 ge\u00f6ffnet sein. Auch Archivmaterialien und Dokumente, die die \u00f6ffentliche Reaktion auf das Werk und die Geschichte der wiederholten Angriffe auf das Bild zeigen, werden pr\u00e4sentiert.<\/p>\n<p>&#8220;Das Werk ist jetzt zuverl\u00e4ssig gesch\u00fctzt: Es wird\u00a0nun in einer speziell entworfenen, klimatisierten, vandalismussicheren Kapsel ausgestellt&#8221;, teilte Kulturministerin Olga Ljubimowa mit.<\/p>\n<p>Die Geschichte des Gem\u00e4ldes ist von zahlreichen dramatischen Ereignissen gepr\u00e4gt. Bereits 1913, noch zu Repins Lebzeiten, wurde das Werk von einem Ikonenmaler mit einem Messer attackiert. Dieser war emp\u00f6rt \u00fcber die Darstellung von Iwan dem Schrecklichen und seinem Sohn und f\u00fcgte dem Gem\u00e4lde mit drei Messerstichen erheblichen Schaden zu. Die Gesichter der abgebildeten Figuren mussten\u00a0in der Folge\u00a0praktisch neu geschaffen werden.<\/p>\n<p>Das Gem\u00e4lde wurde 1885 von Repin vollendet und erlangte\u00a0rasch gro\u00dfe Ber\u00fchmtheit. Es zeigt den russischen Zaren Iwan IV., auch Iwan der Schreckliche genannt, der in einem Wutanfall seinen eigenen Sohn get\u00f6tet haben soll. Ob dies wirklich geschah, ist umstritten. Die Darstellung machte das Gem\u00e4lde zu einem der bekanntesten Werke Repins. Es wurde von Pawel Michailowitsch Tretjakow, dem Gr\u00fcnder der Tretjakow-Galerie, erworben und ist seitdem ein zentrales Exponat der Sammlung.<\/p>\n<p><strong>Mehr zum Thema<\/strong> &#8211; <a rel=\"nofollow noopener\" target=\"_blank\" href=\"https:\/\/freedert.online\/newsticker\/70469-attentat-gegen-iwan-den-schrecklichen-mann-beschaedigt-ilja-repins-gemaelde-in-tretjakow-galerie\/\">Attentat gegen Iwan den Schrecklichen: Mann besch\u00e4digt Ilja Repins Gem\u00e4lde in Tretjakow-Galerie<\/a><\/p>\n<div class=\"EmbedBlock-root EmbedBlock-externalVideo EmbedBlock-rumble\">\n<div class=\"VkEmbed\"><iframe class=\"lazyload\" data-src=\"https:\/\/rumble.com\/embed\/v5xs6kn\" frameborder=\"0\" width=\"853\" height=\"480\" allowfullscreen><\/iframe><\/div>\n<\/div>\n<\/div>\n<p><br \/>\n<br \/><a href=\"https:\/\/de.rt.com\/russland\/229841-nach-sieben-jahren-restaurierung-iwan\/\">Source link <\/a><\/p>\n","protected":false},"excerpt":{"rendered":"<p>Das leidgeplagte Gem\u00e4lde &#8220;Iwan der Schreckliche und sein Sohn Iwan am 16. November 1581&#8221; von Ilja Repin kehrt nach fast sieben Jahren in die Tretjakow-Galerie zur\u00fcck. Nach einer Vandalismusattacke im Jahr 2018 wurde das Werk in einem eigens daf\u00fcr eingerichteten Atelier restauriert. Das Gem\u00e4lde &#8220;Iwan der Schreckliche und sein Sohn Iwan am 16. November 1581&#8221; [&hellip;]<\/p>\n","protected":false},"author":3,"featured_media":74704,"comment_status":"open","ping_status":"open","sticky":false,"template":"","format":"standard","meta":{"_yoast_indexnow_last_ping":["1734449351"],"wp_automatic_camp":["217"],"0af46b74956993448e3c95d3df5b9b90":["Nach sieben Jahren Restaurierung: &quot;Iwan der Schreckliche&quot; wieder in der Tretjakow-Galerie"],"original_link":["https:\/\/de.rt.com\/russland\/229841-nach-sieben-jahren-restaurierung-iwan\/"],"_thumbnail_id":["74704"],"_wptgpro_p2tg_sent2tg":["a:1:{i:23737;s:19:\"2024-12-17 17:31:22\";}"],"jnews_social_counter_last_update":["1777278824"]},"categories":[19,23],"tags":[82,1728,979,61099,49334,61100,1812,46252,904],"yoast_head":"<!-- This site is optimized with the Yoast SEO Premium plugin v22.7 (Yoast SEO v22.7) - https:\/\/yoast.com\/wordpress\/plugins\/seo\/ -->\n<title>Nach sieben Jahren Restaurierung: &quot;Iwan der Schreckliche&quot; wieder in der Tretjakow-Galerie - just-now.NEWS Deutschland<\/title>\n<meta name=\"robots\" content=\"index, follow, max-snippet:-1, max-image-preview:large, max-video-preview:-1\" \/>\n<link rel=\"canonical\" href=\"https:\/\/now-news.de\/de\/deutschland\/nach-sieben-jahren-restaurierung-iwan-der-schreckliche-wieder-in-der-tretjakow-galerie\/\" \/>\n<meta property=\"og:locale\" content=\"de_DE\" \/>\n<meta property=\"og:type\" content=\"article\" \/>\n<meta property=\"og:title\" content=\"Nach sieben Jahren Restaurierung: &quot;Iwan der Schreckliche&quot; wieder in der Tretjakow-Galerie\" \/>\n<meta property=\"og:description\" content=\"Das leidgeplagte Gem\u00e4lde &#8220;Iwan der Schreckliche und sein Sohn Iwan am 16. November 1581&#8221; von Ilja Repin kehrt nach fast sieben Jahren in die Tretjakow-Galerie zur\u00fcck. Nach einer Vandalismusattacke im Jahr 2018 wurde das Werk in einem eigens daf\u00fcr eingerichteten Atelier restauriert. Das Gem\u00e4lde &#8220;Iwan der Schreckliche und sein Sohn Iwan am 16. November 1581&#8221; [&hellip;]\" \/>\n<meta property=\"og:url\" content=\"https:\/\/now-news.de\/de\/deutschland\/nach-sieben-jahren-restaurierung-iwan-der-schreckliche-wieder-in-der-tretjakow-galerie\/\" \/>\n<meta property=\"og:site_name\" content=\"just-now.NEWS Deutschland\" \/>\n<meta property=\"article:publisher\" content=\"https:\/\/www.facebook.com\/wirmachenauf\" \/>\n<meta property=\"article:published_time\" content=\"2024-12-17T15:25:14+00:00\" \/>\n<meta property=\"og:image\" content=\"https:\/\/now-news.de\/de\/wp-content\/uploads\/sites\/3\/2024\/12\/67616eb848fbef1f28630d81.jpg\" \/>\n<meta name=\"author\" content=\"rtnews\" \/>\n<meta name=\"twitter:card\" content=\"summary_large_image\" \/>\n<meta name=\"twitter:creator\" content=\"@WirMachenAuf_de\" \/>\n<meta name=\"twitter:site\" content=\"@WirMachenAuf_de\" \/>\n<meta name=\"twitter:label1\" content=\"Verfasst von\" \/>\n\t<meta name=\"twitter:data1\" content=\"rtnews\" \/>\n\t<meta name=\"twitter:label2\" content=\"Gesch\u00e4tzte Lesezeit\" \/>\n\t<meta name=\"twitter:data2\" content=\"3\u00a0Minuten\" \/>\n<script type=\"application\/ld+json\" class=\"yoast-schema-graph\">{\"@context\":\"https:\/\/schema.org\",\"@graph\":[{\"@type\":\"Article\",\"@id\":\"https:\/\/now-news.de\/de\/deutschland\/nach-sieben-jahren-restaurierung-iwan-der-schreckliche-wieder-in-der-tretjakow-galerie\/#article\",\"isPartOf\":{\"@id\":\"https:\/\/now-news.de\/de\/deutschland\/nach-sieben-jahren-restaurierung-iwan-der-schreckliche-wieder-in-der-tretjakow-galerie\/\"},\"author\":{\"name\":\"rtnews\",\"@id\":\"https:\/\/now-news.de\/de\/#\/schema\/person\/fb534a4e865501d8b3285208df34a9b5\"},\"headline\":\"Nach sieben Jahren Restaurierung: &quot;Iwan der Schreckliche&quot; wieder in der Tretjakow-Galerie\",\"datePublished\":\"2024-12-17T15:25:14+00:00\",\"dateModified\":\"2024-12-17T15:25:14+00:00\",\"mainEntityOfPage\":{\"@id\":\"https:\/\/now-news.de\/de\/deutschland\/nach-sieben-jahren-restaurierung-iwan-der-schreckliche-wieder-in-der-tretjakow-galerie\/\"},\"wordCount\":546,\"commentCount\":0,\"publisher\":{\"@id\":\"https:\/\/now-news.de\/de\/#organization\"},\"image\":{\"@id\":\"https:\/\/now-news.de\/de\/deutschland\/nach-sieben-jahren-restaurierung-iwan-der-schreckliche-wieder-in-der-tretjakow-galerie\/#primaryimage\"},\"thumbnailUrl\":\"https:\/\/now-news.de\/de\/wp-content\/uploads\/sites\/3\/2024\/12\/Nach-sieben-Jahren-Restaurierung-quotIwan-der-Schrecklichequot-wieder-in-der.jpg\",\"keywords\":[\"der\",\"Jahren\",\"nach\",\"quotIwan\",\"Restaurierung\",\"Schrecklichequot\",\"Sieben\",\"TretjakowGalerie\",\"wieder\"],\"articleSection\":[\"Deutschland\",\"Russland\"],\"inLanguage\":\"de\",\"potentialAction\":[{\"@type\":\"CommentAction\",\"name\":\"Comment\",\"target\":[\"https:\/\/now-news.de\/de\/deutschland\/nach-sieben-jahren-restaurierung-iwan-der-schreckliche-wieder-in-der-tretjakow-galerie\/#respond\"]}]},{\"@type\":\"WebPage\",\"@id\":\"https:\/\/now-news.de\/de\/deutschland\/nach-sieben-jahren-restaurierung-iwan-der-schreckliche-wieder-in-der-tretjakow-galerie\/\",\"url\":\"https:\/\/now-news.de\/de\/deutschland\/nach-sieben-jahren-restaurierung-iwan-der-schreckliche-wieder-in-der-tretjakow-galerie\/\",\"name\":\"Nach sieben Jahren Restaurierung: &quot;Iwan der Schreckliche&quot; wieder in der Tretjakow-Galerie - just-now.NEWS Deutschland\",\"isPartOf\":{\"@id\":\"https:\/\/now-news.de\/de\/#website\"},\"primaryImageOfPage\":{\"@id\":\"https:\/\/now-news.de\/de\/deutschland\/nach-sieben-jahren-restaurierung-iwan-der-schreckliche-wieder-in-der-tretjakow-galerie\/#primaryimage\"},\"image\":{\"@id\":\"https:\/\/now-news.de\/de\/deutschland\/nach-sieben-jahren-restaurierung-iwan-der-schreckliche-wieder-in-der-tretjakow-galerie\/#primaryimage\"},\"thumbnailUrl\":\"https:\/\/now-news.de\/de\/wp-content\/uploads\/sites\/3\/2024\/12\/Nach-sieben-Jahren-Restaurierung-quotIwan-der-Schrecklichequot-wieder-in-der.jpg\",\"datePublished\":\"2024-12-17T15:25:14+00:00\",\"dateModified\":\"2024-12-17T15:25:14+00:00\",\"breadcrumb\":{\"@id\":\"https:\/\/now-news.de\/de\/deutschland\/nach-sieben-jahren-restaurierung-iwan-der-schreckliche-wieder-in-der-tretjakow-galerie\/#breadcrumb\"},\"inLanguage\":\"de\",\"potentialAction\":[{\"@type\":\"ReadAction\",\"target\":[\"https:\/\/now-news.de\/de\/deutschland\/nach-sieben-jahren-restaurierung-iwan-der-schreckliche-wieder-in-der-tretjakow-galerie\/\"]}]},{\"@type\":\"ImageObject\",\"inLanguage\":\"de\",\"@id\":\"https:\/\/now-news.de\/de\/deutschland\/nach-sieben-jahren-restaurierung-iwan-der-schreckliche-wieder-in-der-tretjakow-galerie\/#primaryimage\",\"url\":\"https:\/\/now-news.de\/de\/wp-content\/uploads\/sites\/3\/2024\/12\/Nach-sieben-Jahren-Restaurierung-quotIwan-der-Schrecklichequot-wieder-in-der.jpg\",\"contentUrl\":\"https:\/\/now-news.de\/de\/wp-content\/uploads\/sites\/3\/2024\/12\/Nach-sieben-Jahren-Restaurierung-quotIwan-der-Schrecklichequot-wieder-in-der.jpg\",\"width\":460,\"height\":259,\"caption\":\"Nach sieben Jahren Restaurierung: &quot;Iwan der Schreckliche&quot; wieder in der Tretjakow-Galerie\"},{\"@type\":\"BreadcrumbList\",\"@id\":\"https:\/\/now-news.de\/de\/deutschland\/nach-sieben-jahren-restaurierung-iwan-der-schreckliche-wieder-in-der-tretjakow-galerie\/#breadcrumb\",\"itemListElement\":[{\"@type\":\"ListItem\",\"position\":1,\"name\":\"Home\",\"item\":\"https:\/\/now-news.de\/de\/\"},{\"@type\":\"ListItem\",\"position\":2,\"name\":\"Nach sieben Jahren Restaurierung: &quot;Iwan der Schreckliche&quot; wieder in der Tretjakow-Galerie\"}]},{\"@type\":\"WebSite\",\"@id\":\"https:\/\/now-news.de\/de\/#website\",\"url\":\"https:\/\/now-news.de\/de\/\",\"name\":\"just-now.NEWS Deutschland\",\"description\":\"Das Portal f\u00fcr unzensierte Nachrichten aus der Welt\",\"publisher\":{\"@id\":\"https:\/\/now-news.de\/de\/#organization\"},\"potentialAction\":[{\"@type\":\"SearchAction\",\"target\":{\"@type\":\"EntryPoint\",\"urlTemplate\":\"https:\/\/now-news.de\/de\/?s={search_term_string}\"},\"query-input\":\"required name=search_term_string\"}],\"inLanguage\":\"de\"},{\"@type\":\"Organization\",\"@id\":\"https:\/\/now-news.de\/de\/#organization\",\"name\":\"Just Now News\",\"url\":\"https:\/\/now-news.de\/de\/\",\"logo\":{\"@type\":\"ImageObject\",\"inLanguage\":\"de\",\"@id\":\"https:\/\/now-news.de\/de\/#\/schema\/logo\/image\/\",\"url\":\"http:\/\/just-now.news\/de\/wp-content\/uploads\/sites\/3\/2022\/04\/logo500x500.jpg\",\"contentUrl\":\"http:\/\/just-now.news\/de\/wp-content\/uploads\/sites\/3\/2022\/04\/logo500x500.jpg\",\"width\":500,\"height\":500,\"caption\":\"Just Now News\"},\"image\":{\"@id\":\"https:\/\/now-news.de\/de\/#\/schema\/logo\/image\/\"},\"sameAs\":[\"https:\/\/www.facebook.com\/wirmachenauf\",\"https:\/\/x.com\/WirMachenAuf_de\"]},{\"@type\":\"Person\",\"@id\":\"https:\/\/now-news.de\/de\/#\/schema\/person\/fb534a4e865501d8b3285208df34a9b5\",\"name\":\"rtnews\",\"image\":{\"@type\":\"ImageObject\",\"inLanguage\":\"de\",\"@id\":\"https:\/\/now-news.de\/de\/#\/schema\/person\/image\/\",\"url\":\"https:\/\/secure.gravatar.com\/avatar\/82aafea7d8127119dd649515f56e2117?s=96&d=mm&r=g\",\"contentUrl\":\"https:\/\/secure.gravatar.com\/avatar\/82aafea7d8127119dd649515f56e2117?s=96&d=mm&r=g\",\"caption\":\"rtnews\"},\"url\":\"https:\/\/now-news.de\/de\/author\/rnews\/\"}]}<\/script>\n<!-- \/ Yoast SEO Premium plugin. -->","yoast_head_json":{"title":"Nach sieben Jahren Restaurierung: &quot;Iwan der Schreckliche&quot; wieder in der Tretjakow-Galerie - just-now.NEWS Deutschland","robots":{"index":"index","follow":"follow","max-snippet":"max-snippet:-1","max-image-preview":"max-image-preview:large","max-video-preview":"max-video-preview:-1"},"canonical":"https:\/\/now-news.de\/de\/deutschland\/nach-sieben-jahren-restaurierung-iwan-der-schreckliche-wieder-in-der-tretjakow-galerie\/","og_locale":"de_DE","og_type":"article","og_title":"Nach sieben Jahren Restaurierung: &quot;Iwan der Schreckliche&quot; wieder in der Tretjakow-Galerie","og_description":"Das leidgeplagte Gem\u00e4lde &#8220;Iwan der Schreckliche und sein Sohn Iwan am 16. November 1581&#8221; von Ilja Repin kehrt nach fast sieben Jahren in die Tretjakow-Galerie zur\u00fcck. Nach einer Vandalismusattacke im Jahr 2018 wurde das Werk in einem eigens daf\u00fcr eingerichteten Atelier restauriert. Das Gem\u00e4lde &#8220;Iwan der Schreckliche und sein Sohn Iwan am 16. November 1581&#8221; [&hellip;]","og_url":"https:\/\/now-news.de\/de\/deutschland\/nach-sieben-jahren-restaurierung-iwan-der-schreckliche-wieder-in-der-tretjakow-galerie\/","og_site_name":"just-now.NEWS Deutschland","article_publisher":"https:\/\/www.facebook.com\/wirmachenauf","article_published_time":"2024-12-17T15:25:14+00:00","og_image":[{"url":"https:\/\/now-news.de\/de\/wp-content\/uploads\/sites\/3\/2024\/12\/67616eb848fbef1f28630d81.jpg"}],"author":"rtnews","twitter_card":"summary_large_image","twitter_creator":"@WirMachenAuf_de","twitter_site":"@WirMachenAuf_de","twitter_misc":{"Verfasst von":"rtnews","Gesch\u00e4tzte Lesezeit":"3\u00a0Minuten"},"schema":{"@context":"https:\/\/schema.org","@graph":[{"@type":"Article","@id":"https:\/\/now-news.de\/de\/deutschland\/nach-sieben-jahren-restaurierung-iwan-der-schreckliche-wieder-in-der-tretjakow-galerie\/#article","isPartOf":{"@id":"https:\/\/now-news.de\/de\/deutschland\/nach-sieben-jahren-restaurierung-iwan-der-schreckliche-wieder-in-der-tretjakow-galerie\/"},"author":{"name":"rtnews","@id":"https:\/\/now-news.de\/de\/#\/schema\/person\/fb534a4e865501d8b3285208df34a9b5"},"headline":"Nach sieben Jahren Restaurierung: &quot;Iwan der Schreckliche&quot; wieder in der Tretjakow-Galerie","datePublished":"2024-12-17T15:25:14+00:00","dateModified":"2024-12-17T15:25:14+00:00","mainEntityOfPage":{"@id":"https:\/\/now-news.de\/de\/deutschland\/nach-sieben-jahren-restaurierung-iwan-der-schreckliche-wieder-in-der-tretjakow-galerie\/"},"wordCount":546,"commentCount":0,"publisher":{"@id":"https:\/\/now-news.de\/de\/#organization"},"image":{"@id":"https:\/\/now-news.de\/de\/deutschland\/nach-sieben-jahren-restaurierung-iwan-der-schreckliche-wieder-in-der-tretjakow-galerie\/#primaryimage"},"thumbnailUrl":"https:\/\/now-news.de\/de\/wp-content\/uploads\/sites\/3\/2024\/12\/Nach-sieben-Jahren-Restaurierung-quotIwan-der-Schrecklichequot-wieder-in-der.jpg","keywords":["der","Jahren","nach","quotIwan","Restaurierung","Schrecklichequot","Sieben","TretjakowGalerie","wieder"],"articleSection":["Deutschland","Russland"],"inLanguage":"de","potentialAction":[{"@type":"CommentAction","name":"Comment","target":["https:\/\/now-news.de\/de\/deutschland\/nach-sieben-jahren-restaurierung-iwan-der-schreckliche-wieder-in-der-tretjakow-galerie\/#respond"]}]},{"@type":"WebPage","@id":"https:\/\/now-news.de\/de\/deutschland\/nach-sieben-jahren-restaurierung-iwan-der-schreckliche-wieder-in-der-tretjakow-galerie\/","url":"https:\/\/now-news.de\/de\/deutschland\/nach-sieben-jahren-restaurierung-iwan-der-schreckliche-wieder-in-der-tretjakow-galerie\/","name":"Nach sieben Jahren Restaurierung: &quot;Iwan der Schreckliche&quot; wieder in der Tretjakow-Galerie - just-now.NEWS Deutschland","isPartOf":{"@id":"https:\/\/now-news.de\/de\/#website"},"primaryImageOfPage":{"@id":"https:\/\/now-news.de\/de\/deutschland\/nach-sieben-jahren-restaurierung-iwan-der-schreckliche-wieder-in-der-tretjakow-galerie\/#primaryimage"},"image":{"@id":"https:\/\/now-news.de\/de\/deutschland\/nach-sieben-jahren-restaurierung-iwan-der-schreckliche-wieder-in-der-tretjakow-galerie\/#primaryimage"},"thumbnailUrl":"https:\/\/now-news.de\/de\/wp-content\/uploads\/sites\/3\/2024\/12\/Nach-sieben-Jahren-Restaurierung-quotIwan-der-Schrecklichequot-wieder-in-der.jpg","datePublished":"2024-12-17T15:25:14+00:00","dateModified":"2024-12-17T15:25:14+00:00","breadcrumb":{"@id":"https:\/\/now-news.de\/de\/deutschland\/nach-sieben-jahren-restaurierung-iwan-der-schreckliche-wieder-in-der-tretjakow-galerie\/#breadcrumb"},"inLanguage":"de","potentialAction":[{"@type":"ReadAction","target":["https:\/\/now-news.de\/de\/deutschland\/nach-sieben-jahren-restaurierung-iwan-der-schreckliche-wieder-in-der-tretjakow-galerie\/"]}]},{"@type":"ImageObject","inLanguage":"de","@id":"https:\/\/now-news.de\/de\/deutschland\/nach-sieben-jahren-restaurierung-iwan-der-schreckliche-wieder-in-der-tretjakow-galerie\/#primaryimage","url":"https:\/\/now-news.de\/de\/wp-content\/uploads\/sites\/3\/2024\/12\/Nach-sieben-Jahren-Restaurierung-quotIwan-der-Schrecklichequot-wieder-in-der.jpg","contentUrl":"https:\/\/now-news.de\/de\/wp-content\/uploads\/sites\/3\/2024\/12\/Nach-sieben-Jahren-Restaurierung-quotIwan-der-Schrecklichequot-wieder-in-der.jpg","width":460,"height":259,"caption":"Nach sieben Jahren Restaurierung: &quot;Iwan der Schreckliche&quot; wieder in der Tretjakow-Galerie"},{"@type":"BreadcrumbList","@id":"https:\/\/now-news.de\/de\/deutschland\/nach-sieben-jahren-restaurierung-iwan-der-schreckliche-wieder-in-der-tretjakow-galerie\/#breadcrumb","itemListElement":[{"@type":"ListItem","position":1,"name":"Home","item":"https:\/\/now-news.de\/de\/"},{"@type":"ListItem","position":2,"name":"Nach sieben Jahren Restaurierung: &quot;Iwan der Schreckliche&quot; wieder in der Tretjakow-Galerie"}]},{"@type":"WebSite","@id":"https:\/\/now-news.de\/de\/#website","url":"https:\/\/now-news.de\/de\/","name":"just-now.NEWS Deutschland","description":"Das Portal f\u00fcr unzensierte Nachrichten aus der Welt","publisher":{"@id":"https:\/\/now-news.de\/de\/#organization"},"potentialAction":[{"@type":"SearchAction","target":{"@type":"EntryPoint","urlTemplate":"https:\/\/now-news.de\/de\/?s={search_term_string}"},"query-input":"required name=search_term_string"}],"inLanguage":"de"},{"@type":"Organization","@id":"https:\/\/now-news.de\/de\/#organization","name":"Just Now News","url":"https:\/\/now-news.de\/de\/","logo":{"@type":"ImageObject","inLanguage":"de","@id":"https:\/\/now-news.de\/de\/#\/schema\/logo\/image\/","url":"http:\/\/just-now.news\/de\/wp-content\/uploads\/sites\/3\/2022\/04\/logo500x500.jpg","contentUrl":"http:\/\/just-now.news\/de\/wp-content\/uploads\/sites\/3\/2022\/04\/logo500x500.jpg","width":500,"height":500,"caption":"Just Now News"},"image":{"@id":"https:\/\/now-news.de\/de\/#\/schema\/logo\/image\/"},"sameAs":["https:\/\/www.facebook.com\/wirmachenauf","https:\/\/x.com\/WirMachenAuf_de"]},{"@type":"Person","@id":"https:\/\/now-news.de\/de\/#\/schema\/person\/fb534a4e865501d8b3285208df34a9b5","name":"rtnews","image":{"@type":"ImageObject","inLanguage":"de","@id":"https:\/\/now-news.de\/de\/#\/schema\/person\/image\/","url":"https:\/\/secure.gravatar.com\/avatar\/82aafea7d8127119dd649515f56e2117?s=96&d=mm&r=g","contentUrl":"https:\/\/secure.gravatar.com\/avatar\/82aafea7d8127119dd649515f56e2117?s=96&d=mm&r=g","caption":"rtnews"},"url":"https:\/\/now-news.de\/de\/author\/rnews\/"}]}},"_links":{"self":[{"href":"https:\/\/now-news.de\/de\/wp-json\/wp\/v2\/posts\/74703"}],"collection":[{"href":"https:\/\/now-news.de\/de\/wp-json\/wp\/v2\/posts"}],"about":[{"href":"https:\/\/now-news.de\/de\/wp-json\/wp\/v2\/types\/post"}],"author":[{"embeddable":true,"href":"https:\/\/now-news.de\/de\/wp-json\/wp\/v2\/users\/3"}],"replies":[{"embeddable":true,"href":"https:\/\/now-news.de\/de\/wp-json\/wp\/v2\/comments?post=74703"}],"version-history":[{"count":0,"href":"https:\/\/now-news.de\/de\/wp-json\/wp\/v2\/posts\/74703\/revisions"}],"wp:featuredmedia":[{"embeddable":true,"href":"https:\/\/now-news.de\/de\/wp-json\/wp\/v2\/media\/74704"}],"wp:attachment":[{"href":"https:\/\/now-news.de\/de\/wp-json\/wp\/v2\/media?parent=74703"}],"wp:term":[{"taxonomy":"category","embeddable":true,"href":"https:\/\/now-news.de\/de\/wp-json\/wp\/v2\/categories?post=74703"},{"taxonomy":"post_tag","embeddable":true,"href":"https:\/\/now-news.de\/de\/wp-json\/wp\/v2\/tags?post=74703"}],"curies":[{"name":"wp","href":"https:\/\/api.w.org\/{rel}","templated":true}]}}