{"id":74651,"date":"2024-12-16T22:03:39","date_gmt":"2024-12-16T20:03:39","guid":{"rendered":"https:\/\/now-news.de\/de\/deutschland\/trump-will-elektromobilitaet-weniger-subventionieren\/"},"modified":"2024-12-16T22:03:39","modified_gmt":"2024-12-16T20:03:39","slug":"trump-will-elektromobilitaet-weniger-subventionieren","status":"publish","type":"post","link":"https:\/\/now-news.de\/de\/deutschland\/trump-will-elektromobilitaet-weniger-subventionieren\/","title":{"rendered":"Trump will Elektromobilit\u00e4t weniger subventionieren"},"content":{"rendered":"<p><img decoding=\"async\" src=\"https:\/\/now-news.de\/de\/wp-content\/uploads\/sites\/3\/2024\/12\/67606e6d48fbef4ece27ed66.jpg\" \/><\/p>\n<div class=\"Text-root Text-type_1 \">\n                Ein Wink mit dem Zaunpfahl gegen E-Autos aus China und der EU? Die neue Trump-Administration will Anreize zum Kauf von Elektroautos streichen und daf\u00fcr Z\u00f6lle auf Batterien erheben.\n            <\/div>\n<p><\/p>\n<div class=\"Text-root Text-type_5 ArticleView-text ViewText-root \">\n<p>Das Team des k\u00fcnftigen US-Pr\u00e4sidenten\u00a0Donald Trump\u00a0plant einem Strategiepapier zufolge einen radikalen Kurswechsel in der Elektromobilit\u00e4t, wie das<em> Handelsblatt<\/em> am Dienstag berichtet. Nicht nur Pr\u00e4mien f\u00fcr den Kauf von Elektroautos sollen gestrichen werden\u00a0\u2013 auch die F\u00f6rderung f\u00fcr den Aufbau einer Ladeinfrastruktur soll zur\u00fcckgenommen werden und stattdessen in die Produktion von Batteriematerialien flie\u00dfen.<\/p>\n<p>Batterien, Batteriematerialien und andere Komponenten seien &#8220;wichtig f\u00fcr die R\u00fcstungsproduktion&#8221;, hei\u00dft es in dem Pamphlet. Elektroautos und\u00a0Ladestationen\u00a0seien dies jedoch ausdr\u00fccklich nicht. Das Team empfiehlt auch, aus Gr\u00fcnden der nationalen Sicherheit weltweit Z\u00f6lle auf\u00a0Batterien\u00a0und Batteriematerialien \u2013 also vor allem China und die EU \u2013 zu erheben und dann individuelle Ausnahmen mit Verb\u00fcndeten auszuhandeln.<\/p>\n<p>Das US-Verteidigungsministerium hatte in der Vergangenheit auf strategische Schwachstellen der\u00a0USA\u00a0hingewiesen, die durch Chinas Dominanz beim Abbau und der Verarbeitung von Materialien wie Graphit, Lithium oder Seltenen Erden entstanden seien. In einem 2021 ver\u00f6ffentlichten Regierungsbericht hie\u00df es dazu: &#8220;Gesicherte Quellen f\u00fcr kritische Mineralien und Materialien&#8221; seien &#8220;entscheidend f\u00fcr die nationale Sicherheit der USA&#8221;.<\/p>\n<p>In den USA stockt zurzeit der Verkauf von E-Autos, insbesondere beim Branchenprimus Tesla. Daf\u00fcr l\u00e4uft es vor allem bei dem chinesischen Konkurrenten BYD sehr gut.<\/p>\n<p>Karoline Leavitt, die Sprecherin des Trump-\u00dcbergangsteams, erkl\u00e4rte, die W\u00e4hler h\u00e4tten Trump ein Mandat erteilt, seine Wahlversprechen zu erf\u00fcllen, insbesondere die Beendigung der staatlichen Angriffe auf benzinbetriebene Autos. Sie betonte:<\/p>\n<blockquote>\n<p><em>&#8220;Wenn er sein Amt antritt, wird Pr\u00e4sident Trump die Autoindustrie unterst\u00fctzen und sowohl f\u00fcr benzinbetriebene Autos als auch f\u00fcr Elektrofahrzeuge Raum schaffen.&#8221;<\/em><\/p>\n<\/blockquote>\n<p>Das Team schl\u00e4gt dazu in dem Strategiepapier vor, die Abgasvorschriften f\u00fcr Verbrennermotoren auf das Niveau von 2019 zur\u00fcckzusetzen. Das w\u00fcrde eine durchschnittliche Erh\u00f6hung der Emissionen von etwa 25 Prozent pro Meile gegen\u00fcber den f\u00fcr 2025 geplanten Grenzwerten bedeuten. In jedem Fall stellt der Strategieumbruch einen massiven Bruch mit der Wirtschaftspolitik der Biden-Administration dar.<\/p>\n<p><strong>Mehr zum Thema<\/strong>\u00a0&#8211;\u00a0<a rel=\"nofollow noopener\" target=\"_blank\" href=\"https:\/\/dert.site\/europa\/224299-antichinesische-front-resolution-eu-parlaments\/\">Die antichinesische Front: Resolution des EU-Parlaments wertet Taiwan auf<\/a><\/p>\n<\/div>\n<p><br \/>\n<br \/><a href=\"https:\/\/de.rt.com\/international\/229747-trump-will-elektromobilitaet-weniger-subventionieren\/\">Source link <\/a><\/p>\n","protected":false},"excerpt":{"rendered":"<p>Ein Wink mit dem Zaunpfahl gegen E-Autos aus China und der EU? Die neue Trump-Administration will Anreize zum Kauf von Elektroautos streichen und daf\u00fcr Z\u00f6lle auf Batterien erheben. Das Team des k\u00fcnftigen US-Pr\u00e4sidenten\u00a0Donald Trump\u00a0plant einem Strategiepapier zufolge einen radikalen Kurswechsel in der Elektromobilit\u00e4t, wie das Handelsblatt am Dienstag berichtet. Nicht nur Pr\u00e4mien f\u00fcr den Kauf [&hellip;]<\/p>\n","protected":false},"author":3,"featured_media":74652,"comment_status":"open","ping_status":"open","sticky":false,"template":"","format":"standard","meta":{"_yoast_indexnow_last_ping":["1734380006"],"wp_automatic_camp":["217"],"66a241189ef83edad673cd27bc6d8d57":["Trump will Elektromobilit\u00e4t weniger subventionieren"],"original_link":["https:\/\/de.rt.com\/international\/229747-trump-will-elektromobilitaet-weniger-subventionieren\/"],"_thumbnail_id":["74652"],"_wptgpro_p2tg_sent2tg":["a:1:{i:23737;s:19:\"2024-12-16 22:15:02\";}"],"jnews_social_counter_last_update":["1777414603"]},"categories":[19,23],"tags":[51385,47039,1639,3840],"yoast_head":"<!-- This site is optimized with the Yoast SEO Premium plugin v22.7 (Yoast SEO v22.7) - https:\/\/yoast.com\/wordpress\/plugins\/seo\/ -->\n<title>Trump will Elektromobilit\u00e4t weniger subventionieren - just-now.NEWS Deutschland<\/title>\n<meta name=\"robots\" content=\"index, follow, max-snippet:-1, max-image-preview:large, max-video-preview:-1\" \/>\n<link rel=\"canonical\" href=\"https:\/\/now-news.de\/de\/deutschland\/trump-will-elektromobilitaet-weniger-subventionieren\/\" \/>\n<meta property=\"og:locale\" content=\"de_DE\" \/>\n<meta property=\"og:type\" content=\"article\" \/>\n<meta property=\"og:title\" content=\"Trump will Elektromobilit\u00e4t weniger subventionieren\" \/>\n<meta property=\"og:description\" content=\"Ein Wink mit dem Zaunpfahl gegen E-Autos aus China und der EU? Die neue Trump-Administration will Anreize zum Kauf von Elektroautos streichen und daf\u00fcr Z\u00f6lle auf Batterien erheben. Das Team des k\u00fcnftigen US-Pr\u00e4sidenten\u00a0Donald Trump\u00a0plant einem Strategiepapier zufolge einen radikalen Kurswechsel in der Elektromobilit\u00e4t, wie das Handelsblatt am Dienstag berichtet. Nicht nur Pr\u00e4mien f\u00fcr den Kauf [&hellip;]\" \/>\n<meta property=\"og:url\" content=\"https:\/\/now-news.de\/de\/deutschland\/trump-will-elektromobilitaet-weniger-subventionieren\/\" \/>\n<meta property=\"og:site_name\" content=\"just-now.NEWS Deutschland\" \/>\n<meta property=\"article:publisher\" content=\"https:\/\/www.facebook.com\/wirmachenauf\" \/>\n<meta property=\"article:published_time\" content=\"2024-12-16T20:03:39+00:00\" \/>\n<meta property=\"og:image\" content=\"https:\/\/now-news.de\/de\/wp-content\/uploads\/sites\/3\/2024\/12\/67606e6d48fbef4ece27ed66.jpg\" \/>\n<meta name=\"author\" content=\"rtnews\" \/>\n<meta name=\"twitter:card\" content=\"summary_large_image\" \/>\n<meta name=\"twitter:creator\" content=\"@WirMachenAuf_de\" \/>\n<meta name=\"twitter:site\" content=\"@WirMachenAuf_de\" \/>\n<meta name=\"twitter:label1\" content=\"Verfasst von\" \/>\n\t<meta name=\"twitter:data1\" content=\"rtnews\" \/>\n\t<meta name=\"twitter:label2\" content=\"Gesch\u00e4tzte Lesezeit\" \/>\n\t<meta name=\"twitter:data2\" content=\"2\u00a0Minuten\" \/>\n<script type=\"application\/ld+json\" class=\"yoast-schema-graph\">{\"@context\":\"https:\/\/schema.org\",\"@graph\":[{\"@type\":\"Article\",\"@id\":\"https:\/\/now-news.de\/de\/deutschland\/trump-will-elektromobilitaet-weniger-subventionieren\/#article\",\"isPartOf\":{\"@id\":\"https:\/\/now-news.de\/de\/deutschland\/trump-will-elektromobilitaet-weniger-subventionieren\/\"},\"author\":{\"name\":\"rtnews\",\"@id\":\"https:\/\/now-news.de\/de\/#\/schema\/person\/fb534a4e865501d8b3285208df34a9b5\"},\"headline\":\"Trump will Elektromobilit\u00e4t weniger subventionieren\",\"datePublished\":\"2024-12-16T20:03:39+00:00\",\"dateModified\":\"2024-12-16T20:03:39+00:00\",\"mainEntityOfPage\":{\"@id\":\"https:\/\/now-news.de\/de\/deutschland\/trump-will-elektromobilitaet-weniger-subventionieren\/\"},\"wordCount\":375,\"commentCount\":0,\"publisher\":{\"@id\":\"https:\/\/now-news.de\/de\/#organization\"},\"image\":{\"@id\":\"https:\/\/now-news.de\/de\/deutschland\/trump-will-elektromobilitaet-weniger-subventionieren\/#primaryimage\"},\"thumbnailUrl\":\"https:\/\/now-news.de\/de\/wp-content\/uploads\/sites\/3\/2024\/12\/Trump-will-Elektromobilitaet-weniger-subventionieren.jpg\",\"keywords\":[\"Elektromobilit\u00e4t\",\"Subventionieren\",\"trump\",\"weniger\"],\"articleSection\":[\"Deutschland\",\"Russland\"],\"inLanguage\":\"de\",\"potentialAction\":[{\"@type\":\"CommentAction\",\"name\":\"Comment\",\"target\":[\"https:\/\/now-news.de\/de\/deutschland\/trump-will-elektromobilitaet-weniger-subventionieren\/#respond\"]}]},{\"@type\":\"WebPage\",\"@id\":\"https:\/\/now-news.de\/de\/deutschland\/trump-will-elektromobilitaet-weniger-subventionieren\/\",\"url\":\"https:\/\/now-news.de\/de\/deutschland\/trump-will-elektromobilitaet-weniger-subventionieren\/\",\"name\":\"Trump will Elektromobilit\u00e4t weniger subventionieren - just-now.NEWS Deutschland\",\"isPartOf\":{\"@id\":\"https:\/\/now-news.de\/de\/#website\"},\"primaryImageOfPage\":{\"@id\":\"https:\/\/now-news.de\/de\/deutschland\/trump-will-elektromobilitaet-weniger-subventionieren\/#primaryimage\"},\"image\":{\"@id\":\"https:\/\/now-news.de\/de\/deutschland\/trump-will-elektromobilitaet-weniger-subventionieren\/#primaryimage\"},\"thumbnailUrl\":\"https:\/\/now-news.de\/de\/wp-content\/uploads\/sites\/3\/2024\/12\/Trump-will-Elektromobilitaet-weniger-subventionieren.jpg\",\"datePublished\":\"2024-12-16T20:03:39+00:00\",\"dateModified\":\"2024-12-16T20:03:39+00:00\",\"breadcrumb\":{\"@id\":\"https:\/\/now-news.de\/de\/deutschland\/trump-will-elektromobilitaet-weniger-subventionieren\/#breadcrumb\"},\"inLanguage\":\"de\",\"potentialAction\":[{\"@type\":\"ReadAction\",\"target\":[\"https:\/\/now-news.de\/de\/deutschland\/trump-will-elektromobilitaet-weniger-subventionieren\/\"]}]},{\"@type\":\"ImageObject\",\"inLanguage\":\"de\",\"@id\":\"https:\/\/now-news.de\/de\/deutschland\/trump-will-elektromobilitaet-weniger-subventionieren\/#primaryimage\",\"url\":\"https:\/\/now-news.de\/de\/wp-content\/uploads\/sites\/3\/2024\/12\/Trump-will-Elektromobilitaet-weniger-subventionieren.jpg\",\"contentUrl\":\"https:\/\/now-news.de\/de\/wp-content\/uploads\/sites\/3\/2024\/12\/Trump-will-Elektromobilitaet-weniger-subventionieren.jpg\",\"width\":460,\"height\":259,\"caption\":\"Trump will Elektromobilit\u00e4t weniger subventionieren\"},{\"@type\":\"BreadcrumbList\",\"@id\":\"https:\/\/now-news.de\/de\/deutschland\/trump-will-elektromobilitaet-weniger-subventionieren\/#breadcrumb\",\"itemListElement\":[{\"@type\":\"ListItem\",\"position\":1,\"name\":\"Home\",\"item\":\"https:\/\/now-news.de\/de\/\"},{\"@type\":\"ListItem\",\"position\":2,\"name\":\"Trump will Elektromobilit\u00e4t weniger subventionieren\"}]},{\"@type\":\"WebSite\",\"@id\":\"https:\/\/now-news.de\/de\/#website\",\"url\":\"https:\/\/now-news.de\/de\/\",\"name\":\"just-now.NEWS Deutschland\",\"description\":\"Das Portal f\u00fcr unzensierte Nachrichten aus der Welt\",\"publisher\":{\"@id\":\"https:\/\/now-news.de\/de\/#organization\"},\"potentialAction\":[{\"@type\":\"SearchAction\",\"target\":{\"@type\":\"EntryPoint\",\"urlTemplate\":\"https:\/\/now-news.de\/de\/?s={search_term_string}\"},\"query-input\":\"required name=search_term_string\"}],\"inLanguage\":\"de\"},{\"@type\":\"Organization\",\"@id\":\"https:\/\/now-news.de\/de\/#organization\",\"name\":\"Just Now News\",\"url\":\"https:\/\/now-news.de\/de\/\",\"logo\":{\"@type\":\"ImageObject\",\"inLanguage\":\"de\",\"@id\":\"https:\/\/now-news.de\/de\/#\/schema\/logo\/image\/\",\"url\":\"http:\/\/just-now.news\/de\/wp-content\/uploads\/sites\/3\/2022\/04\/logo500x500.jpg\",\"contentUrl\":\"http:\/\/just-now.news\/de\/wp-content\/uploads\/sites\/3\/2022\/04\/logo500x500.jpg\",\"width\":500,\"height\":500,\"caption\":\"Just Now News\"},\"image\":{\"@id\":\"https:\/\/now-news.de\/de\/#\/schema\/logo\/image\/\"},\"sameAs\":[\"https:\/\/www.facebook.com\/wirmachenauf\",\"https:\/\/x.com\/WirMachenAuf_de\"]},{\"@type\":\"Person\",\"@id\":\"https:\/\/now-news.de\/de\/#\/schema\/person\/fb534a4e865501d8b3285208df34a9b5\",\"name\":\"rtnews\",\"image\":{\"@type\":\"ImageObject\",\"inLanguage\":\"de\",\"@id\":\"https:\/\/now-news.de\/de\/#\/schema\/person\/image\/\",\"url\":\"https:\/\/secure.gravatar.com\/avatar\/82aafea7d8127119dd649515f56e2117?s=96&d=mm&r=g\",\"contentUrl\":\"https:\/\/secure.gravatar.com\/avatar\/82aafea7d8127119dd649515f56e2117?s=96&d=mm&r=g\",\"caption\":\"rtnews\"},\"url\":\"https:\/\/now-news.de\/de\/author\/rnews\/\"}]}<\/script>\n<!-- \/ Yoast SEO Premium plugin. -->","yoast_head_json":{"title":"Trump will Elektromobilit\u00e4t weniger subventionieren - just-now.NEWS Deutschland","robots":{"index":"index","follow":"follow","max-snippet":"max-snippet:-1","max-image-preview":"max-image-preview:large","max-video-preview":"max-video-preview:-1"},"canonical":"https:\/\/now-news.de\/de\/deutschland\/trump-will-elektromobilitaet-weniger-subventionieren\/","og_locale":"de_DE","og_type":"article","og_title":"Trump will Elektromobilit\u00e4t weniger subventionieren","og_description":"Ein Wink mit dem Zaunpfahl gegen E-Autos aus China und der EU? Die neue Trump-Administration will Anreize zum Kauf von Elektroautos streichen und daf\u00fcr Z\u00f6lle auf Batterien erheben. Das Team des k\u00fcnftigen US-Pr\u00e4sidenten\u00a0Donald Trump\u00a0plant einem Strategiepapier zufolge einen radikalen Kurswechsel in der Elektromobilit\u00e4t, wie das Handelsblatt am Dienstag berichtet. Nicht nur Pr\u00e4mien f\u00fcr den Kauf [&hellip;]","og_url":"https:\/\/now-news.de\/de\/deutschland\/trump-will-elektromobilitaet-weniger-subventionieren\/","og_site_name":"just-now.NEWS Deutschland","article_publisher":"https:\/\/www.facebook.com\/wirmachenauf","article_published_time":"2024-12-16T20:03:39+00:00","og_image":[{"url":"https:\/\/now-news.de\/de\/wp-content\/uploads\/sites\/3\/2024\/12\/67606e6d48fbef4ece27ed66.jpg"}],"author":"rtnews","twitter_card":"summary_large_image","twitter_creator":"@WirMachenAuf_de","twitter_site":"@WirMachenAuf_de","twitter_misc":{"Verfasst von":"rtnews","Gesch\u00e4tzte Lesezeit":"2\u00a0Minuten"},"schema":{"@context":"https:\/\/schema.org","@graph":[{"@type":"Article","@id":"https:\/\/now-news.de\/de\/deutschland\/trump-will-elektromobilitaet-weniger-subventionieren\/#article","isPartOf":{"@id":"https:\/\/now-news.de\/de\/deutschland\/trump-will-elektromobilitaet-weniger-subventionieren\/"},"author":{"name":"rtnews","@id":"https:\/\/now-news.de\/de\/#\/schema\/person\/fb534a4e865501d8b3285208df34a9b5"},"headline":"Trump will Elektromobilit\u00e4t weniger subventionieren","datePublished":"2024-12-16T20:03:39+00:00","dateModified":"2024-12-16T20:03:39+00:00","mainEntityOfPage":{"@id":"https:\/\/now-news.de\/de\/deutschland\/trump-will-elektromobilitaet-weniger-subventionieren\/"},"wordCount":375,"commentCount":0,"publisher":{"@id":"https:\/\/now-news.de\/de\/#organization"},"image":{"@id":"https:\/\/now-news.de\/de\/deutschland\/trump-will-elektromobilitaet-weniger-subventionieren\/#primaryimage"},"thumbnailUrl":"https:\/\/now-news.de\/de\/wp-content\/uploads\/sites\/3\/2024\/12\/Trump-will-Elektromobilitaet-weniger-subventionieren.jpg","keywords":["Elektromobilit\u00e4t","Subventionieren","trump","weniger"],"articleSection":["Deutschland","Russland"],"inLanguage":"de","potentialAction":[{"@type":"CommentAction","name":"Comment","target":["https:\/\/now-news.de\/de\/deutschland\/trump-will-elektromobilitaet-weniger-subventionieren\/#respond"]}]},{"@type":"WebPage","@id":"https:\/\/now-news.de\/de\/deutschland\/trump-will-elektromobilitaet-weniger-subventionieren\/","url":"https:\/\/now-news.de\/de\/deutschland\/trump-will-elektromobilitaet-weniger-subventionieren\/","name":"Trump will Elektromobilit\u00e4t weniger subventionieren - just-now.NEWS Deutschland","isPartOf":{"@id":"https:\/\/now-news.de\/de\/#website"},"primaryImageOfPage":{"@id":"https:\/\/now-news.de\/de\/deutschland\/trump-will-elektromobilitaet-weniger-subventionieren\/#primaryimage"},"image":{"@id":"https:\/\/now-news.de\/de\/deutschland\/trump-will-elektromobilitaet-weniger-subventionieren\/#primaryimage"},"thumbnailUrl":"https:\/\/now-news.de\/de\/wp-content\/uploads\/sites\/3\/2024\/12\/Trump-will-Elektromobilitaet-weniger-subventionieren.jpg","datePublished":"2024-12-16T20:03:39+00:00","dateModified":"2024-12-16T20:03:39+00:00","breadcrumb":{"@id":"https:\/\/now-news.de\/de\/deutschland\/trump-will-elektromobilitaet-weniger-subventionieren\/#breadcrumb"},"inLanguage":"de","potentialAction":[{"@type":"ReadAction","target":["https:\/\/now-news.de\/de\/deutschland\/trump-will-elektromobilitaet-weniger-subventionieren\/"]}]},{"@type":"ImageObject","inLanguage":"de","@id":"https:\/\/now-news.de\/de\/deutschland\/trump-will-elektromobilitaet-weniger-subventionieren\/#primaryimage","url":"https:\/\/now-news.de\/de\/wp-content\/uploads\/sites\/3\/2024\/12\/Trump-will-Elektromobilitaet-weniger-subventionieren.jpg","contentUrl":"https:\/\/now-news.de\/de\/wp-content\/uploads\/sites\/3\/2024\/12\/Trump-will-Elektromobilitaet-weniger-subventionieren.jpg","width":460,"height":259,"caption":"Trump will Elektromobilit\u00e4t weniger subventionieren"},{"@type":"BreadcrumbList","@id":"https:\/\/now-news.de\/de\/deutschland\/trump-will-elektromobilitaet-weniger-subventionieren\/#breadcrumb","itemListElement":[{"@type":"ListItem","position":1,"name":"Home","item":"https:\/\/now-news.de\/de\/"},{"@type":"ListItem","position":2,"name":"Trump will Elektromobilit\u00e4t weniger subventionieren"}]},{"@type":"WebSite","@id":"https:\/\/now-news.de\/de\/#website","url":"https:\/\/now-news.de\/de\/","name":"just-now.NEWS Deutschland","description":"Das Portal f\u00fcr unzensierte Nachrichten aus der Welt","publisher":{"@id":"https:\/\/now-news.de\/de\/#organization"},"potentialAction":[{"@type":"SearchAction","target":{"@type":"EntryPoint","urlTemplate":"https:\/\/now-news.de\/de\/?s={search_term_string}"},"query-input":"required name=search_term_string"}],"inLanguage":"de"},{"@type":"Organization","@id":"https:\/\/now-news.de\/de\/#organization","name":"Just Now News","url":"https:\/\/now-news.de\/de\/","logo":{"@type":"ImageObject","inLanguage":"de","@id":"https:\/\/now-news.de\/de\/#\/schema\/logo\/image\/","url":"http:\/\/just-now.news\/de\/wp-content\/uploads\/sites\/3\/2022\/04\/logo500x500.jpg","contentUrl":"http:\/\/just-now.news\/de\/wp-content\/uploads\/sites\/3\/2022\/04\/logo500x500.jpg","width":500,"height":500,"caption":"Just Now News"},"image":{"@id":"https:\/\/now-news.de\/de\/#\/schema\/logo\/image\/"},"sameAs":["https:\/\/www.facebook.com\/wirmachenauf","https:\/\/x.com\/WirMachenAuf_de"]},{"@type":"Person","@id":"https:\/\/now-news.de\/de\/#\/schema\/person\/fb534a4e865501d8b3285208df34a9b5","name":"rtnews","image":{"@type":"ImageObject","inLanguage":"de","@id":"https:\/\/now-news.de\/de\/#\/schema\/person\/image\/","url":"https:\/\/secure.gravatar.com\/avatar\/82aafea7d8127119dd649515f56e2117?s=96&d=mm&r=g","contentUrl":"https:\/\/secure.gravatar.com\/avatar\/82aafea7d8127119dd649515f56e2117?s=96&d=mm&r=g","caption":"rtnews"},"url":"https:\/\/now-news.de\/de\/author\/rnews\/"}]}},"_links":{"self":[{"href":"https:\/\/now-news.de\/de\/wp-json\/wp\/v2\/posts\/74651"}],"collection":[{"href":"https:\/\/now-news.de\/de\/wp-json\/wp\/v2\/posts"}],"about":[{"href":"https:\/\/now-news.de\/de\/wp-json\/wp\/v2\/types\/post"}],"author":[{"embeddable":true,"href":"https:\/\/now-news.de\/de\/wp-json\/wp\/v2\/users\/3"}],"replies":[{"embeddable":true,"href":"https:\/\/now-news.de\/de\/wp-json\/wp\/v2\/comments?post=74651"}],"version-history":[{"count":0,"href":"https:\/\/now-news.de\/de\/wp-json\/wp\/v2\/posts\/74651\/revisions"}],"wp:featuredmedia":[{"embeddable":true,"href":"https:\/\/now-news.de\/de\/wp-json\/wp\/v2\/media\/74652"}],"wp:attachment":[{"href":"https:\/\/now-news.de\/de\/wp-json\/wp\/v2\/media?parent=74651"}],"wp:term":[{"taxonomy":"category","embeddable":true,"href":"https:\/\/now-news.de\/de\/wp-json\/wp\/v2\/categories?post=74651"},{"taxonomy":"post_tag","embeddable":true,"href":"https:\/\/now-news.de\/de\/wp-json\/wp\/v2\/tags?post=74651"}],"curies":[{"name":"wp","href":"https:\/\/api.w.org\/{rel}","templated":true}]}}