{"id":74568,"date":"2024-12-15T16:10:13","date_gmt":"2024-12-15T14:10:13","guid":{"rendered":"https:\/\/now-news.de\/de\/deutschland\/uigurische-islamisten-in-syrien-wollen-den-krieg-nach-china-tragen\/"},"modified":"2024-12-15T16:10:13","modified_gmt":"2024-12-15T14:10:13","slug":"uigurische-islamisten-in-syrien-wollen-den-krieg-nach-china-tragen","status":"publish","type":"post","link":"https:\/\/now-news.de\/de\/deutschland\/uigurische-islamisten-in-syrien-wollen-den-krieg-nach-china-tragen\/","title":{"rendered":"Uigurische Islamisten in Syrien wollen den Krieg nach China tragen"},"content":{"rendered":"<p><img decoding=\"async\" src=\"https:\/\/now-news.de\/de\/wp-content\/uploads\/sites\/3\/2024\/12\/675eb257b480cc4f774384b2.jpg\" \/><\/p>\n<div class=\"Text-root Text-type_1 \">\n                Uigurische Islamisten, die w\u00e4hrend der Blitzoffensive der HTS-Islamisten zum Sturz Assads beitrugen, haben geschworen, den Krieg nach China zu tragen. &#8220;Wir werden die chinesischen Ungl\u00e4ubigen verjagen&#8221;, hei\u00dft es in ihrer Erkl\u00e4rung.\n            <\/div>\n<p><\/p>\n<div class=\"Text-root Text-type_5 ArticleView-text ViewText-root \">\n<p>Eine uigurische militante Gruppe, die bei der Blitzoffensive der Islamisten in Syrien zum Sturz von Assad beitrug, hat geschworen, den Kampf nach China zu tragen.<\/p>\n<p>Die Turkistan Islamic Party (TIP) drohte Peking in einem am 8. Dezember, dem Tag des Zusammenbruchs des syrischen Staates, ver\u00f6ffentlichten Video, das ihre K\u00e4mpfer mit Maschinengewehren und in Milit\u00e4rkleidung zeigt.<\/p>\n<div class=\"EmbedBlock-root EmbedBlock-twitter\">\n<div class=\"TwitterEmbed\">\n<blockquote class=\"twitter-tweet lazyload\" data-twitter=\"twitter-tweet\">\n<p lang=\"en\" dir=\"ltr\">Erdogan is working to destabilize Asia. But his alliance with Al-Qaeda will probably harm Turkey more than Central Asia or China. <a rel=\"nofollow noopener\" target=\"_blank\" href=\"https:\/\/t.co\/0SS8fVgCMH\">pic.twitter.com\/0SS8fVgCMH<\/a><\/p>\n<p>\u2014 Seyed Mohammad Marandi (@s_m_marandi) <a rel=\"nofollow noopener\" target=\"_blank\" href=\"https:\/\/twitter.com\/s_m_marandi\/status\/1867808857063665671?ref_src=twsrc%5Etfw\">December 14, 2024<\/a><\/p><\/blockquote>\n<\/div>\n<\/div>\n<p>&#8220;Jetzt k\u00e4mpfen wir hier in Syrien in allen St\u00e4dten f\u00fcr Allah, und wir werden dies auch in Zukunft in Urumtschi, Aksu und Kaschgar tun&#8221;, sagte ein maskierter\u00a0Islamist unter Verweis auf St\u00e4dte in der chinesischen Region Xinjiang, aus der die Uiguren stammen. &#8220;Wir werden die chinesischen Ungl\u00e4ubigen verjagen.&#8221;\u00a0<\/p>\n<p>Unter Verwendung des von den Uiguren bevorzugten Namens f\u00fcr ihre Heimat f\u00fcgte er hinzu: &#8220;Wir haben in Homs und in Idlib gek\u00e4mpft und wir werden den Kampf in Ostturkestan fortsetzen.&#8221; &#8220;Allah hat uns hier einen Sieg geschenkt. M\u00f6ge er uns auch einen Sieg in unserem eigenen Land schenken.&#8221;<\/p>\n<p>Die TIP-Gruppe ist seit mehr als einem Jahrzehnt in Syrien ans\u00e4ssig. Ihre Mitglieder sind in den Nahen Osten geflohen, um der angeblichen Unterdr\u00fcckung der Uiguren, einer \u00fcberwiegend muslimischen Minderheit, durch China zu entgehen. Ihre K\u00e4mpfer schlossen sich der islamistischen Gruppe Hai&#8217;at Tahrir asch-Scham (HTS) an, die die Rebellenoffensive im Nordwesten Syriens angef\u00fchrt hatte. In den letzten Tagen hat die TIP eine ungew\u00f6hnliche Werbekampagne gestartet, in der ihr Anf\u00fchrer Abu Muhammed zusammen mit seinen Bataillonen gezeigt wird.<\/p>\n<div class=\"EmbedBlock-root EmbedBlock-twitter\">\n<div class=\"TwitterEmbed\">\n<blockquote class=\"twitter-tweet lazyload\" data-twitter=\"twitter-tweet\">\n<p lang=\"tr\" dir=\"ltr\">T\u00fcrkistan \u0130slam Partisi yeni bir video yay\u0131nlad\u0131. Videodaki T\u00fcrk\u00e7e altyaz\u0131 dikkat \u00e7ekiyor. <a rel=\"nofollow noopener\" target=\"_blank\" href=\"https:\/\/t.co\/Yc6IBGQTMp\">pic.twitter.com\/Yc6IBGQTMp<\/a><\/p>\n<p>\u2014 Meta Analitik (@teoridederinlik) <a rel=\"nofollow noopener\" target=\"_blank\" href=\"https:\/\/twitter.com\/teoridederinlik\/status\/1856437986616823945?ref_src=twsrc%5Etfw\">November 12, 2024<\/a><\/p><\/blockquote>\n<\/div>\n<\/div>\n<p>In einem Propaganda-Video wird erkl\u00e4rt, dass die TIP Ende November 2024, kurz nach Beginn der islamistischen Rebellenoffensive, an der Front gegen Assads Streitkr\u00e4fte gek\u00e4mpft hat. Ein anderes Video zeigt TIP-K\u00e4mpfer, die auf Panzern nach Damaskus fahren und hellblaue Fahnen mit dem Halbmond-und-Stern-Symbol der Gruppe schwenken. Die TIP\u00a0habe vermutlich eine Rolle beim Sieg der\u00a0Islamisten in Syrien gespielt, sagte Syrien-Experte Aymenn Jawad al-Tamimi gegen\u00fcber dem <em>Telegraph.\u00a0<\/em>\u00a0<\/p>\n<p><strong>Mehr zum Thema<\/strong> &#8211; <a rel=\"nofollow noopener\" target=\"_blank\" href=\"https:\/\/freedert.online\/der-nahe-osten\/229563-trotz-israelischer-angriffe-neuer-syrischer\/\">Trotz israelischer Angriffe: Neuer syrischer Machthaber nicht an Konflikt mit Israel interessiert<\/a><\/p>\n<div class=\"EmbedBlock-root EmbedBlock-externalVideo EmbedBlock-rumble\">\n<div class=\"VkEmbed\"><iframe class=\"lazyload\" data-src=\"https:\/\/rumble.com\/embed\/v5x0pdt\" frameborder=\"0\" width=\"853\" height=\"480\" allowfullscreen><\/iframe><\/div>\n<\/div>\n<\/div>\n<p><script async src=\"https:\/\/platform.twitter.com\/widgets.js\" charset=\"utf-8\"><\/script><br \/>\n<br \/><br \/>\n<br \/><a href=\"https:\/\/de.rt.com\/der-nahe-osten\/229599-uigurische-islamisten-in-syrien-wollen\/\">Source link <\/a><\/p>\n","protected":false},"excerpt":{"rendered":"<p>Uigurische Islamisten, die w\u00e4hrend der Blitzoffensive der HTS-Islamisten zum Sturz Assads beitrugen, haben geschworen, den Krieg nach China zu tragen. &#8220;Wir werden die chinesischen Ungl\u00e4ubigen verjagen&#8221;, hei\u00dft es in ihrer Erkl\u00e4rung. Eine uigurische militante Gruppe, die bei der Blitzoffensive der Islamisten in Syrien zum Sturz von Assad beitrug, hat geschworen, den Kampf nach China zu [&hellip;]<\/p>\n","protected":false},"author":3,"featured_media":74569,"comment_status":"open","ping_status":"open","sticky":false,"template":"","format":"standard","meta":{"_yoast_indexnow_last_ping":["1734271831"],"wp_automatic_camp":["217"],"92a1df53be4955d937ffb6cd3d7e9893":["Uigurische Islamisten in Syrien wollen den Krieg nach China tragen"],"original_link":["https:\/\/de.rt.com\/der-nahe-osten\/229599-uigurische-islamisten-in-syrien-wollen\/"],"_thumbnail_id":["74569"],"_wptgpro_p2tg_sent2tg":["a:1:{i:23737;s:19:\"2024-12-15 16:11:57\";}"],"jnews_social_counter_last_update":["1776825265"]},"categories":[19,23],"tags":[192,48,24758,130,979,783,3956,61040,1050],"yoast_head":"<!-- This site is optimized with the Yoast SEO Premium plugin v22.7 (Yoast SEO v22.7) - https:\/\/yoast.com\/wordpress\/plugins\/seo\/ -->\n<title>Uigurische Islamisten in Syrien wollen den Krieg nach China tragen - just-now.NEWS Deutschland<\/title>\n<meta name=\"robots\" content=\"index, follow, max-snippet:-1, max-image-preview:large, max-video-preview:-1\" \/>\n<link rel=\"canonical\" href=\"https:\/\/now-news.de\/de\/deutschland\/uigurische-islamisten-in-syrien-wollen-den-krieg-nach-china-tragen\/\" \/>\n<meta property=\"og:locale\" content=\"de_DE\" \/>\n<meta property=\"og:type\" content=\"article\" \/>\n<meta property=\"og:title\" content=\"Uigurische Islamisten in Syrien wollen den Krieg nach China tragen\" \/>\n<meta property=\"og:description\" content=\"Uigurische Islamisten, die w\u00e4hrend der Blitzoffensive der HTS-Islamisten zum Sturz Assads beitrugen, haben geschworen, den Krieg nach China zu tragen. &#8220;Wir werden die chinesischen Ungl\u00e4ubigen verjagen&#8221;, hei\u00dft es in ihrer Erkl\u00e4rung. Eine uigurische militante Gruppe, die bei der Blitzoffensive der Islamisten in Syrien zum Sturz von Assad beitrug, hat geschworen, den Kampf nach China zu [&hellip;]\" \/>\n<meta property=\"og:url\" content=\"https:\/\/now-news.de\/de\/deutschland\/uigurische-islamisten-in-syrien-wollen-den-krieg-nach-china-tragen\/\" \/>\n<meta property=\"og:site_name\" content=\"just-now.NEWS Deutschland\" \/>\n<meta property=\"article:publisher\" content=\"https:\/\/www.facebook.com\/wirmachenauf\" \/>\n<meta property=\"article:published_time\" content=\"2024-12-15T14:10:13+00:00\" \/>\n<meta property=\"og:image\" content=\"https:\/\/now-news.de\/de\/wp-content\/uploads\/sites\/3\/2024\/12\/675eb257b480cc4f774384b2.jpg\" \/>\n<meta name=\"author\" content=\"rtnews\" \/>\n<meta name=\"twitter:card\" content=\"summary_large_image\" \/>\n<meta name=\"twitter:creator\" content=\"@WirMachenAuf_de\" \/>\n<meta name=\"twitter:site\" content=\"@WirMachenAuf_de\" \/>\n<meta name=\"twitter:label1\" content=\"Verfasst von\" \/>\n\t<meta name=\"twitter:data1\" content=\"rtnews\" \/>\n\t<meta name=\"twitter:label2\" content=\"Gesch\u00e4tzte Lesezeit\" \/>\n\t<meta name=\"twitter:data2\" content=\"2\u00a0Minuten\" \/>\n<script type=\"application\/ld+json\" class=\"yoast-schema-graph\">{\"@context\":\"https:\/\/schema.org\",\"@graph\":[{\"@type\":\"Article\",\"@id\":\"https:\/\/now-news.de\/de\/deutschland\/uigurische-islamisten-in-syrien-wollen-den-krieg-nach-china-tragen\/#article\",\"isPartOf\":{\"@id\":\"https:\/\/now-news.de\/de\/deutschland\/uigurische-islamisten-in-syrien-wollen-den-krieg-nach-china-tragen\/\"},\"author\":{\"name\":\"rtnews\",\"@id\":\"https:\/\/now-news.de\/de\/#\/schema\/person\/fb534a4e865501d8b3285208df34a9b5\"},\"headline\":\"Uigurische Islamisten in Syrien wollen den Krieg nach China tragen\",\"datePublished\":\"2024-12-15T14:10:13+00:00\",\"dateModified\":\"2024-12-15T14:10:13+00:00\",\"mainEntityOfPage\":{\"@id\":\"https:\/\/now-news.de\/de\/deutschland\/uigurische-islamisten-in-syrien-wollen-den-krieg-nach-china-tragen\/\"},\"wordCount\":437,\"commentCount\":0,\"publisher\":{\"@id\":\"https:\/\/now-news.de\/de\/#organization\"},\"image\":{\"@id\":\"https:\/\/now-news.de\/de\/deutschland\/uigurische-islamisten-in-syrien-wollen-den-krieg-nach-china-tragen\/#primaryimage\"},\"thumbnailUrl\":\"https:\/\/now-news.de\/de\/wp-content\/uploads\/sites\/3\/2024\/12\/Uigurische-Islamisten-in-Syrien-wollen-den-Krieg-nach-China-tragen.jpg\",\"keywords\":[\"China\",\"den\",\"Islamisten\",\"krieg\",\"nach\",\"Syrien\",\"tragen\",\"Uigurische\",\"wollen\"],\"articleSection\":[\"Deutschland\",\"Russland\"],\"inLanguage\":\"de\",\"potentialAction\":[{\"@type\":\"CommentAction\",\"name\":\"Comment\",\"target\":[\"https:\/\/now-news.de\/de\/deutschland\/uigurische-islamisten-in-syrien-wollen-den-krieg-nach-china-tragen\/#respond\"]}]},{\"@type\":\"WebPage\",\"@id\":\"https:\/\/now-news.de\/de\/deutschland\/uigurische-islamisten-in-syrien-wollen-den-krieg-nach-china-tragen\/\",\"url\":\"https:\/\/now-news.de\/de\/deutschland\/uigurische-islamisten-in-syrien-wollen-den-krieg-nach-china-tragen\/\",\"name\":\"Uigurische Islamisten in Syrien wollen den Krieg nach China tragen - just-now.NEWS Deutschland\",\"isPartOf\":{\"@id\":\"https:\/\/now-news.de\/de\/#website\"},\"primaryImageOfPage\":{\"@id\":\"https:\/\/now-news.de\/de\/deutschland\/uigurische-islamisten-in-syrien-wollen-den-krieg-nach-china-tragen\/#primaryimage\"},\"image\":{\"@id\":\"https:\/\/now-news.de\/de\/deutschland\/uigurische-islamisten-in-syrien-wollen-den-krieg-nach-china-tragen\/#primaryimage\"},\"thumbnailUrl\":\"https:\/\/now-news.de\/de\/wp-content\/uploads\/sites\/3\/2024\/12\/Uigurische-Islamisten-in-Syrien-wollen-den-Krieg-nach-China-tragen.jpg\",\"datePublished\":\"2024-12-15T14:10:13+00:00\",\"dateModified\":\"2024-12-15T14:10:13+00:00\",\"breadcrumb\":{\"@id\":\"https:\/\/now-news.de\/de\/deutschland\/uigurische-islamisten-in-syrien-wollen-den-krieg-nach-china-tragen\/#breadcrumb\"},\"inLanguage\":\"de\",\"potentialAction\":[{\"@type\":\"ReadAction\",\"target\":[\"https:\/\/now-news.de\/de\/deutschland\/uigurische-islamisten-in-syrien-wollen-den-krieg-nach-china-tragen\/\"]}]},{\"@type\":\"ImageObject\",\"inLanguage\":\"de\",\"@id\":\"https:\/\/now-news.de\/de\/deutschland\/uigurische-islamisten-in-syrien-wollen-den-krieg-nach-china-tragen\/#primaryimage\",\"url\":\"https:\/\/now-news.de\/de\/wp-content\/uploads\/sites\/3\/2024\/12\/Uigurische-Islamisten-in-Syrien-wollen-den-Krieg-nach-China-tragen.jpg\",\"contentUrl\":\"https:\/\/now-news.de\/de\/wp-content\/uploads\/sites\/3\/2024\/12\/Uigurische-Islamisten-in-Syrien-wollen-den-Krieg-nach-China-tragen.jpg\",\"width\":460,\"height\":259,\"caption\":\"Uigurische Islamisten in Syrien wollen den Krieg nach China tragen\"},{\"@type\":\"BreadcrumbList\",\"@id\":\"https:\/\/now-news.de\/de\/deutschland\/uigurische-islamisten-in-syrien-wollen-den-krieg-nach-china-tragen\/#breadcrumb\",\"itemListElement\":[{\"@type\":\"ListItem\",\"position\":1,\"name\":\"Home\",\"item\":\"https:\/\/now-news.de\/de\/\"},{\"@type\":\"ListItem\",\"position\":2,\"name\":\"Uigurische Islamisten in Syrien wollen den Krieg nach China tragen\"}]},{\"@type\":\"WebSite\",\"@id\":\"https:\/\/now-news.de\/de\/#website\",\"url\":\"https:\/\/now-news.de\/de\/\",\"name\":\"just-now.NEWS Deutschland\",\"description\":\"Das Portal f\u00fcr unzensierte Nachrichten aus der Welt\",\"publisher\":{\"@id\":\"https:\/\/now-news.de\/de\/#organization\"},\"potentialAction\":[{\"@type\":\"SearchAction\",\"target\":{\"@type\":\"EntryPoint\",\"urlTemplate\":\"https:\/\/now-news.de\/de\/?s={search_term_string}\"},\"query-input\":\"required name=search_term_string\"}],\"inLanguage\":\"de\"},{\"@type\":\"Organization\",\"@id\":\"https:\/\/now-news.de\/de\/#organization\",\"name\":\"Just Now News\",\"url\":\"https:\/\/now-news.de\/de\/\",\"logo\":{\"@type\":\"ImageObject\",\"inLanguage\":\"de\",\"@id\":\"https:\/\/now-news.de\/de\/#\/schema\/logo\/image\/\",\"url\":\"http:\/\/just-now.news\/de\/wp-content\/uploads\/sites\/3\/2022\/04\/logo500x500.jpg\",\"contentUrl\":\"http:\/\/just-now.news\/de\/wp-content\/uploads\/sites\/3\/2022\/04\/logo500x500.jpg\",\"width\":500,\"height\":500,\"caption\":\"Just Now News\"},\"image\":{\"@id\":\"https:\/\/now-news.de\/de\/#\/schema\/logo\/image\/\"},\"sameAs\":[\"https:\/\/www.facebook.com\/wirmachenauf\",\"https:\/\/x.com\/WirMachenAuf_de\"]},{\"@type\":\"Person\",\"@id\":\"https:\/\/now-news.de\/de\/#\/schema\/person\/fb534a4e865501d8b3285208df34a9b5\",\"name\":\"rtnews\",\"image\":{\"@type\":\"ImageObject\",\"inLanguage\":\"de\",\"@id\":\"https:\/\/now-news.de\/de\/#\/schema\/person\/image\/\",\"url\":\"https:\/\/secure.gravatar.com\/avatar\/82aafea7d8127119dd649515f56e2117?s=96&d=mm&r=g\",\"contentUrl\":\"https:\/\/secure.gravatar.com\/avatar\/82aafea7d8127119dd649515f56e2117?s=96&d=mm&r=g\",\"caption\":\"rtnews\"},\"url\":\"https:\/\/now-news.de\/de\/author\/rnews\/\"}]}<\/script>\n<!-- \/ Yoast SEO Premium plugin. -->","yoast_head_json":{"title":"Uigurische Islamisten in Syrien wollen den Krieg nach China tragen - just-now.NEWS Deutschland","robots":{"index":"index","follow":"follow","max-snippet":"max-snippet:-1","max-image-preview":"max-image-preview:large","max-video-preview":"max-video-preview:-1"},"canonical":"https:\/\/now-news.de\/de\/deutschland\/uigurische-islamisten-in-syrien-wollen-den-krieg-nach-china-tragen\/","og_locale":"de_DE","og_type":"article","og_title":"Uigurische Islamisten in Syrien wollen den Krieg nach China tragen","og_description":"Uigurische Islamisten, die w\u00e4hrend der Blitzoffensive der HTS-Islamisten zum Sturz Assads beitrugen, haben geschworen, den Krieg nach China zu tragen. &#8220;Wir werden die chinesischen Ungl\u00e4ubigen verjagen&#8221;, hei\u00dft es in ihrer Erkl\u00e4rung. Eine uigurische militante Gruppe, die bei der Blitzoffensive der Islamisten in Syrien zum Sturz von Assad beitrug, hat geschworen, den Kampf nach China zu [&hellip;]","og_url":"https:\/\/now-news.de\/de\/deutschland\/uigurische-islamisten-in-syrien-wollen-den-krieg-nach-china-tragen\/","og_site_name":"just-now.NEWS Deutschland","article_publisher":"https:\/\/www.facebook.com\/wirmachenauf","article_published_time":"2024-12-15T14:10:13+00:00","og_image":[{"url":"https:\/\/now-news.de\/de\/wp-content\/uploads\/sites\/3\/2024\/12\/675eb257b480cc4f774384b2.jpg"}],"author":"rtnews","twitter_card":"summary_large_image","twitter_creator":"@WirMachenAuf_de","twitter_site":"@WirMachenAuf_de","twitter_misc":{"Verfasst von":"rtnews","Gesch\u00e4tzte Lesezeit":"2\u00a0Minuten"},"schema":{"@context":"https:\/\/schema.org","@graph":[{"@type":"Article","@id":"https:\/\/now-news.de\/de\/deutschland\/uigurische-islamisten-in-syrien-wollen-den-krieg-nach-china-tragen\/#article","isPartOf":{"@id":"https:\/\/now-news.de\/de\/deutschland\/uigurische-islamisten-in-syrien-wollen-den-krieg-nach-china-tragen\/"},"author":{"name":"rtnews","@id":"https:\/\/now-news.de\/de\/#\/schema\/person\/fb534a4e865501d8b3285208df34a9b5"},"headline":"Uigurische Islamisten in Syrien wollen den Krieg nach China tragen","datePublished":"2024-12-15T14:10:13+00:00","dateModified":"2024-12-15T14:10:13+00:00","mainEntityOfPage":{"@id":"https:\/\/now-news.de\/de\/deutschland\/uigurische-islamisten-in-syrien-wollen-den-krieg-nach-china-tragen\/"},"wordCount":437,"commentCount":0,"publisher":{"@id":"https:\/\/now-news.de\/de\/#organization"},"image":{"@id":"https:\/\/now-news.de\/de\/deutschland\/uigurische-islamisten-in-syrien-wollen-den-krieg-nach-china-tragen\/#primaryimage"},"thumbnailUrl":"https:\/\/now-news.de\/de\/wp-content\/uploads\/sites\/3\/2024\/12\/Uigurische-Islamisten-in-Syrien-wollen-den-Krieg-nach-China-tragen.jpg","keywords":["China","den","Islamisten","krieg","nach","Syrien","tragen","Uigurische","wollen"],"articleSection":["Deutschland","Russland"],"inLanguage":"de","potentialAction":[{"@type":"CommentAction","name":"Comment","target":["https:\/\/now-news.de\/de\/deutschland\/uigurische-islamisten-in-syrien-wollen-den-krieg-nach-china-tragen\/#respond"]}]},{"@type":"WebPage","@id":"https:\/\/now-news.de\/de\/deutschland\/uigurische-islamisten-in-syrien-wollen-den-krieg-nach-china-tragen\/","url":"https:\/\/now-news.de\/de\/deutschland\/uigurische-islamisten-in-syrien-wollen-den-krieg-nach-china-tragen\/","name":"Uigurische Islamisten in Syrien wollen den Krieg nach China tragen - just-now.NEWS Deutschland","isPartOf":{"@id":"https:\/\/now-news.de\/de\/#website"},"primaryImageOfPage":{"@id":"https:\/\/now-news.de\/de\/deutschland\/uigurische-islamisten-in-syrien-wollen-den-krieg-nach-china-tragen\/#primaryimage"},"image":{"@id":"https:\/\/now-news.de\/de\/deutschland\/uigurische-islamisten-in-syrien-wollen-den-krieg-nach-china-tragen\/#primaryimage"},"thumbnailUrl":"https:\/\/now-news.de\/de\/wp-content\/uploads\/sites\/3\/2024\/12\/Uigurische-Islamisten-in-Syrien-wollen-den-Krieg-nach-China-tragen.jpg","datePublished":"2024-12-15T14:10:13+00:00","dateModified":"2024-12-15T14:10:13+00:00","breadcrumb":{"@id":"https:\/\/now-news.de\/de\/deutschland\/uigurische-islamisten-in-syrien-wollen-den-krieg-nach-china-tragen\/#breadcrumb"},"inLanguage":"de","potentialAction":[{"@type":"ReadAction","target":["https:\/\/now-news.de\/de\/deutschland\/uigurische-islamisten-in-syrien-wollen-den-krieg-nach-china-tragen\/"]}]},{"@type":"ImageObject","inLanguage":"de","@id":"https:\/\/now-news.de\/de\/deutschland\/uigurische-islamisten-in-syrien-wollen-den-krieg-nach-china-tragen\/#primaryimage","url":"https:\/\/now-news.de\/de\/wp-content\/uploads\/sites\/3\/2024\/12\/Uigurische-Islamisten-in-Syrien-wollen-den-Krieg-nach-China-tragen.jpg","contentUrl":"https:\/\/now-news.de\/de\/wp-content\/uploads\/sites\/3\/2024\/12\/Uigurische-Islamisten-in-Syrien-wollen-den-Krieg-nach-China-tragen.jpg","width":460,"height":259,"caption":"Uigurische Islamisten in Syrien wollen den Krieg nach China tragen"},{"@type":"BreadcrumbList","@id":"https:\/\/now-news.de\/de\/deutschland\/uigurische-islamisten-in-syrien-wollen-den-krieg-nach-china-tragen\/#breadcrumb","itemListElement":[{"@type":"ListItem","position":1,"name":"Home","item":"https:\/\/now-news.de\/de\/"},{"@type":"ListItem","position":2,"name":"Uigurische Islamisten in Syrien wollen den Krieg nach China tragen"}]},{"@type":"WebSite","@id":"https:\/\/now-news.de\/de\/#website","url":"https:\/\/now-news.de\/de\/","name":"just-now.NEWS Deutschland","description":"Das Portal f\u00fcr unzensierte Nachrichten aus der Welt","publisher":{"@id":"https:\/\/now-news.de\/de\/#organization"},"potentialAction":[{"@type":"SearchAction","target":{"@type":"EntryPoint","urlTemplate":"https:\/\/now-news.de\/de\/?s={search_term_string}"},"query-input":"required name=search_term_string"}],"inLanguage":"de"},{"@type":"Organization","@id":"https:\/\/now-news.de\/de\/#organization","name":"Just Now News","url":"https:\/\/now-news.de\/de\/","logo":{"@type":"ImageObject","inLanguage":"de","@id":"https:\/\/now-news.de\/de\/#\/schema\/logo\/image\/","url":"http:\/\/just-now.news\/de\/wp-content\/uploads\/sites\/3\/2022\/04\/logo500x500.jpg","contentUrl":"http:\/\/just-now.news\/de\/wp-content\/uploads\/sites\/3\/2022\/04\/logo500x500.jpg","width":500,"height":500,"caption":"Just Now News"},"image":{"@id":"https:\/\/now-news.de\/de\/#\/schema\/logo\/image\/"},"sameAs":["https:\/\/www.facebook.com\/wirmachenauf","https:\/\/x.com\/WirMachenAuf_de"]},{"@type":"Person","@id":"https:\/\/now-news.de\/de\/#\/schema\/person\/fb534a4e865501d8b3285208df34a9b5","name":"rtnews","image":{"@type":"ImageObject","inLanguage":"de","@id":"https:\/\/now-news.de\/de\/#\/schema\/person\/image\/","url":"https:\/\/secure.gravatar.com\/avatar\/82aafea7d8127119dd649515f56e2117?s=96&d=mm&r=g","contentUrl":"https:\/\/secure.gravatar.com\/avatar\/82aafea7d8127119dd649515f56e2117?s=96&d=mm&r=g","caption":"rtnews"},"url":"https:\/\/now-news.de\/de\/author\/rnews\/"}]}},"_links":{"self":[{"href":"https:\/\/now-news.de\/de\/wp-json\/wp\/v2\/posts\/74568"}],"collection":[{"href":"https:\/\/now-news.de\/de\/wp-json\/wp\/v2\/posts"}],"about":[{"href":"https:\/\/now-news.de\/de\/wp-json\/wp\/v2\/types\/post"}],"author":[{"embeddable":true,"href":"https:\/\/now-news.de\/de\/wp-json\/wp\/v2\/users\/3"}],"replies":[{"embeddable":true,"href":"https:\/\/now-news.de\/de\/wp-json\/wp\/v2\/comments?post=74568"}],"version-history":[{"count":0,"href":"https:\/\/now-news.de\/de\/wp-json\/wp\/v2\/posts\/74568\/revisions"}],"wp:featuredmedia":[{"embeddable":true,"href":"https:\/\/now-news.de\/de\/wp-json\/wp\/v2\/media\/74569"}],"wp:attachment":[{"href":"https:\/\/now-news.de\/de\/wp-json\/wp\/v2\/media?parent=74568"}],"wp:term":[{"taxonomy":"category","embeddable":true,"href":"https:\/\/now-news.de\/de\/wp-json\/wp\/v2\/categories?post=74568"},{"taxonomy":"post_tag","embeddable":true,"href":"https:\/\/now-news.de\/de\/wp-json\/wp\/v2\/tags?post=74568"}],"curies":[{"name":"wp","href":"https:\/\/api.w.org\/{rel}","templated":true}]}}