{"id":74562,"date":"2024-12-15T14:26:53","date_gmt":"2024-12-15T12:26:53","guid":{"rendered":"https:\/\/now-news.de\/de\/deutschland\/ukrainische-brigade-verlaesst-ihre-stellungen-an-der-frontlinie\/"},"modified":"2024-12-15T14:26:53","modified_gmt":"2024-12-15T12:26:53","slug":"ukrainische-brigade-verlaesst-ihre-stellungen-an-der-frontlinie","status":"publish","type":"post","link":"https:\/\/now-news.de\/de\/deutschland\/ukrainische-brigade-verlaesst-ihre-stellungen-an-der-frontlinie\/","title":{"rendered":"Ukrainische Brigade verl\u00e4sst ihre Stellungen an der Frontlinie"},"content":{"rendered":"<p><img decoding=\"async\" src=\"https:\/\/now-news.de\/de\/wp-content\/uploads\/sites\/3\/2024\/12\/675ebfd1b480cc4f5a6cb36b.jpg\" \/><\/p>\n<div class=\"Text-root Text-type_1 \">\n                Fast 1.000 ukrainische Soldaten haben ihre Brigade nach der Ankunft in ihrer Stellung verlassen, berichtet ein ukrainischer Chefredakteur. Er f\u00fchrt dies auf die Tatsache zur\u00fcck, dass die Brigade aus zwangsmobilisierten Personen gebildet wurde.\n            <\/div>\n<p><\/p>\n<div class=\"Text-root Text-type_5 ArticleView-text ViewText-root \">\n<p>Etwa tausend Mann der 155. Anna-Kiewskaja-Brigade der ukrainischen Streitkr\u00e4fte, von denen angeblich einige in Frankreich ausgebildet wurden, desertierten fast unmittelbar nach ihrer Ankunft in der Stellung, berichtete der Chefredakteur des ukrainischen Nachrichtenportals <em>Censor.net<\/em>, Juri Butussow, auf seinem YouTube-Kanal. Er sagte:<strong><\/strong><\/p>\n<blockquote>\n<p><em>&#8220;<\/em><em>Es gibt in dieser Brigade eine gro\u00dfe Anzahl von F\u00e4llen des unerlaubten Verlassens der Einheit unter denjenigen, die dort eingesetzt wurden.<\/em><em>&#8220;<\/em><\/p>\n<\/blockquote>\n<p>Dem Journalisten zufolge ist dies auf die Tatsache zur\u00fcckzuf\u00fchren, dass diese Brigade aus zwangsmobilisierten Personen gebildet und ohne angemessene Ausbildung an die Front geschickt wurde. Butussow schilderte:<\/p>\n<blockquote>\n<p><em>&#8220;<\/em><em>Mehrere Tausend Menschen von der Stra\u00dfe \u2013 diese bussifizierten Menschen \u2013 wurden in die Brigade gestopft, man sagte ihnen, dass es sich um eine Brigade handele, setzte einen kompetenten Kommandanten dorthin, gab ihm aber keine Zeit, ein Team zu bilden. Das Ergebnis war, dass fast tausend Menschen, die in die 155. Brigade gezwungen wurden, sofort nach ihrer Ankunft nach Hause gingen.<\/em><em>&#8220;<\/em><\/p>\n<\/blockquote>\n<p>Gleichzeitig, so der Journalist, wurde dem Brigadekommandeur die Verantwortung f\u00fcr diese Soldaten auferlegt und er wurde seines Postens enthoben.<\/p>\n<p>Ende November hatte der franz\u00f6sische Verteidigungsminister S\u00e9bastien Lecornu mitgeteilt, dass 2.300 in Frankreich ausgebildete ukrainische Soldaten der bewaffneten Formation Anna Kiewskaja in die Ukraine zur\u00fcckgekehrt seien, um an Kampfhandlungen teilzunehmen. Drei Infanteriebataillone, ein Ingenieur- und ein Artilleriekorps sowie Bodenluft\u00fcberwachungs- und Aufkl\u00e4rungseinheiten wurden demnach in Frankreich ausgebildet. Die Ukrainer sollen von 1.500 franz\u00f6sischen Soldaten ausgebildet worden sein. Auf russischen Telegram-Kan\u00e4len ist die Rede davon, dass diese angebliche Ausbildung ein Betrug war und die Brigade mit unerfahrenen Rekruten aufgef\u00fcllt wurde.<\/p>\n<p>Roman Lichatschjow, Jurist am ukrainischen Zentrum f\u00fcr die Unterst\u00fctzung von Veteranen und ihren Familien, behauptete, dass die Ukraine seit 2022 mehr als 100.000 F\u00e4lle von unerlaubtem Verlassen der Einheit durch ukrainische K\u00e4mpfer verzeichnet habe. Die Nachrichten- und Analyse-Webseite <em>Ukrainskaja Prawda<\/em> berichtete am 16. Oktober, dass das B\u00fcro des Generalstaatsanwalts der Ukraine seit Anfang 2022 in den Reihen der ukrainischen Streitkr\u00e4fte etwa 60.000 strafrechtliche F\u00e4lle von unerlaubtem Entfernen vom Dienst und etwa 30.000 F\u00e4lle von Desertion registriert habe.<\/p>\n<p><strong>Mehr zum Thema<\/strong> &#8211; <a rel=\"nofollow noopener\" target=\"_blank\" href=\"https:\/\/freedert.online\/meinung\/229301-der-mythos-von-den-friedenstruppen-was-steckt-hinter-den-europaeischen-plaenen\/\">Der Mythos von den Friedenstruppen: Was steckt hinter den europ\u00e4ischen Pl\u00e4nen f\u00fcr die Ukraine?<\/a><\/p>\n<div class=\"EmbedBlock-root EmbedBlock-externalVideo EmbedBlock-rumble\">\n<div class=\"VkEmbed\"><iframe class=\"lazyload\" data-src=\"https:\/\/rumble.com\/embed\/v4vbrv8\" frameborder=\"0\" width=\"853\" height=\"480\" allowfullscreen><\/iframe><\/div>\n<\/div>\n<\/div>\n<p><br \/>\n<br \/><a href=\"https:\/\/de.rt.com\/europa\/229606-ukrainische-brigade-verlaesst-ihre-stellungen\/\">Source link <\/a><\/p>\n","protected":false},"excerpt":{"rendered":"<p>Fast 1.000 ukrainische Soldaten haben ihre Brigade nach der Ankunft in ihrer Stellung verlassen, berichtet ein ukrainischer Chefredakteur. Er f\u00fchrt dies auf die Tatsache zur\u00fcck, dass die Brigade aus zwangsmobilisierten Personen gebildet wurde. Etwa tausend Mann der 155. Anna-Kiewskaja-Brigade der ukrainischen Streitkr\u00e4fte, von denen angeblich einige in Frankreich ausgebildet wurden, desertierten fast unmittelbar nach ihrer [&hellip;]<\/p>\n","protected":false},"author":3,"featured_media":74563,"comment_status":"open","ping_status":"open","sticky":false,"template":"","format":"standard","meta":{"_yoast_indexnow_last_ping":["1734265933"],"wp_automatic_camp":["217"],"812114ad609fef9aa56c87349fbf5d83":["Ukrainische Brigade verl\u00e4sst ihre Stellungen an der Frontlinie"],"original_link":["https:\/\/de.rt.com\/europa\/229606-ukrainische-brigade-verlaesst-ihre-stellungen\/"],"_thumbnail_id":["74563"],"_wptgpro_p2tg_sent2tg":["a:1:{i:23737;s:19:\"2024-12-15 14:35:05\";}"],"jnews_social_counter_last_update":["1777327359"]},"categories":[19,23],"tags":[46097,82,41199,1908,17701,905,1444],"yoast_head":"<!-- This site is optimized with the Yoast SEO Premium plugin v22.7 (Yoast SEO v22.7) - https:\/\/yoast.com\/wordpress\/plugins\/seo\/ -->\n<title>Ukrainische Brigade verl\u00e4sst ihre Stellungen an der Frontlinie - just-now.NEWS Deutschland<\/title>\n<meta name=\"robots\" content=\"index, follow, max-snippet:-1, max-image-preview:large, max-video-preview:-1\" \/>\n<link rel=\"canonical\" href=\"https:\/\/now-news.de\/de\/deutschland\/ukrainische-brigade-verlaesst-ihre-stellungen-an-der-frontlinie\/\" \/>\n<meta property=\"og:locale\" content=\"de_DE\" \/>\n<meta property=\"og:type\" content=\"article\" \/>\n<meta property=\"og:title\" content=\"Ukrainische Brigade verl\u00e4sst ihre Stellungen an der Frontlinie\" \/>\n<meta property=\"og:description\" content=\"Fast 1.000 ukrainische Soldaten haben ihre Brigade nach der Ankunft in ihrer Stellung verlassen, berichtet ein ukrainischer Chefredakteur. Er f\u00fchrt dies auf die Tatsache zur\u00fcck, dass die Brigade aus zwangsmobilisierten Personen gebildet wurde. Etwa tausend Mann der 155. Anna-Kiewskaja-Brigade der ukrainischen Streitkr\u00e4fte, von denen angeblich einige in Frankreich ausgebildet wurden, desertierten fast unmittelbar nach ihrer [&hellip;]\" \/>\n<meta property=\"og:url\" content=\"https:\/\/now-news.de\/de\/deutschland\/ukrainische-brigade-verlaesst-ihre-stellungen-an-der-frontlinie\/\" \/>\n<meta property=\"og:site_name\" content=\"just-now.NEWS Deutschland\" \/>\n<meta property=\"article:publisher\" content=\"https:\/\/www.facebook.com\/wirmachenauf\" \/>\n<meta property=\"article:published_time\" content=\"2024-12-15T12:26:53+00:00\" \/>\n<meta property=\"og:image\" content=\"https:\/\/now-news.de\/de\/wp-content\/uploads\/sites\/3\/2024\/12\/675ebfd1b480cc4f5a6cb36b.jpg\" \/>\n<meta name=\"author\" content=\"rtnews\" \/>\n<meta name=\"twitter:card\" content=\"summary_large_image\" \/>\n<meta name=\"twitter:creator\" content=\"@WirMachenAuf_de\" \/>\n<meta name=\"twitter:site\" content=\"@WirMachenAuf_de\" \/>\n<meta name=\"twitter:label1\" content=\"Verfasst von\" \/>\n\t<meta name=\"twitter:data1\" content=\"rtnews\" \/>\n\t<meta name=\"twitter:label2\" content=\"Gesch\u00e4tzte Lesezeit\" \/>\n\t<meta name=\"twitter:data2\" content=\"2\u00a0Minuten\" \/>\n<script type=\"application\/ld+json\" class=\"yoast-schema-graph\">{\"@context\":\"https:\/\/schema.org\",\"@graph\":[{\"@type\":\"Article\",\"@id\":\"https:\/\/now-news.de\/de\/deutschland\/ukrainische-brigade-verlaesst-ihre-stellungen-an-der-frontlinie\/#article\",\"isPartOf\":{\"@id\":\"https:\/\/now-news.de\/de\/deutschland\/ukrainische-brigade-verlaesst-ihre-stellungen-an-der-frontlinie\/\"},\"author\":{\"name\":\"rtnews\",\"@id\":\"https:\/\/now-news.de\/de\/#\/schema\/person\/fb534a4e865501d8b3285208df34a9b5\"},\"headline\":\"Ukrainische Brigade verl\u00e4sst ihre Stellungen an der Frontlinie\",\"datePublished\":\"2024-12-15T12:26:53+00:00\",\"dateModified\":\"2024-12-15T12:26:53+00:00\",\"mainEntityOfPage\":{\"@id\":\"https:\/\/now-news.de\/de\/deutschland\/ukrainische-brigade-verlaesst-ihre-stellungen-an-der-frontlinie\/\"},\"wordCount\":402,\"commentCount\":0,\"publisher\":{\"@id\":\"https:\/\/now-news.de\/de\/#organization\"},\"image\":{\"@id\":\"https:\/\/now-news.de\/de\/deutschland\/ukrainische-brigade-verlaesst-ihre-stellungen-an-der-frontlinie\/#primaryimage\"},\"thumbnailUrl\":\"https:\/\/now-news.de\/de\/wp-content\/uploads\/sites\/3\/2024\/12\/Ukrainische-Brigade-verlaesst-ihre-Stellungen-an-der-Frontlinie.jpg\",\"keywords\":[\"Brigade\",\"der\",\"Frontlinie\",\"ihre\",\"Stellungen\",\"Ukrainische\",\"verl\u00e4sst\"],\"articleSection\":[\"Deutschland\",\"Russland\"],\"inLanguage\":\"de\",\"potentialAction\":[{\"@type\":\"CommentAction\",\"name\":\"Comment\",\"target\":[\"https:\/\/now-news.de\/de\/deutschland\/ukrainische-brigade-verlaesst-ihre-stellungen-an-der-frontlinie\/#respond\"]}]},{\"@type\":\"WebPage\",\"@id\":\"https:\/\/now-news.de\/de\/deutschland\/ukrainische-brigade-verlaesst-ihre-stellungen-an-der-frontlinie\/\",\"url\":\"https:\/\/now-news.de\/de\/deutschland\/ukrainische-brigade-verlaesst-ihre-stellungen-an-der-frontlinie\/\",\"name\":\"Ukrainische Brigade verl\u00e4sst ihre Stellungen an der Frontlinie - just-now.NEWS Deutschland\",\"isPartOf\":{\"@id\":\"https:\/\/now-news.de\/de\/#website\"},\"primaryImageOfPage\":{\"@id\":\"https:\/\/now-news.de\/de\/deutschland\/ukrainische-brigade-verlaesst-ihre-stellungen-an-der-frontlinie\/#primaryimage\"},\"image\":{\"@id\":\"https:\/\/now-news.de\/de\/deutschland\/ukrainische-brigade-verlaesst-ihre-stellungen-an-der-frontlinie\/#primaryimage\"},\"thumbnailUrl\":\"https:\/\/now-news.de\/de\/wp-content\/uploads\/sites\/3\/2024\/12\/Ukrainische-Brigade-verlaesst-ihre-Stellungen-an-der-Frontlinie.jpg\",\"datePublished\":\"2024-12-15T12:26:53+00:00\",\"dateModified\":\"2024-12-15T12:26:53+00:00\",\"breadcrumb\":{\"@id\":\"https:\/\/now-news.de\/de\/deutschland\/ukrainische-brigade-verlaesst-ihre-stellungen-an-der-frontlinie\/#breadcrumb\"},\"inLanguage\":\"de\",\"potentialAction\":[{\"@type\":\"ReadAction\",\"target\":[\"https:\/\/now-news.de\/de\/deutschland\/ukrainische-brigade-verlaesst-ihre-stellungen-an-der-frontlinie\/\"]}]},{\"@type\":\"ImageObject\",\"inLanguage\":\"de\",\"@id\":\"https:\/\/now-news.de\/de\/deutschland\/ukrainische-brigade-verlaesst-ihre-stellungen-an-der-frontlinie\/#primaryimage\",\"url\":\"https:\/\/now-news.de\/de\/wp-content\/uploads\/sites\/3\/2024\/12\/Ukrainische-Brigade-verlaesst-ihre-Stellungen-an-der-Frontlinie.jpg\",\"contentUrl\":\"https:\/\/now-news.de\/de\/wp-content\/uploads\/sites\/3\/2024\/12\/Ukrainische-Brigade-verlaesst-ihre-Stellungen-an-der-Frontlinie.jpg\",\"width\":460,\"height\":259,\"caption\":\"Ukrainische Brigade verl\u00e4sst ihre Stellungen an der Frontlinie\"},{\"@type\":\"BreadcrumbList\",\"@id\":\"https:\/\/now-news.de\/de\/deutschland\/ukrainische-brigade-verlaesst-ihre-stellungen-an-der-frontlinie\/#breadcrumb\",\"itemListElement\":[{\"@type\":\"ListItem\",\"position\":1,\"name\":\"Home\",\"item\":\"https:\/\/now-news.de\/de\/\"},{\"@type\":\"ListItem\",\"position\":2,\"name\":\"Ukrainische Brigade verl\u00e4sst ihre Stellungen an der Frontlinie\"}]},{\"@type\":\"WebSite\",\"@id\":\"https:\/\/now-news.de\/de\/#website\",\"url\":\"https:\/\/now-news.de\/de\/\",\"name\":\"just-now.NEWS Deutschland\",\"description\":\"Das Portal f\u00fcr unzensierte Nachrichten aus der Welt\",\"publisher\":{\"@id\":\"https:\/\/now-news.de\/de\/#organization\"},\"potentialAction\":[{\"@type\":\"SearchAction\",\"target\":{\"@type\":\"EntryPoint\",\"urlTemplate\":\"https:\/\/now-news.de\/de\/?s={search_term_string}\"},\"query-input\":\"required name=search_term_string\"}],\"inLanguage\":\"de\"},{\"@type\":\"Organization\",\"@id\":\"https:\/\/now-news.de\/de\/#organization\",\"name\":\"Just Now News\",\"url\":\"https:\/\/now-news.de\/de\/\",\"logo\":{\"@type\":\"ImageObject\",\"inLanguage\":\"de\",\"@id\":\"https:\/\/now-news.de\/de\/#\/schema\/logo\/image\/\",\"url\":\"http:\/\/just-now.news\/de\/wp-content\/uploads\/sites\/3\/2022\/04\/logo500x500.jpg\",\"contentUrl\":\"http:\/\/just-now.news\/de\/wp-content\/uploads\/sites\/3\/2022\/04\/logo500x500.jpg\",\"width\":500,\"height\":500,\"caption\":\"Just Now News\"},\"image\":{\"@id\":\"https:\/\/now-news.de\/de\/#\/schema\/logo\/image\/\"},\"sameAs\":[\"https:\/\/www.facebook.com\/wirmachenauf\",\"https:\/\/x.com\/WirMachenAuf_de\"]},{\"@type\":\"Person\",\"@id\":\"https:\/\/now-news.de\/de\/#\/schema\/person\/fb534a4e865501d8b3285208df34a9b5\",\"name\":\"rtnews\",\"image\":{\"@type\":\"ImageObject\",\"inLanguage\":\"de\",\"@id\":\"https:\/\/now-news.de\/de\/#\/schema\/person\/image\/\",\"url\":\"https:\/\/secure.gravatar.com\/avatar\/82aafea7d8127119dd649515f56e2117?s=96&d=mm&r=g\",\"contentUrl\":\"https:\/\/secure.gravatar.com\/avatar\/82aafea7d8127119dd649515f56e2117?s=96&d=mm&r=g\",\"caption\":\"rtnews\"},\"url\":\"https:\/\/now-news.de\/de\/author\/rnews\/\"}]}<\/script>\n<!-- \/ Yoast SEO Premium plugin. -->","yoast_head_json":{"title":"Ukrainische Brigade verl\u00e4sst ihre Stellungen an der Frontlinie - just-now.NEWS Deutschland","robots":{"index":"index","follow":"follow","max-snippet":"max-snippet:-1","max-image-preview":"max-image-preview:large","max-video-preview":"max-video-preview:-1"},"canonical":"https:\/\/now-news.de\/de\/deutschland\/ukrainische-brigade-verlaesst-ihre-stellungen-an-der-frontlinie\/","og_locale":"de_DE","og_type":"article","og_title":"Ukrainische Brigade verl\u00e4sst ihre Stellungen an der Frontlinie","og_description":"Fast 1.000 ukrainische Soldaten haben ihre Brigade nach der Ankunft in ihrer Stellung verlassen, berichtet ein ukrainischer Chefredakteur. Er f\u00fchrt dies auf die Tatsache zur\u00fcck, dass die Brigade aus zwangsmobilisierten Personen gebildet wurde. Etwa tausend Mann der 155. Anna-Kiewskaja-Brigade der ukrainischen Streitkr\u00e4fte, von denen angeblich einige in Frankreich ausgebildet wurden, desertierten fast unmittelbar nach ihrer [&hellip;]","og_url":"https:\/\/now-news.de\/de\/deutschland\/ukrainische-brigade-verlaesst-ihre-stellungen-an-der-frontlinie\/","og_site_name":"just-now.NEWS Deutschland","article_publisher":"https:\/\/www.facebook.com\/wirmachenauf","article_published_time":"2024-12-15T12:26:53+00:00","og_image":[{"url":"https:\/\/now-news.de\/de\/wp-content\/uploads\/sites\/3\/2024\/12\/675ebfd1b480cc4f5a6cb36b.jpg"}],"author":"rtnews","twitter_card":"summary_large_image","twitter_creator":"@WirMachenAuf_de","twitter_site":"@WirMachenAuf_de","twitter_misc":{"Verfasst von":"rtnews","Gesch\u00e4tzte Lesezeit":"2\u00a0Minuten"},"schema":{"@context":"https:\/\/schema.org","@graph":[{"@type":"Article","@id":"https:\/\/now-news.de\/de\/deutschland\/ukrainische-brigade-verlaesst-ihre-stellungen-an-der-frontlinie\/#article","isPartOf":{"@id":"https:\/\/now-news.de\/de\/deutschland\/ukrainische-brigade-verlaesst-ihre-stellungen-an-der-frontlinie\/"},"author":{"name":"rtnews","@id":"https:\/\/now-news.de\/de\/#\/schema\/person\/fb534a4e865501d8b3285208df34a9b5"},"headline":"Ukrainische Brigade verl\u00e4sst ihre Stellungen an der Frontlinie","datePublished":"2024-12-15T12:26:53+00:00","dateModified":"2024-12-15T12:26:53+00:00","mainEntityOfPage":{"@id":"https:\/\/now-news.de\/de\/deutschland\/ukrainische-brigade-verlaesst-ihre-stellungen-an-der-frontlinie\/"},"wordCount":402,"commentCount":0,"publisher":{"@id":"https:\/\/now-news.de\/de\/#organization"},"image":{"@id":"https:\/\/now-news.de\/de\/deutschland\/ukrainische-brigade-verlaesst-ihre-stellungen-an-der-frontlinie\/#primaryimage"},"thumbnailUrl":"https:\/\/now-news.de\/de\/wp-content\/uploads\/sites\/3\/2024\/12\/Ukrainische-Brigade-verlaesst-ihre-Stellungen-an-der-Frontlinie.jpg","keywords":["Brigade","der","Frontlinie","ihre","Stellungen","Ukrainische","verl\u00e4sst"],"articleSection":["Deutschland","Russland"],"inLanguage":"de","potentialAction":[{"@type":"CommentAction","name":"Comment","target":["https:\/\/now-news.de\/de\/deutschland\/ukrainische-brigade-verlaesst-ihre-stellungen-an-der-frontlinie\/#respond"]}]},{"@type":"WebPage","@id":"https:\/\/now-news.de\/de\/deutschland\/ukrainische-brigade-verlaesst-ihre-stellungen-an-der-frontlinie\/","url":"https:\/\/now-news.de\/de\/deutschland\/ukrainische-brigade-verlaesst-ihre-stellungen-an-der-frontlinie\/","name":"Ukrainische Brigade verl\u00e4sst ihre Stellungen an der Frontlinie - just-now.NEWS Deutschland","isPartOf":{"@id":"https:\/\/now-news.de\/de\/#website"},"primaryImageOfPage":{"@id":"https:\/\/now-news.de\/de\/deutschland\/ukrainische-brigade-verlaesst-ihre-stellungen-an-der-frontlinie\/#primaryimage"},"image":{"@id":"https:\/\/now-news.de\/de\/deutschland\/ukrainische-brigade-verlaesst-ihre-stellungen-an-der-frontlinie\/#primaryimage"},"thumbnailUrl":"https:\/\/now-news.de\/de\/wp-content\/uploads\/sites\/3\/2024\/12\/Ukrainische-Brigade-verlaesst-ihre-Stellungen-an-der-Frontlinie.jpg","datePublished":"2024-12-15T12:26:53+00:00","dateModified":"2024-12-15T12:26:53+00:00","breadcrumb":{"@id":"https:\/\/now-news.de\/de\/deutschland\/ukrainische-brigade-verlaesst-ihre-stellungen-an-der-frontlinie\/#breadcrumb"},"inLanguage":"de","potentialAction":[{"@type":"ReadAction","target":["https:\/\/now-news.de\/de\/deutschland\/ukrainische-brigade-verlaesst-ihre-stellungen-an-der-frontlinie\/"]}]},{"@type":"ImageObject","inLanguage":"de","@id":"https:\/\/now-news.de\/de\/deutschland\/ukrainische-brigade-verlaesst-ihre-stellungen-an-der-frontlinie\/#primaryimage","url":"https:\/\/now-news.de\/de\/wp-content\/uploads\/sites\/3\/2024\/12\/Ukrainische-Brigade-verlaesst-ihre-Stellungen-an-der-Frontlinie.jpg","contentUrl":"https:\/\/now-news.de\/de\/wp-content\/uploads\/sites\/3\/2024\/12\/Ukrainische-Brigade-verlaesst-ihre-Stellungen-an-der-Frontlinie.jpg","width":460,"height":259,"caption":"Ukrainische Brigade verl\u00e4sst ihre Stellungen an der Frontlinie"},{"@type":"BreadcrumbList","@id":"https:\/\/now-news.de\/de\/deutschland\/ukrainische-brigade-verlaesst-ihre-stellungen-an-der-frontlinie\/#breadcrumb","itemListElement":[{"@type":"ListItem","position":1,"name":"Home","item":"https:\/\/now-news.de\/de\/"},{"@type":"ListItem","position":2,"name":"Ukrainische Brigade verl\u00e4sst ihre Stellungen an der Frontlinie"}]},{"@type":"WebSite","@id":"https:\/\/now-news.de\/de\/#website","url":"https:\/\/now-news.de\/de\/","name":"just-now.NEWS Deutschland","description":"Das Portal f\u00fcr unzensierte Nachrichten aus der Welt","publisher":{"@id":"https:\/\/now-news.de\/de\/#organization"},"potentialAction":[{"@type":"SearchAction","target":{"@type":"EntryPoint","urlTemplate":"https:\/\/now-news.de\/de\/?s={search_term_string}"},"query-input":"required name=search_term_string"}],"inLanguage":"de"},{"@type":"Organization","@id":"https:\/\/now-news.de\/de\/#organization","name":"Just Now News","url":"https:\/\/now-news.de\/de\/","logo":{"@type":"ImageObject","inLanguage":"de","@id":"https:\/\/now-news.de\/de\/#\/schema\/logo\/image\/","url":"http:\/\/just-now.news\/de\/wp-content\/uploads\/sites\/3\/2022\/04\/logo500x500.jpg","contentUrl":"http:\/\/just-now.news\/de\/wp-content\/uploads\/sites\/3\/2022\/04\/logo500x500.jpg","width":500,"height":500,"caption":"Just Now News"},"image":{"@id":"https:\/\/now-news.de\/de\/#\/schema\/logo\/image\/"},"sameAs":["https:\/\/www.facebook.com\/wirmachenauf","https:\/\/x.com\/WirMachenAuf_de"]},{"@type":"Person","@id":"https:\/\/now-news.de\/de\/#\/schema\/person\/fb534a4e865501d8b3285208df34a9b5","name":"rtnews","image":{"@type":"ImageObject","inLanguage":"de","@id":"https:\/\/now-news.de\/de\/#\/schema\/person\/image\/","url":"https:\/\/secure.gravatar.com\/avatar\/82aafea7d8127119dd649515f56e2117?s=96&d=mm&r=g","contentUrl":"https:\/\/secure.gravatar.com\/avatar\/82aafea7d8127119dd649515f56e2117?s=96&d=mm&r=g","caption":"rtnews"},"url":"https:\/\/now-news.de\/de\/author\/rnews\/"}]}},"_links":{"self":[{"href":"https:\/\/now-news.de\/de\/wp-json\/wp\/v2\/posts\/74562"}],"collection":[{"href":"https:\/\/now-news.de\/de\/wp-json\/wp\/v2\/posts"}],"about":[{"href":"https:\/\/now-news.de\/de\/wp-json\/wp\/v2\/types\/post"}],"author":[{"embeddable":true,"href":"https:\/\/now-news.de\/de\/wp-json\/wp\/v2\/users\/3"}],"replies":[{"embeddable":true,"href":"https:\/\/now-news.de\/de\/wp-json\/wp\/v2\/comments?post=74562"}],"version-history":[{"count":0,"href":"https:\/\/now-news.de\/de\/wp-json\/wp\/v2\/posts\/74562\/revisions"}],"wp:featuredmedia":[{"embeddable":true,"href":"https:\/\/now-news.de\/de\/wp-json\/wp\/v2\/media\/74563"}],"wp:attachment":[{"href":"https:\/\/now-news.de\/de\/wp-json\/wp\/v2\/media?parent=74562"}],"wp:term":[{"taxonomy":"category","embeddable":true,"href":"https:\/\/now-news.de\/de\/wp-json\/wp\/v2\/categories?post=74562"},{"taxonomy":"post_tag","embeddable":true,"href":"https:\/\/now-news.de\/de\/wp-json\/wp\/v2\/tags?post=74562"}],"curies":[{"name":"wp","href":"https:\/\/api.w.org\/{rel}","templated":true}]}}