{"id":74549,"date":"2024-12-15T10:47:17","date_gmt":"2024-12-15T08:47:17","guid":{"rendered":"https:\/\/now-news.de\/de\/deutschland\/habeck-ich-moechte-deutschland-anfuehren\/"},"modified":"2024-12-15T10:47:17","modified_gmt":"2024-12-15T08:47:17","slug":"habeck-ich-moechte-deutschland-anfuehren","status":"publish","type":"post","link":"https:\/\/now-news.de\/de\/deutschland\/habeck-ich-moechte-deutschland-anfuehren\/","title":{"rendered":"Habeck: &quot;Ich m\u00f6chte Deutschland anf\u00fchren&quot;"},"content":{"rendered":"<p><img decoding=\"async\" src=\"https:\/\/now-news.de\/de\/wp-content\/uploads\/sites\/3\/2024\/12\/675e938eb480cc22dd4517ec.jpg\" \/><\/p>\n<div class=\"Text-root Text-type_1 \">\n                Er wolle Deutschland anf\u00fchren und nicht nur f\u00fchren. Robert Habeck hat in einem wohlwollend gef\u00fchrten Interview mit der BamS erkl\u00e4rt, dass er Bundeskanzler werden m\u00f6chte, um das Land ein &#8220;bisschen besser&#8221; zu machen. Ein neues Buch geschrieben hat der viel besch\u00e4ftigte Kandidat auch noch.\n            <\/div>\n<p><\/p>\n<div class=\"Text-root Text-type_5 ArticleView-text ViewText-root \">\n<p>Der Kanzlerkandidat der Gr\u00fcnen und Bundeswirtschaftsminister Robert Habeck hat seinen Anspruch bekr\u00e4ftigt, nicht nur in seiner Partei die Richtung zu bestimmen, sondern das ganze Land anf\u00fchren zu wollen \u2013 und das trotz der\u00a0gegenw\u00e4rtig eher bescheidenen Umfragewerte. Im Interview mit dem Springerblatt <em>Bild am Sonntag (BamS)<\/em> \u2013 <em>Bild<\/em>-Chefredakteurin Marion Horn hatte den Kinderbuchautor dazu in ihre K\u00fcche eingeladen \u2013 antwortete er auf die Frage, ob er wirklich Kanzler werden wolle:<\/p>\n<p><em>&#8220;Ja, das will ich! Das Kanzleramt muss man wirklich wollen, und zwar mit Haut und Haaren. Das ist nicht irgendwie so eine Art Reiseerfahrung, die man mal sammelt. Und wenn\u2019s schlecht ist, dann reise ich wieder ab. Das habe ich jetzt aus der N\u00e4he gesehen. Ich habe selber die Erfahrungen im Amt ja \u00e4hnlich sammeln d\u00fcrfen. Das fordert unfassbar viel. Das muss man wirklich wollen. Und man muss sich vorher sehr gut gepr\u00fcft haben, ob man es wollen kann, den Preis daf\u00fcr zahlt. Das habe ich f\u00fcr mich getan, das will ich und damit will ich auch Kanzler werden.&#8221;<\/em><\/p>\n<p>Der Kandidat\u00a0r\u00e4umte zwar ein, in der Ampel Vertrauen eingeb\u00fc\u00dft zu haben, aber dieses komme bereits zur\u00fcck. Und er sei nicht mehr eitel:<\/p>\n<p><em>&#8220;Ich habe das nat\u00fcrlich gesehen, dass wir Vertrauen verloren haben. Nicht nur die Politik oder die Regierung, sondern auch meine Person. Und das kommt zur\u00fcck, so scheint es mir. Ich bin jetzt ungef\u00e4hr 20 Jahre Berufspolitiker und habe nicht mehr das Gef\u00fchl, dass ich mir oder meiner Partei was beweisen muss. Alles, was so ein bisschen in den Eitelkeitswinkel geht, das brauche ich nicht mehr. Da bin ich durch. Ich habe auch dank Ihrer Hilfe gelernt, wie viel man tragen und aushalten kann, wie man mit Kritik umgeht, wie man auch geh\u00e4rtet wird in der Kritik.&#8221;<\/em><\/p>\n<p>Er wolle, so Habeck in typischem Habeck-Sprech, mit seiner &#8220;gewachsenen Erfahrung&#8221; das Land &#8220;ein bisschen besser machen&#8221;. Dabei wolle er anf\u00fchren, nicht nur f\u00fchren:<\/p>\n<p><em>&#8220;Jetzt kann ich meine gewachsene Erfahrung, auch die Lernschritte aus der letzten Legislaturperiode, kombinieren mit dem, was mich irgendwann mal in die Politik gebracht hat. N\u00e4mlich anzubieten, die Probleme zu l\u00f6sen und das Land ein bisschen besser zu machen. Das bringt mich halt jetzt zu dieser, in der Tat ein bisschen aus der Underdog-Position formulierten, aber dann doch selbstbewusst vorgetragenen Aussage, dass ich Deutschland gerne nicht nur f\u00fchren, sondern auch anf\u00fchren m\u00f6chte.&#8221;<\/em><\/p>\n<\/p>\n<p>Der <em>BamS<\/em>-Leser erf\u00e4hrt in dem wohlwollend gef\u00fchrten Interview auch noch, dass der Kinderbuchautor ein neues Buch verfasst hat (&#8220;in den Sommerferien geschrieben&#8221;). Aktuelle Umfragen sehen die Gr\u00fcnen derzeit bei elf Prozent, deutlich hinter Union, AfD und SPD. Trotz einer teuren und aufwendigen Werbekampagne ist seit der Wahl Habecks zum Kandidaten kein Aufw\u00e4rtstrend erkennbar.<\/p>\n<p><strong>Mehr zum Thema \u2013\u00a0<\/strong><a rel=\"nofollow noopener\" target=\"_blank\" href=\"https:\/\/dert.site\/inland\/227747-ex-habeck-fluesterer-patrick-graichen\/\">Ex-Habeck-Fl\u00fcsterer Patrick Graichen findet Nebenjob beim ukrainischem Energieunternehmen Ukrenergo<\/a><\/p>\n<div class=\"EmbedBlock-root EmbedBlock-externalVideo EmbedBlock-rumble\">\n<div class=\"VkEmbed\"><iframe class=\"lazyload\" data-src=\"https:\/\/rumble.com\/embed\/v5qypu5\" frameborder=\"0\" width=\"853\" height=\"480\" allowfullscreen><\/iframe><\/div>\n<\/div>\n<\/div>\n<p><br \/>\n<br \/><a href=\"https:\/\/de.rt.com\/inland\/229585-habeck-ich-moechte-deutschland-anfuehren\/\">Source link <\/a><\/p>\n","protected":false},"excerpt":{"rendered":"<p>Er wolle Deutschland anf\u00fchren und nicht nur f\u00fchren. Robert Habeck hat in einem wohlwollend gef\u00fchrten Interview mit der BamS erkl\u00e4rt, dass er Bundeskanzler werden m\u00f6chte, um das Land ein &#8220;bisschen besser&#8221; zu machen. Ein neues Buch geschrieben hat der viel besch\u00e4ftigte Kandidat auch noch. Der Kanzlerkandidat der Gr\u00fcnen und Bundeswirtschaftsminister Robert Habeck hat seinen Anspruch [&hellip;]<\/p>\n","protected":false},"author":3,"featured_media":74550,"comment_status":"open","ping_status":"open","sticky":false,"template":"","format":"standard","meta":{"_yoast_indexnow_last_ping":["1734252473"],"wp_automatic_camp":["217"],"798df4b87542dfd200443cc08205d8bc":["Habeck: &quot;Ich m\u00f6chte Deutschland anf\u00fchren&quot;"],"original_link":["https:\/\/de.rt.com\/inland\/229585-habeck-ich-moechte-deutschland-anfuehren\/"],"_thumbnail_id":["74550"],"jnews_social_counter_last_update":["1777447486"],"_wptgpro_p2tg_sent2tg":["a:1:{i:23737;s:19:\"2024-12-15 10:49:02\";}"]},"categories":[19,23],"tags":[61030,179,911,18707,7155],"yoast_head":"<!-- This site is optimized with the Yoast SEO Premium plugin v22.7 (Yoast SEO v22.7) - https:\/\/yoast.com\/wordpress\/plugins\/seo\/ -->\n<title>Habeck: &quot;Ich m\u00f6chte Deutschland anf\u00fchren&quot; - just-now.NEWS Deutschland<\/title>\n<meta name=\"robots\" content=\"index, follow, max-snippet:-1, max-image-preview:large, max-video-preview:-1\" \/>\n<link rel=\"canonical\" href=\"https:\/\/now-news.de\/de\/deutschland\/habeck-ich-moechte-deutschland-anfuehren\/\" \/>\n<meta property=\"og:locale\" content=\"de_DE\" \/>\n<meta property=\"og:type\" content=\"article\" \/>\n<meta property=\"og:title\" content=\"Habeck: &quot;Ich m\u00f6chte Deutschland anf\u00fchren&quot;\" \/>\n<meta property=\"og:description\" content=\"Er wolle Deutschland anf\u00fchren und nicht nur f\u00fchren. Robert Habeck hat in einem wohlwollend gef\u00fchrten Interview mit der BamS erkl\u00e4rt, dass er Bundeskanzler werden m\u00f6chte, um das Land ein &#8220;bisschen besser&#8221; zu machen. Ein neues Buch geschrieben hat der viel besch\u00e4ftigte Kandidat auch noch. Der Kanzlerkandidat der Gr\u00fcnen und Bundeswirtschaftsminister Robert Habeck hat seinen Anspruch [&hellip;]\" \/>\n<meta property=\"og:url\" content=\"https:\/\/now-news.de\/de\/deutschland\/habeck-ich-moechte-deutschland-anfuehren\/\" \/>\n<meta property=\"og:site_name\" content=\"just-now.NEWS Deutschland\" \/>\n<meta property=\"article:publisher\" content=\"https:\/\/www.facebook.com\/wirmachenauf\" \/>\n<meta property=\"article:published_time\" content=\"2024-12-15T08:47:17+00:00\" \/>\n<meta property=\"og:image\" content=\"https:\/\/now-news.de\/de\/wp-content\/uploads\/sites\/3\/2024\/12\/675e938eb480cc22dd4517ec.jpg\" \/>\n<meta name=\"author\" content=\"rtnews\" \/>\n<meta name=\"twitter:card\" content=\"summary_large_image\" \/>\n<meta name=\"twitter:creator\" content=\"@WirMachenAuf_de\" \/>\n<meta name=\"twitter:site\" content=\"@WirMachenAuf_de\" \/>\n<meta name=\"twitter:label1\" content=\"Verfasst von\" \/>\n\t<meta name=\"twitter:data1\" content=\"rtnews\" \/>\n\t<meta name=\"twitter:label2\" content=\"Gesch\u00e4tzte Lesezeit\" \/>\n\t<meta name=\"twitter:data2\" content=\"3\u00a0Minuten\" \/>\n<script type=\"application\/ld+json\" class=\"yoast-schema-graph\">{\"@context\":\"https:\/\/schema.org\",\"@graph\":[{\"@type\":\"Article\",\"@id\":\"https:\/\/now-news.de\/de\/deutschland\/habeck-ich-moechte-deutschland-anfuehren\/#article\",\"isPartOf\":{\"@id\":\"https:\/\/now-news.de\/de\/deutschland\/habeck-ich-moechte-deutschland-anfuehren\/\"},\"author\":{\"name\":\"rtnews\",\"@id\":\"https:\/\/now-news.de\/de\/#\/schema\/person\/fb534a4e865501d8b3285208df34a9b5\"},\"headline\":\"Habeck: &quot;Ich m\u00f6chte Deutschland anf\u00fchren&quot;\",\"datePublished\":\"2024-12-15T08:47:17+00:00\",\"dateModified\":\"2024-12-15T08:47:17+00:00\",\"mainEntityOfPage\":{\"@id\":\"https:\/\/now-news.de\/de\/deutschland\/habeck-ich-moechte-deutschland-anfuehren\/\"},\"wordCount\":538,\"commentCount\":0,\"publisher\":{\"@id\":\"https:\/\/now-news.de\/de\/#organization\"},\"image\":{\"@id\":\"https:\/\/now-news.de\/de\/deutschland\/habeck-ich-moechte-deutschland-anfuehren\/#primaryimage\"},\"thumbnailUrl\":\"https:\/\/now-news.de\/de\/wp-content\/uploads\/sites\/3\/2024\/12\/Habeck-quotIch-moechte-Deutschland-anfuehrenquot.jpg\",\"keywords\":[\"anf\u00fchrenquot\",\"Deutschland\",\"Habeck\",\"m\u00f6chte\",\"quotIch\"],\"articleSection\":[\"Deutschland\",\"Russland\"],\"inLanguage\":\"de\",\"potentialAction\":[{\"@type\":\"CommentAction\",\"name\":\"Comment\",\"target\":[\"https:\/\/now-news.de\/de\/deutschland\/habeck-ich-moechte-deutschland-anfuehren\/#respond\"]}]},{\"@type\":\"WebPage\",\"@id\":\"https:\/\/now-news.de\/de\/deutschland\/habeck-ich-moechte-deutschland-anfuehren\/\",\"url\":\"https:\/\/now-news.de\/de\/deutschland\/habeck-ich-moechte-deutschland-anfuehren\/\",\"name\":\"Habeck: &quot;Ich m\u00f6chte Deutschland anf\u00fchren&quot; - just-now.NEWS Deutschland\",\"isPartOf\":{\"@id\":\"https:\/\/now-news.de\/de\/#website\"},\"primaryImageOfPage\":{\"@id\":\"https:\/\/now-news.de\/de\/deutschland\/habeck-ich-moechte-deutschland-anfuehren\/#primaryimage\"},\"image\":{\"@id\":\"https:\/\/now-news.de\/de\/deutschland\/habeck-ich-moechte-deutschland-anfuehren\/#primaryimage\"},\"thumbnailUrl\":\"https:\/\/now-news.de\/de\/wp-content\/uploads\/sites\/3\/2024\/12\/Habeck-quotIch-moechte-Deutschland-anfuehrenquot.jpg\",\"datePublished\":\"2024-12-15T08:47:17+00:00\",\"dateModified\":\"2024-12-15T08:47:17+00:00\",\"breadcrumb\":{\"@id\":\"https:\/\/now-news.de\/de\/deutschland\/habeck-ich-moechte-deutschland-anfuehren\/#breadcrumb\"},\"inLanguage\":\"de\",\"potentialAction\":[{\"@type\":\"ReadAction\",\"target\":[\"https:\/\/now-news.de\/de\/deutschland\/habeck-ich-moechte-deutschland-anfuehren\/\"]}]},{\"@type\":\"ImageObject\",\"inLanguage\":\"de\",\"@id\":\"https:\/\/now-news.de\/de\/deutschland\/habeck-ich-moechte-deutschland-anfuehren\/#primaryimage\",\"url\":\"https:\/\/now-news.de\/de\/wp-content\/uploads\/sites\/3\/2024\/12\/Habeck-quotIch-moechte-Deutschland-anfuehrenquot.jpg\",\"contentUrl\":\"https:\/\/now-news.de\/de\/wp-content\/uploads\/sites\/3\/2024\/12\/Habeck-quotIch-moechte-Deutschland-anfuehrenquot.jpg\",\"width\":460,\"height\":259,\"caption\":\"Habeck: &quot;Ich m\u00f6chte Deutschland anf\u00fchren&quot;\"},{\"@type\":\"BreadcrumbList\",\"@id\":\"https:\/\/now-news.de\/de\/deutschland\/habeck-ich-moechte-deutschland-anfuehren\/#breadcrumb\",\"itemListElement\":[{\"@type\":\"ListItem\",\"position\":1,\"name\":\"Home\",\"item\":\"https:\/\/now-news.de\/de\/\"},{\"@type\":\"ListItem\",\"position\":2,\"name\":\"Habeck: &quot;Ich m\u00f6chte Deutschland anf\u00fchren&quot;\"}]},{\"@type\":\"WebSite\",\"@id\":\"https:\/\/now-news.de\/de\/#website\",\"url\":\"https:\/\/now-news.de\/de\/\",\"name\":\"just-now.NEWS Deutschland\",\"description\":\"Das Portal f\u00fcr unzensierte Nachrichten aus der Welt\",\"publisher\":{\"@id\":\"https:\/\/now-news.de\/de\/#organization\"},\"potentialAction\":[{\"@type\":\"SearchAction\",\"target\":{\"@type\":\"EntryPoint\",\"urlTemplate\":\"https:\/\/now-news.de\/de\/?s={search_term_string}\"},\"query-input\":\"required name=search_term_string\"}],\"inLanguage\":\"de\"},{\"@type\":\"Organization\",\"@id\":\"https:\/\/now-news.de\/de\/#organization\",\"name\":\"Just Now News\",\"url\":\"https:\/\/now-news.de\/de\/\",\"logo\":{\"@type\":\"ImageObject\",\"inLanguage\":\"de\",\"@id\":\"https:\/\/now-news.de\/de\/#\/schema\/logo\/image\/\",\"url\":\"http:\/\/just-now.news\/de\/wp-content\/uploads\/sites\/3\/2022\/04\/logo500x500.jpg\",\"contentUrl\":\"http:\/\/just-now.news\/de\/wp-content\/uploads\/sites\/3\/2022\/04\/logo500x500.jpg\",\"width\":500,\"height\":500,\"caption\":\"Just Now News\"},\"image\":{\"@id\":\"https:\/\/now-news.de\/de\/#\/schema\/logo\/image\/\"},\"sameAs\":[\"https:\/\/www.facebook.com\/wirmachenauf\",\"https:\/\/x.com\/WirMachenAuf_de\"]},{\"@type\":\"Person\",\"@id\":\"https:\/\/now-news.de\/de\/#\/schema\/person\/fb534a4e865501d8b3285208df34a9b5\",\"name\":\"rtnews\",\"image\":{\"@type\":\"ImageObject\",\"inLanguage\":\"de\",\"@id\":\"https:\/\/now-news.de\/de\/#\/schema\/person\/image\/\",\"url\":\"https:\/\/secure.gravatar.com\/avatar\/82aafea7d8127119dd649515f56e2117?s=96&d=mm&r=g\",\"contentUrl\":\"https:\/\/secure.gravatar.com\/avatar\/82aafea7d8127119dd649515f56e2117?s=96&d=mm&r=g\",\"caption\":\"rtnews\"},\"url\":\"https:\/\/now-news.de\/de\/author\/rnews\/\"}]}<\/script>\n<!-- \/ Yoast SEO Premium plugin. -->","yoast_head_json":{"title":"Habeck: &quot;Ich m\u00f6chte Deutschland anf\u00fchren&quot; - just-now.NEWS Deutschland","robots":{"index":"index","follow":"follow","max-snippet":"max-snippet:-1","max-image-preview":"max-image-preview:large","max-video-preview":"max-video-preview:-1"},"canonical":"https:\/\/now-news.de\/de\/deutschland\/habeck-ich-moechte-deutschland-anfuehren\/","og_locale":"de_DE","og_type":"article","og_title":"Habeck: &quot;Ich m\u00f6chte Deutschland anf\u00fchren&quot;","og_description":"Er wolle Deutschland anf\u00fchren und nicht nur f\u00fchren. Robert Habeck hat in einem wohlwollend gef\u00fchrten Interview mit der BamS erkl\u00e4rt, dass er Bundeskanzler werden m\u00f6chte, um das Land ein &#8220;bisschen besser&#8221; zu machen. Ein neues Buch geschrieben hat der viel besch\u00e4ftigte Kandidat auch noch. Der Kanzlerkandidat der Gr\u00fcnen und Bundeswirtschaftsminister Robert Habeck hat seinen Anspruch [&hellip;]","og_url":"https:\/\/now-news.de\/de\/deutschland\/habeck-ich-moechte-deutschland-anfuehren\/","og_site_name":"just-now.NEWS Deutschland","article_publisher":"https:\/\/www.facebook.com\/wirmachenauf","article_published_time":"2024-12-15T08:47:17+00:00","og_image":[{"url":"https:\/\/now-news.de\/de\/wp-content\/uploads\/sites\/3\/2024\/12\/675e938eb480cc22dd4517ec.jpg"}],"author":"rtnews","twitter_card":"summary_large_image","twitter_creator":"@WirMachenAuf_de","twitter_site":"@WirMachenAuf_de","twitter_misc":{"Verfasst von":"rtnews","Gesch\u00e4tzte Lesezeit":"3\u00a0Minuten"},"schema":{"@context":"https:\/\/schema.org","@graph":[{"@type":"Article","@id":"https:\/\/now-news.de\/de\/deutschland\/habeck-ich-moechte-deutschland-anfuehren\/#article","isPartOf":{"@id":"https:\/\/now-news.de\/de\/deutschland\/habeck-ich-moechte-deutschland-anfuehren\/"},"author":{"name":"rtnews","@id":"https:\/\/now-news.de\/de\/#\/schema\/person\/fb534a4e865501d8b3285208df34a9b5"},"headline":"Habeck: &quot;Ich m\u00f6chte Deutschland anf\u00fchren&quot;","datePublished":"2024-12-15T08:47:17+00:00","dateModified":"2024-12-15T08:47:17+00:00","mainEntityOfPage":{"@id":"https:\/\/now-news.de\/de\/deutschland\/habeck-ich-moechte-deutschland-anfuehren\/"},"wordCount":538,"commentCount":0,"publisher":{"@id":"https:\/\/now-news.de\/de\/#organization"},"image":{"@id":"https:\/\/now-news.de\/de\/deutschland\/habeck-ich-moechte-deutschland-anfuehren\/#primaryimage"},"thumbnailUrl":"https:\/\/now-news.de\/de\/wp-content\/uploads\/sites\/3\/2024\/12\/Habeck-quotIch-moechte-Deutschland-anfuehrenquot.jpg","keywords":["anf\u00fchrenquot","Deutschland","Habeck","m\u00f6chte","quotIch"],"articleSection":["Deutschland","Russland"],"inLanguage":"de","potentialAction":[{"@type":"CommentAction","name":"Comment","target":["https:\/\/now-news.de\/de\/deutschland\/habeck-ich-moechte-deutschland-anfuehren\/#respond"]}]},{"@type":"WebPage","@id":"https:\/\/now-news.de\/de\/deutschland\/habeck-ich-moechte-deutschland-anfuehren\/","url":"https:\/\/now-news.de\/de\/deutschland\/habeck-ich-moechte-deutschland-anfuehren\/","name":"Habeck: &quot;Ich m\u00f6chte Deutschland anf\u00fchren&quot; - just-now.NEWS Deutschland","isPartOf":{"@id":"https:\/\/now-news.de\/de\/#website"},"primaryImageOfPage":{"@id":"https:\/\/now-news.de\/de\/deutschland\/habeck-ich-moechte-deutschland-anfuehren\/#primaryimage"},"image":{"@id":"https:\/\/now-news.de\/de\/deutschland\/habeck-ich-moechte-deutschland-anfuehren\/#primaryimage"},"thumbnailUrl":"https:\/\/now-news.de\/de\/wp-content\/uploads\/sites\/3\/2024\/12\/Habeck-quotIch-moechte-Deutschland-anfuehrenquot.jpg","datePublished":"2024-12-15T08:47:17+00:00","dateModified":"2024-12-15T08:47:17+00:00","breadcrumb":{"@id":"https:\/\/now-news.de\/de\/deutschland\/habeck-ich-moechte-deutschland-anfuehren\/#breadcrumb"},"inLanguage":"de","potentialAction":[{"@type":"ReadAction","target":["https:\/\/now-news.de\/de\/deutschland\/habeck-ich-moechte-deutschland-anfuehren\/"]}]},{"@type":"ImageObject","inLanguage":"de","@id":"https:\/\/now-news.de\/de\/deutschland\/habeck-ich-moechte-deutschland-anfuehren\/#primaryimage","url":"https:\/\/now-news.de\/de\/wp-content\/uploads\/sites\/3\/2024\/12\/Habeck-quotIch-moechte-Deutschland-anfuehrenquot.jpg","contentUrl":"https:\/\/now-news.de\/de\/wp-content\/uploads\/sites\/3\/2024\/12\/Habeck-quotIch-moechte-Deutschland-anfuehrenquot.jpg","width":460,"height":259,"caption":"Habeck: &quot;Ich m\u00f6chte Deutschland anf\u00fchren&quot;"},{"@type":"BreadcrumbList","@id":"https:\/\/now-news.de\/de\/deutschland\/habeck-ich-moechte-deutschland-anfuehren\/#breadcrumb","itemListElement":[{"@type":"ListItem","position":1,"name":"Home","item":"https:\/\/now-news.de\/de\/"},{"@type":"ListItem","position":2,"name":"Habeck: &quot;Ich m\u00f6chte Deutschland anf\u00fchren&quot;"}]},{"@type":"WebSite","@id":"https:\/\/now-news.de\/de\/#website","url":"https:\/\/now-news.de\/de\/","name":"just-now.NEWS Deutschland","description":"Das Portal f\u00fcr unzensierte Nachrichten aus der Welt","publisher":{"@id":"https:\/\/now-news.de\/de\/#organization"},"potentialAction":[{"@type":"SearchAction","target":{"@type":"EntryPoint","urlTemplate":"https:\/\/now-news.de\/de\/?s={search_term_string}"},"query-input":"required name=search_term_string"}],"inLanguage":"de"},{"@type":"Organization","@id":"https:\/\/now-news.de\/de\/#organization","name":"Just Now News","url":"https:\/\/now-news.de\/de\/","logo":{"@type":"ImageObject","inLanguage":"de","@id":"https:\/\/now-news.de\/de\/#\/schema\/logo\/image\/","url":"http:\/\/just-now.news\/de\/wp-content\/uploads\/sites\/3\/2022\/04\/logo500x500.jpg","contentUrl":"http:\/\/just-now.news\/de\/wp-content\/uploads\/sites\/3\/2022\/04\/logo500x500.jpg","width":500,"height":500,"caption":"Just Now News"},"image":{"@id":"https:\/\/now-news.de\/de\/#\/schema\/logo\/image\/"},"sameAs":["https:\/\/www.facebook.com\/wirmachenauf","https:\/\/x.com\/WirMachenAuf_de"]},{"@type":"Person","@id":"https:\/\/now-news.de\/de\/#\/schema\/person\/fb534a4e865501d8b3285208df34a9b5","name":"rtnews","image":{"@type":"ImageObject","inLanguage":"de","@id":"https:\/\/now-news.de\/de\/#\/schema\/person\/image\/","url":"https:\/\/secure.gravatar.com\/avatar\/82aafea7d8127119dd649515f56e2117?s=96&d=mm&r=g","contentUrl":"https:\/\/secure.gravatar.com\/avatar\/82aafea7d8127119dd649515f56e2117?s=96&d=mm&r=g","caption":"rtnews"},"url":"https:\/\/now-news.de\/de\/author\/rnews\/"}]}},"_links":{"self":[{"href":"https:\/\/now-news.de\/de\/wp-json\/wp\/v2\/posts\/74549"}],"collection":[{"href":"https:\/\/now-news.de\/de\/wp-json\/wp\/v2\/posts"}],"about":[{"href":"https:\/\/now-news.de\/de\/wp-json\/wp\/v2\/types\/post"}],"author":[{"embeddable":true,"href":"https:\/\/now-news.de\/de\/wp-json\/wp\/v2\/users\/3"}],"replies":[{"embeddable":true,"href":"https:\/\/now-news.de\/de\/wp-json\/wp\/v2\/comments?post=74549"}],"version-history":[{"count":0,"href":"https:\/\/now-news.de\/de\/wp-json\/wp\/v2\/posts\/74549\/revisions"}],"wp:featuredmedia":[{"embeddable":true,"href":"https:\/\/now-news.de\/de\/wp-json\/wp\/v2\/media\/74550"}],"wp:attachment":[{"href":"https:\/\/now-news.de\/de\/wp-json\/wp\/v2\/media?parent=74549"}],"wp:term":[{"taxonomy":"category","embeddable":true,"href":"https:\/\/now-news.de\/de\/wp-json\/wp\/v2\/categories?post=74549"},{"taxonomy":"post_tag","embeddable":true,"href":"https:\/\/now-news.de\/de\/wp-json\/wp\/v2\/tags?post=74549"}],"curies":[{"name":"wp","href":"https:\/\/api.w.org\/{rel}","templated":true}]}}