{"id":74535,"date":"2024-12-14T22:23:12","date_gmt":"2024-12-14T20:23:12","guid":{"rendered":"https:\/\/now-news.de\/de\/deutschland\/studie-lese-und-rechenkompetenz-erwachsener-in-industrielaendern-nimmt-ab\/"},"modified":"2024-12-14T22:23:12","modified_gmt":"2024-12-14T20:23:12","slug":"studie-lese-und-rechenkompetenz-erwachsener-in-industrielaendern-nimmt-ab","status":"publish","type":"post","link":"https:\/\/now-news.de\/de\/deutschland\/studie-lese-und-rechenkompetenz-erwachsener-in-industrielaendern-nimmt-ab\/","title":{"rendered":"Studie: Lese- und Rechenkompetenz Erwachsener in Industriel\u00e4ndern nimmt ab"},"content":{"rendered":"<p><img decoding=\"async\" src=\"https:\/\/now-news.de\/de\/wp-content\/uploads\/sites\/3\/2024\/12\/675c343db480cc67da1ef417.jpg\" \/><\/p>\n<div class=\"Text-root Text-type_1 \">\n                Eine Studie zeigt, dass die Lese- und Rechenkompetenz von Erwachsenen in den meisten Industriel\u00e4ndern stagniert oder abnimmt. Besonders betroffen sind Menschen mit niedrigem Bildungsniveau. Verbesserungen sind nur in wenigen L\u00e4ndern wie Finnland zu verzeichnen.\n            <\/div>\n<p><\/p>\n<div class=\"Text-root Text-type_5 ArticleView-text ViewText-root \">\n<p>Eine aktuelle Studie der Organisation f\u00fcr wirtschaftliche Zusammenarbeit und Entwicklung (OECD) hat alarmierende Ergebnisse zu den Lese- und Rechenf\u00e4higkeiten von Erwachsenen ver\u00f6ffentlicht. Die Studie, bei der 160.000 Erwachsene im Alter von 16 bis 65 Jahren aus 31 OECD-L\u00e4ndern \u2013 darunter auch Deutschland und \u00d6sterreich \u2013 befragt wurden, zeigt: Grundlegende F\u00e4higkeiten wie Leseverst\u00e4ndnis, Rechnen und Probleml\u00f6sen haben in den meisten Industriel\u00e4ndern in den letzten zehn Jahren stagniert oder sogar abgenommen. Besonders betroffen sind gering qualifizierte Erwachsene.<\/p>\n<p>Demnach haben sich nur in Finnland und D\u00e4nemark die Lese- und Rechenkompetenzen deutlich verbessert. Auch in Singapur gab es Verbesserungen bei den Rechenfertigkeiten. Generell sind jedoch in den meisten L\u00e4ndern die Leistungen zur\u00fcckgegangen.\u00a0<\/p>\n<p>Dar\u00fcber hinaus hat sich laut den Ergebnissen der Studie die Kluft zwischen Gebildeten und Ungebildeten vergr\u00f6\u00dfert. Im \u00fcberwiegenden Teil der L\u00e4nder haben sich die Lese- und Schreibkompetenzen der zehn Prozent der Bev\u00f6lkerung mit den niedrigsten Leistungen weiter verschlechtert, \u00e4hnliche R\u00fcckg\u00e4nge sind auch im Rechnen zu verzeichnen.<\/p>\n<p>OECD-Generalsekret\u00e4r Mathias Cormann warnte:<\/p>\n<blockquote>\n<p><em>&#8220;Diese Studie unterstreicht die dringende Notwendigkeit einer umfassenden Neubewertung der Art und Weise, wie die L\u00e4nder die Entwicklung von Grundkompetenzen f\u00f6rdern.&#8221;<\/em><\/p>\n<\/blockquote>\n<p>In Finnland, Japan, den Niederlanden, Norwegen und Schweden sind die Leistungen in allen drei Bereichen (Lesen, Rechnen und Probleml\u00f6sen) im Vergleich zu den anderen L\u00e4ndern recht hoch. Chile, Kroatien, Frankreich, Ungarn und Italien liegen hingegen konstant unter dem Durchschnitt.<\/p>\n<p>Ein weiteres Ergebnis der Studie ist, dass das Bildungsniveau nach wie vor eng mit der sozialen Herkunft verkn\u00fcpft ist. In vielen L\u00e4ndern haben Erwachsene aus einkommensschwachen Familien am st\u00e4rksten an Kompetenz eingeb\u00fc\u00dft.<\/p>\n<p>Cormann erkl\u00e4rte:<\/p>\n<blockquote>\n<p><em>&#8220;Erwachsene mit besseren Rechenkenntnissen sind eher erwerbst\u00e4tig, verdienen ein h\u00f6heres Einkommen und berichten \u00fcber eine bessere Gesundheit und Lebenszufriedenheit als diejenigen mit schlechteren Rechenkenntnissen.&#8221;<\/em><\/p>\n<\/blockquote>\n<p>Auff\u00e4llig ist auch, dass die Lesekompetenz bei M\u00e4nnern st\u00e4rker zur\u00fcckgegangen ist als bei Frauen. Beim Rechnen und Probleml\u00f6sen schneiden M\u00e4nner\u00a0hingegen\u00a0weiterhin besser ab als Frauen.<\/p>\n<p>Ausl\u00e4nder schneiden in fast allen L\u00e4ndern schlechter\u00a0ab als Einheimische. In L\u00e4ndern,\u00a0in denen der Migrantenanteil in den letzten Jahren zugenommen hat, erkl\u00e4ren diese Ver\u00e4nderungen zum Teil den R\u00fcckgang der durchschnittlichen Kompetenzen.<\/p>\n<p><strong>Mehr zum Thema<\/strong> &#8211; <a rel=\"nofollow noopener\" target=\"_blank\" href=\"https:\/\/freedert.online\/kurzclips\/video\/224470-lumumbas-afrika-folge-3-bildung\/\">Lumumbas Afrika Folge 3: Bildung und Unterbildung in Afrika<\/a><\/p>\n<div class=\"EmbedBlock-root EmbedBlock-externalVideo EmbedBlock-rumble\">\n<div class=\"VkEmbed\"><iframe class=\"lazyload\" data-src=\"https:\/\/rumble.com\/embed\/v5wnp1e\" frameborder=\"0\" width=\"853\" height=\"480\" allowfullscreen><\/iframe><\/div>\n<\/div>\n<\/div>\n<p><br \/>\n<br \/><a href=\"https:\/\/de.rt.com\/international\/229379-studie-lese-und-rechenkompetenz-erwachsener\/\">Source link <\/a><\/p>\n","protected":false},"excerpt":{"rendered":"<p>Eine Studie zeigt, dass die Lese- und Rechenkompetenz von Erwachsenen in den meisten Industriel\u00e4ndern stagniert oder abnimmt. Besonders betroffen sind Menschen mit niedrigem Bildungsniveau. Verbesserungen sind nur in wenigen L\u00e4ndern wie Finnland zu verzeichnen. Eine aktuelle Studie der Organisation f\u00fcr wirtschaftliche Zusammenarbeit und Entwicklung (OECD) hat alarmierende Ergebnisse zu den Lese- und Rechenf\u00e4higkeiten von Erwachsenen [&hellip;]<\/p>\n","protected":false},"author":3,"featured_media":74536,"comment_status":"open","ping_status":"open","sticky":false,"template":"","format":"standard","meta":{"_yoast_indexnow_last_ping":["1734208346"],"wp_automatic_camp":["217"],"12d28e0725bf02e7378da599bdb31885":["Studie: Lese- und Rechenkompetenz Erwachsener in Industriel\u00e4ndern nimmt ab"],"original_link":["https:\/\/de.rt.com\/international\/229379-studie-lese-und-rechenkompetenz-erwachsener\/"],"_thumbnail_id":["74536"],"_wptgpro_p2tg_sent2tg":["a:1:{i:23737;s:19:\"2024-12-14 22:33:28\";}"],"jnews_social_counter_last_update":["1777696559"]},"categories":[19,23],"tags":[9518,61022,61020,5233,61021,10038,140],"yoast_head":"<!-- This site is optimized with the Yoast SEO Premium plugin v22.7 (Yoast SEO v22.7) - https:\/\/yoast.com\/wordpress\/plugins\/seo\/ -->\n<title>Studie: Lese- und Rechenkompetenz Erwachsener in Industriel\u00e4ndern nimmt ab - just-now.NEWS Deutschland<\/title>\n<meta name=\"robots\" content=\"index, follow, max-snippet:-1, max-image-preview:large, max-video-preview:-1\" \/>\n<link rel=\"canonical\" href=\"https:\/\/now-news.de\/de\/deutschland\/studie-lese-und-rechenkompetenz-erwachsener-in-industrielaendern-nimmt-ab\/\" \/>\n<meta property=\"og:locale\" content=\"de_DE\" \/>\n<meta property=\"og:type\" content=\"article\" \/>\n<meta property=\"og:title\" content=\"Studie: Lese- und Rechenkompetenz Erwachsener in Industriel\u00e4ndern nimmt ab\" \/>\n<meta property=\"og:description\" content=\"Eine Studie zeigt, dass die Lese- und Rechenkompetenz von Erwachsenen in den meisten Industriel\u00e4ndern stagniert oder abnimmt. Besonders betroffen sind Menschen mit niedrigem Bildungsniveau. Verbesserungen sind nur in wenigen L\u00e4ndern wie Finnland zu verzeichnen. Eine aktuelle Studie der Organisation f\u00fcr wirtschaftliche Zusammenarbeit und Entwicklung (OECD) hat alarmierende Ergebnisse zu den Lese- und Rechenf\u00e4higkeiten von Erwachsenen [&hellip;]\" \/>\n<meta property=\"og:url\" content=\"https:\/\/now-news.de\/de\/deutschland\/studie-lese-und-rechenkompetenz-erwachsener-in-industrielaendern-nimmt-ab\/\" \/>\n<meta property=\"og:site_name\" content=\"just-now.NEWS Deutschland\" \/>\n<meta property=\"article:publisher\" content=\"https:\/\/www.facebook.com\/wirmachenauf\" \/>\n<meta property=\"article:published_time\" content=\"2024-12-14T20:23:12+00:00\" \/>\n<meta property=\"og:image\" content=\"https:\/\/now-news.de\/de\/wp-content\/uploads\/sites\/3\/2024\/12\/675c343db480cc67da1ef417.jpg\" \/>\n<meta name=\"author\" content=\"rtnews\" \/>\n<meta name=\"twitter:card\" content=\"summary_large_image\" \/>\n<meta name=\"twitter:creator\" content=\"@WirMachenAuf_de\" \/>\n<meta name=\"twitter:site\" content=\"@WirMachenAuf_de\" \/>\n<meta name=\"twitter:label1\" content=\"Verfasst von\" \/>\n\t<meta name=\"twitter:data1\" content=\"rtnews\" \/>\n\t<meta name=\"twitter:label2\" content=\"Gesch\u00e4tzte Lesezeit\" \/>\n\t<meta name=\"twitter:data2\" content=\"2\u00a0Minuten\" \/>\n<script type=\"application\/ld+json\" class=\"yoast-schema-graph\">{\"@context\":\"https:\/\/schema.org\",\"@graph\":[{\"@type\":\"Article\",\"@id\":\"https:\/\/now-news.de\/de\/deutschland\/studie-lese-und-rechenkompetenz-erwachsener-in-industrielaendern-nimmt-ab\/#article\",\"isPartOf\":{\"@id\":\"https:\/\/now-news.de\/de\/deutschland\/studie-lese-und-rechenkompetenz-erwachsener-in-industrielaendern-nimmt-ab\/\"},\"author\":{\"name\":\"rtnews\",\"@id\":\"https:\/\/now-news.de\/de\/#\/schema\/person\/fb534a4e865501d8b3285208df34a9b5\"},\"headline\":\"Studie: Lese- und Rechenkompetenz Erwachsener in Industriel\u00e4ndern nimmt ab\",\"datePublished\":\"2024-12-14T20:23:12+00:00\",\"dateModified\":\"2024-12-14T20:23:12+00:00\",\"mainEntityOfPage\":{\"@id\":\"https:\/\/now-news.de\/de\/deutschland\/studie-lese-und-rechenkompetenz-erwachsener-in-industrielaendern-nimmt-ab\/\"},\"wordCount\":430,\"commentCount\":0,\"publisher\":{\"@id\":\"https:\/\/now-news.de\/de\/#organization\"},\"image\":{\"@id\":\"https:\/\/now-news.de\/de\/deutschland\/studie-lese-und-rechenkompetenz-erwachsener-in-industrielaendern-nimmt-ab\/#primaryimage\"},\"thumbnailUrl\":\"https:\/\/now-news.de\/de\/wp-content\/uploads\/sites\/3\/2024\/12\/Studie-Lese-und-Rechenkompetenz-Erwachsener-in-Industrielaendern-nimmt-ab.jpg\",\"keywords\":[\"erwachsener\",\"Industriel\u00e4ndern\",\"Lese\",\"nimmt\",\"Rechenkompetenz\",\"STUDIE\",\"und\"],\"articleSection\":[\"Deutschland\",\"Russland\"],\"inLanguage\":\"de\",\"potentialAction\":[{\"@type\":\"CommentAction\",\"name\":\"Comment\",\"target\":[\"https:\/\/now-news.de\/de\/deutschland\/studie-lese-und-rechenkompetenz-erwachsener-in-industrielaendern-nimmt-ab\/#respond\"]}]},{\"@type\":\"WebPage\",\"@id\":\"https:\/\/now-news.de\/de\/deutschland\/studie-lese-und-rechenkompetenz-erwachsener-in-industrielaendern-nimmt-ab\/\",\"url\":\"https:\/\/now-news.de\/de\/deutschland\/studie-lese-und-rechenkompetenz-erwachsener-in-industrielaendern-nimmt-ab\/\",\"name\":\"Studie: Lese- und Rechenkompetenz Erwachsener in Industriel\u00e4ndern nimmt ab - just-now.NEWS Deutschland\",\"isPartOf\":{\"@id\":\"https:\/\/now-news.de\/de\/#website\"},\"primaryImageOfPage\":{\"@id\":\"https:\/\/now-news.de\/de\/deutschland\/studie-lese-und-rechenkompetenz-erwachsener-in-industrielaendern-nimmt-ab\/#primaryimage\"},\"image\":{\"@id\":\"https:\/\/now-news.de\/de\/deutschland\/studie-lese-und-rechenkompetenz-erwachsener-in-industrielaendern-nimmt-ab\/#primaryimage\"},\"thumbnailUrl\":\"https:\/\/now-news.de\/de\/wp-content\/uploads\/sites\/3\/2024\/12\/Studie-Lese-und-Rechenkompetenz-Erwachsener-in-Industrielaendern-nimmt-ab.jpg\",\"datePublished\":\"2024-12-14T20:23:12+00:00\",\"dateModified\":\"2024-12-14T20:23:12+00:00\",\"breadcrumb\":{\"@id\":\"https:\/\/now-news.de\/de\/deutschland\/studie-lese-und-rechenkompetenz-erwachsener-in-industrielaendern-nimmt-ab\/#breadcrumb\"},\"inLanguage\":\"de\",\"potentialAction\":[{\"@type\":\"ReadAction\",\"target\":[\"https:\/\/now-news.de\/de\/deutschland\/studie-lese-und-rechenkompetenz-erwachsener-in-industrielaendern-nimmt-ab\/\"]}]},{\"@type\":\"ImageObject\",\"inLanguage\":\"de\",\"@id\":\"https:\/\/now-news.de\/de\/deutschland\/studie-lese-und-rechenkompetenz-erwachsener-in-industrielaendern-nimmt-ab\/#primaryimage\",\"url\":\"https:\/\/now-news.de\/de\/wp-content\/uploads\/sites\/3\/2024\/12\/Studie-Lese-und-Rechenkompetenz-Erwachsener-in-Industrielaendern-nimmt-ab.jpg\",\"contentUrl\":\"https:\/\/now-news.de\/de\/wp-content\/uploads\/sites\/3\/2024\/12\/Studie-Lese-und-Rechenkompetenz-Erwachsener-in-Industrielaendern-nimmt-ab.jpg\",\"width\":460,\"height\":259,\"caption\":\"Studie: Lese- und Rechenkompetenz Erwachsener in Industriel\u00e4ndern nimmt ab\"},{\"@type\":\"BreadcrumbList\",\"@id\":\"https:\/\/now-news.de\/de\/deutschland\/studie-lese-und-rechenkompetenz-erwachsener-in-industrielaendern-nimmt-ab\/#breadcrumb\",\"itemListElement\":[{\"@type\":\"ListItem\",\"position\":1,\"name\":\"Home\",\"item\":\"https:\/\/now-news.de\/de\/\"},{\"@type\":\"ListItem\",\"position\":2,\"name\":\"Studie: Lese- und Rechenkompetenz Erwachsener in Industriel\u00e4ndern nimmt ab\"}]},{\"@type\":\"WebSite\",\"@id\":\"https:\/\/now-news.de\/de\/#website\",\"url\":\"https:\/\/now-news.de\/de\/\",\"name\":\"just-now.NEWS Deutschland\",\"description\":\"Das Portal f\u00fcr unzensierte Nachrichten aus der Welt\",\"publisher\":{\"@id\":\"https:\/\/now-news.de\/de\/#organization\"},\"potentialAction\":[{\"@type\":\"SearchAction\",\"target\":{\"@type\":\"EntryPoint\",\"urlTemplate\":\"https:\/\/now-news.de\/de\/?s={search_term_string}\"},\"query-input\":\"required name=search_term_string\"}],\"inLanguage\":\"de\"},{\"@type\":\"Organization\",\"@id\":\"https:\/\/now-news.de\/de\/#organization\",\"name\":\"Just Now News\",\"url\":\"https:\/\/now-news.de\/de\/\",\"logo\":{\"@type\":\"ImageObject\",\"inLanguage\":\"de\",\"@id\":\"https:\/\/now-news.de\/de\/#\/schema\/logo\/image\/\",\"url\":\"http:\/\/just-now.news\/de\/wp-content\/uploads\/sites\/3\/2022\/04\/logo500x500.jpg\",\"contentUrl\":\"http:\/\/just-now.news\/de\/wp-content\/uploads\/sites\/3\/2022\/04\/logo500x500.jpg\",\"width\":500,\"height\":500,\"caption\":\"Just Now News\"},\"image\":{\"@id\":\"https:\/\/now-news.de\/de\/#\/schema\/logo\/image\/\"},\"sameAs\":[\"https:\/\/www.facebook.com\/wirmachenauf\",\"https:\/\/x.com\/WirMachenAuf_de\"]},{\"@type\":\"Person\",\"@id\":\"https:\/\/now-news.de\/de\/#\/schema\/person\/fb534a4e865501d8b3285208df34a9b5\",\"name\":\"rtnews\",\"image\":{\"@type\":\"ImageObject\",\"inLanguage\":\"de\",\"@id\":\"https:\/\/now-news.de\/de\/#\/schema\/person\/image\/\",\"url\":\"https:\/\/secure.gravatar.com\/avatar\/82aafea7d8127119dd649515f56e2117?s=96&d=mm&r=g\",\"contentUrl\":\"https:\/\/secure.gravatar.com\/avatar\/82aafea7d8127119dd649515f56e2117?s=96&d=mm&r=g\",\"caption\":\"rtnews\"},\"url\":\"https:\/\/now-news.de\/de\/author\/rnews\/\"}]}<\/script>\n<!-- \/ Yoast SEO Premium plugin. -->","yoast_head_json":{"title":"Studie: Lese- und Rechenkompetenz Erwachsener in Industriel\u00e4ndern nimmt ab - just-now.NEWS Deutschland","robots":{"index":"index","follow":"follow","max-snippet":"max-snippet:-1","max-image-preview":"max-image-preview:large","max-video-preview":"max-video-preview:-1"},"canonical":"https:\/\/now-news.de\/de\/deutschland\/studie-lese-und-rechenkompetenz-erwachsener-in-industrielaendern-nimmt-ab\/","og_locale":"de_DE","og_type":"article","og_title":"Studie: Lese- und Rechenkompetenz Erwachsener in Industriel\u00e4ndern nimmt ab","og_description":"Eine Studie zeigt, dass die Lese- und Rechenkompetenz von Erwachsenen in den meisten Industriel\u00e4ndern stagniert oder abnimmt. Besonders betroffen sind Menschen mit niedrigem Bildungsniveau. Verbesserungen sind nur in wenigen L\u00e4ndern wie Finnland zu verzeichnen. Eine aktuelle Studie der Organisation f\u00fcr wirtschaftliche Zusammenarbeit und Entwicklung (OECD) hat alarmierende Ergebnisse zu den Lese- und Rechenf\u00e4higkeiten von Erwachsenen [&hellip;]","og_url":"https:\/\/now-news.de\/de\/deutschland\/studie-lese-und-rechenkompetenz-erwachsener-in-industrielaendern-nimmt-ab\/","og_site_name":"just-now.NEWS Deutschland","article_publisher":"https:\/\/www.facebook.com\/wirmachenauf","article_published_time":"2024-12-14T20:23:12+00:00","og_image":[{"url":"https:\/\/now-news.de\/de\/wp-content\/uploads\/sites\/3\/2024\/12\/675c343db480cc67da1ef417.jpg"}],"author":"rtnews","twitter_card":"summary_large_image","twitter_creator":"@WirMachenAuf_de","twitter_site":"@WirMachenAuf_de","twitter_misc":{"Verfasst von":"rtnews","Gesch\u00e4tzte Lesezeit":"2\u00a0Minuten"},"schema":{"@context":"https:\/\/schema.org","@graph":[{"@type":"Article","@id":"https:\/\/now-news.de\/de\/deutschland\/studie-lese-und-rechenkompetenz-erwachsener-in-industrielaendern-nimmt-ab\/#article","isPartOf":{"@id":"https:\/\/now-news.de\/de\/deutschland\/studie-lese-und-rechenkompetenz-erwachsener-in-industrielaendern-nimmt-ab\/"},"author":{"name":"rtnews","@id":"https:\/\/now-news.de\/de\/#\/schema\/person\/fb534a4e865501d8b3285208df34a9b5"},"headline":"Studie: Lese- und Rechenkompetenz Erwachsener in Industriel\u00e4ndern nimmt ab","datePublished":"2024-12-14T20:23:12+00:00","dateModified":"2024-12-14T20:23:12+00:00","mainEntityOfPage":{"@id":"https:\/\/now-news.de\/de\/deutschland\/studie-lese-und-rechenkompetenz-erwachsener-in-industrielaendern-nimmt-ab\/"},"wordCount":430,"commentCount":0,"publisher":{"@id":"https:\/\/now-news.de\/de\/#organization"},"image":{"@id":"https:\/\/now-news.de\/de\/deutschland\/studie-lese-und-rechenkompetenz-erwachsener-in-industrielaendern-nimmt-ab\/#primaryimage"},"thumbnailUrl":"https:\/\/now-news.de\/de\/wp-content\/uploads\/sites\/3\/2024\/12\/Studie-Lese-und-Rechenkompetenz-Erwachsener-in-Industrielaendern-nimmt-ab.jpg","keywords":["erwachsener","Industriel\u00e4ndern","Lese","nimmt","Rechenkompetenz","STUDIE","und"],"articleSection":["Deutschland","Russland"],"inLanguage":"de","potentialAction":[{"@type":"CommentAction","name":"Comment","target":["https:\/\/now-news.de\/de\/deutschland\/studie-lese-und-rechenkompetenz-erwachsener-in-industrielaendern-nimmt-ab\/#respond"]}]},{"@type":"WebPage","@id":"https:\/\/now-news.de\/de\/deutschland\/studie-lese-und-rechenkompetenz-erwachsener-in-industrielaendern-nimmt-ab\/","url":"https:\/\/now-news.de\/de\/deutschland\/studie-lese-und-rechenkompetenz-erwachsener-in-industrielaendern-nimmt-ab\/","name":"Studie: Lese- und Rechenkompetenz Erwachsener in Industriel\u00e4ndern nimmt ab - just-now.NEWS Deutschland","isPartOf":{"@id":"https:\/\/now-news.de\/de\/#website"},"primaryImageOfPage":{"@id":"https:\/\/now-news.de\/de\/deutschland\/studie-lese-und-rechenkompetenz-erwachsener-in-industrielaendern-nimmt-ab\/#primaryimage"},"image":{"@id":"https:\/\/now-news.de\/de\/deutschland\/studie-lese-und-rechenkompetenz-erwachsener-in-industrielaendern-nimmt-ab\/#primaryimage"},"thumbnailUrl":"https:\/\/now-news.de\/de\/wp-content\/uploads\/sites\/3\/2024\/12\/Studie-Lese-und-Rechenkompetenz-Erwachsener-in-Industrielaendern-nimmt-ab.jpg","datePublished":"2024-12-14T20:23:12+00:00","dateModified":"2024-12-14T20:23:12+00:00","breadcrumb":{"@id":"https:\/\/now-news.de\/de\/deutschland\/studie-lese-und-rechenkompetenz-erwachsener-in-industrielaendern-nimmt-ab\/#breadcrumb"},"inLanguage":"de","potentialAction":[{"@type":"ReadAction","target":["https:\/\/now-news.de\/de\/deutschland\/studie-lese-und-rechenkompetenz-erwachsener-in-industrielaendern-nimmt-ab\/"]}]},{"@type":"ImageObject","inLanguage":"de","@id":"https:\/\/now-news.de\/de\/deutschland\/studie-lese-und-rechenkompetenz-erwachsener-in-industrielaendern-nimmt-ab\/#primaryimage","url":"https:\/\/now-news.de\/de\/wp-content\/uploads\/sites\/3\/2024\/12\/Studie-Lese-und-Rechenkompetenz-Erwachsener-in-Industrielaendern-nimmt-ab.jpg","contentUrl":"https:\/\/now-news.de\/de\/wp-content\/uploads\/sites\/3\/2024\/12\/Studie-Lese-und-Rechenkompetenz-Erwachsener-in-Industrielaendern-nimmt-ab.jpg","width":460,"height":259,"caption":"Studie: Lese- und Rechenkompetenz Erwachsener in Industriel\u00e4ndern nimmt ab"},{"@type":"BreadcrumbList","@id":"https:\/\/now-news.de\/de\/deutschland\/studie-lese-und-rechenkompetenz-erwachsener-in-industrielaendern-nimmt-ab\/#breadcrumb","itemListElement":[{"@type":"ListItem","position":1,"name":"Home","item":"https:\/\/now-news.de\/de\/"},{"@type":"ListItem","position":2,"name":"Studie: Lese- und Rechenkompetenz Erwachsener in Industriel\u00e4ndern nimmt ab"}]},{"@type":"WebSite","@id":"https:\/\/now-news.de\/de\/#website","url":"https:\/\/now-news.de\/de\/","name":"just-now.NEWS Deutschland","description":"Das Portal f\u00fcr unzensierte Nachrichten aus der Welt","publisher":{"@id":"https:\/\/now-news.de\/de\/#organization"},"potentialAction":[{"@type":"SearchAction","target":{"@type":"EntryPoint","urlTemplate":"https:\/\/now-news.de\/de\/?s={search_term_string}"},"query-input":"required name=search_term_string"}],"inLanguage":"de"},{"@type":"Organization","@id":"https:\/\/now-news.de\/de\/#organization","name":"Just Now News","url":"https:\/\/now-news.de\/de\/","logo":{"@type":"ImageObject","inLanguage":"de","@id":"https:\/\/now-news.de\/de\/#\/schema\/logo\/image\/","url":"http:\/\/just-now.news\/de\/wp-content\/uploads\/sites\/3\/2022\/04\/logo500x500.jpg","contentUrl":"http:\/\/just-now.news\/de\/wp-content\/uploads\/sites\/3\/2022\/04\/logo500x500.jpg","width":500,"height":500,"caption":"Just Now News"},"image":{"@id":"https:\/\/now-news.de\/de\/#\/schema\/logo\/image\/"},"sameAs":["https:\/\/www.facebook.com\/wirmachenauf","https:\/\/x.com\/WirMachenAuf_de"]},{"@type":"Person","@id":"https:\/\/now-news.de\/de\/#\/schema\/person\/fb534a4e865501d8b3285208df34a9b5","name":"rtnews","image":{"@type":"ImageObject","inLanguage":"de","@id":"https:\/\/now-news.de\/de\/#\/schema\/person\/image\/","url":"https:\/\/secure.gravatar.com\/avatar\/82aafea7d8127119dd649515f56e2117?s=96&d=mm&r=g","contentUrl":"https:\/\/secure.gravatar.com\/avatar\/82aafea7d8127119dd649515f56e2117?s=96&d=mm&r=g","caption":"rtnews"},"url":"https:\/\/now-news.de\/de\/author\/rnews\/"}]}},"_links":{"self":[{"href":"https:\/\/now-news.de\/de\/wp-json\/wp\/v2\/posts\/74535"}],"collection":[{"href":"https:\/\/now-news.de\/de\/wp-json\/wp\/v2\/posts"}],"about":[{"href":"https:\/\/now-news.de\/de\/wp-json\/wp\/v2\/types\/post"}],"author":[{"embeddable":true,"href":"https:\/\/now-news.de\/de\/wp-json\/wp\/v2\/users\/3"}],"replies":[{"embeddable":true,"href":"https:\/\/now-news.de\/de\/wp-json\/wp\/v2\/comments?post=74535"}],"version-history":[{"count":0,"href":"https:\/\/now-news.de\/de\/wp-json\/wp\/v2\/posts\/74535\/revisions"}],"wp:featuredmedia":[{"embeddable":true,"href":"https:\/\/now-news.de\/de\/wp-json\/wp\/v2\/media\/74536"}],"wp:attachment":[{"href":"https:\/\/now-news.de\/de\/wp-json\/wp\/v2\/media?parent=74535"}],"wp:term":[{"taxonomy":"category","embeddable":true,"href":"https:\/\/now-news.de\/de\/wp-json\/wp\/v2\/categories?post=74535"},{"taxonomy":"post_tag","embeddable":true,"href":"https:\/\/now-news.de\/de\/wp-json\/wp\/v2\/tags?post=74535"}],"curies":[{"name":"wp","href":"https:\/\/api.w.org\/{rel}","templated":true}]}}