{"id":74483,"date":"2024-12-13T18:49:14","date_gmt":"2024-12-13T16:49:14","guid":{"rendered":"https:\/\/now-news.de\/de\/deutschland\/israel-befiehlt-idf-die-besetzung-des-hermon-gipfels-in-syrien\/"},"modified":"2024-12-13T18:49:14","modified_gmt":"2024-12-13T16:49:14","slug":"israel-befiehlt-idf-die-besetzung-des-hermon-gipfels-in-syrien","status":"publish","type":"post","link":"https:\/\/now-news.de\/de\/deutschland\/israel-befiehlt-idf-die-besetzung-des-hermon-gipfels-in-syrien\/","title":{"rendered":"Israel befiehlt IDF die Besetzung des Hermon-Gipfels in Syrien"},"content":{"rendered":"<p><img decoding=\"async\" src=\"https:\/\/now-news.de\/de\/wp-content\/uploads\/sites\/3\/2024\/12\/675c29c3b480cc691a6b17de.jpg\" \/><\/p>\n<div class=\"Text-root Text-type_1 \">\n                Nach dem Staatsstreich in Syrien hat Tel Aviv den israelischen Streitkr\u00e4ften befohlen, den Hermon-Gipfel in Syrien \u00fcber die kommenden Wintermonate zu besetzen. Israels Luftwaffe bombardiert seit dem Sturz von Assad mit zunehmender Intensit\u00e4t milit\u00e4rische Einrichtungen im Landesinneren.\n            <\/div>\n<p><\/p>\n<div class=\"Text-root Text-type_5 ArticleView-text ViewText-root \">\n<p>Israel kontrolliert nach eigenen Angaben nun den Gipfel des Bergs Hermon, der entlang der syrisch-libanesischen Grenze verl\u00e4uft und teilweise auf den von Israel besetzten Golanh\u00f6hen liegt. Der Gipfel sei &#8220;nach 51 Jahren wieder unter israelischer Kontrolle&#8221;, schrieb der israelische Verteidigungsminister Israel Katz auf der Plattform X.\u00a0Der Gipfel gilt als strategisch wichtiger Punkt.\u00a0Von dort aus lassen sich gro\u00dfe Teile Syriens und Libanons \u00fcberblicken.\u00a0<\/p>\n<div class=\"EmbedBlock-root EmbedBlock-twitter\">\n<div class=\"TwitterEmbed\">\n<blockquote class=\"twitter-tweet lazyload\" data-twitter=\"twitter-tweet\">\n<p lang=\"iw\" dir=\"rtl\">\u05d9\u05d7\u05d3 \u05e2\u05dd \u05e8\u05d0\u05e9 \u05d4\u05de\u05de\u05e9\u05dc\u05d4 \u05d1\u05e0\u05d9\u05de\u05d9\u05df \u05e0\u05ea\u05e0\u05d9\u05d4\u05d5 \u05d1\u05e8\u05de\u05ea \u05d4\u05d2\u05d5\u05dc\u05df.\u05de\u05e9\u05e7\u05d9\u05e4\u05d9\u05dd \u05e2\u05dc \u05e9\u05d9\u05d0 \u05d4\u05d7\u05e8\u05de\u05d5\u05df \u05d4\u05e1\u05d5\u05e8\u05d9 \u05e9\u05d7\u05d6\u05e8 \u05dc\u05e9\u05dc\u05d9\u05d8\u05ea \u05d9\u05e9\u05e8\u05d0\u05dc \u05d0\u05d7\u05e8\u05d9 51 \u05e9\u05e0\u05d9\u05dd.\u05e8\u05d2\u05e2 \u05d4\u05d9\u05e1\u05d8\u05d5\u05e8\u05d9 \u05de\u05e8\u05d2\u05e9. <a rel=\"nofollow noopener\" target=\"_blank\" href=\"https:\/\/t.co\/oSJKoa4Bro\">pic.twitter.com\/oSJKoa4Bro<\/a><\/p>\n<p>\u2014 \u05d9\u05e9\u05e8\u05d0\u05dc \u05db\u201d\u05e5 Israel Katz (@Israel_katz) <a rel=\"nofollow noopener\" target=\"_blank\" href=\"https:\/\/twitter.com\/Israel_katz\/status\/1867454348277543090?ref_src=twsrc%5Etfw\">December 13, 2024<\/a><\/p><\/blockquote>\n<\/div>\n<\/div>\n<p>Laut der israelischen Zeitung <em>Times of Israel<\/em> hat Katz den Streitkr\u00e4ften befohlen, den in Syrien liegenden Gipfel \u00fcber die kommenden Wintermonate zu besetzen. &#8220;Aufgrund der Geschehnisse in Syrien ist die Besetzung des Hermon-Gipfels besonders wichtig f\u00fcr unsere Sicherheit und es muss alles getan werden, um die Vorbereitungen der IDF in diesem Gebiet zu gew\u00e4hrleisten, damit die Truppen dort unter den schwierigen Wetterbedingungen bleiben k\u00f6nnen&#8221;, so Katz in einer Erkl\u00e4rung.\u00a0<\/p>\n<p>Innerhalb weniger Tage haben die Islamisten die von der syrischen Regierung kontrollierten Gebiete \u00fcberrannt, ohne auch nur einmal auf Widerstand der syrischen Armee zu sto\u00dfen. Die Einnahme Syriens durch von der T\u00fcrkei gef\u00fchrte Islamisten wird in naher Zukunft unabsehbare Folgen nicht nur f\u00fcr die syrische Bev\u00f6lkerung, sondern f\u00fcr die gesamte Region haben. Davon zeugen\u00a0auch die israelischen Panzer, die mittlerweile nur noch 20 Kilometer von Damaskus entfernt sind.\u00a0Alles, was die syrische Armee \u00fcber Jahrzehnte gehalten und aufgebaut hat, wurde in den vergangenen Tagen durch israelische Luftangriffe zerst\u00f6rt.<\/p>\n<p><strong>Mehr zum Thema<\/strong> &#8211; <a rel=\"nofollow noopener\" target=\"_blank\" href=\"https:\/\/freedert.online\/der-nahe-osten\/229324-medienbericht-israel-bereitet-angriff-auf-iranische-atomanlagen-vor\/\">Medienbericht: Israel sieht Chance f\u00fcr Angriff auf iranische Atomanlagen<\/a><\/p>\n<div class=\"EmbedBlock-root EmbedBlock-externalVideo EmbedBlock-rumble\">\n<div class=\"VkEmbed\"><iframe class=\"lazyload\" data-src=\"https:\/\/rumble.com\/embed\/v5wl1rt\" frameborder=\"0\" width=\"853\" height=\"480\" allowfullscreen><\/iframe><\/div>\n<\/div>\n<\/div>\n<p><script async src=\"https:\/\/platform.twitter.com\/widgets.js\" charset=\"utf-8\"><\/script><br \/>\n<br \/><br \/>\n<br \/><a href=\"https:\/\/de.rt.com\/der-nahe-osten\/229372-israel-befiehlt-idf-besetzung-hermon\/\">Source link <\/a><\/p>\n","protected":false},"excerpt":{"rendered":"<p>Nach dem Staatsstreich in Syrien hat Tel Aviv den israelischen Streitkr\u00e4ften befohlen, den Hermon-Gipfel in Syrien \u00fcber die kommenden Wintermonate zu besetzen. Israels Luftwaffe bombardiert seit dem Sturz von Assad mit zunehmender Intensit\u00e4t milit\u00e4rische Einrichtungen im Landesinneren. Israel kontrolliert nach eigenen Angaben nun den Gipfel des Bergs Hermon, der entlang der syrisch-libanesischen Grenze verl\u00e4uft und [&hellip;]<\/p>\n","protected":false},"author":3,"featured_media":74448,"comment_status":"open","ping_status":"open","sticky":false,"template":"","format":"standard","meta":{"_yoast_indexnow_last_ping":["1734161981"],"wp_automatic_camp":["217"],"c3b159590ad498bd50e9a879cce5586b":["Israel befiehlt IDF die Besetzung des Hermon-Gipfels in Syrien"],"original_link":["https:\/\/de.rt.com\/der-nahe-osten\/229372-israel-befiehlt-idf-besetzung-hermon\/"],"_thumbnail_id":["74448"],"_wptgpro_p2tg_sent2tg":["a:1:{i:23737;s:19:\"2024-12-14 09:40:52\";}"],"jnews_social_counter_last_update":["1776880354"]},"categories":[19,23],"tags":[21709,36041,583,45,60986,50182,432,783],"yoast_head":"<!-- This site is optimized with the Yoast SEO Premium plugin v22.7 (Yoast SEO v22.7) - https:\/\/yoast.com\/wordpress\/plugins\/seo\/ -->\n<title>Israel befiehlt IDF die Besetzung des Hermon-Gipfels in Syrien - just-now.NEWS Deutschland<\/title>\n<meta name=\"robots\" content=\"index, follow, max-snippet:-1, max-image-preview:large, max-video-preview:-1\" \/>\n<link rel=\"canonical\" href=\"https:\/\/now-news.de\/de\/deutschland\/israel-befiehlt-idf-die-besetzung-des-hermon-gipfels-in-syrien\/\" \/>\n<meta property=\"og:locale\" content=\"de_DE\" \/>\n<meta property=\"og:type\" content=\"article\" \/>\n<meta property=\"og:title\" content=\"Israel befiehlt IDF die Besetzung des Hermon-Gipfels in Syrien\" \/>\n<meta property=\"og:description\" content=\"Nach dem Staatsstreich in Syrien hat Tel Aviv den israelischen Streitkr\u00e4ften befohlen, den Hermon-Gipfel in Syrien \u00fcber die kommenden Wintermonate zu besetzen. Israels Luftwaffe bombardiert seit dem Sturz von Assad mit zunehmender Intensit\u00e4t milit\u00e4rische Einrichtungen im Landesinneren. Israel kontrolliert nach eigenen Angaben nun den Gipfel des Bergs Hermon, der entlang der syrisch-libanesischen Grenze verl\u00e4uft und [&hellip;]\" \/>\n<meta property=\"og:url\" content=\"https:\/\/now-news.de\/de\/deutschland\/israel-befiehlt-idf-die-besetzung-des-hermon-gipfels-in-syrien\/\" \/>\n<meta property=\"og:site_name\" content=\"just-now.NEWS Deutschland\" \/>\n<meta property=\"article:publisher\" content=\"https:\/\/www.facebook.com\/wirmachenauf\" \/>\n<meta property=\"article:published_time\" content=\"2024-12-13T16:49:14+00:00\" \/>\n<meta property=\"og:image\" content=\"https:\/\/now-news.de\/de\/wp-content\/uploads\/sites\/3\/2024\/12\/675c29c3b480cc691a6b17de.jpg\" \/>\n<meta name=\"author\" content=\"rtnews\" \/>\n<meta name=\"twitter:card\" content=\"summary_large_image\" \/>\n<meta name=\"twitter:creator\" content=\"@WirMachenAuf_de\" \/>\n<meta name=\"twitter:site\" content=\"@WirMachenAuf_de\" \/>\n<meta name=\"twitter:label1\" content=\"Verfasst von\" \/>\n\t<meta name=\"twitter:data1\" content=\"rtnews\" \/>\n\t<meta name=\"twitter:label2\" content=\"Gesch\u00e4tzte Lesezeit\" \/>\n\t<meta name=\"twitter:data2\" content=\"2\u00a0Minuten\" \/>\n<script type=\"application\/ld+json\" class=\"yoast-schema-graph\">{\"@context\":\"https:\/\/schema.org\",\"@graph\":[{\"@type\":\"Article\",\"@id\":\"https:\/\/now-news.de\/de\/deutschland\/israel-befiehlt-idf-die-besetzung-des-hermon-gipfels-in-syrien\/#article\",\"isPartOf\":{\"@id\":\"https:\/\/now-news.de\/de\/deutschland\/israel-befiehlt-idf-die-besetzung-des-hermon-gipfels-in-syrien\/\"},\"author\":{\"name\":\"rtnews\",\"@id\":\"https:\/\/now-news.de\/de\/#\/schema\/person\/fb534a4e865501d8b3285208df34a9b5\"},\"headline\":\"Israel befiehlt IDF die Besetzung des Hermon-Gipfels in Syrien\",\"datePublished\":\"2024-12-13T16:49:14+00:00\",\"dateModified\":\"2024-12-13T16:49:14+00:00\",\"mainEntityOfPage\":{\"@id\":\"https:\/\/now-news.de\/de\/deutschland\/israel-befiehlt-idf-die-besetzung-des-hermon-gipfels-in-syrien\/\"},\"wordCount\":310,\"commentCount\":0,\"publisher\":{\"@id\":\"https:\/\/now-news.de\/de\/#organization\"},\"image\":{\"@id\":\"https:\/\/now-news.de\/de\/deutschland\/israel-befiehlt-idf-die-besetzung-des-hermon-gipfels-in-syrien\/#primaryimage\"},\"thumbnailUrl\":\"https:\/\/now-news.de\/de\/wp-content\/uploads\/sites\/3\/2024\/12\/Israel-befielt-IDF-die-Besetzung-des-Hermon-Gipfels-in-Syrien.jpg\",\"keywords\":[\"Befiehlt\",\"Besetzung\",\"des\",\"die\",\"HermonGipfels\",\"IDF\",\"Israel\",\"Syrien\"],\"articleSection\":[\"Deutschland\",\"Russland\"],\"inLanguage\":\"de\",\"potentialAction\":[{\"@type\":\"CommentAction\",\"name\":\"Comment\",\"target\":[\"https:\/\/now-news.de\/de\/deutschland\/israel-befiehlt-idf-die-besetzung-des-hermon-gipfels-in-syrien\/#respond\"]}]},{\"@type\":\"WebPage\",\"@id\":\"https:\/\/now-news.de\/de\/deutschland\/israel-befiehlt-idf-die-besetzung-des-hermon-gipfels-in-syrien\/\",\"url\":\"https:\/\/now-news.de\/de\/deutschland\/israel-befiehlt-idf-die-besetzung-des-hermon-gipfels-in-syrien\/\",\"name\":\"Israel befiehlt IDF die Besetzung des Hermon-Gipfels in Syrien - just-now.NEWS Deutschland\",\"isPartOf\":{\"@id\":\"https:\/\/now-news.de\/de\/#website\"},\"primaryImageOfPage\":{\"@id\":\"https:\/\/now-news.de\/de\/deutschland\/israel-befiehlt-idf-die-besetzung-des-hermon-gipfels-in-syrien\/#primaryimage\"},\"image\":{\"@id\":\"https:\/\/now-news.de\/de\/deutschland\/israel-befiehlt-idf-die-besetzung-des-hermon-gipfels-in-syrien\/#primaryimage\"},\"thumbnailUrl\":\"https:\/\/now-news.de\/de\/wp-content\/uploads\/sites\/3\/2024\/12\/Israel-befielt-IDF-die-Besetzung-des-Hermon-Gipfels-in-Syrien.jpg\",\"datePublished\":\"2024-12-13T16:49:14+00:00\",\"dateModified\":\"2024-12-13T16:49:14+00:00\",\"breadcrumb\":{\"@id\":\"https:\/\/now-news.de\/de\/deutschland\/israel-befiehlt-idf-die-besetzung-des-hermon-gipfels-in-syrien\/#breadcrumb\"},\"inLanguage\":\"de\",\"potentialAction\":[{\"@type\":\"ReadAction\",\"target\":[\"https:\/\/now-news.de\/de\/deutschland\/israel-befiehlt-idf-die-besetzung-des-hermon-gipfels-in-syrien\/\"]}]},{\"@type\":\"ImageObject\",\"inLanguage\":\"de\",\"@id\":\"https:\/\/now-news.de\/de\/deutschland\/israel-befiehlt-idf-die-besetzung-des-hermon-gipfels-in-syrien\/#primaryimage\",\"url\":\"https:\/\/now-news.de\/de\/wp-content\/uploads\/sites\/3\/2024\/12\/Israel-befielt-IDF-die-Besetzung-des-Hermon-Gipfels-in-Syrien.jpg\",\"contentUrl\":\"https:\/\/now-news.de\/de\/wp-content\/uploads\/sites\/3\/2024\/12\/Israel-befielt-IDF-die-Besetzung-des-Hermon-Gipfels-in-Syrien.jpg\",\"width\":460,\"height\":259,\"caption\":\"Israel befielt IDF die Besetzung des Hermon-Gipfels in Syrien\"},{\"@type\":\"BreadcrumbList\",\"@id\":\"https:\/\/now-news.de\/de\/deutschland\/israel-befiehlt-idf-die-besetzung-des-hermon-gipfels-in-syrien\/#breadcrumb\",\"itemListElement\":[{\"@type\":\"ListItem\",\"position\":1,\"name\":\"Home\",\"item\":\"https:\/\/now-news.de\/de\/\"},{\"@type\":\"ListItem\",\"position\":2,\"name\":\"Israel befiehlt IDF die Besetzung des Hermon-Gipfels in Syrien\"}]},{\"@type\":\"WebSite\",\"@id\":\"https:\/\/now-news.de\/de\/#website\",\"url\":\"https:\/\/now-news.de\/de\/\",\"name\":\"just-now.NEWS Deutschland\",\"description\":\"Das Portal f\u00fcr unzensierte Nachrichten aus der Welt\",\"publisher\":{\"@id\":\"https:\/\/now-news.de\/de\/#organization\"},\"potentialAction\":[{\"@type\":\"SearchAction\",\"target\":{\"@type\":\"EntryPoint\",\"urlTemplate\":\"https:\/\/now-news.de\/de\/?s={search_term_string}\"},\"query-input\":\"required name=search_term_string\"}],\"inLanguage\":\"de\"},{\"@type\":\"Organization\",\"@id\":\"https:\/\/now-news.de\/de\/#organization\",\"name\":\"Just Now News\",\"url\":\"https:\/\/now-news.de\/de\/\",\"logo\":{\"@type\":\"ImageObject\",\"inLanguage\":\"de\",\"@id\":\"https:\/\/now-news.de\/de\/#\/schema\/logo\/image\/\",\"url\":\"http:\/\/just-now.news\/de\/wp-content\/uploads\/sites\/3\/2022\/04\/logo500x500.jpg\",\"contentUrl\":\"http:\/\/just-now.news\/de\/wp-content\/uploads\/sites\/3\/2022\/04\/logo500x500.jpg\",\"width\":500,\"height\":500,\"caption\":\"Just Now News\"},\"image\":{\"@id\":\"https:\/\/now-news.de\/de\/#\/schema\/logo\/image\/\"},\"sameAs\":[\"https:\/\/www.facebook.com\/wirmachenauf\",\"https:\/\/x.com\/WirMachenAuf_de\"]},{\"@type\":\"Person\",\"@id\":\"https:\/\/now-news.de\/de\/#\/schema\/person\/fb534a4e865501d8b3285208df34a9b5\",\"name\":\"rtnews\",\"image\":{\"@type\":\"ImageObject\",\"inLanguage\":\"de\",\"@id\":\"https:\/\/now-news.de\/de\/#\/schema\/person\/image\/\",\"url\":\"https:\/\/secure.gravatar.com\/avatar\/82aafea7d8127119dd649515f56e2117?s=96&d=mm&r=g\",\"contentUrl\":\"https:\/\/secure.gravatar.com\/avatar\/82aafea7d8127119dd649515f56e2117?s=96&d=mm&r=g\",\"caption\":\"rtnews\"},\"url\":\"https:\/\/now-news.de\/de\/author\/rnews\/\"}]}<\/script>\n<!-- \/ Yoast SEO Premium plugin. -->","yoast_head_json":{"title":"Israel befiehlt IDF die Besetzung des Hermon-Gipfels in Syrien - just-now.NEWS Deutschland","robots":{"index":"index","follow":"follow","max-snippet":"max-snippet:-1","max-image-preview":"max-image-preview:large","max-video-preview":"max-video-preview:-1"},"canonical":"https:\/\/now-news.de\/de\/deutschland\/israel-befiehlt-idf-die-besetzung-des-hermon-gipfels-in-syrien\/","og_locale":"de_DE","og_type":"article","og_title":"Israel befiehlt IDF die Besetzung des Hermon-Gipfels in Syrien","og_description":"Nach dem Staatsstreich in Syrien hat Tel Aviv den israelischen Streitkr\u00e4ften befohlen, den Hermon-Gipfel in Syrien \u00fcber die kommenden Wintermonate zu besetzen. Israels Luftwaffe bombardiert seit dem Sturz von Assad mit zunehmender Intensit\u00e4t milit\u00e4rische Einrichtungen im Landesinneren. Israel kontrolliert nach eigenen Angaben nun den Gipfel des Bergs Hermon, der entlang der syrisch-libanesischen Grenze verl\u00e4uft und [&hellip;]","og_url":"https:\/\/now-news.de\/de\/deutschland\/israel-befiehlt-idf-die-besetzung-des-hermon-gipfels-in-syrien\/","og_site_name":"just-now.NEWS Deutschland","article_publisher":"https:\/\/www.facebook.com\/wirmachenauf","article_published_time":"2024-12-13T16:49:14+00:00","og_image":[{"url":"https:\/\/now-news.de\/de\/wp-content\/uploads\/sites\/3\/2024\/12\/675c29c3b480cc691a6b17de.jpg"}],"author":"rtnews","twitter_card":"summary_large_image","twitter_creator":"@WirMachenAuf_de","twitter_site":"@WirMachenAuf_de","twitter_misc":{"Verfasst von":"rtnews","Gesch\u00e4tzte Lesezeit":"2\u00a0Minuten"},"schema":{"@context":"https:\/\/schema.org","@graph":[{"@type":"Article","@id":"https:\/\/now-news.de\/de\/deutschland\/israel-befiehlt-idf-die-besetzung-des-hermon-gipfels-in-syrien\/#article","isPartOf":{"@id":"https:\/\/now-news.de\/de\/deutschland\/israel-befiehlt-idf-die-besetzung-des-hermon-gipfels-in-syrien\/"},"author":{"name":"rtnews","@id":"https:\/\/now-news.de\/de\/#\/schema\/person\/fb534a4e865501d8b3285208df34a9b5"},"headline":"Israel befiehlt IDF die Besetzung des Hermon-Gipfels in Syrien","datePublished":"2024-12-13T16:49:14+00:00","dateModified":"2024-12-13T16:49:14+00:00","mainEntityOfPage":{"@id":"https:\/\/now-news.de\/de\/deutschland\/israel-befiehlt-idf-die-besetzung-des-hermon-gipfels-in-syrien\/"},"wordCount":310,"commentCount":0,"publisher":{"@id":"https:\/\/now-news.de\/de\/#organization"},"image":{"@id":"https:\/\/now-news.de\/de\/deutschland\/israel-befiehlt-idf-die-besetzung-des-hermon-gipfels-in-syrien\/#primaryimage"},"thumbnailUrl":"https:\/\/now-news.de\/de\/wp-content\/uploads\/sites\/3\/2024\/12\/Israel-befielt-IDF-die-Besetzung-des-Hermon-Gipfels-in-Syrien.jpg","keywords":["Befiehlt","Besetzung","des","die","HermonGipfels","IDF","Israel","Syrien"],"articleSection":["Deutschland","Russland"],"inLanguage":"de","potentialAction":[{"@type":"CommentAction","name":"Comment","target":["https:\/\/now-news.de\/de\/deutschland\/israel-befiehlt-idf-die-besetzung-des-hermon-gipfels-in-syrien\/#respond"]}]},{"@type":"WebPage","@id":"https:\/\/now-news.de\/de\/deutschland\/israel-befiehlt-idf-die-besetzung-des-hermon-gipfels-in-syrien\/","url":"https:\/\/now-news.de\/de\/deutschland\/israel-befiehlt-idf-die-besetzung-des-hermon-gipfels-in-syrien\/","name":"Israel befiehlt IDF die Besetzung des Hermon-Gipfels in Syrien - just-now.NEWS Deutschland","isPartOf":{"@id":"https:\/\/now-news.de\/de\/#website"},"primaryImageOfPage":{"@id":"https:\/\/now-news.de\/de\/deutschland\/israel-befiehlt-idf-die-besetzung-des-hermon-gipfels-in-syrien\/#primaryimage"},"image":{"@id":"https:\/\/now-news.de\/de\/deutschland\/israel-befiehlt-idf-die-besetzung-des-hermon-gipfels-in-syrien\/#primaryimage"},"thumbnailUrl":"https:\/\/now-news.de\/de\/wp-content\/uploads\/sites\/3\/2024\/12\/Israel-befielt-IDF-die-Besetzung-des-Hermon-Gipfels-in-Syrien.jpg","datePublished":"2024-12-13T16:49:14+00:00","dateModified":"2024-12-13T16:49:14+00:00","breadcrumb":{"@id":"https:\/\/now-news.de\/de\/deutschland\/israel-befiehlt-idf-die-besetzung-des-hermon-gipfels-in-syrien\/#breadcrumb"},"inLanguage":"de","potentialAction":[{"@type":"ReadAction","target":["https:\/\/now-news.de\/de\/deutschland\/israel-befiehlt-idf-die-besetzung-des-hermon-gipfels-in-syrien\/"]}]},{"@type":"ImageObject","inLanguage":"de","@id":"https:\/\/now-news.de\/de\/deutschland\/israel-befiehlt-idf-die-besetzung-des-hermon-gipfels-in-syrien\/#primaryimage","url":"https:\/\/now-news.de\/de\/wp-content\/uploads\/sites\/3\/2024\/12\/Israel-befielt-IDF-die-Besetzung-des-Hermon-Gipfels-in-Syrien.jpg","contentUrl":"https:\/\/now-news.de\/de\/wp-content\/uploads\/sites\/3\/2024\/12\/Israel-befielt-IDF-die-Besetzung-des-Hermon-Gipfels-in-Syrien.jpg","width":460,"height":259,"caption":"Israel befielt IDF die Besetzung des Hermon-Gipfels in Syrien"},{"@type":"BreadcrumbList","@id":"https:\/\/now-news.de\/de\/deutschland\/israel-befiehlt-idf-die-besetzung-des-hermon-gipfels-in-syrien\/#breadcrumb","itemListElement":[{"@type":"ListItem","position":1,"name":"Home","item":"https:\/\/now-news.de\/de\/"},{"@type":"ListItem","position":2,"name":"Israel befiehlt IDF die Besetzung des Hermon-Gipfels in Syrien"}]},{"@type":"WebSite","@id":"https:\/\/now-news.de\/de\/#website","url":"https:\/\/now-news.de\/de\/","name":"just-now.NEWS Deutschland","description":"Das Portal f\u00fcr unzensierte Nachrichten aus der Welt","publisher":{"@id":"https:\/\/now-news.de\/de\/#organization"},"potentialAction":[{"@type":"SearchAction","target":{"@type":"EntryPoint","urlTemplate":"https:\/\/now-news.de\/de\/?s={search_term_string}"},"query-input":"required name=search_term_string"}],"inLanguage":"de"},{"@type":"Organization","@id":"https:\/\/now-news.de\/de\/#organization","name":"Just Now News","url":"https:\/\/now-news.de\/de\/","logo":{"@type":"ImageObject","inLanguage":"de","@id":"https:\/\/now-news.de\/de\/#\/schema\/logo\/image\/","url":"http:\/\/just-now.news\/de\/wp-content\/uploads\/sites\/3\/2022\/04\/logo500x500.jpg","contentUrl":"http:\/\/just-now.news\/de\/wp-content\/uploads\/sites\/3\/2022\/04\/logo500x500.jpg","width":500,"height":500,"caption":"Just Now News"},"image":{"@id":"https:\/\/now-news.de\/de\/#\/schema\/logo\/image\/"},"sameAs":["https:\/\/www.facebook.com\/wirmachenauf","https:\/\/x.com\/WirMachenAuf_de"]},{"@type":"Person","@id":"https:\/\/now-news.de\/de\/#\/schema\/person\/fb534a4e865501d8b3285208df34a9b5","name":"rtnews","image":{"@type":"ImageObject","inLanguage":"de","@id":"https:\/\/now-news.de\/de\/#\/schema\/person\/image\/","url":"https:\/\/secure.gravatar.com\/avatar\/82aafea7d8127119dd649515f56e2117?s=96&d=mm&r=g","contentUrl":"https:\/\/secure.gravatar.com\/avatar\/82aafea7d8127119dd649515f56e2117?s=96&d=mm&r=g","caption":"rtnews"},"url":"https:\/\/now-news.de\/de\/author\/rnews\/"}]}},"_links":{"self":[{"href":"https:\/\/now-news.de\/de\/wp-json\/wp\/v2\/posts\/74483"}],"collection":[{"href":"https:\/\/now-news.de\/de\/wp-json\/wp\/v2\/posts"}],"about":[{"href":"https:\/\/now-news.de\/de\/wp-json\/wp\/v2\/types\/post"}],"author":[{"embeddable":true,"href":"https:\/\/now-news.de\/de\/wp-json\/wp\/v2\/users\/3"}],"replies":[{"embeddable":true,"href":"https:\/\/now-news.de\/de\/wp-json\/wp\/v2\/comments?post=74483"}],"version-history":[{"count":0,"href":"https:\/\/now-news.de\/de\/wp-json\/wp\/v2\/posts\/74483\/revisions"}],"wp:featuredmedia":[{"embeddable":true,"href":"https:\/\/now-news.de\/de\/wp-json\/wp\/v2\/media\/74448"}],"wp:attachment":[{"href":"https:\/\/now-news.de\/de\/wp-json\/wp\/v2\/media?parent=74483"}],"wp:term":[{"taxonomy":"category","embeddable":true,"href":"https:\/\/now-news.de\/de\/wp-json\/wp\/v2\/categories?post=74483"},{"taxonomy":"post_tag","embeddable":true,"href":"https:\/\/now-news.de\/de\/wp-json\/wp\/v2\/tags?post=74483"}],"curies":[{"name":"wp","href":"https:\/\/api.w.org\/{rel}","templated":true}]}}