{"id":7448,"date":"2022-05-11T21:40:44","date_gmt":"2022-05-11T19:40:44","guid":{"rendered":"http:\/\/just-now.news\/de\/deutschland\/milliarden-fuer-die-ukraine-nichts-fuer-lateinamerika-mexikos-praesident-prangert-us-politik-an\/"},"modified":"2022-05-11T21:40:44","modified_gmt":"2022-05-11T19:40:44","slug":"milliarden-fuer-die-ukraine-nichts-fuer-lateinamerika-mexikos-praesident-prangert-us-politik-an","status":"publish","type":"post","link":"https:\/\/now-news.de\/de\/deutschland\/milliarden-fuer-die-ukraine-nichts-fuer-lateinamerika-mexikos-praesident-prangert-us-politik-an\/","title":{"rendered":"Milliarden f\u00fcr die Ukraine, nichts f\u00fcr Lateinamerika \u2013 Mexikos Pr\u00e4sident prangert US-Politik an"},"content":{"rendered":"<p><\/p>\n<p><em>von Maria M\u00fcller<\/em><\/p>\n<p>Die USA w\u00fcrden die Ukraine in ihrem Konflikt mit Russland weit st\u00e4rker unterst\u00fctzen als die notleidenden L\u00e4nder Zentralamerikas, kritisierte Mexikos Pr\u00e4sident Andr\u00e9s Manuel L\u00f3pez Obrador auf seiner Rundreise durch mehrere zentralamerikanische Staaten.<\/p>\n<p>&#8220;Es scheint mir unerkl\u00e4rlich, dass in Washington, im Kapitol, die Genehmigung der\u00a0<a rel=\"nofollow noopener\" target=\"_blank\" href=\"https:\/\/actualidad.rt.com\/actualidad\/428989-lopez-obrador-critica-eeuu-nada-centroamerica-ucrania\">4.000 Millionen Dollar<\/a>, die sie f\u00fcr Investitionen in Mittelamerika angeboten haben, so verz\u00f6gert wurde&#8221;, sagte\u00a0L\u00f3pez Obrador. Sowohl der amerikanische Pr\u00e4sident Joe Biden als auch die Vizepr\u00e4sidentin Kamala Harris h\u00e4tten Vorkehrungen f\u00fcr dieses Projekt getroffen, argumentierte der mexikanische Pr\u00e4sident.<\/p>\n<p>&#8220;Sicher sind das unterschiedliche Probleme, die man nicht einfach mit einander vergleichen kann. Aber mehr als 30.000 Millionen Dollar wurden bereits bewilligt, um den Krieg in der Ukraine zu unterst\u00fctzen. Doch seitdem Pr\u00e4sident Donald Trump hier (in Mexiko) war haben wir seit vier Jahren immer wieder darauf hingewiesen, dass wir eine Unterst\u00fctzung von vier Milliarden ben\u00f6tigen, um einen wirtschaftlichen Aufschwung in Gang zu bringen.\u00a0Und bis heute haben wir nichts, absolut nichts erhalten&#8221;, so L\u00f3pez Obrador.<\/p>\n<p>Abschlie\u00dfend erkl\u00e4rte er in seiner Rede in Guatemala, dass der amerikanische Kontinent in Richtung einer wirtschaftlichen Integration ohne Diskriminierung vorankommen muss. Die ideologischen Unterschiede d\u00fcrften dabei keine Rolle spielen. Der mexikanische Pr\u00e4sident erkl\u00e4rte:<\/p>\n<blockquote>\n<p><em>&#8220;Genug der Hegemonien, genug der Politik, die unserem Amerika seit mehr als zwei Jahrhunderten aufgezwungen wird. Wir brauchen Einheit, wir brauchen Respekt vor der Souver\u00e4nit\u00e4t aller L\u00e4nder.&#8221;<\/em><\/p>\n<\/blockquote>\n<p>Und weiter: &#8220;Die Fl\u00fcsse Usumacinta und Suchiate sind keine Mauern. Sie sollten den Status von Arterien des Handels, der Kultur und der Br\u00fcderlichkeit wiedererlangen, die sie einmal hatten, als die Olmeken und die Mayas, unsere Vorfahren, auf ihren Gew\u00e4ssern segelten.&#8221;<\/p>\n<p>Andr\u00e9s Manuel L\u00f3pez Obrador hat in der ersten Maiwoche eine Rundreise durch Mittelamerika begonnen, bei der er Guatemala, El Salvador, Honduras, Belize und Kuba besuchte.<\/p>\n<p><strong>Arbeitspl\u00e4tze schaffen, um die Migration einzud\u00e4mmen<\/strong><\/p>\n<p>Mexiko verst\u00e4rkte diese diplomatische Offensive mit einem Treffen seines Au\u00dfenministers Marcelo Ebrard in Washington mit dem US-Au\u00dfenminister Antony Blinken und dem US-Minister f\u00fcr Nationale Sicherheit, Alejandro Mayorkas. Dabei forderte Ebrard erneut, dass die Vereinigten Staaten ihre Investitionen in Mittelamerika verdoppeln sollen, um\u00a0<a rel=\"nofollow noopener\" target=\"_blank\" href=\"https:\/\/www.dw.com\/es\/m%C3%A9xico-insiste-a-eeuu-que-invierta-en-centroam%C3%A9rica-para-frenar-migraci%C3%B3n\/a-61679053\">Arbeitspl\u00e4tze zu schaffen<\/a>\u00a0und die Migration einzud\u00e4mmen.<\/p>\n<p>Mexiko geht davon aus, dass sich die Migrantenstr\u00f6me in Richtung USA in den kommenden Monaten weiter verst\u00e4rken, da dort im Mai die Sonderma\u00dfnahmen der COVID-19-Pandemie aufgehoben werden. Unter diesem Vorwand hatte man Migranten gewaltsam festgenommen und ausgewiesen. Die USA w\u00e4lzten bisher die Migrationsprobleme auf ihren Nachbarstaat Mexiko ab, ohne das Land dabei materiell zu unterst\u00fctzen.<\/p>\n<p>Angesichts dessen sieht Mexikos Vorschlag vor, die Anstrengungen zur Schaffung von Arbeitspl\u00e4tzen und verbesserten Lebensbedingungen in Honduras, El Salvador und Guatemala zu verdoppeln, damit deren B\u00fcrger nicht gezwungen sind, ihre L\u00e4nder in Richtung der Vereinigten Staaten zu verlassen.<\/p>\n<p>Bei den Treffen in Washington schlug Au\u00dfenminister Gebrard eine gemeinsame Konferenz vor, um die Investitionen beider L\u00e4nder zur Schaffung von Arbeitspl\u00e4tzen in Mittelamerika zu koordinieren.<\/p>\n<p><strong>Mexiko investierte hundert Millionen in Zentralamerika<\/strong><\/p>\n<p>Mexiko setzte bereits 100 Millionen Dollar in Projekte wie &#8220;Die Saat f\u00fcr das Leben&#8221;\u00a0ein, mit denen die lokale Landwirtschaft und\u00a0<a rel=\"nofollow noopener\" target=\"_blank\" href=\"https:\/\/actualidad.rt.com\/actualidad\/428824-crisis-migratoria-criticas-bloqueo-ejes\">umweltgerechte Anbaumethoden<\/a>\u00a0unterst\u00fctzt werden.\u00a0In El Salvador erhalten 10.000 Produzenten Unterst\u00fctzung von der mexikanischen Regierung, damit sie in ihren D\u00f6rfern arbeiten k\u00f6nnen. \u00a0<\/p>\n<p>Zudem hat die mexikanische Regierung den USA vorgeschlagen, befristete Arbeitsaufenthalte f\u00fcr zentralamerikanische B\u00fcrger zu erteilen, da die USA Arbeitskr\u00e4fte ben\u00f6tigen und dies den Migrationsstrom ordnen k\u00f6nnte.<\/p>\n<p>Gebrard dr\u00e4ngte in Washington auf schnelles Reagieren. Es gehe nicht mehr um langfristige Schritte, man m\u00fcsse sofort handeln, sonst werde der Fl\u00fcchtlingsstrom unkontrollierbar.<\/p>\n<p>Im M\u00e4rz wurde ein beispielloser Rekord bei Festnahmen von Einwanderern ohne Papiere an der US-Grenze zu Mexiko verzeichnet. Laut den Daten des\u00a0Office of US Customs and Border Protection (CBP)\u00a0fingen Grenzbeh\u00f6rden 221.303 Migranten ab, 33 Prozent mehr als im Februar. Das ist der h\u00f6chste Stand seit 22 Jahren.<\/p>\n<p>Das Ziel des Aufbauprogramms wurde von L\u00f3pez Obrador mit den Worten kommentiert:<\/p>\n<p>&#8220;Niemand soll gezwungen sein, die Gefahren der Reise durch Mexiko zu erleben, oder die Diskriminierung und polizeiliche Verfolgung n\u00f6rdlich des Rio Grande; die Menschen sollten nur auswandern \u2013 dass nur diejenigen auswandern, die aus freundlicheren Gr\u00fcnden auswandern wollen. Diese Migration soll eine freie Entscheidung sein und nicht durch Hunger erzwungen.&#8221;<\/p>\n<p><strong>Mehr zum Thema <\/strong>&#8211; <a rel=\"nofollow noopener\" target=\"_blank\" href=\"https:\/\/unzensiert.rtde.website\/amerika\/136361-mexiko-referendum-fuer-lopez-obrador\/\">Mexiko: Ein Referendum f\u00fcr L\u00f3pez Obrador als R\u00fcckendeckung der Verstaatlichungen im Energiesektor<\/a><\/p>\n<p><br \/>\n<br \/><a href=\"https:\/\/de.rt.com\/amerika\/138208-milliarden-fur-ukraine-nichts-fuer-lateinamerika\/\">Source link <\/a><\/p>\n","protected":false},"excerpt":{"rendered":"<p>von Maria M\u00fcller Die USA w\u00fcrden die Ukraine in ihrem Konflikt mit Russland weit st\u00e4rker unterst\u00fctzen als die notleidenden L\u00e4nder Zentralamerikas, kritisierte Mexikos Pr\u00e4sident Andr\u00e9s Manuel L\u00f3pez Obrador auf seiner Rundreise durch mehrere zentralamerikanische Staaten. &#8220;Es scheint mir unerkl\u00e4rlich, dass in Washington, im Kapitol, die Genehmigung der\u00a04.000 Millionen Dollar, die sie f\u00fcr Investitionen in Mittelamerika [&hellip;]<\/p>\n","protected":false},"author":3,"featured_media":7449,"comment_status":"open","ping_status":"open","sticky":false,"template":"","format":"standard","meta":{"wp_automatic_camp":["217"],"2d8d7be2653f2f66d7e1c4f21bb676eb":["Milliarden f\u00fcr die Ukraine, nichts f\u00fcr Lateinamerika \u2013 Mexikos Pr\u00e4sident prangert US-Politik an"],"original_link":["https:\/\/de.rt.com\/amerika\/138208-milliarden-fur-ukraine-nichts-fuer-lateinamerika\/"],"_thumbnail_id":["7449"],"wp_automatic_remove_first_image":["yes"],"jnews_social_counter_last_update":["1777581953"]},"categories":[19,23],"tags":[45,221,4853,19721,1004,3095,4673,3464,127,19722],"yoast_head":"<!-- This site is optimized with the Yoast SEO Premium plugin v22.7 (Yoast SEO v22.7) - https:\/\/yoast.com\/wordpress\/plugins\/seo\/ -->\n<title>Milliarden f\u00fcr die Ukraine, nichts f\u00fcr Lateinamerika \u2013 Mexikos Pr\u00e4sident prangert US-Politik an - just-now.NEWS Deutschland<\/title>\n<meta name=\"robots\" content=\"index, follow, max-snippet:-1, max-image-preview:large, max-video-preview:-1\" \/>\n<link rel=\"canonical\" href=\"https:\/\/now-news.de\/de\/deutschland\/milliarden-fuer-die-ukraine-nichts-fuer-lateinamerika-mexikos-praesident-prangert-us-politik-an\/\" \/>\n<meta property=\"og:locale\" content=\"de_DE\" \/>\n<meta property=\"og:type\" content=\"article\" \/>\n<meta property=\"og:title\" content=\"Milliarden f\u00fcr die Ukraine, nichts f\u00fcr Lateinamerika \u2013 Mexikos Pr\u00e4sident prangert US-Politik an\" \/>\n<meta property=\"og:description\" content=\"von Maria M\u00fcller Die USA w\u00fcrden die Ukraine in ihrem Konflikt mit Russland weit st\u00e4rker unterst\u00fctzen als die notleidenden L\u00e4nder Zentralamerikas, kritisierte Mexikos Pr\u00e4sident Andr\u00e9s Manuel L\u00f3pez Obrador auf seiner Rundreise durch mehrere zentralamerikanische Staaten. &#8220;Es scheint mir unerkl\u00e4rlich, dass in Washington, im Kapitol, die Genehmigung der\u00a04.000 Millionen Dollar, die sie f\u00fcr Investitionen in Mittelamerika [&hellip;]\" \/>\n<meta property=\"og:url\" content=\"https:\/\/now-news.de\/de\/deutschland\/milliarden-fuer-die-ukraine-nichts-fuer-lateinamerika-mexikos-praesident-prangert-us-politik-an\/\" \/>\n<meta property=\"og:site_name\" content=\"just-now.NEWS Deutschland\" \/>\n<meta property=\"article:publisher\" content=\"https:\/\/www.facebook.com\/wirmachenauf\" \/>\n<meta property=\"article:published_time\" content=\"2022-05-11T19:40:44+00:00\" \/>\n<meta property=\"og:image\" content=\"https:\/\/now-news.de\/de\/wp-content\/uploads\/sites\/3\/2022\/05\/Milliarden-fuer-die-Ukraine-nichts-fuer-Lateinamerika-\u2013-Mexikos-Praesident.jpg\" \/>\n\t<meta property=\"og:image:width\" content=\"460\" \/>\n\t<meta property=\"og:image:height\" content=\"259\" \/>\n\t<meta property=\"og:image:type\" content=\"image\/jpeg\" \/>\n<meta name=\"author\" content=\"rtnews\" \/>\n<meta name=\"twitter:card\" content=\"summary_large_image\" \/>\n<meta name=\"twitter:creator\" content=\"@WirMachenAuf_de\" \/>\n<meta name=\"twitter:site\" content=\"@WirMachenAuf_de\" \/>\n<meta name=\"twitter:label1\" content=\"Verfasst von\" \/>\n\t<meta name=\"twitter:data1\" content=\"rtnews\" \/>\n\t<meta name=\"twitter:label2\" content=\"Gesch\u00e4tzte Lesezeit\" \/>\n\t<meta name=\"twitter:data2\" content=\"4\u00a0Minuten\" \/>\n<script type=\"application\/ld+json\" class=\"yoast-schema-graph\">{\"@context\":\"https:\/\/schema.org\",\"@graph\":[{\"@type\":\"Article\",\"@id\":\"https:\/\/now-news.de\/de\/deutschland\/milliarden-fuer-die-ukraine-nichts-fuer-lateinamerika-mexikos-praesident-prangert-us-politik-an\/#article\",\"isPartOf\":{\"@id\":\"https:\/\/now-news.de\/de\/deutschland\/milliarden-fuer-die-ukraine-nichts-fuer-lateinamerika-mexikos-praesident-prangert-us-politik-an\/\"},\"author\":{\"name\":\"rtnews\",\"@id\":\"https:\/\/now-news.de\/de\/#\/schema\/person\/fb534a4e865501d8b3285208df34a9b5\"},\"headline\":\"Milliarden f\u00fcr die Ukraine, nichts f\u00fcr Lateinamerika \u2013 Mexikos Pr\u00e4sident prangert US-Politik an\",\"datePublished\":\"2022-05-11T19:40:44+00:00\",\"dateModified\":\"2022-05-11T19:40:44+00:00\",\"mainEntityOfPage\":{\"@id\":\"https:\/\/now-news.de\/de\/deutschland\/milliarden-fuer-die-ukraine-nichts-fuer-lateinamerika-mexikos-praesident-prangert-us-politik-an\/\"},\"wordCount\":772,\"commentCount\":0,\"publisher\":{\"@id\":\"https:\/\/now-news.de\/de\/#organization\"},\"image\":{\"@id\":\"https:\/\/now-news.de\/de\/deutschland\/milliarden-fuer-die-ukraine-nichts-fuer-lateinamerika-mexikos-praesident-prangert-us-politik-an\/#primaryimage\"},\"thumbnailUrl\":\"https:\/\/now-news.de\/de\/wp-content\/uploads\/sites\/3\/2022\/05\/Milliarden-fuer-die-Ukraine-nichts-fuer-Lateinamerika-\u2013-Mexikos-Praesident.jpg\",\"keywords\":[\"die\",\"f\u00fcr\",\"Lateinamerika\",\"Mexikos\",\"Milliarden\",\"Nichts\",\"prangert\",\"Pr\u00e4sident\",\"ukraine\",\"USPolitik\"],\"articleSection\":[\"Deutschland\",\"Russland\"],\"inLanguage\":\"de\",\"potentialAction\":[{\"@type\":\"CommentAction\",\"name\":\"Comment\",\"target\":[\"https:\/\/now-news.de\/de\/deutschland\/milliarden-fuer-die-ukraine-nichts-fuer-lateinamerika-mexikos-praesident-prangert-us-politik-an\/#respond\"]}]},{\"@type\":\"WebPage\",\"@id\":\"https:\/\/now-news.de\/de\/deutschland\/milliarden-fuer-die-ukraine-nichts-fuer-lateinamerika-mexikos-praesident-prangert-us-politik-an\/\",\"url\":\"https:\/\/now-news.de\/de\/deutschland\/milliarden-fuer-die-ukraine-nichts-fuer-lateinamerika-mexikos-praesident-prangert-us-politik-an\/\",\"name\":\"Milliarden f\u00fcr die Ukraine, nichts f\u00fcr Lateinamerika \u2013 Mexikos Pr\u00e4sident prangert US-Politik an - just-now.NEWS Deutschland\",\"isPartOf\":{\"@id\":\"https:\/\/now-news.de\/de\/#website\"},\"primaryImageOfPage\":{\"@id\":\"https:\/\/now-news.de\/de\/deutschland\/milliarden-fuer-die-ukraine-nichts-fuer-lateinamerika-mexikos-praesident-prangert-us-politik-an\/#primaryimage\"},\"image\":{\"@id\":\"https:\/\/now-news.de\/de\/deutschland\/milliarden-fuer-die-ukraine-nichts-fuer-lateinamerika-mexikos-praesident-prangert-us-politik-an\/#primaryimage\"},\"thumbnailUrl\":\"https:\/\/now-news.de\/de\/wp-content\/uploads\/sites\/3\/2022\/05\/Milliarden-fuer-die-Ukraine-nichts-fuer-Lateinamerika-\u2013-Mexikos-Praesident.jpg\",\"datePublished\":\"2022-05-11T19:40:44+00:00\",\"dateModified\":\"2022-05-11T19:40:44+00:00\",\"breadcrumb\":{\"@id\":\"https:\/\/now-news.de\/de\/deutschland\/milliarden-fuer-die-ukraine-nichts-fuer-lateinamerika-mexikos-praesident-prangert-us-politik-an\/#breadcrumb\"},\"inLanguage\":\"de\",\"potentialAction\":[{\"@type\":\"ReadAction\",\"target\":[\"https:\/\/now-news.de\/de\/deutschland\/milliarden-fuer-die-ukraine-nichts-fuer-lateinamerika-mexikos-praesident-prangert-us-politik-an\/\"]}]},{\"@type\":\"ImageObject\",\"inLanguage\":\"de\",\"@id\":\"https:\/\/now-news.de\/de\/deutschland\/milliarden-fuer-die-ukraine-nichts-fuer-lateinamerika-mexikos-praesident-prangert-us-politik-an\/#primaryimage\",\"url\":\"https:\/\/now-news.de\/de\/wp-content\/uploads\/sites\/3\/2022\/05\/Milliarden-fuer-die-Ukraine-nichts-fuer-Lateinamerika-\u2013-Mexikos-Praesident.jpg\",\"contentUrl\":\"https:\/\/now-news.de\/de\/wp-content\/uploads\/sites\/3\/2022\/05\/Milliarden-fuer-die-Ukraine-nichts-fuer-Lateinamerika-\u2013-Mexikos-Praesident.jpg\",\"width\":460,\"height\":259},{\"@type\":\"BreadcrumbList\",\"@id\":\"https:\/\/now-news.de\/de\/deutschland\/milliarden-fuer-die-ukraine-nichts-fuer-lateinamerika-mexikos-praesident-prangert-us-politik-an\/#breadcrumb\",\"itemListElement\":[{\"@type\":\"ListItem\",\"position\":1,\"name\":\"Home\",\"item\":\"https:\/\/now-news.de\/de\/\"},{\"@type\":\"ListItem\",\"position\":2,\"name\":\"Milliarden f\u00fcr die Ukraine, nichts f\u00fcr Lateinamerika \u2013 Mexikos Pr\u00e4sident prangert US-Politik an\"}]},{\"@type\":\"WebSite\",\"@id\":\"https:\/\/now-news.de\/de\/#website\",\"url\":\"https:\/\/now-news.de\/de\/\",\"name\":\"just-now.NEWS Deutschland\",\"description\":\"Das Portal f\u00fcr unzensierte Nachrichten aus der Welt\",\"publisher\":{\"@id\":\"https:\/\/now-news.de\/de\/#organization\"},\"potentialAction\":[{\"@type\":\"SearchAction\",\"target\":{\"@type\":\"EntryPoint\",\"urlTemplate\":\"https:\/\/now-news.de\/de\/?s={search_term_string}\"},\"query-input\":\"required name=search_term_string\"}],\"inLanguage\":\"de\"},{\"@type\":\"Organization\",\"@id\":\"https:\/\/now-news.de\/de\/#organization\",\"name\":\"Just Now News\",\"url\":\"https:\/\/now-news.de\/de\/\",\"logo\":{\"@type\":\"ImageObject\",\"inLanguage\":\"de\",\"@id\":\"https:\/\/now-news.de\/de\/#\/schema\/logo\/image\/\",\"url\":\"http:\/\/just-now.news\/de\/wp-content\/uploads\/sites\/3\/2022\/04\/logo500x500.jpg\",\"contentUrl\":\"http:\/\/just-now.news\/de\/wp-content\/uploads\/sites\/3\/2022\/04\/logo500x500.jpg\",\"width\":500,\"height\":500,\"caption\":\"Just Now News\"},\"image\":{\"@id\":\"https:\/\/now-news.de\/de\/#\/schema\/logo\/image\/\"},\"sameAs\":[\"https:\/\/www.facebook.com\/wirmachenauf\",\"https:\/\/x.com\/WirMachenAuf_de\"]},{\"@type\":\"Person\",\"@id\":\"https:\/\/now-news.de\/de\/#\/schema\/person\/fb534a4e865501d8b3285208df34a9b5\",\"name\":\"rtnews\",\"image\":{\"@type\":\"ImageObject\",\"inLanguage\":\"de\",\"@id\":\"https:\/\/now-news.de\/de\/#\/schema\/person\/image\/\",\"url\":\"https:\/\/secure.gravatar.com\/avatar\/82aafea7d8127119dd649515f56e2117?s=96&d=mm&r=g\",\"contentUrl\":\"https:\/\/secure.gravatar.com\/avatar\/82aafea7d8127119dd649515f56e2117?s=96&d=mm&r=g\",\"caption\":\"rtnews\"},\"url\":\"https:\/\/now-news.de\/de\/author\/rnews\/\"}]}<\/script>\n<!-- \/ Yoast SEO Premium plugin. -->","yoast_head_json":{"title":"Milliarden f\u00fcr die Ukraine, nichts f\u00fcr Lateinamerika \u2013 Mexikos Pr\u00e4sident prangert US-Politik an - just-now.NEWS Deutschland","robots":{"index":"index","follow":"follow","max-snippet":"max-snippet:-1","max-image-preview":"max-image-preview:large","max-video-preview":"max-video-preview:-1"},"canonical":"https:\/\/now-news.de\/de\/deutschland\/milliarden-fuer-die-ukraine-nichts-fuer-lateinamerika-mexikos-praesident-prangert-us-politik-an\/","og_locale":"de_DE","og_type":"article","og_title":"Milliarden f\u00fcr die Ukraine, nichts f\u00fcr Lateinamerika \u2013 Mexikos Pr\u00e4sident prangert US-Politik an","og_description":"von Maria M\u00fcller Die USA w\u00fcrden die Ukraine in ihrem Konflikt mit Russland weit st\u00e4rker unterst\u00fctzen als die notleidenden L\u00e4nder Zentralamerikas, kritisierte Mexikos Pr\u00e4sident Andr\u00e9s Manuel L\u00f3pez Obrador auf seiner Rundreise durch mehrere zentralamerikanische Staaten. &#8220;Es scheint mir unerkl\u00e4rlich, dass in Washington, im Kapitol, die Genehmigung der\u00a04.000 Millionen Dollar, die sie f\u00fcr Investitionen in Mittelamerika [&hellip;]","og_url":"https:\/\/now-news.de\/de\/deutschland\/milliarden-fuer-die-ukraine-nichts-fuer-lateinamerika-mexikos-praesident-prangert-us-politik-an\/","og_site_name":"just-now.NEWS Deutschland","article_publisher":"https:\/\/www.facebook.com\/wirmachenauf","article_published_time":"2022-05-11T19:40:44+00:00","og_image":[{"width":460,"height":259,"url":"https:\/\/now-news.de\/de\/wp-content\/uploads\/sites\/3\/2022\/05\/Milliarden-fuer-die-Ukraine-nichts-fuer-Lateinamerika-\u2013-Mexikos-Praesident.jpg","type":"image\/jpeg"}],"author":"rtnews","twitter_card":"summary_large_image","twitter_creator":"@WirMachenAuf_de","twitter_site":"@WirMachenAuf_de","twitter_misc":{"Verfasst von":"rtnews","Gesch\u00e4tzte Lesezeit":"4\u00a0Minuten"},"schema":{"@context":"https:\/\/schema.org","@graph":[{"@type":"Article","@id":"https:\/\/now-news.de\/de\/deutschland\/milliarden-fuer-die-ukraine-nichts-fuer-lateinamerika-mexikos-praesident-prangert-us-politik-an\/#article","isPartOf":{"@id":"https:\/\/now-news.de\/de\/deutschland\/milliarden-fuer-die-ukraine-nichts-fuer-lateinamerika-mexikos-praesident-prangert-us-politik-an\/"},"author":{"name":"rtnews","@id":"https:\/\/now-news.de\/de\/#\/schema\/person\/fb534a4e865501d8b3285208df34a9b5"},"headline":"Milliarden f\u00fcr die Ukraine, nichts f\u00fcr Lateinamerika \u2013 Mexikos Pr\u00e4sident prangert US-Politik an","datePublished":"2022-05-11T19:40:44+00:00","dateModified":"2022-05-11T19:40:44+00:00","mainEntityOfPage":{"@id":"https:\/\/now-news.de\/de\/deutschland\/milliarden-fuer-die-ukraine-nichts-fuer-lateinamerika-mexikos-praesident-prangert-us-politik-an\/"},"wordCount":772,"commentCount":0,"publisher":{"@id":"https:\/\/now-news.de\/de\/#organization"},"image":{"@id":"https:\/\/now-news.de\/de\/deutschland\/milliarden-fuer-die-ukraine-nichts-fuer-lateinamerika-mexikos-praesident-prangert-us-politik-an\/#primaryimage"},"thumbnailUrl":"https:\/\/now-news.de\/de\/wp-content\/uploads\/sites\/3\/2022\/05\/Milliarden-fuer-die-Ukraine-nichts-fuer-Lateinamerika-\u2013-Mexikos-Praesident.jpg","keywords":["die","f\u00fcr","Lateinamerika","Mexikos","Milliarden","Nichts","prangert","Pr\u00e4sident","ukraine","USPolitik"],"articleSection":["Deutschland","Russland"],"inLanguage":"de","potentialAction":[{"@type":"CommentAction","name":"Comment","target":["https:\/\/now-news.de\/de\/deutschland\/milliarden-fuer-die-ukraine-nichts-fuer-lateinamerika-mexikos-praesident-prangert-us-politik-an\/#respond"]}]},{"@type":"WebPage","@id":"https:\/\/now-news.de\/de\/deutschland\/milliarden-fuer-die-ukraine-nichts-fuer-lateinamerika-mexikos-praesident-prangert-us-politik-an\/","url":"https:\/\/now-news.de\/de\/deutschland\/milliarden-fuer-die-ukraine-nichts-fuer-lateinamerika-mexikos-praesident-prangert-us-politik-an\/","name":"Milliarden f\u00fcr die Ukraine, nichts f\u00fcr Lateinamerika \u2013 Mexikos Pr\u00e4sident prangert US-Politik an - just-now.NEWS Deutschland","isPartOf":{"@id":"https:\/\/now-news.de\/de\/#website"},"primaryImageOfPage":{"@id":"https:\/\/now-news.de\/de\/deutschland\/milliarden-fuer-die-ukraine-nichts-fuer-lateinamerika-mexikos-praesident-prangert-us-politik-an\/#primaryimage"},"image":{"@id":"https:\/\/now-news.de\/de\/deutschland\/milliarden-fuer-die-ukraine-nichts-fuer-lateinamerika-mexikos-praesident-prangert-us-politik-an\/#primaryimage"},"thumbnailUrl":"https:\/\/now-news.de\/de\/wp-content\/uploads\/sites\/3\/2022\/05\/Milliarden-fuer-die-Ukraine-nichts-fuer-Lateinamerika-\u2013-Mexikos-Praesident.jpg","datePublished":"2022-05-11T19:40:44+00:00","dateModified":"2022-05-11T19:40:44+00:00","breadcrumb":{"@id":"https:\/\/now-news.de\/de\/deutschland\/milliarden-fuer-die-ukraine-nichts-fuer-lateinamerika-mexikos-praesident-prangert-us-politik-an\/#breadcrumb"},"inLanguage":"de","potentialAction":[{"@type":"ReadAction","target":["https:\/\/now-news.de\/de\/deutschland\/milliarden-fuer-die-ukraine-nichts-fuer-lateinamerika-mexikos-praesident-prangert-us-politik-an\/"]}]},{"@type":"ImageObject","inLanguage":"de","@id":"https:\/\/now-news.de\/de\/deutschland\/milliarden-fuer-die-ukraine-nichts-fuer-lateinamerika-mexikos-praesident-prangert-us-politik-an\/#primaryimage","url":"https:\/\/now-news.de\/de\/wp-content\/uploads\/sites\/3\/2022\/05\/Milliarden-fuer-die-Ukraine-nichts-fuer-Lateinamerika-\u2013-Mexikos-Praesident.jpg","contentUrl":"https:\/\/now-news.de\/de\/wp-content\/uploads\/sites\/3\/2022\/05\/Milliarden-fuer-die-Ukraine-nichts-fuer-Lateinamerika-\u2013-Mexikos-Praesident.jpg","width":460,"height":259},{"@type":"BreadcrumbList","@id":"https:\/\/now-news.de\/de\/deutschland\/milliarden-fuer-die-ukraine-nichts-fuer-lateinamerika-mexikos-praesident-prangert-us-politik-an\/#breadcrumb","itemListElement":[{"@type":"ListItem","position":1,"name":"Home","item":"https:\/\/now-news.de\/de\/"},{"@type":"ListItem","position":2,"name":"Milliarden f\u00fcr die Ukraine, nichts f\u00fcr Lateinamerika \u2013 Mexikos Pr\u00e4sident prangert US-Politik an"}]},{"@type":"WebSite","@id":"https:\/\/now-news.de\/de\/#website","url":"https:\/\/now-news.de\/de\/","name":"just-now.NEWS Deutschland","description":"Das Portal f\u00fcr unzensierte Nachrichten aus der Welt","publisher":{"@id":"https:\/\/now-news.de\/de\/#organization"},"potentialAction":[{"@type":"SearchAction","target":{"@type":"EntryPoint","urlTemplate":"https:\/\/now-news.de\/de\/?s={search_term_string}"},"query-input":"required name=search_term_string"}],"inLanguage":"de"},{"@type":"Organization","@id":"https:\/\/now-news.de\/de\/#organization","name":"Just Now News","url":"https:\/\/now-news.de\/de\/","logo":{"@type":"ImageObject","inLanguage":"de","@id":"https:\/\/now-news.de\/de\/#\/schema\/logo\/image\/","url":"http:\/\/just-now.news\/de\/wp-content\/uploads\/sites\/3\/2022\/04\/logo500x500.jpg","contentUrl":"http:\/\/just-now.news\/de\/wp-content\/uploads\/sites\/3\/2022\/04\/logo500x500.jpg","width":500,"height":500,"caption":"Just Now News"},"image":{"@id":"https:\/\/now-news.de\/de\/#\/schema\/logo\/image\/"},"sameAs":["https:\/\/www.facebook.com\/wirmachenauf","https:\/\/x.com\/WirMachenAuf_de"]},{"@type":"Person","@id":"https:\/\/now-news.de\/de\/#\/schema\/person\/fb534a4e865501d8b3285208df34a9b5","name":"rtnews","image":{"@type":"ImageObject","inLanguage":"de","@id":"https:\/\/now-news.de\/de\/#\/schema\/person\/image\/","url":"https:\/\/secure.gravatar.com\/avatar\/82aafea7d8127119dd649515f56e2117?s=96&d=mm&r=g","contentUrl":"https:\/\/secure.gravatar.com\/avatar\/82aafea7d8127119dd649515f56e2117?s=96&d=mm&r=g","caption":"rtnews"},"url":"https:\/\/now-news.de\/de\/author\/rnews\/"}]}},"_links":{"self":[{"href":"https:\/\/now-news.de\/de\/wp-json\/wp\/v2\/posts\/7448"}],"collection":[{"href":"https:\/\/now-news.de\/de\/wp-json\/wp\/v2\/posts"}],"about":[{"href":"https:\/\/now-news.de\/de\/wp-json\/wp\/v2\/types\/post"}],"author":[{"embeddable":true,"href":"https:\/\/now-news.de\/de\/wp-json\/wp\/v2\/users\/3"}],"replies":[{"embeddable":true,"href":"https:\/\/now-news.de\/de\/wp-json\/wp\/v2\/comments?post=7448"}],"version-history":[{"count":0,"href":"https:\/\/now-news.de\/de\/wp-json\/wp\/v2\/posts\/7448\/revisions"}],"wp:featuredmedia":[{"embeddable":true,"href":"https:\/\/now-news.de\/de\/wp-json\/wp\/v2\/media\/7449"}],"wp:attachment":[{"href":"https:\/\/now-news.de\/de\/wp-json\/wp\/v2\/media?parent=7448"}],"wp:term":[{"taxonomy":"category","embeddable":true,"href":"https:\/\/now-news.de\/de\/wp-json\/wp\/v2\/categories?post=7448"},{"taxonomy":"post_tag","embeddable":true,"href":"https:\/\/now-news.de\/de\/wp-json\/wp\/v2\/tags?post=7448"}],"curies":[{"name":"wp","href":"https:\/\/api.w.org\/{rel}","templated":true}]}}