{"id":74455,"date":"2024-12-13T19:53:13","date_gmt":"2024-12-13T17:53:13","guid":{"rendered":"https:\/\/now-news.de\/de\/deutschland\/heil-will-kurzarbeit-auf-24-monate-verlaengern\/"},"modified":"2024-12-13T19:53:13","modified_gmt":"2024-12-13T17:53:13","slug":"heil-will-kurzarbeit-auf-24-monate-verlaengern","status":"publish","type":"post","link":"https:\/\/now-news.de\/de\/deutschland\/heil-will-kurzarbeit-auf-24-monate-verlaengern\/","title":{"rendered":"Heil will Kurzarbeit auf 24 Monate verl\u00e4ngern"},"content":{"rendered":"<p><img decoding=\"async\" src=\"https:\/\/now-news.de\/de\/wp-content\/uploads\/sites\/3\/2024\/12\/675c479eb480cc017469625d.jpg\" \/><\/p>\n<div class=\"Text-root Text-type_1 \">\n                Alle Anzeichen deuten darauf hin, dass sich die Wirtschaftslage in Deutschland weiter verschlechtern wird. Das belegen auch die zunehmenden Massenentlassungen. L\u00e4ngere Kurzarbeit soll jetzt hohe Arbeitslosigkeit verhindern.\n            <\/div>\n<p><\/p>\n<div class=\"Text-root Text-type_5 ArticleView-text ViewText-root \">\n<p>Arbeitsminister Hubertus Heil (SPD) will noch vor Weihnachten die maximale Dauer, in der Kurzarbeitergeld bezogen werden kann, von zw\u00f6lf auf 24 Monate verl\u00e4ngern. Diese Ma\u00dfnahme wurde bereits w\u00e4hrend der Corona-Krise ergriffen; sie endete im Juli 2023.<\/p>\n<p>Zuletzt gingen insbesondere viele Betriebe aus der Automobil-Zulieferindustrie in Kurzarbeit. Die Zahlen, die die Bundesagentur f\u00fcr Arbeit bisher ver\u00f6ffentlicht hat, enden im Oktober 2024. Da lagen 3.730 neue Anmeldungen f\u00fcr Kurzarbeit vor, und 93.150 Besch\u00e4ftigte befanden sich neu in Kurzarbeit. Allerdings betrifft dies nur die neu hinzugekommenen Kurzarbeiter \u2013 im September, dem letzten f\u00fcr die Auszahlungen vorliegenden Monat, wurde Kurzarbeitergeld an 268.000 Besch\u00e4ftigte ausgezahlt. &#8220;Insgesamt ist die Kurzarbeit in diesem Jahr deutlich h\u00f6her ausgefallen als erwartet \u2013 die Bundesagentur musste 726 Millionen Euro an Kurzarbeitergeld auszahlen. Das ist mehr als doppelt so viel, wie im Haushalt veranschlagt war&#8221;, <a rel=\"nofollow noopener\" target=\"_blank\" href=\"https:\/\/www.focus.de\/finanzen\/news\/zahl-der-arbeitslosen-sinkt-im-november-leicht_id_260522340.html\">berichtet<\/a> der <em>Focus<\/em>.<\/p>\n<p>Am st\u00e4rksten von neu angemeldeter Kurzarbeit betroffen war die Metallbranche mit 720 Anzeigen und 16.370 betroffenen Besch\u00e4ftigten; an zweiter Stelle kam der Maschinenbau mit 430 Anzeigen und 16.370 betroffenen Besch\u00e4ftigten. Mit 12.230 Betroffenen folgt die Automobil- und die dazugeh\u00f6rige Zulieferbranche; betroffen sind hier 150 Betriebe. In Bayern, Baden-W\u00fcrttemberg und Nordrhein-Westfalen sind die Auswirkungen dieser Entwicklung besonders stark zu sp\u00fcren.<\/p>\n<p>Nach dem H\u00f6chststand w\u00e4hrend der Corona-Krise, als \u00fcber acht Millionen Besch\u00e4ftigte in Kurzarbeit gingen, sind die Zahlen der monatlich neu angemeldeten Kurzarbeiter nie wieder in den davor \u00fcblichen Bereich, zwischen 20.000 und 40.000, gesunken. Wenn Hubertus Heil jetzt die Kurzarbeit verl\u00e4ngern lassen will, werden die bisher nicht ver\u00f6ffentlichten Novemberzahlen noch deutlich schlechter ausfallen. Im November hatte unter anderem Ford K\u00f6ln angek\u00fcndigt, 2.000 Mitarbeiter in Kurzarbeit zu schicken.<\/p>\n<p>&#8220;In der Bundesagentur f\u00fcr Arbeit wird nicht ausgeschlossen, dass die Arbeitslosenzahl Anfang kommenden Jahres erstmals seit zehn Jahren wieder die Marke von drei Millionen \u00fcberschreiten k\u00f6nnte&#8221;, <a rel=\"nofollow noopener\" target=\"_blank\" href=\"https:\/\/www.handelsblatt.com\/politik\/deutschland\/arbeitsmarkt-heil-will-offenbar-kurzarbeitergeld-auf-bis-zu-24-monate-ausweiten\/100094442.html\">schreibt<\/a> dazu das <em>Handelsblatt<\/em>. Hauptziel der Verl\u00e4ngerung sei es, den Anstieg der Arbeitslosigkeit einzud\u00e4mmen.<\/p>\n<p>Inzwischen wurde Kritik an diesen Pl\u00e4nen laut. So <a rel=\"nofollow noopener\" target=\"_blank\" href=\"https:\/\/www.wiwo.de\/politik\/deutschland\/arbeitsmarkt-warum-heil-mit-dem-neuen-kurzarbeitergeld-mehr-schadet-als-nutzt\/30131356.html\">verweist<\/a> die <em>Wirtschaftswoche<\/em> auf Untersuchungen des Arbeitsmarkt\u00f6konomen Simon J\u00e4ger, wonach Firmen vor allem jene Besch\u00e4ftigten in Kurzarbeit schickten, denen sie ohnehin nicht gek\u00fcndigt h\u00e4tten. Ein anderer Einwand lautet, Kurzarbeit sei zwar in konjunkturellen Schw\u00e4chephasen n\u00fctzlich, aber nicht, wenn es um eine Strukturkrise gehe, in der sich die deutsche Wirtschaft derzeit bef\u00e4nde. Der DGB begr\u00fc\u00dfte das Vorhaben: &#8220;Die Verl\u00e4ngerung des Kurzarbeitergeldes ist wichtig, um Arbeitspl\u00e4tze zu sichern. Nun muss die Bundesagentur so ausgestattet werden, dass sie eine steigende Zahl von Bezieher*innen [sic!] bew\u00e4ltigen kann.&#8221;<\/p>\n<p>Eine Verl\u00e4ngerung der Bezugsdauer erfolgt per Verordnung und kann im Kabinett ohne Zustimmung des Bundestags beschlossen werden.<\/p>\n<p><strong>Mehr zum Thema<\/strong> &#8211; <a rel=\"nofollow noopener\" target=\"_blank\" href=\"https:\/\/freedert.online\/inland\/220638-arbeitslosigkeit-steigt-nahles-im-naechsten\/\">Arbeitslosigkeit steigt \u2013 Nahles: &#8220;Im n\u00e4chsten Fr\u00fchling \u00fcber drei Millionen&#8221; <\/a><\/p>\n<div class=\"EmbedBlock-root EmbedBlock-externalVideo EmbedBlock-rumble\">\n<div class=\"VkEmbed\"><iframe class=\"lazyload\" data-src=\"https:\/\/rumble.com\/embed\/v5wa94k\" frameborder=\"0\" width=\"853\" height=\"480\" allowfullscreen><\/iframe><\/div>\n<\/div>\n<\/div>\n<p><br \/>\n<br \/><a href=\"https:\/\/de.rt.com\/inland\/229392-heil-will-kurzarbeit-auf-24\/\">Source link <\/a><\/p>\n","protected":false},"excerpt":{"rendered":"<p>Alle Anzeichen deuten darauf hin, dass sich die Wirtschaftslage in Deutschland weiter verschlechtern wird. Das belegen auch die zunehmenden Massenentlassungen. L\u00e4ngere Kurzarbeit soll jetzt hohe Arbeitslosigkeit verhindern. Arbeitsminister Hubertus Heil (SPD) will noch vor Weihnachten die maximale Dauer, in der Kurzarbeitergeld bezogen werden kann, von zw\u00f6lf auf 24 Monate verl\u00e4ngern. Diese Ma\u00dfnahme wurde bereits w\u00e4hrend [&hellip;]<\/p>\n","protected":false},"author":3,"featured_media":74456,"comment_status":"open","ping_status":"open","sticky":false,"template":"","format":"standard","meta":{"_yoast_indexnow_last_ping":["1734112468"],"wp_automatic_camp":["217"],"c066d28acddac1068b2a000f04554322":["Heil will Kurzarbeit auf 24 Monate verl\u00e4ngern"],"original_link":["https:\/\/de.rt.com\/inland\/229392-heil-will-kurzarbeit-auf-24\/"],"_thumbnail_id":["74456"],"jnews_social_counter_last_update":["1776996639"],"_wptgpro_p2tg_sent2tg":["a:1:{i:23737;s:19:\"2024-12-13 19:55:33\";}"]},"categories":[19,23],"tags":[133,188,19816,7077,20111],"yoast_head":"<!-- This site is optimized with the Yoast SEO Premium plugin v22.7 (Yoast SEO v22.7) - https:\/\/yoast.com\/wordpress\/plugins\/seo\/ -->\n<title>Heil will Kurzarbeit auf 24 Monate verl\u00e4ngern - just-now.NEWS Deutschland<\/title>\n<meta name=\"robots\" content=\"index, follow, max-snippet:-1, max-image-preview:large, max-video-preview:-1\" \/>\n<link rel=\"canonical\" href=\"https:\/\/now-news.de\/de\/deutschland\/heil-will-kurzarbeit-auf-24-monate-verlaengern\/\" \/>\n<meta property=\"og:locale\" content=\"de_DE\" \/>\n<meta property=\"og:type\" content=\"article\" \/>\n<meta property=\"og:title\" content=\"Heil will Kurzarbeit auf 24 Monate verl\u00e4ngern\" \/>\n<meta property=\"og:description\" content=\"Alle Anzeichen deuten darauf hin, dass sich die Wirtschaftslage in Deutschland weiter verschlechtern wird. Das belegen auch die zunehmenden Massenentlassungen. L\u00e4ngere Kurzarbeit soll jetzt hohe Arbeitslosigkeit verhindern. Arbeitsminister Hubertus Heil (SPD) will noch vor Weihnachten die maximale Dauer, in der Kurzarbeitergeld bezogen werden kann, von zw\u00f6lf auf 24 Monate verl\u00e4ngern. Diese Ma\u00dfnahme wurde bereits w\u00e4hrend [&hellip;]\" \/>\n<meta property=\"og:url\" content=\"https:\/\/now-news.de\/de\/deutschland\/heil-will-kurzarbeit-auf-24-monate-verlaengern\/\" \/>\n<meta property=\"og:site_name\" content=\"just-now.NEWS Deutschland\" \/>\n<meta property=\"article:publisher\" content=\"https:\/\/www.facebook.com\/wirmachenauf\" \/>\n<meta property=\"article:published_time\" content=\"2024-12-13T17:53:13+00:00\" \/>\n<meta property=\"og:image\" content=\"https:\/\/now-news.de\/de\/wp-content\/uploads\/sites\/3\/2024\/12\/675c479eb480cc017469625d.jpg\" \/>\n<meta name=\"author\" content=\"rtnews\" \/>\n<meta name=\"twitter:card\" content=\"summary_large_image\" \/>\n<meta name=\"twitter:creator\" content=\"@WirMachenAuf_de\" \/>\n<meta name=\"twitter:site\" content=\"@WirMachenAuf_de\" \/>\n<meta name=\"twitter:label1\" content=\"Verfasst von\" \/>\n\t<meta name=\"twitter:data1\" content=\"rtnews\" \/>\n\t<meta name=\"twitter:label2\" content=\"Gesch\u00e4tzte Lesezeit\" \/>\n\t<meta name=\"twitter:data2\" content=\"2\u00a0Minuten\" \/>\n<script type=\"application\/ld+json\" class=\"yoast-schema-graph\">{\"@context\":\"https:\/\/schema.org\",\"@graph\":[{\"@type\":\"Article\",\"@id\":\"https:\/\/now-news.de\/de\/deutschland\/heil-will-kurzarbeit-auf-24-monate-verlaengern\/#article\",\"isPartOf\":{\"@id\":\"https:\/\/now-news.de\/de\/deutschland\/heil-will-kurzarbeit-auf-24-monate-verlaengern\/\"},\"author\":{\"name\":\"rtnews\",\"@id\":\"https:\/\/now-news.de\/de\/#\/schema\/person\/fb534a4e865501d8b3285208df34a9b5\"},\"headline\":\"Heil will Kurzarbeit auf 24 Monate verl\u00e4ngern\",\"datePublished\":\"2024-12-13T17:53:13+00:00\",\"dateModified\":\"2024-12-13T17:53:13+00:00\",\"mainEntityOfPage\":{\"@id\":\"https:\/\/now-news.de\/de\/deutschland\/heil-will-kurzarbeit-auf-24-monate-verlaengern\/\"},\"wordCount\":489,\"commentCount\":0,\"publisher\":{\"@id\":\"https:\/\/now-news.de\/de\/#organization\"},\"image\":{\"@id\":\"https:\/\/now-news.de\/de\/deutschland\/heil-will-kurzarbeit-auf-24-monate-verlaengern\/#primaryimage\"},\"thumbnailUrl\":\"https:\/\/now-news.de\/de\/wp-content\/uploads\/sites\/3\/2024\/12\/Heil-will-Kurzarbeit-auf-24-Monate-verlaengern.jpg\",\"keywords\":[\"AUF\",\"Heil\",\"Kurzarbeit\",\"Monate\",\"verl\u00e4ngern\"],\"articleSection\":[\"Deutschland\",\"Russland\"],\"inLanguage\":\"de\",\"potentialAction\":[{\"@type\":\"CommentAction\",\"name\":\"Comment\",\"target\":[\"https:\/\/now-news.de\/de\/deutschland\/heil-will-kurzarbeit-auf-24-monate-verlaengern\/#respond\"]}]},{\"@type\":\"WebPage\",\"@id\":\"https:\/\/now-news.de\/de\/deutschland\/heil-will-kurzarbeit-auf-24-monate-verlaengern\/\",\"url\":\"https:\/\/now-news.de\/de\/deutschland\/heil-will-kurzarbeit-auf-24-monate-verlaengern\/\",\"name\":\"Heil will Kurzarbeit auf 24 Monate verl\u00e4ngern - just-now.NEWS Deutschland\",\"isPartOf\":{\"@id\":\"https:\/\/now-news.de\/de\/#website\"},\"primaryImageOfPage\":{\"@id\":\"https:\/\/now-news.de\/de\/deutschland\/heil-will-kurzarbeit-auf-24-monate-verlaengern\/#primaryimage\"},\"image\":{\"@id\":\"https:\/\/now-news.de\/de\/deutschland\/heil-will-kurzarbeit-auf-24-monate-verlaengern\/#primaryimage\"},\"thumbnailUrl\":\"https:\/\/now-news.de\/de\/wp-content\/uploads\/sites\/3\/2024\/12\/Heil-will-Kurzarbeit-auf-24-Monate-verlaengern.jpg\",\"datePublished\":\"2024-12-13T17:53:13+00:00\",\"dateModified\":\"2024-12-13T17:53:13+00:00\",\"breadcrumb\":{\"@id\":\"https:\/\/now-news.de\/de\/deutschland\/heil-will-kurzarbeit-auf-24-monate-verlaengern\/#breadcrumb\"},\"inLanguage\":\"de\",\"potentialAction\":[{\"@type\":\"ReadAction\",\"target\":[\"https:\/\/now-news.de\/de\/deutschland\/heil-will-kurzarbeit-auf-24-monate-verlaengern\/\"]}]},{\"@type\":\"ImageObject\",\"inLanguage\":\"de\",\"@id\":\"https:\/\/now-news.de\/de\/deutschland\/heil-will-kurzarbeit-auf-24-monate-verlaengern\/#primaryimage\",\"url\":\"https:\/\/now-news.de\/de\/wp-content\/uploads\/sites\/3\/2024\/12\/Heil-will-Kurzarbeit-auf-24-Monate-verlaengern.jpg\",\"contentUrl\":\"https:\/\/now-news.de\/de\/wp-content\/uploads\/sites\/3\/2024\/12\/Heil-will-Kurzarbeit-auf-24-Monate-verlaengern.jpg\",\"width\":460,\"height\":259,\"caption\":\"Heil will Kurzarbeit auf 24 Monate verl\u00e4ngern\"},{\"@type\":\"BreadcrumbList\",\"@id\":\"https:\/\/now-news.de\/de\/deutschland\/heil-will-kurzarbeit-auf-24-monate-verlaengern\/#breadcrumb\",\"itemListElement\":[{\"@type\":\"ListItem\",\"position\":1,\"name\":\"Home\",\"item\":\"https:\/\/now-news.de\/de\/\"},{\"@type\":\"ListItem\",\"position\":2,\"name\":\"Heil will Kurzarbeit auf 24 Monate verl\u00e4ngern\"}]},{\"@type\":\"WebSite\",\"@id\":\"https:\/\/now-news.de\/de\/#website\",\"url\":\"https:\/\/now-news.de\/de\/\",\"name\":\"just-now.NEWS Deutschland\",\"description\":\"Das Portal f\u00fcr unzensierte Nachrichten aus der Welt\",\"publisher\":{\"@id\":\"https:\/\/now-news.de\/de\/#organization\"},\"potentialAction\":[{\"@type\":\"SearchAction\",\"target\":{\"@type\":\"EntryPoint\",\"urlTemplate\":\"https:\/\/now-news.de\/de\/?s={search_term_string}\"},\"query-input\":\"required name=search_term_string\"}],\"inLanguage\":\"de\"},{\"@type\":\"Organization\",\"@id\":\"https:\/\/now-news.de\/de\/#organization\",\"name\":\"Just Now News\",\"url\":\"https:\/\/now-news.de\/de\/\",\"logo\":{\"@type\":\"ImageObject\",\"inLanguage\":\"de\",\"@id\":\"https:\/\/now-news.de\/de\/#\/schema\/logo\/image\/\",\"url\":\"http:\/\/just-now.news\/de\/wp-content\/uploads\/sites\/3\/2022\/04\/logo500x500.jpg\",\"contentUrl\":\"http:\/\/just-now.news\/de\/wp-content\/uploads\/sites\/3\/2022\/04\/logo500x500.jpg\",\"width\":500,\"height\":500,\"caption\":\"Just Now News\"},\"image\":{\"@id\":\"https:\/\/now-news.de\/de\/#\/schema\/logo\/image\/\"},\"sameAs\":[\"https:\/\/www.facebook.com\/wirmachenauf\",\"https:\/\/x.com\/WirMachenAuf_de\"]},{\"@type\":\"Person\",\"@id\":\"https:\/\/now-news.de\/de\/#\/schema\/person\/fb534a4e865501d8b3285208df34a9b5\",\"name\":\"rtnews\",\"image\":{\"@type\":\"ImageObject\",\"inLanguage\":\"de\",\"@id\":\"https:\/\/now-news.de\/de\/#\/schema\/person\/image\/\",\"url\":\"https:\/\/secure.gravatar.com\/avatar\/82aafea7d8127119dd649515f56e2117?s=96&d=mm&r=g\",\"contentUrl\":\"https:\/\/secure.gravatar.com\/avatar\/82aafea7d8127119dd649515f56e2117?s=96&d=mm&r=g\",\"caption\":\"rtnews\"},\"url\":\"https:\/\/now-news.de\/de\/author\/rnews\/\"}]}<\/script>\n<!-- \/ Yoast SEO Premium plugin. -->","yoast_head_json":{"title":"Heil will Kurzarbeit auf 24 Monate verl\u00e4ngern - just-now.NEWS Deutschland","robots":{"index":"index","follow":"follow","max-snippet":"max-snippet:-1","max-image-preview":"max-image-preview:large","max-video-preview":"max-video-preview:-1"},"canonical":"https:\/\/now-news.de\/de\/deutschland\/heil-will-kurzarbeit-auf-24-monate-verlaengern\/","og_locale":"de_DE","og_type":"article","og_title":"Heil will Kurzarbeit auf 24 Monate verl\u00e4ngern","og_description":"Alle Anzeichen deuten darauf hin, dass sich die Wirtschaftslage in Deutschland weiter verschlechtern wird. Das belegen auch die zunehmenden Massenentlassungen. L\u00e4ngere Kurzarbeit soll jetzt hohe Arbeitslosigkeit verhindern. Arbeitsminister Hubertus Heil (SPD) will noch vor Weihnachten die maximale Dauer, in der Kurzarbeitergeld bezogen werden kann, von zw\u00f6lf auf 24 Monate verl\u00e4ngern. Diese Ma\u00dfnahme wurde bereits w\u00e4hrend [&hellip;]","og_url":"https:\/\/now-news.de\/de\/deutschland\/heil-will-kurzarbeit-auf-24-monate-verlaengern\/","og_site_name":"just-now.NEWS Deutschland","article_publisher":"https:\/\/www.facebook.com\/wirmachenauf","article_published_time":"2024-12-13T17:53:13+00:00","og_image":[{"url":"https:\/\/now-news.de\/de\/wp-content\/uploads\/sites\/3\/2024\/12\/675c479eb480cc017469625d.jpg"}],"author":"rtnews","twitter_card":"summary_large_image","twitter_creator":"@WirMachenAuf_de","twitter_site":"@WirMachenAuf_de","twitter_misc":{"Verfasst von":"rtnews","Gesch\u00e4tzte Lesezeit":"2\u00a0Minuten"},"schema":{"@context":"https:\/\/schema.org","@graph":[{"@type":"Article","@id":"https:\/\/now-news.de\/de\/deutschland\/heil-will-kurzarbeit-auf-24-monate-verlaengern\/#article","isPartOf":{"@id":"https:\/\/now-news.de\/de\/deutschland\/heil-will-kurzarbeit-auf-24-monate-verlaengern\/"},"author":{"name":"rtnews","@id":"https:\/\/now-news.de\/de\/#\/schema\/person\/fb534a4e865501d8b3285208df34a9b5"},"headline":"Heil will Kurzarbeit auf 24 Monate verl\u00e4ngern","datePublished":"2024-12-13T17:53:13+00:00","dateModified":"2024-12-13T17:53:13+00:00","mainEntityOfPage":{"@id":"https:\/\/now-news.de\/de\/deutschland\/heil-will-kurzarbeit-auf-24-monate-verlaengern\/"},"wordCount":489,"commentCount":0,"publisher":{"@id":"https:\/\/now-news.de\/de\/#organization"},"image":{"@id":"https:\/\/now-news.de\/de\/deutschland\/heil-will-kurzarbeit-auf-24-monate-verlaengern\/#primaryimage"},"thumbnailUrl":"https:\/\/now-news.de\/de\/wp-content\/uploads\/sites\/3\/2024\/12\/Heil-will-Kurzarbeit-auf-24-Monate-verlaengern.jpg","keywords":["AUF","Heil","Kurzarbeit","Monate","verl\u00e4ngern"],"articleSection":["Deutschland","Russland"],"inLanguage":"de","potentialAction":[{"@type":"CommentAction","name":"Comment","target":["https:\/\/now-news.de\/de\/deutschland\/heil-will-kurzarbeit-auf-24-monate-verlaengern\/#respond"]}]},{"@type":"WebPage","@id":"https:\/\/now-news.de\/de\/deutschland\/heil-will-kurzarbeit-auf-24-monate-verlaengern\/","url":"https:\/\/now-news.de\/de\/deutschland\/heil-will-kurzarbeit-auf-24-monate-verlaengern\/","name":"Heil will Kurzarbeit auf 24 Monate verl\u00e4ngern - just-now.NEWS Deutschland","isPartOf":{"@id":"https:\/\/now-news.de\/de\/#website"},"primaryImageOfPage":{"@id":"https:\/\/now-news.de\/de\/deutschland\/heil-will-kurzarbeit-auf-24-monate-verlaengern\/#primaryimage"},"image":{"@id":"https:\/\/now-news.de\/de\/deutschland\/heil-will-kurzarbeit-auf-24-monate-verlaengern\/#primaryimage"},"thumbnailUrl":"https:\/\/now-news.de\/de\/wp-content\/uploads\/sites\/3\/2024\/12\/Heil-will-Kurzarbeit-auf-24-Monate-verlaengern.jpg","datePublished":"2024-12-13T17:53:13+00:00","dateModified":"2024-12-13T17:53:13+00:00","breadcrumb":{"@id":"https:\/\/now-news.de\/de\/deutschland\/heil-will-kurzarbeit-auf-24-monate-verlaengern\/#breadcrumb"},"inLanguage":"de","potentialAction":[{"@type":"ReadAction","target":["https:\/\/now-news.de\/de\/deutschland\/heil-will-kurzarbeit-auf-24-monate-verlaengern\/"]}]},{"@type":"ImageObject","inLanguage":"de","@id":"https:\/\/now-news.de\/de\/deutschland\/heil-will-kurzarbeit-auf-24-monate-verlaengern\/#primaryimage","url":"https:\/\/now-news.de\/de\/wp-content\/uploads\/sites\/3\/2024\/12\/Heil-will-Kurzarbeit-auf-24-Monate-verlaengern.jpg","contentUrl":"https:\/\/now-news.de\/de\/wp-content\/uploads\/sites\/3\/2024\/12\/Heil-will-Kurzarbeit-auf-24-Monate-verlaengern.jpg","width":460,"height":259,"caption":"Heil will Kurzarbeit auf 24 Monate verl\u00e4ngern"},{"@type":"BreadcrumbList","@id":"https:\/\/now-news.de\/de\/deutschland\/heil-will-kurzarbeit-auf-24-monate-verlaengern\/#breadcrumb","itemListElement":[{"@type":"ListItem","position":1,"name":"Home","item":"https:\/\/now-news.de\/de\/"},{"@type":"ListItem","position":2,"name":"Heil will Kurzarbeit auf 24 Monate verl\u00e4ngern"}]},{"@type":"WebSite","@id":"https:\/\/now-news.de\/de\/#website","url":"https:\/\/now-news.de\/de\/","name":"just-now.NEWS Deutschland","description":"Das Portal f\u00fcr unzensierte Nachrichten aus der Welt","publisher":{"@id":"https:\/\/now-news.de\/de\/#organization"},"potentialAction":[{"@type":"SearchAction","target":{"@type":"EntryPoint","urlTemplate":"https:\/\/now-news.de\/de\/?s={search_term_string}"},"query-input":"required name=search_term_string"}],"inLanguage":"de"},{"@type":"Organization","@id":"https:\/\/now-news.de\/de\/#organization","name":"Just Now News","url":"https:\/\/now-news.de\/de\/","logo":{"@type":"ImageObject","inLanguage":"de","@id":"https:\/\/now-news.de\/de\/#\/schema\/logo\/image\/","url":"http:\/\/just-now.news\/de\/wp-content\/uploads\/sites\/3\/2022\/04\/logo500x500.jpg","contentUrl":"http:\/\/just-now.news\/de\/wp-content\/uploads\/sites\/3\/2022\/04\/logo500x500.jpg","width":500,"height":500,"caption":"Just Now News"},"image":{"@id":"https:\/\/now-news.de\/de\/#\/schema\/logo\/image\/"},"sameAs":["https:\/\/www.facebook.com\/wirmachenauf","https:\/\/x.com\/WirMachenAuf_de"]},{"@type":"Person","@id":"https:\/\/now-news.de\/de\/#\/schema\/person\/fb534a4e865501d8b3285208df34a9b5","name":"rtnews","image":{"@type":"ImageObject","inLanguage":"de","@id":"https:\/\/now-news.de\/de\/#\/schema\/person\/image\/","url":"https:\/\/secure.gravatar.com\/avatar\/82aafea7d8127119dd649515f56e2117?s=96&d=mm&r=g","contentUrl":"https:\/\/secure.gravatar.com\/avatar\/82aafea7d8127119dd649515f56e2117?s=96&d=mm&r=g","caption":"rtnews"},"url":"https:\/\/now-news.de\/de\/author\/rnews\/"}]}},"_links":{"self":[{"href":"https:\/\/now-news.de\/de\/wp-json\/wp\/v2\/posts\/74455"}],"collection":[{"href":"https:\/\/now-news.de\/de\/wp-json\/wp\/v2\/posts"}],"about":[{"href":"https:\/\/now-news.de\/de\/wp-json\/wp\/v2\/types\/post"}],"author":[{"embeddable":true,"href":"https:\/\/now-news.de\/de\/wp-json\/wp\/v2\/users\/3"}],"replies":[{"embeddable":true,"href":"https:\/\/now-news.de\/de\/wp-json\/wp\/v2\/comments?post=74455"}],"version-history":[{"count":0,"href":"https:\/\/now-news.de\/de\/wp-json\/wp\/v2\/posts\/74455\/revisions"}],"wp:featuredmedia":[{"embeddable":true,"href":"https:\/\/now-news.de\/de\/wp-json\/wp\/v2\/media\/74456"}],"wp:attachment":[{"href":"https:\/\/now-news.de\/de\/wp-json\/wp\/v2\/media?parent=74455"}],"wp:term":[{"taxonomy":"category","embeddable":true,"href":"https:\/\/now-news.de\/de\/wp-json\/wp\/v2\/categories?post=74455"},{"taxonomy":"post_tag","embeddable":true,"href":"https:\/\/now-news.de\/de\/wp-json\/wp\/v2\/tags?post=74455"}],"curies":[{"name":"wp","href":"https:\/\/api.w.org\/{rel}","templated":true}]}}