{"id":74435,"date":"2024-12-13T15:47:16","date_gmt":"2024-12-13T13:47:16","guid":{"rendered":"https:\/\/now-news.de\/de\/deutschland\/neuer-fall-benko-die-insolvenz-von-christoph-groener-weckt-erinnerungen\/"},"modified":"2024-12-13T15:47:16","modified_gmt":"2024-12-13T13:47:16","slug":"neuer-fall-benko-die-insolvenz-von-christoph-groener-weckt-erinnerungen","status":"publish","type":"post","link":"https:\/\/now-news.de\/de\/deutschland\/neuer-fall-benko-die-insolvenz-von-christoph-groener-weckt-erinnerungen\/","title":{"rendered":"Neuer Fall Benko? Die Insolvenz von Christoph Gr\u00f6ner weckt Erinnerungen"},"content":{"rendered":"<p><img decoding=\"async\" src=\"https:\/\/now-news.de\/de\/wp-content\/uploads\/sites\/3\/2024\/12\/675c2baf48fbef45906e67d1.jpg\" \/><\/p>\n<div class=\"Text-root Text-type_1 \">\n                Als vor drei Jahren der Untergang des Benko-Imperiums begann, wirkte das zun\u00e4chst wie eine begrenzte Krise. Die verschachtelte und in ganz Deutschland vertretene Unternehmensgruppe Gr\u00f6ner d\u00fcrfte auf eine \u00e4hnliche Entwicklung zusteuern.\n            <\/div>\n<p><\/p>\n<div class=\"Text-root Text-type_5 ArticleView-text ViewText-root \">\n<p>Mit Christoph Gr\u00f6ner ist der n\u00e4chste Projektentwickler von Prestigeobjekten in die Insolvenz gegangen; zwei Tage nach den Durchsuchungen in einer ganzen Reihe von Gr\u00f6ner-Firmen sogar in die Privatinsolvenz. Die Gr\u00f6ner-Gruppe hatte Ende Oktober Insolvenz angemeldet.<\/p>\n<p>Allerdings handelt es sich bei Gr\u00f6ner um ein \u00e4hnlich kompliziertes Geflecht wie bei seinem Projektentwicklerkollegen Ren\u00e9 Benko. Da gibt es beispielsweise die Gr\u00f6ner Family Office GmbH in Berlin, dann auch noch die Groener Family Office SA, die Gr\u00f6ner Property GmbH Co. KG, die SAS le Ciel, dann die CG Urban RE GmbH, CG Capital GmbH, CG Property Dev GmbH und weitere rund einhundert Projektgesellschaften, bei denen jeweils noch weitere Beteiligte zu finden sein k\u00f6nnten.<\/p>\n<p>Darauf deutet auch der Ausl\u00f6ser f\u00fcr das Insolvenzstrafverfahren hin. Ab August 2024 gab es Ermittlungen gegen eine Reihe von Gr\u00f6ner-Firmen, die von der AOK ausgel\u00f6st wurden, bei der sechsstellige Forderungen offen waren. Nachdem diese Forderungen beglichen waren, wollte aber eine Investmentfirma namens Emerald Advisory GmbH, ein Tochterunternehmen der Emerald Mezzanine in Luxemburg, 83 Millionen Euro von der Gr\u00f6ner Group GmbH, was dazu f\u00fchrte, dass am 30. Oktober am Amtsgericht Leipzig ein Insolvenzverfahren er\u00f6ffnet wurde. F\u00fcnf Tage sp\u00e4ter stellte auch die Gr\u00f6ner Group selbst einen Insolvenzantrag.<\/p>\n<p><em>&#8220;Auch Handwerksbetriebe in Leipzig, Merseburg sowie in westdeutschen St\u00e4dten warten auf Geld von Christoph Gr\u00f6ner, das sie nach erbrachten Leistungen nicht bekommen h\u00e4tten&#8221;<\/em>, <a rel=\"nofollow noopener\" target=\"_blank\" href=\"https:\/\/www.lvz.de\/lokales\/leipzig\/in-leipzig-und-berlin-razzien-bei-groener-unternehmensgruppe-BC77SEQNRJAAJNHXV4YMV7F5PM.html\">schreibt<\/a> die <em>Leipziger Volkszeitung (LVZ).<\/em><\/p>\n<p>Eine dieser westdeutschen St\u00e4dte ist Karlsruhe, wo eine der Gr\u00f6ner-Firmen das Neubaugebiet Areal C mit 1.000 Wohnungen errichten soll. Noch Anfang November <a rel=\"nofollow noopener\" target=\"_blank\" href=\"https:\/\/bnn.de\/karlsruhe\/immobilienunternehmer-christoph-groener-ist-pleite\">betonte<\/a> Gr\u00f6ner gegen\u00fcber den <em>Badischen Neuesten Nachrichten<\/em>, der Insolvenzantrag der Gr\u00f6ner Group GmbH bringe nichts ins Rutschen. Sieben Gesellschaften aus der Gr\u00f6ner-Gruppe, die seitdem ebenfalls Insolvenz beantragt haben, besagen in diesem Zusammenhang tats\u00e4chlich nicht wirklich viel.<\/p>\n<p>Im Jahr 2019 gab es \u00fcbrigens schon einmal ein Verfahren wegen Steuerhinterziehung und Insolvenzverschleppung gegen Christoph Gr\u00f6ner. Damals <a rel=\"nofollow noopener\" target=\"_blank\" href=\"https:\/\/www.lvz.de\/lokales\/leipzig\/prozess-gegen-cg-chef-groener-gegen-hohe-geldzahlung-eingestellt-HAVIFOA3GT4NHAWRHOJREAGZKA.html\">schrieb<\/a> die <em>LVZ<\/em>:<\/p>\n<p><em>&#8220;Die Vorw\u00fcrfe lagen zum Teil bereits 13 Jahre zur\u00fcck. Laut Anklage soll der CG-Chef durch Steuerhinterziehung Dritte oder eigene Firmen beg\u00fcnstigt haben. Dem Fiskus war laut Staatsanwaltschaft durch fehlerhafte oder unvollst\u00e4ndige Angaben ein Gesamtschaden im unteren sechsstelligen Bereich entstanden.&#8221;<\/em><\/p>\n<p>Der Prozess endete mit einer Geldstrafe in sechsstelliger H\u00f6he. Die CG-Gruppe wurde danach an eine Luxemburger Gesellschaft ver\u00e4u\u00dfert. Das damals gr\u00f6\u00dfte Bauprojekt von CG in Leipzig, das Entwicklungsgebiet am Eutritzscher Freiladebahnhof, wanderte von CG zur Wiener IMFARR, die im Fr\u00fchjahr ebenfalls in Insolvenz ging, und geh\u00f6rt nun zumindest anteilig dem Hedgefonds Oaktree Capital Management. Die Bauarbeiten haben bislang jedoch nicht begonnen.<\/p>\n<p>Die komplizierten Strukturen des Gr\u00f6ner-Imperiums werden eine Abwicklung auf jeden Fall deutlich erschweren. Und vermutlich wird sich, \u00e4hnlich wie beim Benko-Imperium, herausstellen, dass sie nicht nur der Schadensbegrenzung beim m\u00f6glichen Scheitern eines einzelnen Immobilienprojektes dienen, sondern auch der &#8220;steuerlichen Optimierung&#8221; und der Verschleierung der tats\u00e4chlichen Verm\u00f6genswerte.<\/p>\n<p>Noch ein weiteres Detail erinnert an Benko: die politischen Kontakte. Bis Juni 2024, als die Dachgesellschaft des Gr\u00f6ner-Imperiums von Berlin nach Leipzig wechselte und dabei von einer AG in eine GmbH umgewandelt wurde, hatte sie neben Christoph Gr\u00f6ner einen weiteren Gesch\u00e4ftsf\u00fchrer: Ronald Pofalla, von 2003 bis 2009 CDU-Generalsekret\u00e4r, dann Minister im zweiten Kabinett Merkel, danach Vorstand bei der Deutschen Bahn. Im Aufsichtsrat der Gr\u00f6ner Group AG sa\u00df der CDU-Politiker G\u00fcnther Oettinger, der dann ebenfalls in den Beirat der Gr\u00f6ner Group GmbH wechselte.<\/p>\n<p>Im Jahr 2020 fiel die Gr\u00f6ner Group GmbH durch eine Spende in H\u00f6he von 820.000 Euro an die Berliner CDU auf; 2021 <a rel=\"nofollow noopener\" target=\"_blank\" href=\"https:\/\/lobbypedia.de\/wiki\/Christoph_Gr%C3%B6ner\">spendete<\/a> das Gr\u00f6ner Family Office 200.000 Euro an die FDP. Gegen die CDU-Spende hatte Transparency International den Vorwurf einer &#8220;Einflussspende&#8221; <a rel=\"nofollow noopener\" target=\"_blank\" href=\"https:\/\/www.sueddeutsche.de\/politik\/berliner-cdu-keine-einflussspende-1.6071155\">erhoben<\/a>.<\/p>\n<p>Wenn nun berichtet wird, Gr\u00f6ner habe Privatinsolvenz angemeldet, besagt das angesichts der Gestalt dieses Firmengeflechts nicht notwendigerweise, dass Gr\u00f6ner nun am Hungertuch nagen muss. Im Fall von Benko hatte dieser einen guten Teil seines Verm\u00f6gens rechtzeitig auf seine Mutter \u00fcbertragen. Wo das Verm\u00f6gen von Christoph Gr\u00f6ner steckt, und in welcher H\u00f6he, d\u00fcrfte einige Monate an Ermittlungsarbeiten in Anspruch nehmen. Bis dahin ist auch das Schicksal aller Immobilienprojekte, die zum Gr\u00f6ner-Imperium geh\u00f6ren, unklar. Bei Benko begann der Untergang mit Ermittlungen gegen Karstadt im Januar 2021; nach einer Privatinsolvenz im M\u00e4rz 2024 gipfelte er in einem italienischen Haftbefehl Anfang Dezember.<\/p>\n<p><strong>Mehr zum Thema<\/strong> &#8211; <a rel=\"nofollow noopener\" target=\"_blank\" href=\"https:\/\/freedert.online\/schweiz\/199791-tragoedie-credit-suisse\/\">Die Trag\u00f6die der Credit Suisse war nur ein Vorspiel <\/a><\/p>\n<div class=\"EmbedBlock-root EmbedBlock-externalVideo EmbedBlock-rumble\">\n<div class=\"VkEmbed\"><iframe class=\"lazyload\" data-src=\"https:\/\/rumble.com\/embed\/v5sf1re\" frameborder=\"0\" width=\"853\" height=\"480\" allowfullscreen><\/iframe><\/div>\n<\/div>\n<\/div>\n<p><br \/>\n<br \/><a href=\"https:\/\/de.rt.com\/inland\/229370-neuer-fall-benko-insolvenz-von\/\">Source link <\/a><\/p>\n","protected":false},"excerpt":{"rendered":"<p>Als vor drei Jahren der Untergang des Benko-Imperiums begann, wirkte das zun\u00e4chst wie eine begrenzte Krise. Die verschachtelte und in ganz Deutschland vertretene Unternehmensgruppe Gr\u00f6ner d\u00fcrfte auf eine \u00e4hnliche Entwicklung zusteuern. Mit Christoph Gr\u00f6ner ist der n\u00e4chste Projektentwickler von Prestigeobjekten in die Insolvenz gegangen; zwei Tage nach den Durchsuchungen in einer ganzen Reihe von Gr\u00f6ner-Firmen [&hellip;]<\/p>\n","protected":false},"author":3,"featured_media":74436,"comment_status":"open","ping_status":"open","sticky":false,"template":"","format":"standard","meta":{"_yoast_indexnow_last_ping":["1734099027"],"wp_automatic_camp":["217"],"7aa544a8ef1e2bba6aab67efddd7c254":["Neuer Fall Benko? Die Insolvenz von Christoph Gr\u00f6ner weckt Erinnerungen"],"original_link":["https:\/\/de.rt.com\/inland\/229370-neuer-fall-benko-insolvenz-von\/"],"_thumbnail_id":["74436"],"_wptgpro_p2tg_sent2tg":["a:1:{i:23737;s:19:\"2024-12-13 16:11:34\";}"],"jnews_social_counter_last_update":["1777567637"]},"categories":[19,23],"tags":[54212,15441,45,14677,1657,60979,8327,956,50,24434],"yoast_head":"<!-- This site is optimized with the Yoast SEO Premium plugin v22.7 (Yoast SEO v22.7) - https:\/\/yoast.com\/wordpress\/plugins\/seo\/ -->\n<title>Neuer Fall Benko? Die Insolvenz von Christoph Gr\u00f6ner weckt Erinnerungen - just-now.NEWS Deutschland<\/title>\n<meta name=\"robots\" content=\"index, follow, max-snippet:-1, max-image-preview:large, max-video-preview:-1\" \/>\n<link rel=\"canonical\" href=\"https:\/\/now-news.de\/de\/deutschland\/neuer-fall-benko-die-insolvenz-von-christoph-groener-weckt-erinnerungen\/\" \/>\n<meta property=\"og:locale\" content=\"de_DE\" \/>\n<meta property=\"og:type\" content=\"article\" \/>\n<meta property=\"og:title\" content=\"Neuer Fall Benko? Die Insolvenz von Christoph Gr\u00f6ner weckt Erinnerungen\" \/>\n<meta property=\"og:description\" content=\"Als vor drei Jahren der Untergang des Benko-Imperiums begann, wirkte das zun\u00e4chst wie eine begrenzte Krise. Die verschachtelte und in ganz Deutschland vertretene Unternehmensgruppe Gr\u00f6ner d\u00fcrfte auf eine \u00e4hnliche Entwicklung zusteuern. Mit Christoph Gr\u00f6ner ist der n\u00e4chste Projektentwickler von Prestigeobjekten in die Insolvenz gegangen; zwei Tage nach den Durchsuchungen in einer ganzen Reihe von Gr\u00f6ner-Firmen [&hellip;]\" \/>\n<meta property=\"og:url\" content=\"https:\/\/now-news.de\/de\/deutschland\/neuer-fall-benko-die-insolvenz-von-christoph-groener-weckt-erinnerungen\/\" \/>\n<meta property=\"og:site_name\" content=\"just-now.NEWS Deutschland\" \/>\n<meta property=\"article:publisher\" content=\"https:\/\/www.facebook.com\/wirmachenauf\" \/>\n<meta property=\"article:published_time\" content=\"2024-12-13T13:47:16+00:00\" \/>\n<meta property=\"og:image\" content=\"https:\/\/now-news.de\/de\/wp-content\/uploads\/sites\/3\/2024\/12\/675c2baf48fbef45906e67d1.jpg\" \/>\n<meta name=\"author\" content=\"rtnews\" \/>\n<meta name=\"twitter:card\" content=\"summary_large_image\" \/>\n<meta name=\"twitter:creator\" content=\"@WirMachenAuf_de\" \/>\n<meta name=\"twitter:site\" content=\"@WirMachenAuf_de\" \/>\n<meta name=\"twitter:label1\" content=\"Verfasst von\" \/>\n\t<meta name=\"twitter:data1\" content=\"rtnews\" \/>\n\t<meta name=\"twitter:label2\" content=\"Gesch\u00e4tzte Lesezeit\" \/>\n\t<meta name=\"twitter:data2\" content=\"4\u00a0Minuten\" \/>\n<script type=\"application\/ld+json\" class=\"yoast-schema-graph\">{\"@context\":\"https:\/\/schema.org\",\"@graph\":[{\"@type\":\"Article\",\"@id\":\"https:\/\/now-news.de\/de\/deutschland\/neuer-fall-benko-die-insolvenz-von-christoph-groener-weckt-erinnerungen\/#article\",\"isPartOf\":{\"@id\":\"https:\/\/now-news.de\/de\/deutschland\/neuer-fall-benko-die-insolvenz-von-christoph-groener-weckt-erinnerungen\/\"},\"author\":{\"name\":\"rtnews\",\"@id\":\"https:\/\/now-news.de\/de\/#\/schema\/person\/fb534a4e865501d8b3285208df34a9b5\"},\"headline\":\"Neuer Fall Benko? Die Insolvenz von Christoph Gr\u00f6ner weckt Erinnerungen\",\"datePublished\":\"2024-12-13T13:47:16+00:00\",\"dateModified\":\"2024-12-13T13:47:16+00:00\",\"mainEntityOfPage\":{\"@id\":\"https:\/\/now-news.de\/de\/deutschland\/neuer-fall-benko-die-insolvenz-von-christoph-groener-weckt-erinnerungen\/\"},\"wordCount\":781,\"commentCount\":0,\"publisher\":{\"@id\":\"https:\/\/now-news.de\/de\/#organization\"},\"image\":{\"@id\":\"https:\/\/now-news.de\/de\/deutschland\/neuer-fall-benko-die-insolvenz-von-christoph-groener-weckt-erinnerungen\/#primaryimage\"},\"thumbnailUrl\":\"https:\/\/now-news.de\/de\/wp-content\/uploads\/sites\/3\/2024\/12\/Neuer-Fall-Benko-Die-Insolvenz-von-Christoph-Groener-weckt-Erinnerungen.jpg\",\"keywords\":[\"Benko\",\"Christoph\",\"die\",\"Erinnerungen\",\"fall\",\"Gr\u00f6ner\",\"Insolvenz\",\"Neuer\",\"von\",\"weckt\"],\"articleSection\":[\"Deutschland\",\"Russland\"],\"inLanguage\":\"de\",\"potentialAction\":[{\"@type\":\"CommentAction\",\"name\":\"Comment\",\"target\":[\"https:\/\/now-news.de\/de\/deutschland\/neuer-fall-benko-die-insolvenz-von-christoph-groener-weckt-erinnerungen\/#respond\"]}]},{\"@type\":\"WebPage\",\"@id\":\"https:\/\/now-news.de\/de\/deutschland\/neuer-fall-benko-die-insolvenz-von-christoph-groener-weckt-erinnerungen\/\",\"url\":\"https:\/\/now-news.de\/de\/deutschland\/neuer-fall-benko-die-insolvenz-von-christoph-groener-weckt-erinnerungen\/\",\"name\":\"Neuer Fall Benko? Die Insolvenz von Christoph Gr\u00f6ner weckt Erinnerungen - just-now.NEWS Deutschland\",\"isPartOf\":{\"@id\":\"https:\/\/now-news.de\/de\/#website\"},\"primaryImageOfPage\":{\"@id\":\"https:\/\/now-news.de\/de\/deutschland\/neuer-fall-benko-die-insolvenz-von-christoph-groener-weckt-erinnerungen\/#primaryimage\"},\"image\":{\"@id\":\"https:\/\/now-news.de\/de\/deutschland\/neuer-fall-benko-die-insolvenz-von-christoph-groener-weckt-erinnerungen\/#primaryimage\"},\"thumbnailUrl\":\"https:\/\/now-news.de\/de\/wp-content\/uploads\/sites\/3\/2024\/12\/Neuer-Fall-Benko-Die-Insolvenz-von-Christoph-Groener-weckt-Erinnerungen.jpg\",\"datePublished\":\"2024-12-13T13:47:16+00:00\",\"dateModified\":\"2024-12-13T13:47:16+00:00\",\"breadcrumb\":{\"@id\":\"https:\/\/now-news.de\/de\/deutschland\/neuer-fall-benko-die-insolvenz-von-christoph-groener-weckt-erinnerungen\/#breadcrumb\"},\"inLanguage\":\"de\",\"potentialAction\":[{\"@type\":\"ReadAction\",\"target\":[\"https:\/\/now-news.de\/de\/deutschland\/neuer-fall-benko-die-insolvenz-von-christoph-groener-weckt-erinnerungen\/\"]}]},{\"@type\":\"ImageObject\",\"inLanguage\":\"de\",\"@id\":\"https:\/\/now-news.de\/de\/deutschland\/neuer-fall-benko-die-insolvenz-von-christoph-groener-weckt-erinnerungen\/#primaryimage\",\"url\":\"https:\/\/now-news.de\/de\/wp-content\/uploads\/sites\/3\/2024\/12\/Neuer-Fall-Benko-Die-Insolvenz-von-Christoph-Groener-weckt-Erinnerungen.jpg\",\"contentUrl\":\"https:\/\/now-news.de\/de\/wp-content\/uploads\/sites\/3\/2024\/12\/Neuer-Fall-Benko-Die-Insolvenz-von-Christoph-Groener-weckt-Erinnerungen.jpg\",\"width\":460,\"height\":259,\"caption\":\"Neuer Fall Benko? Die Insolvenz von Christoph Gr\u00f6ner weckt Erinnerungen\"},{\"@type\":\"BreadcrumbList\",\"@id\":\"https:\/\/now-news.de\/de\/deutschland\/neuer-fall-benko-die-insolvenz-von-christoph-groener-weckt-erinnerungen\/#breadcrumb\",\"itemListElement\":[{\"@type\":\"ListItem\",\"position\":1,\"name\":\"Home\",\"item\":\"https:\/\/now-news.de\/de\/\"},{\"@type\":\"ListItem\",\"position\":2,\"name\":\"Neuer Fall Benko? Die Insolvenz von Christoph Gr\u00f6ner weckt Erinnerungen\"}]},{\"@type\":\"WebSite\",\"@id\":\"https:\/\/now-news.de\/de\/#website\",\"url\":\"https:\/\/now-news.de\/de\/\",\"name\":\"just-now.NEWS Deutschland\",\"description\":\"Das Portal f\u00fcr unzensierte Nachrichten aus der Welt\",\"publisher\":{\"@id\":\"https:\/\/now-news.de\/de\/#organization\"},\"potentialAction\":[{\"@type\":\"SearchAction\",\"target\":{\"@type\":\"EntryPoint\",\"urlTemplate\":\"https:\/\/now-news.de\/de\/?s={search_term_string}\"},\"query-input\":\"required name=search_term_string\"}],\"inLanguage\":\"de\"},{\"@type\":\"Organization\",\"@id\":\"https:\/\/now-news.de\/de\/#organization\",\"name\":\"Just Now News\",\"url\":\"https:\/\/now-news.de\/de\/\",\"logo\":{\"@type\":\"ImageObject\",\"inLanguage\":\"de\",\"@id\":\"https:\/\/now-news.de\/de\/#\/schema\/logo\/image\/\",\"url\":\"http:\/\/just-now.news\/de\/wp-content\/uploads\/sites\/3\/2022\/04\/logo500x500.jpg\",\"contentUrl\":\"http:\/\/just-now.news\/de\/wp-content\/uploads\/sites\/3\/2022\/04\/logo500x500.jpg\",\"width\":500,\"height\":500,\"caption\":\"Just Now News\"},\"image\":{\"@id\":\"https:\/\/now-news.de\/de\/#\/schema\/logo\/image\/\"},\"sameAs\":[\"https:\/\/www.facebook.com\/wirmachenauf\",\"https:\/\/x.com\/WirMachenAuf_de\"]},{\"@type\":\"Person\",\"@id\":\"https:\/\/now-news.de\/de\/#\/schema\/person\/fb534a4e865501d8b3285208df34a9b5\",\"name\":\"rtnews\",\"image\":{\"@type\":\"ImageObject\",\"inLanguage\":\"de\",\"@id\":\"https:\/\/now-news.de\/de\/#\/schema\/person\/image\/\",\"url\":\"https:\/\/secure.gravatar.com\/avatar\/82aafea7d8127119dd649515f56e2117?s=96&d=mm&r=g\",\"contentUrl\":\"https:\/\/secure.gravatar.com\/avatar\/82aafea7d8127119dd649515f56e2117?s=96&d=mm&r=g\",\"caption\":\"rtnews\"},\"url\":\"https:\/\/now-news.de\/de\/author\/rnews\/\"}]}<\/script>\n<!-- \/ Yoast SEO Premium plugin. -->","yoast_head_json":{"title":"Neuer Fall Benko? Die Insolvenz von Christoph Gr\u00f6ner weckt Erinnerungen - just-now.NEWS Deutschland","robots":{"index":"index","follow":"follow","max-snippet":"max-snippet:-1","max-image-preview":"max-image-preview:large","max-video-preview":"max-video-preview:-1"},"canonical":"https:\/\/now-news.de\/de\/deutschland\/neuer-fall-benko-die-insolvenz-von-christoph-groener-weckt-erinnerungen\/","og_locale":"de_DE","og_type":"article","og_title":"Neuer Fall Benko? Die Insolvenz von Christoph Gr\u00f6ner weckt Erinnerungen","og_description":"Als vor drei Jahren der Untergang des Benko-Imperiums begann, wirkte das zun\u00e4chst wie eine begrenzte Krise. Die verschachtelte und in ganz Deutschland vertretene Unternehmensgruppe Gr\u00f6ner d\u00fcrfte auf eine \u00e4hnliche Entwicklung zusteuern. Mit Christoph Gr\u00f6ner ist der n\u00e4chste Projektentwickler von Prestigeobjekten in die Insolvenz gegangen; zwei Tage nach den Durchsuchungen in einer ganzen Reihe von Gr\u00f6ner-Firmen [&hellip;]","og_url":"https:\/\/now-news.de\/de\/deutschland\/neuer-fall-benko-die-insolvenz-von-christoph-groener-weckt-erinnerungen\/","og_site_name":"just-now.NEWS Deutschland","article_publisher":"https:\/\/www.facebook.com\/wirmachenauf","article_published_time":"2024-12-13T13:47:16+00:00","og_image":[{"url":"https:\/\/now-news.de\/de\/wp-content\/uploads\/sites\/3\/2024\/12\/675c2baf48fbef45906e67d1.jpg"}],"author":"rtnews","twitter_card":"summary_large_image","twitter_creator":"@WirMachenAuf_de","twitter_site":"@WirMachenAuf_de","twitter_misc":{"Verfasst von":"rtnews","Gesch\u00e4tzte Lesezeit":"4\u00a0Minuten"},"schema":{"@context":"https:\/\/schema.org","@graph":[{"@type":"Article","@id":"https:\/\/now-news.de\/de\/deutschland\/neuer-fall-benko-die-insolvenz-von-christoph-groener-weckt-erinnerungen\/#article","isPartOf":{"@id":"https:\/\/now-news.de\/de\/deutschland\/neuer-fall-benko-die-insolvenz-von-christoph-groener-weckt-erinnerungen\/"},"author":{"name":"rtnews","@id":"https:\/\/now-news.de\/de\/#\/schema\/person\/fb534a4e865501d8b3285208df34a9b5"},"headline":"Neuer Fall Benko? Die Insolvenz von Christoph Gr\u00f6ner weckt Erinnerungen","datePublished":"2024-12-13T13:47:16+00:00","dateModified":"2024-12-13T13:47:16+00:00","mainEntityOfPage":{"@id":"https:\/\/now-news.de\/de\/deutschland\/neuer-fall-benko-die-insolvenz-von-christoph-groener-weckt-erinnerungen\/"},"wordCount":781,"commentCount":0,"publisher":{"@id":"https:\/\/now-news.de\/de\/#organization"},"image":{"@id":"https:\/\/now-news.de\/de\/deutschland\/neuer-fall-benko-die-insolvenz-von-christoph-groener-weckt-erinnerungen\/#primaryimage"},"thumbnailUrl":"https:\/\/now-news.de\/de\/wp-content\/uploads\/sites\/3\/2024\/12\/Neuer-Fall-Benko-Die-Insolvenz-von-Christoph-Groener-weckt-Erinnerungen.jpg","keywords":["Benko","Christoph","die","Erinnerungen","fall","Gr\u00f6ner","Insolvenz","Neuer","von","weckt"],"articleSection":["Deutschland","Russland"],"inLanguage":"de","potentialAction":[{"@type":"CommentAction","name":"Comment","target":["https:\/\/now-news.de\/de\/deutschland\/neuer-fall-benko-die-insolvenz-von-christoph-groener-weckt-erinnerungen\/#respond"]}]},{"@type":"WebPage","@id":"https:\/\/now-news.de\/de\/deutschland\/neuer-fall-benko-die-insolvenz-von-christoph-groener-weckt-erinnerungen\/","url":"https:\/\/now-news.de\/de\/deutschland\/neuer-fall-benko-die-insolvenz-von-christoph-groener-weckt-erinnerungen\/","name":"Neuer Fall Benko? Die Insolvenz von Christoph Gr\u00f6ner weckt Erinnerungen - just-now.NEWS Deutschland","isPartOf":{"@id":"https:\/\/now-news.de\/de\/#website"},"primaryImageOfPage":{"@id":"https:\/\/now-news.de\/de\/deutschland\/neuer-fall-benko-die-insolvenz-von-christoph-groener-weckt-erinnerungen\/#primaryimage"},"image":{"@id":"https:\/\/now-news.de\/de\/deutschland\/neuer-fall-benko-die-insolvenz-von-christoph-groener-weckt-erinnerungen\/#primaryimage"},"thumbnailUrl":"https:\/\/now-news.de\/de\/wp-content\/uploads\/sites\/3\/2024\/12\/Neuer-Fall-Benko-Die-Insolvenz-von-Christoph-Groener-weckt-Erinnerungen.jpg","datePublished":"2024-12-13T13:47:16+00:00","dateModified":"2024-12-13T13:47:16+00:00","breadcrumb":{"@id":"https:\/\/now-news.de\/de\/deutschland\/neuer-fall-benko-die-insolvenz-von-christoph-groener-weckt-erinnerungen\/#breadcrumb"},"inLanguage":"de","potentialAction":[{"@type":"ReadAction","target":["https:\/\/now-news.de\/de\/deutschland\/neuer-fall-benko-die-insolvenz-von-christoph-groener-weckt-erinnerungen\/"]}]},{"@type":"ImageObject","inLanguage":"de","@id":"https:\/\/now-news.de\/de\/deutschland\/neuer-fall-benko-die-insolvenz-von-christoph-groener-weckt-erinnerungen\/#primaryimage","url":"https:\/\/now-news.de\/de\/wp-content\/uploads\/sites\/3\/2024\/12\/Neuer-Fall-Benko-Die-Insolvenz-von-Christoph-Groener-weckt-Erinnerungen.jpg","contentUrl":"https:\/\/now-news.de\/de\/wp-content\/uploads\/sites\/3\/2024\/12\/Neuer-Fall-Benko-Die-Insolvenz-von-Christoph-Groener-weckt-Erinnerungen.jpg","width":460,"height":259,"caption":"Neuer Fall Benko? Die Insolvenz von Christoph Gr\u00f6ner weckt Erinnerungen"},{"@type":"BreadcrumbList","@id":"https:\/\/now-news.de\/de\/deutschland\/neuer-fall-benko-die-insolvenz-von-christoph-groener-weckt-erinnerungen\/#breadcrumb","itemListElement":[{"@type":"ListItem","position":1,"name":"Home","item":"https:\/\/now-news.de\/de\/"},{"@type":"ListItem","position":2,"name":"Neuer Fall Benko? Die Insolvenz von Christoph Gr\u00f6ner weckt Erinnerungen"}]},{"@type":"WebSite","@id":"https:\/\/now-news.de\/de\/#website","url":"https:\/\/now-news.de\/de\/","name":"just-now.NEWS Deutschland","description":"Das Portal f\u00fcr unzensierte Nachrichten aus der Welt","publisher":{"@id":"https:\/\/now-news.de\/de\/#organization"},"potentialAction":[{"@type":"SearchAction","target":{"@type":"EntryPoint","urlTemplate":"https:\/\/now-news.de\/de\/?s={search_term_string}"},"query-input":"required name=search_term_string"}],"inLanguage":"de"},{"@type":"Organization","@id":"https:\/\/now-news.de\/de\/#organization","name":"Just Now News","url":"https:\/\/now-news.de\/de\/","logo":{"@type":"ImageObject","inLanguage":"de","@id":"https:\/\/now-news.de\/de\/#\/schema\/logo\/image\/","url":"http:\/\/just-now.news\/de\/wp-content\/uploads\/sites\/3\/2022\/04\/logo500x500.jpg","contentUrl":"http:\/\/just-now.news\/de\/wp-content\/uploads\/sites\/3\/2022\/04\/logo500x500.jpg","width":500,"height":500,"caption":"Just Now News"},"image":{"@id":"https:\/\/now-news.de\/de\/#\/schema\/logo\/image\/"},"sameAs":["https:\/\/www.facebook.com\/wirmachenauf","https:\/\/x.com\/WirMachenAuf_de"]},{"@type":"Person","@id":"https:\/\/now-news.de\/de\/#\/schema\/person\/fb534a4e865501d8b3285208df34a9b5","name":"rtnews","image":{"@type":"ImageObject","inLanguage":"de","@id":"https:\/\/now-news.de\/de\/#\/schema\/person\/image\/","url":"https:\/\/secure.gravatar.com\/avatar\/82aafea7d8127119dd649515f56e2117?s=96&d=mm&r=g","contentUrl":"https:\/\/secure.gravatar.com\/avatar\/82aafea7d8127119dd649515f56e2117?s=96&d=mm&r=g","caption":"rtnews"},"url":"https:\/\/now-news.de\/de\/author\/rnews\/"}]}},"_links":{"self":[{"href":"https:\/\/now-news.de\/de\/wp-json\/wp\/v2\/posts\/74435"}],"collection":[{"href":"https:\/\/now-news.de\/de\/wp-json\/wp\/v2\/posts"}],"about":[{"href":"https:\/\/now-news.de\/de\/wp-json\/wp\/v2\/types\/post"}],"author":[{"embeddable":true,"href":"https:\/\/now-news.de\/de\/wp-json\/wp\/v2\/users\/3"}],"replies":[{"embeddable":true,"href":"https:\/\/now-news.de\/de\/wp-json\/wp\/v2\/comments?post=74435"}],"version-history":[{"count":0,"href":"https:\/\/now-news.de\/de\/wp-json\/wp\/v2\/posts\/74435\/revisions"}],"wp:featuredmedia":[{"embeddable":true,"href":"https:\/\/now-news.de\/de\/wp-json\/wp\/v2\/media\/74436"}],"wp:attachment":[{"href":"https:\/\/now-news.de\/de\/wp-json\/wp\/v2\/media?parent=74435"}],"wp:term":[{"taxonomy":"category","embeddable":true,"href":"https:\/\/now-news.de\/de\/wp-json\/wp\/v2\/categories?post=74435"},{"taxonomy":"post_tag","embeddable":true,"href":"https:\/\/now-news.de\/de\/wp-json\/wp\/v2\/tags?post=74435"}],"curies":[{"name":"wp","href":"https:\/\/api.w.org\/{rel}","templated":true}]}}