{"id":74395,"date":"2024-12-12T22:43:30","date_gmt":"2024-12-12T20:43:30","guid":{"rendered":"https:\/\/now-news.de\/de\/deutschland\/time-magazin-erklaert-donald-trump-zu-person-des-jahres\/"},"modified":"2024-12-12T22:43:30","modified_gmt":"2024-12-12T20:43:30","slug":"time-magazin-erklaert-donald-trump-zu-person-des-jahres","status":"publish","type":"post","link":"https:\/\/now-news.de\/de\/deutschland\/time-magazin-erklaert-donald-trump-zu-person-des-jahres\/","title":{"rendered":"Time-Magazin erkl\u00e4rt Donald Trump zu Person des Jahres"},"content":{"rendered":"<p><img decoding=\"async\" src=\"https:\/\/now-news.de\/de\/wp-content\/uploads\/sites\/3\/2024\/12\/675b0932b480cc58356ae857.jpg\" \/><\/p>\n<div class=\"Text-root Text-type_1 \">\n                Die politische Wiedergeburt ohne Bespiele in der US-Geschichte \u2013 so begr\u00fcndet die Zeitschrift &#8220;Time&#8221; ihre Entscheidung, den designierten Pr\u00e4sidenten Donald Trump zur &#8220;Person des Jahres&#8221; zu k\u00fcren. Der Republikaner kommt wieder an die Macht trotz Strafanzeigen und zwei Attentaten.\n            <\/div>\n<p><\/p>\n<div class=\"Text-root Text-type_5 ArticleView-text ViewText-root \">\n<p>Die US-Zeitschrift <em>Time<\/em>\u00a0<a rel=\"nofollow noopener\" target=\"_blank\" href=\"https:\/\/time.com\/7200212\/person-of-the-year-2024-donald-trump\/\">zeichnet<\/a> Donald Trump als &#8220;Person des Jahres 2024&#8221; aus. Die politische Wiedergeburt von Trump kennt keine Beispiele in der US-Geschichte, ist im entsprechenden Artikel der Publikation zu lesen. Seine erste Amtszeit endete mit Schande und dem Sturm des Kapitols. Trotz Strafanzeigen und Missfallen in den Reihen der Republikanischen Partei errang der Gesch\u00e4ftsmann doch einen Sieg bei den Vorwahlen und letztlich bei den Pr\u00e4sidentenwahlen im November 2024. W\u00e4hrend seiner Wahlkampagne \u00fcberlebte der Republikaner zwei Attentatsversuche.<\/p>\n<p>Dar\u00fcber hinaus ist Trump der erste Ex-Pr\u00e4sident, der eines Verbrechens \u00fcberf\u00fchrt wurde, was der Unterst\u00fctzung f\u00fcr ihn in keiner Weise schadete. In vier Monaten besiegte er zwei demokratische Kandidaten, eroberte alle sieben &#8220;Swing States&#8221; und brachte der Republikanischen Partei erstmals seit den vergangenen 20 Jahren den Sieg bei den Pr\u00e4sidentenwahlen.<\/p>\n<p>In diesem Jahr nominierte\u00a0<em>Time<\/em>\u00a0zehn Menschen f\u00fcr den Titel. Diese waren au\u00dfer Trump:<\/p>\n<ul>\n<li>US-Vizepr\u00e4sidentin Kamala Harris<\/li>\n<li>Gesch\u00e4ftsmann Elon Musk<\/li>\n<li>Prinzessin von Wales Catherine Middleton<\/li>\n<li>Witwe von Alexei Nawalny, Julia Nawalnaja<\/li>\n<li>Israels Ministerpr\u00e4sident Benjamin Netanjahu<\/li>\n<li>US-Notenbankchef Jerome Powell<\/li>\n<li>US-Komiker und Podcast-Moderator Joe Rogan<\/li>\n<li>die erste Pr\u00e4sidentin in der Geschichte Mexikos, Claudia Sheinbaum, und<\/li>\n<li>Chef des Internetkonzerns Meta, Mark Zuckerberg.<\/li>\n<\/ul>\n<p>Trump war bereits im Jahr 2016 vom <em>Time<\/em>-Magazin zur Person des Jahres erkl\u00e4rt worden. Im vergangenen Jahr wurde die US-S\u00e4ngerin Taylor Swift gek\u00fcrt. Im Jahr 2022 hatte das US-Medium den ukrainischen Pr\u00e4sidenten Wladimir Selenskij und den &#8220;Geist der Ukraine&#8221; gew\u00e4hlt.<\/p>\n<p><strong>Mehr zum Thema\u00a0<\/strong>\u2013\u00a0<a rel=\"nofollow noopener\" target=\"_blank\" href=\"https:\/\/freedert.online\/europa\/156453-financial-times-kuert-wladimir-selenskij\/\">Financial Times k\u00fcrt Wladimir Selenskij zur &#8220;Person des Jahres&#8221;<\/a><\/p>\n<div class=\"EmbedBlock-root EmbedBlock-externalVideo EmbedBlock-rumble\">\n<div class=\"VkEmbed\"><iframe class=\"lazyload\" data-src=\"https:\/\/rumble.com\/embed\/v5kyf88\" frameborder=\"0\" width=\"853\" height=\"480\" allowfullscreen><\/iframe><\/div>\n<\/div>\n<\/div>\n<p><br \/>\n<br \/><a href=\"https:\/\/de.rt.com\/international\/229296-time-erklaert-donald-trump-zu\/\">Source link <\/a><\/p>\n","protected":false},"excerpt":{"rendered":"<p>Die politische Wiedergeburt ohne Bespiele in der US-Geschichte \u2013 so begr\u00fcndet die Zeitschrift &#8220;Time&#8221; ihre Entscheidung, den designierten Pr\u00e4sidenten Donald Trump zur &#8220;Person des Jahres&#8221; zu k\u00fcren. Der Republikaner kommt wieder an die Macht trotz Strafanzeigen und zwei Attentaten. Die US-Zeitschrift Time\u00a0zeichnet Donald Trump als &#8220;Person des Jahres 2024&#8221; aus. Die politische Wiedergeburt von Trump [&hellip;]<\/p>\n","protected":false},"author":3,"featured_media":74396,"comment_status":"open","ping_status":"open","sticky":false,"template":"","format":"standard","meta":{"_yoast_indexnow_last_ping":["1734037088"],"wp_automatic_camp":["217"],"c1bbf2712cb1c51b3f4b046a2d8145a5":["Time-Magazin erkl\u00e4rt Donald Trump zu Person des Jahres"],"original_link":["https:\/\/de.rt.com\/international\/229296-time-erklaert-donald-trump-zu\/"],"_thumbnail_id":["74396"],"_wptgpro_p2tg_sent2tg":["a:1:{i:23737;s:19:\"2024-12-12 22:59:10\";}"],"jnews_social_counter_last_update":["1777369181"]},"categories":[19,23],"tags":[583,3129,1030,22878,15045,60966,1639],"yoast_head":"<!-- This site is optimized with the Yoast SEO Premium plugin v22.7 (Yoast SEO v22.7) - https:\/\/yoast.com\/wordpress\/plugins\/seo\/ -->\n<title>Time-Magazin erkl\u00e4rt Donald Trump zu Person des Jahres - just-now.NEWS Deutschland<\/title>\n<meta name=\"robots\" content=\"index, follow, max-snippet:-1, max-image-preview:large, max-video-preview:-1\" \/>\n<link rel=\"canonical\" href=\"https:\/\/now-news.de\/de\/deutschland\/time-magazin-erklaert-donald-trump-zu-person-des-jahres\/\" \/>\n<meta property=\"og:locale\" content=\"de_DE\" \/>\n<meta property=\"og:type\" content=\"article\" \/>\n<meta property=\"og:title\" content=\"Time-Magazin erkl\u00e4rt Donald Trump zu Person des Jahres\" \/>\n<meta property=\"og:description\" content=\"Die politische Wiedergeburt ohne Bespiele in der US-Geschichte \u2013 so begr\u00fcndet die Zeitschrift &#8220;Time&#8221; ihre Entscheidung, den designierten Pr\u00e4sidenten Donald Trump zur &#8220;Person des Jahres&#8221; zu k\u00fcren. Der Republikaner kommt wieder an die Macht trotz Strafanzeigen und zwei Attentaten. Die US-Zeitschrift Time\u00a0zeichnet Donald Trump als &#8220;Person des Jahres 2024&#8221; aus. Die politische Wiedergeburt von Trump [&hellip;]\" \/>\n<meta property=\"og:url\" content=\"https:\/\/now-news.de\/de\/deutschland\/time-magazin-erklaert-donald-trump-zu-person-des-jahres\/\" \/>\n<meta property=\"og:site_name\" content=\"just-now.NEWS Deutschland\" \/>\n<meta property=\"article:publisher\" content=\"https:\/\/www.facebook.com\/wirmachenauf\" \/>\n<meta property=\"article:published_time\" content=\"2024-12-12T20:43:30+00:00\" \/>\n<meta property=\"og:image\" content=\"https:\/\/now-news.de\/de\/wp-content\/uploads\/sites\/3\/2024\/12\/675b0932b480cc58356ae857.jpg\" \/>\n<meta name=\"author\" content=\"rtnews\" \/>\n<meta name=\"twitter:card\" content=\"summary_large_image\" \/>\n<meta name=\"twitter:creator\" content=\"@WirMachenAuf_de\" \/>\n<meta name=\"twitter:site\" content=\"@WirMachenAuf_de\" \/>\n<meta name=\"twitter:label1\" content=\"Verfasst von\" \/>\n\t<meta name=\"twitter:data1\" content=\"rtnews\" \/>\n\t<meta name=\"twitter:label2\" content=\"Gesch\u00e4tzte Lesezeit\" \/>\n\t<meta name=\"twitter:data2\" content=\"1\u00a0Minute\" \/>\n<script type=\"application\/ld+json\" class=\"yoast-schema-graph\">{\"@context\":\"https:\/\/schema.org\",\"@graph\":[{\"@type\":\"Article\",\"@id\":\"https:\/\/now-news.de\/de\/deutschland\/time-magazin-erklaert-donald-trump-zu-person-des-jahres\/#article\",\"isPartOf\":{\"@id\":\"https:\/\/now-news.de\/de\/deutschland\/time-magazin-erklaert-donald-trump-zu-person-des-jahres\/\"},\"author\":{\"name\":\"rtnews\",\"@id\":\"https:\/\/now-news.de\/de\/#\/schema\/person\/fb534a4e865501d8b3285208df34a9b5\"},\"headline\":\"Time-Magazin erkl\u00e4rt Donald Trump zu Person des Jahres\",\"datePublished\":\"2024-12-12T20:43:30+00:00\",\"dateModified\":\"2024-12-12T20:43:30+00:00\",\"mainEntityOfPage\":{\"@id\":\"https:\/\/now-news.de\/de\/deutschland\/time-magazin-erklaert-donald-trump-zu-person-des-jahres\/\"},\"wordCount\":307,\"commentCount\":0,\"publisher\":{\"@id\":\"https:\/\/now-news.de\/de\/#organization\"},\"image\":{\"@id\":\"https:\/\/now-news.de\/de\/deutschland\/time-magazin-erklaert-donald-trump-zu-person-des-jahres\/#primaryimage\"},\"thumbnailUrl\":\"https:\/\/now-news.de\/de\/wp-content\/uploads\/sites\/3\/2024\/12\/Time-Magazin-erklaert-Donald-Trump-zu-Person-des-Jahres.jpg\",\"keywords\":[\"des\",\"Donald\",\"erkl\u00e4rt\",\"Jahres\",\"Person\",\"TimeMagazin\",\"trump\"],\"articleSection\":[\"Deutschland\",\"Russland\"],\"inLanguage\":\"de\",\"potentialAction\":[{\"@type\":\"CommentAction\",\"name\":\"Comment\",\"target\":[\"https:\/\/now-news.de\/de\/deutschland\/time-magazin-erklaert-donald-trump-zu-person-des-jahres\/#respond\"]}]},{\"@type\":\"WebPage\",\"@id\":\"https:\/\/now-news.de\/de\/deutschland\/time-magazin-erklaert-donald-trump-zu-person-des-jahres\/\",\"url\":\"https:\/\/now-news.de\/de\/deutschland\/time-magazin-erklaert-donald-trump-zu-person-des-jahres\/\",\"name\":\"Time-Magazin erkl\u00e4rt Donald Trump zu Person des Jahres - just-now.NEWS Deutschland\",\"isPartOf\":{\"@id\":\"https:\/\/now-news.de\/de\/#website\"},\"primaryImageOfPage\":{\"@id\":\"https:\/\/now-news.de\/de\/deutschland\/time-magazin-erklaert-donald-trump-zu-person-des-jahres\/#primaryimage\"},\"image\":{\"@id\":\"https:\/\/now-news.de\/de\/deutschland\/time-magazin-erklaert-donald-trump-zu-person-des-jahres\/#primaryimage\"},\"thumbnailUrl\":\"https:\/\/now-news.de\/de\/wp-content\/uploads\/sites\/3\/2024\/12\/Time-Magazin-erklaert-Donald-Trump-zu-Person-des-Jahres.jpg\",\"datePublished\":\"2024-12-12T20:43:30+00:00\",\"dateModified\":\"2024-12-12T20:43:30+00:00\",\"breadcrumb\":{\"@id\":\"https:\/\/now-news.de\/de\/deutschland\/time-magazin-erklaert-donald-trump-zu-person-des-jahres\/#breadcrumb\"},\"inLanguage\":\"de\",\"potentialAction\":[{\"@type\":\"ReadAction\",\"target\":[\"https:\/\/now-news.de\/de\/deutschland\/time-magazin-erklaert-donald-trump-zu-person-des-jahres\/\"]}]},{\"@type\":\"ImageObject\",\"inLanguage\":\"de\",\"@id\":\"https:\/\/now-news.de\/de\/deutschland\/time-magazin-erklaert-donald-trump-zu-person-des-jahres\/#primaryimage\",\"url\":\"https:\/\/now-news.de\/de\/wp-content\/uploads\/sites\/3\/2024\/12\/Time-Magazin-erklaert-Donald-Trump-zu-Person-des-Jahres.jpg\",\"contentUrl\":\"https:\/\/now-news.de\/de\/wp-content\/uploads\/sites\/3\/2024\/12\/Time-Magazin-erklaert-Donald-Trump-zu-Person-des-Jahres.jpg\",\"width\":460,\"height\":259,\"caption\":\"Time-Magazin erkl\u00e4rt Donald Trump zu Person des Jahres\"},{\"@type\":\"BreadcrumbList\",\"@id\":\"https:\/\/now-news.de\/de\/deutschland\/time-magazin-erklaert-donald-trump-zu-person-des-jahres\/#breadcrumb\",\"itemListElement\":[{\"@type\":\"ListItem\",\"position\":1,\"name\":\"Home\",\"item\":\"https:\/\/now-news.de\/de\/\"},{\"@type\":\"ListItem\",\"position\":2,\"name\":\"Time-Magazin erkl\u00e4rt Donald Trump zu Person des Jahres\"}]},{\"@type\":\"WebSite\",\"@id\":\"https:\/\/now-news.de\/de\/#website\",\"url\":\"https:\/\/now-news.de\/de\/\",\"name\":\"just-now.NEWS Deutschland\",\"description\":\"Das Portal f\u00fcr unzensierte Nachrichten aus der Welt\",\"publisher\":{\"@id\":\"https:\/\/now-news.de\/de\/#organization\"},\"potentialAction\":[{\"@type\":\"SearchAction\",\"target\":{\"@type\":\"EntryPoint\",\"urlTemplate\":\"https:\/\/now-news.de\/de\/?s={search_term_string}\"},\"query-input\":\"required name=search_term_string\"}],\"inLanguage\":\"de\"},{\"@type\":\"Organization\",\"@id\":\"https:\/\/now-news.de\/de\/#organization\",\"name\":\"Just Now News\",\"url\":\"https:\/\/now-news.de\/de\/\",\"logo\":{\"@type\":\"ImageObject\",\"inLanguage\":\"de\",\"@id\":\"https:\/\/now-news.de\/de\/#\/schema\/logo\/image\/\",\"url\":\"http:\/\/just-now.news\/de\/wp-content\/uploads\/sites\/3\/2022\/04\/logo500x500.jpg\",\"contentUrl\":\"http:\/\/just-now.news\/de\/wp-content\/uploads\/sites\/3\/2022\/04\/logo500x500.jpg\",\"width\":500,\"height\":500,\"caption\":\"Just Now News\"},\"image\":{\"@id\":\"https:\/\/now-news.de\/de\/#\/schema\/logo\/image\/\"},\"sameAs\":[\"https:\/\/www.facebook.com\/wirmachenauf\",\"https:\/\/x.com\/WirMachenAuf_de\"]},{\"@type\":\"Person\",\"@id\":\"https:\/\/now-news.de\/de\/#\/schema\/person\/fb534a4e865501d8b3285208df34a9b5\",\"name\":\"rtnews\",\"image\":{\"@type\":\"ImageObject\",\"inLanguage\":\"de\",\"@id\":\"https:\/\/now-news.de\/de\/#\/schema\/person\/image\/\",\"url\":\"https:\/\/secure.gravatar.com\/avatar\/82aafea7d8127119dd649515f56e2117?s=96&d=mm&r=g\",\"contentUrl\":\"https:\/\/secure.gravatar.com\/avatar\/82aafea7d8127119dd649515f56e2117?s=96&d=mm&r=g\",\"caption\":\"rtnews\"},\"url\":\"https:\/\/now-news.de\/de\/author\/rnews\/\"}]}<\/script>\n<!-- \/ Yoast SEO Premium plugin. -->","yoast_head_json":{"title":"Time-Magazin erkl\u00e4rt Donald Trump zu Person des Jahres - just-now.NEWS Deutschland","robots":{"index":"index","follow":"follow","max-snippet":"max-snippet:-1","max-image-preview":"max-image-preview:large","max-video-preview":"max-video-preview:-1"},"canonical":"https:\/\/now-news.de\/de\/deutschland\/time-magazin-erklaert-donald-trump-zu-person-des-jahres\/","og_locale":"de_DE","og_type":"article","og_title":"Time-Magazin erkl\u00e4rt Donald Trump zu Person des Jahres","og_description":"Die politische Wiedergeburt ohne Bespiele in der US-Geschichte \u2013 so begr\u00fcndet die Zeitschrift &#8220;Time&#8221; ihre Entscheidung, den designierten Pr\u00e4sidenten Donald Trump zur &#8220;Person des Jahres&#8221; zu k\u00fcren. Der Republikaner kommt wieder an die Macht trotz Strafanzeigen und zwei Attentaten. Die US-Zeitschrift Time\u00a0zeichnet Donald Trump als &#8220;Person des Jahres 2024&#8221; aus. Die politische Wiedergeburt von Trump [&hellip;]","og_url":"https:\/\/now-news.de\/de\/deutschland\/time-magazin-erklaert-donald-trump-zu-person-des-jahres\/","og_site_name":"just-now.NEWS Deutschland","article_publisher":"https:\/\/www.facebook.com\/wirmachenauf","article_published_time":"2024-12-12T20:43:30+00:00","og_image":[{"url":"https:\/\/now-news.de\/de\/wp-content\/uploads\/sites\/3\/2024\/12\/675b0932b480cc58356ae857.jpg"}],"author":"rtnews","twitter_card":"summary_large_image","twitter_creator":"@WirMachenAuf_de","twitter_site":"@WirMachenAuf_de","twitter_misc":{"Verfasst von":"rtnews","Gesch\u00e4tzte Lesezeit":"1\u00a0Minute"},"schema":{"@context":"https:\/\/schema.org","@graph":[{"@type":"Article","@id":"https:\/\/now-news.de\/de\/deutschland\/time-magazin-erklaert-donald-trump-zu-person-des-jahres\/#article","isPartOf":{"@id":"https:\/\/now-news.de\/de\/deutschland\/time-magazin-erklaert-donald-trump-zu-person-des-jahres\/"},"author":{"name":"rtnews","@id":"https:\/\/now-news.de\/de\/#\/schema\/person\/fb534a4e865501d8b3285208df34a9b5"},"headline":"Time-Magazin erkl\u00e4rt Donald Trump zu Person des Jahres","datePublished":"2024-12-12T20:43:30+00:00","dateModified":"2024-12-12T20:43:30+00:00","mainEntityOfPage":{"@id":"https:\/\/now-news.de\/de\/deutschland\/time-magazin-erklaert-donald-trump-zu-person-des-jahres\/"},"wordCount":307,"commentCount":0,"publisher":{"@id":"https:\/\/now-news.de\/de\/#organization"},"image":{"@id":"https:\/\/now-news.de\/de\/deutschland\/time-magazin-erklaert-donald-trump-zu-person-des-jahres\/#primaryimage"},"thumbnailUrl":"https:\/\/now-news.de\/de\/wp-content\/uploads\/sites\/3\/2024\/12\/Time-Magazin-erklaert-Donald-Trump-zu-Person-des-Jahres.jpg","keywords":["des","Donald","erkl\u00e4rt","Jahres","Person","TimeMagazin","trump"],"articleSection":["Deutschland","Russland"],"inLanguage":"de","potentialAction":[{"@type":"CommentAction","name":"Comment","target":["https:\/\/now-news.de\/de\/deutschland\/time-magazin-erklaert-donald-trump-zu-person-des-jahres\/#respond"]}]},{"@type":"WebPage","@id":"https:\/\/now-news.de\/de\/deutschland\/time-magazin-erklaert-donald-trump-zu-person-des-jahres\/","url":"https:\/\/now-news.de\/de\/deutschland\/time-magazin-erklaert-donald-trump-zu-person-des-jahres\/","name":"Time-Magazin erkl\u00e4rt Donald Trump zu Person des Jahres - just-now.NEWS Deutschland","isPartOf":{"@id":"https:\/\/now-news.de\/de\/#website"},"primaryImageOfPage":{"@id":"https:\/\/now-news.de\/de\/deutschland\/time-magazin-erklaert-donald-trump-zu-person-des-jahres\/#primaryimage"},"image":{"@id":"https:\/\/now-news.de\/de\/deutschland\/time-magazin-erklaert-donald-trump-zu-person-des-jahres\/#primaryimage"},"thumbnailUrl":"https:\/\/now-news.de\/de\/wp-content\/uploads\/sites\/3\/2024\/12\/Time-Magazin-erklaert-Donald-Trump-zu-Person-des-Jahres.jpg","datePublished":"2024-12-12T20:43:30+00:00","dateModified":"2024-12-12T20:43:30+00:00","breadcrumb":{"@id":"https:\/\/now-news.de\/de\/deutschland\/time-magazin-erklaert-donald-trump-zu-person-des-jahres\/#breadcrumb"},"inLanguage":"de","potentialAction":[{"@type":"ReadAction","target":["https:\/\/now-news.de\/de\/deutschland\/time-magazin-erklaert-donald-trump-zu-person-des-jahres\/"]}]},{"@type":"ImageObject","inLanguage":"de","@id":"https:\/\/now-news.de\/de\/deutschland\/time-magazin-erklaert-donald-trump-zu-person-des-jahres\/#primaryimage","url":"https:\/\/now-news.de\/de\/wp-content\/uploads\/sites\/3\/2024\/12\/Time-Magazin-erklaert-Donald-Trump-zu-Person-des-Jahres.jpg","contentUrl":"https:\/\/now-news.de\/de\/wp-content\/uploads\/sites\/3\/2024\/12\/Time-Magazin-erklaert-Donald-Trump-zu-Person-des-Jahres.jpg","width":460,"height":259,"caption":"Time-Magazin erkl\u00e4rt Donald Trump zu Person des Jahres"},{"@type":"BreadcrumbList","@id":"https:\/\/now-news.de\/de\/deutschland\/time-magazin-erklaert-donald-trump-zu-person-des-jahres\/#breadcrumb","itemListElement":[{"@type":"ListItem","position":1,"name":"Home","item":"https:\/\/now-news.de\/de\/"},{"@type":"ListItem","position":2,"name":"Time-Magazin erkl\u00e4rt Donald Trump zu Person des Jahres"}]},{"@type":"WebSite","@id":"https:\/\/now-news.de\/de\/#website","url":"https:\/\/now-news.de\/de\/","name":"just-now.NEWS Deutschland","description":"Das Portal f\u00fcr unzensierte Nachrichten aus der Welt","publisher":{"@id":"https:\/\/now-news.de\/de\/#organization"},"potentialAction":[{"@type":"SearchAction","target":{"@type":"EntryPoint","urlTemplate":"https:\/\/now-news.de\/de\/?s={search_term_string}"},"query-input":"required name=search_term_string"}],"inLanguage":"de"},{"@type":"Organization","@id":"https:\/\/now-news.de\/de\/#organization","name":"Just Now News","url":"https:\/\/now-news.de\/de\/","logo":{"@type":"ImageObject","inLanguage":"de","@id":"https:\/\/now-news.de\/de\/#\/schema\/logo\/image\/","url":"http:\/\/just-now.news\/de\/wp-content\/uploads\/sites\/3\/2022\/04\/logo500x500.jpg","contentUrl":"http:\/\/just-now.news\/de\/wp-content\/uploads\/sites\/3\/2022\/04\/logo500x500.jpg","width":500,"height":500,"caption":"Just Now News"},"image":{"@id":"https:\/\/now-news.de\/de\/#\/schema\/logo\/image\/"},"sameAs":["https:\/\/www.facebook.com\/wirmachenauf","https:\/\/x.com\/WirMachenAuf_de"]},{"@type":"Person","@id":"https:\/\/now-news.de\/de\/#\/schema\/person\/fb534a4e865501d8b3285208df34a9b5","name":"rtnews","image":{"@type":"ImageObject","inLanguage":"de","@id":"https:\/\/now-news.de\/de\/#\/schema\/person\/image\/","url":"https:\/\/secure.gravatar.com\/avatar\/82aafea7d8127119dd649515f56e2117?s=96&d=mm&r=g","contentUrl":"https:\/\/secure.gravatar.com\/avatar\/82aafea7d8127119dd649515f56e2117?s=96&d=mm&r=g","caption":"rtnews"},"url":"https:\/\/now-news.de\/de\/author\/rnews\/"}]}},"_links":{"self":[{"href":"https:\/\/now-news.de\/de\/wp-json\/wp\/v2\/posts\/74395"}],"collection":[{"href":"https:\/\/now-news.de\/de\/wp-json\/wp\/v2\/posts"}],"about":[{"href":"https:\/\/now-news.de\/de\/wp-json\/wp\/v2\/types\/post"}],"author":[{"embeddable":true,"href":"https:\/\/now-news.de\/de\/wp-json\/wp\/v2\/users\/3"}],"replies":[{"embeddable":true,"href":"https:\/\/now-news.de\/de\/wp-json\/wp\/v2\/comments?post=74395"}],"version-history":[{"count":0,"href":"https:\/\/now-news.de\/de\/wp-json\/wp\/v2\/posts\/74395\/revisions"}],"wp:featuredmedia":[{"embeddable":true,"href":"https:\/\/now-news.de\/de\/wp-json\/wp\/v2\/media\/74396"}],"wp:attachment":[{"href":"https:\/\/now-news.de\/de\/wp-json\/wp\/v2\/media?parent=74395"}],"wp:term":[{"taxonomy":"category","embeddable":true,"href":"https:\/\/now-news.de\/de\/wp-json\/wp\/v2\/categories?post=74395"},{"taxonomy":"post_tag","embeddable":true,"href":"https:\/\/now-news.de\/de\/wp-json\/wp\/v2\/tags?post=74395"}],"curies":[{"name":"wp","href":"https:\/\/api.w.org\/{rel}","templated":true}]}}