{"id":74373,"date":"2024-12-12T18:29:05","date_gmt":"2024-12-12T16:29:05","guid":{"rendered":"https:\/\/now-news.de\/de\/deutschland\/nach-umsturz-in-damaskus-erdogan-zielt-auf-zerschlagung-der-kurdischen-selbstverwaltung-in-syrien\/"},"modified":"2024-12-12T18:29:05","modified_gmt":"2024-12-12T16:29:05","slug":"nach-umsturz-in-damaskus-erdogan-zielt-auf-zerschlagung-der-kurdischen-selbstverwaltung-in-syrien","status":"publish","type":"post","link":"https:\/\/now-news.de\/de\/deutschland\/nach-umsturz-in-damaskus-erdogan-zielt-auf-zerschlagung-der-kurdischen-selbstverwaltung-in-syrien\/","title":{"rendered":"Nach Umsturz in Damaskus: Erdogan zielt auf Zerschlagung der kurdischen Selbstverwaltung in Syrien"},"content":{"rendered":"<p><img decoding=\"async\" src=\"https:\/\/now-news.de\/de\/wp-content\/uploads\/sites\/3\/2024\/12\/675ac615b480cc741335a559.jpg\" \/><\/p>\n<div class=\"Text-root Text-type_1 \">\n                Wichtiger als alles andere ist f\u00fcr Erdogan nach dem Assad-Ende die Chance, die kurdische Selbstverwaltung (SDF) im Nordostsyrien zu zerschlagen, die die T\u00fcrkei als verl\u00e4ngerten Arm der Arbeiterpartei Kurdistans (PKK) betrachtet.\n            <\/div>\n<p><\/p>\n<div class=\"Text-root Text-type_5 ArticleView-text ViewText-root \">\n<p>Nach dem Zusammenbruch des syrischen Staates\u00a0w\u00fcrde der t\u00fcrkische Pr\u00e4sident Recep Tayyip Erdogan den designierten US-Pr\u00e4sidenten Donald Trump auffordern, die US-Truppen aus dem Nordosten Syriens abzuziehen, um die Sicherheit in der Region an die T\u00fcrkei und ihre Stellvertreter zu \u00fcbergeben, so die Wochenzeitung\u00a0<em>The Economist<\/em>. &#8220;Wie viele Syrer feiern auch die Kurden das Ende der Assad-Regierung. Doch ihr Traum von Autonomie beginnt zu schwinden, und zwar schnell&#8221;, analysierte die britische Wochenzeitung.\u00a0Die Stellungen der kurdischen Selbstverwaltung (SDF) wurden bereits von der prot\u00fcrkischen Syrischen Nationalarmee (SNA) angegriffen. Am 1. Dezember nahm auch die SNA Tall Rifaat ein, eine Stadt nahe der t\u00fcrkischen Grenze, die zuvor unter kurdischer Kontrolle stand. Eine Woche sp\u00e4ter nahmen ihre K\u00e4mpfer Manbij, eine weitere <a rel=\"nofollow noopener\" target=\"_blank\" href=\"https:\/\/de.wikipedia.org\/wiki\/Demokratische_Kr%C3%A4fte_Syriens\">SDF<\/a>-Hochburg (kurdische Verwaltung in Syrien), ein.<\/p>\n<p>Nun sind sie offenbar auf dem Vormarsch in Richtung Kobane, das die Kurden im Jahr 2015 vor einem Angriff des IS gerettet hatten. Erdogan hatte zuvor vor einer neuen t\u00fcrkischen Offensive gegen die Kurden gewarnt, mit der er nach eigenen Angaben die &#8220;sichere Zone&#8221; zu den t\u00fcrkischen Grenzen ausweiten\u00a0will.<\/p>\n<p>Die Offensive der Dschihadisten der Hai\u02beat Tahrir asch-Scham (HTS) und der K\u00e4mpfer der SNA gegen die\u00a0syrische Armee im Norden Aleppos wurde mit Zustimmung der T\u00fcrkei durchgef\u00fchrt. Die Zukunft Syriens ist ungewiss. Weiteres Chaos oder sogar ein neuer Krieg k\u00f6nnten bevorstehen. Aber im Moment\u00a0sei die Hand von Erdogan in Syrien st\u00e4rker denn je, hie\u00df es in <em>The Economist<\/em>.\u00a0<\/p>\n<p>Wichtiger als alles andere ist f\u00fcr Erdogan aber die Chance, die SDF zu zerschlagen, die die T\u00fcrkei als verl\u00e4ngerten Arm des Erzfeindes Arbeiterpartei Kurdistans (PKK) betrachtet. Die T\u00fcrkei betrachtet beide als terroristische Gruppen.\u00a0 Am 11. Dezember\u00a0erkl\u00e4rte die HTS-Gruppe, die wichtige \u00f6stliche Stadt Deir ez-Zor von der kurdischen Selbstverwaltung erobert zu haben, die sie zwei Tage zuvor von der syrischen Armee eingenommen hatten.<\/p>\n<p>F\u00fcr die sunnitischen Araber, die in vielen der von den Kurden kontrollierten Gebiete die Mehrheit bilden,\u00a0sei die Herrschaft der SDF viel angenehmer als die des Islamischen Staates oder des Assad-Staats gewesen. Die Gleichung \u00e4nderte sich jedoch mit dem Beginn der sunnitischen Herrschaft in Damaskus, kommentiert\u00a0<em>The Economist.<\/em><\/p>\n<p>Eine Sache, auf die die kurdischen Aufst\u00e4ndischen immer noch z\u00e4hlen k\u00f6nnen, ist der amerikanische Schutz in Form von etwa 900 Soldaten, die an ihrer Seite stationiert sind. Erdogan hofft, dies zu \u00e4ndern, indem er Trump davon \u00fcberzeugt, die US-Soldaten abzuziehen, sobald er ins Wei\u00dfe Haus einzieht. Solche Hoffnungen sind nicht unbegr\u00fcndet. Im Jahr 2019 zog Trump teils die amerikanischen Streitkr\u00e4fte von der syrischen Grenze zur\u00fcck und rollte den Teppich f\u00fcr die t\u00fcrkischen Truppen aus.\u00a0<\/p>\n<p>Offenbar beabsichtigt der t\u00fcrkische Regierungschef\u00a0jedoch nicht, eine Einigung mit der PKK auszuhandeln, sondern sie durch eine Kombination aus Gewaltanwendung in Syrien und politischem Druck im Inland in die Knie zu zwingen.\u00a0<\/p>\n<p><strong>Mehr zum Thema<\/strong>\u00a0\u2013\u00a0<a rel=\"nofollow noopener\" target=\"_blank\" href=\"https:\/\/freedert.online\/der-nahe-osten\/229139-washington-feiert-al-qaida-sieg\/\">Washington feiert Al-Qaida-Sieg in Syrien<\/a><\/p>\n<div class=\"EmbedBlock-root EmbedBlock-externalVideo EmbedBlock-rumble\">\n<div class=\"VkEmbed\"><iframe class=\"lazyload\" data-src=\"https:\/\/rumble.com\/embed\/v5wafjt\" frameborder=\"0\" width=\"853\" height=\"480\" allowfullscreen><\/iframe><\/div>\n<\/div>\n<\/div>\n<p><br \/>\n<br \/><a href=\"https:\/\/de.rt.com\/der-nahe-osten\/229244-nach-assad-ende-erdogan-will\/\">Source link <\/a><\/p>\n","protected":false},"excerpt":{"rendered":"<p>Wichtiger als alles andere ist f\u00fcr Erdogan nach dem Assad-Ende die Chance, die kurdische Selbstverwaltung (SDF) im Nordostsyrien zu zerschlagen, die die T\u00fcrkei als verl\u00e4ngerten Arm der Arbeiterpartei Kurdistans (PKK) betrachtet. Nach dem Zusammenbruch des syrischen Staates\u00a0w\u00fcrde der t\u00fcrkische Pr\u00e4sident Recep Tayyip Erdogan den designierten US-Pr\u00e4sidenten Donald Trump auffordern, die US-Truppen aus dem Nordosten Syriens [&hellip;]<\/p>\n","protected":false},"author":3,"featured_media":74374,"comment_status":"open","ping_status":"open","sticky":false,"template":"","format":"standard","meta":{"_yoast_indexnow_last_ping":["1734026524"],"wp_automatic_camp":["217"],"4d7e7c4575c1e337752e45ee81372e4e":["Nach Umsturz in Damaskus: Erdogan zielt auf Zerschlagung der kurdischen Selbstverwaltung in Syrien"],"original_link":["https:\/\/de.rt.com\/der-nahe-osten\/229244-nach-assad-ende-erdogan-will\/"],"_thumbnail_id":["74374"],"_wptgpro_p2tg_sent2tg":["a:1:{i:23737;s:19:\"2024-12-12 20:03:08\";}"],"jnews_social_counter_last_update":["1777268190"]},"categories":[19,23],"tags":[133,11436,82,13697,27318,979,57358,783,25585,38924,26136],"yoast_head":"<!-- This site is optimized with the Yoast SEO Premium plugin v22.7 (Yoast SEO v22.7) - https:\/\/yoast.com\/wordpress\/plugins\/seo\/ -->\n<title>Nach Umsturz in Damaskus: Erdogan zielt auf Zerschlagung der kurdischen Selbstverwaltung in Syrien - just-now.NEWS Deutschland<\/title>\n<meta name=\"robots\" content=\"index, follow, max-snippet:-1, max-image-preview:large, max-video-preview:-1\" \/>\n<link rel=\"canonical\" href=\"https:\/\/now-news.de\/de\/deutschland\/nach-umsturz-in-damaskus-erdogan-zielt-auf-zerschlagung-der-kurdischen-selbstverwaltung-in-syrien\/\" \/>\n<meta property=\"og:locale\" content=\"de_DE\" \/>\n<meta property=\"og:type\" content=\"article\" \/>\n<meta property=\"og:title\" content=\"Nach Umsturz in Damaskus: Erdogan zielt auf Zerschlagung der kurdischen Selbstverwaltung in Syrien\" \/>\n<meta property=\"og:description\" content=\"Wichtiger als alles andere ist f\u00fcr Erdogan nach dem Assad-Ende die Chance, die kurdische Selbstverwaltung (SDF) im Nordostsyrien zu zerschlagen, die die T\u00fcrkei als verl\u00e4ngerten Arm der Arbeiterpartei Kurdistans (PKK) betrachtet. Nach dem Zusammenbruch des syrischen Staates\u00a0w\u00fcrde der t\u00fcrkische Pr\u00e4sident Recep Tayyip Erdogan den designierten US-Pr\u00e4sidenten Donald Trump auffordern, die US-Truppen aus dem Nordosten Syriens [&hellip;]\" \/>\n<meta property=\"og:url\" content=\"https:\/\/now-news.de\/de\/deutschland\/nach-umsturz-in-damaskus-erdogan-zielt-auf-zerschlagung-der-kurdischen-selbstverwaltung-in-syrien\/\" \/>\n<meta property=\"og:site_name\" content=\"just-now.NEWS Deutschland\" \/>\n<meta property=\"article:publisher\" content=\"https:\/\/www.facebook.com\/wirmachenauf\" \/>\n<meta property=\"article:published_time\" content=\"2024-12-12T16:29:05+00:00\" \/>\n<meta property=\"og:image\" content=\"https:\/\/now-news.de\/de\/wp-content\/uploads\/sites\/3\/2024\/12\/675ac615b480cc741335a559.jpg\" \/>\n<meta name=\"author\" content=\"rtnews\" \/>\n<meta name=\"twitter:card\" content=\"summary_large_image\" \/>\n<meta name=\"twitter:creator\" content=\"@WirMachenAuf_de\" \/>\n<meta name=\"twitter:site\" content=\"@WirMachenAuf_de\" \/>\n<meta name=\"twitter:label1\" content=\"Verfasst von\" \/>\n\t<meta name=\"twitter:data1\" content=\"rtnews\" \/>\n\t<meta name=\"twitter:label2\" content=\"Gesch\u00e4tzte Lesezeit\" \/>\n\t<meta name=\"twitter:data2\" content=\"3\u00a0Minuten\" \/>\n<script type=\"application\/ld+json\" class=\"yoast-schema-graph\">{\"@context\":\"https:\/\/schema.org\",\"@graph\":[{\"@type\":\"Article\",\"@id\":\"https:\/\/now-news.de\/de\/deutschland\/nach-umsturz-in-damaskus-erdogan-zielt-auf-zerschlagung-der-kurdischen-selbstverwaltung-in-syrien\/#article\",\"isPartOf\":{\"@id\":\"https:\/\/now-news.de\/de\/deutschland\/nach-umsturz-in-damaskus-erdogan-zielt-auf-zerschlagung-der-kurdischen-selbstverwaltung-in-syrien\/\"},\"author\":{\"name\":\"rtnews\",\"@id\":\"https:\/\/now-news.de\/de\/#\/schema\/person\/fb534a4e865501d8b3285208df34a9b5\"},\"headline\":\"Nach Umsturz in Damaskus: Erdogan zielt auf Zerschlagung der kurdischen Selbstverwaltung in Syrien\",\"datePublished\":\"2024-12-12T16:29:05+00:00\",\"dateModified\":\"2024-12-12T16:29:05+00:00\",\"mainEntityOfPage\":{\"@id\":\"https:\/\/now-news.de\/de\/deutschland\/nach-umsturz-in-damaskus-erdogan-zielt-auf-zerschlagung-der-kurdischen-selbstverwaltung-in-syrien\/\"},\"wordCount\":535,\"commentCount\":0,\"publisher\":{\"@id\":\"https:\/\/now-news.de\/de\/#organization\"},\"image\":{\"@id\":\"https:\/\/now-news.de\/de\/deutschland\/nach-umsturz-in-damaskus-erdogan-zielt-auf-zerschlagung-der-kurdischen-selbstverwaltung-in-syrien\/#primaryimage\"},\"thumbnailUrl\":\"https:\/\/now-news.de\/de\/wp-content\/uploads\/sites\/3\/2024\/12\/Nach-Umsturz-in-Damaskus-Erdogan-zielt-auf-Zerschlagung-der-kurdischen.jpg\",\"keywords\":[\"AUF\",\"Damaskus\",\"der\",\"Erdo\u011fan\",\"kurdischen\",\"nach\",\"Selbstverwaltung\",\"Syrien\",\"Umsturz\",\"Zerschlagung\",\"zielt\"],\"articleSection\":[\"Deutschland\",\"Russland\"],\"inLanguage\":\"de\",\"potentialAction\":[{\"@type\":\"CommentAction\",\"name\":\"Comment\",\"target\":[\"https:\/\/now-news.de\/de\/deutschland\/nach-umsturz-in-damaskus-erdogan-zielt-auf-zerschlagung-der-kurdischen-selbstverwaltung-in-syrien\/#respond\"]}]},{\"@type\":\"WebPage\",\"@id\":\"https:\/\/now-news.de\/de\/deutschland\/nach-umsturz-in-damaskus-erdogan-zielt-auf-zerschlagung-der-kurdischen-selbstverwaltung-in-syrien\/\",\"url\":\"https:\/\/now-news.de\/de\/deutschland\/nach-umsturz-in-damaskus-erdogan-zielt-auf-zerschlagung-der-kurdischen-selbstverwaltung-in-syrien\/\",\"name\":\"Nach Umsturz in Damaskus: Erdogan zielt auf Zerschlagung der kurdischen Selbstverwaltung in Syrien - just-now.NEWS Deutschland\",\"isPartOf\":{\"@id\":\"https:\/\/now-news.de\/de\/#website\"},\"primaryImageOfPage\":{\"@id\":\"https:\/\/now-news.de\/de\/deutschland\/nach-umsturz-in-damaskus-erdogan-zielt-auf-zerschlagung-der-kurdischen-selbstverwaltung-in-syrien\/#primaryimage\"},\"image\":{\"@id\":\"https:\/\/now-news.de\/de\/deutschland\/nach-umsturz-in-damaskus-erdogan-zielt-auf-zerschlagung-der-kurdischen-selbstverwaltung-in-syrien\/#primaryimage\"},\"thumbnailUrl\":\"https:\/\/now-news.de\/de\/wp-content\/uploads\/sites\/3\/2024\/12\/Nach-Umsturz-in-Damaskus-Erdogan-zielt-auf-Zerschlagung-der-kurdischen.jpg\",\"datePublished\":\"2024-12-12T16:29:05+00:00\",\"dateModified\":\"2024-12-12T16:29:05+00:00\",\"breadcrumb\":{\"@id\":\"https:\/\/now-news.de\/de\/deutschland\/nach-umsturz-in-damaskus-erdogan-zielt-auf-zerschlagung-der-kurdischen-selbstverwaltung-in-syrien\/#breadcrumb\"},\"inLanguage\":\"de\",\"potentialAction\":[{\"@type\":\"ReadAction\",\"target\":[\"https:\/\/now-news.de\/de\/deutschland\/nach-umsturz-in-damaskus-erdogan-zielt-auf-zerschlagung-der-kurdischen-selbstverwaltung-in-syrien\/\"]}]},{\"@type\":\"ImageObject\",\"inLanguage\":\"de\",\"@id\":\"https:\/\/now-news.de\/de\/deutschland\/nach-umsturz-in-damaskus-erdogan-zielt-auf-zerschlagung-der-kurdischen-selbstverwaltung-in-syrien\/#primaryimage\",\"url\":\"https:\/\/now-news.de\/de\/wp-content\/uploads\/sites\/3\/2024\/12\/Nach-Umsturz-in-Damaskus-Erdogan-zielt-auf-Zerschlagung-der-kurdischen.jpg\",\"contentUrl\":\"https:\/\/now-news.de\/de\/wp-content\/uploads\/sites\/3\/2024\/12\/Nach-Umsturz-in-Damaskus-Erdogan-zielt-auf-Zerschlagung-der-kurdischen.jpg\",\"width\":460,\"height\":259,\"caption\":\"Nach Umsturz in Damaskus: Erdogan zielt auf Zerschlagung der kurdischen Selbstverwaltung in Syrien\"},{\"@type\":\"BreadcrumbList\",\"@id\":\"https:\/\/now-news.de\/de\/deutschland\/nach-umsturz-in-damaskus-erdogan-zielt-auf-zerschlagung-der-kurdischen-selbstverwaltung-in-syrien\/#breadcrumb\",\"itemListElement\":[{\"@type\":\"ListItem\",\"position\":1,\"name\":\"Home\",\"item\":\"https:\/\/now-news.de\/de\/\"},{\"@type\":\"ListItem\",\"position\":2,\"name\":\"Nach Umsturz in Damaskus: Erdogan zielt auf Zerschlagung der kurdischen Selbstverwaltung in Syrien\"}]},{\"@type\":\"WebSite\",\"@id\":\"https:\/\/now-news.de\/de\/#website\",\"url\":\"https:\/\/now-news.de\/de\/\",\"name\":\"just-now.NEWS Deutschland\",\"description\":\"Das Portal f\u00fcr unzensierte Nachrichten aus der Welt\",\"publisher\":{\"@id\":\"https:\/\/now-news.de\/de\/#organization\"},\"potentialAction\":[{\"@type\":\"SearchAction\",\"target\":{\"@type\":\"EntryPoint\",\"urlTemplate\":\"https:\/\/now-news.de\/de\/?s={search_term_string}\"},\"query-input\":\"required name=search_term_string\"}],\"inLanguage\":\"de\"},{\"@type\":\"Organization\",\"@id\":\"https:\/\/now-news.de\/de\/#organization\",\"name\":\"Just Now News\",\"url\":\"https:\/\/now-news.de\/de\/\",\"logo\":{\"@type\":\"ImageObject\",\"inLanguage\":\"de\",\"@id\":\"https:\/\/now-news.de\/de\/#\/schema\/logo\/image\/\",\"url\":\"http:\/\/just-now.news\/de\/wp-content\/uploads\/sites\/3\/2022\/04\/logo500x500.jpg\",\"contentUrl\":\"http:\/\/just-now.news\/de\/wp-content\/uploads\/sites\/3\/2022\/04\/logo500x500.jpg\",\"width\":500,\"height\":500,\"caption\":\"Just Now News\"},\"image\":{\"@id\":\"https:\/\/now-news.de\/de\/#\/schema\/logo\/image\/\"},\"sameAs\":[\"https:\/\/www.facebook.com\/wirmachenauf\",\"https:\/\/x.com\/WirMachenAuf_de\"]},{\"@type\":\"Person\",\"@id\":\"https:\/\/now-news.de\/de\/#\/schema\/person\/fb534a4e865501d8b3285208df34a9b5\",\"name\":\"rtnews\",\"image\":{\"@type\":\"ImageObject\",\"inLanguage\":\"de\",\"@id\":\"https:\/\/now-news.de\/de\/#\/schema\/person\/image\/\",\"url\":\"https:\/\/secure.gravatar.com\/avatar\/82aafea7d8127119dd649515f56e2117?s=96&d=mm&r=g\",\"contentUrl\":\"https:\/\/secure.gravatar.com\/avatar\/82aafea7d8127119dd649515f56e2117?s=96&d=mm&r=g\",\"caption\":\"rtnews\"},\"url\":\"https:\/\/now-news.de\/de\/author\/rnews\/\"}]}<\/script>\n<!-- \/ Yoast SEO Premium plugin. -->","yoast_head_json":{"title":"Nach Umsturz in Damaskus: Erdogan zielt auf Zerschlagung der kurdischen Selbstverwaltung in Syrien - just-now.NEWS Deutschland","robots":{"index":"index","follow":"follow","max-snippet":"max-snippet:-1","max-image-preview":"max-image-preview:large","max-video-preview":"max-video-preview:-1"},"canonical":"https:\/\/now-news.de\/de\/deutschland\/nach-umsturz-in-damaskus-erdogan-zielt-auf-zerschlagung-der-kurdischen-selbstverwaltung-in-syrien\/","og_locale":"de_DE","og_type":"article","og_title":"Nach Umsturz in Damaskus: Erdogan zielt auf Zerschlagung der kurdischen Selbstverwaltung in Syrien","og_description":"Wichtiger als alles andere ist f\u00fcr Erdogan nach dem Assad-Ende die Chance, die kurdische Selbstverwaltung (SDF) im Nordostsyrien zu zerschlagen, die die T\u00fcrkei als verl\u00e4ngerten Arm der Arbeiterpartei Kurdistans (PKK) betrachtet. Nach dem Zusammenbruch des syrischen Staates\u00a0w\u00fcrde der t\u00fcrkische Pr\u00e4sident Recep Tayyip Erdogan den designierten US-Pr\u00e4sidenten Donald Trump auffordern, die US-Truppen aus dem Nordosten Syriens [&hellip;]","og_url":"https:\/\/now-news.de\/de\/deutschland\/nach-umsturz-in-damaskus-erdogan-zielt-auf-zerschlagung-der-kurdischen-selbstverwaltung-in-syrien\/","og_site_name":"just-now.NEWS Deutschland","article_publisher":"https:\/\/www.facebook.com\/wirmachenauf","article_published_time":"2024-12-12T16:29:05+00:00","og_image":[{"url":"https:\/\/now-news.de\/de\/wp-content\/uploads\/sites\/3\/2024\/12\/675ac615b480cc741335a559.jpg"}],"author":"rtnews","twitter_card":"summary_large_image","twitter_creator":"@WirMachenAuf_de","twitter_site":"@WirMachenAuf_de","twitter_misc":{"Verfasst von":"rtnews","Gesch\u00e4tzte Lesezeit":"3\u00a0Minuten"},"schema":{"@context":"https:\/\/schema.org","@graph":[{"@type":"Article","@id":"https:\/\/now-news.de\/de\/deutschland\/nach-umsturz-in-damaskus-erdogan-zielt-auf-zerschlagung-der-kurdischen-selbstverwaltung-in-syrien\/#article","isPartOf":{"@id":"https:\/\/now-news.de\/de\/deutschland\/nach-umsturz-in-damaskus-erdogan-zielt-auf-zerschlagung-der-kurdischen-selbstverwaltung-in-syrien\/"},"author":{"name":"rtnews","@id":"https:\/\/now-news.de\/de\/#\/schema\/person\/fb534a4e865501d8b3285208df34a9b5"},"headline":"Nach Umsturz in Damaskus: Erdogan zielt auf Zerschlagung der kurdischen Selbstverwaltung in Syrien","datePublished":"2024-12-12T16:29:05+00:00","dateModified":"2024-12-12T16:29:05+00:00","mainEntityOfPage":{"@id":"https:\/\/now-news.de\/de\/deutschland\/nach-umsturz-in-damaskus-erdogan-zielt-auf-zerschlagung-der-kurdischen-selbstverwaltung-in-syrien\/"},"wordCount":535,"commentCount":0,"publisher":{"@id":"https:\/\/now-news.de\/de\/#organization"},"image":{"@id":"https:\/\/now-news.de\/de\/deutschland\/nach-umsturz-in-damaskus-erdogan-zielt-auf-zerschlagung-der-kurdischen-selbstverwaltung-in-syrien\/#primaryimage"},"thumbnailUrl":"https:\/\/now-news.de\/de\/wp-content\/uploads\/sites\/3\/2024\/12\/Nach-Umsturz-in-Damaskus-Erdogan-zielt-auf-Zerschlagung-der-kurdischen.jpg","keywords":["AUF","Damaskus","der","Erdo\u011fan","kurdischen","nach","Selbstverwaltung","Syrien","Umsturz","Zerschlagung","zielt"],"articleSection":["Deutschland","Russland"],"inLanguage":"de","potentialAction":[{"@type":"CommentAction","name":"Comment","target":["https:\/\/now-news.de\/de\/deutschland\/nach-umsturz-in-damaskus-erdogan-zielt-auf-zerschlagung-der-kurdischen-selbstverwaltung-in-syrien\/#respond"]}]},{"@type":"WebPage","@id":"https:\/\/now-news.de\/de\/deutschland\/nach-umsturz-in-damaskus-erdogan-zielt-auf-zerschlagung-der-kurdischen-selbstverwaltung-in-syrien\/","url":"https:\/\/now-news.de\/de\/deutschland\/nach-umsturz-in-damaskus-erdogan-zielt-auf-zerschlagung-der-kurdischen-selbstverwaltung-in-syrien\/","name":"Nach Umsturz in Damaskus: Erdogan zielt auf Zerschlagung der kurdischen Selbstverwaltung in Syrien - just-now.NEWS Deutschland","isPartOf":{"@id":"https:\/\/now-news.de\/de\/#website"},"primaryImageOfPage":{"@id":"https:\/\/now-news.de\/de\/deutschland\/nach-umsturz-in-damaskus-erdogan-zielt-auf-zerschlagung-der-kurdischen-selbstverwaltung-in-syrien\/#primaryimage"},"image":{"@id":"https:\/\/now-news.de\/de\/deutschland\/nach-umsturz-in-damaskus-erdogan-zielt-auf-zerschlagung-der-kurdischen-selbstverwaltung-in-syrien\/#primaryimage"},"thumbnailUrl":"https:\/\/now-news.de\/de\/wp-content\/uploads\/sites\/3\/2024\/12\/Nach-Umsturz-in-Damaskus-Erdogan-zielt-auf-Zerschlagung-der-kurdischen.jpg","datePublished":"2024-12-12T16:29:05+00:00","dateModified":"2024-12-12T16:29:05+00:00","breadcrumb":{"@id":"https:\/\/now-news.de\/de\/deutschland\/nach-umsturz-in-damaskus-erdogan-zielt-auf-zerschlagung-der-kurdischen-selbstverwaltung-in-syrien\/#breadcrumb"},"inLanguage":"de","potentialAction":[{"@type":"ReadAction","target":["https:\/\/now-news.de\/de\/deutschland\/nach-umsturz-in-damaskus-erdogan-zielt-auf-zerschlagung-der-kurdischen-selbstverwaltung-in-syrien\/"]}]},{"@type":"ImageObject","inLanguage":"de","@id":"https:\/\/now-news.de\/de\/deutschland\/nach-umsturz-in-damaskus-erdogan-zielt-auf-zerschlagung-der-kurdischen-selbstverwaltung-in-syrien\/#primaryimage","url":"https:\/\/now-news.de\/de\/wp-content\/uploads\/sites\/3\/2024\/12\/Nach-Umsturz-in-Damaskus-Erdogan-zielt-auf-Zerschlagung-der-kurdischen.jpg","contentUrl":"https:\/\/now-news.de\/de\/wp-content\/uploads\/sites\/3\/2024\/12\/Nach-Umsturz-in-Damaskus-Erdogan-zielt-auf-Zerschlagung-der-kurdischen.jpg","width":460,"height":259,"caption":"Nach Umsturz in Damaskus: Erdogan zielt auf Zerschlagung der kurdischen Selbstverwaltung in Syrien"},{"@type":"BreadcrumbList","@id":"https:\/\/now-news.de\/de\/deutschland\/nach-umsturz-in-damaskus-erdogan-zielt-auf-zerschlagung-der-kurdischen-selbstverwaltung-in-syrien\/#breadcrumb","itemListElement":[{"@type":"ListItem","position":1,"name":"Home","item":"https:\/\/now-news.de\/de\/"},{"@type":"ListItem","position":2,"name":"Nach Umsturz in Damaskus: Erdogan zielt auf Zerschlagung der kurdischen Selbstverwaltung in Syrien"}]},{"@type":"WebSite","@id":"https:\/\/now-news.de\/de\/#website","url":"https:\/\/now-news.de\/de\/","name":"just-now.NEWS Deutschland","description":"Das Portal f\u00fcr unzensierte Nachrichten aus der Welt","publisher":{"@id":"https:\/\/now-news.de\/de\/#organization"},"potentialAction":[{"@type":"SearchAction","target":{"@type":"EntryPoint","urlTemplate":"https:\/\/now-news.de\/de\/?s={search_term_string}"},"query-input":"required name=search_term_string"}],"inLanguage":"de"},{"@type":"Organization","@id":"https:\/\/now-news.de\/de\/#organization","name":"Just Now News","url":"https:\/\/now-news.de\/de\/","logo":{"@type":"ImageObject","inLanguage":"de","@id":"https:\/\/now-news.de\/de\/#\/schema\/logo\/image\/","url":"http:\/\/just-now.news\/de\/wp-content\/uploads\/sites\/3\/2022\/04\/logo500x500.jpg","contentUrl":"http:\/\/just-now.news\/de\/wp-content\/uploads\/sites\/3\/2022\/04\/logo500x500.jpg","width":500,"height":500,"caption":"Just Now News"},"image":{"@id":"https:\/\/now-news.de\/de\/#\/schema\/logo\/image\/"},"sameAs":["https:\/\/www.facebook.com\/wirmachenauf","https:\/\/x.com\/WirMachenAuf_de"]},{"@type":"Person","@id":"https:\/\/now-news.de\/de\/#\/schema\/person\/fb534a4e865501d8b3285208df34a9b5","name":"rtnews","image":{"@type":"ImageObject","inLanguage":"de","@id":"https:\/\/now-news.de\/de\/#\/schema\/person\/image\/","url":"https:\/\/secure.gravatar.com\/avatar\/82aafea7d8127119dd649515f56e2117?s=96&d=mm&r=g","contentUrl":"https:\/\/secure.gravatar.com\/avatar\/82aafea7d8127119dd649515f56e2117?s=96&d=mm&r=g","caption":"rtnews"},"url":"https:\/\/now-news.de\/de\/author\/rnews\/"}]}},"_links":{"self":[{"href":"https:\/\/now-news.de\/de\/wp-json\/wp\/v2\/posts\/74373"}],"collection":[{"href":"https:\/\/now-news.de\/de\/wp-json\/wp\/v2\/posts"}],"about":[{"href":"https:\/\/now-news.de\/de\/wp-json\/wp\/v2\/types\/post"}],"author":[{"embeddable":true,"href":"https:\/\/now-news.de\/de\/wp-json\/wp\/v2\/users\/3"}],"replies":[{"embeddable":true,"href":"https:\/\/now-news.de\/de\/wp-json\/wp\/v2\/comments?post=74373"}],"version-history":[{"count":0,"href":"https:\/\/now-news.de\/de\/wp-json\/wp\/v2\/posts\/74373\/revisions"}],"wp:featuredmedia":[{"embeddable":true,"href":"https:\/\/now-news.de\/de\/wp-json\/wp\/v2\/media\/74374"}],"wp:attachment":[{"href":"https:\/\/now-news.de\/de\/wp-json\/wp\/v2\/media?parent=74373"}],"wp:term":[{"taxonomy":"category","embeddable":true,"href":"https:\/\/now-news.de\/de\/wp-json\/wp\/v2\/categories?post=74373"},{"taxonomy":"post_tag","embeddable":true,"href":"https:\/\/now-news.de\/de\/wp-json\/wp\/v2\/tags?post=74373"}],"curies":[{"name":"wp","href":"https:\/\/api.w.org\/{rel}","templated":true}]}}