{"id":74357,"date":"2024-12-12T16:24:31","date_gmt":"2024-12-12T14:24:31","guid":{"rendered":"https:\/\/now-news.de\/de\/deutschland\/fico-warnt-ukraine-wird-nach-dem-krieg-geopfert\/"},"modified":"2024-12-12T16:24:31","modified_gmt":"2024-12-12T14:24:31","slug":"fico-warnt-ukraine-wird-nach-dem-krieg-geopfert","status":"publish","type":"post","link":"https:\/\/now-news.de\/de\/deutschland\/fico-warnt-ukraine-wird-nach-dem-krieg-geopfert\/","title":{"rendered":"Fico warnt: Ukraine wird nach dem Krieg geopfert"},"content":{"rendered":"<p><img decoding=\"async\" src=\"https:\/\/now-news.de\/de\/wp-content\/uploads\/sites\/3\/2024\/12\/675aa9e0b480cc72954b76df.jpg\" \/><\/p>\n<div class=\"Text-root Text-type_1 \">\n                Der slowakische Premierminister spricht sich f\u00fcr eine Normalisierung der Beziehungen zu Moskau aus. Er rechnet damit, dass die Ukraine nach der Beendigung des Konflikts ein Drittel ihres Staatsgebiets verliert und nicht Teil der NATO wird.\n            <\/div>\n<p><\/p>\n<div class=\"Text-root Text-type_5 ArticleView-text ViewText-root \">\n<p>Der slowakische Premierminister hat sich erneut f\u00fcr eine Normalisierung der Beziehungen zu Russland ausgesprochen und deutlich gemacht, dass er gegen die Schaffung einer neuen &#8220;eisernen Grenze&#8221; zwischen Europa und Russland ist.<\/p>\n<p>In einem Interview mit der brasilianischen Zeitung <em>Folha de S\u00e3o Paulo<\/em>\u00a0sagte Robert Fico, er gehe davon aus, dass nach dem Ende des Konflikts alle Staaten die Handelsbeziehungen zu Russland wieder aufnehmen w\u00fcrden.\u00a0Die derzeitige Lage sei nicht normal. Ein Dialog mit Russland sei dringend notwendig, um langfristige Stabilit\u00e4t zu erreichen.<\/p>\n<blockquote>\n<p><em>&#8220;Und ich garantiere Ihnen: Wenn der Krieg f\u00fcr alle vorbei ist, wird alles wieder normal sein. Jeder wird nach Russland reisen, jeder wird kaufen und verkaufen wollen. Vergessen Sie die Moral und alles andere in der internationalen Politik.&#8221;<\/em><\/p>\n<\/blockquote>\n<p>In Bezug auf die Ukraine prognostizierte er, dass das Land nach dem Konflikt etwa ein Drittel seines Territoriums verlieren und keine Einladung in die NATO erhalten werde. Dem Land w\u00fcrden Sicherheitsgarantien wie die Pr\u00e4senz ausl\u00e4ndischer Truppen angeboten. &#8220;Wenn das das Gl\u00fcck der Ukraine ist, von dem alle sprechen, dann glaube ich, dass die Ukrainer verraten werden.&#8221;<\/p>\n<p>Seine kritische Haltung gegen\u00fcber der westlichen Unterst\u00fctzung f\u00fcr\u00a0Kiew hat Fico bereits mehrfach zum Ausdruck gebracht. Er sieht in der Milit\u00e4rhilfe und den Wirtschaftssanktionen gegen Russland eine Politik, die nicht zum gew\u00fcnschten Frieden f\u00fchrt, sondern die Ukraine in eine noch schwierigere Lage bringt.<\/p>\n<blockquote>\n<p><em>&#8220;Der Westen hat beschlossen, diesen Konflikt zu nutzen, um Russland zu schw\u00e4chen. Es wurden Sanktionen verh\u00e4ngt, Milliarden Euro und Dollar flie\u00dfen in die Ukraine, viel humanit\u00e4re Hilfe, viele Waffen. Und was ist das Ergebnis? Die Russen gewinnen immer mehr Land, die Sanktionen wirken nicht und die Ukraine ist nicht mehr stark genug f\u00fcr m\u00f6gliche Verhandlungen.&#8221;<\/em><\/p>\n<\/blockquote>\n<p>Fico prognostiziert, dass der Westen irgendwann an den Punkt kommen k\u00f6nnte, an dem er die Ukraine in den Verhandlungen opfert, \u00e4hnlich wie es im Jahr 1938 mit der Tschechoslowakei geschah, als das Land gezwungen wurde, die Sudetengebiete an Nazi-Deutschland abzutreten. &#8220;Ich f\u00fcrchte, dass etwas \u00c4hnliches mit der Ukraine passieren k\u00f6nnte&#8221;, so Fico.<\/p>\n<p>K\u00fcrzlich nahm er eine Einladung des russischen Pr\u00e4sidenten zum Tag des Sieges im Mai 2025 an, was weltweit f\u00fcr Kritik sorgte. Fico verteidigte seine Entscheidung:<\/p>\n<blockquote>\n<p><em>&#8220;Wie kann mir jemand sagen, dass ich nicht nach Russland reisen kann, um das Ende des Zweiten Weltkriegs und den Sieg \u00fcber den Faschismus zu feiern, wenn die Slowakei von der Roten Armee befreit wurde?&#8221;<\/em><\/p>\n<\/blockquote>\n<p>Er betrachte es als eine pers\u00f6nliche Verpflichtung, den Sieg \u00fcber den Faschismus zu feiern. Ohne die Sowjetunion w\u00e4re der Zweite Weltkrieg nicht gewonnen worden.<strong><\/strong><\/p>\n<p><strong>Mehr zum Thema<\/strong> &#8211; <a rel=\"nofollow noopener\" target=\"_blank\" href=\"https:\/\/freedert.online\/kurzclips\/video\/228684-fico-ich-habe-problem-mit\/\">Fico: &#8220;Ich habe ein Problem mit der EU-Kommission \u2013 und ihren Neigungen&#8221;<\/a><\/p>\n<div class=\"EmbedBlock-root EmbedBlock-externalVideo EmbedBlock-rumble\">\n<div class=\"VkEmbed\"><iframe class=\"lazyload\" data-src=\"https:\/\/rumble.com\/embed\/v5vq0b2\" frameborder=\"0\" width=\"853\" height=\"480\" allowfullscreen><\/iframe><\/div>\n<\/div>\n<\/div>\n<p><br \/>\n<br \/><a href=\"https:\/\/de.rt.com\/europa\/229230-fico-warnt-ukraine-wird-nach\/\">Source link <\/a><\/p>\n","protected":false},"excerpt":{"rendered":"<p>Der slowakische Premierminister spricht sich f\u00fcr eine Normalisierung der Beziehungen zu Moskau aus. Er rechnet damit, dass die Ukraine nach der Beendigung des Konflikts ein Drittel ihres Staatsgebiets verliert und nicht Teil der NATO wird. Der slowakische Premierminister hat sich erneut f\u00fcr eine Normalisierung der Beziehungen zu Russland ausgesprochen und deutlich gemacht, dass er gegen [&hellip;]<\/p>\n","protected":false},"author":3,"featured_media":74358,"comment_status":"open","ping_status":"open","sticky":false,"template":"","format":"standard","meta":{"_yoast_indexnow_last_ping":["1734016923"],"wp_automatic_camp":["217"],"aa46b40534343fe1b49bed0ab37c41c6":["Fico warnt: Ukraine wird nach dem Krieg geopfert"],"original_link":["https:\/\/de.rt.com\/europa\/229230-fico-warnt-ukraine-wird-nach\/"],"_thumbnail_id":["74358"],"_wptgpro_p2tg_sent2tg":["a:1:{i:23737;s:19:\"2024-12-12 17:23:05\";}"],"jnews_social_counter_last_update":["1777107504"]},"categories":[19,23],"tags":[134,49719,60952,130,979,127,912,374],"yoast_head":"<!-- This site is optimized with the Yoast SEO Premium plugin v22.7 (Yoast SEO v22.7) - https:\/\/yoast.com\/wordpress\/plugins\/seo\/ -->\n<title>Fico warnt: Ukraine wird nach dem Krieg geopfert - just-now.NEWS Deutschland<\/title>\n<meta name=\"robots\" content=\"index, follow, max-snippet:-1, max-image-preview:large, max-video-preview:-1\" \/>\n<link rel=\"canonical\" href=\"https:\/\/now-news.de\/de\/deutschland\/fico-warnt-ukraine-wird-nach-dem-krieg-geopfert\/\" \/>\n<meta property=\"og:locale\" content=\"de_DE\" \/>\n<meta property=\"og:type\" content=\"article\" \/>\n<meta property=\"og:title\" content=\"Fico warnt: Ukraine wird nach dem Krieg geopfert\" \/>\n<meta property=\"og:description\" content=\"Der slowakische Premierminister spricht sich f\u00fcr eine Normalisierung der Beziehungen zu Moskau aus. Er rechnet damit, dass die Ukraine nach der Beendigung des Konflikts ein Drittel ihres Staatsgebiets verliert und nicht Teil der NATO wird. Der slowakische Premierminister hat sich erneut f\u00fcr eine Normalisierung der Beziehungen zu Russland ausgesprochen und deutlich gemacht, dass er gegen [&hellip;]\" \/>\n<meta property=\"og:url\" content=\"https:\/\/now-news.de\/de\/deutschland\/fico-warnt-ukraine-wird-nach-dem-krieg-geopfert\/\" \/>\n<meta property=\"og:site_name\" content=\"just-now.NEWS Deutschland\" \/>\n<meta property=\"article:publisher\" content=\"https:\/\/www.facebook.com\/wirmachenauf\" \/>\n<meta property=\"article:published_time\" content=\"2024-12-12T14:24:31+00:00\" \/>\n<meta property=\"og:image\" content=\"https:\/\/now-news.de\/de\/wp-content\/uploads\/sites\/3\/2024\/12\/675aa9e0b480cc72954b76df.jpg\" \/>\n<meta name=\"author\" content=\"rtnews\" \/>\n<meta name=\"twitter:card\" content=\"summary_large_image\" \/>\n<meta name=\"twitter:creator\" content=\"@WirMachenAuf_de\" \/>\n<meta name=\"twitter:site\" content=\"@WirMachenAuf_de\" \/>\n<meta name=\"twitter:label1\" content=\"Verfasst von\" \/>\n\t<meta name=\"twitter:data1\" content=\"rtnews\" \/>\n\t<meta name=\"twitter:label2\" content=\"Gesch\u00e4tzte Lesezeit\" \/>\n\t<meta name=\"twitter:data2\" content=\"2\u00a0Minuten\" \/>\n<script type=\"application\/ld+json\" class=\"yoast-schema-graph\">{\"@context\":\"https:\/\/schema.org\",\"@graph\":[{\"@type\":\"Article\",\"@id\":\"https:\/\/now-news.de\/de\/deutschland\/fico-warnt-ukraine-wird-nach-dem-krieg-geopfert\/#article\",\"isPartOf\":{\"@id\":\"https:\/\/now-news.de\/de\/deutschland\/fico-warnt-ukraine-wird-nach-dem-krieg-geopfert\/\"},\"author\":{\"name\":\"rtnews\",\"@id\":\"https:\/\/now-news.de\/de\/#\/schema\/person\/fb534a4e865501d8b3285208df34a9b5\"},\"headline\":\"Fico warnt: Ukraine wird nach dem Krieg geopfert\",\"datePublished\":\"2024-12-12T14:24:31+00:00\",\"dateModified\":\"2024-12-12T14:24:31+00:00\",\"mainEntityOfPage\":{\"@id\":\"https:\/\/now-news.de\/de\/deutschland\/fico-warnt-ukraine-wird-nach-dem-krieg-geopfert\/\"},\"wordCount\":499,\"commentCount\":0,\"publisher\":{\"@id\":\"https:\/\/now-news.de\/de\/#organization\"},\"image\":{\"@id\":\"https:\/\/now-news.de\/de\/deutschland\/fico-warnt-ukraine-wird-nach-dem-krieg-geopfert\/#primaryimage\"},\"thumbnailUrl\":\"https:\/\/now-news.de\/de\/wp-content\/uploads\/sites\/3\/2024\/12\/Fico-warnt-Ukraine-wird-nach-dem-Krieg-geopfert.jpg\",\"keywords\":[\"DEM\",\"Fico\",\"geopfert\",\"krieg\",\"nach\",\"ukraine\",\"warnt\",\"wird\"],\"articleSection\":[\"Deutschland\",\"Russland\"],\"inLanguage\":\"de\",\"potentialAction\":[{\"@type\":\"CommentAction\",\"name\":\"Comment\",\"target\":[\"https:\/\/now-news.de\/de\/deutschland\/fico-warnt-ukraine-wird-nach-dem-krieg-geopfert\/#respond\"]}]},{\"@type\":\"WebPage\",\"@id\":\"https:\/\/now-news.de\/de\/deutschland\/fico-warnt-ukraine-wird-nach-dem-krieg-geopfert\/\",\"url\":\"https:\/\/now-news.de\/de\/deutschland\/fico-warnt-ukraine-wird-nach-dem-krieg-geopfert\/\",\"name\":\"Fico warnt: Ukraine wird nach dem Krieg geopfert - just-now.NEWS Deutschland\",\"isPartOf\":{\"@id\":\"https:\/\/now-news.de\/de\/#website\"},\"primaryImageOfPage\":{\"@id\":\"https:\/\/now-news.de\/de\/deutschland\/fico-warnt-ukraine-wird-nach-dem-krieg-geopfert\/#primaryimage\"},\"image\":{\"@id\":\"https:\/\/now-news.de\/de\/deutschland\/fico-warnt-ukraine-wird-nach-dem-krieg-geopfert\/#primaryimage\"},\"thumbnailUrl\":\"https:\/\/now-news.de\/de\/wp-content\/uploads\/sites\/3\/2024\/12\/Fico-warnt-Ukraine-wird-nach-dem-Krieg-geopfert.jpg\",\"datePublished\":\"2024-12-12T14:24:31+00:00\",\"dateModified\":\"2024-12-12T14:24:31+00:00\",\"breadcrumb\":{\"@id\":\"https:\/\/now-news.de\/de\/deutschland\/fico-warnt-ukraine-wird-nach-dem-krieg-geopfert\/#breadcrumb\"},\"inLanguage\":\"de\",\"potentialAction\":[{\"@type\":\"ReadAction\",\"target\":[\"https:\/\/now-news.de\/de\/deutschland\/fico-warnt-ukraine-wird-nach-dem-krieg-geopfert\/\"]}]},{\"@type\":\"ImageObject\",\"inLanguage\":\"de\",\"@id\":\"https:\/\/now-news.de\/de\/deutschland\/fico-warnt-ukraine-wird-nach-dem-krieg-geopfert\/#primaryimage\",\"url\":\"https:\/\/now-news.de\/de\/wp-content\/uploads\/sites\/3\/2024\/12\/Fico-warnt-Ukraine-wird-nach-dem-Krieg-geopfert.jpg\",\"contentUrl\":\"https:\/\/now-news.de\/de\/wp-content\/uploads\/sites\/3\/2024\/12\/Fico-warnt-Ukraine-wird-nach-dem-Krieg-geopfert.jpg\",\"width\":460,\"height\":259,\"caption\":\"Fico warnt: Ukraine wird nach dem Krieg geopfert\"},{\"@type\":\"BreadcrumbList\",\"@id\":\"https:\/\/now-news.de\/de\/deutschland\/fico-warnt-ukraine-wird-nach-dem-krieg-geopfert\/#breadcrumb\",\"itemListElement\":[{\"@type\":\"ListItem\",\"position\":1,\"name\":\"Home\",\"item\":\"https:\/\/now-news.de\/de\/\"},{\"@type\":\"ListItem\",\"position\":2,\"name\":\"Fico warnt: Ukraine wird nach dem Krieg geopfert\"}]},{\"@type\":\"WebSite\",\"@id\":\"https:\/\/now-news.de\/de\/#website\",\"url\":\"https:\/\/now-news.de\/de\/\",\"name\":\"just-now.NEWS Deutschland\",\"description\":\"Das Portal f\u00fcr unzensierte Nachrichten aus der Welt\",\"publisher\":{\"@id\":\"https:\/\/now-news.de\/de\/#organization\"},\"potentialAction\":[{\"@type\":\"SearchAction\",\"target\":{\"@type\":\"EntryPoint\",\"urlTemplate\":\"https:\/\/now-news.de\/de\/?s={search_term_string}\"},\"query-input\":\"required name=search_term_string\"}],\"inLanguage\":\"de\"},{\"@type\":\"Organization\",\"@id\":\"https:\/\/now-news.de\/de\/#organization\",\"name\":\"Just Now News\",\"url\":\"https:\/\/now-news.de\/de\/\",\"logo\":{\"@type\":\"ImageObject\",\"inLanguage\":\"de\",\"@id\":\"https:\/\/now-news.de\/de\/#\/schema\/logo\/image\/\",\"url\":\"http:\/\/just-now.news\/de\/wp-content\/uploads\/sites\/3\/2022\/04\/logo500x500.jpg\",\"contentUrl\":\"http:\/\/just-now.news\/de\/wp-content\/uploads\/sites\/3\/2022\/04\/logo500x500.jpg\",\"width\":500,\"height\":500,\"caption\":\"Just Now News\"},\"image\":{\"@id\":\"https:\/\/now-news.de\/de\/#\/schema\/logo\/image\/\"},\"sameAs\":[\"https:\/\/www.facebook.com\/wirmachenauf\",\"https:\/\/x.com\/WirMachenAuf_de\"]},{\"@type\":\"Person\",\"@id\":\"https:\/\/now-news.de\/de\/#\/schema\/person\/fb534a4e865501d8b3285208df34a9b5\",\"name\":\"rtnews\",\"image\":{\"@type\":\"ImageObject\",\"inLanguage\":\"de\",\"@id\":\"https:\/\/now-news.de\/de\/#\/schema\/person\/image\/\",\"url\":\"https:\/\/secure.gravatar.com\/avatar\/82aafea7d8127119dd649515f56e2117?s=96&d=mm&r=g\",\"contentUrl\":\"https:\/\/secure.gravatar.com\/avatar\/82aafea7d8127119dd649515f56e2117?s=96&d=mm&r=g\",\"caption\":\"rtnews\"},\"url\":\"https:\/\/now-news.de\/de\/author\/rnews\/\"}]}<\/script>\n<!-- \/ Yoast SEO Premium plugin. -->","yoast_head_json":{"title":"Fico warnt: Ukraine wird nach dem Krieg geopfert - just-now.NEWS Deutschland","robots":{"index":"index","follow":"follow","max-snippet":"max-snippet:-1","max-image-preview":"max-image-preview:large","max-video-preview":"max-video-preview:-1"},"canonical":"https:\/\/now-news.de\/de\/deutschland\/fico-warnt-ukraine-wird-nach-dem-krieg-geopfert\/","og_locale":"de_DE","og_type":"article","og_title":"Fico warnt: Ukraine wird nach dem Krieg geopfert","og_description":"Der slowakische Premierminister spricht sich f\u00fcr eine Normalisierung der Beziehungen zu Moskau aus. Er rechnet damit, dass die Ukraine nach der Beendigung des Konflikts ein Drittel ihres Staatsgebiets verliert und nicht Teil der NATO wird. Der slowakische Premierminister hat sich erneut f\u00fcr eine Normalisierung der Beziehungen zu Russland ausgesprochen und deutlich gemacht, dass er gegen [&hellip;]","og_url":"https:\/\/now-news.de\/de\/deutschland\/fico-warnt-ukraine-wird-nach-dem-krieg-geopfert\/","og_site_name":"just-now.NEWS Deutschland","article_publisher":"https:\/\/www.facebook.com\/wirmachenauf","article_published_time":"2024-12-12T14:24:31+00:00","og_image":[{"url":"https:\/\/now-news.de\/de\/wp-content\/uploads\/sites\/3\/2024\/12\/675aa9e0b480cc72954b76df.jpg"}],"author":"rtnews","twitter_card":"summary_large_image","twitter_creator":"@WirMachenAuf_de","twitter_site":"@WirMachenAuf_de","twitter_misc":{"Verfasst von":"rtnews","Gesch\u00e4tzte Lesezeit":"2\u00a0Minuten"},"schema":{"@context":"https:\/\/schema.org","@graph":[{"@type":"Article","@id":"https:\/\/now-news.de\/de\/deutschland\/fico-warnt-ukraine-wird-nach-dem-krieg-geopfert\/#article","isPartOf":{"@id":"https:\/\/now-news.de\/de\/deutschland\/fico-warnt-ukraine-wird-nach-dem-krieg-geopfert\/"},"author":{"name":"rtnews","@id":"https:\/\/now-news.de\/de\/#\/schema\/person\/fb534a4e865501d8b3285208df34a9b5"},"headline":"Fico warnt: Ukraine wird nach dem Krieg geopfert","datePublished":"2024-12-12T14:24:31+00:00","dateModified":"2024-12-12T14:24:31+00:00","mainEntityOfPage":{"@id":"https:\/\/now-news.de\/de\/deutschland\/fico-warnt-ukraine-wird-nach-dem-krieg-geopfert\/"},"wordCount":499,"commentCount":0,"publisher":{"@id":"https:\/\/now-news.de\/de\/#organization"},"image":{"@id":"https:\/\/now-news.de\/de\/deutschland\/fico-warnt-ukraine-wird-nach-dem-krieg-geopfert\/#primaryimage"},"thumbnailUrl":"https:\/\/now-news.de\/de\/wp-content\/uploads\/sites\/3\/2024\/12\/Fico-warnt-Ukraine-wird-nach-dem-Krieg-geopfert.jpg","keywords":["DEM","Fico","geopfert","krieg","nach","ukraine","warnt","wird"],"articleSection":["Deutschland","Russland"],"inLanguage":"de","potentialAction":[{"@type":"CommentAction","name":"Comment","target":["https:\/\/now-news.de\/de\/deutschland\/fico-warnt-ukraine-wird-nach-dem-krieg-geopfert\/#respond"]}]},{"@type":"WebPage","@id":"https:\/\/now-news.de\/de\/deutschland\/fico-warnt-ukraine-wird-nach-dem-krieg-geopfert\/","url":"https:\/\/now-news.de\/de\/deutschland\/fico-warnt-ukraine-wird-nach-dem-krieg-geopfert\/","name":"Fico warnt: Ukraine wird nach dem Krieg geopfert - just-now.NEWS Deutschland","isPartOf":{"@id":"https:\/\/now-news.de\/de\/#website"},"primaryImageOfPage":{"@id":"https:\/\/now-news.de\/de\/deutschland\/fico-warnt-ukraine-wird-nach-dem-krieg-geopfert\/#primaryimage"},"image":{"@id":"https:\/\/now-news.de\/de\/deutschland\/fico-warnt-ukraine-wird-nach-dem-krieg-geopfert\/#primaryimage"},"thumbnailUrl":"https:\/\/now-news.de\/de\/wp-content\/uploads\/sites\/3\/2024\/12\/Fico-warnt-Ukraine-wird-nach-dem-Krieg-geopfert.jpg","datePublished":"2024-12-12T14:24:31+00:00","dateModified":"2024-12-12T14:24:31+00:00","breadcrumb":{"@id":"https:\/\/now-news.de\/de\/deutschland\/fico-warnt-ukraine-wird-nach-dem-krieg-geopfert\/#breadcrumb"},"inLanguage":"de","potentialAction":[{"@type":"ReadAction","target":["https:\/\/now-news.de\/de\/deutschland\/fico-warnt-ukraine-wird-nach-dem-krieg-geopfert\/"]}]},{"@type":"ImageObject","inLanguage":"de","@id":"https:\/\/now-news.de\/de\/deutschland\/fico-warnt-ukraine-wird-nach-dem-krieg-geopfert\/#primaryimage","url":"https:\/\/now-news.de\/de\/wp-content\/uploads\/sites\/3\/2024\/12\/Fico-warnt-Ukraine-wird-nach-dem-Krieg-geopfert.jpg","contentUrl":"https:\/\/now-news.de\/de\/wp-content\/uploads\/sites\/3\/2024\/12\/Fico-warnt-Ukraine-wird-nach-dem-Krieg-geopfert.jpg","width":460,"height":259,"caption":"Fico warnt: Ukraine wird nach dem Krieg geopfert"},{"@type":"BreadcrumbList","@id":"https:\/\/now-news.de\/de\/deutschland\/fico-warnt-ukraine-wird-nach-dem-krieg-geopfert\/#breadcrumb","itemListElement":[{"@type":"ListItem","position":1,"name":"Home","item":"https:\/\/now-news.de\/de\/"},{"@type":"ListItem","position":2,"name":"Fico warnt: Ukraine wird nach dem Krieg geopfert"}]},{"@type":"WebSite","@id":"https:\/\/now-news.de\/de\/#website","url":"https:\/\/now-news.de\/de\/","name":"just-now.NEWS Deutschland","description":"Das Portal f\u00fcr unzensierte Nachrichten aus der Welt","publisher":{"@id":"https:\/\/now-news.de\/de\/#organization"},"potentialAction":[{"@type":"SearchAction","target":{"@type":"EntryPoint","urlTemplate":"https:\/\/now-news.de\/de\/?s={search_term_string}"},"query-input":"required name=search_term_string"}],"inLanguage":"de"},{"@type":"Organization","@id":"https:\/\/now-news.de\/de\/#organization","name":"Just Now News","url":"https:\/\/now-news.de\/de\/","logo":{"@type":"ImageObject","inLanguage":"de","@id":"https:\/\/now-news.de\/de\/#\/schema\/logo\/image\/","url":"http:\/\/just-now.news\/de\/wp-content\/uploads\/sites\/3\/2022\/04\/logo500x500.jpg","contentUrl":"http:\/\/just-now.news\/de\/wp-content\/uploads\/sites\/3\/2022\/04\/logo500x500.jpg","width":500,"height":500,"caption":"Just Now News"},"image":{"@id":"https:\/\/now-news.de\/de\/#\/schema\/logo\/image\/"},"sameAs":["https:\/\/www.facebook.com\/wirmachenauf","https:\/\/x.com\/WirMachenAuf_de"]},{"@type":"Person","@id":"https:\/\/now-news.de\/de\/#\/schema\/person\/fb534a4e865501d8b3285208df34a9b5","name":"rtnews","image":{"@type":"ImageObject","inLanguage":"de","@id":"https:\/\/now-news.de\/de\/#\/schema\/person\/image\/","url":"https:\/\/secure.gravatar.com\/avatar\/82aafea7d8127119dd649515f56e2117?s=96&d=mm&r=g","contentUrl":"https:\/\/secure.gravatar.com\/avatar\/82aafea7d8127119dd649515f56e2117?s=96&d=mm&r=g","caption":"rtnews"},"url":"https:\/\/now-news.de\/de\/author\/rnews\/"}]}},"_links":{"self":[{"href":"https:\/\/now-news.de\/de\/wp-json\/wp\/v2\/posts\/74357"}],"collection":[{"href":"https:\/\/now-news.de\/de\/wp-json\/wp\/v2\/posts"}],"about":[{"href":"https:\/\/now-news.de\/de\/wp-json\/wp\/v2\/types\/post"}],"author":[{"embeddable":true,"href":"https:\/\/now-news.de\/de\/wp-json\/wp\/v2\/users\/3"}],"replies":[{"embeddable":true,"href":"https:\/\/now-news.de\/de\/wp-json\/wp\/v2\/comments?post=74357"}],"version-history":[{"count":0,"href":"https:\/\/now-news.de\/de\/wp-json\/wp\/v2\/posts\/74357\/revisions"}],"wp:featuredmedia":[{"embeddable":true,"href":"https:\/\/now-news.de\/de\/wp-json\/wp\/v2\/media\/74358"}],"wp:attachment":[{"href":"https:\/\/now-news.de\/de\/wp-json\/wp\/v2\/media?parent=74357"}],"wp:term":[{"taxonomy":"category","embeddable":true,"href":"https:\/\/now-news.de\/de\/wp-json\/wp\/v2\/categories?post=74357"},{"taxonomy":"post_tag","embeddable":true,"href":"https:\/\/now-news.de\/de\/wp-json\/wp\/v2\/tags?post=74357"}],"curies":[{"name":"wp","href":"https:\/\/api.w.org\/{rel}","templated":true}]}}