{"id":74355,"date":"2024-12-12T16:39:11","date_gmt":"2024-12-12T14:39:11","guid":{"rendered":"https:\/\/now-news.de\/de\/deutschland\/orban-selenskij-lehnt-weihnachts-waffenstillstand-ab\/"},"modified":"2024-12-12T16:39:11","modified_gmt":"2024-12-12T14:39:11","slug":"orban-selenskij-lehnt-weihnachts-waffenstillstand-ab","status":"publish","type":"post","link":"https:\/\/now-news.de\/de\/deutschland\/orban-selenskij-lehnt-weihnachts-waffenstillstand-ab\/","title":{"rendered":"Orb\u00e1n: Selenskij lehnt Weihnachts-Waffenstillstand ab"},"content":{"rendered":"<p><img decoding=\"async\" src=\"https:\/\/now-news.de\/de\/wp-content\/uploads\/sites\/3\/2024\/12\/675ac19848fbef7462053bd5.jpg\" \/><\/p>\n<div class=\"Text-root Text-type_1 \">\n                Kiew lehnt einen Waffenstillstand zu Weihnachten sowie einen gr\u00f6\u00dferen Gefangenenaustausch mit Moskau ab, so Ungarns Ministerpr\u00e4sident Viktor Orb\u00e1n, der zwischen den beiden Konfliktparteien vermitteln wollte. Selenskij warf ihm anschlie\u00dfend vor, mit seinen diplomatischen Bem\u00fchungen lediglich sein &#8220;pers\u00f6nliches Image aufpolieren&#8221; zu wollen.\n            <\/div>\n<p><\/p>\n<div class=\"Text-root Text-type_5 ArticleView-text ViewText-root \">\n<p>Der ukrainische Staatschef Wladimir Selenskij hat einen vorgeschlagenen weihnachtlichen Waffenstillstand und einen gro\u00df angelegten Gefangenenaustausch mit Russland abgelehnt. Das erkl\u00e4rte der ungarische Ministerpr\u00e4sident Viktor Orb\u00e1n am Mittwoch.<\/p>\n<p>Er reagierte damit auf einen Beitrag von Selenskij, in dem dieser ein Telefongespr\u00e4ch zwischen dem ungarischen Regierungschef und dem russischen Pr\u00e4sidenten Wladimir Putin kritisiert hatte.<\/p>\n<p>&#8220;Am Ende der ungarischen EU-Ratspr\u00e4sidentschaft haben wir neue Anstrengungen f\u00fcr den Frieden unternommen. Wir haben einen weihnachtlichen Waffenstillstand und einen gro\u00df angelegten Gefangenenaustausch vorgeschlagen. Es ist traurig, dass [Selenskij] dies heute klar ablehnt und ausschlie\u00dft. Wir haben getan, was wir konnten!&#8221; schrieb Orb\u00e1n.<\/p>\n<p>Selenskij warf Orb\u00e1n vor, mit seinen diplomatischen Bem\u00fchungen lediglich sein &#8220;pers\u00f6nliches Image aufpolieren&#8221; zu wollen, und \u00e4u\u00dferte sp\u00f6ttisch die Hoffnung, dass der ungarische Staatschef &#8220;zumindest nicht auch noch [den ehemaligen syrischen Pr\u00e4sidenten Baschar] Assad in Moskau anruft, um sich seine stundenlangen Vortr\u00e4ge anzuh\u00f6ren.&#8221;<\/p>\n<p>&#8220;Niemand sollte sein pers\u00f6nliches Image auf Kosten der Einheit aufpolieren; jeder sollte sich auf den gemeinsamen Erfolg konzentrieren. Einigkeit in Europa war schon immer der Schl\u00fcssel zum Erfolg. Es kann keine Diskussionen \u00fcber den Krieg, den Russland gegen die Ukraine f\u00fchrt, ohne die Ukraine geben&#8221;, schrieb Selenskij.<\/p>\n<p>Kurz nach dem verbalen Schlagabtausch in den sozialen Medien dementierte Dmitri Litwin, ein Berater von Selenskij, rundheraus, dass Kontakte zwischen Kiew und Budapest \u00fcber einen vorgeschlagenen Waffenstillstand zu Weihnachten und einen Gefangenenaustausch stattgefunden h\u00e4tten.<\/p>\n<p>&#8220;Wie immer hat die Ukraine Ungarn nicht erm\u00e4chtigt, etwas zu tun. Wie immer arbeitet die Ukraine t\u00e4glich an der Freilassung von Gefangenen, und seit zwei Wochen gibt es entsprechende Kontakte im Hinblick auf einen bedeutenden Austausch bis Ende des Jahres&#8221;, sagte Litwin gegen\u00fcber ukrainischen Medien.<\/p>\n<p>Die Ukraine brauche &#8220;keine PR, sondern einen fairen Frieden, und kein Geschw\u00e4tz, sondern verl\u00e4ssliche Sicherheitsgarantien&#8221;, sagte er.<\/p>\n<p><strong>Mehr zum Thema<\/strong> &#8211;\u00a0<a rel=\"nofollow noopener\" target=\"_blank\" href=\"https:\/\/freedert.online\/europa\/228820-keine-territorialen-zugestaendnisse-selenskij-lehnt\/\">Keine territorialen Zugest\u00e4ndnisse: Selenskij lehnt Trump-Friedensplan ab<\/a><\/p>\n<div class=\"EmbedBlock-root EmbedBlock-externalVideo EmbedBlock-rumble\">\n<div class=\"VkEmbed\"><iframe class=\"lazyload\" data-src=\"https:\/\/rumble.com\/embed\/v5vdk4h\" frameborder=\"0\" width=\"853\" height=\"480\" allowfullscreen><\/iframe><\/div>\n<\/div>\n<\/div>\n<p><br \/>\n<br \/><a href=\"https:\/\/de.rt.com\/europa\/229246-orban-selenskij-lehnt-weihnachts-waffenstillstand\/\">Source link <\/a><\/p>\n","protected":false},"excerpt":{"rendered":"<p>Kiew lehnt einen Waffenstillstand zu Weihnachten sowie einen gr\u00f6\u00dferen Gefangenenaustausch mit Moskau ab, so Ungarns Ministerpr\u00e4sident Viktor Orb\u00e1n, der zwischen den beiden Konfliktparteien vermitteln wollte. Selenskij warf ihm anschlie\u00dfend vor, mit seinen diplomatischen Bem\u00fchungen lediglich sein &#8220;pers\u00f6nliches Image aufpolieren&#8221; zu wollen. Der ukrainische Staatschef Wladimir Selenskij hat einen vorgeschlagenen weihnachtlichen Waffenstillstand und einen gro\u00df angelegten [&hellip;]<\/p>\n","protected":false},"author":3,"featured_media":74356,"comment_status":"open","ping_status":"open","sticky":false,"template":"","format":"standard","meta":{"_yoast_indexnow_last_ping":["1734015965"],"wp_automatic_camp":["217"],"055b9766ca586424cb10b9475068f3c5":["Orb\u00e1n: Selenskij lehnt Weihnachts-Waffenstillstand ab"],"original_link":["https:\/\/de.rt.com\/europa\/229246-orban-selenskij-lehnt-weihnachts-waffenstillstand\/"],"_thumbnail_id":["74356"],"_wptgpro_p2tg_sent2tg":["a:1:{i:23737;s:19:\"2024-12-12 17:07:11\";}"],"jnews_social_counter_last_update":["1777342950"]},"categories":[19,23],"tags":[2034,6397,6158,60951],"yoast_head":"<!-- This site is optimized with the Yoast SEO Premium plugin v22.7 (Yoast SEO v22.7) - https:\/\/yoast.com\/wordpress\/plugins\/seo\/ -->\n<title>Orb\u00e1n: Selenskij lehnt Weihnachts-Waffenstillstand ab - just-now.NEWS Deutschland<\/title>\n<meta name=\"robots\" content=\"index, follow, max-snippet:-1, max-image-preview:large, max-video-preview:-1\" \/>\n<link rel=\"canonical\" href=\"https:\/\/now-news.de\/de\/deutschland\/orban-selenskij-lehnt-weihnachts-waffenstillstand-ab\/\" \/>\n<meta property=\"og:locale\" content=\"de_DE\" \/>\n<meta property=\"og:type\" content=\"article\" \/>\n<meta property=\"og:title\" content=\"Orb\u00e1n: Selenskij lehnt Weihnachts-Waffenstillstand ab\" \/>\n<meta property=\"og:description\" content=\"Kiew lehnt einen Waffenstillstand zu Weihnachten sowie einen gr\u00f6\u00dferen Gefangenenaustausch mit Moskau ab, so Ungarns Ministerpr\u00e4sident Viktor Orb\u00e1n, der zwischen den beiden Konfliktparteien vermitteln wollte. Selenskij warf ihm anschlie\u00dfend vor, mit seinen diplomatischen Bem\u00fchungen lediglich sein &#8220;pers\u00f6nliches Image aufpolieren&#8221; zu wollen. Der ukrainische Staatschef Wladimir Selenskij hat einen vorgeschlagenen weihnachtlichen Waffenstillstand und einen gro\u00df angelegten [&hellip;]\" \/>\n<meta property=\"og:url\" content=\"https:\/\/now-news.de\/de\/deutschland\/orban-selenskij-lehnt-weihnachts-waffenstillstand-ab\/\" \/>\n<meta property=\"og:site_name\" content=\"just-now.NEWS Deutschland\" \/>\n<meta property=\"article:publisher\" content=\"https:\/\/www.facebook.com\/wirmachenauf\" \/>\n<meta property=\"article:published_time\" content=\"2024-12-12T14:39:11+00:00\" \/>\n<meta property=\"og:image\" content=\"https:\/\/now-news.de\/de\/wp-content\/uploads\/sites\/3\/2024\/12\/675ac19848fbef7462053bd5.jpg\" \/>\n<meta name=\"author\" content=\"rtnews\" \/>\n<meta name=\"twitter:card\" content=\"summary_large_image\" \/>\n<meta name=\"twitter:creator\" content=\"@WirMachenAuf_de\" \/>\n<meta name=\"twitter:site\" content=\"@WirMachenAuf_de\" \/>\n<meta name=\"twitter:label1\" content=\"Verfasst von\" \/>\n\t<meta name=\"twitter:data1\" content=\"rtnews\" \/>\n\t<meta name=\"twitter:label2\" content=\"Gesch\u00e4tzte Lesezeit\" \/>\n\t<meta name=\"twitter:data2\" content=\"2\u00a0Minuten\" \/>\n<script type=\"application\/ld+json\" class=\"yoast-schema-graph\">{\"@context\":\"https:\/\/schema.org\",\"@graph\":[{\"@type\":\"Article\",\"@id\":\"https:\/\/now-news.de\/de\/deutschland\/orban-selenskij-lehnt-weihnachts-waffenstillstand-ab\/#article\",\"isPartOf\":{\"@id\":\"https:\/\/now-news.de\/de\/deutschland\/orban-selenskij-lehnt-weihnachts-waffenstillstand-ab\/\"},\"author\":{\"name\":\"rtnews\",\"@id\":\"https:\/\/now-news.de\/de\/#\/schema\/person\/fb534a4e865501d8b3285208df34a9b5\"},\"headline\":\"Orb\u00e1n: Selenskij lehnt Weihnachts-Waffenstillstand ab\",\"datePublished\":\"2024-12-12T14:39:11+00:00\",\"dateModified\":\"2024-12-12T14:39:11+00:00\",\"mainEntityOfPage\":{\"@id\":\"https:\/\/now-news.de\/de\/deutschland\/orban-selenskij-lehnt-weihnachts-waffenstillstand-ab\/\"},\"wordCount\":375,\"commentCount\":0,\"publisher\":{\"@id\":\"https:\/\/now-news.de\/de\/#organization\"},\"image\":{\"@id\":\"https:\/\/now-news.de\/de\/deutschland\/orban-selenskij-lehnt-weihnachts-waffenstillstand-ab\/#primaryimage\"},\"thumbnailUrl\":\"https:\/\/now-news.de\/de\/wp-content\/uploads\/sites\/3\/2024\/12\/Orban-Selenskij-lehnt-Weihnachts-Waffenstillstand-ab.jpg\",\"keywords\":[\"lehnt\",\"Orb\u00e1n\",\"Selenskij\",\"WeihnachtsWaffenstillstand\"],\"articleSection\":[\"Deutschland\",\"Russland\"],\"inLanguage\":\"de\",\"potentialAction\":[{\"@type\":\"CommentAction\",\"name\":\"Comment\",\"target\":[\"https:\/\/now-news.de\/de\/deutschland\/orban-selenskij-lehnt-weihnachts-waffenstillstand-ab\/#respond\"]}]},{\"@type\":\"WebPage\",\"@id\":\"https:\/\/now-news.de\/de\/deutschland\/orban-selenskij-lehnt-weihnachts-waffenstillstand-ab\/\",\"url\":\"https:\/\/now-news.de\/de\/deutschland\/orban-selenskij-lehnt-weihnachts-waffenstillstand-ab\/\",\"name\":\"Orb\u00e1n: Selenskij lehnt Weihnachts-Waffenstillstand ab - just-now.NEWS Deutschland\",\"isPartOf\":{\"@id\":\"https:\/\/now-news.de\/de\/#website\"},\"primaryImageOfPage\":{\"@id\":\"https:\/\/now-news.de\/de\/deutschland\/orban-selenskij-lehnt-weihnachts-waffenstillstand-ab\/#primaryimage\"},\"image\":{\"@id\":\"https:\/\/now-news.de\/de\/deutschland\/orban-selenskij-lehnt-weihnachts-waffenstillstand-ab\/#primaryimage\"},\"thumbnailUrl\":\"https:\/\/now-news.de\/de\/wp-content\/uploads\/sites\/3\/2024\/12\/Orban-Selenskij-lehnt-Weihnachts-Waffenstillstand-ab.jpg\",\"datePublished\":\"2024-12-12T14:39:11+00:00\",\"dateModified\":\"2024-12-12T14:39:11+00:00\",\"breadcrumb\":{\"@id\":\"https:\/\/now-news.de\/de\/deutschland\/orban-selenskij-lehnt-weihnachts-waffenstillstand-ab\/#breadcrumb\"},\"inLanguage\":\"de\",\"potentialAction\":[{\"@type\":\"ReadAction\",\"target\":[\"https:\/\/now-news.de\/de\/deutschland\/orban-selenskij-lehnt-weihnachts-waffenstillstand-ab\/\"]}]},{\"@type\":\"ImageObject\",\"inLanguage\":\"de\",\"@id\":\"https:\/\/now-news.de\/de\/deutschland\/orban-selenskij-lehnt-weihnachts-waffenstillstand-ab\/#primaryimage\",\"url\":\"https:\/\/now-news.de\/de\/wp-content\/uploads\/sites\/3\/2024\/12\/Orban-Selenskij-lehnt-Weihnachts-Waffenstillstand-ab.jpg\",\"contentUrl\":\"https:\/\/now-news.de\/de\/wp-content\/uploads\/sites\/3\/2024\/12\/Orban-Selenskij-lehnt-Weihnachts-Waffenstillstand-ab.jpg\",\"width\":460,\"height\":259,\"caption\":\"Orb\u00e1n: Selenskij lehnt Weihnachts-Waffenstillstand ab\"},{\"@type\":\"BreadcrumbList\",\"@id\":\"https:\/\/now-news.de\/de\/deutschland\/orban-selenskij-lehnt-weihnachts-waffenstillstand-ab\/#breadcrumb\",\"itemListElement\":[{\"@type\":\"ListItem\",\"position\":1,\"name\":\"Home\",\"item\":\"https:\/\/now-news.de\/de\/\"},{\"@type\":\"ListItem\",\"position\":2,\"name\":\"Orb\u00e1n: Selenskij lehnt Weihnachts-Waffenstillstand ab\"}]},{\"@type\":\"WebSite\",\"@id\":\"https:\/\/now-news.de\/de\/#website\",\"url\":\"https:\/\/now-news.de\/de\/\",\"name\":\"just-now.NEWS Deutschland\",\"description\":\"Das Portal f\u00fcr unzensierte Nachrichten aus der Welt\",\"publisher\":{\"@id\":\"https:\/\/now-news.de\/de\/#organization\"},\"potentialAction\":[{\"@type\":\"SearchAction\",\"target\":{\"@type\":\"EntryPoint\",\"urlTemplate\":\"https:\/\/now-news.de\/de\/?s={search_term_string}\"},\"query-input\":\"required name=search_term_string\"}],\"inLanguage\":\"de\"},{\"@type\":\"Organization\",\"@id\":\"https:\/\/now-news.de\/de\/#organization\",\"name\":\"Just Now News\",\"url\":\"https:\/\/now-news.de\/de\/\",\"logo\":{\"@type\":\"ImageObject\",\"inLanguage\":\"de\",\"@id\":\"https:\/\/now-news.de\/de\/#\/schema\/logo\/image\/\",\"url\":\"http:\/\/just-now.news\/de\/wp-content\/uploads\/sites\/3\/2022\/04\/logo500x500.jpg\",\"contentUrl\":\"http:\/\/just-now.news\/de\/wp-content\/uploads\/sites\/3\/2022\/04\/logo500x500.jpg\",\"width\":500,\"height\":500,\"caption\":\"Just Now News\"},\"image\":{\"@id\":\"https:\/\/now-news.de\/de\/#\/schema\/logo\/image\/\"},\"sameAs\":[\"https:\/\/www.facebook.com\/wirmachenauf\",\"https:\/\/x.com\/WirMachenAuf_de\"]},{\"@type\":\"Person\",\"@id\":\"https:\/\/now-news.de\/de\/#\/schema\/person\/fb534a4e865501d8b3285208df34a9b5\",\"name\":\"rtnews\",\"image\":{\"@type\":\"ImageObject\",\"inLanguage\":\"de\",\"@id\":\"https:\/\/now-news.de\/de\/#\/schema\/person\/image\/\",\"url\":\"https:\/\/secure.gravatar.com\/avatar\/82aafea7d8127119dd649515f56e2117?s=96&d=mm&r=g\",\"contentUrl\":\"https:\/\/secure.gravatar.com\/avatar\/82aafea7d8127119dd649515f56e2117?s=96&d=mm&r=g\",\"caption\":\"rtnews\"},\"url\":\"https:\/\/now-news.de\/de\/author\/rnews\/\"}]}<\/script>\n<!-- \/ Yoast SEO Premium plugin. -->","yoast_head_json":{"title":"Orb\u00e1n: Selenskij lehnt Weihnachts-Waffenstillstand ab - just-now.NEWS Deutschland","robots":{"index":"index","follow":"follow","max-snippet":"max-snippet:-1","max-image-preview":"max-image-preview:large","max-video-preview":"max-video-preview:-1"},"canonical":"https:\/\/now-news.de\/de\/deutschland\/orban-selenskij-lehnt-weihnachts-waffenstillstand-ab\/","og_locale":"de_DE","og_type":"article","og_title":"Orb\u00e1n: Selenskij lehnt Weihnachts-Waffenstillstand ab","og_description":"Kiew lehnt einen Waffenstillstand zu Weihnachten sowie einen gr\u00f6\u00dferen Gefangenenaustausch mit Moskau ab, so Ungarns Ministerpr\u00e4sident Viktor Orb\u00e1n, der zwischen den beiden Konfliktparteien vermitteln wollte. Selenskij warf ihm anschlie\u00dfend vor, mit seinen diplomatischen Bem\u00fchungen lediglich sein &#8220;pers\u00f6nliches Image aufpolieren&#8221; zu wollen. Der ukrainische Staatschef Wladimir Selenskij hat einen vorgeschlagenen weihnachtlichen Waffenstillstand und einen gro\u00df angelegten [&hellip;]","og_url":"https:\/\/now-news.de\/de\/deutschland\/orban-selenskij-lehnt-weihnachts-waffenstillstand-ab\/","og_site_name":"just-now.NEWS Deutschland","article_publisher":"https:\/\/www.facebook.com\/wirmachenauf","article_published_time":"2024-12-12T14:39:11+00:00","og_image":[{"url":"https:\/\/now-news.de\/de\/wp-content\/uploads\/sites\/3\/2024\/12\/675ac19848fbef7462053bd5.jpg"}],"author":"rtnews","twitter_card":"summary_large_image","twitter_creator":"@WirMachenAuf_de","twitter_site":"@WirMachenAuf_de","twitter_misc":{"Verfasst von":"rtnews","Gesch\u00e4tzte Lesezeit":"2\u00a0Minuten"},"schema":{"@context":"https:\/\/schema.org","@graph":[{"@type":"Article","@id":"https:\/\/now-news.de\/de\/deutschland\/orban-selenskij-lehnt-weihnachts-waffenstillstand-ab\/#article","isPartOf":{"@id":"https:\/\/now-news.de\/de\/deutschland\/orban-selenskij-lehnt-weihnachts-waffenstillstand-ab\/"},"author":{"name":"rtnews","@id":"https:\/\/now-news.de\/de\/#\/schema\/person\/fb534a4e865501d8b3285208df34a9b5"},"headline":"Orb\u00e1n: Selenskij lehnt Weihnachts-Waffenstillstand ab","datePublished":"2024-12-12T14:39:11+00:00","dateModified":"2024-12-12T14:39:11+00:00","mainEntityOfPage":{"@id":"https:\/\/now-news.de\/de\/deutschland\/orban-selenskij-lehnt-weihnachts-waffenstillstand-ab\/"},"wordCount":375,"commentCount":0,"publisher":{"@id":"https:\/\/now-news.de\/de\/#organization"},"image":{"@id":"https:\/\/now-news.de\/de\/deutschland\/orban-selenskij-lehnt-weihnachts-waffenstillstand-ab\/#primaryimage"},"thumbnailUrl":"https:\/\/now-news.de\/de\/wp-content\/uploads\/sites\/3\/2024\/12\/Orban-Selenskij-lehnt-Weihnachts-Waffenstillstand-ab.jpg","keywords":["lehnt","Orb\u00e1n","Selenskij","WeihnachtsWaffenstillstand"],"articleSection":["Deutschland","Russland"],"inLanguage":"de","potentialAction":[{"@type":"CommentAction","name":"Comment","target":["https:\/\/now-news.de\/de\/deutschland\/orban-selenskij-lehnt-weihnachts-waffenstillstand-ab\/#respond"]}]},{"@type":"WebPage","@id":"https:\/\/now-news.de\/de\/deutschland\/orban-selenskij-lehnt-weihnachts-waffenstillstand-ab\/","url":"https:\/\/now-news.de\/de\/deutschland\/orban-selenskij-lehnt-weihnachts-waffenstillstand-ab\/","name":"Orb\u00e1n: Selenskij lehnt Weihnachts-Waffenstillstand ab - just-now.NEWS Deutschland","isPartOf":{"@id":"https:\/\/now-news.de\/de\/#website"},"primaryImageOfPage":{"@id":"https:\/\/now-news.de\/de\/deutschland\/orban-selenskij-lehnt-weihnachts-waffenstillstand-ab\/#primaryimage"},"image":{"@id":"https:\/\/now-news.de\/de\/deutschland\/orban-selenskij-lehnt-weihnachts-waffenstillstand-ab\/#primaryimage"},"thumbnailUrl":"https:\/\/now-news.de\/de\/wp-content\/uploads\/sites\/3\/2024\/12\/Orban-Selenskij-lehnt-Weihnachts-Waffenstillstand-ab.jpg","datePublished":"2024-12-12T14:39:11+00:00","dateModified":"2024-12-12T14:39:11+00:00","breadcrumb":{"@id":"https:\/\/now-news.de\/de\/deutschland\/orban-selenskij-lehnt-weihnachts-waffenstillstand-ab\/#breadcrumb"},"inLanguage":"de","potentialAction":[{"@type":"ReadAction","target":["https:\/\/now-news.de\/de\/deutschland\/orban-selenskij-lehnt-weihnachts-waffenstillstand-ab\/"]}]},{"@type":"ImageObject","inLanguage":"de","@id":"https:\/\/now-news.de\/de\/deutschland\/orban-selenskij-lehnt-weihnachts-waffenstillstand-ab\/#primaryimage","url":"https:\/\/now-news.de\/de\/wp-content\/uploads\/sites\/3\/2024\/12\/Orban-Selenskij-lehnt-Weihnachts-Waffenstillstand-ab.jpg","contentUrl":"https:\/\/now-news.de\/de\/wp-content\/uploads\/sites\/3\/2024\/12\/Orban-Selenskij-lehnt-Weihnachts-Waffenstillstand-ab.jpg","width":460,"height":259,"caption":"Orb\u00e1n: Selenskij lehnt Weihnachts-Waffenstillstand ab"},{"@type":"BreadcrumbList","@id":"https:\/\/now-news.de\/de\/deutschland\/orban-selenskij-lehnt-weihnachts-waffenstillstand-ab\/#breadcrumb","itemListElement":[{"@type":"ListItem","position":1,"name":"Home","item":"https:\/\/now-news.de\/de\/"},{"@type":"ListItem","position":2,"name":"Orb\u00e1n: Selenskij lehnt Weihnachts-Waffenstillstand ab"}]},{"@type":"WebSite","@id":"https:\/\/now-news.de\/de\/#website","url":"https:\/\/now-news.de\/de\/","name":"just-now.NEWS Deutschland","description":"Das Portal f\u00fcr unzensierte Nachrichten aus der Welt","publisher":{"@id":"https:\/\/now-news.de\/de\/#organization"},"potentialAction":[{"@type":"SearchAction","target":{"@type":"EntryPoint","urlTemplate":"https:\/\/now-news.de\/de\/?s={search_term_string}"},"query-input":"required name=search_term_string"}],"inLanguage":"de"},{"@type":"Organization","@id":"https:\/\/now-news.de\/de\/#organization","name":"Just Now News","url":"https:\/\/now-news.de\/de\/","logo":{"@type":"ImageObject","inLanguage":"de","@id":"https:\/\/now-news.de\/de\/#\/schema\/logo\/image\/","url":"http:\/\/just-now.news\/de\/wp-content\/uploads\/sites\/3\/2022\/04\/logo500x500.jpg","contentUrl":"http:\/\/just-now.news\/de\/wp-content\/uploads\/sites\/3\/2022\/04\/logo500x500.jpg","width":500,"height":500,"caption":"Just Now News"},"image":{"@id":"https:\/\/now-news.de\/de\/#\/schema\/logo\/image\/"},"sameAs":["https:\/\/www.facebook.com\/wirmachenauf","https:\/\/x.com\/WirMachenAuf_de"]},{"@type":"Person","@id":"https:\/\/now-news.de\/de\/#\/schema\/person\/fb534a4e865501d8b3285208df34a9b5","name":"rtnews","image":{"@type":"ImageObject","inLanguage":"de","@id":"https:\/\/now-news.de\/de\/#\/schema\/person\/image\/","url":"https:\/\/secure.gravatar.com\/avatar\/82aafea7d8127119dd649515f56e2117?s=96&d=mm&r=g","contentUrl":"https:\/\/secure.gravatar.com\/avatar\/82aafea7d8127119dd649515f56e2117?s=96&d=mm&r=g","caption":"rtnews"},"url":"https:\/\/now-news.de\/de\/author\/rnews\/"}]}},"_links":{"self":[{"href":"https:\/\/now-news.de\/de\/wp-json\/wp\/v2\/posts\/74355"}],"collection":[{"href":"https:\/\/now-news.de\/de\/wp-json\/wp\/v2\/posts"}],"about":[{"href":"https:\/\/now-news.de\/de\/wp-json\/wp\/v2\/types\/post"}],"author":[{"embeddable":true,"href":"https:\/\/now-news.de\/de\/wp-json\/wp\/v2\/users\/3"}],"replies":[{"embeddable":true,"href":"https:\/\/now-news.de\/de\/wp-json\/wp\/v2\/comments?post=74355"}],"version-history":[{"count":0,"href":"https:\/\/now-news.de\/de\/wp-json\/wp\/v2\/posts\/74355\/revisions"}],"wp:featuredmedia":[{"embeddable":true,"href":"https:\/\/now-news.de\/de\/wp-json\/wp\/v2\/media\/74356"}],"wp:attachment":[{"href":"https:\/\/now-news.de\/de\/wp-json\/wp\/v2\/media?parent=74355"}],"wp:term":[{"taxonomy":"category","embeddable":true,"href":"https:\/\/now-news.de\/de\/wp-json\/wp\/v2\/categories?post=74355"},{"taxonomy":"post_tag","embeddable":true,"href":"https:\/\/now-news.de\/de\/wp-json\/wp\/v2\/tags?post=74355"}],"curies":[{"name":"wp","href":"https:\/\/api.w.org\/{rel}","templated":true}]}}