{"id":74353,"date":"2024-12-12T16:44:58","date_gmt":"2024-12-12T14:44:58","guid":{"rendered":"https:\/\/now-news.de\/de\/deutschland\/uno-israels-angriffe-in-syrien-verstossen-gegen-voelkerrecht\/"},"modified":"2024-12-12T16:44:58","modified_gmt":"2024-12-12T14:44:58","slug":"uno-israels-angriffe-in-syrien-verstossen-gegen-voelkerrecht","status":"publish","type":"post","link":"https:\/\/now-news.de\/de\/deutschland\/uno-israels-angriffe-in-syrien-verstossen-gegen-voelkerrecht\/","title":{"rendered":"UNO: Israels Angriffe in Syrien versto\u00dfen gegen V\u00f6lkerrecht"},"content":{"rendered":"<p><img decoding=\"async\" src=\"https:\/\/now-news.de\/de\/wp-content\/uploads\/sites\/3\/2024\/12\/675ab25d48fbef72d9022393.jpg\" \/><\/p>\n<div class=\"Text-root Text-type_1 \">\n                Es gibt laut UNO absolut keine v\u00f6lkerrechtliche Grundlage, um ein Land, das man nicht mag, pr\u00e4ventiv zu entwaffnen. Alles, was die syrische Armee \u00fcber Jahrzehnte gehalten und aufgebaut hat, wurde in den vergangenen Tagen durch israelische Luftangriffe zerst\u00f6rt.\n            <\/div>\n<p><\/p>\n<div class=\"Text-root Text-type_5 ArticleView-text ViewText-root \">\n<p>Die israelischen Angriffe auf Syrien nach dem Sturz des dortigen\u00a0Pr\u00e4sidenten Baschar Assad versto\u00dfen nach Angaben von UN-Experten gegen das V\u00f6lkerrecht.\u00a0Es gebe &#8220;absolut keine v\u00f6lkerrechtliche Grundlage, um ein Land, das man nicht mag, pr\u00e4ventiv (&#8230;) zu entwaffnen&#8221;, sagte der UN-Sonderberichterstatter f\u00fcr die F\u00f6rderung der Menschenrechte, Ben Saul, in Genf zu Reportern. &#8220;Wenn das der Fall w\u00e4re, w\u00e4re das ein Rezept f\u00fcr weltweites Chaos.&#8221;<\/p>\n<p>Saul wies darauf hin, dass &#8220;viele L\u00e4nder Gegner haben, die sie gern ohne Waffen sehen w\u00fcrden&#8221;. &#8220;Das ist v\u00f6llig gesetzlos&#8221;, f\u00fcgte er hinzu. Die israelischen Angriffe auf das Nachbarland Libanon seien ein anderer Fall, &#8220;weil es dort einen hei\u00dfen Konflikt gibt&#8221;.\u00a0<\/p>\n<p>Alles, was die syrische Armee \u00fcber Jahrzehnte gehalten und aufgebaut hat, wurde\u00a0in vergangenen Tagen durch israelische Luftangriffe zerst\u00f6rt.\u00a0Die israelische Luftwaffe hat den Sturz der Regierung des syrischen Pr\u00e4sidenten und den Zusammenbruch seiner Armee ausgenutzt, um in den letzten 48 Stunden 350 Luftangriffe in Syrien durchzuf\u00fchren.\u00a0Anderen Berichten in israelischen Medien zufolge wurden bei den Angriffen etwa 80 Prozent der milit\u00e4rischen Einrichtungen des Landes zerst\u00f6rt.<\/p>\n<p>Israel hat das Chaos auch dazu genutzt, weitere Gebiete auf den syrischen Golanh\u00f6hen zu besetzen, unter anderem in der Pufferzone, die zuvor die syrische Armee von den israelischen Besatzungstruppen trennte. Bisher haben sich Islamisten weder zum Einmarsch der IDF in Syrien, noch zu den Luftangriffen auf syrische Milit\u00e4ranlagen ge\u00e4u\u00dfert.\u00a0<\/p>\n<p><strong>Mehr zum Thema<\/strong> &#8211; <a rel=\"nofollow noopener\" target=\"_blank\" href=\"https:\/\/freedert.online\/der-nahe-osten\/229162-irans-oberster-fuehrer-macht-usa\/\">Irans Oberster F\u00fchrer macht USA und Israel f\u00fcr den Umsturz in Syrien verantwortlich<\/a><\/p>\n<div class=\"EmbedBlock-root EmbedBlock-externalVideo EmbedBlock-rumble\">\n<div class=\"VkEmbed\"><iframe class=\"lazyload\" data-src=\"https:\/\/rumble.com\/embed\/v5vt20n\" frameborder=\"0\" width=\"853\" height=\"480\" allowfullscreen><\/iframe><\/div>\n<\/div>\n<\/div>\n<p><br \/>\n<br \/><a href=\"https:\/\/de.rt.com\/der-nahe-osten\/229236-uno-israels-angriffe-in-syrien\/\">Source link <\/a><\/p>\n","protected":false},"excerpt":{"rendered":"<p>Es gibt laut UNO absolut keine v\u00f6lkerrechtliche Grundlage, um ein Land, das man nicht mag, pr\u00e4ventiv zu entwaffnen. Alles, was die syrische Armee \u00fcber Jahrzehnte gehalten und aufgebaut hat, wurde in den vergangenen Tagen durch israelische Luftangriffe zerst\u00f6rt. Die israelischen Angriffe auf Syrien nach dem Sturz des dortigen\u00a0Pr\u00e4sidenten Baschar Assad versto\u00dfen nach Angaben von UN-Experten [&hellip;]<\/p>\n","protected":false},"author":3,"featured_media":74354,"comment_status":"open","ping_status":"open","sticky":false,"template":"","format":"standard","meta":{"_yoast_indexnow_last_ping":["1734015005"],"wp_automatic_camp":["217"],"2e745b0e8de71360cbcf6d388f485c8c":["UNO: Israels Angriffe in Syrien versto\u00dfen gegen V\u00f6lkerrecht"],"original_link":["https:\/\/de.rt.com\/der-nahe-osten\/229236-uno-israels-angriffe-in-syrien\/"],"_thumbnail_id":["74354"],"_wptgpro_p2tg_sent2tg":["a:1:{i:23737;s:19:\"2024-12-12 16:51:07\";}"],"jnews_social_counter_last_update":["1777359312"]},"categories":[19,23],"tags":[4404,278,3015,783,5685,16902,32275],"yoast_head":"<!-- This site is optimized with the Yoast SEO Premium plugin v22.7 (Yoast SEO v22.7) - https:\/\/yoast.com\/wordpress\/plugins\/seo\/ -->\n<title>UNO: Israels Angriffe in Syrien versto\u00dfen gegen V\u00f6lkerrecht - just-now.NEWS Deutschland<\/title>\n<meta name=\"robots\" content=\"index, follow, max-snippet:-1, max-image-preview:large, max-video-preview:-1\" \/>\n<link rel=\"canonical\" href=\"https:\/\/now-news.de\/de\/deutschland\/uno-israels-angriffe-in-syrien-verstossen-gegen-voelkerrecht\/\" \/>\n<meta property=\"og:locale\" content=\"de_DE\" \/>\n<meta property=\"og:type\" content=\"article\" \/>\n<meta property=\"og:title\" content=\"UNO: Israels Angriffe in Syrien versto\u00dfen gegen V\u00f6lkerrecht\" \/>\n<meta property=\"og:description\" content=\"Es gibt laut UNO absolut keine v\u00f6lkerrechtliche Grundlage, um ein Land, das man nicht mag, pr\u00e4ventiv zu entwaffnen. Alles, was die syrische Armee \u00fcber Jahrzehnte gehalten und aufgebaut hat, wurde in den vergangenen Tagen durch israelische Luftangriffe zerst\u00f6rt. Die israelischen Angriffe auf Syrien nach dem Sturz des dortigen\u00a0Pr\u00e4sidenten Baschar Assad versto\u00dfen nach Angaben von UN-Experten [&hellip;]\" \/>\n<meta property=\"og:url\" content=\"https:\/\/now-news.de\/de\/deutschland\/uno-israels-angriffe-in-syrien-verstossen-gegen-voelkerrecht\/\" \/>\n<meta property=\"og:site_name\" content=\"just-now.NEWS Deutschland\" \/>\n<meta property=\"article:publisher\" content=\"https:\/\/www.facebook.com\/wirmachenauf\" \/>\n<meta property=\"article:published_time\" content=\"2024-12-12T14:44:58+00:00\" \/>\n<meta property=\"og:image\" content=\"https:\/\/now-news.de\/de\/wp-content\/uploads\/sites\/3\/2024\/12\/675ab25d48fbef72d9022393.jpg\" \/>\n<meta name=\"author\" content=\"rtnews\" \/>\n<meta name=\"twitter:card\" content=\"summary_large_image\" \/>\n<meta name=\"twitter:creator\" content=\"@WirMachenAuf_de\" \/>\n<meta name=\"twitter:site\" content=\"@WirMachenAuf_de\" \/>\n<meta name=\"twitter:label1\" content=\"Verfasst von\" \/>\n\t<meta name=\"twitter:data1\" content=\"rtnews\" \/>\n\t<meta name=\"twitter:label2\" content=\"Gesch\u00e4tzte Lesezeit\" \/>\n\t<meta name=\"twitter:data2\" content=\"2\u00a0Minuten\" \/>\n<script type=\"application\/ld+json\" class=\"yoast-schema-graph\">{\"@context\":\"https:\/\/schema.org\",\"@graph\":[{\"@type\":\"Article\",\"@id\":\"https:\/\/now-news.de\/de\/deutschland\/uno-israels-angriffe-in-syrien-verstossen-gegen-voelkerrecht\/#article\",\"isPartOf\":{\"@id\":\"https:\/\/now-news.de\/de\/deutschland\/uno-israels-angriffe-in-syrien-verstossen-gegen-voelkerrecht\/\"},\"author\":{\"name\":\"rtnews\",\"@id\":\"https:\/\/now-news.de\/de\/#\/schema\/person\/fb534a4e865501d8b3285208df34a9b5\"},\"headline\":\"UNO: Israels Angriffe in Syrien versto\u00dfen gegen V\u00f6lkerrecht\",\"datePublished\":\"2024-12-12T14:44:58+00:00\",\"dateModified\":\"2024-12-12T14:44:58+00:00\",\"mainEntityOfPage\":{\"@id\":\"https:\/\/now-news.de\/de\/deutschland\/uno-israels-angriffe-in-syrien-verstossen-gegen-voelkerrecht\/\"},\"wordCount\":313,\"commentCount\":0,\"publisher\":{\"@id\":\"https:\/\/now-news.de\/de\/#organization\"},\"image\":{\"@id\":\"https:\/\/now-news.de\/de\/deutschland\/uno-israels-angriffe-in-syrien-verstossen-gegen-voelkerrecht\/#primaryimage\"},\"thumbnailUrl\":\"https:\/\/now-news.de\/de\/wp-content\/uploads\/sites\/3\/2024\/12\/UNO-Israels-Angriffe-in-Syrien-verstossen-gegen-Voelkerrecht.jpg\",\"keywords\":[\"Angriffe\",\"gegen\",\"Israels\",\"Syrien\",\"Uno\",\"versto\u00dfen\",\"V\u00f6lkerrecht\"],\"articleSection\":[\"Deutschland\",\"Russland\"],\"inLanguage\":\"de\",\"potentialAction\":[{\"@type\":\"CommentAction\",\"name\":\"Comment\",\"target\":[\"https:\/\/now-news.de\/de\/deutschland\/uno-israels-angriffe-in-syrien-verstossen-gegen-voelkerrecht\/#respond\"]}]},{\"@type\":\"WebPage\",\"@id\":\"https:\/\/now-news.de\/de\/deutschland\/uno-israels-angriffe-in-syrien-verstossen-gegen-voelkerrecht\/\",\"url\":\"https:\/\/now-news.de\/de\/deutschland\/uno-israels-angriffe-in-syrien-verstossen-gegen-voelkerrecht\/\",\"name\":\"UNO: Israels Angriffe in Syrien versto\u00dfen gegen V\u00f6lkerrecht - just-now.NEWS Deutschland\",\"isPartOf\":{\"@id\":\"https:\/\/now-news.de\/de\/#website\"},\"primaryImageOfPage\":{\"@id\":\"https:\/\/now-news.de\/de\/deutschland\/uno-israels-angriffe-in-syrien-verstossen-gegen-voelkerrecht\/#primaryimage\"},\"image\":{\"@id\":\"https:\/\/now-news.de\/de\/deutschland\/uno-israels-angriffe-in-syrien-verstossen-gegen-voelkerrecht\/#primaryimage\"},\"thumbnailUrl\":\"https:\/\/now-news.de\/de\/wp-content\/uploads\/sites\/3\/2024\/12\/UNO-Israels-Angriffe-in-Syrien-verstossen-gegen-Voelkerrecht.jpg\",\"datePublished\":\"2024-12-12T14:44:58+00:00\",\"dateModified\":\"2024-12-12T14:44:58+00:00\",\"breadcrumb\":{\"@id\":\"https:\/\/now-news.de\/de\/deutschland\/uno-israels-angriffe-in-syrien-verstossen-gegen-voelkerrecht\/#breadcrumb\"},\"inLanguage\":\"de\",\"potentialAction\":[{\"@type\":\"ReadAction\",\"target\":[\"https:\/\/now-news.de\/de\/deutschland\/uno-israels-angriffe-in-syrien-verstossen-gegen-voelkerrecht\/\"]}]},{\"@type\":\"ImageObject\",\"inLanguage\":\"de\",\"@id\":\"https:\/\/now-news.de\/de\/deutschland\/uno-israels-angriffe-in-syrien-verstossen-gegen-voelkerrecht\/#primaryimage\",\"url\":\"https:\/\/now-news.de\/de\/wp-content\/uploads\/sites\/3\/2024\/12\/UNO-Israels-Angriffe-in-Syrien-verstossen-gegen-Voelkerrecht.jpg\",\"contentUrl\":\"https:\/\/now-news.de\/de\/wp-content\/uploads\/sites\/3\/2024\/12\/UNO-Israels-Angriffe-in-Syrien-verstossen-gegen-Voelkerrecht.jpg\",\"width\":460,\"height\":259,\"caption\":\"UNO: Israels Angriffe in Syrien versto\u00dfen gegen V\u00f6lkerrecht\"},{\"@type\":\"BreadcrumbList\",\"@id\":\"https:\/\/now-news.de\/de\/deutschland\/uno-israels-angriffe-in-syrien-verstossen-gegen-voelkerrecht\/#breadcrumb\",\"itemListElement\":[{\"@type\":\"ListItem\",\"position\":1,\"name\":\"Home\",\"item\":\"https:\/\/now-news.de\/de\/\"},{\"@type\":\"ListItem\",\"position\":2,\"name\":\"UNO: Israels Angriffe in Syrien versto\u00dfen gegen V\u00f6lkerrecht\"}]},{\"@type\":\"WebSite\",\"@id\":\"https:\/\/now-news.de\/de\/#website\",\"url\":\"https:\/\/now-news.de\/de\/\",\"name\":\"just-now.NEWS Deutschland\",\"description\":\"Das Portal f\u00fcr unzensierte Nachrichten aus der Welt\",\"publisher\":{\"@id\":\"https:\/\/now-news.de\/de\/#organization\"},\"potentialAction\":[{\"@type\":\"SearchAction\",\"target\":{\"@type\":\"EntryPoint\",\"urlTemplate\":\"https:\/\/now-news.de\/de\/?s={search_term_string}\"},\"query-input\":\"required name=search_term_string\"}],\"inLanguage\":\"de\"},{\"@type\":\"Organization\",\"@id\":\"https:\/\/now-news.de\/de\/#organization\",\"name\":\"Just Now News\",\"url\":\"https:\/\/now-news.de\/de\/\",\"logo\":{\"@type\":\"ImageObject\",\"inLanguage\":\"de\",\"@id\":\"https:\/\/now-news.de\/de\/#\/schema\/logo\/image\/\",\"url\":\"http:\/\/just-now.news\/de\/wp-content\/uploads\/sites\/3\/2022\/04\/logo500x500.jpg\",\"contentUrl\":\"http:\/\/just-now.news\/de\/wp-content\/uploads\/sites\/3\/2022\/04\/logo500x500.jpg\",\"width\":500,\"height\":500,\"caption\":\"Just Now News\"},\"image\":{\"@id\":\"https:\/\/now-news.de\/de\/#\/schema\/logo\/image\/\"},\"sameAs\":[\"https:\/\/www.facebook.com\/wirmachenauf\",\"https:\/\/x.com\/WirMachenAuf_de\"]},{\"@type\":\"Person\",\"@id\":\"https:\/\/now-news.de\/de\/#\/schema\/person\/fb534a4e865501d8b3285208df34a9b5\",\"name\":\"rtnews\",\"image\":{\"@type\":\"ImageObject\",\"inLanguage\":\"de\",\"@id\":\"https:\/\/now-news.de\/de\/#\/schema\/person\/image\/\",\"url\":\"https:\/\/secure.gravatar.com\/avatar\/82aafea7d8127119dd649515f56e2117?s=96&d=mm&r=g\",\"contentUrl\":\"https:\/\/secure.gravatar.com\/avatar\/82aafea7d8127119dd649515f56e2117?s=96&d=mm&r=g\",\"caption\":\"rtnews\"},\"url\":\"https:\/\/now-news.de\/de\/author\/rnews\/\"}]}<\/script>\n<!-- \/ Yoast SEO Premium plugin. -->","yoast_head_json":{"title":"UNO: Israels Angriffe in Syrien versto\u00dfen gegen V\u00f6lkerrecht - just-now.NEWS Deutschland","robots":{"index":"index","follow":"follow","max-snippet":"max-snippet:-1","max-image-preview":"max-image-preview:large","max-video-preview":"max-video-preview:-1"},"canonical":"https:\/\/now-news.de\/de\/deutschland\/uno-israels-angriffe-in-syrien-verstossen-gegen-voelkerrecht\/","og_locale":"de_DE","og_type":"article","og_title":"UNO: Israels Angriffe in Syrien versto\u00dfen gegen V\u00f6lkerrecht","og_description":"Es gibt laut UNO absolut keine v\u00f6lkerrechtliche Grundlage, um ein Land, das man nicht mag, pr\u00e4ventiv zu entwaffnen. Alles, was die syrische Armee \u00fcber Jahrzehnte gehalten und aufgebaut hat, wurde in den vergangenen Tagen durch israelische Luftangriffe zerst\u00f6rt. Die israelischen Angriffe auf Syrien nach dem Sturz des dortigen\u00a0Pr\u00e4sidenten Baschar Assad versto\u00dfen nach Angaben von UN-Experten [&hellip;]","og_url":"https:\/\/now-news.de\/de\/deutschland\/uno-israels-angriffe-in-syrien-verstossen-gegen-voelkerrecht\/","og_site_name":"just-now.NEWS Deutschland","article_publisher":"https:\/\/www.facebook.com\/wirmachenauf","article_published_time":"2024-12-12T14:44:58+00:00","og_image":[{"url":"https:\/\/now-news.de\/de\/wp-content\/uploads\/sites\/3\/2024\/12\/675ab25d48fbef72d9022393.jpg"}],"author":"rtnews","twitter_card":"summary_large_image","twitter_creator":"@WirMachenAuf_de","twitter_site":"@WirMachenAuf_de","twitter_misc":{"Verfasst von":"rtnews","Gesch\u00e4tzte Lesezeit":"2\u00a0Minuten"},"schema":{"@context":"https:\/\/schema.org","@graph":[{"@type":"Article","@id":"https:\/\/now-news.de\/de\/deutschland\/uno-israels-angriffe-in-syrien-verstossen-gegen-voelkerrecht\/#article","isPartOf":{"@id":"https:\/\/now-news.de\/de\/deutschland\/uno-israels-angriffe-in-syrien-verstossen-gegen-voelkerrecht\/"},"author":{"name":"rtnews","@id":"https:\/\/now-news.de\/de\/#\/schema\/person\/fb534a4e865501d8b3285208df34a9b5"},"headline":"UNO: Israels Angriffe in Syrien versto\u00dfen gegen V\u00f6lkerrecht","datePublished":"2024-12-12T14:44:58+00:00","dateModified":"2024-12-12T14:44:58+00:00","mainEntityOfPage":{"@id":"https:\/\/now-news.de\/de\/deutschland\/uno-israels-angriffe-in-syrien-verstossen-gegen-voelkerrecht\/"},"wordCount":313,"commentCount":0,"publisher":{"@id":"https:\/\/now-news.de\/de\/#organization"},"image":{"@id":"https:\/\/now-news.de\/de\/deutschland\/uno-israels-angriffe-in-syrien-verstossen-gegen-voelkerrecht\/#primaryimage"},"thumbnailUrl":"https:\/\/now-news.de\/de\/wp-content\/uploads\/sites\/3\/2024\/12\/UNO-Israels-Angriffe-in-Syrien-verstossen-gegen-Voelkerrecht.jpg","keywords":["Angriffe","gegen","Israels","Syrien","Uno","versto\u00dfen","V\u00f6lkerrecht"],"articleSection":["Deutschland","Russland"],"inLanguage":"de","potentialAction":[{"@type":"CommentAction","name":"Comment","target":["https:\/\/now-news.de\/de\/deutschland\/uno-israels-angriffe-in-syrien-verstossen-gegen-voelkerrecht\/#respond"]}]},{"@type":"WebPage","@id":"https:\/\/now-news.de\/de\/deutschland\/uno-israels-angriffe-in-syrien-verstossen-gegen-voelkerrecht\/","url":"https:\/\/now-news.de\/de\/deutschland\/uno-israels-angriffe-in-syrien-verstossen-gegen-voelkerrecht\/","name":"UNO: Israels Angriffe in Syrien versto\u00dfen gegen V\u00f6lkerrecht - just-now.NEWS Deutschland","isPartOf":{"@id":"https:\/\/now-news.de\/de\/#website"},"primaryImageOfPage":{"@id":"https:\/\/now-news.de\/de\/deutschland\/uno-israels-angriffe-in-syrien-verstossen-gegen-voelkerrecht\/#primaryimage"},"image":{"@id":"https:\/\/now-news.de\/de\/deutschland\/uno-israels-angriffe-in-syrien-verstossen-gegen-voelkerrecht\/#primaryimage"},"thumbnailUrl":"https:\/\/now-news.de\/de\/wp-content\/uploads\/sites\/3\/2024\/12\/UNO-Israels-Angriffe-in-Syrien-verstossen-gegen-Voelkerrecht.jpg","datePublished":"2024-12-12T14:44:58+00:00","dateModified":"2024-12-12T14:44:58+00:00","breadcrumb":{"@id":"https:\/\/now-news.de\/de\/deutschland\/uno-israels-angriffe-in-syrien-verstossen-gegen-voelkerrecht\/#breadcrumb"},"inLanguage":"de","potentialAction":[{"@type":"ReadAction","target":["https:\/\/now-news.de\/de\/deutschland\/uno-israels-angriffe-in-syrien-verstossen-gegen-voelkerrecht\/"]}]},{"@type":"ImageObject","inLanguage":"de","@id":"https:\/\/now-news.de\/de\/deutschland\/uno-israels-angriffe-in-syrien-verstossen-gegen-voelkerrecht\/#primaryimage","url":"https:\/\/now-news.de\/de\/wp-content\/uploads\/sites\/3\/2024\/12\/UNO-Israels-Angriffe-in-Syrien-verstossen-gegen-Voelkerrecht.jpg","contentUrl":"https:\/\/now-news.de\/de\/wp-content\/uploads\/sites\/3\/2024\/12\/UNO-Israels-Angriffe-in-Syrien-verstossen-gegen-Voelkerrecht.jpg","width":460,"height":259,"caption":"UNO: Israels Angriffe in Syrien versto\u00dfen gegen V\u00f6lkerrecht"},{"@type":"BreadcrumbList","@id":"https:\/\/now-news.de\/de\/deutschland\/uno-israels-angriffe-in-syrien-verstossen-gegen-voelkerrecht\/#breadcrumb","itemListElement":[{"@type":"ListItem","position":1,"name":"Home","item":"https:\/\/now-news.de\/de\/"},{"@type":"ListItem","position":2,"name":"UNO: Israels Angriffe in Syrien versto\u00dfen gegen V\u00f6lkerrecht"}]},{"@type":"WebSite","@id":"https:\/\/now-news.de\/de\/#website","url":"https:\/\/now-news.de\/de\/","name":"just-now.NEWS Deutschland","description":"Das Portal f\u00fcr unzensierte Nachrichten aus der Welt","publisher":{"@id":"https:\/\/now-news.de\/de\/#organization"},"potentialAction":[{"@type":"SearchAction","target":{"@type":"EntryPoint","urlTemplate":"https:\/\/now-news.de\/de\/?s={search_term_string}"},"query-input":"required name=search_term_string"}],"inLanguage":"de"},{"@type":"Organization","@id":"https:\/\/now-news.de\/de\/#organization","name":"Just Now News","url":"https:\/\/now-news.de\/de\/","logo":{"@type":"ImageObject","inLanguage":"de","@id":"https:\/\/now-news.de\/de\/#\/schema\/logo\/image\/","url":"http:\/\/just-now.news\/de\/wp-content\/uploads\/sites\/3\/2022\/04\/logo500x500.jpg","contentUrl":"http:\/\/just-now.news\/de\/wp-content\/uploads\/sites\/3\/2022\/04\/logo500x500.jpg","width":500,"height":500,"caption":"Just Now News"},"image":{"@id":"https:\/\/now-news.de\/de\/#\/schema\/logo\/image\/"},"sameAs":["https:\/\/www.facebook.com\/wirmachenauf","https:\/\/x.com\/WirMachenAuf_de"]},{"@type":"Person","@id":"https:\/\/now-news.de\/de\/#\/schema\/person\/fb534a4e865501d8b3285208df34a9b5","name":"rtnews","image":{"@type":"ImageObject","inLanguage":"de","@id":"https:\/\/now-news.de\/de\/#\/schema\/person\/image\/","url":"https:\/\/secure.gravatar.com\/avatar\/82aafea7d8127119dd649515f56e2117?s=96&d=mm&r=g","contentUrl":"https:\/\/secure.gravatar.com\/avatar\/82aafea7d8127119dd649515f56e2117?s=96&d=mm&r=g","caption":"rtnews"},"url":"https:\/\/now-news.de\/de\/author\/rnews\/"}]}},"_links":{"self":[{"href":"https:\/\/now-news.de\/de\/wp-json\/wp\/v2\/posts\/74353"}],"collection":[{"href":"https:\/\/now-news.de\/de\/wp-json\/wp\/v2\/posts"}],"about":[{"href":"https:\/\/now-news.de\/de\/wp-json\/wp\/v2\/types\/post"}],"author":[{"embeddable":true,"href":"https:\/\/now-news.de\/de\/wp-json\/wp\/v2\/users\/3"}],"replies":[{"embeddable":true,"href":"https:\/\/now-news.de\/de\/wp-json\/wp\/v2\/comments?post=74353"}],"version-history":[{"count":0,"href":"https:\/\/now-news.de\/de\/wp-json\/wp\/v2\/posts\/74353\/revisions"}],"wp:featuredmedia":[{"embeddable":true,"href":"https:\/\/now-news.de\/de\/wp-json\/wp\/v2\/media\/74354"}],"wp:attachment":[{"href":"https:\/\/now-news.de\/de\/wp-json\/wp\/v2\/media?parent=74353"}],"wp:term":[{"taxonomy":"category","embeddable":true,"href":"https:\/\/now-news.de\/de\/wp-json\/wp\/v2\/categories?post=74353"},{"taxonomy":"post_tag","embeddable":true,"href":"https:\/\/now-news.de\/de\/wp-json\/wp\/v2\/tags?post=74353"}],"curies":[{"name":"wp","href":"https:\/\/api.w.org\/{rel}","templated":true}]}}